{"id":168267,"date":"2026-03-17T21:36:51","date_gmt":"2026-03-17T20:36:51","guid":{"rendered":"https:\/\/www.bellunopress.it\/?p=168267"},"modified":"2026-03-17T21:39:44","modified_gmt":"2026-03-17T20:39:44","slug":"idroelettrico-sul-vajont-bortoluzzi-risponde-a-futura-nessun-silenzio-ma-rigore-tecnico-prima-le-integrazioni-poi-il-parere-sul-vajont-non-si-scherza","status":"publish","type":"post","link":"https:\/\/www.bellunopress.it\/fr\/2026\/03\/17\/idroelettrico-sul-vajont-bortoluzzi-risponde-a-futura-nessun-silenzio-ma-rigore-tecnico-prima-le-integrazioni-poi-il-parere-sul-vajont-non-si-scherza\/","title":{"rendered":"Idroelettrico sul Vajont, Bortoluzzi risponde a Futura: \u201cNessun silenzio, ma rigore tecnico. Prima le integrazioni, poi il parere: sul Vajont non si scherza\u201d"},"content":{"rendered":"<p>Belluno, 17\/03\/2026 \u2013 \u201cDire che la Provincia \u00e8 rimasta in silenzio sul progetto idroelettrico \u2018Welly Red\u2019 \u00e8 un\u2019affermazione tecnicamente infondata e politicamente strumentale. La nostra non \u00e8 inerzia, ma una scelta procedurale precisa: non si possono presentare osservazioni serie su un progetto che, allo stato attuale, presenta lacune<br \/>\ndocumentali enormi.\u201d<\/p>\n<p>Cos\u00ec Massimo Bortoluzzi, Consigliere delegato al Demanio Idrico della Provincia di Belluno, risponde alle critiche del Gruppo Futura apparse sulla stampa locale in merito alla derivazione sul torrente Vajont tra Erto e Casso (PN) e Longarone (BL).<\/p>\n<p><strong>La strategia della Provincia: prima i dati, poi il parere<\/strong><\/p>\n<p>Bortoluzzi chiarisce l\u2019iter in corso: \u201cAbbiamo formalmente richiesto una massiccia serie di integrazioni documentali. \u00c8 un atto necessario: la Regione Friuli Venezia Giulia ha giustamente attivato i propri enti, ma le nostre osservazioni effettive non possono prescindere dall\u2019esame della documentazione integrativa che il proponente deve ancora depositare. Solo con il quadro completo redigeremo il parere della Provincia, che<br \/>\navr\u00e0 una valenza amministrativa decisiva. Presentare osservazioni oggi, su carte incomplete, significherebbe fare un lavoro a met\u00e0. Noi invece vogliamo vederci chiaro su tutto.\u201d<\/p>\n<p><strong>Le criticit\u00e0 sollevate: sicurezza, ambiente e memoria storica<\/strong><br \/>\nLa Provincia di Belluno ha messo sul tavolo punti pesantissimi che la societ\u00e0 Welly Red srl dovr\u00e0 chiarire:<br \/>\n\u2022 Sicurezza Geologica (P4): \u201cL\u2019opera ricade in un\u2019area a pericolosit\u00e0 geologica molto elevata. Abbiamo preteso analisi approfondite sulla stabilit\u00e0 dei versanti e delle singole strutture. Non permetteremo che la realizzazione di una pista di cantiere, seppur temporanea, comprometta l\u2019assetto idrogeologico di un\u2019area cos\u00ec fragile.\u201d<br \/>\n\u2022 Dati Idrologici Obsoleti: \u201cLe stime della societ\u00e0 si fermano al 2014. Abbiamo chiesto i dati aggiornati a oggi per capire quanta acqua ci sia realmente e se il progetto sia sostenibile.\u201d<br \/>\n\u2022 Interferenze e Viabilit\u00e0: \u201cC\u2019\u00e8 un altro progetto idroelettrico pi\u00f9 a valle (CEB srl). Vogliamo sapere come interagiranno i due impianti, non solo a regime, ma anche durante i cantieri, per evitare che il traffico pesante mandi in tilt la viabilit\u00e0 di Longarone.\u201d<br \/>\n\u2022 Memoria Storica: \u201cAi sensi del Codice dell\u2019Ambiente, abbiamo chiesto una valutazione dell\u2019impatto rispetto al valore storico e culturale del Vajont. Il 9 ottobre 1963 non \u00e8 una data che si pu\u00f2 dimenticare o ignorare in una relazione tecnica.\u201d<\/p>\n<p><strong>Un monitoraggio costante<\/strong><br \/>\n\u201cAbbiamo chiesto alla Regione Friuli Venezia Giulia di essere costantemente aggiornati su ogni deposito documentale,\u201d conclude Bortoluzzi. \u201cLa tutela del nostro territorio e dei cittadini di Longarone non passa per i proclami sui giornali, ma per un\u2019azione amministrativa ferma e competente. Saremo vigili e pronti a esprimere tutte le nostre riserve non appena la societ\u00e0 avr\u00e0 il coraggio di presentare i dati che abbiamo<br \/>\nrichiesto. Sul Vajont, l\u2019integrit\u00e0 dell\u2019ambiente e la sicurezza non sono in vendita.\u201d<\/p>","protected":false},"excerpt":{"rendered":"<p>Belluno, 17\/03\/2026 \u2013 \u201cDire che la Provincia \u00e8 rimasta in silenzio sul progetto idroelettrico \u2018Welly Red\u2019 \u00e8 un\u2019affermazione tecnicamente infondata e politicamente strumentale. La nostra non \u00e8 inerzia, ma una scelta procedurale precisa: non si possono presentare osservazioni serie su un progetto che, allo stato attuale, presenta lacune documentali enormi.\u201d Cos\u00ec Massimo Bortoluzzi, Consigliere delegato [&hellip;]<\/p>\n","protected":false},"author":2,"featured_media":152663,"comment_status":"closed","ping_status":"open","sticky":false,"template":"","format":"standard","meta":{"footnotes":""},"categories":[5,26],"tags":[],"class_list":["post-168267","post","type-post","status-publish","format-standard","has-post-thumbnail","category-cronaca","category-prima-pagina"],"yoast_head":"<!-- This site is optimized with the Yoast SEO plugin v28.4 - https:\/\/yoast.com\/product\/yoast-seo-wordpress\/ -->\n<title>Idroelettrico sul Vajont, Bortoluzzi risponde a Futura: \u201cNessun silenzio, ma rigore tecnico. Prima le integrazioni, poi il parere: sul Vajont non si scherza\u201d - Bellunopress - Dolomiti<\/title>\n<meta name=\"robots\" content=\"index, follow, max-snippet:-1, max-image-preview:large, max-video-preview:-1\" \/>\n<link rel=\"canonical\" href=\"https:\/\/www.bellunopress.it\/fr\/2026\/03\/17\/idroelettrico-sul-vajont-bortoluzzi-risponde-a-futura-nessun-silenzio-ma-rigore-tecnico-prima-le-integrazioni-poi-il-parere-sul-vajont-non-si-scherza\/\" \/>\n<meta property=\"og:locale\" content=\"fr_FR\" \/>\n<meta property=\"og:type\" content=\"article\" \/>\n<meta property=\"og:title\" content=\"Idroelettrico sul Vajont, Bortoluzzi risponde a Futura: \u201cNessun silenzio, ma rigore tecnico. Prima le integrazioni, poi il parere: sul Vajont non si scherza\u201d - Bellunopress - Dolomiti\" \/>\n<meta property=\"og:description\" content=\"Belluno, 17\/03\/2026 \u2013 \u201cDire che la Provincia \u00e8 rimasta in silenzio sul progetto idroelettrico \u2018Welly Red\u2019 \u00e8 un\u2019affermazione tecnicamente infondata e politicamente strumentale. La nostra non \u00e8 inerzia, ma una scelta procedurale precisa: non si possono presentare osservazioni serie su un progetto che, allo stato attuale, presenta lacune documentali enormi.\u201d Cos\u00ec Massimo Bortoluzzi, Consigliere delegato [&hellip;]\" \/>\n<meta property=\"og:url\" content=\"https:\/\/www.bellunopress.it\/fr\/2026\/03\/17\/idroelettrico-sul-vajont-bortoluzzi-risponde-a-futura-nessun-silenzio-ma-rigore-tecnico-prima-le-integrazioni-poi-il-parere-sul-vajont-non-si-scherza\/\" \/>\n<meta property=\"og:site_name\" content=\"Bellunopress - Dolomiti\" \/>\n<meta property=\"article:publisher\" content=\"https:\/\/www.facebook.com\/profile.php?id=100008943462799\" \/>\n<meta property=\"article:published_time\" content=\"2026-03-17T20:36:51+00:00\" \/>\n<meta property=\"article:modified_time\" content=\"2026-03-17T20:39:44+00:00\" \/>\n<meta property=\"og:image\" content=\"https:\/\/www.bellunopress.it\/wp-content\/uploads\/2024\/07\/Massimo-Bortoluzzi-consigloiere-provinciale.jpg\" \/>\n\t<meta property=\"og:image:width\" content=\"643\" \/>\n\t<meta property=\"og:image:height\" content=\"491\" \/>\n\t<meta property=\"og:image:type\" content=\"image\/jpeg\" \/>\n<meta name=\"author\" content=\"redazione\" \/>\n<meta name=\"twitter:card\" content=\"summary_large_image\" \/>\n<meta name=\"twitter:creator\" content=\"@bellunopress\" \/>\n<meta name=\"twitter:site\" content=\"@bellunopress\" \/>\n<meta name=\"twitter:label1\" content=\"\u00c9crit par\" \/>\n\t<meta name=\"twitter:data1\" content=\"redazione\" \/>\n\t<meta name=\"twitter:label2\" content=\"Dur\u00e9e de lecture estim\u00e9e\" \/>\n\t<meta name=\"twitter:data2\" content=\"2 minutes\" \/>\n<script type=\"application\/ld+json\" class=\"yoast-schema-graph\">{\"@context\":\"https:\\\/\\\/schema.org\",\"@graph\":[{\"@type\":\"Article\",\"@id\":\"https:\\\/\\\/www.bellunopress.it\\\/2026\\\/03\\\/17\\\/idroelettrico-sul-vajont-bortoluzzi-risponde-a-futura-nessun-silenzio-ma-rigore-tecnico-prima-le-integrazioni-poi-il-parere-sul-vajont-non-si-scherza\\\/#article\",\"isPartOf\":{\"@id\":\"https:\\\/\\\/www.bellunopress.it\\\/2026\\\/03\\\/17\\\/idroelettrico-sul-vajont-bortoluzzi-risponde-a-futura-nessun-silenzio-ma-rigore-tecnico-prima-le-integrazioni-poi-il-parere-sul-vajont-non-si-scherza\\\/\"},\"author\":{\"name\":\"redazione\",\"@id\":\"https:\\\/\\\/www.bellunopress.it\\\/#\\\/schema\\\/person\\\/79bb06722b37ece1c03d3e94beb30d73\"},\"headline\":\"Idroelettrico sul Vajont, Bortoluzzi risponde a Futura: \u201cNessun silenzio, ma rigore tecnico. Prima le integrazioni, poi il parere: sul Vajont non si scherza\u201d\",\"datePublished\":\"2026-03-17T20:36:51+00:00\",\"dateModified\":\"2026-03-17T20:39:44+00:00\",\"mainEntityOfPage\":{\"@id\":\"https:\\\/\\\/www.bellunopress.it\\\/2026\\\/03\\\/17\\\/idroelettrico-sul-vajont-bortoluzzi-risponde-a-futura-nessun-silenzio-ma-rigore-tecnico-prima-le-integrazioni-poi-il-parere-sul-vajont-non-si-scherza\\\/\"},\"wordCount\":463,\"publisher\":{\"@id\":\"https:\\\/\\\/www.bellunopress.it\\\/#organization\"},\"image\":{\"@id\":\"https:\\\/\\\/www.bellunopress.it\\\/2026\\\/03\\\/17\\\/idroelettrico-sul-vajont-bortoluzzi-risponde-a-futura-nessun-silenzio-ma-rigore-tecnico-prima-le-integrazioni-poi-il-parere-sul-vajont-non-si-scherza\\\/#primaryimage\"},\"thumbnailUrl\":\"https:\\\/\\\/www.bellunopress.it\\\/wp-content\\\/uploads\\\/2024\\\/07\\\/Massimo-Bortoluzzi-consigloiere-provinciale.jpg\",\"articleSection\":[\"Cronaca\\\/Politica\",\"Prima Pagina\"],\"inLanguage\":\"fr-FR\"},{\"@type\":\"WebPage\",\"@id\":\"https:\\\/\\\/www.bellunopress.it\\\/2026\\\/03\\\/17\\\/idroelettrico-sul-vajont-bortoluzzi-risponde-a-futura-nessun-silenzio-ma-rigore-tecnico-prima-le-integrazioni-poi-il-parere-sul-vajont-non-si-scherza\\\/\",\"url\":\"https:\\\/\\\/www.bellunopress.it\\\/2026\\\/03\\\/17\\\/idroelettrico-sul-vajont-bortoluzzi-risponde-a-futura-nessun-silenzio-ma-rigore-tecnico-prima-le-integrazioni-poi-il-parere-sul-vajont-non-si-scherza\\\/\",\"name\":\"Idroelettrico sul Vajont, Bortoluzzi risponde a Futura: \u201cNessun silenzio, ma rigore tecnico. Prima le integrazioni, poi il parere: sul Vajont non si scherza\u201d - Bellunopress - Dolomiti\",\"isPartOf\":{\"@id\":\"https:\\\/\\\/www.bellunopress.it\\\/#website\"},\"primaryImageOfPage\":{\"@id\":\"https:\\\/\\\/www.bellunopress.it\\\/2026\\\/03\\\/17\\\/idroelettrico-sul-vajont-bortoluzzi-risponde-a-futura-nessun-silenzio-ma-rigore-tecnico-prima-le-integrazioni-poi-il-parere-sul-vajont-non-si-scherza\\\/#primaryimage\"},\"image\":{\"@id\":\"https:\\\/\\\/www.bellunopress.it\\\/2026\\\/03\\\/17\\\/idroelettrico-sul-vajont-bortoluzzi-risponde-a-futura-nessun-silenzio-ma-rigore-tecnico-prima-le-integrazioni-poi-il-parere-sul-vajont-non-si-scherza\\\/#primaryimage\"},\"thumbnailUrl\":\"https:\\\/\\\/www.bellunopress.it\\\/wp-content\\\/uploads\\\/2024\\\/07\\\/Massimo-Bortoluzzi-consigloiere-provinciale.jpg\",\"datePublished\":\"2026-03-17T20:36:51+00:00\",\"dateModified\":\"2026-03-17T20:39:44+00:00\",\"breadcrumb\":{\"@id\":\"https:\\\/\\\/www.bellunopress.it\\\/2026\\\/03\\\/17\\\/idroelettrico-sul-vajont-bortoluzzi-risponde-a-futura-nessun-silenzio-ma-rigore-tecnico-prima-le-integrazioni-poi-il-parere-sul-vajont-non-si-scherza\\\/#breadcrumb\"},\"inLanguage\":\"fr-FR\",\"potentialAction\":[{\"@type\":\"ReadAction\",\"target\":[\"https:\\\/\\\/www.bellunopress.it\\\/2026\\\/03\\\/17\\\/idroelettrico-sul-vajont-bortoluzzi-risponde-a-futura-nessun-silenzio-ma-rigore-tecnico-prima-le-integrazioni-poi-il-parere-sul-vajont-non-si-scherza\\\/\"]}]},{\"@type\":\"ImageObject\",\"inLanguage\":\"fr-FR\",\"@id\":\"https:\\\/\\\/www.bellunopress.it\\\/2026\\\/03\\\/17\\\/idroelettrico-sul-vajont-bortoluzzi-risponde-a-futura-nessun-silenzio-ma-rigore-tecnico-prima-le-integrazioni-poi-il-parere-sul-vajont-non-si-scherza\\\/#primaryimage\",\"url\":\"https:\\\/\\\/www.bellunopress.it\\\/wp-content\\\/uploads\\\/2024\\\/07\\\/Massimo-Bortoluzzi-consigloiere-provinciale.jpg\",\"contentUrl\":\"https:\\\/\\\/www.bellunopress.it\\\/wp-content\\\/uploads\\\/2024\\\/07\\\/Massimo-Bortoluzzi-consigloiere-provinciale.jpg\",\"width\":643,\"height\":491,\"caption\":\"Massimo Bortoluzzi, gi\u00e0 consigliere provinciale delegato al Demanio idrico e Trasporti, Protezione civile e Difesa del suolo\"},{\"@type\":\"BreadcrumbList\",\"@id\":\"https:\\\/\\\/www.bellunopress.it\\\/2026\\\/03\\\/17\\\/idroelettrico-sul-vajont-bortoluzzi-risponde-a-futura-nessun-silenzio-ma-rigore-tecnico-prima-le-integrazioni-poi-il-parere-sul-vajont-non-si-scherza\\\/#breadcrumb\",\"itemListElement\":[{\"@type\":\"ListItem\",\"position\":1,\"name\":\"Home\",\"item\":\"https:\\\/\\\/www.bellunopress.it\\\/\"},{\"@type\":\"ListItem\",\"position\":2,\"name\":\"Idroelettrico sul Vajont, Bortoluzzi risponde a Futura: \u201cNessun silenzio, ma rigore tecnico. Prima le integrazioni, poi il parere: sul Vajont non si scherza\u201d\"}]},{\"@type\":\"WebSite\",\"@id\":\"https:\\\/\\\/www.bellunopress.it\\\/#website\",\"url\":\"https:\\\/\\\/www.bellunopress.it\\\/\",\"name\":\"Bellunopress - Dolomiti\",\"description\":\"e-mail: redazione@bellunopress.it\",\"publisher\":{\"@id\":\"https:\\\/\\\/www.bellunopress.it\\\/#organization\"},\"potentialAction\":[{\"@type\":\"SearchAction\",\"target\":{\"@type\":\"EntryPoint\",\"urlTemplate\":\"https:\\\/\\\/www.bellunopress.it\\\/?s={search_term_string}\"},\"query-input\":{\"@type\":\"PropertyValueSpecification\",\"valueRequired\":true,\"valueName\":\"search_term_string\"}}],\"inLanguage\":\"fr-FR\"},{\"@type\":\"Organization\",\"@id\":\"https:\\\/\\\/www.bellunopress.it\\\/#organization\",\"name\":\"Bellunopress\",\"url\":\"https:\\\/\\\/www.bellunopress.it\\\/\",\"logo\":{\"@type\":\"ImageObject\",\"inLanguage\":\"fr-FR\",\"@id\":\"https:\\\/\\\/www.bellunopress.it\\\/#\\\/schema\\\/logo\\\/image\\\/\",\"url\":\"https:\\\/\\\/www.bellunopress.it\\\/wp-content\\\/uploads\\\/2011\\\/05\\\/cropped-logo-bellunopress-.jpg\",\"contentUrl\":\"https:\\\/\\\/www.bellunopress.it\\\/wp-content\\\/uploads\\\/2011\\\/05\\\/cropped-logo-bellunopress-.jpg\",\"width\":512,\"height\":512,\"caption\":\"Bellunopress\"},\"image\":{\"@id\":\"https:\\\/\\\/www.bellunopress.it\\\/#\\\/schema\\\/logo\\\/image\\\/\"},\"sameAs\":[\"https:\\\/\\\/www.facebook.com\\\/profile.php?id=100008943462799\",\"https:\\\/\\\/x.com\\\/bellunopress\",\"https:\\\/\\\/www.linkedin.com\\\/hp\\\/?dnr=JBzUWaJfMUw8vbXJJ2tVW5-I3jZKvC4wsoxE&amp;amp;amp;amp;amp;amp;trk=nav_responsive_tab_home\",\"https:\\\/\\\/www.youtube.com\\\/channel\\\/UCxL0wu1uN0_3_7hGG0306cw\"]},{\"@type\":\"Person\",\"@id\":\"https:\\\/\\\/www.bellunopress.it\\\/#\\\/schema\\\/person\\\/79bb06722b37ece1c03d3e94beb30d73\",\"name\":\"redazione\",\"image\":{\"@type\":\"ImageObject\",\"inLanguage\":\"fr-FR\",\"@id\":\"https:\\\/\\\/secure.gravatar.com\\\/avatar\\\/37d968a2e67a6fd04c169c4bdef102d0bc5d31b2546345219e348575eb80e9a0?s=96&d=mm&r=g\",\"url\":\"https:\\\/\\\/secure.gravatar.com\\\/avatar\\\/37d968a2e67a6fd04c169c4bdef102d0bc5d31b2546345219e348575eb80e9a0?s=96&d=mm&r=g\",\"contentUrl\":\"https:\\\/\\\/secure.gravatar.com\\\/avatar\\\/37d968a2e67a6fd04c169c4bdef102d0bc5d31b2546345219e348575eb80e9a0?s=96&d=mm&r=g\",\"caption\":\"redazione\"},\"sameAs\":[\"http:\\\/\\\/www.bellunopress.it\",\"https:\\\/\\\/x.com\\\/bellunopress\"],\"url\":\"https:\\\/\\\/www.bellunopress.it\\\/fr\\\/author\\\/redazione\\\/\"}]}<\/script>\n<!-- \/ Yoast SEO plugin. -->","yoast_head_json":{"title":"Idroelettrico sul Vajont, Bortoluzzi risponde a Futura: \u201cNessun silenzio, ma rigore tecnico. Prima le integrazioni, poi il parere: sul Vajont non si scherza\u201d - Bellunopress - Dolomiti","robots":{"index":"index","follow":"follow","max-snippet":"max-snippet:-1","max-image-preview":"max-image-preview:large","max-video-preview":"max-video-preview:-1"},"canonical":"https:\/\/www.bellunopress.it\/fr\/2026\/03\/17\/idroelettrico-sul-vajont-bortoluzzi-risponde-a-futura-nessun-silenzio-ma-rigore-tecnico-prima-le-integrazioni-poi-il-parere-sul-vajont-non-si-scherza\/","og_locale":"fr_FR","og_type":"article","og_title":"Idroelettrico sul Vajont, Bortoluzzi risponde a Futura: \u201cNessun silenzio, ma rigore tecnico. Prima le integrazioni, poi il parere: sul Vajont non si scherza\u201d - Bellunopress - Dolomiti","og_description":"Belluno, 17\/03\/2026 \u2013 \u201cDire che la Provincia \u00e8 rimasta in silenzio sul progetto idroelettrico \u2018Welly Red\u2019 \u00e8 un\u2019affermazione tecnicamente infondata e politicamente strumentale. La nostra non \u00e8 inerzia, ma una scelta procedurale precisa: non si possono presentare osservazioni serie su un progetto che, allo stato attuale, presenta lacune documentali enormi.\u201d Cos\u00ec Massimo Bortoluzzi, Consigliere delegato [&hellip;]","og_url":"https:\/\/www.bellunopress.it\/fr\/2026\/03\/17\/idroelettrico-sul-vajont-bortoluzzi-risponde-a-futura-nessun-silenzio-ma-rigore-tecnico-prima-le-integrazioni-poi-il-parere-sul-vajont-non-si-scherza\/","og_site_name":"Bellunopress - Dolomiti","article_publisher":"https:\/\/www.facebook.com\/profile.php?id=100008943462799","article_published_time":"2026-03-17T20:36:51+00:00","article_modified_time":"2026-03-17T20:39:44+00:00","og_image":[{"width":643,"height":491,"url":"https:\/\/www.bellunopress.it\/wp-content\/uploads\/2024\/07\/Massimo-Bortoluzzi-consigloiere-provinciale.jpg","type":"image\/jpeg"}],"author":"redazione","twitter_card":"summary_large_image","twitter_creator":"@bellunopress","twitter_site":"@bellunopress","twitter_misc":{"\u00c9crit par":"redazione","Dur\u00e9e de lecture estim\u00e9e":"2 minutes"},"schema":{"@context":"https:\/\/schema.org","@graph":[{"@type":"Article","@id":"https:\/\/www.bellunopress.it\/2026\/03\/17\/idroelettrico-sul-vajont-bortoluzzi-risponde-a-futura-nessun-silenzio-ma-rigore-tecnico-prima-le-integrazioni-poi-il-parere-sul-vajont-non-si-scherza\/#article","isPartOf":{"@id":"https:\/\/www.bellunopress.it\/2026\/03\/17\/idroelettrico-sul-vajont-bortoluzzi-risponde-a-futura-nessun-silenzio-ma-rigore-tecnico-prima-le-integrazioni-poi-il-parere-sul-vajont-non-si-scherza\/"},"author":{"name":"redazione","@id":"https:\/\/www.bellunopress.it\/#\/schema\/person\/79bb06722b37ece1c03d3e94beb30d73"},"headline":"Idroelettrico sul Vajont, Bortoluzzi risponde a Futura: \u201cNessun silenzio, ma rigore tecnico. Prima le integrazioni, poi il parere: sul Vajont non si scherza\u201d","datePublished":"2026-03-17T20:36:51+00:00","dateModified":"2026-03-17T20:39:44+00:00","mainEntityOfPage":{"@id":"https:\/\/www.bellunopress.it\/2026\/03\/17\/idroelettrico-sul-vajont-bortoluzzi-risponde-a-futura-nessun-silenzio-ma-rigore-tecnico-prima-le-integrazioni-poi-il-parere-sul-vajont-non-si-scherza\/"},"wordCount":463,"publisher":{"@id":"https:\/\/www.bellunopress.it\/#organization"},"image":{"@id":"https:\/\/www.bellunopress.it\/2026\/03\/17\/idroelettrico-sul-vajont-bortoluzzi-risponde-a-futura-nessun-silenzio-ma-rigore-tecnico-prima-le-integrazioni-poi-il-parere-sul-vajont-non-si-scherza\/#primaryimage"},"thumbnailUrl":"https:\/\/www.bellunopress.it\/wp-content\/uploads\/2024\/07\/Massimo-Bortoluzzi-consigloiere-provinciale.jpg","articleSection":["Cronaca\/Politica","Prima Pagina"],"inLanguage":"fr-FR"},{"@type":"WebPage","@id":"https:\/\/www.bellunopress.it\/2026\/03\/17\/idroelettrico-sul-vajont-bortoluzzi-risponde-a-futura-nessun-silenzio-ma-rigore-tecnico-prima-le-integrazioni-poi-il-parere-sul-vajont-non-si-scherza\/","url":"https:\/\/www.bellunopress.it\/2026\/03\/17\/idroelettrico-sul-vajont-bortoluzzi-risponde-a-futura-nessun-silenzio-ma-rigore-tecnico-prima-le-integrazioni-poi-il-parere-sul-vajont-non-si-scherza\/","name":"Idroelettrico sul Vajont, Bortoluzzi risponde a Futura: \u201cNessun silenzio, ma rigore tecnico. Prima le integrazioni, poi il parere: sul Vajont non si scherza\u201d - Bellunopress - Dolomiti","isPartOf":{"@id":"https:\/\/www.bellunopress.it\/#website"},"primaryImageOfPage":{"@id":"https:\/\/www.bellunopress.it\/2026\/03\/17\/idroelettrico-sul-vajont-bortoluzzi-risponde-a-futura-nessun-silenzio-ma-rigore-tecnico-prima-le-integrazioni-poi-il-parere-sul-vajont-non-si-scherza\/#primaryimage"},"image":{"@id":"https:\/\/www.bellunopress.it\/2026\/03\/17\/idroelettrico-sul-vajont-bortoluzzi-risponde-a-futura-nessun-silenzio-ma-rigore-tecnico-prima-le-integrazioni-poi-il-parere-sul-vajont-non-si-scherza\/#primaryimage"},"thumbnailUrl":"https:\/\/www.bellunopress.it\/wp-content\/uploads\/2024\/07\/Massimo-Bortoluzzi-consigloiere-provinciale.jpg","datePublished":"2026-03-17T20:36:51+00:00","dateModified":"2026-03-17T20:39:44+00:00","breadcrumb":{"@id":"https:\/\/www.bellunopress.it\/2026\/03\/17\/idroelettrico-sul-vajont-bortoluzzi-risponde-a-futura-nessun-silenzio-ma-rigore-tecnico-prima-le-integrazioni-poi-il-parere-sul-vajont-non-si-scherza\/#breadcrumb"},"inLanguage":"fr-FR","potentialAction":[{"@type":"ReadAction","target":["https:\/\/www.bellunopress.it\/2026\/03\/17\/idroelettrico-sul-vajont-bortoluzzi-risponde-a-futura-nessun-silenzio-ma-rigore-tecnico-prima-le-integrazioni-poi-il-parere-sul-vajont-non-si-scherza\/"]}]},{"@type":"ImageObject","inLanguage":"fr-FR","@id":"https:\/\/www.bellunopress.it\/2026\/03\/17\/idroelettrico-sul-vajont-bortoluzzi-risponde-a-futura-nessun-silenzio-ma-rigore-tecnico-prima-le-integrazioni-poi-il-parere-sul-vajont-non-si-scherza\/#primaryimage","url":"https:\/\/www.bellunopress.it\/wp-content\/uploads\/2024\/07\/Massimo-Bortoluzzi-consigloiere-provinciale.jpg","contentUrl":"https:\/\/www.bellunopress.it\/wp-content\/uploads\/2024\/07\/Massimo-Bortoluzzi-consigloiere-provinciale.jpg","width":643,"height":491,"caption":"Massimo Bortoluzzi, gi\u00e0 consigliere provinciale delegato al Demanio idrico e Trasporti, Protezione civile e Difesa del suolo"},{"@type":"BreadcrumbList","@id":"https:\/\/www.bellunopress.it\/2026\/03\/17\/idroelettrico-sul-vajont-bortoluzzi-risponde-a-futura-nessun-silenzio-ma-rigore-tecnico-prima-le-integrazioni-poi-il-parere-sul-vajont-non-si-scherza\/#breadcrumb","itemListElement":[{"@type":"ListItem","position":1,"name":"Home","item":"https:\/\/www.bellunopress.it\/"},{"@type":"ListItem","position":2,"name":"Idroelettrico sul Vajont, Bortoluzzi risponde a Futura: \u201cNessun silenzio, ma rigore tecnico. Prima le integrazioni, poi il parere: sul Vajont non si scherza\u201d"}]},{"@type":"WebSite","@id":"https:\/\/www.bellunopress.it\/#website","url":"https:\/\/www.bellunopress.it\/","name":"Bellunopress - Dolomiti","description":"e-mail: redazione@bellunopress.it","publisher":{"@id":"https:\/\/www.bellunopress.it\/#organization"},"potentialAction":[{"@type":"SearchAction","target":{"@type":"EntryPoint","urlTemplate":"https:\/\/www.bellunopress.it\/?s={search_term_string}"},"query-input":{"@type":"PropertyValueSpecification","valueRequired":true,"valueName":"search_term_string"}}],"inLanguage":"fr-FR"},{"@type":"Organization","@id":"https:\/\/www.bellunopress.it\/#organization","name":"Bellunopress","url":"https:\/\/www.bellunopress.it\/","logo":{"@type":"ImageObject","inLanguage":"fr-FR","@id":"https:\/\/www.bellunopress.it\/#\/schema\/logo\/image\/","url":"https:\/\/www.bellunopress.it\/wp-content\/uploads\/2011\/05\/cropped-logo-bellunopress-.jpg","contentUrl":"https:\/\/www.bellunopress.it\/wp-content\/uploads\/2011\/05\/cropped-logo-bellunopress-.jpg","width":512,"height":512,"caption":"Bellunopress"},"image":{"@id":"https:\/\/www.bellunopress.it\/#\/schema\/logo\/image\/"},"sameAs":["https:\/\/www.facebook.com\/profile.php?id=100008943462799","https:\/\/x.com\/bellunopress","https:\/\/www.linkedin.com\/hp\/?dnr=JBzUWaJfMUw8vbXJJ2tVW5-I3jZKvC4wsoxE&amp;amp;amp;amp;amp;amp;trk=nav_responsive_tab_home","https:\/\/www.youtube.com\/channel\/UCxL0wu1uN0_3_7hGG0306cw"]},{"@type":"Person","@id":"https:\/\/www.bellunopress.it\/#\/schema\/person\/79bb06722b37ece1c03d3e94beb30d73","name":"r\u00e9daction","image":{"@type":"ImageObject","inLanguage":"fr-FR","@id":"https:\/\/secure.gravatar.com\/avatar\/37d968a2e67a6fd04c169c4bdef102d0bc5d31b2546345219e348575eb80e9a0?s=96&d=mm&r=g","url":"https:\/\/secure.gravatar.com\/avatar\/37d968a2e67a6fd04c169c4bdef102d0bc5d31b2546345219e348575eb80e9a0?s=96&d=mm&r=g","contentUrl":"https:\/\/secure.gravatar.com\/avatar\/37d968a2e67a6fd04c169c4bdef102d0bc5d31b2546345219e348575eb80e9a0?s=96&d=mm&r=g","caption":"redazione"},"sameAs":["http:\/\/www.bellunopress.it","https:\/\/x.com\/bellunopress"],"url":"https:\/\/www.bellunopress.it\/fr\/author\/redazione\/"}]}},"_links":{"self":[{"href":"https:\/\/www.bellunopress.it\/fr\/wp-json\/wp\/v2\/posts\/168267","targetHints":{"allow":["GET"]}}],"collection":[{"href":"https:\/\/www.bellunopress.it\/fr\/wp-json\/wp\/v2\/posts"}],"about":[{"href":"https:\/\/www.bellunopress.it\/fr\/wp-json\/wp\/v2\/types\/post"}],"author":[{"embeddable":true,"href":"https:\/\/www.bellunopress.it\/fr\/wp-json\/wp\/v2\/users\/2"}],"replies":[{"embeddable":true,"href":"https:\/\/www.bellunopress.it\/fr\/wp-json\/wp\/v2\/comments?post=168267"}],"version-history":[{"count":1,"href":"https:\/\/www.bellunopress.it\/fr\/wp-json\/wp\/v2\/posts\/168267\/revisions"}],"predecessor-version":[{"id":168268,"href":"https:\/\/www.bellunopress.it\/fr\/wp-json\/wp\/v2\/posts\/168267\/revisions\/168268"}],"wp:featuredmedia":[{"embeddable":true,"href":"https:\/\/www.bellunopress.it\/fr\/wp-json\/wp\/v2\/media\/152663"}],"wp:attachment":[{"href":"https:\/\/www.bellunopress.it\/fr\/wp-json\/wp\/v2\/media?parent=168267"}],"wp:term":[{"taxonomy":"category","embeddable":true,"href":"https:\/\/www.bellunopress.it\/fr\/wp-json\/wp\/v2\/categories?post=168267"},{"taxonomy":"post_tag","embeddable":true,"href":"https:\/\/www.bellunopress.it\/fr\/wp-json\/wp\/v2\/tags?post=168267"}],"curies":[{"name":"wp","href":"https:\/\/api.w.org\/{rel}","templated":true}]}}