{"id":168265,"date":"2026-03-17T21:27:49","date_gmt":"2026-03-17T20:27:49","guid":{"rendered":"https:\/\/www.bellunopress.it\/?p=168265"},"modified":"2026-03-17T21:27:49","modified_gmt":"2026-03-17T20:27:49","slug":"nogare-al-buio-blackout-totale-per-due-sere-il-capofrazione-daniele-sicurezza-a-rischio","status":"publish","type":"post","link":"https:\/\/www.bellunopress.it\/fr\/2026\/03\/17\/nogare-al-buio-blackout-totale-per-due-sere-il-capofrazione-daniele-sicurezza-a-rischio\/","title":{"rendered":"Nogar\u00e8 al buio: blackout totale per due sere. Il capofrazione Daniele: &#8220;Sicurezza a rischio&#8221;"},"content":{"rendered":"<p data-path-to-node=\"3\">Belluno, 17\/03\/2026\u00a0\u2013 Interi isolati immersi nell&#8217;oscurit\u00e0 gi\u00e0 dalle otto di sera. Il quartiere di Nogar\u00e8 ha vissuto due serate consecutive di emergenza, luned\u00ec 16 e marted\u00ec 17 marzo, a causa di un esteso guasto alla rete di illuminazione pubblica. Il blackout, che ha interessato quasi ogni via della zona, ha riacceso le polemiche sulla gestione del servizio e sulla sicurezza urbana.<\/p>\n<h3 data-path-to-node=\"4\">La mappa del buio<\/h3>\n<p data-path-to-node=\"5\">A sollevare il caso \u00e8 il capofrazione Luigi Filippo Daniele, che dopo numerose segnalazioni dei residenti ha effettuato un sopralluogo per documentare il disservizio. L&#8217;elenco delle strade colpite \u00e8 lungo: via Alpago Novello, piazzale della Resistenza, via del Plebiscito, via Ceccati, via Bettio, via della Dia e l&#8217;intera estensione di via Nogar\u00e8, oltre al parco del Millennium.<\/p>\n<p data-path-to-node=\"6\">\u00abL&#8217;unica strada rimasta illuminata \u00e8 via Calbo\u00bb, spiega Daniele. \u00abPer il resto, il quartiere \u00e8 piombato nel buio pesto in un orario in cui la gente circola ancora regolarmente. \u00c8 inaccettabile\u00bb.<\/p>\n<h3 data-path-to-node=\"7\">Allarme sicurezza e precedenti<\/h3>\n<p data-path-to-node=\"8\">Il problema non \u00e8 solo una questione di decoro, ma di incolumit\u00e0. Daniele punta il dito sulla pericolosit\u00e0 di alcune arterie: \u00abIn via Nogar\u00e8 mancano marciapiedi e infrastrutture per pedoni e ciclisti; senza luce, il rischio di incidenti aumenta drasticamente\u00bb. A questo si aggiunge il timore per la microcriminalit\u00e0: dopo l&#8217;ondata di furti che ha colpito il quartiere lo scorso autunno, la mancanza di lampioni viene percepita come un invito a nozze per i malintenzionati.<\/p>\n<p data-path-to-node=\"9\">Il capofrazione ricorda inoltre che non si tratta di un caso isolato: gi\u00e0 a gennaio blackout simili avevano colpito via Vittorio Veneto e via Medaglie d\u2019Oro, mentre numerose segnalazioni inviate a febbraio per singoli punti luce spenti (in via Giorgetti e via della Lucia) sarebbero rimaste inevase.<\/p>\n<h3 data-path-to-node=\"10\">L&#8217;affondo contro il Comune: &#8220;Si applichino le penali<\/h3>\n<p data-path-to-node=\"11\">Al centro della critica c&#8217;\u00e8 il rapporto tra il Comune di Belluno e il gestore del servizio, Edison Next Government (nell&#8217;ambito dell&#8217;accordo Consip). Daniele, dopo un accesso agli atti, richiama l&#8217;amministrazione ai propri doveri di controllo.<\/p>\n<blockquote data-path-to-node=\"12\">\n<h6 style=\"text-align: left;\" data-path-to-node=\"12,0\">\u00abIl contratto parla chiaro: il gestore deve intervenire entro 24 o 48 ore dalla segnalazione. Se non lo fa, il Comune ha il potere e il dovere di applicare sanzioni. Chiediamo fermezza: l&#8217;illuminazione non \u00e8 un optional, ma un servizio essenziale pagato dai cittadini.\u00bb<\/h6>\n<\/blockquote>\n<p data-path-to-node=\"13\">L&#8217;accusa politica \u00e8 diretta: mentre la citt\u00e0 discute gi\u00e0 della scelta &#8220;discutibile&#8221; di spegnere i lampioni dopo le due di notte per il risparmio energetico, trovarsi al buio alle 20:00 rappresenta, per il capofrazione, un segnale di degrado che la citt\u00e0 capoluogo non pu\u00f2 permettersi.<\/p>","protected":false},"excerpt":{"rendered":"<p>Belluno, 17\/03\/2026\u00a0\u2013 Interi isolati immersi nell&#8217;oscurit\u00e0 gi\u00e0 dalle otto di sera. Il quartiere di Nogar\u00e8 ha vissuto due serate consecutive di emergenza, luned\u00ec 16 e marted\u00ec 17 marzo, a causa di un esteso guasto alla rete di illuminazione pubblica. Il blackout, che ha interessato quasi ogni via della zona, ha riacceso le polemiche sulla gestione [&hellip;]<\/p>\n","protected":false},"author":2,"featured_media":154261,"comment_status":"closed","ping_status":"open","sticky":false,"template":"","format":"standard","meta":{"footnotes":""},"categories":[5,26,8],"tags":[],"class_list":["post-168265","post","type-post","status-publish","format-standard","has-post-thumbnail","category-cronaca","category-prima-pagina","category-societa-istituzioni"],"yoast_head":"<!-- This site is optimized with the Yoast SEO plugin v28.4 - https:\/\/yoast.com\/product\/yoast-seo-wordpress\/ -->\n<title>Nogar\u00e8 al buio: blackout totale per due sere. Il capofrazione Daniele: &quot;Sicurezza a rischio&quot; - Bellunopress - Dolomiti<\/title>\n<meta name=\"robots\" content=\"index, follow, max-snippet:-1, max-image-preview:large, max-video-preview:-1\" \/>\n<link rel=\"canonical\" href=\"https:\/\/www.bellunopress.it\/fr\/2026\/03\/17\/nogare-al-buio-blackout-totale-per-due-sere-il-capofrazione-daniele-sicurezza-a-rischio\/\" \/>\n<meta property=\"og:locale\" content=\"fr_FR\" \/>\n<meta property=\"og:type\" content=\"article\" \/>\n<meta property=\"og:title\" content=\"Nogar\u00e8 al buio: blackout totale per due sere. Il capofrazione Daniele: &quot;Sicurezza a rischio&quot; - Bellunopress - Dolomiti\" \/>\n<meta property=\"og:description\" content=\"Belluno, 17\/03\/2026\u00a0\u2013 Interi isolati immersi nell&#8217;oscurit\u00e0 gi\u00e0 dalle otto di sera. Il quartiere di Nogar\u00e8 ha vissuto due serate consecutive di emergenza, luned\u00ec 16 e marted\u00ec 17 marzo, a causa di un esteso guasto alla rete di illuminazione pubblica. Il blackout, che ha interessato quasi ogni via della zona, ha riacceso le polemiche sulla gestione [&hellip;]\" \/>\n<meta property=\"og:url\" content=\"https:\/\/www.bellunopress.it\/fr\/2026\/03\/17\/nogare-al-buio-blackout-totale-per-due-sere-il-capofrazione-daniele-sicurezza-a-rischio\/\" \/>\n<meta property=\"og:site_name\" content=\"Bellunopress - Dolomiti\" \/>\n<meta property=\"article:publisher\" content=\"https:\/\/www.facebook.com\/profile.php?id=100008943462799\" \/>\n<meta property=\"article:published_time\" content=\"2026-03-17T20:27:49+00:00\" \/>\n<meta property=\"og:image\" content=\"https:\/\/www.bellunopress.it\/wp-content\/uploads\/2024\/09\/Luigi-Filippo-Daniele.jpg\" \/>\n\t<meta property=\"og:image:width\" content=\"1000\" \/>\n\t<meta property=\"og:image:height\" content=\"813\" \/>\n\t<meta property=\"og:image:type\" content=\"image\/jpeg\" \/>\n<meta name=\"author\" content=\"redazione\" \/>\n<meta name=\"twitter:card\" content=\"summary_large_image\" \/>\n<meta name=\"twitter:creator\" content=\"@bellunopress\" \/>\n<meta name=\"twitter:site\" content=\"@bellunopress\" \/>\n<meta name=\"twitter:label1\" content=\"\u00c9crit par\" \/>\n\t<meta name=\"twitter:data1\" content=\"redazione\" \/>\n\t<meta name=\"twitter:label2\" content=\"Dur\u00e9e de lecture estim\u00e9e\" \/>\n\t<meta name=\"twitter:data2\" content=\"2 minutes\" \/>\n<script type=\"application\/ld+json\" class=\"yoast-schema-graph\">{\"@context\":\"https:\\\/\\\/schema.org\",\"@graph\":[{\"@type\":\"Article\",\"@id\":\"https:\\\/\\\/www.bellunopress.it\\\/2026\\\/03\\\/17\\\/nogare-al-buio-blackout-totale-per-due-sere-il-capofrazione-daniele-sicurezza-a-rischio\\\/#article\",\"isPartOf\":{\"@id\":\"https:\\\/\\\/www.bellunopress.it\\\/2026\\\/03\\\/17\\\/nogare-al-buio-blackout-totale-per-due-sere-il-capofrazione-daniele-sicurezza-a-rischio\\\/\"},\"author\":{\"name\":\"redazione\",\"@id\":\"https:\\\/\\\/www.bellunopress.it\\\/#\\\/schema\\\/person\\\/79bb06722b37ece1c03d3e94beb30d73\"},\"headline\":\"Nogar\u00e8 al buio: blackout totale per due sere. Il capofrazione Daniele: &#8220;Sicurezza a rischio&#8221;\",\"datePublished\":\"2026-03-17T20:27:49+00:00\",\"mainEntityOfPage\":{\"@id\":\"https:\\\/\\\/www.bellunopress.it\\\/2026\\\/03\\\/17\\\/nogare-al-buio-blackout-totale-per-due-sere-il-capofrazione-daniele-sicurezza-a-rischio\\\/\"},\"wordCount\":424,\"publisher\":{\"@id\":\"https:\\\/\\\/www.bellunopress.it\\\/#organization\"},\"image\":{\"@id\":\"https:\\\/\\\/www.bellunopress.it\\\/2026\\\/03\\\/17\\\/nogare-al-buio-blackout-totale-per-due-sere-il-capofrazione-daniele-sicurezza-a-rischio\\\/#primaryimage\"},\"thumbnailUrl\":\"https:\\\/\\\/www.bellunopress.it\\\/wp-content\\\/uploads\\\/2024\\\/09\\\/Luigi-Filippo-Daniele.jpg\",\"articleSection\":[\"Cronaca\\\/Politica\",\"Prima Pagina\",\"Societ\u00e0, Associazioni, Istituzioni\"],\"inLanguage\":\"fr-FR\"},{\"@type\":\"WebPage\",\"@id\":\"https:\\\/\\\/www.bellunopress.it\\\/2026\\\/03\\\/17\\\/nogare-al-buio-blackout-totale-per-due-sere-il-capofrazione-daniele-sicurezza-a-rischio\\\/\",\"url\":\"https:\\\/\\\/www.bellunopress.it\\\/2026\\\/03\\\/17\\\/nogare-al-buio-blackout-totale-per-due-sere-il-capofrazione-daniele-sicurezza-a-rischio\\\/\",\"name\":\"Nogar\u00e8 al buio: blackout totale per due sere. Il capofrazione Daniele: \\\"Sicurezza a rischio\\\" - Bellunopress - Dolomiti\",\"isPartOf\":{\"@id\":\"https:\\\/\\\/www.bellunopress.it\\\/#website\"},\"primaryImageOfPage\":{\"@id\":\"https:\\\/\\\/www.bellunopress.it\\\/2026\\\/03\\\/17\\\/nogare-al-buio-blackout-totale-per-due-sere-il-capofrazione-daniele-sicurezza-a-rischio\\\/#primaryimage\"},\"image\":{\"@id\":\"https:\\\/\\\/www.bellunopress.it\\\/2026\\\/03\\\/17\\\/nogare-al-buio-blackout-totale-per-due-sere-il-capofrazione-daniele-sicurezza-a-rischio\\\/#primaryimage\"},\"thumbnailUrl\":\"https:\\\/\\\/www.bellunopress.it\\\/wp-content\\\/uploads\\\/2024\\\/09\\\/Luigi-Filippo-Daniele.jpg\",\"datePublished\":\"2026-03-17T20:27:49+00:00\",\"breadcrumb\":{\"@id\":\"https:\\\/\\\/www.bellunopress.it\\\/2026\\\/03\\\/17\\\/nogare-al-buio-blackout-totale-per-due-sere-il-capofrazione-daniele-sicurezza-a-rischio\\\/#breadcrumb\"},\"inLanguage\":\"fr-FR\",\"potentialAction\":[{\"@type\":\"ReadAction\",\"target\":[\"https:\\\/\\\/www.bellunopress.it\\\/2026\\\/03\\\/17\\\/nogare-al-buio-blackout-totale-per-due-sere-il-capofrazione-daniele-sicurezza-a-rischio\\\/\"]}]},{\"@type\":\"ImageObject\",\"inLanguage\":\"fr-FR\",\"@id\":\"https:\\\/\\\/www.bellunopress.it\\\/2026\\\/03\\\/17\\\/nogare-al-buio-blackout-totale-per-due-sere-il-capofrazione-daniele-sicurezza-a-rischio\\\/#primaryimage\",\"url\":\"https:\\\/\\\/www.bellunopress.it\\\/wp-content\\\/uploads\\\/2024\\\/09\\\/Luigi-Filippo-Daniele.jpg\",\"contentUrl\":\"https:\\\/\\\/www.bellunopress.it\\\/wp-content\\\/uploads\\\/2024\\\/09\\\/Luigi-Filippo-Daniele.jpg\",\"width\":1000,\"height\":813,\"caption\":\"Luigi Filippo Daniele, capofrazione del quartiere di Baldenich (Belluno)\"},{\"@type\":\"BreadcrumbList\",\"@id\":\"https:\\\/\\\/www.bellunopress.it\\\/2026\\\/03\\\/17\\\/nogare-al-buio-blackout-totale-per-due-sere-il-capofrazione-daniele-sicurezza-a-rischio\\\/#breadcrumb\",\"itemListElement\":[{\"@type\":\"ListItem\",\"position\":1,\"name\":\"Home\",\"item\":\"https:\\\/\\\/www.bellunopress.it\\\/\"},{\"@type\":\"ListItem\",\"position\":2,\"name\":\"Nogar\u00e8 al buio: blackout totale per due sere. Il capofrazione Daniele: &#8220;Sicurezza a rischio&#8221;\"}]},{\"@type\":\"WebSite\",\"@id\":\"https:\\\/\\\/www.bellunopress.it\\\/#website\",\"url\":\"https:\\\/\\\/www.bellunopress.it\\\/\",\"name\":\"Bellunopress - Dolomiti\",\"description\":\"e-mail: redazione@bellunopress.it\",\"publisher\":{\"@id\":\"https:\\\/\\\/www.bellunopress.it\\\/#organization\"},\"potentialAction\":[{\"@type\":\"SearchAction\",\"target\":{\"@type\":\"EntryPoint\",\"urlTemplate\":\"https:\\\/\\\/www.bellunopress.it\\\/?s={search_term_string}\"},\"query-input\":{\"@type\":\"PropertyValueSpecification\",\"valueRequired\":true,\"valueName\":\"search_term_string\"}}],\"inLanguage\":\"fr-FR\"},{\"@type\":\"Organization\",\"@id\":\"https:\\\/\\\/www.bellunopress.it\\\/#organization\",\"name\":\"Bellunopress\",\"url\":\"https:\\\/\\\/www.bellunopress.it\\\/\",\"logo\":{\"@type\":\"ImageObject\",\"inLanguage\":\"fr-FR\",\"@id\":\"https:\\\/\\\/www.bellunopress.it\\\/#\\\/schema\\\/logo\\\/image\\\/\",\"url\":\"https:\\\/\\\/www.bellunopress.it\\\/wp-content\\\/uploads\\\/2011\\\/05\\\/cropped-logo-bellunopress-.jpg\",\"contentUrl\":\"https:\\\/\\\/www.bellunopress.it\\\/wp-content\\\/uploads\\\/2011\\\/05\\\/cropped-logo-bellunopress-.jpg\",\"width\":512,\"height\":512,\"caption\":\"Bellunopress\"},\"image\":{\"@id\":\"https:\\\/\\\/www.bellunopress.it\\\/#\\\/schema\\\/logo\\\/image\\\/\"},\"sameAs\":[\"https:\\\/\\\/www.facebook.com\\\/profile.php?id=100008943462799\",\"https:\\\/\\\/x.com\\\/bellunopress\",\"https:\\\/\\\/www.linkedin.com\\\/hp\\\/?dnr=JBzUWaJfMUw8vbXJJ2tVW5-I3jZKvC4wsoxE&amp;amp;amp;amp;amp;amp;trk=nav_responsive_tab_home\",\"https:\\\/\\\/www.youtube.com\\\/channel\\\/UCxL0wu1uN0_3_7hGG0306cw\"]},{\"@type\":\"Person\",\"@id\":\"https:\\\/\\\/www.bellunopress.it\\\/#\\\/schema\\\/person\\\/79bb06722b37ece1c03d3e94beb30d73\",\"name\":\"redazione\",\"image\":{\"@type\":\"ImageObject\",\"inLanguage\":\"fr-FR\",\"@id\":\"https:\\\/\\\/secure.gravatar.com\\\/avatar\\\/37d968a2e67a6fd04c169c4bdef102d0bc5d31b2546345219e348575eb80e9a0?s=96&d=mm&r=g\",\"url\":\"https:\\\/\\\/secure.gravatar.com\\\/avatar\\\/37d968a2e67a6fd04c169c4bdef102d0bc5d31b2546345219e348575eb80e9a0?s=96&d=mm&r=g\",\"contentUrl\":\"https:\\\/\\\/secure.gravatar.com\\\/avatar\\\/37d968a2e67a6fd04c169c4bdef102d0bc5d31b2546345219e348575eb80e9a0?s=96&d=mm&r=g\",\"caption\":\"redazione\"},\"sameAs\":[\"http:\\\/\\\/www.bellunopress.it\",\"https:\\\/\\\/x.com\\\/bellunopress\"],\"url\":\"https:\\\/\\\/www.bellunopress.it\\\/fr\\\/author\\\/redazione\\\/\"}]}<\/script>\n<!-- \/ Yoast SEO plugin. -->","yoast_head_json":{"title":"Nogar\u00e8 al buio: blackout totale per due sere. Il capofrazione Daniele: \"Sicurezza a rischio\" - Bellunopress - Dolomiti","robots":{"index":"index","follow":"follow","max-snippet":"max-snippet:-1","max-image-preview":"max-image-preview:large","max-video-preview":"max-video-preview:-1"},"canonical":"https:\/\/www.bellunopress.it\/fr\/2026\/03\/17\/nogare-al-buio-blackout-totale-per-due-sere-il-capofrazione-daniele-sicurezza-a-rischio\/","og_locale":"fr_FR","og_type":"article","og_title":"Nogar\u00e8 al buio: blackout totale per due sere. Il capofrazione Daniele: \"Sicurezza a rischio\" - Bellunopress - Dolomiti","og_description":"Belluno, 17\/03\/2026\u00a0\u2013 Interi isolati immersi nell&#8217;oscurit\u00e0 gi\u00e0 dalle otto di sera. Il quartiere di Nogar\u00e8 ha vissuto due serate consecutive di emergenza, luned\u00ec 16 e marted\u00ec 17 marzo, a causa di un esteso guasto alla rete di illuminazione pubblica. Il blackout, che ha interessato quasi ogni via della zona, ha riacceso le polemiche sulla gestione [&hellip;]","og_url":"https:\/\/www.bellunopress.it\/fr\/2026\/03\/17\/nogare-al-buio-blackout-totale-per-due-sere-il-capofrazione-daniele-sicurezza-a-rischio\/","og_site_name":"Bellunopress - Dolomiti","article_publisher":"https:\/\/www.facebook.com\/profile.php?id=100008943462799","article_published_time":"2026-03-17T20:27:49+00:00","og_image":[{"width":1000,"height":813,"url":"https:\/\/www.bellunopress.it\/wp-content\/uploads\/2024\/09\/Luigi-Filippo-Daniele.jpg","type":"image\/jpeg"}],"author":"redazione","twitter_card":"summary_large_image","twitter_creator":"@bellunopress","twitter_site":"@bellunopress","twitter_misc":{"\u00c9crit par":"redazione","Dur\u00e9e de lecture estim\u00e9e":"2 minutes"},"schema":{"@context":"https:\/\/schema.org","@graph":[{"@type":"Article","@id":"https:\/\/www.bellunopress.it\/2026\/03\/17\/nogare-al-buio-blackout-totale-per-due-sere-il-capofrazione-daniele-sicurezza-a-rischio\/#article","isPartOf":{"@id":"https:\/\/www.bellunopress.it\/2026\/03\/17\/nogare-al-buio-blackout-totale-per-due-sere-il-capofrazione-daniele-sicurezza-a-rischio\/"},"author":{"name":"redazione","@id":"https:\/\/www.bellunopress.it\/#\/schema\/person\/79bb06722b37ece1c03d3e94beb30d73"},"headline":"Nogar\u00e8 al buio: blackout totale per due sere. Il capofrazione Daniele: &#8220;Sicurezza a rischio&#8221;","datePublished":"2026-03-17T20:27:49+00:00","mainEntityOfPage":{"@id":"https:\/\/www.bellunopress.it\/2026\/03\/17\/nogare-al-buio-blackout-totale-per-due-sere-il-capofrazione-daniele-sicurezza-a-rischio\/"},"wordCount":424,"publisher":{"@id":"https:\/\/www.bellunopress.it\/#organization"},"image":{"@id":"https:\/\/www.bellunopress.it\/2026\/03\/17\/nogare-al-buio-blackout-totale-per-due-sere-il-capofrazione-daniele-sicurezza-a-rischio\/#primaryimage"},"thumbnailUrl":"https:\/\/www.bellunopress.it\/wp-content\/uploads\/2024\/09\/Luigi-Filippo-Daniele.jpg","articleSection":["Cronaca\/Politica","Prima Pagina","Societ\u00e0, Associazioni, Istituzioni"],"inLanguage":"fr-FR"},{"@type":"WebPage","@id":"https:\/\/www.bellunopress.it\/2026\/03\/17\/nogare-al-buio-blackout-totale-per-due-sere-il-capofrazione-daniele-sicurezza-a-rischio\/","url":"https:\/\/www.bellunopress.it\/2026\/03\/17\/nogare-al-buio-blackout-totale-per-due-sere-il-capofrazione-daniele-sicurezza-a-rischio\/","name":"Nogar\u00e8 al buio: blackout totale per due sere. Il capofrazione Daniele: \"Sicurezza a rischio\" - Bellunopress - Dolomiti","isPartOf":{"@id":"https:\/\/www.bellunopress.it\/#website"},"primaryImageOfPage":{"@id":"https:\/\/www.bellunopress.it\/2026\/03\/17\/nogare-al-buio-blackout-totale-per-due-sere-il-capofrazione-daniele-sicurezza-a-rischio\/#primaryimage"},"image":{"@id":"https:\/\/www.bellunopress.it\/2026\/03\/17\/nogare-al-buio-blackout-totale-per-due-sere-il-capofrazione-daniele-sicurezza-a-rischio\/#primaryimage"},"thumbnailUrl":"https:\/\/www.bellunopress.it\/wp-content\/uploads\/2024\/09\/Luigi-Filippo-Daniele.jpg","datePublished":"2026-03-17T20:27:49+00:00","breadcrumb":{"@id":"https:\/\/www.bellunopress.it\/2026\/03\/17\/nogare-al-buio-blackout-totale-per-due-sere-il-capofrazione-daniele-sicurezza-a-rischio\/#breadcrumb"},"inLanguage":"fr-FR","potentialAction":[{"@type":"ReadAction","target":["https:\/\/www.bellunopress.it\/2026\/03\/17\/nogare-al-buio-blackout-totale-per-due-sere-il-capofrazione-daniele-sicurezza-a-rischio\/"]}]},{"@type":"ImageObject","inLanguage":"fr-FR","@id":"https:\/\/www.bellunopress.it\/2026\/03\/17\/nogare-al-buio-blackout-totale-per-due-sere-il-capofrazione-daniele-sicurezza-a-rischio\/#primaryimage","url":"https:\/\/www.bellunopress.it\/wp-content\/uploads\/2024\/09\/Luigi-Filippo-Daniele.jpg","contentUrl":"https:\/\/www.bellunopress.it\/wp-content\/uploads\/2024\/09\/Luigi-Filippo-Daniele.jpg","width":1000,"height":813,"caption":"Luigi Filippo Daniele, capofrazione del quartiere di Baldenich (Belluno)"},{"@type":"BreadcrumbList","@id":"https:\/\/www.bellunopress.it\/2026\/03\/17\/nogare-al-buio-blackout-totale-per-due-sere-il-capofrazione-daniele-sicurezza-a-rischio\/#breadcrumb","itemListElement":[{"@type":"ListItem","position":1,"name":"Home","item":"https:\/\/www.bellunopress.it\/"},{"@type":"ListItem","position":2,"name":"Nogar\u00e8 al buio: blackout totale per due sere. Il capofrazione Daniele: &#8220;Sicurezza a rischio&#8221;"}]},{"@type":"WebSite","@id":"https:\/\/www.bellunopress.it\/#website","url":"https:\/\/www.bellunopress.it\/","name":"Bellunopress - Dolomiti","description":"e-mail: redazione@bellunopress.it","publisher":{"@id":"https:\/\/www.bellunopress.it\/#organization"},"potentialAction":[{"@type":"SearchAction","target":{"@type":"EntryPoint","urlTemplate":"https:\/\/www.bellunopress.it\/?s={search_term_string}"},"query-input":{"@type":"PropertyValueSpecification","valueRequired":true,"valueName":"search_term_string"}}],"inLanguage":"fr-FR"},{"@type":"Organization","@id":"https:\/\/www.bellunopress.it\/#organization","name":"Bellunopress","url":"https:\/\/www.bellunopress.it\/","logo":{"@type":"ImageObject","inLanguage":"fr-FR","@id":"https:\/\/www.bellunopress.it\/#\/schema\/logo\/image\/","url":"https:\/\/www.bellunopress.it\/wp-content\/uploads\/2011\/05\/cropped-logo-bellunopress-.jpg","contentUrl":"https:\/\/www.bellunopress.it\/wp-content\/uploads\/2011\/05\/cropped-logo-bellunopress-.jpg","width":512,"height":512,"caption":"Bellunopress"},"image":{"@id":"https:\/\/www.bellunopress.it\/#\/schema\/logo\/image\/"},"sameAs":["https:\/\/www.facebook.com\/profile.php?id=100008943462799","https:\/\/x.com\/bellunopress","https:\/\/www.linkedin.com\/hp\/?dnr=JBzUWaJfMUw8vbXJJ2tVW5-I3jZKvC4wsoxE&amp;amp;amp;amp;amp;amp;trk=nav_responsive_tab_home","https:\/\/www.youtube.com\/channel\/UCxL0wu1uN0_3_7hGG0306cw"]},{"@type":"Person","@id":"https:\/\/www.bellunopress.it\/#\/schema\/person\/79bb06722b37ece1c03d3e94beb30d73","name":"r\u00e9daction","image":{"@type":"ImageObject","inLanguage":"fr-FR","@id":"https:\/\/secure.gravatar.com\/avatar\/37d968a2e67a6fd04c169c4bdef102d0bc5d31b2546345219e348575eb80e9a0?s=96&d=mm&r=g","url":"https:\/\/secure.gravatar.com\/avatar\/37d968a2e67a6fd04c169c4bdef102d0bc5d31b2546345219e348575eb80e9a0?s=96&d=mm&r=g","contentUrl":"https:\/\/secure.gravatar.com\/avatar\/37d968a2e67a6fd04c169c4bdef102d0bc5d31b2546345219e348575eb80e9a0?s=96&d=mm&r=g","caption":"redazione"},"sameAs":["http:\/\/www.bellunopress.it","https:\/\/x.com\/bellunopress"],"url":"https:\/\/www.bellunopress.it\/fr\/author\/redazione\/"}]}},"_links":{"self":[{"href":"https:\/\/www.bellunopress.it\/fr\/wp-json\/wp\/v2\/posts\/168265","targetHints":{"allow":["GET"]}}],"collection":[{"href":"https:\/\/www.bellunopress.it\/fr\/wp-json\/wp\/v2\/posts"}],"about":[{"href":"https:\/\/www.bellunopress.it\/fr\/wp-json\/wp\/v2\/types\/post"}],"author":[{"embeddable":true,"href":"https:\/\/www.bellunopress.it\/fr\/wp-json\/wp\/v2\/users\/2"}],"replies":[{"embeddable":true,"href":"https:\/\/www.bellunopress.it\/fr\/wp-json\/wp\/v2\/comments?post=168265"}],"version-history":[{"count":1,"href":"https:\/\/www.bellunopress.it\/fr\/wp-json\/wp\/v2\/posts\/168265\/revisions"}],"predecessor-version":[{"id":168266,"href":"https:\/\/www.bellunopress.it\/fr\/wp-json\/wp\/v2\/posts\/168265\/revisions\/168266"}],"wp:featuredmedia":[{"embeddable":true,"href":"https:\/\/www.bellunopress.it\/fr\/wp-json\/wp\/v2\/media\/154261"}],"wp:attachment":[{"href":"https:\/\/www.bellunopress.it\/fr\/wp-json\/wp\/v2\/media?parent=168265"}],"wp:term":[{"taxonomy":"category","embeddable":true,"href":"https:\/\/www.bellunopress.it\/fr\/wp-json\/wp\/v2\/categories?post=168265"},{"taxonomy":"post_tag","embeddable":true,"href":"https:\/\/www.bellunopress.it\/fr\/wp-json\/wp\/v2\/tags?post=168265"}],"curies":[{"name":"wp","href":"https:\/\/api.w.org\/{rel}","templated":true}]}}