{"id":168262,"date":"2026-03-17T21:17:16","date_gmt":"2026-03-17T20:17:16","guid":{"rendered":"https:\/\/www.bellunopress.it\/?p=168262"},"modified":"2026-03-17T21:17:16","modified_gmt":"2026-03-17T20:17:16","slug":"taglio-alberi-in-piazzale-fani-il-pd-di-cavarzano-incalza-il-comune-subito-un-piano-per-il-verde","status":"publish","type":"post","link":"https:\/\/www.bellunopress.it\/fr\/2026\/03\/17\/taglio-alberi-in-piazzale-fani-il-pd-di-cavarzano-incalza-il-comune-subito-un-piano-per-il-verde\/","title":{"rendered":"Taglio alberi in Piazzale Fani: il PD di Cavarzano incalza il Comune. &#8220;Subito un piano per il verde&#8221;"},"content":{"rendered":"<p data-path-to-node=\"3\">Belluno, 17\/03\/2026\u00a0\u2013 Il brusco cambiamento del profilo urbano in Piazzale Vittime di via Fani, a Cavarzano, non \u00e8 passato inosservato. L\u2019intervento di abbattimento radicale delle alberature che caratterizzavano l\u2019area di sosta ha sollevato preoccupazioni immediate tra i residenti e i rappresentanti politici locali. A farsi portavoce del malumore \u00e8 il Partito Democratico Oltrardo-Cavarzano, che chiede chiarezza all&#8217;Amministrazione comunale sul futuro del quartiere.<\/p>\n<p data-path-to-node=\"5\">Pur non entrando nel merito tecnico delle condizioni delle piante, il PD solleva dubbi sulla gestione dell&#8217;intervento. \u00abPrendiamo atto del taglio, ma non possiamo accettare che il quartiere perda definitivamente il suo polmone verde\u00bb, dichiara il segretario di circolo, Christian De Pellegrin. Sebbene la sicurezza pubblica e lo stato fitosanitario siano criteri prioritari, il timore \u00e8 che l&#8217;area resti spoglia a tempo indeterminato.<\/p>\n<p data-path-to-node=\"6\">Il Partito Democratico ha indirizzato all&#8217;Amministrazione due richieste precise:<\/p>\n<ol start=\"1\" data-path-to-node=\"7\">\n<li>\n<p data-path-to-node=\"7,0,0\">La verifica tecnica: Se sia stata effettivamente redatta una perizia agronomica che attestasse l&#8217;impossibilit\u00e0 di salvare e curare gli alberi preesistenti.<\/p>\n<\/li>\n<li>\n<p data-path-to-node=\"7,1,0\">Tempi e progetti: Una cronoprogramma certo e un progetto di ripiantumazione immediata.<\/p>\n<\/li>\n<\/ol>\n<p data-path-to-node=\"9\">La preoccupazione non \u00e8 solo estetica, ma ambientale. Nel 2026, la gestione del verde urbano \u00e8 considerata una sfida cruciale contro il cambiamento climatico. Senza le fronde degli alberi, Piazzale Fani \u2013 un\u2019area adibita a parcheggio \u2013 rischia di trasformarsi in una &#8220;isola di calore&#8221; insostenibile durante i mesi estivi, con un impatto diretto sul microclima della zona e sul comfort dei cittadini.<\/p>\n<blockquote data-path-to-node=\"10\">\n<h6 style=\"text-align: left;\" data-path-to-node=\"10,0\">&#8220;Ogni abbattimento privo di un piano di sostituzione immediata va contro gli obiettivi di sostenibilit\u00e0 urbana. Cavarzano non pu\u00f2 permettersi un ulteriore impoverimento del decoro e dei servizi ambientali.&#8221; \u2014 Christian De Pellegrin, Segretario PD Oltrardo-Cavarzano<\/h6>\n<\/blockquote>\n<p data-path-to-node=\"12\">L&#8217;opposizione locale conclude il suo intervento assicurando che la questione non finir\u00e0 con l&#8217;abbattimento dei tronchi. L&#8217;impegno dichiarato \u00e8 quello di monitorare l&#8217;operato del Comune affinch\u00e9 i &#8220;buchi&#8221; lasciati nel terreno siano solo temporanei e vengano presto riempiti da nuove essenze arboree, restituendo al quartiere la sua identit\u00e0 verde.<\/p>","protected":false},"excerpt":{"rendered":"<p>Belluno, 17\/03\/2026\u00a0\u2013 Il brusco cambiamento del profilo urbano in Piazzale Vittime di via Fani, a Cavarzano, non \u00e8 passato inosservato. L\u2019intervento di abbattimento radicale delle alberature che caratterizzavano l\u2019area di sosta ha sollevato preoccupazioni immediate tra i residenti e i rappresentanti politici locali. A farsi portavoce del malumore \u00e8 il Partito Democratico Oltrardo-Cavarzano, che chiede [&hellip;]<\/p>\n","protected":false},"author":2,"featured_media":168263,"comment_status":"closed","ping_status":"open","sticky":false,"template":"","format":"standard","meta":{"footnotes":""},"categories":[5,38],"tags":[],"class_list":["post-168262","post","type-post","status-publish","format-standard","has-post-thumbnail","category-cronaca","category-natura-ambiente"],"yoast_head":"<!-- This site is optimized with the Yoast SEO plugin v28.4 - https:\/\/yoast.com\/product\/yoast-seo-wordpress\/ -->\n<title>Taglio alberi in Piazzale Fani: il PD di Cavarzano incalza il Comune. &quot;Subito un piano per il verde&quot; - Bellunopress - Dolomiti<\/title>\n<meta name=\"robots\" content=\"index, follow, max-snippet:-1, max-image-preview:large, max-video-preview:-1\" \/>\n<link rel=\"canonical\" href=\"https:\/\/www.bellunopress.it\/fr\/2026\/03\/17\/taglio-alberi-in-piazzale-fani-il-pd-di-cavarzano-incalza-il-comune-subito-un-piano-per-il-verde\/\" \/>\n<meta property=\"og:locale\" content=\"fr_FR\" \/>\n<meta property=\"og:type\" content=\"article\" \/>\n<meta property=\"og:title\" content=\"Taglio alberi in Piazzale Fani: il PD di Cavarzano incalza il Comune. &quot;Subito un piano per il verde&quot; - Bellunopress - Dolomiti\" \/>\n<meta property=\"og:description\" content=\"Belluno, 17\/03\/2026\u00a0\u2013 Il brusco cambiamento del profilo urbano in Piazzale Vittime di via Fani, a Cavarzano, non \u00e8 passato inosservato. L\u2019intervento di abbattimento radicale delle alberature che caratterizzavano l\u2019area di sosta ha sollevato preoccupazioni immediate tra i residenti e i rappresentanti politici locali. A farsi portavoce del malumore \u00e8 il Partito Democratico Oltrardo-Cavarzano, che chiede [&hellip;]\" \/>\n<meta property=\"og:url\" content=\"https:\/\/www.bellunopress.it\/fr\/2026\/03\/17\/taglio-alberi-in-piazzale-fani-il-pd-di-cavarzano-incalza-il-comune-subito-un-piano-per-il-verde\/\" \/>\n<meta property=\"og:site_name\" content=\"Bellunopress - Dolomiti\" \/>\n<meta property=\"article:publisher\" content=\"https:\/\/www.facebook.com\/profile.php?id=100008943462799\" \/>\n<meta property=\"article:published_time\" content=\"2026-03-17T20:17:16+00:00\" \/>\n<meta property=\"og:image\" content=\"https:\/\/www.bellunopress.it\/wp-content\/uploads\/2026\/03\/cavarzano-piazzale-vittime-di-via-fani.jpg\" \/>\n\t<meta property=\"og:image:width\" content=\"500\" \/>\n\t<meta property=\"og:image:height\" content=\"337\" \/>\n\t<meta property=\"og:image:type\" content=\"image\/jpeg\" \/>\n<meta name=\"author\" content=\"redazione\" \/>\n<meta name=\"twitter:card\" content=\"summary_large_image\" \/>\n<meta name=\"twitter:creator\" content=\"@bellunopress\" \/>\n<meta name=\"twitter:site\" content=\"@bellunopress\" \/>\n<meta name=\"twitter:label1\" content=\"\u00c9crit par\" \/>\n\t<meta name=\"twitter:data1\" content=\"redazione\" \/>\n\t<meta name=\"twitter:label2\" content=\"Dur\u00e9e de lecture estim\u00e9e\" \/>\n\t<meta name=\"twitter:data2\" content=\"2 minutes\" \/>\n<script type=\"application\/ld+json\" class=\"yoast-schema-graph\">{\"@context\":\"https:\\\/\\\/schema.org\",\"@graph\":[{\"@type\":\"Article\",\"@id\":\"https:\\\/\\\/www.bellunopress.it\\\/2026\\\/03\\\/17\\\/taglio-alberi-in-piazzale-fani-il-pd-di-cavarzano-incalza-il-comune-subito-un-piano-per-il-verde\\\/#article\",\"isPartOf\":{\"@id\":\"https:\\\/\\\/www.bellunopress.it\\\/2026\\\/03\\\/17\\\/taglio-alberi-in-piazzale-fani-il-pd-di-cavarzano-incalza-il-comune-subito-un-piano-per-il-verde\\\/\"},\"author\":{\"name\":\"redazione\",\"@id\":\"https:\\\/\\\/www.bellunopress.it\\\/#\\\/schema\\\/person\\\/79bb06722b37ece1c03d3e94beb30d73\"},\"headline\":\"Taglio alberi in Piazzale Fani: il PD di Cavarzano incalza il Comune. &#8220;Subito un piano per il verde&#8221;\",\"datePublished\":\"2026-03-17T20:17:16+00:00\",\"mainEntityOfPage\":{\"@id\":\"https:\\\/\\\/www.bellunopress.it\\\/2026\\\/03\\\/17\\\/taglio-alberi-in-piazzale-fani-il-pd-di-cavarzano-incalza-il-comune-subito-un-piano-per-il-verde\\\/\"},\"wordCount\":334,\"publisher\":{\"@id\":\"https:\\\/\\\/www.bellunopress.it\\\/#organization\"},\"image\":{\"@id\":\"https:\\\/\\\/www.bellunopress.it\\\/2026\\\/03\\\/17\\\/taglio-alberi-in-piazzale-fani-il-pd-di-cavarzano-incalza-il-comune-subito-un-piano-per-il-verde\\\/#primaryimage\"},\"thumbnailUrl\":\"https:\\\/\\\/www.bellunopress.it\\\/wp-content\\\/uploads\\\/2026\\\/03\\\/cavarzano-piazzale-vittime-di-via-fani.jpg\",\"articleSection\":[\"Cronaca\\\/Politica\",\"Meteo, natura, ambiente, animali\"],\"inLanguage\":\"fr-FR\"},{\"@type\":\"WebPage\",\"@id\":\"https:\\\/\\\/www.bellunopress.it\\\/2026\\\/03\\\/17\\\/taglio-alberi-in-piazzale-fani-il-pd-di-cavarzano-incalza-il-comune-subito-un-piano-per-il-verde\\\/\",\"url\":\"https:\\\/\\\/www.bellunopress.it\\\/2026\\\/03\\\/17\\\/taglio-alberi-in-piazzale-fani-il-pd-di-cavarzano-incalza-il-comune-subito-un-piano-per-il-verde\\\/\",\"name\":\"Taglio alberi in Piazzale Fani: il PD di Cavarzano incalza il Comune. \\\"Subito un piano per il verde\\\" - Bellunopress - Dolomiti\",\"isPartOf\":{\"@id\":\"https:\\\/\\\/www.bellunopress.it\\\/#website\"},\"primaryImageOfPage\":{\"@id\":\"https:\\\/\\\/www.bellunopress.it\\\/2026\\\/03\\\/17\\\/taglio-alberi-in-piazzale-fani-il-pd-di-cavarzano-incalza-il-comune-subito-un-piano-per-il-verde\\\/#primaryimage\"},\"image\":{\"@id\":\"https:\\\/\\\/www.bellunopress.it\\\/2026\\\/03\\\/17\\\/taglio-alberi-in-piazzale-fani-il-pd-di-cavarzano-incalza-il-comune-subito-un-piano-per-il-verde\\\/#primaryimage\"},\"thumbnailUrl\":\"https:\\\/\\\/www.bellunopress.it\\\/wp-content\\\/uploads\\\/2026\\\/03\\\/cavarzano-piazzale-vittime-di-via-fani.jpg\",\"datePublished\":\"2026-03-17T20:17:16+00:00\",\"breadcrumb\":{\"@id\":\"https:\\\/\\\/www.bellunopress.it\\\/2026\\\/03\\\/17\\\/taglio-alberi-in-piazzale-fani-il-pd-di-cavarzano-incalza-il-comune-subito-un-piano-per-il-verde\\\/#breadcrumb\"},\"inLanguage\":\"fr-FR\",\"potentialAction\":[{\"@type\":\"ReadAction\",\"target\":[\"https:\\\/\\\/www.bellunopress.it\\\/2026\\\/03\\\/17\\\/taglio-alberi-in-piazzale-fani-il-pd-di-cavarzano-incalza-il-comune-subito-un-piano-per-il-verde\\\/\"]}]},{\"@type\":\"ImageObject\",\"inLanguage\":\"fr-FR\",\"@id\":\"https:\\\/\\\/www.bellunopress.it\\\/2026\\\/03\\\/17\\\/taglio-alberi-in-piazzale-fani-il-pd-di-cavarzano-incalza-il-comune-subito-un-piano-per-il-verde\\\/#primaryimage\",\"url\":\"https:\\\/\\\/www.bellunopress.it\\\/wp-content\\\/uploads\\\/2026\\\/03\\\/cavarzano-piazzale-vittime-di-via-fani.jpg\",\"contentUrl\":\"https:\\\/\\\/www.bellunopress.it\\\/wp-content\\\/uploads\\\/2026\\\/03\\\/cavarzano-piazzale-vittime-di-via-fani.jpg\",\"width\":500,\"height\":337,\"caption\":\"Cavarzano (Belluno), Piazzale Vittime di via Fani\"},{\"@type\":\"BreadcrumbList\",\"@id\":\"https:\\\/\\\/www.bellunopress.it\\\/2026\\\/03\\\/17\\\/taglio-alberi-in-piazzale-fani-il-pd-di-cavarzano-incalza-il-comune-subito-un-piano-per-il-verde\\\/#breadcrumb\",\"itemListElement\":[{\"@type\":\"ListItem\",\"position\":1,\"name\":\"Home\",\"item\":\"https:\\\/\\\/www.bellunopress.it\\\/\"},{\"@type\":\"ListItem\",\"position\":2,\"name\":\"Taglio alberi in Piazzale Fani: il PD di Cavarzano incalza il Comune. &#8220;Subito un piano per il verde&#8221;\"}]},{\"@type\":\"WebSite\",\"@id\":\"https:\\\/\\\/www.bellunopress.it\\\/#website\",\"url\":\"https:\\\/\\\/www.bellunopress.it\\\/\",\"name\":\"Bellunopress - Dolomiti\",\"description\":\"e-mail: redazione@bellunopress.it\",\"publisher\":{\"@id\":\"https:\\\/\\\/www.bellunopress.it\\\/#organization\"},\"potentialAction\":[{\"@type\":\"SearchAction\",\"target\":{\"@type\":\"EntryPoint\",\"urlTemplate\":\"https:\\\/\\\/www.bellunopress.it\\\/?s={search_term_string}\"},\"query-input\":{\"@type\":\"PropertyValueSpecification\",\"valueRequired\":true,\"valueName\":\"search_term_string\"}}],\"inLanguage\":\"fr-FR\"},{\"@type\":\"Organization\",\"@id\":\"https:\\\/\\\/www.bellunopress.it\\\/#organization\",\"name\":\"Bellunopress\",\"url\":\"https:\\\/\\\/www.bellunopress.it\\\/\",\"logo\":{\"@type\":\"ImageObject\",\"inLanguage\":\"fr-FR\",\"@id\":\"https:\\\/\\\/www.bellunopress.it\\\/#\\\/schema\\\/logo\\\/image\\\/\",\"url\":\"https:\\\/\\\/www.bellunopress.it\\\/wp-content\\\/uploads\\\/2011\\\/05\\\/cropped-logo-bellunopress-.jpg\",\"contentUrl\":\"https:\\\/\\\/www.bellunopress.it\\\/wp-content\\\/uploads\\\/2011\\\/05\\\/cropped-logo-bellunopress-.jpg\",\"width\":512,\"height\":512,\"caption\":\"Bellunopress\"},\"image\":{\"@id\":\"https:\\\/\\\/www.bellunopress.it\\\/#\\\/schema\\\/logo\\\/image\\\/\"},\"sameAs\":[\"https:\\\/\\\/www.facebook.com\\\/profile.php?id=100008943462799\",\"https:\\\/\\\/x.com\\\/bellunopress\",\"https:\\\/\\\/www.linkedin.com\\\/hp\\\/?dnr=JBzUWaJfMUw8vbXJJ2tVW5-I3jZKvC4wsoxE&amp;amp;amp;amp;amp;amp;trk=nav_responsive_tab_home\",\"https:\\\/\\\/www.youtube.com\\\/channel\\\/UCxL0wu1uN0_3_7hGG0306cw\"]},{\"@type\":\"Person\",\"@id\":\"https:\\\/\\\/www.bellunopress.it\\\/#\\\/schema\\\/person\\\/79bb06722b37ece1c03d3e94beb30d73\",\"name\":\"redazione\",\"image\":{\"@type\":\"ImageObject\",\"inLanguage\":\"fr-FR\",\"@id\":\"https:\\\/\\\/secure.gravatar.com\\\/avatar\\\/37d968a2e67a6fd04c169c4bdef102d0bc5d31b2546345219e348575eb80e9a0?s=96&d=mm&r=g\",\"url\":\"https:\\\/\\\/secure.gravatar.com\\\/avatar\\\/37d968a2e67a6fd04c169c4bdef102d0bc5d31b2546345219e348575eb80e9a0?s=96&d=mm&r=g\",\"contentUrl\":\"https:\\\/\\\/secure.gravatar.com\\\/avatar\\\/37d968a2e67a6fd04c169c4bdef102d0bc5d31b2546345219e348575eb80e9a0?s=96&d=mm&r=g\",\"caption\":\"redazione\"},\"sameAs\":[\"http:\\\/\\\/www.bellunopress.it\",\"https:\\\/\\\/x.com\\\/bellunopress\"],\"url\":\"https:\\\/\\\/www.bellunopress.it\\\/fr\\\/author\\\/redazione\\\/\"}]}<\/script>\n<!-- \/ Yoast SEO plugin. -->","yoast_head_json":{"title":"Taglio alberi in Piazzale Fani: il PD di Cavarzano incalza il Comune. \"Subito un piano per il verde\" - Bellunopress - Dolomiti","robots":{"index":"index","follow":"follow","max-snippet":"max-snippet:-1","max-image-preview":"max-image-preview:large","max-video-preview":"max-video-preview:-1"},"canonical":"https:\/\/www.bellunopress.it\/fr\/2026\/03\/17\/taglio-alberi-in-piazzale-fani-il-pd-di-cavarzano-incalza-il-comune-subito-un-piano-per-il-verde\/","og_locale":"fr_FR","og_type":"article","og_title":"Taglio alberi in Piazzale Fani: il PD di Cavarzano incalza il Comune. \"Subito un piano per il verde\" - Bellunopress - Dolomiti","og_description":"Belluno, 17\/03\/2026\u00a0\u2013 Il brusco cambiamento del profilo urbano in Piazzale Vittime di via Fani, a Cavarzano, non \u00e8 passato inosservato. L\u2019intervento di abbattimento radicale delle alberature che caratterizzavano l\u2019area di sosta ha sollevato preoccupazioni immediate tra i residenti e i rappresentanti politici locali. A farsi portavoce del malumore \u00e8 il Partito Democratico Oltrardo-Cavarzano, che chiede [&hellip;]","og_url":"https:\/\/www.bellunopress.it\/fr\/2026\/03\/17\/taglio-alberi-in-piazzale-fani-il-pd-di-cavarzano-incalza-il-comune-subito-un-piano-per-il-verde\/","og_site_name":"Bellunopress - Dolomiti","article_publisher":"https:\/\/www.facebook.com\/profile.php?id=100008943462799","article_published_time":"2026-03-17T20:17:16+00:00","og_image":[{"width":500,"height":337,"url":"https:\/\/www.bellunopress.it\/wp-content\/uploads\/2026\/03\/cavarzano-piazzale-vittime-di-via-fani.jpg","type":"image\/jpeg"}],"author":"redazione","twitter_card":"summary_large_image","twitter_creator":"@bellunopress","twitter_site":"@bellunopress","twitter_misc":{"\u00c9crit par":"redazione","Dur\u00e9e de lecture estim\u00e9e":"2 minutes"},"schema":{"@context":"https:\/\/schema.org","@graph":[{"@type":"Article","@id":"https:\/\/www.bellunopress.it\/2026\/03\/17\/taglio-alberi-in-piazzale-fani-il-pd-di-cavarzano-incalza-il-comune-subito-un-piano-per-il-verde\/#article","isPartOf":{"@id":"https:\/\/www.bellunopress.it\/2026\/03\/17\/taglio-alberi-in-piazzale-fani-il-pd-di-cavarzano-incalza-il-comune-subito-un-piano-per-il-verde\/"},"author":{"name":"redazione","@id":"https:\/\/www.bellunopress.it\/#\/schema\/person\/79bb06722b37ece1c03d3e94beb30d73"},"headline":"Taglio alberi in Piazzale Fani: il PD di Cavarzano incalza il Comune. &#8220;Subito un piano per il verde&#8221;","datePublished":"2026-03-17T20:17:16+00:00","mainEntityOfPage":{"@id":"https:\/\/www.bellunopress.it\/2026\/03\/17\/taglio-alberi-in-piazzale-fani-il-pd-di-cavarzano-incalza-il-comune-subito-un-piano-per-il-verde\/"},"wordCount":334,"publisher":{"@id":"https:\/\/www.bellunopress.it\/#organization"},"image":{"@id":"https:\/\/www.bellunopress.it\/2026\/03\/17\/taglio-alberi-in-piazzale-fani-il-pd-di-cavarzano-incalza-il-comune-subito-un-piano-per-il-verde\/#primaryimage"},"thumbnailUrl":"https:\/\/www.bellunopress.it\/wp-content\/uploads\/2026\/03\/cavarzano-piazzale-vittime-di-via-fani.jpg","articleSection":["Cronaca\/Politica","Meteo, natura, ambiente, animali"],"inLanguage":"fr-FR"},{"@type":"WebPage","@id":"https:\/\/www.bellunopress.it\/2026\/03\/17\/taglio-alberi-in-piazzale-fani-il-pd-di-cavarzano-incalza-il-comune-subito-un-piano-per-il-verde\/","url":"https:\/\/www.bellunopress.it\/2026\/03\/17\/taglio-alberi-in-piazzale-fani-il-pd-di-cavarzano-incalza-il-comune-subito-un-piano-per-il-verde\/","name":"Taglio alberi in Piazzale Fani: il PD di Cavarzano incalza il Comune. \"Subito un piano per il verde\" - Bellunopress - Dolomiti","isPartOf":{"@id":"https:\/\/www.bellunopress.it\/#website"},"primaryImageOfPage":{"@id":"https:\/\/www.bellunopress.it\/2026\/03\/17\/taglio-alberi-in-piazzale-fani-il-pd-di-cavarzano-incalza-il-comune-subito-un-piano-per-il-verde\/#primaryimage"},"image":{"@id":"https:\/\/www.bellunopress.it\/2026\/03\/17\/taglio-alberi-in-piazzale-fani-il-pd-di-cavarzano-incalza-il-comune-subito-un-piano-per-il-verde\/#primaryimage"},"thumbnailUrl":"https:\/\/www.bellunopress.it\/wp-content\/uploads\/2026\/03\/cavarzano-piazzale-vittime-di-via-fani.jpg","datePublished":"2026-03-17T20:17:16+00:00","breadcrumb":{"@id":"https:\/\/www.bellunopress.it\/2026\/03\/17\/taglio-alberi-in-piazzale-fani-il-pd-di-cavarzano-incalza-il-comune-subito-un-piano-per-il-verde\/#breadcrumb"},"inLanguage":"fr-FR","potentialAction":[{"@type":"ReadAction","target":["https:\/\/www.bellunopress.it\/2026\/03\/17\/taglio-alberi-in-piazzale-fani-il-pd-di-cavarzano-incalza-il-comune-subito-un-piano-per-il-verde\/"]}]},{"@type":"ImageObject","inLanguage":"fr-FR","@id":"https:\/\/www.bellunopress.it\/2026\/03\/17\/taglio-alberi-in-piazzale-fani-il-pd-di-cavarzano-incalza-il-comune-subito-un-piano-per-il-verde\/#primaryimage","url":"https:\/\/www.bellunopress.it\/wp-content\/uploads\/2026\/03\/cavarzano-piazzale-vittime-di-via-fani.jpg","contentUrl":"https:\/\/www.bellunopress.it\/wp-content\/uploads\/2026\/03\/cavarzano-piazzale-vittime-di-via-fani.jpg","width":500,"height":337,"caption":"Cavarzano (Belluno), Piazzale Vittime di via Fani"},{"@type":"BreadcrumbList","@id":"https:\/\/www.bellunopress.it\/2026\/03\/17\/taglio-alberi-in-piazzale-fani-il-pd-di-cavarzano-incalza-il-comune-subito-un-piano-per-il-verde\/#breadcrumb","itemListElement":[{"@type":"ListItem","position":1,"name":"Home","item":"https:\/\/www.bellunopress.it\/"},{"@type":"ListItem","position":2,"name":"Taglio alberi in Piazzale Fani: il PD di Cavarzano incalza il Comune. &#8220;Subito un piano per il verde&#8221;"}]},{"@type":"WebSite","@id":"https:\/\/www.bellunopress.it\/#website","url":"https:\/\/www.bellunopress.it\/","name":"Bellunopress - Dolomiti","description":"e-mail: redazione@bellunopress.it","publisher":{"@id":"https:\/\/www.bellunopress.it\/#organization"},"potentialAction":[{"@type":"SearchAction","target":{"@type":"EntryPoint","urlTemplate":"https:\/\/www.bellunopress.it\/?s={search_term_string}"},"query-input":{"@type":"PropertyValueSpecification","valueRequired":true,"valueName":"search_term_string"}}],"inLanguage":"fr-FR"},{"@type":"Organization","@id":"https:\/\/www.bellunopress.it\/#organization","name":"Bellunopress","url":"https:\/\/www.bellunopress.it\/","logo":{"@type":"ImageObject","inLanguage":"fr-FR","@id":"https:\/\/www.bellunopress.it\/#\/schema\/logo\/image\/","url":"https:\/\/www.bellunopress.it\/wp-content\/uploads\/2011\/05\/cropped-logo-bellunopress-.jpg","contentUrl":"https:\/\/www.bellunopress.it\/wp-content\/uploads\/2011\/05\/cropped-logo-bellunopress-.jpg","width":512,"height":512,"caption":"Bellunopress"},"image":{"@id":"https:\/\/www.bellunopress.it\/#\/schema\/logo\/image\/"},"sameAs":["https:\/\/www.facebook.com\/profile.php?id=100008943462799","https:\/\/x.com\/bellunopress","https:\/\/www.linkedin.com\/hp\/?dnr=JBzUWaJfMUw8vbXJJ2tVW5-I3jZKvC4wsoxE&amp;amp;amp;amp;amp;amp;trk=nav_responsive_tab_home","https:\/\/www.youtube.com\/channel\/UCxL0wu1uN0_3_7hGG0306cw"]},{"@type":"Person","@id":"https:\/\/www.bellunopress.it\/#\/schema\/person\/79bb06722b37ece1c03d3e94beb30d73","name":"r\u00e9daction","image":{"@type":"ImageObject","inLanguage":"fr-FR","@id":"https:\/\/secure.gravatar.com\/avatar\/37d968a2e67a6fd04c169c4bdef102d0bc5d31b2546345219e348575eb80e9a0?s=96&d=mm&r=g","url":"https:\/\/secure.gravatar.com\/avatar\/37d968a2e67a6fd04c169c4bdef102d0bc5d31b2546345219e348575eb80e9a0?s=96&d=mm&r=g","contentUrl":"https:\/\/secure.gravatar.com\/avatar\/37d968a2e67a6fd04c169c4bdef102d0bc5d31b2546345219e348575eb80e9a0?s=96&d=mm&r=g","caption":"redazione"},"sameAs":["http:\/\/www.bellunopress.it","https:\/\/x.com\/bellunopress"],"url":"https:\/\/www.bellunopress.it\/fr\/author\/redazione\/"}]}},"_links":{"self":[{"href":"https:\/\/www.bellunopress.it\/fr\/wp-json\/wp\/v2\/posts\/168262","targetHints":{"allow":["GET"]}}],"collection":[{"href":"https:\/\/www.bellunopress.it\/fr\/wp-json\/wp\/v2\/posts"}],"about":[{"href":"https:\/\/www.bellunopress.it\/fr\/wp-json\/wp\/v2\/types\/post"}],"author":[{"embeddable":true,"href":"https:\/\/www.bellunopress.it\/fr\/wp-json\/wp\/v2\/users\/2"}],"replies":[{"embeddable":true,"href":"https:\/\/www.bellunopress.it\/fr\/wp-json\/wp\/v2\/comments?post=168262"}],"version-history":[{"count":1,"href":"https:\/\/www.bellunopress.it\/fr\/wp-json\/wp\/v2\/posts\/168262\/revisions"}],"predecessor-version":[{"id":168264,"href":"https:\/\/www.bellunopress.it\/fr\/wp-json\/wp\/v2\/posts\/168262\/revisions\/168264"}],"wp:featuredmedia":[{"embeddable":true,"href":"https:\/\/www.bellunopress.it\/fr\/wp-json\/wp\/v2\/media\/168263"}],"wp:attachment":[{"href":"https:\/\/www.bellunopress.it\/fr\/wp-json\/wp\/v2\/media?parent=168262"}],"wp:term":[{"taxonomy":"category","embeddable":true,"href":"https:\/\/www.bellunopress.it\/fr\/wp-json\/wp\/v2\/categories?post=168262"},{"taxonomy":"post_tag","embeddable":true,"href":"https:\/\/www.bellunopress.it\/fr\/wp-json\/wp\/v2\/tags?post=168262"}],"curies":[{"name":"wp","href":"https:\/\/api.w.org\/{rel}","templated":true}]}}