{"id":168260,"date":"2026-03-17T18:26:24","date_gmt":"2026-03-17T17:26:24","guid":{"rendered":"https:\/\/www.bellunopress.it\/?p=168260"},"modified":"2026-03-17T18:26:24","modified_gmt":"2026-03-17T17:26:24","slug":"trump-2-0-lamerica-scatenata-al-centro-del-nuovo-incontro-di-liberal-belluno","status":"publish","type":"post","link":"https:\/\/www.bellunopress.it\/fr\/2026\/03\/17\/trump-2-0-lamerica-scatenata-al-centro-del-nuovo-incontro-di-liberal-belluno\/","title":{"rendered":"Trump 2.0: l&#8217;America scatenata al centro del nuovo incontro di Liberal Belluno"},"content":{"rendered":"<p data-path-to-node=\"3\">Belluno, 17\/03\/2026\u00a0\u2013 Quali saranno le onde d\u2019urto del nuovo corso politico americano sugli equilibri globali e, soprattutto, sull&#8217;Europa? Per rispondere a questa domanda, l\u2019Associazione Liberal Belluno, guidata dalla presidente Rosalba Schenal, organizza un incontro di altissimo profilo intitolato: &#8220;Trump 2.0: America scatenata&#8221;.<\/p>\n<p data-path-to-node=\"4\"><strong>L\u2019appuntamento \u00e8 fissato per sabato 21 marzo 2026, alle ore 17:30 in\u00a0Sala Teatro del Centro Congressi in piazza Piloni a Belluno.<\/strong><\/p>\n<p data-path-to-node=\"6\">Per analizzare le sfide geopolitiche e mediatiche di questa nuova era, l&#8217;associazione ha invitato due voci autorevoli del panorama nazionale:<\/p>\n<ul data-path-to-node=\"7\">\n<li>\n<p data-path-to-node=\"7,0,0\">Germano Dottori: consigliere scientifico di <i data-path-to-node=\"7,0,0\" data-index-in-node=\"44\">Limes<\/i>, tra i massimi esperti di strategia e politica internazionale in Italia.<\/p>\n<\/li>\n<li>\n<p data-path-to-node=\"7,1,0\">Fulvio Giuliani: direttore del quotidiano <i data-path-to-node=\"7,1,0\" data-index-in-node=\"42\">La Ragione<\/i>, noto giornalista e attento osservatore delle dinamiche socio-economiche.<\/p>\n<\/li>\n<\/ul>\n<p>Modera l&#8217;incontro Franco Tosolini, ricercatore storico<\/p>\n<p data-path-to-node=\"9\">Il ritorno di Donald Trump alla Casa Bianca non \u00e8 solo un cambio di amministrazione, ma un cambio di paradigma. Dall&#8217;economia protezionistica alle nuove alleanze internazionali, l&#8217;incontro mira a decifrare cosa significhi concretamente un&#8217;America &#8220;scatenata&#8221; per le imprese italiane e per la stabilit\u00e0 del vecchio continente.<\/p>\n<blockquote data-path-to-node=\"10\">\n<ul data-path-to-node=\"10,1\">\n<li>Contatti: per ulteriori dettagli \u00e8 possibile contattare i numeri 0437 26839 oppure 336 559177.<\/li>\n<\/ul>\n<\/blockquote>\n<p data-path-to-node=\"11\">L\u2019ingresso \u00e8 aperto alla cittadinanza e a tutti coloro che desiderano approfondire i temi caldi dell&#8217;attualit\u00e0 globale con il consueto spirito critico e liberale che contraddistingue l&#8217;associazione bellunese.<\/p>","protected":false},"excerpt":{"rendered":"<p>Belluno, 17\/03\/2026\u00a0\u2013 Quali saranno le onde d\u2019urto del nuovo corso politico americano sugli equilibri globali e, soprattutto, sull&#8217;Europa? Per rispondere a questa domanda, l\u2019Associazione Liberal Belluno, guidata dalla presidente Rosalba Schenal, organizza un incontro di altissimo profilo intitolato: &#8220;Trump 2.0: America scatenata&#8221;. L\u2019appuntamento \u00e8 fissato per sabato 21 marzo 2026, alle ore 17:30 in\u00a0Sala Teatro [&hellip;]<\/p>\n","protected":false},"author":2,"featured_media":156422,"comment_status":"closed","ping_status":"open","sticky":false,"template":"","format":"standard","meta":{"footnotes":""},"categories":[27,3,25],"tags":[],"class_list":["post-168260","post","type-post","status-publish","format-standard","has-post-thumbnail","category-appuntamenti","category-arte-cultura-spettacoli-scienza-archivi","category-pausa-caffe"],"yoast_head":"<!-- This site is optimized with the Yoast SEO plugin v28.4 - https:\/\/yoast.com\/product\/yoast-seo-wordpress\/ -->\n<title>Trump 2.0: l&#039;America scatenata al centro del nuovo incontro di Liberal Belluno - Bellunopress - Dolomiti<\/title>\n<meta name=\"robots\" content=\"index, follow, max-snippet:-1, max-image-preview:large, max-video-preview:-1\" \/>\n<link rel=\"canonical\" href=\"https:\/\/www.bellunopress.it\/fr\/2026\/03\/17\/trump-2-0-lamerica-scatenata-al-centro-del-nuovo-incontro-di-liberal-belluno\/\" \/>\n<meta property=\"og:locale\" content=\"fr_FR\" \/>\n<meta property=\"og:type\" content=\"article\" \/>\n<meta property=\"og:title\" content=\"Trump 2.0: l&#039;America scatenata al centro del nuovo incontro di Liberal Belluno - Bellunopress - Dolomiti\" \/>\n<meta property=\"og:description\" content=\"Belluno, 17\/03\/2026\u00a0\u2013 Quali saranno le onde d\u2019urto del nuovo corso politico americano sugli equilibri globali e, soprattutto, sull&#8217;Europa? Per rispondere a questa domanda, l\u2019Associazione Liberal Belluno, guidata dalla presidente Rosalba Schenal, organizza un incontro di altissimo profilo intitolato: &#8220;Trump 2.0: America scatenata&#8221;. L\u2019appuntamento \u00e8 fissato per sabato 21 marzo 2026, alle ore 17:30 in\u00a0Sala Teatro [&hellip;]\" \/>\n<meta property=\"og:url\" content=\"https:\/\/www.bellunopress.it\/fr\/2026\/03\/17\/trump-2-0-lamerica-scatenata-al-centro-del-nuovo-incontro-di-liberal-belluno\/\" \/>\n<meta property=\"og:site_name\" content=\"Bellunopress - Dolomiti\" \/>\n<meta property=\"article:publisher\" content=\"https:\/\/www.facebook.com\/profile.php?id=100008943462799\" \/>\n<meta property=\"article:published_time\" content=\"2026-03-17T17:26:24+00:00\" \/>\n<meta property=\"og:image\" content=\"https:\/\/www.bellunopress.it\/wp-content\/uploads\/2024\/12\/Liberal-Belluno-Statua-Liberta.jpg\" \/>\n\t<meta property=\"og:image:width\" content=\"912\" \/>\n\t<meta property=\"og:image:height\" content=\"513\" \/>\n\t<meta property=\"og:image:type\" content=\"image\/jpeg\" \/>\n<meta name=\"author\" content=\"redazione\" \/>\n<meta name=\"twitter:card\" content=\"summary_large_image\" \/>\n<meta name=\"twitter:creator\" content=\"@bellunopress\" \/>\n<meta name=\"twitter:site\" content=\"@bellunopress\" \/>\n<meta name=\"twitter:label1\" content=\"\u00c9crit par\" \/>\n\t<meta name=\"twitter:data1\" content=\"redazione\" \/>\n\t<meta name=\"twitter:label2\" content=\"Dur\u00e9e de lecture estim\u00e9e\" \/>\n\t<meta name=\"twitter:data2\" content=\"1 minute\" \/>\n<script type=\"application\/ld+json\" class=\"yoast-schema-graph\">{\"@context\":\"https:\\\/\\\/schema.org\",\"@graph\":[{\"@type\":\"Article\",\"@id\":\"https:\\\/\\\/www.bellunopress.it\\\/2026\\\/03\\\/17\\\/trump-2-0-lamerica-scatenata-al-centro-del-nuovo-incontro-di-liberal-belluno\\\/#article\",\"isPartOf\":{\"@id\":\"https:\\\/\\\/www.bellunopress.it\\\/2026\\\/03\\\/17\\\/trump-2-0-lamerica-scatenata-al-centro-del-nuovo-incontro-di-liberal-belluno\\\/\"},\"author\":{\"name\":\"redazione\",\"@id\":\"https:\\\/\\\/www.bellunopress.it\\\/#\\\/schema\\\/person\\\/79bb06722b37ece1c03d3e94beb30d73\"},\"headline\":\"Trump 2.0: l&#8217;America scatenata al centro del nuovo incontro di Liberal Belluno\",\"datePublished\":\"2026-03-17T17:26:24+00:00\",\"mainEntityOfPage\":{\"@id\":\"https:\\\/\\\/www.bellunopress.it\\\/2026\\\/03\\\/17\\\/trump-2-0-lamerica-scatenata-al-centro-del-nuovo-incontro-di-liberal-belluno\\\/\"},\"wordCount\":221,\"publisher\":{\"@id\":\"https:\\\/\\\/www.bellunopress.it\\\/#organization\"},\"image\":{\"@id\":\"https:\\\/\\\/www.bellunopress.it\\\/2026\\\/03\\\/17\\\/trump-2-0-lamerica-scatenata-al-centro-del-nuovo-incontro-di-liberal-belluno\\\/#primaryimage\"},\"thumbnailUrl\":\"https:\\\/\\\/www.bellunopress.it\\\/wp-content\\\/uploads\\\/2024\\\/12\\\/Liberal-Belluno-Statua-Liberta.jpg\",\"articleSection\":[\"Appuntamenti, Eventi\",\"Arte, Cultura, Spettacoli, Scienza\",\"Pausa Caff\u00e8\"],\"inLanguage\":\"fr-FR\"},{\"@type\":\"WebPage\",\"@id\":\"https:\\\/\\\/www.bellunopress.it\\\/2026\\\/03\\\/17\\\/trump-2-0-lamerica-scatenata-al-centro-del-nuovo-incontro-di-liberal-belluno\\\/\",\"url\":\"https:\\\/\\\/www.bellunopress.it\\\/2026\\\/03\\\/17\\\/trump-2-0-lamerica-scatenata-al-centro-del-nuovo-incontro-di-liberal-belluno\\\/\",\"name\":\"Trump 2.0: l'America scatenata al centro del nuovo incontro di Liberal Belluno - Bellunopress - Dolomiti\",\"isPartOf\":{\"@id\":\"https:\\\/\\\/www.bellunopress.it\\\/#website\"},\"primaryImageOfPage\":{\"@id\":\"https:\\\/\\\/www.bellunopress.it\\\/2026\\\/03\\\/17\\\/trump-2-0-lamerica-scatenata-al-centro-del-nuovo-incontro-di-liberal-belluno\\\/#primaryimage\"},\"image\":{\"@id\":\"https:\\\/\\\/www.bellunopress.it\\\/2026\\\/03\\\/17\\\/trump-2-0-lamerica-scatenata-al-centro-del-nuovo-incontro-di-liberal-belluno\\\/#primaryimage\"},\"thumbnailUrl\":\"https:\\\/\\\/www.bellunopress.it\\\/wp-content\\\/uploads\\\/2024\\\/12\\\/Liberal-Belluno-Statua-Liberta.jpg\",\"datePublished\":\"2026-03-17T17:26:24+00:00\",\"breadcrumb\":{\"@id\":\"https:\\\/\\\/www.bellunopress.it\\\/2026\\\/03\\\/17\\\/trump-2-0-lamerica-scatenata-al-centro-del-nuovo-incontro-di-liberal-belluno\\\/#breadcrumb\"},\"inLanguage\":\"fr-FR\",\"potentialAction\":[{\"@type\":\"ReadAction\",\"target\":[\"https:\\\/\\\/www.bellunopress.it\\\/2026\\\/03\\\/17\\\/trump-2-0-lamerica-scatenata-al-centro-del-nuovo-incontro-di-liberal-belluno\\\/\"]}]},{\"@type\":\"ImageObject\",\"inLanguage\":\"fr-FR\",\"@id\":\"https:\\\/\\\/www.bellunopress.it\\\/2026\\\/03\\\/17\\\/trump-2-0-lamerica-scatenata-al-centro-del-nuovo-incontro-di-liberal-belluno\\\/#primaryimage\",\"url\":\"https:\\\/\\\/www.bellunopress.it\\\/wp-content\\\/uploads\\\/2024\\\/12\\\/Liberal-Belluno-Statua-Liberta.jpg\",\"contentUrl\":\"https:\\\/\\\/www.bellunopress.it\\\/wp-content\\\/uploads\\\/2024\\\/12\\\/Liberal-Belluno-Statua-Liberta.jpg\",\"width\":912,\"height\":513},{\"@type\":\"BreadcrumbList\",\"@id\":\"https:\\\/\\\/www.bellunopress.it\\\/2026\\\/03\\\/17\\\/trump-2-0-lamerica-scatenata-al-centro-del-nuovo-incontro-di-liberal-belluno\\\/#breadcrumb\",\"itemListElement\":[{\"@type\":\"ListItem\",\"position\":1,\"name\":\"Home\",\"item\":\"https:\\\/\\\/www.bellunopress.it\\\/\"},{\"@type\":\"ListItem\",\"position\":2,\"name\":\"Trump 2.0: l&#8217;America scatenata al centro del nuovo incontro di Liberal Belluno\"}]},{\"@type\":\"WebSite\",\"@id\":\"https:\\\/\\\/www.bellunopress.it\\\/#website\",\"url\":\"https:\\\/\\\/www.bellunopress.it\\\/\",\"name\":\"Bellunopress - Dolomiti\",\"description\":\"e-mail: redazione@bellunopress.it\",\"publisher\":{\"@id\":\"https:\\\/\\\/www.bellunopress.it\\\/#organization\"},\"potentialAction\":[{\"@type\":\"SearchAction\",\"target\":{\"@type\":\"EntryPoint\",\"urlTemplate\":\"https:\\\/\\\/www.bellunopress.it\\\/?s={search_term_string}\"},\"query-input\":{\"@type\":\"PropertyValueSpecification\",\"valueRequired\":true,\"valueName\":\"search_term_string\"}}],\"inLanguage\":\"fr-FR\"},{\"@type\":\"Organization\",\"@id\":\"https:\\\/\\\/www.bellunopress.it\\\/#organization\",\"name\":\"Bellunopress\",\"url\":\"https:\\\/\\\/www.bellunopress.it\\\/\",\"logo\":{\"@type\":\"ImageObject\",\"inLanguage\":\"fr-FR\",\"@id\":\"https:\\\/\\\/www.bellunopress.it\\\/#\\\/schema\\\/logo\\\/image\\\/\",\"url\":\"https:\\\/\\\/www.bellunopress.it\\\/wp-content\\\/uploads\\\/2011\\\/05\\\/cropped-logo-bellunopress-.jpg\",\"contentUrl\":\"https:\\\/\\\/www.bellunopress.it\\\/wp-content\\\/uploads\\\/2011\\\/05\\\/cropped-logo-bellunopress-.jpg\",\"width\":512,\"height\":512,\"caption\":\"Bellunopress\"},\"image\":{\"@id\":\"https:\\\/\\\/www.bellunopress.it\\\/#\\\/schema\\\/logo\\\/image\\\/\"},\"sameAs\":[\"https:\\\/\\\/www.facebook.com\\\/profile.php?id=100008943462799\",\"https:\\\/\\\/x.com\\\/bellunopress\",\"https:\\\/\\\/www.linkedin.com\\\/hp\\\/?dnr=JBzUWaJfMUw8vbXJJ2tVW5-I3jZKvC4wsoxE&amp;amp;amp;amp;amp;amp;trk=nav_responsive_tab_home\",\"https:\\\/\\\/www.youtube.com\\\/channel\\\/UCxL0wu1uN0_3_7hGG0306cw\"]},{\"@type\":\"Person\",\"@id\":\"https:\\\/\\\/www.bellunopress.it\\\/#\\\/schema\\\/person\\\/79bb06722b37ece1c03d3e94beb30d73\",\"name\":\"redazione\",\"image\":{\"@type\":\"ImageObject\",\"inLanguage\":\"fr-FR\",\"@id\":\"https:\\\/\\\/secure.gravatar.com\\\/avatar\\\/37d968a2e67a6fd04c169c4bdef102d0bc5d31b2546345219e348575eb80e9a0?s=96&d=mm&r=g\",\"url\":\"https:\\\/\\\/secure.gravatar.com\\\/avatar\\\/37d968a2e67a6fd04c169c4bdef102d0bc5d31b2546345219e348575eb80e9a0?s=96&d=mm&r=g\",\"contentUrl\":\"https:\\\/\\\/secure.gravatar.com\\\/avatar\\\/37d968a2e67a6fd04c169c4bdef102d0bc5d31b2546345219e348575eb80e9a0?s=96&d=mm&r=g\",\"caption\":\"redazione\"},\"sameAs\":[\"http:\\\/\\\/www.bellunopress.it\",\"https:\\\/\\\/x.com\\\/bellunopress\"],\"url\":\"https:\\\/\\\/www.bellunopress.it\\\/fr\\\/author\\\/redazione\\\/\"}]}<\/script>\n<!-- \/ Yoast SEO plugin. -->","yoast_head_json":{"title":"Trump 2.0: l'America scatenata al centro del nuovo incontro di Liberal Belluno - Bellunopress - Dolomiti","robots":{"index":"index","follow":"follow","max-snippet":"max-snippet:-1","max-image-preview":"max-image-preview:large","max-video-preview":"max-video-preview:-1"},"canonical":"https:\/\/www.bellunopress.it\/fr\/2026\/03\/17\/trump-2-0-lamerica-scatenata-al-centro-del-nuovo-incontro-di-liberal-belluno\/","og_locale":"fr_FR","og_type":"article","og_title":"Trump 2.0: l'America scatenata al centro del nuovo incontro di Liberal Belluno - Bellunopress - Dolomiti","og_description":"Belluno, 17\/03\/2026\u00a0\u2013 Quali saranno le onde d\u2019urto del nuovo corso politico americano sugli equilibri globali e, soprattutto, sull&#8217;Europa? Per rispondere a questa domanda, l\u2019Associazione Liberal Belluno, guidata dalla presidente Rosalba Schenal, organizza un incontro di altissimo profilo intitolato: &#8220;Trump 2.0: America scatenata&#8221;. L\u2019appuntamento \u00e8 fissato per sabato 21 marzo 2026, alle ore 17:30 in\u00a0Sala Teatro [&hellip;]","og_url":"https:\/\/www.bellunopress.it\/fr\/2026\/03\/17\/trump-2-0-lamerica-scatenata-al-centro-del-nuovo-incontro-di-liberal-belluno\/","og_site_name":"Bellunopress - Dolomiti","article_publisher":"https:\/\/www.facebook.com\/profile.php?id=100008943462799","article_published_time":"2026-03-17T17:26:24+00:00","og_image":[{"width":912,"height":513,"url":"https:\/\/www.bellunopress.it\/wp-content\/uploads\/2024\/12\/Liberal-Belluno-Statua-Liberta.jpg","type":"image\/jpeg"}],"author":"redazione","twitter_card":"summary_large_image","twitter_creator":"@bellunopress","twitter_site":"@bellunopress","twitter_misc":{"\u00c9crit par":"redazione","Dur\u00e9e de lecture estim\u00e9e":"1 minute"},"schema":{"@context":"https:\/\/schema.org","@graph":[{"@type":"Article","@id":"https:\/\/www.bellunopress.it\/2026\/03\/17\/trump-2-0-lamerica-scatenata-al-centro-del-nuovo-incontro-di-liberal-belluno\/#article","isPartOf":{"@id":"https:\/\/www.bellunopress.it\/2026\/03\/17\/trump-2-0-lamerica-scatenata-al-centro-del-nuovo-incontro-di-liberal-belluno\/"},"author":{"name":"redazione","@id":"https:\/\/www.bellunopress.it\/#\/schema\/person\/79bb06722b37ece1c03d3e94beb30d73"},"headline":"Trump 2.0: l&#8217;America scatenata al centro del nuovo incontro di Liberal Belluno","datePublished":"2026-03-17T17:26:24+00:00","mainEntityOfPage":{"@id":"https:\/\/www.bellunopress.it\/2026\/03\/17\/trump-2-0-lamerica-scatenata-al-centro-del-nuovo-incontro-di-liberal-belluno\/"},"wordCount":221,"publisher":{"@id":"https:\/\/www.bellunopress.it\/#organization"},"image":{"@id":"https:\/\/www.bellunopress.it\/2026\/03\/17\/trump-2-0-lamerica-scatenata-al-centro-del-nuovo-incontro-di-liberal-belluno\/#primaryimage"},"thumbnailUrl":"https:\/\/www.bellunopress.it\/wp-content\/uploads\/2024\/12\/Liberal-Belluno-Statua-Liberta.jpg","articleSection":["Appuntamenti, Eventi","Arte, Cultura, Spettacoli, Scienza","Pausa Caff\u00e8"],"inLanguage":"fr-FR"},{"@type":"WebPage","@id":"https:\/\/www.bellunopress.it\/2026\/03\/17\/trump-2-0-lamerica-scatenata-al-centro-del-nuovo-incontro-di-liberal-belluno\/","url":"https:\/\/www.bellunopress.it\/2026\/03\/17\/trump-2-0-lamerica-scatenata-al-centro-del-nuovo-incontro-di-liberal-belluno\/","name":"Trump 2.0: l'America scatenata al centro del nuovo incontro di Liberal Belluno - Bellunopress - Dolomiti","isPartOf":{"@id":"https:\/\/www.bellunopress.it\/#website"},"primaryImageOfPage":{"@id":"https:\/\/www.bellunopress.it\/2026\/03\/17\/trump-2-0-lamerica-scatenata-al-centro-del-nuovo-incontro-di-liberal-belluno\/#primaryimage"},"image":{"@id":"https:\/\/www.bellunopress.it\/2026\/03\/17\/trump-2-0-lamerica-scatenata-al-centro-del-nuovo-incontro-di-liberal-belluno\/#primaryimage"},"thumbnailUrl":"https:\/\/www.bellunopress.it\/wp-content\/uploads\/2024\/12\/Liberal-Belluno-Statua-Liberta.jpg","datePublished":"2026-03-17T17:26:24+00:00","breadcrumb":{"@id":"https:\/\/www.bellunopress.it\/2026\/03\/17\/trump-2-0-lamerica-scatenata-al-centro-del-nuovo-incontro-di-liberal-belluno\/#breadcrumb"},"inLanguage":"fr-FR","potentialAction":[{"@type":"ReadAction","target":["https:\/\/www.bellunopress.it\/2026\/03\/17\/trump-2-0-lamerica-scatenata-al-centro-del-nuovo-incontro-di-liberal-belluno\/"]}]},{"@type":"ImageObject","inLanguage":"fr-FR","@id":"https:\/\/www.bellunopress.it\/2026\/03\/17\/trump-2-0-lamerica-scatenata-al-centro-del-nuovo-incontro-di-liberal-belluno\/#primaryimage","url":"https:\/\/www.bellunopress.it\/wp-content\/uploads\/2024\/12\/Liberal-Belluno-Statua-Liberta.jpg","contentUrl":"https:\/\/www.bellunopress.it\/wp-content\/uploads\/2024\/12\/Liberal-Belluno-Statua-Liberta.jpg","width":912,"height":513},{"@type":"BreadcrumbList","@id":"https:\/\/www.bellunopress.it\/2026\/03\/17\/trump-2-0-lamerica-scatenata-al-centro-del-nuovo-incontro-di-liberal-belluno\/#breadcrumb","itemListElement":[{"@type":"ListItem","position":1,"name":"Home","item":"https:\/\/www.bellunopress.it\/"},{"@type":"ListItem","position":2,"name":"Trump 2.0: l&#8217;America scatenata al centro del nuovo incontro di Liberal Belluno"}]},{"@type":"WebSite","@id":"https:\/\/www.bellunopress.it\/#website","url":"https:\/\/www.bellunopress.it\/","name":"Bellunopress - Dolomiti","description":"e-mail: redazione@bellunopress.it","publisher":{"@id":"https:\/\/www.bellunopress.it\/#organization"},"potentialAction":[{"@type":"SearchAction","target":{"@type":"EntryPoint","urlTemplate":"https:\/\/www.bellunopress.it\/?s={search_term_string}"},"query-input":{"@type":"PropertyValueSpecification","valueRequired":true,"valueName":"search_term_string"}}],"inLanguage":"fr-FR"},{"@type":"Organization","@id":"https:\/\/www.bellunopress.it\/#organization","name":"Bellunopress","url":"https:\/\/www.bellunopress.it\/","logo":{"@type":"ImageObject","inLanguage":"fr-FR","@id":"https:\/\/www.bellunopress.it\/#\/schema\/logo\/image\/","url":"https:\/\/www.bellunopress.it\/wp-content\/uploads\/2011\/05\/cropped-logo-bellunopress-.jpg","contentUrl":"https:\/\/www.bellunopress.it\/wp-content\/uploads\/2011\/05\/cropped-logo-bellunopress-.jpg","width":512,"height":512,"caption":"Bellunopress"},"image":{"@id":"https:\/\/www.bellunopress.it\/#\/schema\/logo\/image\/"},"sameAs":["https:\/\/www.facebook.com\/profile.php?id=100008943462799","https:\/\/x.com\/bellunopress","https:\/\/www.linkedin.com\/hp\/?dnr=JBzUWaJfMUw8vbXJJ2tVW5-I3jZKvC4wsoxE&amp;amp;amp;amp;amp;amp;trk=nav_responsive_tab_home","https:\/\/www.youtube.com\/channel\/UCxL0wu1uN0_3_7hGG0306cw"]},{"@type":"Person","@id":"https:\/\/www.bellunopress.it\/#\/schema\/person\/79bb06722b37ece1c03d3e94beb30d73","name":"r\u00e9daction","image":{"@type":"ImageObject","inLanguage":"fr-FR","@id":"https:\/\/secure.gravatar.com\/avatar\/37d968a2e67a6fd04c169c4bdef102d0bc5d31b2546345219e348575eb80e9a0?s=96&d=mm&r=g","url":"https:\/\/secure.gravatar.com\/avatar\/37d968a2e67a6fd04c169c4bdef102d0bc5d31b2546345219e348575eb80e9a0?s=96&d=mm&r=g","contentUrl":"https:\/\/secure.gravatar.com\/avatar\/37d968a2e67a6fd04c169c4bdef102d0bc5d31b2546345219e348575eb80e9a0?s=96&d=mm&r=g","caption":"redazione"},"sameAs":["http:\/\/www.bellunopress.it","https:\/\/x.com\/bellunopress"],"url":"https:\/\/www.bellunopress.it\/fr\/author\/redazione\/"}]}},"_links":{"self":[{"href":"https:\/\/www.bellunopress.it\/fr\/wp-json\/wp\/v2\/posts\/168260","targetHints":{"allow":["GET"]}}],"collection":[{"href":"https:\/\/www.bellunopress.it\/fr\/wp-json\/wp\/v2\/posts"}],"about":[{"href":"https:\/\/www.bellunopress.it\/fr\/wp-json\/wp\/v2\/types\/post"}],"author":[{"embeddable":true,"href":"https:\/\/www.bellunopress.it\/fr\/wp-json\/wp\/v2\/users\/2"}],"replies":[{"embeddable":true,"href":"https:\/\/www.bellunopress.it\/fr\/wp-json\/wp\/v2\/comments?post=168260"}],"version-history":[{"count":1,"href":"https:\/\/www.bellunopress.it\/fr\/wp-json\/wp\/v2\/posts\/168260\/revisions"}],"predecessor-version":[{"id":168261,"href":"https:\/\/www.bellunopress.it\/fr\/wp-json\/wp\/v2\/posts\/168260\/revisions\/168261"}],"wp:featuredmedia":[{"embeddable":true,"href":"https:\/\/www.bellunopress.it\/fr\/wp-json\/wp\/v2\/media\/156422"}],"wp:attachment":[{"href":"https:\/\/www.bellunopress.it\/fr\/wp-json\/wp\/v2\/media?parent=168260"}],"wp:term":[{"taxonomy":"category","embeddable":true,"href":"https:\/\/www.bellunopress.it\/fr\/wp-json\/wp\/v2\/categories?post=168260"},{"taxonomy":"post_tag","embeddable":true,"href":"https:\/\/www.bellunopress.it\/fr\/wp-json\/wp\/v2\/tags?post=168260"}],"curies":[{"name":"wp","href":"https:\/\/api.w.org\/{rel}","templated":true}]}}