{"id":168247,"date":"2026-03-17T14:10:08","date_gmt":"2026-03-17T13:10:08","guid":{"rendered":"https:\/\/www.bellunopress.it\/?p=168247"},"modified":"2026-03-17T14:10:08","modified_gmt":"2026-03-17T13:10:08","slug":"lauto-che-invento-il-futuro-la-lamborghini-miura-compie-60-anni-al-vicenza-classic-car-show","status":"publish","type":"post","link":"https:\/\/www.bellunopress.it\/fr\/2026\/03\/17\/lauto-che-invento-il-futuro-la-lamborghini-miura-compie-60-anni-al-vicenza-classic-car-show\/","title":{"rendered":"L\u2019auto che invent\u00f2 il futuro: la Lamborghini Miura compie 60 anni al Vicenza Classic Car Show"},"content":{"rendered":"<p data-path-to-node=\"0\">\n<p data-path-to-node=\"3\"><b data-path-to-node=\"3\" data-index-in-node=\"0\">Dal 27 al 29 marzo, la Fiera di Vicenza celebra il mito del &#8220;Toro&#8221; con un\u2019esposizione esclusiva. Riflettori puntati sulla Miura, la prima vera supercar della storia, nata dal genio di Gandini, Dallara e Stanzani.<\/b><\/p>\n<p data-path-to-node=\"4\">Vicenza\u00a0\u2013 Esistono automobili che camminano e automobili che corrono. E poi esiste la Lamborghini Miura, l\u2019auto che ha cambiato per sempre le regole del gioco. In occasione del suo sessantesimo anniversario, il Vicenza Classic Car Show (27-29 marzo 2026) ha deciso di renderle omaggio con una retrospettiva imperdibile presso il Padiglione 7 del quartiere fieristico di IEG.<\/p>\n<h3 data-path-to-node=\"5\">Una rivoluzione nata &#8220;fuori orario&#8221;<\/h3>\n<p data-path-to-node=\"6\">La storia della Miura \u00e8 quella di una sfida impossibile. Tutto ebbe inizio alla fine del 1965, quando al Salone di Torino apparve un oggetto misterioso: non una vettura finita, ma un telaio nudo (il progetto L105) in lamiera forata. Era il frutto del lavoro clandestino, quasi un &#8220;dopolavoro&#8221; creativo, di un gruppo di giovani visionari poco pi\u00f9 che ventenni: gli ingegneri Paolo Dallara e Gian Paolo Stanzani, insieme alla matita geniale di Marcello Gandini per Bertone.<\/p>\n<p data-path-to-node=\"7\">Quello che sembrava un esperimento tecnico divenne, l\u2019anno successivo a Ginevra, la P400: la prima auto di serie con motore posteriore centrale trasversale. Era nata la &#8220;supercar&#8221;.<\/p>\n<h3 data-path-to-node=\"8\">Tre volti per un unico mito<\/h3>\n<p data-path-to-node=\"9\">Il nome, scelto da Ferruccio Lamborghini in onore della celebre razza di tori da combattimento, evocava gi\u00e0 potenza e nobilt\u00e0. In soli sei anni di produzione (1966-1972) furono realizzati appena 782 esemplari, declinati in tre versioni che il pubblico potr\u00e0 riscoprire a Vicenza:<\/p>\n<ul data-path-to-node=\"10\">\n<li>\n<p data-path-to-node=\"10,0,0\">P400: La capostipite, sinuosa e rivoluzionaria.<\/p>\n<\/li>\n<li>\n<p data-path-to-node=\"10,1,0\">P400S: L&#8217;evoluzione che port\u00f2 maggiore comfort e prestazioni.<\/p>\n<\/li>\n<li>\n<p data-path-to-node=\"10,2,0\">Miura SV: La versione definitiva. Un mostro da 375 CV capace di toccare i 300 km\/h, una velocit\u00e0 fantascientifica per l\u2019epoca.<\/p>\n<\/li>\n<\/ul>\n<h3 data-path-to-node=\"11\">L\u2019esposizione a Vicenza: pezzi da collezione<\/h3>\n<p data-path-to-node=\"12\">I visitatori dell&#8217;Area Celebrazioni potranno ammirare da vicino la genesi del modello attraverso rarit\u00e0 assolute. Sar\u00e0 esposto un <b data-path-to-node=\"12\" data-index-in-node=\"130\">t<\/b>elaio originale, che mette a nudo l&#8217;ingegneria d&#8217;avanguardia del team Lamborghini, affiancato da una selezione di splendide P400S nelle iconiche colorazioni originali: dal giallo solare all&#8217;azzurro, fino al bianco e al rosso fuoco.<\/p>\n<blockquote data-path-to-node=\"13\">\n<h6 style=\"text-align: left;\" data-path-to-node=\"13,0\">&#8220;Un&#8217;occasione irripetibile per rendere omaggio a un\u2019auto di rottura che, ancora oggi, rimane un capolavoro assoluto di design e potenza.&#8221;<\/h6>\n<\/blockquote>\n<h3 data-path-to-node=\"15\">Info Utili e Biglietteria<\/h3>\n<p data-path-to-node=\"16\">Il Vicenza Classic Car Show promette tre giorni di immersione totale nel motorismo storico. Le prevendite sono gi\u00e0 attive sul sito ufficiale: <a class=\"ng-star-inserted\" href=\"https:\/\/vicenzaclassiccarshow.com\" target=\"_blank\" rel=\"noopener\" data-hveid=\"0\" data-ved=\"0CAAQ_4QMahcKEwi7zI_f_qaTAxUAAAAAHQAAAAAQOQ\">vicenzaclassiccarshow.com<\/a>.<\/p>\n<ul data-path-to-node=\"17\">\n<li>\n<p data-path-to-node=\"17,0,0\">Quando: 27, 28 e 29 marzo 2026.<\/p>\n<\/li>\n<li>\n<p data-path-to-node=\"17,1,0\">Orari: Dalle 09.30 alle 19.00.<\/p>\n<\/li>\n<li>\n<p data-path-to-node=\"17,2,0\">Dove: Fiera di Vicenza (Via Oreficeria, 16). Facilmente raggiungibile dall&#8217;uscita Vicenza Ovest dell&#8217;A4.<\/p>\n<\/li>\n<li>\n<p data-path-to-node=\"17,3,0\">Accessibilit\u00e0: Ingresso gratuito per disabili e accompagnatori. I cani sono i benvenuti (al guinzaglio e con museruola per le taglie medio\/grandi).<\/p>\n<\/li>\n<\/ul>","protected":false},"excerpt":{"rendered":"<p>Dal 27 al 29 marzo, la Fiera di Vicenza celebra il mito del &#8220;Toro&#8221; con un\u2019esposizione esclusiva. Riflettori puntati sulla Miura, la prima vera supercar della storia, nata dal genio di Gandini, Dallara e Stanzani. Vicenza\u00a0\u2013 Esistono automobili che camminano e automobili che corrono. E poi esiste la Lamborghini Miura, l\u2019auto che ha cambiato per [&hellip;]<\/p>\n","protected":false},"author":2,"featured_media":168248,"comment_status":"closed","ping_status":"open","sticky":false,"template":"","format":"standard","meta":{"footnotes":""},"categories":[3394,25],"tags":[],"class_list":["post-168247","post","type-post","status-publish","format-standard","has-post-thumbnail","category-cultura-e-spettacoli-fuori-provincia","category-pausa-caffe"],"yoast_head":"<!-- This site is optimized with the Yoast SEO plugin v28.4 - https:\/\/yoast.com\/product\/yoast-seo-wordpress\/ -->\n<title>L\u2019auto che invent\u00f2 il futuro: la Lamborghini Miura compie 60 anni al Vicenza Classic Car Show - Bellunopress - Dolomiti<\/title>\n<meta name=\"robots\" content=\"index, follow, max-snippet:-1, max-image-preview:large, max-video-preview:-1\" \/>\n<link rel=\"canonical\" href=\"https:\/\/www.bellunopress.it\/fr\/2026\/03\/17\/lauto-che-invento-il-futuro-la-lamborghini-miura-compie-60-anni-al-vicenza-classic-car-show\/\" \/>\n<meta property=\"og:locale\" content=\"fr_FR\" \/>\n<meta property=\"og:type\" content=\"article\" \/>\n<meta property=\"og:title\" content=\"L\u2019auto che invent\u00f2 il futuro: la Lamborghini Miura compie 60 anni al Vicenza Classic Car Show - Bellunopress - Dolomiti\" \/>\n<meta property=\"og:description\" content=\"Dal 27 al 29 marzo, la Fiera di Vicenza celebra il mito del &#8220;Toro&#8221; con un\u2019esposizione esclusiva. Riflettori puntati sulla Miura, la prima vera supercar della storia, nata dal genio di Gandini, Dallara e Stanzani. Vicenza\u00a0\u2013 Esistono automobili che camminano e automobili che corrono. E poi esiste la Lamborghini Miura, l\u2019auto che ha cambiato per [&hellip;]\" \/>\n<meta property=\"og:url\" content=\"https:\/\/www.bellunopress.it\/fr\/2026\/03\/17\/lauto-che-invento-il-futuro-la-lamborghini-miura-compie-60-anni-al-vicenza-classic-car-show\/\" \/>\n<meta property=\"og:site_name\" content=\"Bellunopress - Dolomiti\" \/>\n<meta property=\"article:publisher\" content=\"https:\/\/www.facebook.com\/profile.php?id=100008943462799\" \/>\n<meta property=\"article:published_time\" content=\"2026-03-17T13:10:08+00:00\" \/>\n<meta property=\"og:image\" content=\"https:\/\/www.bellunopress.it\/wp-content\/uploads\/2026\/03\/Lamborghini-Miura.jpg\" \/>\n\t<meta property=\"og:image:width\" content=\"600\" \/>\n\t<meta property=\"og:image:height\" content=\"372\" \/>\n\t<meta property=\"og:image:type\" content=\"image\/jpeg\" \/>\n<meta name=\"author\" content=\"redazione\" \/>\n<meta name=\"twitter:card\" content=\"summary_large_image\" \/>\n<meta name=\"twitter:creator\" content=\"@bellunopress\" \/>\n<meta name=\"twitter:site\" content=\"@bellunopress\" \/>\n<meta name=\"twitter:label1\" content=\"\u00c9crit par\" \/>\n\t<meta name=\"twitter:data1\" content=\"redazione\" \/>\n\t<meta name=\"twitter:label2\" content=\"Dur\u00e9e de lecture estim\u00e9e\" \/>\n\t<meta name=\"twitter:data2\" content=\"2 minutes\" \/>\n<script type=\"application\/ld+json\" class=\"yoast-schema-graph\">{\"@context\":\"https:\\\/\\\/schema.org\",\"@graph\":[{\"@type\":\"Article\",\"@id\":\"https:\\\/\\\/www.bellunopress.it\\\/2026\\\/03\\\/17\\\/lauto-che-invento-il-futuro-la-lamborghini-miura-compie-60-anni-al-vicenza-classic-car-show\\\/#article\",\"isPartOf\":{\"@id\":\"https:\\\/\\\/www.bellunopress.it\\\/2026\\\/03\\\/17\\\/lauto-che-invento-il-futuro-la-lamborghini-miura-compie-60-anni-al-vicenza-classic-car-show\\\/\"},\"author\":{\"name\":\"redazione\",\"@id\":\"https:\\\/\\\/www.bellunopress.it\\\/#\\\/schema\\\/person\\\/79bb06722b37ece1c03d3e94beb30d73\"},\"headline\":\"L\u2019auto che invent\u00f2 il futuro: la Lamborghini Miura compie 60 anni al Vicenza Classic Car Show\",\"datePublished\":\"2026-03-17T13:10:08+00:00\",\"mainEntityOfPage\":{\"@id\":\"https:\\\/\\\/www.bellunopress.it\\\/2026\\\/03\\\/17\\\/lauto-che-invento-il-futuro-la-lamborghini-miura-compie-60-anni-al-vicenza-classic-car-show\\\/\"},\"wordCount\":454,\"publisher\":{\"@id\":\"https:\\\/\\\/www.bellunopress.it\\\/#organization\"},\"image\":{\"@id\":\"https:\\\/\\\/www.bellunopress.it\\\/2026\\\/03\\\/17\\\/lauto-che-invento-il-futuro-la-lamborghini-miura-compie-60-anni-al-vicenza-classic-car-show\\\/#primaryimage\"},\"thumbnailUrl\":\"https:\\\/\\\/www.bellunopress.it\\\/wp-content\\\/uploads\\\/2026\\\/03\\\/Lamborghini-Miura.jpg\",\"articleSection\":[\"Cultura e spettacoli, tempo libero, benessere, fuori provincia\",\"Pausa Caff\u00e8\"],\"inLanguage\":\"fr-FR\"},{\"@type\":\"WebPage\",\"@id\":\"https:\\\/\\\/www.bellunopress.it\\\/2026\\\/03\\\/17\\\/lauto-che-invento-il-futuro-la-lamborghini-miura-compie-60-anni-al-vicenza-classic-car-show\\\/\",\"url\":\"https:\\\/\\\/www.bellunopress.it\\\/2026\\\/03\\\/17\\\/lauto-che-invento-il-futuro-la-lamborghini-miura-compie-60-anni-al-vicenza-classic-car-show\\\/\",\"name\":\"L\u2019auto che invent\u00f2 il futuro: la Lamborghini Miura compie 60 anni al Vicenza Classic Car Show - Bellunopress - Dolomiti\",\"isPartOf\":{\"@id\":\"https:\\\/\\\/www.bellunopress.it\\\/#website\"},\"primaryImageOfPage\":{\"@id\":\"https:\\\/\\\/www.bellunopress.it\\\/2026\\\/03\\\/17\\\/lauto-che-invento-il-futuro-la-lamborghini-miura-compie-60-anni-al-vicenza-classic-car-show\\\/#primaryimage\"},\"image\":{\"@id\":\"https:\\\/\\\/www.bellunopress.it\\\/2026\\\/03\\\/17\\\/lauto-che-invento-il-futuro-la-lamborghini-miura-compie-60-anni-al-vicenza-classic-car-show\\\/#primaryimage\"},\"thumbnailUrl\":\"https:\\\/\\\/www.bellunopress.it\\\/wp-content\\\/uploads\\\/2026\\\/03\\\/Lamborghini-Miura.jpg\",\"datePublished\":\"2026-03-17T13:10:08+00:00\",\"breadcrumb\":{\"@id\":\"https:\\\/\\\/www.bellunopress.it\\\/2026\\\/03\\\/17\\\/lauto-che-invento-il-futuro-la-lamborghini-miura-compie-60-anni-al-vicenza-classic-car-show\\\/#breadcrumb\"},\"inLanguage\":\"fr-FR\",\"potentialAction\":[{\"@type\":\"ReadAction\",\"target\":[\"https:\\\/\\\/www.bellunopress.it\\\/2026\\\/03\\\/17\\\/lauto-che-invento-il-futuro-la-lamborghini-miura-compie-60-anni-al-vicenza-classic-car-show\\\/\"]}]},{\"@type\":\"ImageObject\",\"inLanguage\":\"fr-FR\",\"@id\":\"https:\\\/\\\/www.bellunopress.it\\\/2026\\\/03\\\/17\\\/lauto-che-invento-il-futuro-la-lamborghini-miura-compie-60-anni-al-vicenza-classic-car-show\\\/#primaryimage\",\"url\":\"https:\\\/\\\/www.bellunopress.it\\\/wp-content\\\/uploads\\\/2026\\\/03\\\/Lamborghini-Miura.jpg\",\"contentUrl\":\"https:\\\/\\\/www.bellunopress.it\\\/wp-content\\\/uploads\\\/2026\\\/03\\\/Lamborghini-Miura.jpg\",\"width\":600,\"height\":372,\"caption\":\"Lamborghini Miura\"},{\"@type\":\"BreadcrumbList\",\"@id\":\"https:\\\/\\\/www.bellunopress.it\\\/2026\\\/03\\\/17\\\/lauto-che-invento-il-futuro-la-lamborghini-miura-compie-60-anni-al-vicenza-classic-car-show\\\/#breadcrumb\",\"itemListElement\":[{\"@type\":\"ListItem\",\"position\":1,\"name\":\"Home\",\"item\":\"https:\\\/\\\/www.bellunopress.it\\\/\"},{\"@type\":\"ListItem\",\"position\":2,\"name\":\"L\u2019auto che invent\u00f2 il futuro: la Lamborghini Miura compie 60 anni al Vicenza Classic Car Show\"}]},{\"@type\":\"WebSite\",\"@id\":\"https:\\\/\\\/www.bellunopress.it\\\/#website\",\"url\":\"https:\\\/\\\/www.bellunopress.it\\\/\",\"name\":\"Bellunopress - Dolomiti\",\"description\":\"e-mail: redazione@bellunopress.it\",\"publisher\":{\"@id\":\"https:\\\/\\\/www.bellunopress.it\\\/#organization\"},\"potentialAction\":[{\"@type\":\"SearchAction\",\"target\":{\"@type\":\"EntryPoint\",\"urlTemplate\":\"https:\\\/\\\/www.bellunopress.it\\\/?s={search_term_string}\"},\"query-input\":{\"@type\":\"PropertyValueSpecification\",\"valueRequired\":true,\"valueName\":\"search_term_string\"}}],\"inLanguage\":\"fr-FR\"},{\"@type\":\"Organization\",\"@id\":\"https:\\\/\\\/www.bellunopress.it\\\/#organization\",\"name\":\"Bellunopress\",\"url\":\"https:\\\/\\\/www.bellunopress.it\\\/\",\"logo\":{\"@type\":\"ImageObject\",\"inLanguage\":\"fr-FR\",\"@id\":\"https:\\\/\\\/www.bellunopress.it\\\/#\\\/schema\\\/logo\\\/image\\\/\",\"url\":\"https:\\\/\\\/www.bellunopress.it\\\/wp-content\\\/uploads\\\/2011\\\/05\\\/cropped-logo-bellunopress-.jpg\",\"contentUrl\":\"https:\\\/\\\/www.bellunopress.it\\\/wp-content\\\/uploads\\\/2011\\\/05\\\/cropped-logo-bellunopress-.jpg\",\"width\":512,\"height\":512,\"caption\":\"Bellunopress\"},\"image\":{\"@id\":\"https:\\\/\\\/www.bellunopress.it\\\/#\\\/schema\\\/logo\\\/image\\\/\"},\"sameAs\":[\"https:\\\/\\\/www.facebook.com\\\/profile.php?id=100008943462799\",\"https:\\\/\\\/x.com\\\/bellunopress\",\"https:\\\/\\\/www.linkedin.com\\\/hp\\\/?dnr=JBzUWaJfMUw8vbXJJ2tVW5-I3jZKvC4wsoxE&amp;amp;amp;amp;amp;amp;trk=nav_responsive_tab_home\",\"https:\\\/\\\/www.youtube.com\\\/channel\\\/UCxL0wu1uN0_3_7hGG0306cw\"]},{\"@type\":\"Person\",\"@id\":\"https:\\\/\\\/www.bellunopress.it\\\/#\\\/schema\\\/person\\\/79bb06722b37ece1c03d3e94beb30d73\",\"name\":\"redazione\",\"image\":{\"@type\":\"ImageObject\",\"inLanguage\":\"fr-FR\",\"@id\":\"https:\\\/\\\/secure.gravatar.com\\\/avatar\\\/37d968a2e67a6fd04c169c4bdef102d0bc5d31b2546345219e348575eb80e9a0?s=96&d=mm&r=g\",\"url\":\"https:\\\/\\\/secure.gravatar.com\\\/avatar\\\/37d968a2e67a6fd04c169c4bdef102d0bc5d31b2546345219e348575eb80e9a0?s=96&d=mm&r=g\",\"contentUrl\":\"https:\\\/\\\/secure.gravatar.com\\\/avatar\\\/37d968a2e67a6fd04c169c4bdef102d0bc5d31b2546345219e348575eb80e9a0?s=96&d=mm&r=g\",\"caption\":\"redazione\"},\"sameAs\":[\"http:\\\/\\\/www.bellunopress.it\",\"https:\\\/\\\/x.com\\\/bellunopress\"],\"url\":\"https:\\\/\\\/www.bellunopress.it\\\/fr\\\/author\\\/redazione\\\/\"}]}<\/script>\n<!-- \/ Yoast SEO plugin. -->","yoast_head_json":{"title":"L\u2019auto che invent\u00f2 il futuro: la Lamborghini Miura compie 60 anni al Vicenza Classic Car Show - Bellunopress - Dolomiti","robots":{"index":"index","follow":"follow","max-snippet":"max-snippet:-1","max-image-preview":"max-image-preview:large","max-video-preview":"max-video-preview:-1"},"canonical":"https:\/\/www.bellunopress.it\/fr\/2026\/03\/17\/lauto-che-invento-il-futuro-la-lamborghini-miura-compie-60-anni-al-vicenza-classic-car-show\/","og_locale":"fr_FR","og_type":"article","og_title":"L\u2019auto che invent\u00f2 il futuro: la Lamborghini Miura compie 60 anni al Vicenza Classic Car Show - Bellunopress - Dolomiti","og_description":"Dal 27 al 29 marzo, la Fiera di Vicenza celebra il mito del &#8220;Toro&#8221; con un\u2019esposizione esclusiva. Riflettori puntati sulla Miura, la prima vera supercar della storia, nata dal genio di Gandini, Dallara e Stanzani. Vicenza\u00a0\u2013 Esistono automobili che camminano e automobili che corrono. E poi esiste la Lamborghini Miura, l\u2019auto che ha cambiato per [&hellip;]","og_url":"https:\/\/www.bellunopress.it\/fr\/2026\/03\/17\/lauto-che-invento-il-futuro-la-lamborghini-miura-compie-60-anni-al-vicenza-classic-car-show\/","og_site_name":"Bellunopress - Dolomiti","article_publisher":"https:\/\/www.facebook.com\/profile.php?id=100008943462799","article_published_time":"2026-03-17T13:10:08+00:00","og_image":[{"width":600,"height":372,"url":"https:\/\/www.bellunopress.it\/wp-content\/uploads\/2026\/03\/Lamborghini-Miura.jpg","type":"image\/jpeg"}],"author":"redazione","twitter_card":"summary_large_image","twitter_creator":"@bellunopress","twitter_site":"@bellunopress","twitter_misc":{"\u00c9crit par":"redazione","Dur\u00e9e de lecture estim\u00e9e":"2 minutes"},"schema":{"@context":"https:\/\/schema.org","@graph":[{"@type":"Article","@id":"https:\/\/www.bellunopress.it\/2026\/03\/17\/lauto-che-invento-il-futuro-la-lamborghini-miura-compie-60-anni-al-vicenza-classic-car-show\/#article","isPartOf":{"@id":"https:\/\/www.bellunopress.it\/2026\/03\/17\/lauto-che-invento-il-futuro-la-lamborghini-miura-compie-60-anni-al-vicenza-classic-car-show\/"},"author":{"name":"redazione","@id":"https:\/\/www.bellunopress.it\/#\/schema\/person\/79bb06722b37ece1c03d3e94beb30d73"},"headline":"L\u2019auto che invent\u00f2 il futuro: la Lamborghini Miura compie 60 anni al Vicenza Classic Car Show","datePublished":"2026-03-17T13:10:08+00:00","mainEntityOfPage":{"@id":"https:\/\/www.bellunopress.it\/2026\/03\/17\/lauto-che-invento-il-futuro-la-lamborghini-miura-compie-60-anni-al-vicenza-classic-car-show\/"},"wordCount":454,"publisher":{"@id":"https:\/\/www.bellunopress.it\/#organization"},"image":{"@id":"https:\/\/www.bellunopress.it\/2026\/03\/17\/lauto-che-invento-il-futuro-la-lamborghini-miura-compie-60-anni-al-vicenza-classic-car-show\/#primaryimage"},"thumbnailUrl":"https:\/\/www.bellunopress.it\/wp-content\/uploads\/2026\/03\/Lamborghini-Miura.jpg","articleSection":["Cultura e spettacoli, tempo libero, benessere, fuori provincia","Pausa Caff\u00e8"],"inLanguage":"fr-FR"},{"@type":"WebPage","@id":"https:\/\/www.bellunopress.it\/2026\/03\/17\/lauto-che-invento-il-futuro-la-lamborghini-miura-compie-60-anni-al-vicenza-classic-car-show\/","url":"https:\/\/www.bellunopress.it\/2026\/03\/17\/lauto-che-invento-il-futuro-la-lamborghini-miura-compie-60-anni-al-vicenza-classic-car-show\/","name":"L\u2019auto che invent\u00f2 il futuro: la Lamborghini Miura compie 60 anni al Vicenza Classic Car Show - Bellunopress - Dolomiti","isPartOf":{"@id":"https:\/\/www.bellunopress.it\/#website"},"primaryImageOfPage":{"@id":"https:\/\/www.bellunopress.it\/2026\/03\/17\/lauto-che-invento-il-futuro-la-lamborghini-miura-compie-60-anni-al-vicenza-classic-car-show\/#primaryimage"},"image":{"@id":"https:\/\/www.bellunopress.it\/2026\/03\/17\/lauto-che-invento-il-futuro-la-lamborghini-miura-compie-60-anni-al-vicenza-classic-car-show\/#primaryimage"},"thumbnailUrl":"https:\/\/www.bellunopress.it\/wp-content\/uploads\/2026\/03\/Lamborghini-Miura.jpg","datePublished":"2026-03-17T13:10:08+00:00","breadcrumb":{"@id":"https:\/\/www.bellunopress.it\/2026\/03\/17\/lauto-che-invento-il-futuro-la-lamborghini-miura-compie-60-anni-al-vicenza-classic-car-show\/#breadcrumb"},"inLanguage":"fr-FR","potentialAction":[{"@type":"ReadAction","target":["https:\/\/www.bellunopress.it\/2026\/03\/17\/lauto-che-invento-il-futuro-la-lamborghini-miura-compie-60-anni-al-vicenza-classic-car-show\/"]}]},{"@type":"ImageObject","inLanguage":"fr-FR","@id":"https:\/\/www.bellunopress.it\/2026\/03\/17\/lauto-che-invento-il-futuro-la-lamborghini-miura-compie-60-anni-al-vicenza-classic-car-show\/#primaryimage","url":"https:\/\/www.bellunopress.it\/wp-content\/uploads\/2026\/03\/Lamborghini-Miura.jpg","contentUrl":"https:\/\/www.bellunopress.it\/wp-content\/uploads\/2026\/03\/Lamborghini-Miura.jpg","width":600,"height":372,"caption":"Lamborghini Miura"},{"@type":"BreadcrumbList","@id":"https:\/\/www.bellunopress.it\/2026\/03\/17\/lauto-che-invento-il-futuro-la-lamborghini-miura-compie-60-anni-al-vicenza-classic-car-show\/#breadcrumb","itemListElement":[{"@type":"ListItem","position":1,"name":"Home","item":"https:\/\/www.bellunopress.it\/"},{"@type":"ListItem","position":2,"name":"L\u2019auto che invent\u00f2 il futuro: la Lamborghini Miura compie 60 anni al Vicenza Classic Car Show"}]},{"@type":"WebSite","@id":"https:\/\/www.bellunopress.it\/#website","url":"https:\/\/www.bellunopress.it\/","name":"Bellunopress - Dolomiti","description":"e-mail: redazione@bellunopress.it","publisher":{"@id":"https:\/\/www.bellunopress.it\/#organization"},"potentialAction":[{"@type":"SearchAction","target":{"@type":"EntryPoint","urlTemplate":"https:\/\/www.bellunopress.it\/?s={search_term_string}"},"query-input":{"@type":"PropertyValueSpecification","valueRequired":true,"valueName":"search_term_string"}}],"inLanguage":"fr-FR"},{"@type":"Organization","@id":"https:\/\/www.bellunopress.it\/#organization","name":"Bellunopress","url":"https:\/\/www.bellunopress.it\/","logo":{"@type":"ImageObject","inLanguage":"fr-FR","@id":"https:\/\/www.bellunopress.it\/#\/schema\/logo\/image\/","url":"https:\/\/www.bellunopress.it\/wp-content\/uploads\/2011\/05\/cropped-logo-bellunopress-.jpg","contentUrl":"https:\/\/www.bellunopress.it\/wp-content\/uploads\/2011\/05\/cropped-logo-bellunopress-.jpg","width":512,"height":512,"caption":"Bellunopress"},"image":{"@id":"https:\/\/www.bellunopress.it\/#\/schema\/logo\/image\/"},"sameAs":["https:\/\/www.facebook.com\/profile.php?id=100008943462799","https:\/\/x.com\/bellunopress","https:\/\/www.linkedin.com\/hp\/?dnr=JBzUWaJfMUw8vbXJJ2tVW5-I3jZKvC4wsoxE&amp;amp;amp;amp;amp;amp;trk=nav_responsive_tab_home","https:\/\/www.youtube.com\/channel\/UCxL0wu1uN0_3_7hGG0306cw"]},{"@type":"Person","@id":"https:\/\/www.bellunopress.it\/#\/schema\/person\/79bb06722b37ece1c03d3e94beb30d73","name":"r\u00e9daction","image":{"@type":"ImageObject","inLanguage":"fr-FR","@id":"https:\/\/secure.gravatar.com\/avatar\/37d968a2e67a6fd04c169c4bdef102d0bc5d31b2546345219e348575eb80e9a0?s=96&d=mm&r=g","url":"https:\/\/secure.gravatar.com\/avatar\/37d968a2e67a6fd04c169c4bdef102d0bc5d31b2546345219e348575eb80e9a0?s=96&d=mm&r=g","contentUrl":"https:\/\/secure.gravatar.com\/avatar\/37d968a2e67a6fd04c169c4bdef102d0bc5d31b2546345219e348575eb80e9a0?s=96&d=mm&r=g","caption":"redazione"},"sameAs":["http:\/\/www.bellunopress.it","https:\/\/x.com\/bellunopress"],"url":"https:\/\/www.bellunopress.it\/fr\/author\/redazione\/"}]}},"_links":{"self":[{"href":"https:\/\/www.bellunopress.it\/fr\/wp-json\/wp\/v2\/posts\/168247","targetHints":{"allow":["GET"]}}],"collection":[{"href":"https:\/\/www.bellunopress.it\/fr\/wp-json\/wp\/v2\/posts"}],"about":[{"href":"https:\/\/www.bellunopress.it\/fr\/wp-json\/wp\/v2\/types\/post"}],"author":[{"embeddable":true,"href":"https:\/\/www.bellunopress.it\/fr\/wp-json\/wp\/v2\/users\/2"}],"replies":[{"embeddable":true,"href":"https:\/\/www.bellunopress.it\/fr\/wp-json\/wp\/v2\/comments?post=168247"}],"version-history":[{"count":1,"href":"https:\/\/www.bellunopress.it\/fr\/wp-json\/wp\/v2\/posts\/168247\/revisions"}],"predecessor-version":[{"id":168249,"href":"https:\/\/www.bellunopress.it\/fr\/wp-json\/wp\/v2\/posts\/168247\/revisions\/168249"}],"wp:featuredmedia":[{"embeddable":true,"href":"https:\/\/www.bellunopress.it\/fr\/wp-json\/wp\/v2\/media\/168248"}],"wp:attachment":[{"href":"https:\/\/www.bellunopress.it\/fr\/wp-json\/wp\/v2\/media?parent=168247"}],"wp:term":[{"taxonomy":"category","embeddable":true,"href":"https:\/\/www.bellunopress.it\/fr\/wp-json\/wp\/v2\/categories?post=168247"},{"taxonomy":"post_tag","embeddable":true,"href":"https:\/\/www.bellunopress.it\/fr\/wp-json\/wp\/v2\/tags?post=168247"}],"curies":[{"name":"wp","href":"https:\/\/api.w.org\/{rel}","templated":true}]}}