{"id":168243,"date":"2026-03-17T12:54:40","date_gmt":"2026-03-17T11:54:40","guid":{"rendered":"https:\/\/www.bellunopress.it\/?p=168243"},"modified":"2026-03-17T12:54:40","modified_gmt":"2026-03-17T11:54:40","slug":"alcol-e-dipendenze-venerdi-a-belluno-un-incontro-pubblico-per-rompere-il-silenzio","status":"publish","type":"post","link":"https:\/\/www.bellunopress.it\/fr\/2026\/03\/17\/alcol-e-dipendenze-venerdi-a-belluno-un-incontro-pubblico-per-rompere-il-silenzio\/","title":{"rendered":"Alcol e dipendenze: venerd\u00ec a Belluno un incontro pubblico per rompere il silenzio"},"content":{"rendered":"<p id=\"p-rc_c3410ab258220e7e-19\" data-path-to-node=\"3\">Belluno, 17\/03\/2026\u00a0\u2013 Un momento di riflessione, confronto e informazione su un tema delicato che tocca da vicino molte famiglie del territorio. <span class=\"citation-13\">Venerd\u00ec <\/span><span class=\"citation-13\">20 marzo<\/span><span class=\"citation-13\">, la Sala &#8220;E. Dal Pont&#8221; (Bianchi) ospiter\u00e0 la conferenza <\/span><span class=\"citation-13\">&#8220;Alcol e altre dipendenze&#8221;<\/span><span class=\"citation-13\">, un\u2019iniziativa volta a sensibilizzare la cittadinanza sulle sfide legate all&#8217;abuso di sostanze e sulle reti di supporto disponibili<\/span>.<\/p>\n<p id=\"p-rc_c3410ab258220e7e-20\" data-path-to-node=\"4\"><span class=\"citation-12\">L\u2019evento, che si terr\u00e0 dalle ore <\/span><span class=\"citation-12\">18:00 alle ore 20:00<\/span><span class=\"citation-12\"> in Viale Fantuzzi 11, nasce dalla sinergia tra le istituzioni locali e le realt\u00e0 che operano quotidianamente nel campo della prevenzione e del recupero<\/span>.<\/p>\n<h3 data-path-to-node=\"5\">Un fronte comune contro le dipendenze<\/h3>\n<p data-path-to-node=\"6\">La conferenza vedr\u00e0 la partecipazione di figure chiave del settore socio-sanitario e del volontariato:<\/p>\n<p data-path-to-node=\"6\"><span class=\"citation-11\">Comune di Belluno<\/span><span class=\"citation-11\">: presente con l\u2019Assessorato al Sociale, sottolineando l&#8217;importanza delle politiche per la famiglia e del rapporto con le frazioni<\/span>.<\/p>\n<p data-path-to-node=\"6\"><span class=\"citation-10\">AULSS 1 Dolomiti<\/span><span class=\"citation-10\">: interverranno i rappresentanti del Dipartimento Prevenzione e del Dipartimento per le Dipendenze (Ser.D) per fornire un quadro clinico e istituzionale della situazione<\/span>.<\/p>\n<p data-path-to-node=\"6\"><span class=\"citation-9\">Associazioni del territorio<\/span><span class=\"citation-9\">: il cuore pulsante dell\u2019aiuto reciproco sar\u00e0 rappresentato dall\u2019<\/span><span class=\"citation-9\">ACAT Belluno<\/span><span class=\"citation-9\"> (Associazione Club Alcologici Territoriali), dagli <\/span><span class=\"citation-9\">Alcolisti Anonimi<\/span><span class=\"citation-9\"> (Gruppo Meteora) e dai gruppi familiari <\/span><span class=\"citation-9\">Al-Anon<\/span>.<\/p>\n<h3 data-path-to-node=\"8\">L&#8217;importanza della partecipazione<\/h3>\n<p id=\"p-rc_c3410ab258220e7e-24\" data-path-to-node=\"9\">L&#8217;incontro non \u00e8 rivolto solo agli addetti ai lavori, ma a tutta la comunit\u00e0. <span class=\"citation-8\">Come recita l&#8217;invito istituzionale, <\/span><span class=\"citation-8\">&#8220;la cittadinanza \u00e8 invitata a partecipare&#8221;<\/span>. <span class=\"citation-7\">L&#8217;obiettivo \u00e8 duplice: informare sui rischi legati alle dipendenze e, allo stesso tempo, mostrare che esistono percorsi di uscita e gruppi di sostegno pronti ad accogliere chiunque si trovi in difficolt\u00e0<\/span>.<\/p>\n<p data-path-to-node=\"10\">L&#8217;ingresso \u00e8 libero e rappresenta un&#8217;occasione preziosa per approfondire tematiche spesso oggetto di stigma, promuovendo una cultura della salute e della solidariet\u00e0 sociale.<\/p>","protected":false},"excerpt":{"rendered":"<p>Belluno, 17\/03\/2026\u00a0\u2013 Un momento di riflessione, confronto e informazione su un tema delicato che tocca da vicino molte famiglie del territorio. Venerd\u00ec 20 marzo, la Sala &#8220;E. Dal Pont&#8221; (Bianchi) ospiter\u00e0 la conferenza &#8220;Alcol e altre dipendenze&#8221;, un\u2019iniziativa volta a sensibilizzare la cittadinanza sulle sfide legate all&#8217;abuso di sostanze e sulle reti di supporto disponibili. [&hellip;]<\/p>\n","protected":false},"author":2,"featured_media":168244,"comment_status":"closed","ping_status":"open","sticky":false,"template":"","format":"standard","meta":{"footnotes":""},"categories":[27,17],"tags":[],"class_list":["post-168243","post","type-post","status-publish","format-standard","has-post-thumbnail","category-appuntamenti","category-sanita"],"yoast_head":"<!-- This site is optimized with the Yoast SEO plugin v28.4 - https:\/\/yoast.com\/product\/yoast-seo-wordpress\/ -->\n<title>Alcol e dipendenze: venerd\u00ec a Belluno un incontro pubblico per rompere il silenzio - Bellunopress - Dolomiti<\/title>\n<meta name=\"robots\" content=\"index, follow, max-snippet:-1, max-image-preview:large, max-video-preview:-1\" \/>\n<link rel=\"canonical\" href=\"https:\/\/www.bellunopress.it\/fr\/2026\/03\/17\/alcol-e-dipendenze-venerdi-a-belluno-un-incontro-pubblico-per-rompere-il-silenzio\/\" \/>\n<meta property=\"og:locale\" content=\"fr_FR\" \/>\n<meta property=\"og:type\" content=\"article\" \/>\n<meta property=\"og:title\" content=\"Alcol e dipendenze: venerd\u00ec a Belluno un incontro pubblico per rompere il silenzio - Bellunopress - Dolomiti\" \/>\n<meta property=\"og:description\" content=\"Belluno, 17\/03\/2026\u00a0\u2013 Un momento di riflessione, confronto e informazione su un tema delicato che tocca da vicino molte famiglie del territorio. Venerd\u00ec 20 marzo, la Sala &#8220;E. Dal Pont&#8221; (Bianchi) ospiter\u00e0 la conferenza &#8220;Alcol e altre dipendenze&#8221;, un\u2019iniziativa volta a sensibilizzare la cittadinanza sulle sfide legate all&#8217;abuso di sostanze e sulle reti di supporto disponibili. [&hellip;]\" \/>\n<meta property=\"og:url\" content=\"https:\/\/www.bellunopress.it\/fr\/2026\/03\/17\/alcol-e-dipendenze-venerdi-a-belluno-un-incontro-pubblico-per-rompere-il-silenzio\/\" \/>\n<meta property=\"og:site_name\" content=\"Bellunopress - Dolomiti\" \/>\n<meta property=\"article:publisher\" content=\"https:\/\/www.facebook.com\/profile.php?id=100008943462799\" \/>\n<meta property=\"article:published_time\" content=\"2026-03-17T11:54:40+00:00\" \/>\n<meta property=\"og:image\" content=\"https:\/\/www.bellunopress.it\/wp-content\/uploads\/2026\/03\/alcol-e-altre-dipendenze.jpg\" \/>\n\t<meta property=\"og:image:width\" content=\"500\" \/>\n\t<meta property=\"og:image:height\" content=\"375\" \/>\n\t<meta property=\"og:image:type\" content=\"image\/jpeg\" \/>\n<meta name=\"author\" content=\"redazione\" \/>\n<meta name=\"twitter:card\" content=\"summary_large_image\" \/>\n<meta name=\"twitter:creator\" content=\"@bellunopress\" \/>\n<meta name=\"twitter:site\" content=\"@bellunopress\" \/>\n<meta name=\"twitter:label1\" content=\"\u00c9crit par\" \/>\n\t<meta name=\"twitter:data1\" content=\"redazione\" \/>\n\t<meta name=\"twitter:label2\" content=\"Dur\u00e9e de lecture estim\u00e9e\" \/>\n\t<meta name=\"twitter:data2\" content=\"1 minute\" \/>\n<script type=\"application\/ld+json\" class=\"yoast-schema-graph\">{\"@context\":\"https:\\\/\\\/schema.org\",\"@graph\":[{\"@type\":\"Article\",\"@id\":\"https:\\\/\\\/www.bellunopress.it\\\/2026\\\/03\\\/17\\\/alcol-e-dipendenze-venerdi-a-belluno-un-incontro-pubblico-per-rompere-il-silenzio\\\/#article\",\"isPartOf\":{\"@id\":\"https:\\\/\\\/www.bellunopress.it\\\/2026\\\/03\\\/17\\\/alcol-e-dipendenze-venerdi-a-belluno-un-incontro-pubblico-per-rompere-il-silenzio\\\/\"},\"author\":{\"name\":\"redazione\",\"@id\":\"https:\\\/\\\/www.bellunopress.it\\\/#\\\/schema\\\/person\\\/79bb06722b37ece1c03d3e94beb30d73\"},\"headline\":\"Alcol e dipendenze: venerd\u00ec a Belluno un incontro pubblico per rompere il silenzio\",\"datePublished\":\"2026-03-17T11:54:40+00:00\",\"mainEntityOfPage\":{\"@id\":\"https:\\\/\\\/www.bellunopress.it\\\/2026\\\/03\\\/17\\\/alcol-e-dipendenze-venerdi-a-belluno-un-incontro-pubblico-per-rompere-il-silenzio\\\/\"},\"wordCount\":279,\"publisher\":{\"@id\":\"https:\\\/\\\/www.bellunopress.it\\\/#organization\"},\"image\":{\"@id\":\"https:\\\/\\\/www.bellunopress.it\\\/2026\\\/03\\\/17\\\/alcol-e-dipendenze-venerdi-a-belluno-un-incontro-pubblico-per-rompere-il-silenzio\\\/#primaryimage\"},\"thumbnailUrl\":\"https:\\\/\\\/www.bellunopress.it\\\/wp-content\\\/uploads\\\/2026\\\/03\\\/alcol-e-altre-dipendenze.jpg\",\"articleSection\":[\"Appuntamenti, Eventi\",\"Sanit\u00e0 Medicina\"],\"inLanguage\":\"fr-FR\"},{\"@type\":\"WebPage\",\"@id\":\"https:\\\/\\\/www.bellunopress.it\\\/2026\\\/03\\\/17\\\/alcol-e-dipendenze-venerdi-a-belluno-un-incontro-pubblico-per-rompere-il-silenzio\\\/\",\"url\":\"https:\\\/\\\/www.bellunopress.it\\\/2026\\\/03\\\/17\\\/alcol-e-dipendenze-venerdi-a-belluno-un-incontro-pubblico-per-rompere-il-silenzio\\\/\",\"name\":\"Alcol e dipendenze: venerd\u00ec a Belluno un incontro pubblico per rompere il silenzio - Bellunopress - Dolomiti\",\"isPartOf\":{\"@id\":\"https:\\\/\\\/www.bellunopress.it\\\/#website\"},\"primaryImageOfPage\":{\"@id\":\"https:\\\/\\\/www.bellunopress.it\\\/2026\\\/03\\\/17\\\/alcol-e-dipendenze-venerdi-a-belluno-un-incontro-pubblico-per-rompere-il-silenzio\\\/#primaryimage\"},\"image\":{\"@id\":\"https:\\\/\\\/www.bellunopress.it\\\/2026\\\/03\\\/17\\\/alcol-e-dipendenze-venerdi-a-belluno-un-incontro-pubblico-per-rompere-il-silenzio\\\/#primaryimage\"},\"thumbnailUrl\":\"https:\\\/\\\/www.bellunopress.it\\\/wp-content\\\/uploads\\\/2026\\\/03\\\/alcol-e-altre-dipendenze.jpg\",\"datePublished\":\"2026-03-17T11:54:40+00:00\",\"breadcrumb\":{\"@id\":\"https:\\\/\\\/www.bellunopress.it\\\/2026\\\/03\\\/17\\\/alcol-e-dipendenze-venerdi-a-belluno-un-incontro-pubblico-per-rompere-il-silenzio\\\/#breadcrumb\"},\"inLanguage\":\"fr-FR\",\"potentialAction\":[{\"@type\":\"ReadAction\",\"target\":[\"https:\\\/\\\/www.bellunopress.it\\\/2026\\\/03\\\/17\\\/alcol-e-dipendenze-venerdi-a-belluno-un-incontro-pubblico-per-rompere-il-silenzio\\\/\"]}]},{\"@type\":\"ImageObject\",\"inLanguage\":\"fr-FR\",\"@id\":\"https:\\\/\\\/www.bellunopress.it\\\/2026\\\/03\\\/17\\\/alcol-e-dipendenze-venerdi-a-belluno-un-incontro-pubblico-per-rompere-il-silenzio\\\/#primaryimage\",\"url\":\"https:\\\/\\\/www.bellunopress.it\\\/wp-content\\\/uploads\\\/2026\\\/03\\\/alcol-e-altre-dipendenze.jpg\",\"contentUrl\":\"https:\\\/\\\/www.bellunopress.it\\\/wp-content\\\/uploads\\\/2026\\\/03\\\/alcol-e-altre-dipendenze.jpg\",\"width\":500,\"height\":375},{\"@type\":\"BreadcrumbList\",\"@id\":\"https:\\\/\\\/www.bellunopress.it\\\/2026\\\/03\\\/17\\\/alcol-e-dipendenze-venerdi-a-belluno-un-incontro-pubblico-per-rompere-il-silenzio\\\/#breadcrumb\",\"itemListElement\":[{\"@type\":\"ListItem\",\"position\":1,\"name\":\"Home\",\"item\":\"https:\\\/\\\/www.bellunopress.it\\\/\"},{\"@type\":\"ListItem\",\"position\":2,\"name\":\"Alcol e dipendenze: venerd\u00ec a Belluno un incontro pubblico per rompere il silenzio\"}]},{\"@type\":\"WebSite\",\"@id\":\"https:\\\/\\\/www.bellunopress.it\\\/#website\",\"url\":\"https:\\\/\\\/www.bellunopress.it\\\/\",\"name\":\"Bellunopress - Dolomiti\",\"description\":\"e-mail: redazione@bellunopress.it\",\"publisher\":{\"@id\":\"https:\\\/\\\/www.bellunopress.it\\\/#organization\"},\"potentialAction\":[{\"@type\":\"SearchAction\",\"target\":{\"@type\":\"EntryPoint\",\"urlTemplate\":\"https:\\\/\\\/www.bellunopress.it\\\/?s={search_term_string}\"},\"query-input\":{\"@type\":\"PropertyValueSpecification\",\"valueRequired\":true,\"valueName\":\"search_term_string\"}}],\"inLanguage\":\"fr-FR\"},{\"@type\":\"Organization\",\"@id\":\"https:\\\/\\\/www.bellunopress.it\\\/#organization\",\"name\":\"Bellunopress\",\"url\":\"https:\\\/\\\/www.bellunopress.it\\\/\",\"logo\":{\"@type\":\"ImageObject\",\"inLanguage\":\"fr-FR\",\"@id\":\"https:\\\/\\\/www.bellunopress.it\\\/#\\\/schema\\\/logo\\\/image\\\/\",\"url\":\"https:\\\/\\\/www.bellunopress.it\\\/wp-content\\\/uploads\\\/2011\\\/05\\\/cropped-logo-bellunopress-.jpg\",\"contentUrl\":\"https:\\\/\\\/www.bellunopress.it\\\/wp-content\\\/uploads\\\/2011\\\/05\\\/cropped-logo-bellunopress-.jpg\",\"width\":512,\"height\":512,\"caption\":\"Bellunopress\"},\"image\":{\"@id\":\"https:\\\/\\\/www.bellunopress.it\\\/#\\\/schema\\\/logo\\\/image\\\/\"},\"sameAs\":[\"https:\\\/\\\/www.facebook.com\\\/profile.php?id=100008943462799\",\"https:\\\/\\\/x.com\\\/bellunopress\",\"https:\\\/\\\/www.linkedin.com\\\/hp\\\/?dnr=JBzUWaJfMUw8vbXJJ2tVW5-I3jZKvC4wsoxE&amp;amp;amp;amp;amp;amp;trk=nav_responsive_tab_home\",\"https:\\\/\\\/www.youtube.com\\\/channel\\\/UCxL0wu1uN0_3_7hGG0306cw\"]},{\"@type\":\"Person\",\"@id\":\"https:\\\/\\\/www.bellunopress.it\\\/#\\\/schema\\\/person\\\/79bb06722b37ece1c03d3e94beb30d73\",\"name\":\"redazione\",\"image\":{\"@type\":\"ImageObject\",\"inLanguage\":\"fr-FR\",\"@id\":\"https:\\\/\\\/secure.gravatar.com\\\/avatar\\\/37d968a2e67a6fd04c169c4bdef102d0bc5d31b2546345219e348575eb80e9a0?s=96&d=mm&r=g\",\"url\":\"https:\\\/\\\/secure.gravatar.com\\\/avatar\\\/37d968a2e67a6fd04c169c4bdef102d0bc5d31b2546345219e348575eb80e9a0?s=96&d=mm&r=g\",\"contentUrl\":\"https:\\\/\\\/secure.gravatar.com\\\/avatar\\\/37d968a2e67a6fd04c169c4bdef102d0bc5d31b2546345219e348575eb80e9a0?s=96&d=mm&r=g\",\"caption\":\"redazione\"},\"sameAs\":[\"http:\\\/\\\/www.bellunopress.it\",\"https:\\\/\\\/x.com\\\/bellunopress\"],\"url\":\"https:\\\/\\\/www.bellunopress.it\\\/fr\\\/author\\\/redazione\\\/\"}]}<\/script>\n<!-- \/ Yoast SEO plugin. -->","yoast_head_json":{"title":"Alcol e dipendenze: venerd\u00ec a Belluno un incontro pubblico per rompere il silenzio - Bellunopress - Dolomiti","robots":{"index":"index","follow":"follow","max-snippet":"max-snippet:-1","max-image-preview":"max-image-preview:large","max-video-preview":"max-video-preview:-1"},"canonical":"https:\/\/www.bellunopress.it\/fr\/2026\/03\/17\/alcol-e-dipendenze-venerdi-a-belluno-un-incontro-pubblico-per-rompere-il-silenzio\/","og_locale":"fr_FR","og_type":"article","og_title":"Alcol e dipendenze: venerd\u00ec a Belluno un incontro pubblico per rompere il silenzio - Bellunopress - Dolomiti","og_description":"Belluno, 17\/03\/2026\u00a0\u2013 Un momento di riflessione, confronto e informazione su un tema delicato che tocca da vicino molte famiglie del territorio. Venerd\u00ec 20 marzo, la Sala &#8220;E. Dal Pont&#8221; (Bianchi) ospiter\u00e0 la conferenza &#8220;Alcol e altre dipendenze&#8221;, un\u2019iniziativa volta a sensibilizzare la cittadinanza sulle sfide legate all&#8217;abuso di sostanze e sulle reti di supporto disponibili. [&hellip;]","og_url":"https:\/\/www.bellunopress.it\/fr\/2026\/03\/17\/alcol-e-dipendenze-venerdi-a-belluno-un-incontro-pubblico-per-rompere-il-silenzio\/","og_site_name":"Bellunopress - Dolomiti","article_publisher":"https:\/\/www.facebook.com\/profile.php?id=100008943462799","article_published_time":"2026-03-17T11:54:40+00:00","og_image":[{"width":500,"height":375,"url":"https:\/\/www.bellunopress.it\/wp-content\/uploads\/2026\/03\/alcol-e-altre-dipendenze.jpg","type":"image\/jpeg"}],"author":"redazione","twitter_card":"summary_large_image","twitter_creator":"@bellunopress","twitter_site":"@bellunopress","twitter_misc":{"\u00c9crit par":"redazione","Dur\u00e9e de lecture estim\u00e9e":"1 minute"},"schema":{"@context":"https:\/\/schema.org","@graph":[{"@type":"Article","@id":"https:\/\/www.bellunopress.it\/2026\/03\/17\/alcol-e-dipendenze-venerdi-a-belluno-un-incontro-pubblico-per-rompere-il-silenzio\/#article","isPartOf":{"@id":"https:\/\/www.bellunopress.it\/2026\/03\/17\/alcol-e-dipendenze-venerdi-a-belluno-un-incontro-pubblico-per-rompere-il-silenzio\/"},"author":{"name":"redazione","@id":"https:\/\/www.bellunopress.it\/#\/schema\/person\/79bb06722b37ece1c03d3e94beb30d73"},"headline":"Alcol e dipendenze: venerd\u00ec a Belluno un incontro pubblico per rompere il silenzio","datePublished":"2026-03-17T11:54:40+00:00","mainEntityOfPage":{"@id":"https:\/\/www.bellunopress.it\/2026\/03\/17\/alcol-e-dipendenze-venerdi-a-belluno-un-incontro-pubblico-per-rompere-il-silenzio\/"},"wordCount":279,"publisher":{"@id":"https:\/\/www.bellunopress.it\/#organization"},"image":{"@id":"https:\/\/www.bellunopress.it\/2026\/03\/17\/alcol-e-dipendenze-venerdi-a-belluno-un-incontro-pubblico-per-rompere-il-silenzio\/#primaryimage"},"thumbnailUrl":"https:\/\/www.bellunopress.it\/wp-content\/uploads\/2026\/03\/alcol-e-altre-dipendenze.jpg","articleSection":["Appuntamenti, Eventi","Sanit\u00e0 Medicina"],"inLanguage":"fr-FR"},{"@type":"WebPage","@id":"https:\/\/www.bellunopress.it\/2026\/03\/17\/alcol-e-dipendenze-venerdi-a-belluno-un-incontro-pubblico-per-rompere-il-silenzio\/","url":"https:\/\/www.bellunopress.it\/2026\/03\/17\/alcol-e-dipendenze-venerdi-a-belluno-un-incontro-pubblico-per-rompere-il-silenzio\/","name":"Alcol e dipendenze: venerd\u00ec a Belluno un incontro pubblico per rompere il silenzio - Bellunopress - Dolomiti","isPartOf":{"@id":"https:\/\/www.bellunopress.it\/#website"},"primaryImageOfPage":{"@id":"https:\/\/www.bellunopress.it\/2026\/03\/17\/alcol-e-dipendenze-venerdi-a-belluno-un-incontro-pubblico-per-rompere-il-silenzio\/#primaryimage"},"image":{"@id":"https:\/\/www.bellunopress.it\/2026\/03\/17\/alcol-e-dipendenze-venerdi-a-belluno-un-incontro-pubblico-per-rompere-il-silenzio\/#primaryimage"},"thumbnailUrl":"https:\/\/www.bellunopress.it\/wp-content\/uploads\/2026\/03\/alcol-e-altre-dipendenze.jpg","datePublished":"2026-03-17T11:54:40+00:00","breadcrumb":{"@id":"https:\/\/www.bellunopress.it\/2026\/03\/17\/alcol-e-dipendenze-venerdi-a-belluno-un-incontro-pubblico-per-rompere-il-silenzio\/#breadcrumb"},"inLanguage":"fr-FR","potentialAction":[{"@type":"ReadAction","target":["https:\/\/www.bellunopress.it\/2026\/03\/17\/alcol-e-dipendenze-venerdi-a-belluno-un-incontro-pubblico-per-rompere-il-silenzio\/"]}]},{"@type":"ImageObject","inLanguage":"fr-FR","@id":"https:\/\/www.bellunopress.it\/2026\/03\/17\/alcol-e-dipendenze-venerdi-a-belluno-un-incontro-pubblico-per-rompere-il-silenzio\/#primaryimage","url":"https:\/\/www.bellunopress.it\/wp-content\/uploads\/2026\/03\/alcol-e-altre-dipendenze.jpg","contentUrl":"https:\/\/www.bellunopress.it\/wp-content\/uploads\/2026\/03\/alcol-e-altre-dipendenze.jpg","width":500,"height":375},{"@type":"BreadcrumbList","@id":"https:\/\/www.bellunopress.it\/2026\/03\/17\/alcol-e-dipendenze-venerdi-a-belluno-un-incontro-pubblico-per-rompere-il-silenzio\/#breadcrumb","itemListElement":[{"@type":"ListItem","position":1,"name":"Home","item":"https:\/\/www.bellunopress.it\/"},{"@type":"ListItem","position":2,"name":"Alcol e dipendenze: venerd\u00ec a Belluno un incontro pubblico per rompere il silenzio"}]},{"@type":"WebSite","@id":"https:\/\/www.bellunopress.it\/#website","url":"https:\/\/www.bellunopress.it\/","name":"Bellunopress - Dolomiti","description":"e-mail: redazione@bellunopress.it","publisher":{"@id":"https:\/\/www.bellunopress.it\/#organization"},"potentialAction":[{"@type":"SearchAction","target":{"@type":"EntryPoint","urlTemplate":"https:\/\/www.bellunopress.it\/?s={search_term_string}"},"query-input":{"@type":"PropertyValueSpecification","valueRequired":true,"valueName":"search_term_string"}}],"inLanguage":"fr-FR"},{"@type":"Organization","@id":"https:\/\/www.bellunopress.it\/#organization","name":"Bellunopress","url":"https:\/\/www.bellunopress.it\/","logo":{"@type":"ImageObject","inLanguage":"fr-FR","@id":"https:\/\/www.bellunopress.it\/#\/schema\/logo\/image\/","url":"https:\/\/www.bellunopress.it\/wp-content\/uploads\/2011\/05\/cropped-logo-bellunopress-.jpg","contentUrl":"https:\/\/www.bellunopress.it\/wp-content\/uploads\/2011\/05\/cropped-logo-bellunopress-.jpg","width":512,"height":512,"caption":"Bellunopress"},"image":{"@id":"https:\/\/www.bellunopress.it\/#\/schema\/logo\/image\/"},"sameAs":["https:\/\/www.facebook.com\/profile.php?id=100008943462799","https:\/\/x.com\/bellunopress","https:\/\/www.linkedin.com\/hp\/?dnr=JBzUWaJfMUw8vbXJJ2tVW5-I3jZKvC4wsoxE&amp;amp;amp;amp;amp;amp;trk=nav_responsive_tab_home","https:\/\/www.youtube.com\/channel\/UCxL0wu1uN0_3_7hGG0306cw"]},{"@type":"Person","@id":"https:\/\/www.bellunopress.it\/#\/schema\/person\/79bb06722b37ece1c03d3e94beb30d73","name":"r\u00e9daction","image":{"@type":"ImageObject","inLanguage":"fr-FR","@id":"https:\/\/secure.gravatar.com\/avatar\/37d968a2e67a6fd04c169c4bdef102d0bc5d31b2546345219e348575eb80e9a0?s=96&d=mm&r=g","url":"https:\/\/secure.gravatar.com\/avatar\/37d968a2e67a6fd04c169c4bdef102d0bc5d31b2546345219e348575eb80e9a0?s=96&d=mm&r=g","contentUrl":"https:\/\/secure.gravatar.com\/avatar\/37d968a2e67a6fd04c169c4bdef102d0bc5d31b2546345219e348575eb80e9a0?s=96&d=mm&r=g","caption":"redazione"},"sameAs":["http:\/\/www.bellunopress.it","https:\/\/x.com\/bellunopress"],"url":"https:\/\/www.bellunopress.it\/fr\/author\/redazione\/"}]}},"_links":{"self":[{"href":"https:\/\/www.bellunopress.it\/fr\/wp-json\/wp\/v2\/posts\/168243","targetHints":{"allow":["GET"]}}],"collection":[{"href":"https:\/\/www.bellunopress.it\/fr\/wp-json\/wp\/v2\/posts"}],"about":[{"href":"https:\/\/www.bellunopress.it\/fr\/wp-json\/wp\/v2\/types\/post"}],"author":[{"embeddable":true,"href":"https:\/\/www.bellunopress.it\/fr\/wp-json\/wp\/v2\/users\/2"}],"replies":[{"embeddable":true,"href":"https:\/\/www.bellunopress.it\/fr\/wp-json\/wp\/v2\/comments?post=168243"}],"version-history":[{"count":1,"href":"https:\/\/www.bellunopress.it\/fr\/wp-json\/wp\/v2\/posts\/168243\/revisions"}],"predecessor-version":[{"id":168245,"href":"https:\/\/www.bellunopress.it\/fr\/wp-json\/wp\/v2\/posts\/168243\/revisions\/168245"}],"wp:featuredmedia":[{"embeddable":true,"href":"https:\/\/www.bellunopress.it\/fr\/wp-json\/wp\/v2\/media\/168244"}],"wp:attachment":[{"href":"https:\/\/www.bellunopress.it\/fr\/wp-json\/wp\/v2\/media?parent=168243"}],"wp:term":[{"taxonomy":"category","embeddable":true,"href":"https:\/\/www.bellunopress.it\/fr\/wp-json\/wp\/v2\/categories?post=168243"},{"taxonomy":"post_tag","embeddable":true,"href":"https:\/\/www.bellunopress.it\/fr\/wp-json\/wp\/v2\/tags?post=168243"}],"curies":[{"name":"wp","href":"https:\/\/api.w.org\/{rel}","templated":true}]}}