{"id":168238,"date":"2026-03-17T10:00:57","date_gmt":"2026-03-17T09:00:57","guid":{"rendered":"https:\/\/www.bellunopress.it\/?p=168238"},"modified":"2026-03-17T08:15:35","modified_gmt":"2026-03-17T07:15:35","slug":"il-delitto-prima-del-giallo-mauro-smocovich-esplora-le-radici-delloscurita-letteraria","status":"publish","type":"post","link":"https:\/\/www.bellunopress.it\/fr\/2026\/03\/17\/il-delitto-prima-del-giallo-mauro-smocovich-esplora-le-radici-delloscurita-letteraria\/","title":{"rendered":"Il delitto prima del giallo: Mauro Smocovich esplora le radici dell\u2019oscurit\u00e0 letteraria"},"content":{"rendered":"<div class=\"container\">\n<div id=\"model-response-message-contentr_d5c8eb5fda64b67b\" class=\"markdown markdown-main-panel enable-updated-hr-color\" dir=\"ltr\" aria-live=\"polite\" aria-busy=\"false\">\n<p data-path-to-node=\"3\"><b data-path-to-node=\"3\" data-index-in-node=\"0\">Esce in ebook &#8220;Aspettando il Giallo&#8221;, il nuovo volume della collana Atlante del Giallo. Un viaggio tra feuilleton, pulp e fantasmi letterari alla scoperta di ci\u00f2 che eravamo prima di Sherlock Holmes.<\/b><\/p>\n<p data-path-to-node=\"5\">Il genere &#8220;giallo&#8221; non \u00e8 sempre stato identificato dal colore delle celebri copertine Mondadori. Prima della codificazione moderna, il delitto, l&#8217;indagine e il mistero abitavano terre di confine, foreste narrative popolate da giustizieri, detective improvvisati e criminali gentiluomini. \u00c8 proprio in questo territorio selvaggio e affascinante che ci conduce Mauro Smocovich con il suo nuovo lavoro, &#8220;Aspettando il Giallo &#8211; Altri sette piccoli saggi in cerca di un genere&#8221;, da oggi disponibile in formato ebook per Delos Digital.<\/p>\n<h3 data-path-to-node=\"6\">Una foresta chiamata delitto<\/h3>\n<p data-path-to-node=\"7\">Secondo Smocovich, il giallo non \u00e8 semplicemente un genere cinematografico o letterario, ma una vera e propria &#8220;foresta&#8221;. Il libro, quattordicesima uscita della prestigiosa collana <i data-path-to-node=\"7\" data-index-in-node=\"181\">Atlante del Giallo<\/i>, si propone come una mappa sentimentale per orientarsi tra i fantasmi di un passato in cui il poliziesco non aveva ancora un nome ufficiale, ma era gi\u00e0 vivissimo nei <i data-path-to-node=\"7\" data-index-in-node=\"366\">feuilleton<\/i> e nei <i data-path-to-node=\"7\" data-index-in-node=\"383\">pulp magazine<\/i>.<\/p>\n<p data-path-to-node=\"8\">Attraverso sette saggi che spaziano dalla cronaca nera all&#8217;invenzione pura, l\u2019autore guida il lettore dai bassifondi parigini di Eug\u00e8ne Sue ai salotti intrisi di arguzia di Oscar Wilde, passando per gli incubi di Stevenson e i segreti di Louisa May Alcott. Non mancano figure iconiche come Batman, il re del brivido Stephen King e l\u2019italiana Carolina Invernizio, le cui storie venivano &#8220;divorate&#8221; dalle sartine di fine Ottocento.<\/p>\n<h3 data-path-to-node=\"9\">La domanda fondamentale: perch\u00e9 il male ci affascina?<\/h3>\n<p data-path-to-node=\"10\">Al centro dell\u2019opera non c&#8217;\u00e8 solo l&#8217;analisi storica, ma un interrogativo filosofico che attraversa i secoli: perch\u00e9 leggiamo storie di delitti? Perch\u00e9 il male esercita su di noi un richiamo cos\u00ec potente? Smocovich cerca le risposte analizzando il passaggio tra la giustizia sommaria e la vendetta, tra il fatto di cronaca e la sua trasfigurazione letteraria.<\/p>\n<h3 data-path-to-node=\"11\">L\u2019autore<\/h3>\n<p data-path-to-node=\"12\">Mauro Smocovich \u00e8 una delle voci pi\u00f9 autorevoli nel panorama della saggistica noir in Italia. Curatore di <i data-path-to-node=\"12\" data-index-in-node=\"106\">ThrillerMagazine.it<\/i> e storico collaboratore di Carlo Lucarelli (con cui ha lavorato anche per il programma TV <i data-path-to-node=\"12\" data-index-in-node=\"216\">In compagnia del lupo<\/i>), Smocovich ha firmato opere fondamentali come il <i data-path-to-node=\"12\" data-index-in-node=\"288\">DizioNoir<\/i> e la serie a fumetti <i data-path-to-node=\"12\" data-index-in-node=\"319\">Cornelio \u2013 Delitti d&#8217;autore<\/i>. Con questo nuovo ebook, prosegue il percorso iniziato con il fortunato <i data-path-to-node=\"12\" data-index-in-node=\"419\">Il giallo, probabilmente<\/i>, confermandosi un attento &#8220;archeologo&#8221; delle ombre narrative.<\/p>\n<p data-path-to-node=\"13\">&#8220;Aspettando il Giallo&#8221; \u00e8 un invito a riscoprire che ogni genere, prima di essere etichettato e riposto sugli scaffali, \u00e8 stato un fantasma in cerca di identit\u00e0. Un titolo imperdibile per chiunque voglia capire cosa si nasconde dietro la porta chiusa di un mistero.<\/p>\n<\/div>\n<\/div>","protected":false},"excerpt":{"rendered":"<p>Esce in ebook &#8220;Aspettando il Giallo&#8221;, il nuovo volume della collana Atlante del Giallo. Un viaggio tra feuilleton, pulp e fantasmi letterari alla scoperta di ci\u00f2 che eravamo prima di Sherlock Holmes. Il genere &#8220;giallo&#8221; non \u00e8 sempre stato identificato dal colore delle celebri copertine Mondadori. Prima della codificazione moderna, il delitto, l&#8217;indagine e il [&hellip;]<\/p>\n","protected":false},"author":2,"featured_media":168239,"comment_status":"closed","ping_status":"open","sticky":false,"template":"","format":"standard","meta":{"footnotes":""},"categories":[3,25],"tags":[],"class_list":["post-168238","post","type-post","status-publish","format-standard","has-post-thumbnail","category-arte-cultura-spettacoli-scienza-archivi","category-pausa-caffe"],"yoast_head":"<!-- This site is optimized with the Yoast SEO plugin v28.4 - https:\/\/yoast.com\/product\/yoast-seo-wordpress\/ -->\n<title>Il delitto prima del giallo: Mauro Smocovich esplora le radici dell\u2019oscurit\u00e0 letteraria - Bellunopress - Dolomiti<\/title>\n<meta name=\"robots\" content=\"index, follow, max-snippet:-1, max-image-preview:large, max-video-preview:-1\" \/>\n<link rel=\"canonical\" href=\"https:\/\/www.bellunopress.it\/fr\/2026\/03\/17\/il-delitto-prima-del-giallo-mauro-smocovich-esplora-le-radici-delloscurita-letteraria\/\" \/>\n<meta property=\"og:locale\" content=\"fr_FR\" \/>\n<meta property=\"og:type\" content=\"article\" \/>\n<meta property=\"og:title\" content=\"Il delitto prima del giallo: Mauro Smocovich esplora le radici dell\u2019oscurit\u00e0 letteraria - Bellunopress - Dolomiti\" \/>\n<meta property=\"og:description\" content=\"Esce in ebook &#8220;Aspettando il Giallo&#8221;, il nuovo volume della collana Atlante del Giallo. Un viaggio tra feuilleton, pulp e fantasmi letterari alla scoperta di ci\u00f2 che eravamo prima di Sherlock Holmes. Il genere &#8220;giallo&#8221; non \u00e8 sempre stato identificato dal colore delle celebri copertine Mondadori. Prima della codificazione moderna, il delitto, l&#8217;indagine e il [&hellip;]\" \/>\n<meta property=\"og:url\" content=\"https:\/\/www.bellunopress.it\/fr\/2026\/03\/17\/il-delitto-prima-del-giallo-mauro-smocovich-esplora-le-radici-delloscurita-letteraria\/\" \/>\n<meta property=\"og:site_name\" content=\"Bellunopress - Dolomiti\" \/>\n<meta property=\"article:publisher\" content=\"https:\/\/www.facebook.com\/profile.php?id=100008943462799\" \/>\n<meta property=\"article:published_time\" content=\"2026-03-17T09:00:57+00:00\" \/>\n<meta property=\"og:image\" content=\"https:\/\/www.bellunopress.it\/wp-content\/uploads\/2026\/03\/aspettando-il-giallo-di-mauro-smocovich.jpg\" \/>\n\t<meta property=\"og:image:width\" content=\"350\" \/>\n\t<meta property=\"og:image:height\" content=\"490\" \/>\n\t<meta property=\"og:image:type\" content=\"image\/jpeg\" \/>\n<meta name=\"author\" content=\"redazione\" \/>\n<meta name=\"twitter:card\" content=\"summary_large_image\" \/>\n<meta name=\"twitter:creator\" content=\"@bellunopress\" \/>\n<meta name=\"twitter:site\" content=\"@bellunopress\" \/>\n<meta name=\"twitter:label1\" content=\"\u00c9crit par\" \/>\n\t<meta name=\"twitter:data1\" content=\"redazione\" \/>\n\t<meta name=\"twitter:label2\" content=\"Dur\u00e9e de lecture estim\u00e9e\" \/>\n\t<meta name=\"twitter:data2\" content=\"2 minutes\" \/>\n<script type=\"application\/ld+json\" class=\"yoast-schema-graph\">{\"@context\":\"https:\\\/\\\/schema.org\",\"@graph\":[{\"@type\":\"Article\",\"@id\":\"https:\\\/\\\/www.bellunopress.it\\\/2026\\\/03\\\/17\\\/il-delitto-prima-del-giallo-mauro-smocovich-esplora-le-radici-delloscurita-letteraria\\\/#article\",\"isPartOf\":{\"@id\":\"https:\\\/\\\/www.bellunopress.it\\\/2026\\\/03\\\/17\\\/il-delitto-prima-del-giallo-mauro-smocovich-esplora-le-radici-delloscurita-letteraria\\\/\"},\"author\":{\"name\":\"redazione\",\"@id\":\"https:\\\/\\\/www.bellunopress.it\\\/#\\\/schema\\\/person\\\/79bb06722b37ece1c03d3e94beb30d73\"},\"headline\":\"Il delitto prima del giallo: Mauro Smocovich esplora le radici dell\u2019oscurit\u00e0 letteraria\",\"datePublished\":\"2026-03-17T09:00:57+00:00\",\"mainEntityOfPage\":{\"@id\":\"https:\\\/\\\/www.bellunopress.it\\\/2026\\\/03\\\/17\\\/il-delitto-prima-del-giallo-mauro-smocovich-esplora-le-radici-delloscurita-letteraria\\\/\"},\"wordCount\":443,\"publisher\":{\"@id\":\"https:\\\/\\\/www.bellunopress.it\\\/#organization\"},\"image\":{\"@id\":\"https:\\\/\\\/www.bellunopress.it\\\/2026\\\/03\\\/17\\\/il-delitto-prima-del-giallo-mauro-smocovich-esplora-le-radici-delloscurita-letteraria\\\/#primaryimage\"},\"thumbnailUrl\":\"https:\\\/\\\/www.bellunopress.it\\\/wp-content\\\/uploads\\\/2026\\\/03\\\/aspettando-il-giallo-di-mauro-smocovich.jpg\",\"articleSection\":[\"Arte, Cultura, Spettacoli, Scienza\",\"Pausa Caff\u00e8\"],\"inLanguage\":\"fr-FR\"},{\"@type\":\"WebPage\",\"@id\":\"https:\\\/\\\/www.bellunopress.it\\\/2026\\\/03\\\/17\\\/il-delitto-prima-del-giallo-mauro-smocovich-esplora-le-radici-delloscurita-letteraria\\\/\",\"url\":\"https:\\\/\\\/www.bellunopress.it\\\/2026\\\/03\\\/17\\\/il-delitto-prima-del-giallo-mauro-smocovich-esplora-le-radici-delloscurita-letteraria\\\/\",\"name\":\"Il delitto prima del giallo: Mauro Smocovich esplora le radici dell\u2019oscurit\u00e0 letteraria - Bellunopress - Dolomiti\",\"isPartOf\":{\"@id\":\"https:\\\/\\\/www.bellunopress.it\\\/#website\"},\"primaryImageOfPage\":{\"@id\":\"https:\\\/\\\/www.bellunopress.it\\\/2026\\\/03\\\/17\\\/il-delitto-prima-del-giallo-mauro-smocovich-esplora-le-radici-delloscurita-letteraria\\\/#primaryimage\"},\"image\":{\"@id\":\"https:\\\/\\\/www.bellunopress.it\\\/2026\\\/03\\\/17\\\/il-delitto-prima-del-giallo-mauro-smocovich-esplora-le-radici-delloscurita-letteraria\\\/#primaryimage\"},\"thumbnailUrl\":\"https:\\\/\\\/www.bellunopress.it\\\/wp-content\\\/uploads\\\/2026\\\/03\\\/aspettando-il-giallo-di-mauro-smocovich.jpg\",\"datePublished\":\"2026-03-17T09:00:57+00:00\",\"breadcrumb\":{\"@id\":\"https:\\\/\\\/www.bellunopress.it\\\/2026\\\/03\\\/17\\\/il-delitto-prima-del-giallo-mauro-smocovich-esplora-le-radici-delloscurita-letteraria\\\/#breadcrumb\"},\"inLanguage\":\"fr-FR\",\"potentialAction\":[{\"@type\":\"ReadAction\",\"target\":[\"https:\\\/\\\/www.bellunopress.it\\\/2026\\\/03\\\/17\\\/il-delitto-prima-del-giallo-mauro-smocovich-esplora-le-radici-delloscurita-letteraria\\\/\"]}]},{\"@type\":\"ImageObject\",\"inLanguage\":\"fr-FR\",\"@id\":\"https:\\\/\\\/www.bellunopress.it\\\/2026\\\/03\\\/17\\\/il-delitto-prima-del-giallo-mauro-smocovich-esplora-le-radici-delloscurita-letteraria\\\/#primaryimage\",\"url\":\"https:\\\/\\\/www.bellunopress.it\\\/wp-content\\\/uploads\\\/2026\\\/03\\\/aspettando-il-giallo-di-mauro-smocovich.jpg\",\"contentUrl\":\"https:\\\/\\\/www.bellunopress.it\\\/wp-content\\\/uploads\\\/2026\\\/03\\\/aspettando-il-giallo-di-mauro-smocovich.jpg\",\"width\":350,\"height\":490},{\"@type\":\"BreadcrumbList\",\"@id\":\"https:\\\/\\\/www.bellunopress.it\\\/2026\\\/03\\\/17\\\/il-delitto-prima-del-giallo-mauro-smocovich-esplora-le-radici-delloscurita-letteraria\\\/#breadcrumb\",\"itemListElement\":[{\"@type\":\"ListItem\",\"position\":1,\"name\":\"Home\",\"item\":\"https:\\\/\\\/www.bellunopress.it\\\/\"},{\"@type\":\"ListItem\",\"position\":2,\"name\":\"Il delitto prima del giallo: Mauro Smocovich esplora le radici dell\u2019oscurit\u00e0 letteraria\"}]},{\"@type\":\"WebSite\",\"@id\":\"https:\\\/\\\/www.bellunopress.it\\\/#website\",\"url\":\"https:\\\/\\\/www.bellunopress.it\\\/\",\"name\":\"Bellunopress - Dolomiti\",\"description\":\"e-mail: redazione@bellunopress.it\",\"publisher\":{\"@id\":\"https:\\\/\\\/www.bellunopress.it\\\/#organization\"},\"potentialAction\":[{\"@type\":\"SearchAction\",\"target\":{\"@type\":\"EntryPoint\",\"urlTemplate\":\"https:\\\/\\\/www.bellunopress.it\\\/?s={search_term_string}\"},\"query-input\":{\"@type\":\"PropertyValueSpecification\",\"valueRequired\":true,\"valueName\":\"search_term_string\"}}],\"inLanguage\":\"fr-FR\"},{\"@type\":\"Organization\",\"@id\":\"https:\\\/\\\/www.bellunopress.it\\\/#organization\",\"name\":\"Bellunopress\",\"url\":\"https:\\\/\\\/www.bellunopress.it\\\/\",\"logo\":{\"@type\":\"ImageObject\",\"inLanguage\":\"fr-FR\",\"@id\":\"https:\\\/\\\/www.bellunopress.it\\\/#\\\/schema\\\/logo\\\/image\\\/\",\"url\":\"https:\\\/\\\/www.bellunopress.it\\\/wp-content\\\/uploads\\\/2011\\\/05\\\/cropped-logo-bellunopress-.jpg\",\"contentUrl\":\"https:\\\/\\\/www.bellunopress.it\\\/wp-content\\\/uploads\\\/2011\\\/05\\\/cropped-logo-bellunopress-.jpg\",\"width\":512,\"height\":512,\"caption\":\"Bellunopress\"},\"image\":{\"@id\":\"https:\\\/\\\/www.bellunopress.it\\\/#\\\/schema\\\/logo\\\/image\\\/\"},\"sameAs\":[\"https:\\\/\\\/www.facebook.com\\\/profile.php?id=100008943462799\",\"https:\\\/\\\/x.com\\\/bellunopress\",\"https:\\\/\\\/www.linkedin.com\\\/hp\\\/?dnr=JBzUWaJfMUw8vbXJJ2tVW5-I3jZKvC4wsoxE&amp;amp;amp;amp;amp;amp;trk=nav_responsive_tab_home\",\"https:\\\/\\\/www.youtube.com\\\/channel\\\/UCxL0wu1uN0_3_7hGG0306cw\"]},{\"@type\":\"Person\",\"@id\":\"https:\\\/\\\/www.bellunopress.it\\\/#\\\/schema\\\/person\\\/79bb06722b37ece1c03d3e94beb30d73\",\"name\":\"redazione\",\"image\":{\"@type\":\"ImageObject\",\"inLanguage\":\"fr-FR\",\"@id\":\"https:\\\/\\\/secure.gravatar.com\\\/avatar\\\/37d968a2e67a6fd04c169c4bdef102d0bc5d31b2546345219e348575eb80e9a0?s=96&d=mm&r=g\",\"url\":\"https:\\\/\\\/secure.gravatar.com\\\/avatar\\\/37d968a2e67a6fd04c169c4bdef102d0bc5d31b2546345219e348575eb80e9a0?s=96&d=mm&r=g\",\"contentUrl\":\"https:\\\/\\\/secure.gravatar.com\\\/avatar\\\/37d968a2e67a6fd04c169c4bdef102d0bc5d31b2546345219e348575eb80e9a0?s=96&d=mm&r=g\",\"caption\":\"redazione\"},\"sameAs\":[\"http:\\\/\\\/www.bellunopress.it\",\"https:\\\/\\\/x.com\\\/bellunopress\"],\"url\":\"https:\\\/\\\/www.bellunopress.it\\\/fr\\\/author\\\/redazione\\\/\"}]}<\/script>\n<!-- \/ Yoast SEO plugin. -->","yoast_head_json":{"title":"Il delitto prima del giallo: Mauro Smocovich esplora le radici dell\u2019oscurit\u00e0 letteraria - Bellunopress - Dolomiti","robots":{"index":"index","follow":"follow","max-snippet":"max-snippet:-1","max-image-preview":"max-image-preview:large","max-video-preview":"max-video-preview:-1"},"canonical":"https:\/\/www.bellunopress.it\/fr\/2026\/03\/17\/il-delitto-prima-del-giallo-mauro-smocovich-esplora-le-radici-delloscurita-letteraria\/","og_locale":"fr_FR","og_type":"article","og_title":"Il delitto prima del giallo: Mauro Smocovich esplora le radici dell\u2019oscurit\u00e0 letteraria - Bellunopress - Dolomiti","og_description":"Esce in ebook &#8220;Aspettando il Giallo&#8221;, il nuovo volume della collana Atlante del Giallo. Un viaggio tra feuilleton, pulp e fantasmi letterari alla scoperta di ci\u00f2 che eravamo prima di Sherlock Holmes. Il genere &#8220;giallo&#8221; non \u00e8 sempre stato identificato dal colore delle celebri copertine Mondadori. Prima della codificazione moderna, il delitto, l&#8217;indagine e il [&hellip;]","og_url":"https:\/\/www.bellunopress.it\/fr\/2026\/03\/17\/il-delitto-prima-del-giallo-mauro-smocovich-esplora-le-radici-delloscurita-letteraria\/","og_site_name":"Bellunopress - Dolomiti","article_publisher":"https:\/\/www.facebook.com\/profile.php?id=100008943462799","article_published_time":"2026-03-17T09:00:57+00:00","og_image":[{"width":350,"height":490,"url":"https:\/\/www.bellunopress.it\/wp-content\/uploads\/2026\/03\/aspettando-il-giallo-di-mauro-smocovich.jpg","type":"image\/jpeg"}],"author":"redazione","twitter_card":"summary_large_image","twitter_creator":"@bellunopress","twitter_site":"@bellunopress","twitter_misc":{"\u00c9crit par":"redazione","Dur\u00e9e de lecture estim\u00e9e":"2 minutes"},"schema":{"@context":"https:\/\/schema.org","@graph":[{"@type":"Article","@id":"https:\/\/www.bellunopress.it\/2026\/03\/17\/il-delitto-prima-del-giallo-mauro-smocovich-esplora-le-radici-delloscurita-letteraria\/#article","isPartOf":{"@id":"https:\/\/www.bellunopress.it\/2026\/03\/17\/il-delitto-prima-del-giallo-mauro-smocovich-esplora-le-radici-delloscurita-letteraria\/"},"author":{"name":"redazione","@id":"https:\/\/www.bellunopress.it\/#\/schema\/person\/79bb06722b37ece1c03d3e94beb30d73"},"headline":"Il delitto prima del giallo: Mauro Smocovich esplora le radici dell\u2019oscurit\u00e0 letteraria","datePublished":"2026-03-17T09:00:57+00:00","mainEntityOfPage":{"@id":"https:\/\/www.bellunopress.it\/2026\/03\/17\/il-delitto-prima-del-giallo-mauro-smocovich-esplora-le-radici-delloscurita-letteraria\/"},"wordCount":443,"publisher":{"@id":"https:\/\/www.bellunopress.it\/#organization"},"image":{"@id":"https:\/\/www.bellunopress.it\/2026\/03\/17\/il-delitto-prima-del-giallo-mauro-smocovich-esplora-le-radici-delloscurita-letteraria\/#primaryimage"},"thumbnailUrl":"https:\/\/www.bellunopress.it\/wp-content\/uploads\/2026\/03\/aspettando-il-giallo-di-mauro-smocovich.jpg","articleSection":["Arte, Cultura, Spettacoli, Scienza","Pausa Caff\u00e8"],"inLanguage":"fr-FR"},{"@type":"WebPage","@id":"https:\/\/www.bellunopress.it\/2026\/03\/17\/il-delitto-prima-del-giallo-mauro-smocovich-esplora-le-radici-delloscurita-letteraria\/","url":"https:\/\/www.bellunopress.it\/2026\/03\/17\/il-delitto-prima-del-giallo-mauro-smocovich-esplora-le-radici-delloscurita-letteraria\/","name":"Il delitto prima del giallo: Mauro Smocovich esplora le radici dell\u2019oscurit\u00e0 letteraria - Bellunopress - Dolomiti","isPartOf":{"@id":"https:\/\/www.bellunopress.it\/#website"},"primaryImageOfPage":{"@id":"https:\/\/www.bellunopress.it\/2026\/03\/17\/il-delitto-prima-del-giallo-mauro-smocovich-esplora-le-radici-delloscurita-letteraria\/#primaryimage"},"image":{"@id":"https:\/\/www.bellunopress.it\/2026\/03\/17\/il-delitto-prima-del-giallo-mauro-smocovich-esplora-le-radici-delloscurita-letteraria\/#primaryimage"},"thumbnailUrl":"https:\/\/www.bellunopress.it\/wp-content\/uploads\/2026\/03\/aspettando-il-giallo-di-mauro-smocovich.jpg","datePublished":"2026-03-17T09:00:57+00:00","breadcrumb":{"@id":"https:\/\/www.bellunopress.it\/2026\/03\/17\/il-delitto-prima-del-giallo-mauro-smocovich-esplora-le-radici-delloscurita-letteraria\/#breadcrumb"},"inLanguage":"fr-FR","potentialAction":[{"@type":"ReadAction","target":["https:\/\/www.bellunopress.it\/2026\/03\/17\/il-delitto-prima-del-giallo-mauro-smocovich-esplora-le-radici-delloscurita-letteraria\/"]}]},{"@type":"ImageObject","inLanguage":"fr-FR","@id":"https:\/\/www.bellunopress.it\/2026\/03\/17\/il-delitto-prima-del-giallo-mauro-smocovich-esplora-le-radici-delloscurita-letteraria\/#primaryimage","url":"https:\/\/www.bellunopress.it\/wp-content\/uploads\/2026\/03\/aspettando-il-giallo-di-mauro-smocovich.jpg","contentUrl":"https:\/\/www.bellunopress.it\/wp-content\/uploads\/2026\/03\/aspettando-il-giallo-di-mauro-smocovich.jpg","width":350,"height":490},{"@type":"BreadcrumbList","@id":"https:\/\/www.bellunopress.it\/2026\/03\/17\/il-delitto-prima-del-giallo-mauro-smocovich-esplora-le-radici-delloscurita-letteraria\/#breadcrumb","itemListElement":[{"@type":"ListItem","position":1,"name":"Home","item":"https:\/\/www.bellunopress.it\/"},{"@type":"ListItem","position":2,"name":"Il delitto prima del giallo: Mauro Smocovich esplora le radici dell\u2019oscurit\u00e0 letteraria"}]},{"@type":"WebSite","@id":"https:\/\/www.bellunopress.it\/#website","url":"https:\/\/www.bellunopress.it\/","name":"Bellunopress - Dolomiti","description":"e-mail: redazione@bellunopress.it","publisher":{"@id":"https:\/\/www.bellunopress.it\/#organization"},"potentialAction":[{"@type":"SearchAction","target":{"@type":"EntryPoint","urlTemplate":"https:\/\/www.bellunopress.it\/?s={search_term_string}"},"query-input":{"@type":"PropertyValueSpecification","valueRequired":true,"valueName":"search_term_string"}}],"inLanguage":"fr-FR"},{"@type":"Organization","@id":"https:\/\/www.bellunopress.it\/#organization","name":"Bellunopress","url":"https:\/\/www.bellunopress.it\/","logo":{"@type":"ImageObject","inLanguage":"fr-FR","@id":"https:\/\/www.bellunopress.it\/#\/schema\/logo\/image\/","url":"https:\/\/www.bellunopress.it\/wp-content\/uploads\/2011\/05\/cropped-logo-bellunopress-.jpg","contentUrl":"https:\/\/www.bellunopress.it\/wp-content\/uploads\/2011\/05\/cropped-logo-bellunopress-.jpg","width":512,"height":512,"caption":"Bellunopress"},"image":{"@id":"https:\/\/www.bellunopress.it\/#\/schema\/logo\/image\/"},"sameAs":["https:\/\/www.facebook.com\/profile.php?id=100008943462799","https:\/\/x.com\/bellunopress","https:\/\/www.linkedin.com\/hp\/?dnr=JBzUWaJfMUw8vbXJJ2tVW5-I3jZKvC4wsoxE&amp;amp;amp;amp;amp;amp;trk=nav_responsive_tab_home","https:\/\/www.youtube.com\/channel\/UCxL0wu1uN0_3_7hGG0306cw"]},{"@type":"Person","@id":"https:\/\/www.bellunopress.it\/#\/schema\/person\/79bb06722b37ece1c03d3e94beb30d73","name":"r\u00e9daction","image":{"@type":"ImageObject","inLanguage":"fr-FR","@id":"https:\/\/secure.gravatar.com\/avatar\/37d968a2e67a6fd04c169c4bdef102d0bc5d31b2546345219e348575eb80e9a0?s=96&d=mm&r=g","url":"https:\/\/secure.gravatar.com\/avatar\/37d968a2e67a6fd04c169c4bdef102d0bc5d31b2546345219e348575eb80e9a0?s=96&d=mm&r=g","contentUrl":"https:\/\/secure.gravatar.com\/avatar\/37d968a2e67a6fd04c169c4bdef102d0bc5d31b2546345219e348575eb80e9a0?s=96&d=mm&r=g","caption":"redazione"},"sameAs":["http:\/\/www.bellunopress.it","https:\/\/x.com\/bellunopress"],"url":"https:\/\/www.bellunopress.it\/fr\/author\/redazione\/"}]}},"_links":{"self":[{"href":"https:\/\/www.bellunopress.it\/fr\/wp-json\/wp\/v2\/posts\/168238","targetHints":{"allow":["GET"]}}],"collection":[{"href":"https:\/\/www.bellunopress.it\/fr\/wp-json\/wp\/v2\/posts"}],"about":[{"href":"https:\/\/www.bellunopress.it\/fr\/wp-json\/wp\/v2\/types\/post"}],"author":[{"embeddable":true,"href":"https:\/\/www.bellunopress.it\/fr\/wp-json\/wp\/v2\/users\/2"}],"replies":[{"embeddable":true,"href":"https:\/\/www.bellunopress.it\/fr\/wp-json\/wp\/v2\/comments?post=168238"}],"version-history":[{"count":1,"href":"https:\/\/www.bellunopress.it\/fr\/wp-json\/wp\/v2\/posts\/168238\/revisions"}],"predecessor-version":[{"id":168240,"href":"https:\/\/www.bellunopress.it\/fr\/wp-json\/wp\/v2\/posts\/168238\/revisions\/168240"}],"wp:featuredmedia":[{"embeddable":true,"href":"https:\/\/www.bellunopress.it\/fr\/wp-json\/wp\/v2\/media\/168239"}],"wp:attachment":[{"href":"https:\/\/www.bellunopress.it\/fr\/wp-json\/wp\/v2\/media?parent=168238"}],"wp:term":[{"taxonomy":"category","embeddable":true,"href":"https:\/\/www.bellunopress.it\/fr\/wp-json\/wp\/v2\/categories?post=168238"},{"taxonomy":"post_tag","embeddable":true,"href":"https:\/\/www.bellunopress.it\/fr\/wp-json\/wp\/v2\/tags?post=168238"}],"curies":[{"name":"wp","href":"https:\/\/api.w.org\/{rel}","templated":true}]}}