{"id":168231,"date":"2026-03-16T22:24:10","date_gmt":"2026-03-16T21:24:10","guid":{"rendered":"https:\/\/www.bellunopress.it\/?p=168231"},"modified":"2026-03-16T22:24:10","modified_gmt":"2026-03-16T21:24:10","slug":"cisl-belluno-treviso-a-feltre-la-sfida-della-partecipazione-contro-il-declino-del-territorio","status":"publish","type":"post","link":"https:\/\/www.bellunopress.it\/fr\/2026\/03\/16\/cisl-belluno-treviso-a-feltre-la-sfida-della-partecipazione-contro-il-declino-del-territorio\/","title":{"rendered":"Cisl Belluno Treviso, a Feltre la sfida della partecipazione contro il declino del territorio"},"content":{"rendered":"<p data-path-to-node=\"3\"><b data-path-to-node=\"3\" data-index-in-node=\"0\">Domani, marted\u00ec 17 marzo, il Consiglio Generale all\u2019Istituto Colotti con la Segretaria Nazionale Daniela Fumarola. Al centro del dibattito: crisi industriali, inverno demografico e la nuova legge sul coinvolgimento dei lavoratori.<\/b><\/p>\n<p data-path-to-node=\"4\">Pu\u00f2 la partecipazione dei lavoratori essere lo scudo contro la deindustrializzazione e lo spopolamento delle province di Belluno e Treviso? \u00c8 questa la sfida che la Cisl Belluno Treviso lancer\u00e0 domani, marted\u00ec 17 marzo alle ore 9.30, presso l\u2019Istituto Colotti di Feltre, in occasione di un Consiglio generale che si preannuncia cruciale per il futuro del sindacato e del territorio.<\/p>\n<h3 data-path-to-node=\"5\">Un segnale forte da Roma<\/h3>\n<p data-path-to-node=\"6\">L\u2019importanza dell\u2019appuntamento \u00e8 sottolineata dalla presenza di Daniela Fumarola, Segretaria Generale Nazionale della Cisl, la cui partecipazione a Feltre \u00e8 un segnale di estrema attenzione verso un\u2019area che sta vivendo una fase di profonda trasformazione. Accanto a lei, i vertici territoriali con il Segretario Generale Francesco Orr\u00f9, il Segretario Regionale Massimiliano Paglini ed Ettore Innocenti del Centro Studi Cisl.<\/p>\n<h3 data-path-to-node=\"7\">La diagnosi: un territorio che rischia il silenzio<\/h3>\n<p data-path-to-node=\"8\">Il quadro che emerger\u00e0 dalla relazione di apertura di Francesco Orr\u00f9 \u00e8 netto: il territorio deve fare i conti con crisi industriali pesanti (Hydro, Edim Bosch, Ceramica Dolomite) e un\u2019emergenza abitativa che frena l\u2019arrivo di nuove forze fresche.<\/p>\n<p data-path-to-node=\"9\">I dati del Centro Studi sono allarmanti: a causa dell\u2019invecchiamento della popolazione, nei prossimi 15 anni potrebbero mancare all&#8217;appello circa 23 mila lavoratori.<\/p>\n<blockquote data-path-to-node=\"10\">\n<h6 style=\"text-align: left;\" data-path-to-node=\"10,0\"><i data-path-to-node=\"10,0\" data-index-in-node=\"0\">&#8220;Il territorio rischia uno scivolamento verso un impoverimento generale lento ma pericoloso, perch\u00e9 silenzioso e graduale&#8221;<\/i>, avverte Orr\u00f9. <i data-path-to-node=\"10,0\" data-index-in-node=\"138\">&#8220;Accettare questa deriva significa alimentarla. Serve un patto di partecipazione che coinvolga istituzioni, imprese e parti sociali&#8221;<\/i>.<\/h6>\n<\/blockquote>\n<h3 data-path-to-node=\"11\">La soluzione: pi\u00f9 partecipazione, pi\u00f9 utili ai lavoratori<\/h3>\n<p data-path-to-node=\"12\">Al centro della mattinata ci sar\u00e0 l\u2019approfondimento sulla Legge di iniziativa popolare sulla partecipazione, promossa dalla Cisl e recentemente approvata. Non si tratta solo di teoria: durante il Consiglio verranno presentati i risultati di una proiezione specifica per le province di Belluno e Treviso sull\u2019Articolo 5, quello relativo alla distribuzione degli utili.<\/p>\n<p data-path-to-node=\"13\">Lo studio analizzer\u00e0 come l&#8217;applicazione della legge possa incidere concretamente sulle buste paga e sulla tenuta organizzativa delle aziende locali, offrendo una via d&#8217;uscita alla perdita di attrattivit\u00e0 del sistema Belluno-Treviso.<\/p>\n<h3 data-path-to-node=\"14\">Il programma dei lavori<\/h3>\n<ul data-path-to-node=\"15\">\n<li>\n<p data-path-to-node=\"15,0,0\">Ore 9.30: Apertura e relazione di Francesco Orr\u00f9 (Segretario Generale Cisl Belluno Treviso).<\/p>\n<\/li>\n<li>\n<p data-path-to-node=\"15,1,0\">Interventi tecnici: Focus sulle potenzialit\u00e0 della legge sulla partecipazione e analisi demografica a cura del Centro Studi.<\/p>\n<\/li>\n<li>\n<p data-path-to-node=\"15,2,0\">Contributi: Interventi di Massimiliano Paglini (Cisl Veneto) ed Ettore Innocenti.<\/p>\n<\/li>\n<li>\n<p data-path-to-node=\"15,3,0\">Conclusioni: Intervento della Segretaria Generale Nazionale Daniela Fumarola.<\/p>\n<\/li>\n<\/ul>","protected":false},"excerpt":{"rendered":"<p>Domani, marted\u00ec 17 marzo, il Consiglio Generale all\u2019Istituto Colotti con la Segretaria Nazionale Daniela Fumarola. Al centro del dibattito: crisi industriali, inverno demografico e la nuova legge sul coinvolgimento dei lavoratori. Pu\u00f2 la partecipazione dei lavoratori essere lo scudo contro la deindustrializzazione e lo spopolamento delle province di Belluno e Treviso? \u00c8 questa la sfida [&hellip;]<\/p>\n","protected":false},"author":2,"featured_media":152952,"comment_status":"closed","ping_status":"open","sticky":false,"template":"","format":"standard","meta":{"footnotes":""},"categories":[36,25],"tags":[],"class_list":["post-168231","post","type-post","status-publish","format-standard","has-post-thumbnail","category-lavoro-economia","category-pausa-caffe"],"yoast_head":"<!-- This site is optimized with the Yoast SEO plugin v28.4 - https:\/\/yoast.com\/product\/yoast-seo-wordpress\/ -->\n<title>Cisl Belluno Treviso, a Feltre la sfida della partecipazione contro il declino del territorio - Bellunopress - Dolomiti<\/title>\n<meta name=\"robots\" content=\"index, follow, max-snippet:-1, max-image-preview:large, max-video-preview:-1\" \/>\n<link rel=\"canonical\" href=\"https:\/\/www.bellunopress.it\/fr\/2026\/03\/16\/cisl-belluno-treviso-a-feltre-la-sfida-della-partecipazione-contro-il-declino-del-territorio\/\" \/>\n<meta property=\"og:locale\" content=\"fr_FR\" \/>\n<meta property=\"og:type\" content=\"article\" \/>\n<meta property=\"og:title\" content=\"Cisl Belluno Treviso, a Feltre la sfida della partecipazione contro il declino del territorio - Bellunopress - Dolomiti\" \/>\n<meta property=\"og:description\" content=\"Domani, marted\u00ec 17 marzo, il Consiglio Generale all\u2019Istituto Colotti con la Segretaria Nazionale Daniela Fumarola. Al centro del dibattito: crisi industriali, inverno demografico e la nuova legge sul coinvolgimento dei lavoratori. Pu\u00f2 la partecipazione dei lavoratori essere lo scudo contro la deindustrializzazione e lo spopolamento delle province di Belluno e Treviso? \u00c8 questa la sfida [&hellip;]\" \/>\n<meta property=\"og:url\" content=\"https:\/\/www.bellunopress.it\/fr\/2026\/03\/16\/cisl-belluno-treviso-a-feltre-la-sfida-della-partecipazione-contro-il-declino-del-territorio\/\" \/>\n<meta property=\"og:site_name\" content=\"Bellunopress - Dolomiti\" \/>\n<meta property=\"article:publisher\" content=\"https:\/\/www.facebook.com\/profile.php?id=100008943462799\" \/>\n<meta property=\"article:published_time\" content=\"2026-03-16T21:24:10+00:00\" \/>\n<meta property=\"og:image\" content=\"https:\/\/www.bellunopress.it\/wp-content\/uploads\/2024\/08\/segreteria-Cisl-Belluno-Treviso.jpg\" \/>\n\t<meta property=\"og:image:width\" content=\"1000\" \/>\n\t<meta property=\"og:image:height\" content=\"750\" \/>\n\t<meta property=\"og:image:type\" content=\"image\/jpeg\" \/>\n<meta name=\"author\" content=\"redazione\" \/>\n<meta name=\"twitter:card\" content=\"summary_large_image\" \/>\n<meta name=\"twitter:creator\" content=\"@bellunopress\" \/>\n<meta name=\"twitter:site\" content=\"@bellunopress\" \/>\n<meta name=\"twitter:label1\" content=\"\u00c9crit par\" \/>\n\t<meta name=\"twitter:data1\" content=\"redazione\" \/>\n\t<meta name=\"twitter:label2\" content=\"Dur\u00e9e de lecture estim\u00e9e\" \/>\n\t<meta name=\"twitter:data2\" content=\"2 minutes\" \/>\n<script type=\"application\/ld+json\" class=\"yoast-schema-graph\">{\"@context\":\"https:\\\/\\\/schema.org\",\"@graph\":[{\"@type\":\"Article\",\"@id\":\"https:\\\/\\\/www.bellunopress.it\\\/2026\\\/03\\\/16\\\/cisl-belluno-treviso-a-feltre-la-sfida-della-partecipazione-contro-il-declino-del-territorio\\\/#article\",\"isPartOf\":{\"@id\":\"https:\\\/\\\/www.bellunopress.it\\\/2026\\\/03\\\/16\\\/cisl-belluno-treviso-a-feltre-la-sfida-della-partecipazione-contro-il-declino-del-territorio\\\/\"},\"author\":{\"name\":\"redazione\",\"@id\":\"https:\\\/\\\/www.bellunopress.it\\\/#\\\/schema\\\/person\\\/79bb06722b37ece1c03d3e94beb30d73\"},\"headline\":\"Cisl Belluno Treviso, a Feltre la sfida della partecipazione contro il declino del territorio\",\"datePublished\":\"2026-03-16T21:24:10+00:00\",\"mainEntityOfPage\":{\"@id\":\"https:\\\/\\\/www.bellunopress.it\\\/2026\\\/03\\\/16\\\/cisl-belluno-treviso-a-feltre-la-sfida-della-partecipazione-contro-il-declino-del-territorio\\\/\"},\"wordCount\":418,\"publisher\":{\"@id\":\"https:\\\/\\\/www.bellunopress.it\\\/#organization\"},\"image\":{\"@id\":\"https:\\\/\\\/www.bellunopress.it\\\/2026\\\/03\\\/16\\\/cisl-belluno-treviso-a-feltre-la-sfida-della-partecipazione-contro-il-declino-del-territorio\\\/#primaryimage\"},\"thumbnailUrl\":\"https:\\\/\\\/www.bellunopress.it\\\/wp-content\\\/uploads\\\/2024\\\/08\\\/segreteria-Cisl-Belluno-Treviso.jpg\",\"articleSection\":[\"Lavoro, Economia, Turismo\",\"Pausa Caff\u00e8\"],\"inLanguage\":\"fr-FR\"},{\"@type\":\"WebPage\",\"@id\":\"https:\\\/\\\/www.bellunopress.it\\\/2026\\\/03\\\/16\\\/cisl-belluno-treviso-a-feltre-la-sfida-della-partecipazione-contro-il-declino-del-territorio\\\/\",\"url\":\"https:\\\/\\\/www.bellunopress.it\\\/2026\\\/03\\\/16\\\/cisl-belluno-treviso-a-feltre-la-sfida-della-partecipazione-contro-il-declino-del-territorio\\\/\",\"name\":\"Cisl Belluno Treviso, a Feltre la sfida della partecipazione contro il declino del territorio - Bellunopress - Dolomiti\",\"isPartOf\":{\"@id\":\"https:\\\/\\\/www.bellunopress.it\\\/#website\"},\"primaryImageOfPage\":{\"@id\":\"https:\\\/\\\/www.bellunopress.it\\\/2026\\\/03\\\/16\\\/cisl-belluno-treviso-a-feltre-la-sfida-della-partecipazione-contro-il-declino-del-territorio\\\/#primaryimage\"},\"image\":{\"@id\":\"https:\\\/\\\/www.bellunopress.it\\\/2026\\\/03\\\/16\\\/cisl-belluno-treviso-a-feltre-la-sfida-della-partecipazione-contro-il-declino-del-territorio\\\/#primaryimage\"},\"thumbnailUrl\":\"https:\\\/\\\/www.bellunopress.it\\\/wp-content\\\/uploads\\\/2024\\\/08\\\/segreteria-Cisl-Belluno-Treviso.jpg\",\"datePublished\":\"2026-03-16T21:24:10+00:00\",\"breadcrumb\":{\"@id\":\"https:\\\/\\\/www.bellunopress.it\\\/2026\\\/03\\\/16\\\/cisl-belluno-treviso-a-feltre-la-sfida-della-partecipazione-contro-il-declino-del-territorio\\\/#breadcrumb\"},\"inLanguage\":\"fr-FR\",\"potentialAction\":[{\"@type\":\"ReadAction\",\"target\":[\"https:\\\/\\\/www.bellunopress.it\\\/2026\\\/03\\\/16\\\/cisl-belluno-treviso-a-feltre-la-sfida-della-partecipazione-contro-il-declino-del-territorio\\\/\"]}]},{\"@type\":\"ImageObject\",\"inLanguage\":\"fr-FR\",\"@id\":\"https:\\\/\\\/www.bellunopress.it\\\/2026\\\/03\\\/16\\\/cisl-belluno-treviso-a-feltre-la-sfida-della-partecipazione-contro-il-declino-del-territorio\\\/#primaryimage\",\"url\":\"https:\\\/\\\/www.bellunopress.it\\\/wp-content\\\/uploads\\\/2024\\\/08\\\/segreteria-Cisl-Belluno-Treviso.jpg\",\"contentUrl\":\"https:\\\/\\\/www.bellunopress.it\\\/wp-content\\\/uploads\\\/2024\\\/08\\\/segreteria-Cisl-Belluno-Treviso.jpg\",\"width\":1000,\"height\":750,\"caption\":\"Segreteria Cisl Belluno Treviso. Roberta Barbieri, Federico Orr\u00f9, Edoardo Dorella\"},{\"@type\":\"BreadcrumbList\",\"@id\":\"https:\\\/\\\/www.bellunopress.it\\\/2026\\\/03\\\/16\\\/cisl-belluno-treviso-a-feltre-la-sfida-della-partecipazione-contro-il-declino-del-territorio\\\/#breadcrumb\",\"itemListElement\":[{\"@type\":\"ListItem\",\"position\":1,\"name\":\"Home\",\"item\":\"https:\\\/\\\/www.bellunopress.it\\\/\"},{\"@type\":\"ListItem\",\"position\":2,\"name\":\"Cisl Belluno Treviso, a Feltre la sfida della partecipazione contro il declino del territorio\"}]},{\"@type\":\"WebSite\",\"@id\":\"https:\\\/\\\/www.bellunopress.it\\\/#website\",\"url\":\"https:\\\/\\\/www.bellunopress.it\\\/\",\"name\":\"Bellunopress - Dolomiti\",\"description\":\"e-mail: redazione@bellunopress.it\",\"publisher\":{\"@id\":\"https:\\\/\\\/www.bellunopress.it\\\/#organization\"},\"potentialAction\":[{\"@type\":\"SearchAction\",\"target\":{\"@type\":\"EntryPoint\",\"urlTemplate\":\"https:\\\/\\\/www.bellunopress.it\\\/?s={search_term_string}\"},\"query-input\":{\"@type\":\"PropertyValueSpecification\",\"valueRequired\":true,\"valueName\":\"search_term_string\"}}],\"inLanguage\":\"fr-FR\"},{\"@type\":\"Organization\",\"@id\":\"https:\\\/\\\/www.bellunopress.it\\\/#organization\",\"name\":\"Bellunopress\",\"url\":\"https:\\\/\\\/www.bellunopress.it\\\/\",\"logo\":{\"@type\":\"ImageObject\",\"inLanguage\":\"fr-FR\",\"@id\":\"https:\\\/\\\/www.bellunopress.it\\\/#\\\/schema\\\/logo\\\/image\\\/\",\"url\":\"https:\\\/\\\/www.bellunopress.it\\\/wp-content\\\/uploads\\\/2011\\\/05\\\/cropped-logo-bellunopress-.jpg\",\"contentUrl\":\"https:\\\/\\\/www.bellunopress.it\\\/wp-content\\\/uploads\\\/2011\\\/05\\\/cropped-logo-bellunopress-.jpg\",\"width\":512,\"height\":512,\"caption\":\"Bellunopress\"},\"image\":{\"@id\":\"https:\\\/\\\/www.bellunopress.it\\\/#\\\/schema\\\/logo\\\/image\\\/\"},\"sameAs\":[\"https:\\\/\\\/www.facebook.com\\\/profile.php?id=100008943462799\",\"https:\\\/\\\/x.com\\\/bellunopress\",\"https:\\\/\\\/www.linkedin.com\\\/hp\\\/?dnr=JBzUWaJfMUw8vbXJJ2tVW5-I3jZKvC4wsoxE&amp;amp;amp;amp;amp;amp;trk=nav_responsive_tab_home\",\"https:\\\/\\\/www.youtube.com\\\/channel\\\/UCxL0wu1uN0_3_7hGG0306cw\"]},{\"@type\":\"Person\",\"@id\":\"https:\\\/\\\/www.bellunopress.it\\\/#\\\/schema\\\/person\\\/79bb06722b37ece1c03d3e94beb30d73\",\"name\":\"redazione\",\"image\":{\"@type\":\"ImageObject\",\"inLanguage\":\"fr-FR\",\"@id\":\"https:\\\/\\\/secure.gravatar.com\\\/avatar\\\/37d968a2e67a6fd04c169c4bdef102d0bc5d31b2546345219e348575eb80e9a0?s=96&d=mm&r=g\",\"url\":\"https:\\\/\\\/secure.gravatar.com\\\/avatar\\\/37d968a2e67a6fd04c169c4bdef102d0bc5d31b2546345219e348575eb80e9a0?s=96&d=mm&r=g\",\"contentUrl\":\"https:\\\/\\\/secure.gravatar.com\\\/avatar\\\/37d968a2e67a6fd04c169c4bdef102d0bc5d31b2546345219e348575eb80e9a0?s=96&d=mm&r=g\",\"caption\":\"redazione\"},\"sameAs\":[\"http:\\\/\\\/www.bellunopress.it\",\"https:\\\/\\\/x.com\\\/bellunopress\"],\"url\":\"https:\\\/\\\/www.bellunopress.it\\\/fr\\\/author\\\/redazione\\\/\"}]}<\/script>\n<!-- \/ Yoast SEO plugin. -->","yoast_head_json":{"title":"Cisl Belluno Treviso, a Feltre la sfida della partecipazione contro il declino del territorio - Bellunopress - Dolomiti","robots":{"index":"index","follow":"follow","max-snippet":"max-snippet:-1","max-image-preview":"max-image-preview:large","max-video-preview":"max-video-preview:-1"},"canonical":"https:\/\/www.bellunopress.it\/fr\/2026\/03\/16\/cisl-belluno-treviso-a-feltre-la-sfida-della-partecipazione-contro-il-declino-del-territorio\/","og_locale":"fr_FR","og_type":"article","og_title":"Cisl Belluno Treviso, a Feltre la sfida della partecipazione contro il declino del territorio - Bellunopress - Dolomiti","og_description":"Domani, marted\u00ec 17 marzo, il Consiglio Generale all\u2019Istituto Colotti con la Segretaria Nazionale Daniela Fumarola. Al centro del dibattito: crisi industriali, inverno demografico e la nuova legge sul coinvolgimento dei lavoratori. Pu\u00f2 la partecipazione dei lavoratori essere lo scudo contro la deindustrializzazione e lo spopolamento delle province di Belluno e Treviso? \u00c8 questa la sfida [&hellip;]","og_url":"https:\/\/www.bellunopress.it\/fr\/2026\/03\/16\/cisl-belluno-treviso-a-feltre-la-sfida-della-partecipazione-contro-il-declino-del-territorio\/","og_site_name":"Bellunopress - Dolomiti","article_publisher":"https:\/\/www.facebook.com\/profile.php?id=100008943462799","article_published_time":"2026-03-16T21:24:10+00:00","og_image":[{"width":1000,"height":750,"url":"https:\/\/www.bellunopress.it\/wp-content\/uploads\/2024\/08\/segreteria-Cisl-Belluno-Treviso.jpg","type":"image\/jpeg"}],"author":"redazione","twitter_card":"summary_large_image","twitter_creator":"@bellunopress","twitter_site":"@bellunopress","twitter_misc":{"\u00c9crit par":"redazione","Dur\u00e9e de lecture estim\u00e9e":"2 minutes"},"schema":{"@context":"https:\/\/schema.org","@graph":[{"@type":"Article","@id":"https:\/\/www.bellunopress.it\/2026\/03\/16\/cisl-belluno-treviso-a-feltre-la-sfida-della-partecipazione-contro-il-declino-del-territorio\/#article","isPartOf":{"@id":"https:\/\/www.bellunopress.it\/2026\/03\/16\/cisl-belluno-treviso-a-feltre-la-sfida-della-partecipazione-contro-il-declino-del-territorio\/"},"author":{"name":"redazione","@id":"https:\/\/www.bellunopress.it\/#\/schema\/person\/79bb06722b37ece1c03d3e94beb30d73"},"headline":"Cisl Belluno Treviso, a Feltre la sfida della partecipazione contro il declino del territorio","datePublished":"2026-03-16T21:24:10+00:00","mainEntityOfPage":{"@id":"https:\/\/www.bellunopress.it\/2026\/03\/16\/cisl-belluno-treviso-a-feltre-la-sfida-della-partecipazione-contro-il-declino-del-territorio\/"},"wordCount":418,"publisher":{"@id":"https:\/\/www.bellunopress.it\/#organization"},"image":{"@id":"https:\/\/www.bellunopress.it\/2026\/03\/16\/cisl-belluno-treviso-a-feltre-la-sfida-della-partecipazione-contro-il-declino-del-territorio\/#primaryimage"},"thumbnailUrl":"https:\/\/www.bellunopress.it\/wp-content\/uploads\/2024\/08\/segreteria-Cisl-Belluno-Treviso.jpg","articleSection":["Lavoro, Economia, Turismo","Pausa Caff\u00e8"],"inLanguage":"fr-FR"},{"@type":"WebPage","@id":"https:\/\/www.bellunopress.it\/2026\/03\/16\/cisl-belluno-treviso-a-feltre-la-sfida-della-partecipazione-contro-il-declino-del-territorio\/","url":"https:\/\/www.bellunopress.it\/2026\/03\/16\/cisl-belluno-treviso-a-feltre-la-sfida-della-partecipazione-contro-il-declino-del-territorio\/","name":"Cisl Belluno Treviso, a Feltre la sfida della partecipazione contro il declino del territorio - Bellunopress - Dolomiti","isPartOf":{"@id":"https:\/\/www.bellunopress.it\/#website"},"primaryImageOfPage":{"@id":"https:\/\/www.bellunopress.it\/2026\/03\/16\/cisl-belluno-treviso-a-feltre-la-sfida-della-partecipazione-contro-il-declino-del-territorio\/#primaryimage"},"image":{"@id":"https:\/\/www.bellunopress.it\/2026\/03\/16\/cisl-belluno-treviso-a-feltre-la-sfida-della-partecipazione-contro-il-declino-del-territorio\/#primaryimage"},"thumbnailUrl":"https:\/\/www.bellunopress.it\/wp-content\/uploads\/2024\/08\/segreteria-Cisl-Belluno-Treviso.jpg","datePublished":"2026-03-16T21:24:10+00:00","breadcrumb":{"@id":"https:\/\/www.bellunopress.it\/2026\/03\/16\/cisl-belluno-treviso-a-feltre-la-sfida-della-partecipazione-contro-il-declino-del-territorio\/#breadcrumb"},"inLanguage":"fr-FR","potentialAction":[{"@type":"ReadAction","target":["https:\/\/www.bellunopress.it\/2026\/03\/16\/cisl-belluno-treviso-a-feltre-la-sfida-della-partecipazione-contro-il-declino-del-territorio\/"]}]},{"@type":"ImageObject","inLanguage":"fr-FR","@id":"https:\/\/www.bellunopress.it\/2026\/03\/16\/cisl-belluno-treviso-a-feltre-la-sfida-della-partecipazione-contro-il-declino-del-territorio\/#primaryimage","url":"https:\/\/www.bellunopress.it\/wp-content\/uploads\/2024\/08\/segreteria-Cisl-Belluno-Treviso.jpg","contentUrl":"https:\/\/www.bellunopress.it\/wp-content\/uploads\/2024\/08\/segreteria-Cisl-Belluno-Treviso.jpg","width":1000,"height":750,"caption":"Segreteria Cisl Belluno Treviso. Roberta Barbieri, Federico Orr\u00f9, Edoardo Dorella"},{"@type":"BreadcrumbList","@id":"https:\/\/www.bellunopress.it\/2026\/03\/16\/cisl-belluno-treviso-a-feltre-la-sfida-della-partecipazione-contro-il-declino-del-territorio\/#breadcrumb","itemListElement":[{"@type":"ListItem","position":1,"name":"Home","item":"https:\/\/www.bellunopress.it\/"},{"@type":"ListItem","position":2,"name":"Cisl Belluno Treviso, a Feltre la sfida della partecipazione contro il declino del territorio"}]},{"@type":"WebSite","@id":"https:\/\/www.bellunopress.it\/#website","url":"https:\/\/www.bellunopress.it\/","name":"Bellunopress - Dolomiti","description":"e-mail: redazione@bellunopress.it","publisher":{"@id":"https:\/\/www.bellunopress.it\/#organization"},"potentialAction":[{"@type":"SearchAction","target":{"@type":"EntryPoint","urlTemplate":"https:\/\/www.bellunopress.it\/?s={search_term_string}"},"query-input":{"@type":"PropertyValueSpecification","valueRequired":true,"valueName":"search_term_string"}}],"inLanguage":"fr-FR"},{"@type":"Organization","@id":"https:\/\/www.bellunopress.it\/#organization","name":"Bellunopress","url":"https:\/\/www.bellunopress.it\/","logo":{"@type":"ImageObject","inLanguage":"fr-FR","@id":"https:\/\/www.bellunopress.it\/#\/schema\/logo\/image\/","url":"https:\/\/www.bellunopress.it\/wp-content\/uploads\/2011\/05\/cropped-logo-bellunopress-.jpg","contentUrl":"https:\/\/www.bellunopress.it\/wp-content\/uploads\/2011\/05\/cropped-logo-bellunopress-.jpg","width":512,"height":512,"caption":"Bellunopress"},"image":{"@id":"https:\/\/www.bellunopress.it\/#\/schema\/logo\/image\/"},"sameAs":["https:\/\/www.facebook.com\/profile.php?id=100008943462799","https:\/\/x.com\/bellunopress","https:\/\/www.linkedin.com\/hp\/?dnr=JBzUWaJfMUw8vbXJJ2tVW5-I3jZKvC4wsoxE&amp;amp;amp;amp;amp;amp;trk=nav_responsive_tab_home","https:\/\/www.youtube.com\/channel\/UCxL0wu1uN0_3_7hGG0306cw"]},{"@type":"Person","@id":"https:\/\/www.bellunopress.it\/#\/schema\/person\/79bb06722b37ece1c03d3e94beb30d73","name":"r\u00e9daction","image":{"@type":"ImageObject","inLanguage":"fr-FR","@id":"https:\/\/secure.gravatar.com\/avatar\/37d968a2e67a6fd04c169c4bdef102d0bc5d31b2546345219e348575eb80e9a0?s=96&d=mm&r=g","url":"https:\/\/secure.gravatar.com\/avatar\/37d968a2e67a6fd04c169c4bdef102d0bc5d31b2546345219e348575eb80e9a0?s=96&d=mm&r=g","contentUrl":"https:\/\/secure.gravatar.com\/avatar\/37d968a2e67a6fd04c169c4bdef102d0bc5d31b2546345219e348575eb80e9a0?s=96&d=mm&r=g","caption":"redazione"},"sameAs":["http:\/\/www.bellunopress.it","https:\/\/x.com\/bellunopress"],"url":"https:\/\/www.bellunopress.it\/fr\/author\/redazione\/"}]}},"_links":{"self":[{"href":"https:\/\/www.bellunopress.it\/fr\/wp-json\/wp\/v2\/posts\/168231","targetHints":{"allow":["GET"]}}],"collection":[{"href":"https:\/\/www.bellunopress.it\/fr\/wp-json\/wp\/v2\/posts"}],"about":[{"href":"https:\/\/www.bellunopress.it\/fr\/wp-json\/wp\/v2\/types\/post"}],"author":[{"embeddable":true,"href":"https:\/\/www.bellunopress.it\/fr\/wp-json\/wp\/v2\/users\/2"}],"replies":[{"embeddable":true,"href":"https:\/\/www.bellunopress.it\/fr\/wp-json\/wp\/v2\/comments?post=168231"}],"version-history":[{"count":1,"href":"https:\/\/www.bellunopress.it\/fr\/wp-json\/wp\/v2\/posts\/168231\/revisions"}],"predecessor-version":[{"id":168232,"href":"https:\/\/www.bellunopress.it\/fr\/wp-json\/wp\/v2\/posts\/168231\/revisions\/168232"}],"wp:featuredmedia":[{"embeddable":true,"href":"https:\/\/www.bellunopress.it\/fr\/wp-json\/wp\/v2\/media\/152952"}],"wp:attachment":[{"href":"https:\/\/www.bellunopress.it\/fr\/wp-json\/wp\/v2\/media?parent=168231"}],"wp:term":[{"taxonomy":"category","embeddable":true,"href":"https:\/\/www.bellunopress.it\/fr\/wp-json\/wp\/v2\/categories?post=168231"},{"taxonomy":"post_tag","embeddable":true,"href":"https:\/\/www.bellunopress.it\/fr\/wp-json\/wp\/v2\/tags?post=168231"}],"curies":[{"name":"wp","href":"https:\/\/api.w.org\/{rel}","templated":true}]}}