{"id":168225,"date":"2026-03-16T21:48:54","date_gmt":"2026-03-16T20:48:54","guid":{"rendered":"https:\/\/www.bellunopress.it\/?p=168225"},"modified":"2026-03-16T21:48:54","modified_gmt":"2026-03-16T20:48:54","slug":"centralina-vajont-e-il-silenzio-di-provincia-e-comune-di-longarone-mozione-futura-logiche-di-profitto-sopra-la-memoria","status":"publish","type":"post","link":"https:\/\/www.bellunopress.it\/fr\/2026\/03\/16\/centralina-vajont-e-il-silenzio-di-provincia-e-comune-di-longarone-mozione-futura-logiche-di-profitto-sopra-la-memoria\/","title":{"rendered":"Centralina Vajont e il silenzio di Provincia e Comune di Longarone. Mozione Futura: &#8220;Logiche di profitto sopra la memoria&#8221;"},"content":{"rendered":"<p><strong>Vieceli (Futura): &#8220;Per noi la centralina sul Vajont non s\u2019ha da fare n\u00e9 ora n\u00e9 mai&#8221;<\/strong><\/p>\n<p>Belluno, 16\/03\/2026 \u2013 In queste settimane di giochi di palazzo per le prossime elezioni provinciali e di serate mondane tra il Cortina Lounge e Sanremo, pi\u00f9 di qualcuno dell\u2019attuale maggioranza di centrodestra, in Provincia, si \u00e8 dimenticato dei fondamentali. La lista Futura Centrosinistra Bellunese denuncia con forza l\u2019assenza della Provincia di Belluno su un tema di massima rilevanza, qual \u00e8 il nuovo progetto di realizzazione di una centrale idroelettrica sul torrente Vajont.<\/p>\n<p>Il progetto in questione \u00e8 stato presentato dalla societ\u00e0 Welly RED S.r.l. presso la Regione Friuli Venezia Giulia, che il 9 febbraio ha avviato l&#8217;istruttoria finalizzata alla verifica di assoggettabilit\u00e0 alla procedura di VIA (valutazione di impatto ambientale). La Regione FVG ha quindi chiesto agli enti coinvolti di depositare le proprie osservazioni sul progetto entro il 12 marzo 2026; sono giunte osservazioni da parte del Servizio geologico regionale friulano, di Arpa Friuli Venezia Giulia, del Comune di Erto e Casso, dell&#8217;Autorit\u00e0 di bacino distrettuale delle Alpi Orientali e \u2013 infine &#8211; della Regione del Veneto. Gli unici enti che non hanno presentato osservazioni sono il Comune di Longarone e la Provincia di Belluno.<\/p>\n<p>Si tratta di un silenzio inaccettabile.<\/p>\n<p>\u00c8 davvero sconcertante che l\u2019Ente che rappresenta la provincia con il maggior numero di morti nel disastro del 1963 non prenda posizione in merito a un progetto che insiste proprio sui luoghi della tragedia. L\u2019intenzione della Welly RED, infatti, \u00e8 di intervenire sulla galleria di sorpasso realizzata appena tre anni prima del disastro per garantire il deflusso delle acque sotto la minaccia della frana incombente. Ancora oggi, l\u2019area interessata \u00e8 soggetta a vincolo idrogeologico e paesaggistico ed \u00e8 classificata con pericolosit\u00e0 geologica molto elevata (P4).<\/p>\n<p>L\u2019operazione \u00e8 discutibile anche dal punto di vista economico. A fronte di un investimento dal valore di 12 milioni di euro, le ricadute previste per il territorio sarebbero irrisorie: canoni di concessione che ammontano a poche decine di migliaia di euro, la cui ripartizione rimane peraltro avvolta nell\u2019incertezza.<\/p>\n<p>In ogni caso, la valutazione di un progetto di sfruttamento delle acque del Vajont non pu\u00f2 limitarsi ai dati idrogeologici ed economici; infatti, il punto dove si intende realizzare la centralina ricade negli \u201cAmbiti della Memoria\u201d legati alla tragedia del 1963. Per noi, il Vajont non \u00e8 un sito infrastrutturale come gli altri, ma un luogo di memoria collettiva, di valore etico e civile universale. Per tale ragione, Futura Centrosinistra Bellunese annuncia il deposito di una mozione affinch\u00e9 la Provincia di Belluno esprima la sua totale contrariet\u00e0 a questo e a qualsiasi altro progetto che anteponga la logica del profitto alla storia e al sentimento comune del nostro territorio.<\/p>\n<p>Si tratta di un documento di dignit\u00e0, con cui vogliamo risvegliare la Provincia di Belluno dall\u2019attuale stato di intorpidimento dovuto anche alla scelta di dividere l\u2019elezione del Presidente della Provincia da quella del Consiglio. Una mossa che, come avevamo ampiamente previsto, ha prodotto una paralisi dell\u2019Ente destinata a trascinarsi fino a giugno. Sono molte le questioni su cui si potrebbe sorvolare in questa delicata fase di stallo, ma sulla mancata presa di posizione riguardo al Vajont no. La valenza simbolica e identitaria del Vajont \u00e8 tale da non tollerare tentennamenti od omissioni dovuti a calcoli politici che vanno a esclusivo beneficio dell\u2019attuale maggioranza di centrodestra e del Presidente uscente.<\/p>\n<p>Quella sul Vajont sar\u00e0 la prima mozione ad arrivare sul tavolo del nuovo Presidente della Provincia di Belluno; quel che \u00e8 certo \u00e8 che, se dovesse essere eletto Nicola Vieceli, candidato Presidente per il centrosinistra e consigliere di spicco del gruppo Futura, la posizione della Provincia risulterebbe d\u2019ora in avanti &#8211; nell\u2019iter procedimentale del progetto &#8211; forte e chiara. Per noi la centralina sul Vajont non s\u2019ha da fare: n\u00e9 ora n\u00e9 mai.<\/p>\n<p>&nbsp;<\/p>","protected":false},"excerpt":{"rendered":"<p>Vieceli (Futura): &#8220;Per noi la centralina sul Vajont non s\u2019ha da fare n\u00e9 ora n\u00e9 mai&#8221; Belluno, 16\/03\/2026 \u2013 In queste settimane di giochi di palazzo per le prossime elezioni provinciali e di serate mondane tra il Cortina Lounge e Sanremo, pi\u00f9 di qualcuno dell\u2019attuale maggioranza di centrodestra, in Provincia, si \u00e8 dimenticato dei fondamentali. [&hellip;]<\/p>\n","protected":false},"author":2,"featured_media":167522,"comment_status":"closed","ping_status":"open","sticky":false,"template":"","format":"standard","meta":{"footnotes":""},"categories":[5,26],"tags":[],"class_list":["post-168225","post","type-post","status-publish","format-standard","has-post-thumbnail","category-cronaca","category-prima-pagina"],"yoast_head":"<!-- This site is optimized with the Yoast SEO plugin v28.4 - https:\/\/yoast.com\/product\/yoast-seo-wordpress\/ -->\n<title>Centralina Vajont e il silenzio di Provincia e Comune di Longarone. Mozione Futura: &quot;Logiche di profitto sopra la memoria&quot; - Bellunopress - Dolomiti<\/title>\n<meta name=\"robots\" content=\"index, follow, max-snippet:-1, max-image-preview:large, max-video-preview:-1\" \/>\n<link rel=\"canonical\" href=\"https:\/\/www.bellunopress.it\/fr\/2026\/03\/16\/centralina-vajont-e-il-silenzio-di-provincia-e-comune-di-longarone-mozione-futura-logiche-di-profitto-sopra-la-memoria\/\" \/>\n<meta property=\"og:locale\" content=\"fr_FR\" \/>\n<meta property=\"og:type\" content=\"article\" \/>\n<meta property=\"og:title\" content=\"Centralina Vajont e il silenzio di Provincia e Comune di Longarone. Mozione Futura: &quot;Logiche di profitto sopra la memoria&quot; - Bellunopress - Dolomiti\" \/>\n<meta property=\"og:description\" content=\"Vieceli (Futura): &#8220;Per noi la centralina sul Vajont non s\u2019ha da fare n\u00e9 ora n\u00e9 mai&#8221; Belluno, 16\/03\/2026 \u2013 In queste settimane di giochi di palazzo per le prossime elezioni provinciali e di serate mondane tra il Cortina Lounge e Sanremo, pi\u00f9 di qualcuno dell\u2019attuale maggioranza di centrodestra, in Provincia, si \u00e8 dimenticato dei fondamentali. [&hellip;]\" \/>\n<meta property=\"og:url\" content=\"https:\/\/www.bellunopress.it\/fr\/2026\/03\/16\/centralina-vajont-e-il-silenzio-di-provincia-e-comune-di-longarone-mozione-futura-logiche-di-profitto-sopra-la-memoria\/\" \/>\n<meta property=\"og:site_name\" content=\"Bellunopress - Dolomiti\" \/>\n<meta property=\"article:publisher\" content=\"https:\/\/www.facebook.com\/profile.php?id=100008943462799\" \/>\n<meta property=\"article:published_time\" content=\"2026-03-16T20:48:54+00:00\" \/>\n<meta property=\"og:image\" content=\"https:\/\/www.bellunopress.it\/wp-content\/uploads\/2026\/02\/Nicola-Vieceli-sindaco-San-Gregorio.jpg\" \/>\n\t<meta property=\"og:image:width\" content=\"568\" \/>\n\t<meta property=\"og:image:height\" content=\"564\" \/>\n\t<meta property=\"og:image:type\" content=\"image\/jpeg\" \/>\n<meta name=\"author\" content=\"redazione\" \/>\n<meta name=\"twitter:card\" content=\"summary_large_image\" \/>\n<meta name=\"twitter:creator\" content=\"@bellunopress\" \/>\n<meta name=\"twitter:site\" content=\"@bellunopress\" \/>\n<meta name=\"twitter:label1\" content=\"\u00c9crit par\" \/>\n\t<meta name=\"twitter:data1\" content=\"redazione\" \/>\n\t<meta name=\"twitter:label2\" content=\"Dur\u00e9e de lecture estim\u00e9e\" \/>\n\t<meta name=\"twitter:data2\" content=\"3 minutes\" \/>\n<script type=\"application\/ld+json\" class=\"yoast-schema-graph\">{\"@context\":\"https:\\\/\\\/schema.org\",\"@graph\":[{\"@type\":\"Article\",\"@id\":\"https:\\\/\\\/www.bellunopress.it\\\/2026\\\/03\\\/16\\\/centralina-vajont-e-il-silenzio-di-provincia-e-comune-di-longarone-mozione-futura-logiche-di-profitto-sopra-la-memoria\\\/#article\",\"isPartOf\":{\"@id\":\"https:\\\/\\\/www.bellunopress.it\\\/2026\\\/03\\\/16\\\/centralina-vajont-e-il-silenzio-di-provincia-e-comune-di-longarone-mozione-futura-logiche-di-profitto-sopra-la-memoria\\\/\"},\"author\":{\"name\":\"redazione\",\"@id\":\"https:\\\/\\\/www.bellunopress.it\\\/#\\\/schema\\\/person\\\/79bb06722b37ece1c03d3e94beb30d73\"},\"headline\":\"Centralina Vajont e il silenzio di Provincia e Comune di Longarone. Mozione Futura: &#8220;Logiche di profitto sopra la memoria&#8221;\",\"datePublished\":\"2026-03-16T20:48:54+00:00\",\"mainEntityOfPage\":{\"@id\":\"https:\\\/\\\/www.bellunopress.it\\\/2026\\\/03\\\/16\\\/centralina-vajont-e-il-silenzio-di-provincia-e-comune-di-longarone-mozione-futura-logiche-di-profitto-sopra-la-memoria\\\/\"},\"wordCount\":649,\"publisher\":{\"@id\":\"https:\\\/\\\/www.bellunopress.it\\\/#organization\"},\"image\":{\"@id\":\"https:\\\/\\\/www.bellunopress.it\\\/2026\\\/03\\\/16\\\/centralina-vajont-e-il-silenzio-di-provincia-e-comune-di-longarone-mozione-futura-logiche-di-profitto-sopra-la-memoria\\\/#primaryimage\"},\"thumbnailUrl\":\"https:\\\/\\\/www.bellunopress.it\\\/wp-content\\\/uploads\\\/2026\\\/02\\\/Nicola-Vieceli-sindaco-San-Gregorio.jpg\",\"articleSection\":[\"Cronaca\\\/Politica\",\"Prima Pagina\"],\"inLanguage\":\"fr-FR\"},{\"@type\":\"WebPage\",\"@id\":\"https:\\\/\\\/www.bellunopress.it\\\/2026\\\/03\\\/16\\\/centralina-vajont-e-il-silenzio-di-provincia-e-comune-di-longarone-mozione-futura-logiche-di-profitto-sopra-la-memoria\\\/\",\"url\":\"https:\\\/\\\/www.bellunopress.it\\\/2026\\\/03\\\/16\\\/centralina-vajont-e-il-silenzio-di-provincia-e-comune-di-longarone-mozione-futura-logiche-di-profitto-sopra-la-memoria\\\/\",\"name\":\"Centralina Vajont e il silenzio di Provincia e Comune di Longarone. Mozione Futura: \\\"Logiche di profitto sopra la memoria\\\" - Bellunopress - Dolomiti\",\"isPartOf\":{\"@id\":\"https:\\\/\\\/www.bellunopress.it\\\/#website\"},\"primaryImageOfPage\":{\"@id\":\"https:\\\/\\\/www.bellunopress.it\\\/2026\\\/03\\\/16\\\/centralina-vajont-e-il-silenzio-di-provincia-e-comune-di-longarone-mozione-futura-logiche-di-profitto-sopra-la-memoria\\\/#primaryimage\"},\"image\":{\"@id\":\"https:\\\/\\\/www.bellunopress.it\\\/2026\\\/03\\\/16\\\/centralina-vajont-e-il-silenzio-di-provincia-e-comune-di-longarone-mozione-futura-logiche-di-profitto-sopra-la-memoria\\\/#primaryimage\"},\"thumbnailUrl\":\"https:\\\/\\\/www.bellunopress.it\\\/wp-content\\\/uploads\\\/2026\\\/02\\\/Nicola-Vieceli-sindaco-San-Gregorio.jpg\",\"datePublished\":\"2026-03-16T20:48:54+00:00\",\"breadcrumb\":{\"@id\":\"https:\\\/\\\/www.bellunopress.it\\\/2026\\\/03\\\/16\\\/centralina-vajont-e-il-silenzio-di-provincia-e-comune-di-longarone-mozione-futura-logiche-di-profitto-sopra-la-memoria\\\/#breadcrumb\"},\"inLanguage\":\"fr-FR\",\"potentialAction\":[{\"@type\":\"ReadAction\",\"target\":[\"https:\\\/\\\/www.bellunopress.it\\\/2026\\\/03\\\/16\\\/centralina-vajont-e-il-silenzio-di-provincia-e-comune-di-longarone-mozione-futura-logiche-di-profitto-sopra-la-memoria\\\/\"]}]},{\"@type\":\"ImageObject\",\"inLanguage\":\"fr-FR\",\"@id\":\"https:\\\/\\\/www.bellunopress.it\\\/2026\\\/03\\\/16\\\/centralina-vajont-e-il-silenzio-di-provincia-e-comune-di-longarone-mozione-futura-logiche-di-profitto-sopra-la-memoria\\\/#primaryimage\",\"url\":\"https:\\\/\\\/www.bellunopress.it\\\/wp-content\\\/uploads\\\/2026\\\/02\\\/Nicola-Vieceli-sindaco-San-Gregorio.jpg\",\"contentUrl\":\"https:\\\/\\\/www.bellunopress.it\\\/wp-content\\\/uploads\\\/2026\\\/02\\\/Nicola-Vieceli-sindaco-San-Gregorio.jpg\",\"width\":568,\"height\":564,\"caption\":\"Nicola Vieceli - Sindaco di San Gregorio nelle Alpi e consigliere provinciale\"},{\"@type\":\"BreadcrumbList\",\"@id\":\"https:\\\/\\\/www.bellunopress.it\\\/2026\\\/03\\\/16\\\/centralina-vajont-e-il-silenzio-di-provincia-e-comune-di-longarone-mozione-futura-logiche-di-profitto-sopra-la-memoria\\\/#breadcrumb\",\"itemListElement\":[{\"@type\":\"ListItem\",\"position\":1,\"name\":\"Home\",\"item\":\"https:\\\/\\\/www.bellunopress.it\\\/\"},{\"@type\":\"ListItem\",\"position\":2,\"name\":\"Centralina Vajont e il silenzio di Provincia e Comune di Longarone. Mozione Futura: &#8220;Logiche di profitto sopra la memoria&#8221;\"}]},{\"@type\":\"WebSite\",\"@id\":\"https:\\\/\\\/www.bellunopress.it\\\/#website\",\"url\":\"https:\\\/\\\/www.bellunopress.it\\\/\",\"name\":\"Bellunopress - Dolomiti\",\"description\":\"e-mail: redazione@bellunopress.it\",\"publisher\":{\"@id\":\"https:\\\/\\\/www.bellunopress.it\\\/#organization\"},\"potentialAction\":[{\"@type\":\"SearchAction\",\"target\":{\"@type\":\"EntryPoint\",\"urlTemplate\":\"https:\\\/\\\/www.bellunopress.it\\\/?s={search_term_string}\"},\"query-input\":{\"@type\":\"PropertyValueSpecification\",\"valueRequired\":true,\"valueName\":\"search_term_string\"}}],\"inLanguage\":\"fr-FR\"},{\"@type\":\"Organization\",\"@id\":\"https:\\\/\\\/www.bellunopress.it\\\/#organization\",\"name\":\"Bellunopress\",\"url\":\"https:\\\/\\\/www.bellunopress.it\\\/\",\"logo\":{\"@type\":\"ImageObject\",\"inLanguage\":\"fr-FR\",\"@id\":\"https:\\\/\\\/www.bellunopress.it\\\/#\\\/schema\\\/logo\\\/image\\\/\",\"url\":\"https:\\\/\\\/www.bellunopress.it\\\/wp-content\\\/uploads\\\/2011\\\/05\\\/cropped-logo-bellunopress-.jpg\",\"contentUrl\":\"https:\\\/\\\/www.bellunopress.it\\\/wp-content\\\/uploads\\\/2011\\\/05\\\/cropped-logo-bellunopress-.jpg\",\"width\":512,\"height\":512,\"caption\":\"Bellunopress\"},\"image\":{\"@id\":\"https:\\\/\\\/www.bellunopress.it\\\/#\\\/schema\\\/logo\\\/image\\\/\"},\"sameAs\":[\"https:\\\/\\\/www.facebook.com\\\/profile.php?id=100008943462799\",\"https:\\\/\\\/x.com\\\/bellunopress\",\"https:\\\/\\\/www.linkedin.com\\\/hp\\\/?dnr=JBzUWaJfMUw8vbXJJ2tVW5-I3jZKvC4wsoxE&amp;amp;amp;amp;amp;amp;trk=nav_responsive_tab_home\",\"https:\\\/\\\/www.youtube.com\\\/channel\\\/UCxL0wu1uN0_3_7hGG0306cw\"]},{\"@type\":\"Person\",\"@id\":\"https:\\\/\\\/www.bellunopress.it\\\/#\\\/schema\\\/person\\\/79bb06722b37ece1c03d3e94beb30d73\",\"name\":\"redazione\",\"image\":{\"@type\":\"ImageObject\",\"inLanguage\":\"fr-FR\",\"@id\":\"https:\\\/\\\/secure.gravatar.com\\\/avatar\\\/37d968a2e67a6fd04c169c4bdef102d0bc5d31b2546345219e348575eb80e9a0?s=96&d=mm&r=g\",\"url\":\"https:\\\/\\\/secure.gravatar.com\\\/avatar\\\/37d968a2e67a6fd04c169c4bdef102d0bc5d31b2546345219e348575eb80e9a0?s=96&d=mm&r=g\",\"contentUrl\":\"https:\\\/\\\/secure.gravatar.com\\\/avatar\\\/37d968a2e67a6fd04c169c4bdef102d0bc5d31b2546345219e348575eb80e9a0?s=96&d=mm&r=g\",\"caption\":\"redazione\"},\"sameAs\":[\"http:\\\/\\\/www.bellunopress.it\",\"https:\\\/\\\/x.com\\\/bellunopress\"],\"url\":\"https:\\\/\\\/www.bellunopress.it\\\/fr\\\/author\\\/redazione\\\/\"}]}<\/script>\n<!-- \/ Yoast SEO plugin. -->","yoast_head_json":{"title":"Centralina Vajont e il silenzio di Provincia e Comune di Longarone. Mozione Futura: \"Logiche di profitto sopra la memoria\" - Bellunopress - Dolomiti","robots":{"index":"index","follow":"follow","max-snippet":"max-snippet:-1","max-image-preview":"max-image-preview:large","max-video-preview":"max-video-preview:-1"},"canonical":"https:\/\/www.bellunopress.it\/fr\/2026\/03\/16\/centralina-vajont-e-il-silenzio-di-provincia-e-comune-di-longarone-mozione-futura-logiche-di-profitto-sopra-la-memoria\/","og_locale":"fr_FR","og_type":"article","og_title":"Centralina Vajont e il silenzio di Provincia e Comune di Longarone. Mozione Futura: \"Logiche di profitto sopra la memoria\" - Bellunopress - Dolomiti","og_description":"Vieceli (Futura): &#8220;Per noi la centralina sul Vajont non s\u2019ha da fare n\u00e9 ora n\u00e9 mai&#8221; Belluno, 16\/03\/2026 \u2013 In queste settimane di giochi di palazzo per le prossime elezioni provinciali e di serate mondane tra il Cortina Lounge e Sanremo, pi\u00f9 di qualcuno dell\u2019attuale maggioranza di centrodestra, in Provincia, si \u00e8 dimenticato dei fondamentali. [&hellip;]","og_url":"https:\/\/www.bellunopress.it\/fr\/2026\/03\/16\/centralina-vajont-e-il-silenzio-di-provincia-e-comune-di-longarone-mozione-futura-logiche-di-profitto-sopra-la-memoria\/","og_site_name":"Bellunopress - Dolomiti","article_publisher":"https:\/\/www.facebook.com\/profile.php?id=100008943462799","article_published_time":"2026-03-16T20:48:54+00:00","og_image":[{"width":568,"height":564,"url":"https:\/\/www.bellunopress.it\/wp-content\/uploads\/2026\/02\/Nicola-Vieceli-sindaco-San-Gregorio.jpg","type":"image\/jpeg"}],"author":"redazione","twitter_card":"summary_large_image","twitter_creator":"@bellunopress","twitter_site":"@bellunopress","twitter_misc":{"\u00c9crit par":"redazione","Dur\u00e9e de lecture estim\u00e9e":"3 minutes"},"schema":{"@context":"https:\/\/schema.org","@graph":[{"@type":"Article","@id":"https:\/\/www.bellunopress.it\/2026\/03\/16\/centralina-vajont-e-il-silenzio-di-provincia-e-comune-di-longarone-mozione-futura-logiche-di-profitto-sopra-la-memoria\/#article","isPartOf":{"@id":"https:\/\/www.bellunopress.it\/2026\/03\/16\/centralina-vajont-e-il-silenzio-di-provincia-e-comune-di-longarone-mozione-futura-logiche-di-profitto-sopra-la-memoria\/"},"author":{"name":"redazione","@id":"https:\/\/www.bellunopress.it\/#\/schema\/person\/79bb06722b37ece1c03d3e94beb30d73"},"headline":"Centralina Vajont e il silenzio di Provincia e Comune di Longarone. Mozione Futura: &#8220;Logiche di profitto sopra la memoria&#8221;","datePublished":"2026-03-16T20:48:54+00:00","mainEntityOfPage":{"@id":"https:\/\/www.bellunopress.it\/2026\/03\/16\/centralina-vajont-e-il-silenzio-di-provincia-e-comune-di-longarone-mozione-futura-logiche-di-profitto-sopra-la-memoria\/"},"wordCount":649,"publisher":{"@id":"https:\/\/www.bellunopress.it\/#organization"},"image":{"@id":"https:\/\/www.bellunopress.it\/2026\/03\/16\/centralina-vajont-e-il-silenzio-di-provincia-e-comune-di-longarone-mozione-futura-logiche-di-profitto-sopra-la-memoria\/#primaryimage"},"thumbnailUrl":"https:\/\/www.bellunopress.it\/wp-content\/uploads\/2026\/02\/Nicola-Vieceli-sindaco-San-Gregorio.jpg","articleSection":["Cronaca\/Politica","Prima Pagina"],"inLanguage":"fr-FR"},{"@type":"WebPage","@id":"https:\/\/www.bellunopress.it\/2026\/03\/16\/centralina-vajont-e-il-silenzio-di-provincia-e-comune-di-longarone-mozione-futura-logiche-di-profitto-sopra-la-memoria\/","url":"https:\/\/www.bellunopress.it\/2026\/03\/16\/centralina-vajont-e-il-silenzio-di-provincia-e-comune-di-longarone-mozione-futura-logiche-di-profitto-sopra-la-memoria\/","name":"Centralina Vajont e il silenzio di Provincia e Comune di Longarone. Mozione Futura: \"Logiche di profitto sopra la memoria\" - Bellunopress - Dolomiti","isPartOf":{"@id":"https:\/\/www.bellunopress.it\/#website"},"primaryImageOfPage":{"@id":"https:\/\/www.bellunopress.it\/2026\/03\/16\/centralina-vajont-e-il-silenzio-di-provincia-e-comune-di-longarone-mozione-futura-logiche-di-profitto-sopra-la-memoria\/#primaryimage"},"image":{"@id":"https:\/\/www.bellunopress.it\/2026\/03\/16\/centralina-vajont-e-il-silenzio-di-provincia-e-comune-di-longarone-mozione-futura-logiche-di-profitto-sopra-la-memoria\/#primaryimage"},"thumbnailUrl":"https:\/\/www.bellunopress.it\/wp-content\/uploads\/2026\/02\/Nicola-Vieceli-sindaco-San-Gregorio.jpg","datePublished":"2026-03-16T20:48:54+00:00","breadcrumb":{"@id":"https:\/\/www.bellunopress.it\/2026\/03\/16\/centralina-vajont-e-il-silenzio-di-provincia-e-comune-di-longarone-mozione-futura-logiche-di-profitto-sopra-la-memoria\/#breadcrumb"},"inLanguage":"fr-FR","potentialAction":[{"@type":"ReadAction","target":["https:\/\/www.bellunopress.it\/2026\/03\/16\/centralina-vajont-e-il-silenzio-di-provincia-e-comune-di-longarone-mozione-futura-logiche-di-profitto-sopra-la-memoria\/"]}]},{"@type":"ImageObject","inLanguage":"fr-FR","@id":"https:\/\/www.bellunopress.it\/2026\/03\/16\/centralina-vajont-e-il-silenzio-di-provincia-e-comune-di-longarone-mozione-futura-logiche-di-profitto-sopra-la-memoria\/#primaryimage","url":"https:\/\/www.bellunopress.it\/wp-content\/uploads\/2026\/02\/Nicola-Vieceli-sindaco-San-Gregorio.jpg","contentUrl":"https:\/\/www.bellunopress.it\/wp-content\/uploads\/2026\/02\/Nicola-Vieceli-sindaco-San-Gregorio.jpg","width":568,"height":564,"caption":"Nicola Vieceli - Sindaco di San Gregorio nelle Alpi e consigliere provinciale"},{"@type":"BreadcrumbList","@id":"https:\/\/www.bellunopress.it\/2026\/03\/16\/centralina-vajont-e-il-silenzio-di-provincia-e-comune-di-longarone-mozione-futura-logiche-di-profitto-sopra-la-memoria\/#breadcrumb","itemListElement":[{"@type":"ListItem","position":1,"name":"Home","item":"https:\/\/www.bellunopress.it\/"},{"@type":"ListItem","position":2,"name":"Centralina Vajont e il silenzio di Provincia e Comune di Longarone. Mozione Futura: &#8220;Logiche di profitto sopra la memoria&#8221;"}]},{"@type":"WebSite","@id":"https:\/\/www.bellunopress.it\/#website","url":"https:\/\/www.bellunopress.it\/","name":"Bellunopress - Dolomiti","description":"e-mail: redazione@bellunopress.it","publisher":{"@id":"https:\/\/www.bellunopress.it\/#organization"},"potentialAction":[{"@type":"SearchAction","target":{"@type":"EntryPoint","urlTemplate":"https:\/\/www.bellunopress.it\/?s={search_term_string}"},"query-input":{"@type":"PropertyValueSpecification","valueRequired":true,"valueName":"search_term_string"}}],"inLanguage":"fr-FR"},{"@type":"Organization","@id":"https:\/\/www.bellunopress.it\/#organization","name":"Bellunopress","url":"https:\/\/www.bellunopress.it\/","logo":{"@type":"ImageObject","inLanguage":"fr-FR","@id":"https:\/\/www.bellunopress.it\/#\/schema\/logo\/image\/","url":"https:\/\/www.bellunopress.it\/wp-content\/uploads\/2011\/05\/cropped-logo-bellunopress-.jpg","contentUrl":"https:\/\/www.bellunopress.it\/wp-content\/uploads\/2011\/05\/cropped-logo-bellunopress-.jpg","width":512,"height":512,"caption":"Bellunopress"},"image":{"@id":"https:\/\/www.bellunopress.it\/#\/schema\/logo\/image\/"},"sameAs":["https:\/\/www.facebook.com\/profile.php?id=100008943462799","https:\/\/x.com\/bellunopress","https:\/\/www.linkedin.com\/hp\/?dnr=JBzUWaJfMUw8vbXJJ2tVW5-I3jZKvC4wsoxE&amp;amp;amp;amp;amp;amp;trk=nav_responsive_tab_home","https:\/\/www.youtube.com\/channel\/UCxL0wu1uN0_3_7hGG0306cw"]},{"@type":"Person","@id":"https:\/\/www.bellunopress.it\/#\/schema\/person\/79bb06722b37ece1c03d3e94beb30d73","name":"r\u00e9daction","image":{"@type":"ImageObject","inLanguage":"fr-FR","@id":"https:\/\/secure.gravatar.com\/avatar\/37d968a2e67a6fd04c169c4bdef102d0bc5d31b2546345219e348575eb80e9a0?s=96&d=mm&r=g","url":"https:\/\/secure.gravatar.com\/avatar\/37d968a2e67a6fd04c169c4bdef102d0bc5d31b2546345219e348575eb80e9a0?s=96&d=mm&r=g","contentUrl":"https:\/\/secure.gravatar.com\/avatar\/37d968a2e67a6fd04c169c4bdef102d0bc5d31b2546345219e348575eb80e9a0?s=96&d=mm&r=g","caption":"redazione"},"sameAs":["http:\/\/www.bellunopress.it","https:\/\/x.com\/bellunopress"],"url":"https:\/\/www.bellunopress.it\/fr\/author\/redazione\/"}]}},"_links":{"self":[{"href":"https:\/\/www.bellunopress.it\/fr\/wp-json\/wp\/v2\/posts\/168225","targetHints":{"allow":["GET"]}}],"collection":[{"href":"https:\/\/www.bellunopress.it\/fr\/wp-json\/wp\/v2\/posts"}],"about":[{"href":"https:\/\/www.bellunopress.it\/fr\/wp-json\/wp\/v2\/types\/post"}],"author":[{"embeddable":true,"href":"https:\/\/www.bellunopress.it\/fr\/wp-json\/wp\/v2\/users\/2"}],"replies":[{"embeddable":true,"href":"https:\/\/www.bellunopress.it\/fr\/wp-json\/wp\/v2\/comments?post=168225"}],"version-history":[{"count":1,"href":"https:\/\/www.bellunopress.it\/fr\/wp-json\/wp\/v2\/posts\/168225\/revisions"}],"predecessor-version":[{"id":168226,"href":"https:\/\/www.bellunopress.it\/fr\/wp-json\/wp\/v2\/posts\/168225\/revisions\/168226"}],"wp:featuredmedia":[{"embeddable":true,"href":"https:\/\/www.bellunopress.it\/fr\/wp-json\/wp\/v2\/media\/167522"}],"wp:attachment":[{"href":"https:\/\/www.bellunopress.it\/fr\/wp-json\/wp\/v2\/media?parent=168225"}],"wp:term":[{"taxonomy":"category","embeddable":true,"href":"https:\/\/www.bellunopress.it\/fr\/wp-json\/wp\/v2\/categories?post=168225"},{"taxonomy":"post_tag","embeddable":true,"href":"https:\/\/www.bellunopress.it\/fr\/wp-json\/wp\/v2\/tags?post=168225"}],"curies":[{"name":"wp","href":"https:\/\/api.w.org\/{rel}","templated":true}]}}