{"id":168220,"date":"2026-03-16T21:21:58","date_gmt":"2026-03-16T20:21:58","guid":{"rendered":"https:\/\/www.bellunopress.it\/?p=168220"},"modified":"2026-03-16T21:21:58","modified_gmt":"2026-03-16T20:21:58","slug":"cortina-non-si-ferma-dopo-le-paralimpiadi-camere-accessibili-triplicate-in-due-anni","status":"publish","type":"post","link":"https:\/\/www.bellunopress.it\/fr\/2026\/03\/16\/cortina-non-si-ferma-dopo-le-paralimpiadi-camere-accessibili-triplicate-in-due-anni\/","title":{"rendered":"Cortina non si ferma dopo le Paralimpiadi: camere accessibili triplicate in due anni"},"content":{"rendered":"<p data-path-to-node=\"3\"><b data-path-to-node=\"3\" data-index-in-node=\"0\">L\u2019impegno degli albergatori ampezzani segna una svolta culturale: l\u2019offerta di stanze &#8220;friendly&#8221; passa dal 5% al 14%. La presidente Ruatti: \u00abNon \u00e8 solo l\u2019effetto dei Giochi, vogliamo essere un modello di ospitalit\u00e0 senza barriere\u00bb.<\/b><\/p>\n<p data-path-to-node=\"4\">Cortina d&#8217;Ampezzo, 16\/03\/2026\u00a0\u2013 Spenti i riflettori sulle Paralimpiadi, Cortina d\u2019Ampezzo sceglie di non tornare indietro, ma di accelerare. La sfida dell&#8217;inclusivit\u00e0, accelerata dal grande evento sportivo, si sta trasformando in una legacy strutturale per la Regina delle Dolomiti. I dati diffusi dall\u2019Associazione Albergatori parlano chiaro: in soli 24 mesi, il numero di camere accessibili e &#8220;friendly&#8221; \u00e8 quasi triplicato.<\/p>\n<h3 data-path-to-node=\"5\">I numeri della trasformazione<\/h3>\n<p data-path-to-node=\"6\">Il salto di qualit\u00e0 \u00e8 misurabile nei numeri di un comparto che ha deciso di investire pesantemente sul rinnovamento. Se nel 2023 la quota di stanze attrezzate si fermava al 5%, oggi la disponibilit\u00e0 \u00e8 balzata al 14%, segnando un incremento record del +179%.<\/p>\n<p data-path-to-node=\"7\">Attualmente, oltre la met\u00e0 delle strutture associate (il 54%) \u00e8 in grado di offrire soluzioni di ospitalit\u00e0 inclusiva. Non si tratta di semplici adeguamenti normativi, ma di una riprogettazione profonda che ha visto molti hotel affrontare lunghi periodi di chiusura per eliminare ostacoli fisici, semplificare i collegamenti interni e installare dispositivi di supporto visivo e sonoro.<\/p>\n<h3 data-path-to-node=\"8\">Oltre l&#8217;evento: una rivoluzione culturale<\/h3>\n<p data-path-to-node=\"9\">\u00abCertamente le strutture sono uscite rafforzate dall\u2019esperienza paralimpica\u00bb, ha commentato Sandra Ruatti, Presidente dell\u2019Associazione Albergatori di Cortina, \u00abma l\u2019accessibilit\u00e0 per noi non \u00e8 un argomento nuovo\u00bb.<\/p>\n<p data-path-to-node=\"10\">Secondo Ruatti, il percorso era gi\u00e0 tracciato dal 2022, anno del primo convegno sul tema promosso con il Comune e il Comitato Italiano Paralimpico. L\u2019obiettivo dichiarato \u00e8 quello di innescare una vera rivoluzione culturale nel turismo, garantendo a ogni ospite la possibilit\u00e0 di vivere la montagna in modo autonomo e dignitoso.<\/p>\n<blockquote data-path-to-node=\"11\">\n<h6 style=\"text-align: left;\" data-path-to-node=\"11,0\"><i data-path-to-node=\"11,0\" data-index-in-node=\"0\">\u00abSappiamo che c\u2019\u00e8 ancora tanto da fare. Le Paralimpiadi hanno purtroppo meno richiamo mediatico delle Olimpiadi, il che rende questo percorso una sfida in salita. Ma le salite si superano solo iniziando a percorrerle, e noi intendiamo continuare a farlo ora, a riflettori spenti\u00bb.<\/i><\/h6>\n<\/blockquote>\n<h3 data-path-to-node=\"12\">Gli interventi strutturali<\/h3>\n<p data-path-to-node=\"13\">Gli investimenti hanno riguardato principalmente:<\/p>\n<ul data-path-to-node=\"14\">\n<li>\n<p data-path-to-node=\"14,0,0\">Riorganizzazione degli spazi: Ottimizzazione delle aree comuni interne ed esterne.<\/p>\n<\/li>\n<li>\n<p data-path-to-node=\"14,1,0\">Abbattimento barriere: Eliminazione di gradini e ostacoli alla mobilit\u00e0.<\/p>\n<\/li>\n<li>\n<p data-path-to-node=\"14,2,0\">Domotica e servizi: Ristrutturazione completa dei servizi igienici e installazione di sistemi di assistenza per disabilit\u00e0 sensoriali.<\/p>\n<\/li>\n<\/ul>\n<p data-path-to-node=\"15\">Cortina si candida cos\u00ec a diventare un esempio virtuoso per l&#8217;intero arco alpino, dimostrando che l&#8217;inclusivit\u00e0 non \u00e8 un costo legato a un singolo evento, ma un pilastro fondamentale dell&#8217;ospitalit\u00e0 del futuro.<\/p>","protected":false},"excerpt":{"rendered":"<p>L\u2019impegno degli albergatori ampezzani segna una svolta culturale: l\u2019offerta di stanze &#8220;friendly&#8221; passa dal 5% al 14%. La presidente Ruatti: \u00abNon \u00e8 solo l\u2019effetto dei Giochi, vogliamo essere un modello di ospitalit\u00e0 senza barriere\u00bb. Cortina d&#8217;Ampezzo, 16\/03\/2026\u00a0\u2013 Spenti i riflettori sulle Paralimpiadi, Cortina d\u2019Ampezzo sceglie di non tornare indietro, ma di accelerare. La sfida dell&#8217;inclusivit\u00e0, [&hellip;]<\/p>\n","protected":false},"author":2,"featured_media":167699,"comment_status":"closed","ping_status":"open","sticky":false,"template":"","format":"standard","meta":{"footnotes":""},"categories":[26],"tags":[],"class_list":["post-168220","post","type-post","status-publish","format-standard","has-post-thumbnail","category-prima-pagina"],"yoast_head":"<!-- This site is optimized with the Yoast SEO plugin v28.4 - https:\/\/yoast.com\/product\/yoast-seo-wordpress\/ -->\n<title>Cortina non si ferma dopo le Paralimpiadi: camere accessibili triplicate in due anni - Bellunopress - Dolomiti<\/title>\n<meta name=\"robots\" content=\"index, follow, max-snippet:-1, max-image-preview:large, max-video-preview:-1\" \/>\n<link rel=\"canonical\" href=\"https:\/\/www.bellunopress.it\/fr\/2026\/03\/16\/cortina-non-si-ferma-dopo-le-paralimpiadi-camere-accessibili-triplicate-in-due-anni\/\" \/>\n<meta property=\"og:locale\" content=\"fr_FR\" \/>\n<meta property=\"og:type\" content=\"article\" \/>\n<meta property=\"og:title\" content=\"Cortina non si ferma dopo le Paralimpiadi: camere accessibili triplicate in due anni - Bellunopress - Dolomiti\" \/>\n<meta property=\"og:description\" content=\"L\u2019impegno degli albergatori ampezzani segna una svolta culturale: l\u2019offerta di stanze &#8220;friendly&#8221; passa dal 5% al 14%. La presidente Ruatti: \u00abNon \u00e8 solo l\u2019effetto dei Giochi, vogliamo essere un modello di ospitalit\u00e0 senza barriere\u00bb. Cortina d&#8217;Ampezzo, 16\/03\/2026\u00a0\u2013 Spenti i riflettori sulle Paralimpiadi, Cortina d\u2019Ampezzo sceglie di non tornare indietro, ma di accelerare. La sfida dell&#8217;inclusivit\u00e0, [&hellip;]\" \/>\n<meta property=\"og:url\" content=\"https:\/\/www.bellunopress.it\/fr\/2026\/03\/16\/cortina-non-si-ferma-dopo-le-paralimpiadi-camere-accessibili-triplicate-in-due-anni\/\" \/>\n<meta property=\"og:site_name\" content=\"Bellunopress - Dolomiti\" \/>\n<meta property=\"article:publisher\" content=\"https:\/\/www.facebook.com\/profile.php?id=100008943462799\" \/>\n<meta property=\"article:published_time\" content=\"2026-03-16T20:21:58+00:00\" \/>\n<meta property=\"og:image\" content=\"https:\/\/www.bellunopress.it\/wp-content\/uploads\/2026\/02\/Sandra-Ruatti.jpg\" \/>\n\t<meta property=\"og:image:width\" content=\"538\" \/>\n\t<meta property=\"og:image:height\" content=\"600\" \/>\n\t<meta property=\"og:image:type\" content=\"image\/jpeg\" \/>\n<meta name=\"author\" content=\"redazione\" \/>\n<meta name=\"twitter:card\" content=\"summary_large_image\" \/>\n<meta name=\"twitter:creator\" content=\"@bellunopress\" \/>\n<meta name=\"twitter:site\" content=\"@bellunopress\" \/>\n<meta name=\"twitter:label1\" content=\"Written by\" \/>\n\t<meta name=\"twitter:data1\" content=\"redazione\" \/>\n\t<meta name=\"twitter:label2\" content=\"Est. reading time\" \/>\n\t<meta name=\"twitter:data2\" content=\"2 minutes\" \/>\n<script type=\"application\/ld+json\" class=\"yoast-schema-graph\">{\"@context\":\"https:\\\/\\\/schema.org\",\"@graph\":[{\"@type\":\"Article\",\"@id\":\"https:\\\/\\\/www.bellunopress.it\\\/2026\\\/03\\\/16\\\/cortina-non-si-ferma-dopo-le-paralimpiadi-camere-accessibili-triplicate-in-due-anni\\\/#article\",\"isPartOf\":{\"@id\":\"https:\\\/\\\/www.bellunopress.it\\\/2026\\\/03\\\/16\\\/cortina-non-si-ferma-dopo-le-paralimpiadi-camere-accessibili-triplicate-in-due-anni\\\/\"},\"author\":{\"name\":\"redazione\",\"@id\":\"https:\\\/\\\/www.bellunopress.it\\\/#\\\/schema\\\/person\\\/79bb06722b37ece1c03d3e94beb30d73\"},\"headline\":\"Cortina non si ferma dopo le Paralimpiadi: camere accessibili triplicate in due anni\",\"datePublished\":\"2026-03-16T20:21:58+00:00\",\"mainEntityOfPage\":{\"@id\":\"https:\\\/\\\/www.bellunopress.it\\\/2026\\\/03\\\/16\\\/cortina-non-si-ferma-dopo-le-paralimpiadi-camere-accessibili-triplicate-in-due-anni\\\/\"},\"wordCount\":409,\"publisher\":{\"@id\":\"https:\\\/\\\/www.bellunopress.it\\\/#organization\"},\"image\":{\"@id\":\"https:\\\/\\\/www.bellunopress.it\\\/2026\\\/03\\\/16\\\/cortina-non-si-ferma-dopo-le-paralimpiadi-camere-accessibili-triplicate-in-due-anni\\\/#primaryimage\"},\"thumbnailUrl\":\"https:\\\/\\\/www.bellunopress.it\\\/wp-content\\\/uploads\\\/2026\\\/02\\\/Sandra-Ruatti.jpg\",\"articleSection\":[\"Prima Pagina\"],\"inLanguage\":\"fr-FR\"},{\"@type\":\"WebPage\",\"@id\":\"https:\\\/\\\/www.bellunopress.it\\\/2026\\\/03\\\/16\\\/cortina-non-si-ferma-dopo-le-paralimpiadi-camere-accessibili-triplicate-in-due-anni\\\/\",\"url\":\"https:\\\/\\\/www.bellunopress.it\\\/2026\\\/03\\\/16\\\/cortina-non-si-ferma-dopo-le-paralimpiadi-camere-accessibili-triplicate-in-due-anni\\\/\",\"name\":\"Cortina non si ferma dopo le Paralimpiadi: camere accessibili triplicate in due anni - Bellunopress - Dolomiti\",\"isPartOf\":{\"@id\":\"https:\\\/\\\/www.bellunopress.it\\\/#website\"},\"primaryImageOfPage\":{\"@id\":\"https:\\\/\\\/www.bellunopress.it\\\/2026\\\/03\\\/16\\\/cortina-non-si-ferma-dopo-le-paralimpiadi-camere-accessibili-triplicate-in-due-anni\\\/#primaryimage\"},\"image\":{\"@id\":\"https:\\\/\\\/www.bellunopress.it\\\/2026\\\/03\\\/16\\\/cortina-non-si-ferma-dopo-le-paralimpiadi-camere-accessibili-triplicate-in-due-anni\\\/#primaryimage\"},\"thumbnailUrl\":\"https:\\\/\\\/www.bellunopress.it\\\/wp-content\\\/uploads\\\/2026\\\/02\\\/Sandra-Ruatti.jpg\",\"datePublished\":\"2026-03-16T20:21:58+00:00\",\"breadcrumb\":{\"@id\":\"https:\\\/\\\/www.bellunopress.it\\\/2026\\\/03\\\/16\\\/cortina-non-si-ferma-dopo-le-paralimpiadi-camere-accessibili-triplicate-in-due-anni\\\/#breadcrumb\"},\"inLanguage\":\"fr-FR\",\"potentialAction\":[{\"@type\":\"ReadAction\",\"target\":[\"https:\\\/\\\/www.bellunopress.it\\\/2026\\\/03\\\/16\\\/cortina-non-si-ferma-dopo-le-paralimpiadi-camere-accessibili-triplicate-in-due-anni\\\/\"]}]},{\"@type\":\"ImageObject\",\"inLanguage\":\"fr-FR\",\"@id\":\"https:\\\/\\\/www.bellunopress.it\\\/2026\\\/03\\\/16\\\/cortina-non-si-ferma-dopo-le-paralimpiadi-camere-accessibili-triplicate-in-due-anni\\\/#primaryimage\",\"url\":\"https:\\\/\\\/www.bellunopress.it\\\/wp-content\\\/uploads\\\/2026\\\/02\\\/Sandra-Ruatti.jpg\",\"contentUrl\":\"https:\\\/\\\/www.bellunopress.it\\\/wp-content\\\/uploads\\\/2026\\\/02\\\/Sandra-Ruatti.jpg\",\"width\":538,\"height\":600,\"caption\":\"Sandra Ruatti - Presidente dell\u2019Associazione degli Albergatori di Cortina d'Ampezzo\"},{\"@type\":\"BreadcrumbList\",\"@id\":\"https:\\\/\\\/www.bellunopress.it\\\/2026\\\/03\\\/16\\\/cortina-non-si-ferma-dopo-le-paralimpiadi-camere-accessibili-triplicate-in-due-anni\\\/#breadcrumb\",\"itemListElement\":[{\"@type\":\"ListItem\",\"position\":1,\"name\":\"Home\",\"item\":\"https:\\\/\\\/www.bellunopress.it\\\/\"},{\"@type\":\"ListItem\",\"position\":2,\"name\":\"Cortina non si ferma dopo le Paralimpiadi: camere accessibili triplicate in due anni\"}]},{\"@type\":\"WebSite\",\"@id\":\"https:\\\/\\\/www.bellunopress.it\\\/#website\",\"url\":\"https:\\\/\\\/www.bellunopress.it\\\/\",\"name\":\"Bellunopress - Dolomiti\",\"description\":\"e-mail: redazione@bellunopress.it\",\"publisher\":{\"@id\":\"https:\\\/\\\/www.bellunopress.it\\\/#organization\"},\"potentialAction\":[{\"@type\":\"SearchAction\",\"target\":{\"@type\":\"EntryPoint\",\"urlTemplate\":\"https:\\\/\\\/www.bellunopress.it\\\/?s={search_term_string}\"},\"query-input\":{\"@type\":\"PropertyValueSpecification\",\"valueRequired\":true,\"valueName\":\"search_term_string\"}}],\"inLanguage\":\"fr-FR\"},{\"@type\":\"Organization\",\"@id\":\"https:\\\/\\\/www.bellunopress.it\\\/#organization\",\"name\":\"Bellunopress\",\"url\":\"https:\\\/\\\/www.bellunopress.it\\\/\",\"logo\":{\"@type\":\"ImageObject\",\"inLanguage\":\"fr-FR\",\"@id\":\"https:\\\/\\\/www.bellunopress.it\\\/#\\\/schema\\\/logo\\\/image\\\/\",\"url\":\"https:\\\/\\\/www.bellunopress.it\\\/wp-content\\\/uploads\\\/2011\\\/05\\\/cropped-logo-bellunopress-.jpg\",\"contentUrl\":\"https:\\\/\\\/www.bellunopress.it\\\/wp-content\\\/uploads\\\/2011\\\/05\\\/cropped-logo-bellunopress-.jpg\",\"width\":512,\"height\":512,\"caption\":\"Bellunopress\"},\"image\":{\"@id\":\"https:\\\/\\\/www.bellunopress.it\\\/#\\\/schema\\\/logo\\\/image\\\/\"},\"sameAs\":[\"https:\\\/\\\/www.facebook.com\\\/profile.php?id=100008943462799\",\"https:\\\/\\\/x.com\\\/bellunopress\",\"https:\\\/\\\/www.linkedin.com\\\/hp\\\/?dnr=JBzUWaJfMUw8vbXJJ2tVW5-I3jZKvC4wsoxE&amp;amp;amp;amp;amp;amp;trk=nav_responsive_tab_home\",\"https:\\\/\\\/www.youtube.com\\\/channel\\\/UCxL0wu1uN0_3_7hGG0306cw\"]},{\"@type\":\"Person\",\"@id\":\"https:\\\/\\\/www.bellunopress.it\\\/#\\\/schema\\\/person\\\/79bb06722b37ece1c03d3e94beb30d73\",\"name\":\"redazione\",\"image\":{\"@type\":\"ImageObject\",\"inLanguage\":\"fr-FR\",\"@id\":\"https:\\\/\\\/secure.gravatar.com\\\/avatar\\\/37d968a2e67a6fd04c169c4bdef102d0bc5d31b2546345219e348575eb80e9a0?s=96&d=mm&r=g\",\"url\":\"https:\\\/\\\/secure.gravatar.com\\\/avatar\\\/37d968a2e67a6fd04c169c4bdef102d0bc5d31b2546345219e348575eb80e9a0?s=96&d=mm&r=g\",\"contentUrl\":\"https:\\\/\\\/secure.gravatar.com\\\/avatar\\\/37d968a2e67a6fd04c169c4bdef102d0bc5d31b2546345219e348575eb80e9a0?s=96&d=mm&r=g\",\"caption\":\"redazione\"},\"sameAs\":[\"http:\\\/\\\/www.bellunopress.it\",\"https:\\\/\\\/x.com\\\/bellunopress\"],\"url\":\"https:\\\/\\\/www.bellunopress.it\\\/fr\\\/author\\\/redazione\\\/\"}]}<\/script>\n<!-- \/ Yoast SEO plugin. -->","yoast_head_json":{"title":"Cortina non si ferma dopo le Paralimpiadi: camere accessibili triplicate in due anni - Bellunopress - Dolomiti","robots":{"index":"index","follow":"follow","max-snippet":"max-snippet:-1","max-image-preview":"max-image-preview:large","max-video-preview":"max-video-preview:-1"},"canonical":"https:\/\/www.bellunopress.it\/fr\/2026\/03\/16\/cortina-non-si-ferma-dopo-le-paralimpiadi-camere-accessibili-triplicate-in-due-anni\/","og_locale":"fr_FR","og_type":"article","og_title":"Cortina non si ferma dopo le Paralimpiadi: camere accessibili triplicate in due anni - Bellunopress - Dolomiti","og_description":"L\u2019impegno degli albergatori ampezzani segna una svolta culturale: l\u2019offerta di stanze &#8220;friendly&#8221; passa dal 5% al 14%. La presidente Ruatti: \u00abNon \u00e8 solo l\u2019effetto dei Giochi, vogliamo essere un modello di ospitalit\u00e0 senza barriere\u00bb. Cortina d&#8217;Ampezzo, 16\/03\/2026\u00a0\u2013 Spenti i riflettori sulle Paralimpiadi, Cortina d\u2019Ampezzo sceglie di non tornare indietro, ma di accelerare. La sfida dell&#8217;inclusivit\u00e0, [&hellip;]","og_url":"https:\/\/www.bellunopress.it\/fr\/2026\/03\/16\/cortina-non-si-ferma-dopo-le-paralimpiadi-camere-accessibili-triplicate-in-due-anni\/","og_site_name":"Bellunopress - Dolomiti","article_publisher":"https:\/\/www.facebook.com\/profile.php?id=100008943462799","article_published_time":"2026-03-16T20:21:58+00:00","og_image":[{"width":538,"height":600,"url":"https:\/\/www.bellunopress.it\/wp-content\/uploads\/2026\/02\/Sandra-Ruatti.jpg","type":"image\/jpeg"}],"author":"redazione","twitter_card":"summary_large_image","twitter_creator":"@bellunopress","twitter_site":"@bellunopress","twitter_misc":{"Written by":"redazione","Est. reading time":"2 minutes"},"schema":{"@context":"https:\/\/schema.org","@graph":[{"@type":"Article","@id":"https:\/\/www.bellunopress.it\/2026\/03\/16\/cortina-non-si-ferma-dopo-le-paralimpiadi-camere-accessibili-triplicate-in-due-anni\/#article","isPartOf":{"@id":"https:\/\/www.bellunopress.it\/2026\/03\/16\/cortina-non-si-ferma-dopo-le-paralimpiadi-camere-accessibili-triplicate-in-due-anni\/"},"author":{"name":"redazione","@id":"https:\/\/www.bellunopress.it\/#\/schema\/person\/79bb06722b37ece1c03d3e94beb30d73"},"headline":"Cortina non si ferma dopo le Paralimpiadi: camere accessibili triplicate in due anni","datePublished":"2026-03-16T20:21:58+00:00","mainEntityOfPage":{"@id":"https:\/\/www.bellunopress.it\/2026\/03\/16\/cortina-non-si-ferma-dopo-le-paralimpiadi-camere-accessibili-triplicate-in-due-anni\/"},"wordCount":409,"publisher":{"@id":"https:\/\/www.bellunopress.it\/#organization"},"image":{"@id":"https:\/\/www.bellunopress.it\/2026\/03\/16\/cortina-non-si-ferma-dopo-le-paralimpiadi-camere-accessibili-triplicate-in-due-anni\/#primaryimage"},"thumbnailUrl":"https:\/\/www.bellunopress.it\/wp-content\/uploads\/2026\/02\/Sandra-Ruatti.jpg","articleSection":["Prima Pagina"],"inLanguage":"fr-FR"},{"@type":"WebPage","@id":"https:\/\/www.bellunopress.it\/2026\/03\/16\/cortina-non-si-ferma-dopo-le-paralimpiadi-camere-accessibili-triplicate-in-due-anni\/","url":"https:\/\/www.bellunopress.it\/2026\/03\/16\/cortina-non-si-ferma-dopo-le-paralimpiadi-camere-accessibili-triplicate-in-due-anni\/","name":"Cortina non si ferma dopo le Paralimpiadi: camere accessibili triplicate in due anni - Bellunopress - Dolomiti","isPartOf":{"@id":"https:\/\/www.bellunopress.it\/#website"},"primaryImageOfPage":{"@id":"https:\/\/www.bellunopress.it\/2026\/03\/16\/cortina-non-si-ferma-dopo-le-paralimpiadi-camere-accessibili-triplicate-in-due-anni\/#primaryimage"},"image":{"@id":"https:\/\/www.bellunopress.it\/2026\/03\/16\/cortina-non-si-ferma-dopo-le-paralimpiadi-camere-accessibili-triplicate-in-due-anni\/#primaryimage"},"thumbnailUrl":"https:\/\/www.bellunopress.it\/wp-content\/uploads\/2026\/02\/Sandra-Ruatti.jpg","datePublished":"2026-03-16T20:21:58+00:00","breadcrumb":{"@id":"https:\/\/www.bellunopress.it\/2026\/03\/16\/cortina-non-si-ferma-dopo-le-paralimpiadi-camere-accessibili-triplicate-in-due-anni\/#breadcrumb"},"inLanguage":"fr-FR","potentialAction":[{"@type":"ReadAction","target":["https:\/\/www.bellunopress.it\/2026\/03\/16\/cortina-non-si-ferma-dopo-le-paralimpiadi-camere-accessibili-triplicate-in-due-anni\/"]}]},{"@type":"ImageObject","inLanguage":"fr-FR","@id":"https:\/\/www.bellunopress.it\/2026\/03\/16\/cortina-non-si-ferma-dopo-le-paralimpiadi-camere-accessibili-triplicate-in-due-anni\/#primaryimage","url":"https:\/\/www.bellunopress.it\/wp-content\/uploads\/2026\/02\/Sandra-Ruatti.jpg","contentUrl":"https:\/\/www.bellunopress.it\/wp-content\/uploads\/2026\/02\/Sandra-Ruatti.jpg","width":538,"height":600,"caption":"Sandra Ruatti - Presidente dell\u2019Associazione degli Albergatori di Cortina d'Ampezzo"},{"@type":"BreadcrumbList","@id":"https:\/\/www.bellunopress.it\/2026\/03\/16\/cortina-non-si-ferma-dopo-le-paralimpiadi-camere-accessibili-triplicate-in-due-anni\/#breadcrumb","itemListElement":[{"@type":"ListItem","position":1,"name":"Home","item":"https:\/\/www.bellunopress.it\/"},{"@type":"ListItem","position":2,"name":"Cortina non si ferma dopo le Paralimpiadi: camere accessibili triplicate in due anni"}]},{"@type":"WebSite","@id":"https:\/\/www.bellunopress.it\/#website","url":"https:\/\/www.bellunopress.it\/","name":"Bellunopress - Dolomiti","description":"e-mail: redazione@bellunopress.it","publisher":{"@id":"https:\/\/www.bellunopress.it\/#organization"},"potentialAction":[{"@type":"SearchAction","target":{"@type":"EntryPoint","urlTemplate":"https:\/\/www.bellunopress.it\/?s={search_term_string}"},"query-input":{"@type":"PropertyValueSpecification","valueRequired":true,"valueName":"search_term_string"}}],"inLanguage":"fr-FR"},{"@type":"Organization","@id":"https:\/\/www.bellunopress.it\/#organization","name":"Bellunopress","url":"https:\/\/www.bellunopress.it\/","logo":{"@type":"ImageObject","inLanguage":"fr-FR","@id":"https:\/\/www.bellunopress.it\/#\/schema\/logo\/image\/","url":"https:\/\/www.bellunopress.it\/wp-content\/uploads\/2011\/05\/cropped-logo-bellunopress-.jpg","contentUrl":"https:\/\/www.bellunopress.it\/wp-content\/uploads\/2011\/05\/cropped-logo-bellunopress-.jpg","width":512,"height":512,"caption":"Bellunopress"},"image":{"@id":"https:\/\/www.bellunopress.it\/#\/schema\/logo\/image\/"},"sameAs":["https:\/\/www.facebook.com\/profile.php?id=100008943462799","https:\/\/x.com\/bellunopress","https:\/\/www.linkedin.com\/hp\/?dnr=JBzUWaJfMUw8vbXJJ2tVW5-I3jZKvC4wsoxE&amp;amp;amp;amp;amp;amp;trk=nav_responsive_tab_home","https:\/\/www.youtube.com\/channel\/UCxL0wu1uN0_3_7hGG0306cw"]},{"@type":"Person","@id":"https:\/\/www.bellunopress.it\/#\/schema\/person\/79bb06722b37ece1c03d3e94beb30d73","name":"r\u00e9daction","image":{"@type":"ImageObject","inLanguage":"fr-FR","@id":"https:\/\/secure.gravatar.com\/avatar\/37d968a2e67a6fd04c169c4bdef102d0bc5d31b2546345219e348575eb80e9a0?s=96&d=mm&r=g","url":"https:\/\/secure.gravatar.com\/avatar\/37d968a2e67a6fd04c169c4bdef102d0bc5d31b2546345219e348575eb80e9a0?s=96&d=mm&r=g","contentUrl":"https:\/\/secure.gravatar.com\/avatar\/37d968a2e67a6fd04c169c4bdef102d0bc5d31b2546345219e348575eb80e9a0?s=96&d=mm&r=g","caption":"redazione"},"sameAs":["http:\/\/www.bellunopress.it","https:\/\/x.com\/bellunopress"],"url":"https:\/\/www.bellunopress.it\/fr\/author\/redazione\/"}]}},"_links":{"self":[{"href":"https:\/\/www.bellunopress.it\/fr\/wp-json\/wp\/v2\/posts\/168220","targetHints":{"allow":["GET"]}}],"collection":[{"href":"https:\/\/www.bellunopress.it\/fr\/wp-json\/wp\/v2\/posts"}],"about":[{"href":"https:\/\/www.bellunopress.it\/fr\/wp-json\/wp\/v2\/types\/post"}],"author":[{"embeddable":true,"href":"https:\/\/www.bellunopress.it\/fr\/wp-json\/wp\/v2\/users\/2"}],"replies":[{"embeddable":true,"href":"https:\/\/www.bellunopress.it\/fr\/wp-json\/wp\/v2\/comments?post=168220"}],"version-history":[{"count":1,"href":"https:\/\/www.bellunopress.it\/fr\/wp-json\/wp\/v2\/posts\/168220\/revisions"}],"predecessor-version":[{"id":168221,"href":"https:\/\/www.bellunopress.it\/fr\/wp-json\/wp\/v2\/posts\/168220\/revisions\/168221"}],"wp:featuredmedia":[{"embeddable":true,"href":"https:\/\/www.bellunopress.it\/fr\/wp-json\/wp\/v2\/media\/167699"}],"wp:attachment":[{"href":"https:\/\/www.bellunopress.it\/fr\/wp-json\/wp\/v2\/media?parent=168220"}],"wp:term":[{"taxonomy":"category","embeddable":true,"href":"https:\/\/www.bellunopress.it\/fr\/wp-json\/wp\/v2\/categories?post=168220"},{"taxonomy":"post_tag","embeddable":true,"href":"https:\/\/www.bellunopress.it\/fr\/wp-json\/wp\/v2\/tags?post=168220"}],"curies":[{"name":"wp","href":"https:\/\/api.w.org\/{rel}","templated":true}]}}