{"id":168216,"date":"2026-03-16T14:23:27","date_gmt":"2026-03-16T13:23:27","guid":{"rendered":"https:\/\/www.bellunopress.it\/?p=168216"},"modified":"2026-03-16T14:23:27","modified_gmt":"2026-03-16T13:23:27","slug":"attacco-ai-diritti-delle-donne-cgil-cisl-e-uil-si-oppongono-alla-soppressione-della-consigliera-di-parita","status":"publish","type":"post","link":"https:\/\/www.bellunopress.it\/fr\/2026\/03\/16\/attacco-ai-diritti-delle-donne-cgil-cisl-e-uil-si-oppongono-alla-soppressione-della-consigliera-di-parita\/","title":{"rendered":"Attacco ai diritti delle donne: CGIL, CISL e UIL\u00a0 si oppongono alla soppressione della Consigliera di Parit\u00e0"},"content":{"rendered":"<p data-path-to-node=\"3\">Belluno, 16\/03\/2026\u00a0\u2013 Il coordinamento unitario dei sindacati bellunesi lancia un grido d&#8217;allarme che scuote le istituzioni locali: la figura della Consigliera di Parit\u00e0 provinciale, un baluardo per la tutela dei diritti e contro le discriminazioni sul lavoro, rischia di scomparire o di essere svuotata delle sue funzioni. Una prospettiva che Denise Casanova (Segretaria generale CGIL Belluno), Roberta Barbieri (Segretaria CISL Belluno Treviso) e Sonia Bridda (Segretaria UIL Veneto Belluno) definiscono &#8220;inaccettabile&#8221; e basata su interpretazioni distorte delle direttive europee.<\/p>\n<h3 data-path-to-node=\"4\">&#8220;Il pretesto dell&#8217;Europa&#8221;: la denuncia di Denise Casanova (CGIL)<\/h3>\n<p data-path-to-node=\"5\">Denise Casanova \u00e8 netta nel contestare le motivazioni dietro questa mossa: <i data-path-to-node=\"5\" data-index-in-node=\"75\">&#8220;La direttiva europea da cui il governo pensa di trarre le conclusioni per eliminare le consigliere di parit\u00e0 provinciali non dice affatto questo&#8221;<\/i>. Secondo la segretaria della CGIL, il recepimento delle norme non deve mai essere peggiorativo rispetto alle tutele esistenti, e l&#8217;eliminazione di questa figura rappresenterebbe una palese procedura di infrazione. Casanova sottolinea il ruolo cruciale svolto dalla Consigliera di parit\u00e0 Flavia Monego come pubblico ufficiale, capace di convocare le aziende per discutere di discriminazioni e violenze, offrendo un aiuto effettivo e &#8220;neutro&#8221; rispetto ad aziende e sindacati. <i data-path-to-node=\"5\" data-index-in-node=\"672\">&#8220;Si sta erodendo piano piano tutta una serie di diritti conquistati che sul territorio facevano la differenza&#8221;<\/i>, conclude con amarezza.<\/p>\n<h3 data-path-to-node=\"6\">Il rischio centralizzazione: l&#8217;analisi di Sonia Bridda (UIL)<\/h3>\n<p data-path-to-node=\"7\">Per <b data-path-to-node=\"7\" data-index-in-node=\"4\">Sonia Bridda<\/b>, la soppressione della figura provinciale in favore di un organismo nazionale centralizzato a Roma \u00e8 una barriera insormontabile per i cittadini bellunesi. <i data-path-to-node=\"7\" data-index-in-node=\"173\">&#8220;Io mi immagino come una donna, un disabile, un uomo bellunese riesca a dire la sua andando a Roma&#8221;<\/i>, afferma la sindacalista, evidenziando l&#8217;assurdit\u00e0 di un organismo composto da soli cinque membri per l&#8217;intera nazione. Bridda ricorda come a Belluno si lavori in rete con la Consigliera dal 1991, affrontando casi reali di discriminazione per uomini e donne. Il progetto delle &#8220;pillole sulle pari opportunit\u00e0&#8221; \u00e8 solo l&#8217;ultimo esempio di una collaborazione che oggi rischia di essere cancellata da una norma definita &#8220;non fattibile&#8221;.<\/p>\n<h3 data-path-to-node=\"8\">&#8220;La tutela non \u00e8 facoltativa&#8221;: l&#8217;allarme di Roberta Barbieri (CISL)<\/h3>\n<p data-path-to-node=\"9\">Roberta Barbieri mette in guardia sullo svuotamento di senso delle tutele: <i data-path-to-node=\"9\" data-index-in-node=\"75\">&#8220;La tutela non \u00e8 un&#8217;opzione facoltativa&#8221;<\/i>. Depotenziare un ufficio che funziona bene e con cui \u00e8 stata costruita una rete di presenza culturale e protezione significa trasformare un diritto &#8220;esigibile&#8221; in uno &#8220;inesigibile&#8221;. Secondo Barbieri, la normativa lascia intravedere la facolt\u00e0 di mantenere o meno le consiglieri di parit\u00e0, ma la centralizzazione rischia di far rimanere le tutele solo sulla carta. <i data-path-to-node=\"9\" data-index-in-node=\"480\">&#8220;Dopo il lavoro fatto con la Regione e i progetti &#8216;Pari 1 e 2&#8217;, per noi questa \u00e8 una cosa che deve assolutamente essere rivista&#8221;<\/i>, esorta la segretaria CISL, sottolineando che non si pu\u00f2 rinunciare a un presidio territoriale cos\u00ec fondamentale.<\/p>\n<h3 data-path-to-node=\"10\">Una battaglia di civilt\u00e0<\/h3>\n<p data-path-to-node=\"11\">La posizione dei sindacati \u00e8 unanime: la Consigliera di Parit\u00e0 non \u00e8 solo una figura burocratica, ma un punto di riferimento fondamentale per chi subisce mobbing, discriminazioni di genere o rifiuti di part-time nelle aziende del territorio. CGIL, CISL e UIL promettono di &#8220;togliersi i guanti&#8221; per difendere un&#8217;istituzione che ha dimostrato negli anni di poter fare la differenza nella vita delle lavoratrici e dei lavoratori bellunesi.<\/p>","protected":false},"excerpt":{"rendered":"<p>Belluno, 16\/03\/2026\u00a0\u2013 Il coordinamento unitario dei sindacati bellunesi lancia un grido d&#8217;allarme che scuote le istituzioni locali: la figura della Consigliera di Parit\u00e0 provinciale, un baluardo per la tutela dei diritti e contro le discriminazioni sul lavoro, rischia di scomparire o di essere svuotata delle sue funzioni. Una prospettiva che Denise Casanova (Segretaria generale CGIL [&hellip;]<\/p>\n","protected":false},"author":2,"featured_media":168217,"comment_status":"closed","ping_status":"open","sticky":false,"template":"","format":"standard","meta":{"footnotes":""},"categories":[36,26,8],"tags":[],"class_list":["post-168216","post","type-post","status-publish","format-standard","has-post-thumbnail","category-lavoro-economia","category-prima-pagina","category-societa-istituzioni"],"yoast_head":"<!-- This site is optimized with the Yoast SEO plugin v28.4 - https:\/\/yoast.com\/product\/yoast-seo-wordpress\/ -->\n<title>Attacco ai diritti delle donne: CGIL, CISL e UIL\u00a0 si oppongono alla soppressione della Consigliera di Parit\u00e0 - Bellunopress - Dolomiti<\/title>\n<meta name=\"robots\" content=\"index, follow, max-snippet:-1, max-image-preview:large, max-video-preview:-1\" \/>\n<link rel=\"canonical\" href=\"https:\/\/www.bellunopress.it\/fr\/2026\/03\/16\/attacco-ai-diritti-delle-donne-cgil-cisl-e-uil-si-oppongono-alla-soppressione-della-consigliera-di-parita\/\" \/>\n<meta property=\"og:locale\" content=\"fr_FR\" \/>\n<meta property=\"og:type\" content=\"article\" \/>\n<meta property=\"og:title\" content=\"Attacco ai diritti delle donne: CGIL, CISL e UIL\u00a0 si oppongono alla soppressione della Consigliera di Parit\u00e0 - Bellunopress - Dolomiti\" \/>\n<meta property=\"og:description\" content=\"Belluno, 16\/03\/2026\u00a0\u2013 Il coordinamento unitario dei sindacati bellunesi lancia un grido d&#8217;allarme che scuote le istituzioni locali: la figura della Consigliera di Parit\u00e0 provinciale, un baluardo per la tutela dei diritti e contro le discriminazioni sul lavoro, rischia di scomparire o di essere svuotata delle sue funzioni. Una prospettiva che Denise Casanova (Segretaria generale CGIL [&hellip;]\" \/>\n<meta property=\"og:url\" content=\"https:\/\/www.bellunopress.it\/fr\/2026\/03\/16\/attacco-ai-diritti-delle-donne-cgil-cisl-e-uil-si-oppongono-alla-soppressione-della-consigliera-di-parita\/\" \/>\n<meta property=\"og:site_name\" content=\"Bellunopress - Dolomiti\" \/>\n<meta property=\"article:publisher\" content=\"https:\/\/www.facebook.com\/profile.php?id=100008943462799\" \/>\n<meta property=\"article:published_time\" content=\"2026-03-16T13:23:27+00:00\" \/>\n<meta property=\"og:image\" content=\"https:\/\/www.bellunopress.it\/wp-content\/uploads\/2026\/03\/denise-casanova-Cgil-Sonia-Bridda-Uil-Roberta-Barbieri-Cisl.jpg\" \/>\n\t<meta property=\"og:image:width\" content=\"500\" \/>\n\t<meta property=\"og:image:height\" content=\"360\" \/>\n\t<meta property=\"og:image:type\" content=\"image\/jpeg\" \/>\n<meta name=\"author\" content=\"redazione\" \/>\n<meta name=\"twitter:card\" content=\"summary_large_image\" \/>\n<meta name=\"twitter:creator\" content=\"@bellunopress\" \/>\n<meta name=\"twitter:site\" content=\"@bellunopress\" \/>\n<meta name=\"twitter:label1\" content=\"Written by\" \/>\n\t<meta name=\"twitter:data1\" content=\"redazione\" \/>\n\t<meta name=\"twitter:label2\" content=\"Est. reading time\" \/>\n\t<meta name=\"twitter:data2\" content=\"3 minutes\" \/>\n<script type=\"application\/ld+json\" class=\"yoast-schema-graph\">{\"@context\":\"https:\\\/\\\/schema.org\",\"@graph\":[{\"@type\":\"Article\",\"@id\":\"https:\\\/\\\/www.bellunopress.it\\\/2026\\\/03\\\/16\\\/attacco-ai-diritti-delle-donne-cgil-cisl-e-uil-si-oppongono-alla-soppressione-della-consigliera-di-parita\\\/#article\",\"isPartOf\":{\"@id\":\"https:\\\/\\\/www.bellunopress.it\\\/2026\\\/03\\\/16\\\/attacco-ai-diritti-delle-donne-cgil-cisl-e-uil-si-oppongono-alla-soppressione-della-consigliera-di-parita\\\/\"},\"author\":{\"name\":\"redazione\",\"@id\":\"https:\\\/\\\/www.bellunopress.it\\\/#\\\/schema\\\/person\\\/79bb06722b37ece1c03d3e94beb30d73\"},\"headline\":\"Attacco ai diritti delle donne: CGIL, CISL e UIL\u00a0 si oppongono alla soppressione della Consigliera di Parit\u00e0\",\"datePublished\":\"2026-03-16T13:23:27+00:00\",\"mainEntityOfPage\":{\"@id\":\"https:\\\/\\\/www.bellunopress.it\\\/2026\\\/03\\\/16\\\/attacco-ai-diritti-delle-donne-cgil-cisl-e-uil-si-oppongono-alla-soppressione-della-consigliera-di-parita\\\/\"},\"wordCount\":533,\"publisher\":{\"@id\":\"https:\\\/\\\/www.bellunopress.it\\\/#organization\"},\"image\":{\"@id\":\"https:\\\/\\\/www.bellunopress.it\\\/2026\\\/03\\\/16\\\/attacco-ai-diritti-delle-donne-cgil-cisl-e-uil-si-oppongono-alla-soppressione-della-consigliera-di-parita\\\/#primaryimage\"},\"thumbnailUrl\":\"https:\\\/\\\/www.bellunopress.it\\\/wp-content\\\/uploads\\\/2026\\\/03\\\/denise-casanova-Cgil-Sonia-Bridda-Uil-Roberta-Barbieri-Cisl.jpg\",\"articleSection\":[\"Lavoro, Economia, Turismo\",\"Prima Pagina\",\"Societ\u00e0, Associazioni, Istituzioni\"],\"inLanguage\":\"fr-FR\"},{\"@type\":\"WebPage\",\"@id\":\"https:\\\/\\\/www.bellunopress.it\\\/2026\\\/03\\\/16\\\/attacco-ai-diritti-delle-donne-cgil-cisl-e-uil-si-oppongono-alla-soppressione-della-consigliera-di-parita\\\/\",\"url\":\"https:\\\/\\\/www.bellunopress.it\\\/2026\\\/03\\\/16\\\/attacco-ai-diritti-delle-donne-cgil-cisl-e-uil-si-oppongono-alla-soppressione-della-consigliera-di-parita\\\/\",\"name\":\"Attacco ai diritti delle donne: CGIL, CISL e UIL\u00a0 si oppongono alla soppressione della Consigliera di Parit\u00e0 - Bellunopress - Dolomiti\",\"isPartOf\":{\"@id\":\"https:\\\/\\\/www.bellunopress.it\\\/#website\"},\"primaryImageOfPage\":{\"@id\":\"https:\\\/\\\/www.bellunopress.it\\\/2026\\\/03\\\/16\\\/attacco-ai-diritti-delle-donne-cgil-cisl-e-uil-si-oppongono-alla-soppressione-della-consigliera-di-parita\\\/#primaryimage\"},\"image\":{\"@id\":\"https:\\\/\\\/www.bellunopress.it\\\/2026\\\/03\\\/16\\\/attacco-ai-diritti-delle-donne-cgil-cisl-e-uil-si-oppongono-alla-soppressione-della-consigliera-di-parita\\\/#primaryimage\"},\"thumbnailUrl\":\"https:\\\/\\\/www.bellunopress.it\\\/wp-content\\\/uploads\\\/2026\\\/03\\\/denise-casanova-Cgil-Sonia-Bridda-Uil-Roberta-Barbieri-Cisl.jpg\",\"datePublished\":\"2026-03-16T13:23:27+00:00\",\"breadcrumb\":{\"@id\":\"https:\\\/\\\/www.bellunopress.it\\\/2026\\\/03\\\/16\\\/attacco-ai-diritti-delle-donne-cgil-cisl-e-uil-si-oppongono-alla-soppressione-della-consigliera-di-parita\\\/#breadcrumb\"},\"inLanguage\":\"fr-FR\",\"potentialAction\":[{\"@type\":\"ReadAction\",\"target\":[\"https:\\\/\\\/www.bellunopress.it\\\/2026\\\/03\\\/16\\\/attacco-ai-diritti-delle-donne-cgil-cisl-e-uil-si-oppongono-alla-soppressione-della-consigliera-di-parita\\\/\"]}]},{\"@type\":\"ImageObject\",\"inLanguage\":\"fr-FR\",\"@id\":\"https:\\\/\\\/www.bellunopress.it\\\/2026\\\/03\\\/16\\\/attacco-ai-diritti-delle-donne-cgil-cisl-e-uil-si-oppongono-alla-soppressione-della-consigliera-di-parita\\\/#primaryimage\",\"url\":\"https:\\\/\\\/www.bellunopress.it\\\/wp-content\\\/uploads\\\/2026\\\/03\\\/denise-casanova-Cgil-Sonia-Bridda-Uil-Roberta-Barbieri-Cisl.jpg\",\"contentUrl\":\"https:\\\/\\\/www.bellunopress.it\\\/wp-content\\\/uploads\\\/2026\\\/03\\\/denise-casanova-Cgil-Sonia-Bridda-Uil-Roberta-Barbieri-Cisl.jpg\",\"width\":500,\"height\":360,\"caption\":\"Denise Casanova (Segretaria generale Cgil Belluno), Sonia Bridda (Segretaria Uil Veneto Belluno), Roberta Barbieri (Segretaria Cisl Belluno Treviso)\"},{\"@type\":\"BreadcrumbList\",\"@id\":\"https:\\\/\\\/www.bellunopress.it\\\/2026\\\/03\\\/16\\\/attacco-ai-diritti-delle-donne-cgil-cisl-e-uil-si-oppongono-alla-soppressione-della-consigliera-di-parita\\\/#breadcrumb\",\"itemListElement\":[{\"@type\":\"ListItem\",\"position\":1,\"name\":\"Home\",\"item\":\"https:\\\/\\\/www.bellunopress.it\\\/\"},{\"@type\":\"ListItem\",\"position\":2,\"name\":\"Attacco ai diritti delle donne: CGIL, CISL e UIL\u00a0 si oppongono alla soppressione della Consigliera di Parit\u00e0\"}]},{\"@type\":\"WebSite\",\"@id\":\"https:\\\/\\\/www.bellunopress.it\\\/#website\",\"url\":\"https:\\\/\\\/www.bellunopress.it\\\/\",\"name\":\"Bellunopress - Dolomiti\",\"description\":\"e-mail: redazione@bellunopress.it\",\"publisher\":{\"@id\":\"https:\\\/\\\/www.bellunopress.it\\\/#organization\"},\"potentialAction\":[{\"@type\":\"SearchAction\",\"target\":{\"@type\":\"EntryPoint\",\"urlTemplate\":\"https:\\\/\\\/www.bellunopress.it\\\/?s={search_term_string}\"},\"query-input\":{\"@type\":\"PropertyValueSpecification\",\"valueRequired\":true,\"valueName\":\"search_term_string\"}}],\"inLanguage\":\"fr-FR\"},{\"@type\":\"Organization\",\"@id\":\"https:\\\/\\\/www.bellunopress.it\\\/#organization\",\"name\":\"Bellunopress\",\"url\":\"https:\\\/\\\/www.bellunopress.it\\\/\",\"logo\":{\"@type\":\"ImageObject\",\"inLanguage\":\"fr-FR\",\"@id\":\"https:\\\/\\\/www.bellunopress.it\\\/#\\\/schema\\\/logo\\\/image\\\/\",\"url\":\"https:\\\/\\\/www.bellunopress.it\\\/wp-content\\\/uploads\\\/2011\\\/05\\\/cropped-logo-bellunopress-.jpg\",\"contentUrl\":\"https:\\\/\\\/www.bellunopress.it\\\/wp-content\\\/uploads\\\/2011\\\/05\\\/cropped-logo-bellunopress-.jpg\",\"width\":512,\"height\":512,\"caption\":\"Bellunopress\"},\"image\":{\"@id\":\"https:\\\/\\\/www.bellunopress.it\\\/#\\\/schema\\\/logo\\\/image\\\/\"},\"sameAs\":[\"https:\\\/\\\/www.facebook.com\\\/profile.php?id=100008943462799\",\"https:\\\/\\\/x.com\\\/bellunopress\",\"https:\\\/\\\/www.linkedin.com\\\/hp\\\/?dnr=JBzUWaJfMUw8vbXJJ2tVW5-I3jZKvC4wsoxE&amp;amp;amp;amp;amp;amp;trk=nav_responsive_tab_home\",\"https:\\\/\\\/www.youtube.com\\\/channel\\\/UCxL0wu1uN0_3_7hGG0306cw\"]},{\"@type\":\"Person\",\"@id\":\"https:\\\/\\\/www.bellunopress.it\\\/#\\\/schema\\\/person\\\/79bb06722b37ece1c03d3e94beb30d73\",\"name\":\"redazione\",\"image\":{\"@type\":\"ImageObject\",\"inLanguage\":\"fr-FR\",\"@id\":\"https:\\\/\\\/secure.gravatar.com\\\/avatar\\\/37d968a2e67a6fd04c169c4bdef102d0bc5d31b2546345219e348575eb80e9a0?s=96&d=mm&r=g\",\"url\":\"https:\\\/\\\/secure.gravatar.com\\\/avatar\\\/37d968a2e67a6fd04c169c4bdef102d0bc5d31b2546345219e348575eb80e9a0?s=96&d=mm&r=g\",\"contentUrl\":\"https:\\\/\\\/secure.gravatar.com\\\/avatar\\\/37d968a2e67a6fd04c169c4bdef102d0bc5d31b2546345219e348575eb80e9a0?s=96&d=mm&r=g\",\"caption\":\"redazione\"},\"sameAs\":[\"http:\\\/\\\/www.bellunopress.it\",\"https:\\\/\\\/x.com\\\/bellunopress\"],\"url\":\"https:\\\/\\\/www.bellunopress.it\\\/fr\\\/author\\\/redazione\\\/\"}]}<\/script>\n<!-- \/ Yoast SEO plugin. -->","yoast_head_json":{"title":"Attacco ai diritti delle donne: CGIL, CISL e UIL\u00a0 si oppongono alla soppressione della Consigliera di Parit\u00e0 - Bellunopress - Dolomiti","robots":{"index":"index","follow":"follow","max-snippet":"max-snippet:-1","max-image-preview":"max-image-preview:large","max-video-preview":"max-video-preview:-1"},"canonical":"https:\/\/www.bellunopress.it\/fr\/2026\/03\/16\/attacco-ai-diritti-delle-donne-cgil-cisl-e-uil-si-oppongono-alla-soppressione-della-consigliera-di-parita\/","og_locale":"fr_FR","og_type":"article","og_title":"Attacco ai diritti delle donne: CGIL, CISL e UIL\u00a0 si oppongono alla soppressione della Consigliera di Parit\u00e0 - Bellunopress - Dolomiti","og_description":"Belluno, 16\/03\/2026\u00a0\u2013 Il coordinamento unitario dei sindacati bellunesi lancia un grido d&#8217;allarme che scuote le istituzioni locali: la figura della Consigliera di Parit\u00e0 provinciale, un baluardo per la tutela dei diritti e contro le discriminazioni sul lavoro, rischia di scomparire o di essere svuotata delle sue funzioni. Una prospettiva che Denise Casanova (Segretaria generale CGIL [&hellip;]","og_url":"https:\/\/www.bellunopress.it\/fr\/2026\/03\/16\/attacco-ai-diritti-delle-donne-cgil-cisl-e-uil-si-oppongono-alla-soppressione-della-consigliera-di-parita\/","og_site_name":"Bellunopress - Dolomiti","article_publisher":"https:\/\/www.facebook.com\/profile.php?id=100008943462799","article_published_time":"2026-03-16T13:23:27+00:00","og_image":[{"width":500,"height":360,"url":"https:\/\/www.bellunopress.it\/wp-content\/uploads\/2026\/03\/denise-casanova-Cgil-Sonia-Bridda-Uil-Roberta-Barbieri-Cisl.jpg","type":"image\/jpeg"}],"author":"redazione","twitter_card":"summary_large_image","twitter_creator":"@bellunopress","twitter_site":"@bellunopress","twitter_misc":{"Written by":"redazione","Est. reading time":"3 minutes"},"schema":{"@context":"https:\/\/schema.org","@graph":[{"@type":"Article","@id":"https:\/\/www.bellunopress.it\/2026\/03\/16\/attacco-ai-diritti-delle-donne-cgil-cisl-e-uil-si-oppongono-alla-soppressione-della-consigliera-di-parita\/#article","isPartOf":{"@id":"https:\/\/www.bellunopress.it\/2026\/03\/16\/attacco-ai-diritti-delle-donne-cgil-cisl-e-uil-si-oppongono-alla-soppressione-della-consigliera-di-parita\/"},"author":{"name":"redazione","@id":"https:\/\/www.bellunopress.it\/#\/schema\/person\/79bb06722b37ece1c03d3e94beb30d73"},"headline":"Attacco ai diritti delle donne: CGIL, CISL e UIL\u00a0 si oppongono alla soppressione della Consigliera di Parit\u00e0","datePublished":"2026-03-16T13:23:27+00:00","mainEntityOfPage":{"@id":"https:\/\/www.bellunopress.it\/2026\/03\/16\/attacco-ai-diritti-delle-donne-cgil-cisl-e-uil-si-oppongono-alla-soppressione-della-consigliera-di-parita\/"},"wordCount":533,"publisher":{"@id":"https:\/\/www.bellunopress.it\/#organization"},"image":{"@id":"https:\/\/www.bellunopress.it\/2026\/03\/16\/attacco-ai-diritti-delle-donne-cgil-cisl-e-uil-si-oppongono-alla-soppressione-della-consigliera-di-parita\/#primaryimage"},"thumbnailUrl":"https:\/\/www.bellunopress.it\/wp-content\/uploads\/2026\/03\/denise-casanova-Cgil-Sonia-Bridda-Uil-Roberta-Barbieri-Cisl.jpg","articleSection":["Lavoro, Economia, Turismo","Prima Pagina","Societ\u00e0, Associazioni, Istituzioni"],"inLanguage":"fr-FR"},{"@type":"WebPage","@id":"https:\/\/www.bellunopress.it\/2026\/03\/16\/attacco-ai-diritti-delle-donne-cgil-cisl-e-uil-si-oppongono-alla-soppressione-della-consigliera-di-parita\/","url":"https:\/\/www.bellunopress.it\/2026\/03\/16\/attacco-ai-diritti-delle-donne-cgil-cisl-e-uil-si-oppongono-alla-soppressione-della-consigliera-di-parita\/","name":"Attacco ai diritti delle donne: CGIL, CISL e UIL\u00a0 si oppongono alla soppressione della Consigliera di Parit\u00e0 - Bellunopress - Dolomiti","isPartOf":{"@id":"https:\/\/www.bellunopress.it\/#website"},"primaryImageOfPage":{"@id":"https:\/\/www.bellunopress.it\/2026\/03\/16\/attacco-ai-diritti-delle-donne-cgil-cisl-e-uil-si-oppongono-alla-soppressione-della-consigliera-di-parita\/#primaryimage"},"image":{"@id":"https:\/\/www.bellunopress.it\/2026\/03\/16\/attacco-ai-diritti-delle-donne-cgil-cisl-e-uil-si-oppongono-alla-soppressione-della-consigliera-di-parita\/#primaryimage"},"thumbnailUrl":"https:\/\/www.bellunopress.it\/wp-content\/uploads\/2026\/03\/denise-casanova-Cgil-Sonia-Bridda-Uil-Roberta-Barbieri-Cisl.jpg","datePublished":"2026-03-16T13:23:27+00:00","breadcrumb":{"@id":"https:\/\/www.bellunopress.it\/2026\/03\/16\/attacco-ai-diritti-delle-donne-cgil-cisl-e-uil-si-oppongono-alla-soppressione-della-consigliera-di-parita\/#breadcrumb"},"inLanguage":"fr-FR","potentialAction":[{"@type":"ReadAction","target":["https:\/\/www.bellunopress.it\/2026\/03\/16\/attacco-ai-diritti-delle-donne-cgil-cisl-e-uil-si-oppongono-alla-soppressione-della-consigliera-di-parita\/"]}]},{"@type":"ImageObject","inLanguage":"fr-FR","@id":"https:\/\/www.bellunopress.it\/2026\/03\/16\/attacco-ai-diritti-delle-donne-cgil-cisl-e-uil-si-oppongono-alla-soppressione-della-consigliera-di-parita\/#primaryimage","url":"https:\/\/www.bellunopress.it\/wp-content\/uploads\/2026\/03\/denise-casanova-Cgil-Sonia-Bridda-Uil-Roberta-Barbieri-Cisl.jpg","contentUrl":"https:\/\/www.bellunopress.it\/wp-content\/uploads\/2026\/03\/denise-casanova-Cgil-Sonia-Bridda-Uil-Roberta-Barbieri-Cisl.jpg","width":500,"height":360,"caption":"Denise Casanova (Segretaria generale Cgil Belluno), Sonia Bridda (Segretaria Uil Veneto Belluno), Roberta Barbieri (Segretaria Cisl Belluno Treviso)"},{"@type":"BreadcrumbList","@id":"https:\/\/www.bellunopress.it\/2026\/03\/16\/attacco-ai-diritti-delle-donne-cgil-cisl-e-uil-si-oppongono-alla-soppressione-della-consigliera-di-parita\/#breadcrumb","itemListElement":[{"@type":"ListItem","position":1,"name":"Home","item":"https:\/\/www.bellunopress.it\/"},{"@type":"ListItem","position":2,"name":"Attacco ai diritti delle donne: CGIL, CISL e UIL\u00a0 si oppongono alla soppressione della Consigliera di Parit\u00e0"}]},{"@type":"WebSite","@id":"https:\/\/www.bellunopress.it\/#website","url":"https:\/\/www.bellunopress.it\/","name":"Bellunopress - Dolomiti","description":"e-mail: redazione@bellunopress.it","publisher":{"@id":"https:\/\/www.bellunopress.it\/#organization"},"potentialAction":[{"@type":"SearchAction","target":{"@type":"EntryPoint","urlTemplate":"https:\/\/www.bellunopress.it\/?s={search_term_string}"},"query-input":{"@type":"PropertyValueSpecification","valueRequired":true,"valueName":"search_term_string"}}],"inLanguage":"fr-FR"},{"@type":"Organization","@id":"https:\/\/www.bellunopress.it\/#organization","name":"Bellunopress","url":"https:\/\/www.bellunopress.it\/","logo":{"@type":"ImageObject","inLanguage":"fr-FR","@id":"https:\/\/www.bellunopress.it\/#\/schema\/logo\/image\/","url":"https:\/\/www.bellunopress.it\/wp-content\/uploads\/2011\/05\/cropped-logo-bellunopress-.jpg","contentUrl":"https:\/\/www.bellunopress.it\/wp-content\/uploads\/2011\/05\/cropped-logo-bellunopress-.jpg","width":512,"height":512,"caption":"Bellunopress"},"image":{"@id":"https:\/\/www.bellunopress.it\/#\/schema\/logo\/image\/"},"sameAs":["https:\/\/www.facebook.com\/profile.php?id=100008943462799","https:\/\/x.com\/bellunopress","https:\/\/www.linkedin.com\/hp\/?dnr=JBzUWaJfMUw8vbXJJ2tVW5-I3jZKvC4wsoxE&amp;amp;amp;amp;amp;amp;trk=nav_responsive_tab_home","https:\/\/www.youtube.com\/channel\/UCxL0wu1uN0_3_7hGG0306cw"]},{"@type":"Person","@id":"https:\/\/www.bellunopress.it\/#\/schema\/person\/79bb06722b37ece1c03d3e94beb30d73","name":"r\u00e9daction","image":{"@type":"ImageObject","inLanguage":"fr-FR","@id":"https:\/\/secure.gravatar.com\/avatar\/37d968a2e67a6fd04c169c4bdef102d0bc5d31b2546345219e348575eb80e9a0?s=96&d=mm&r=g","url":"https:\/\/secure.gravatar.com\/avatar\/37d968a2e67a6fd04c169c4bdef102d0bc5d31b2546345219e348575eb80e9a0?s=96&d=mm&r=g","contentUrl":"https:\/\/secure.gravatar.com\/avatar\/37d968a2e67a6fd04c169c4bdef102d0bc5d31b2546345219e348575eb80e9a0?s=96&d=mm&r=g","caption":"redazione"},"sameAs":["http:\/\/www.bellunopress.it","https:\/\/x.com\/bellunopress"],"url":"https:\/\/www.bellunopress.it\/fr\/author\/redazione\/"}]}},"_links":{"self":[{"href":"https:\/\/www.bellunopress.it\/fr\/wp-json\/wp\/v2\/posts\/168216","targetHints":{"allow":["GET"]}}],"collection":[{"href":"https:\/\/www.bellunopress.it\/fr\/wp-json\/wp\/v2\/posts"}],"about":[{"href":"https:\/\/www.bellunopress.it\/fr\/wp-json\/wp\/v2\/types\/post"}],"author":[{"embeddable":true,"href":"https:\/\/www.bellunopress.it\/fr\/wp-json\/wp\/v2\/users\/2"}],"replies":[{"embeddable":true,"href":"https:\/\/www.bellunopress.it\/fr\/wp-json\/wp\/v2\/comments?post=168216"}],"version-history":[{"count":1,"href":"https:\/\/www.bellunopress.it\/fr\/wp-json\/wp\/v2\/posts\/168216\/revisions"}],"predecessor-version":[{"id":168218,"href":"https:\/\/www.bellunopress.it\/fr\/wp-json\/wp\/v2\/posts\/168216\/revisions\/168218"}],"wp:featuredmedia":[{"embeddable":true,"href":"https:\/\/www.bellunopress.it\/fr\/wp-json\/wp\/v2\/media\/168217"}],"wp:attachment":[{"href":"https:\/\/www.bellunopress.it\/fr\/wp-json\/wp\/v2\/media?parent=168216"}],"wp:term":[{"taxonomy":"category","embeddable":true,"href":"https:\/\/www.bellunopress.it\/fr\/wp-json\/wp\/v2\/categories?post=168216"},{"taxonomy":"post_tag","embeddable":true,"href":"https:\/\/www.bellunopress.it\/fr\/wp-json\/wp\/v2\/tags?post=168216"}],"curies":[{"name":"wp","href":"https:\/\/api.w.org\/{rel}","templated":true}]}}