{"id":168211,"date":"2026-03-16T13:42:05","date_gmt":"2026-03-16T12:42:05","guid":{"rendered":"https:\/\/www.bellunopress.it\/?p=168211"},"modified":"2026-03-16T13:53:27","modified_gmt":"2026-03-16T12:53:27","slug":"acqua-e-idroelettrico-la-provincia-di-belluno-alza-la-voce-in-ballo-quasi-48-milioni-di-euro-da-enel-il-progetto-di-una-centralina-in-vajont","status":"publish","type":"post","link":"https:\/\/www.bellunopress.it\/fr\/2026\/03\/16\/acqua-e-idroelettrico-la-provincia-di-belluno-alza-la-voce-in-ballo-quasi-48-milioni-di-euro-da-enel-il-progetto-di-una-centralina-in-vajont\/","title":{"rendered":"Acqua e idroelettrico, la Provincia di Belluno alza la voce: in ballo quasi 48 milioni di euro da Enel. Il progetto di una centralina in Vajont"},"content":{"rendered":"<p data-path-to-node=\"3\">Belluno, 16 marzo 2026\u00a0\u2013 Un tesoro di quasi 48 milioni di euro rimasto, per ora, sulla carta, una battaglia legale che arriva fino a Strasburgo e la gestione di un territorio che fa dell\u2019acqua la sua risorsa pi\u00f9 preziosa. \u00c8 questo il quadro delineato oggi dal Presidente della Provincia, Roberto Padrin, e dal consigliere delegato Massimo Bortoluzzi, nella relazione annuale sullo stato del Servizio Acque.<\/p>\n<p data-path-to-node=\"5\">Il dato pi\u00f9 eclatante emerso dal bilancio 2026 riguarda i rapporti con il colosso energetico Enel. Tra quote fisse e variabili (il cosiddetto &#8220;canone binomio&#8221;) e la monetizzazione dell&#8217;energia gratuita, il credito vantato dalla Provincia a partire dal 2023 ammonta a 47.864.748,59 euro.<\/p>\n<p data-path-to-node=\"6\">Nonostante l\u2019incasso effettivo dei canoni nel 2025 sia stato di circa 17 milioni, resta aperta una voragine di somme dovute ma contestate. \u00abLa Corte di Cassazione, con una sentenza dell\u201911 febbraio scorso, ha per\u00f2 tracciato una via chiara \u2014 spiegano Padrin e Bortoluzzi \u2014 confermando che l&#8217;aumento dei canoni e l&#8217;obbligo di cessione dell&#8217;energia sono legittimi per tutte le concessioni, anche quelle in corso. Non \u00e8 una tassa, ma il giusto corrispettivo per l&#8217;uso di un bene pubblico sottratto alla collettivit\u00e0\u00bb.<\/p>\n<h3 data-path-to-node=\"7\">Una &#8220;macchina&#8221; complessa: oltre 1.000 concessioni<\/h3>\n<p data-path-to-node=\"8\">Il Servizio Acque, guidato dalla dirigente Antonella Bortoluzzi, gestisce una mole di lavoro imponente con un organico che ha sofferto un forte turn-over negli ultimi anni. I numeri parlano di un territorio &#8220;idratato&#8221; dall&#8217;energia:<\/p>\n<ul data-path-to-node=\"9\">\n<li>\n<p data-path-to-node=\"9,0,0\">141 derivazioni idroelettriche (tra grandi e piccole);<\/p>\n<\/li>\n<li>\n<p data-path-to-node=\"9,1,0\">917 concessioni non idroelettriche (uso potabile, industriale, irriguo);<\/p>\n<\/li>\n<li>\n<p data-path-to-node=\"9,2,0\">Oltre 400 riconoscimenti di derivazioni storiche.<\/p>\n<\/li>\n<\/ul>\n<p data-path-to-node=\"10\">Questi canoni non sono solo numeri: rappresentano la linfa vitale per finanziare la difesa del suolo, la lotta al dissesto idrogeologico e la manutenzione delle scuole bellunesi.<\/p>\n<h3 data-path-to-node=\"11\">Il &#8220;caso Vajont&#8221; e la nuova centralina<\/h3>\n<p data-path-to-node=\"12\">Tra i punti caldi della relazione spunta il progetto della ditta Welly Red per una nuova centralina idroelettrica sul torrente Vajont. Un\u2019opera quasi interamente interrata e in caverna, che sfrutterebbe il salto di 120 metri della galleria di scarico a valle della diga. Il progetto, ora al vaglio della Valutazione di Impatto Ambientale (VIA), prevede una pista di cantiere risalente l&#8217;alveo e il rilascio di una portata costante per preservare la cascata esistente.<\/p>\n<h3 data-path-to-node=\"13\">Il futuro del &#8220;piccolo idroelettrico&#8221;<\/h3>\n<p data-path-to-node=\"14\">Sul fronte delle piccole centraline (sotto i 3 MW), la Provincia ha scelto la linea della prudenza. Dopo anni di incertezze sulla Direttiva Bolkestein, una recente memoria dell\u2019Avvocatura Generale dell\u2019Unione Europea sembra dare ragione al territorio: la produzione di energia \u00e8 la &#8220;produzione di un bene&#8221; e non un servizio, sottraendo cos\u00ec i rinnovi automatici (prorogati dalla Regione Veneto al 2029) alle rigide regole delle gare europee.<\/p>\n<h3 data-path-to-node=\"15\">Diga del Vanoi: la posizione di Belluno<\/h3>\n<h6 style=\"text-align: left;\" data-path-to-node=\"16\">Non \u00e8 mancato un riferimento alla diga del Vanoi. La Provincia ha ribadito la sua partecipazione attiva al dibattito pubblico, presentando osservazioni tecniche puntuali (l&#8217;ultima lo scorso 31 ottobre) per tutelare gli interessi e la sicurezza delle vallate bellunesi di fronte a un progetto che continua a sollevare forti dubbi sul territorio.<\/h6>\n<blockquote data-path-to-node=\"18\">\n<h6 style=\"text-align: left;\" data-path-to-node=\"18,0\"><b data-path-to-node=\"18,0\" data-index-in-node=\"0\">Il commento:<\/b> \u00abIl mantenimento dei canoni idrici \u00e8 fondamentale per la sopravvivenza dei nostri servizi \u2014 hanno concluso Padrin e Bortoluzzi \u2014 Continueremo a presidiare ogni tavolo, da Venezia a Bruxelles, perch\u00e9 l&#8217;acqua di Belluno deve restare una risorsa dei bellunesi\u00bb.<\/h6>\n<\/blockquote>\n<h2 data-path-to-node=\"2\">1. Focus: Una nuova &#8220;centrale invisibile&#8221; sotto la Diga del Vajont<\/h2>\n<p data-path-to-node=\"3\">Il progetto presentato dalla ditta <i data-path-to-node=\"3\" data-index-in-node=\"35\">Welly Red<\/i> (attualmente in fase di verifica di assoggettabilit\u00e0 a VIA) rappresenta una sfida ingegneristica notevole, mirata a sfruttare l&#8217;energia residua del torrente Vajont senza alterare visivamente un luogo dal profondo valore storico e simbolico.<\/p>\n<h3 data-path-to-node=\"4\">I dettagli tecnici del progetto<\/h3>\n<p data-path-to-node=\"5\">L&#8217;impianto non toccher\u00e0 il corpo della diga, ma si innester\u00e0 a valle. Ecco i punti cardine:<\/p>\n<ul data-path-to-node=\"6\">\n<li>\n<p data-path-to-node=\"6,0,0\">Sfruttamento delle acque: La captazione avverr\u00e0 poco prima dello sbocco della galleria di scarico del &#8220;lago residuo C&#8221;, sfruttando un salto di circa 120 metri.<\/p>\n<\/li>\n<li>\n<p data-path-to-node=\"6,1,0\">Impatto Zero Visivo: Tutte le opere principali (centrale di produzione, vasca di carico, condotta forzata) saranno ricavate all&#8217;interno del versante roccioso. Al termine dei lavori, nulla sar\u00e0 visibile dall&#8217;esterno.<\/p>\n<\/li>\n<li>\n<p data-path-to-node=\"6,2,0\">La &#8220;Cascata&#8221; salvaguardata: Per non cancellare l&#8217;attuale cascata generata dall&#8217;acqua in uscita dalla galleria, il progetto prevede il rilascio costante di circa 50 litri al secondo.<\/p>\n<\/li>\n<li>\n<p data-path-to-node=\"6,3,0\">I tempi: Il cantiere, che prevede anche una pista temporanea nell&#8217;alveo del torrente partendo dal Ponte Roste, dovrebbe durare tra i 20 e i 22 mesi.<\/p>\n<\/li>\n<li><\/li>\n<\/ul>\n<h2 data-path-to-node=\"8\">2. Focus: La &#8220;Battaglia dei milioni&#8221; contro Enel<\/h2>\n<p data-path-to-node=\"9\">La relazione del Presidente Padrin mette in luce un contenzioso economico senza precedenti per la Provincia di Belluno, che vede contrapposti l&#8217;ente pubblico e il Gruppo Enel su due fronti: il canone binomio e la monetizzazione dell&#8217;energia.<\/p>\n<h3 data-path-to-node=\"10\">Il calcolo del credito (Somme dovute dal 2023)<\/h3>\n<p data-path-to-node=\"11\">La Provincia rivendica cifre che cambierebbero radicalmente le capacit\u00e0 di spesa del territorio:<\/p>\n<table data-path-to-node=\"12\">\n<thead>\n<tr>\n<td>Voce di credito<\/td>\n<td>Importo dovuto<\/td>\n<\/tr>\n<\/thead>\n<tbody>\n<tr>\n<td>Quota Fissa (differenze 2023-2025)<\/td>\n<td>\u20ac 9.274.455,95<\/td>\n<\/tr>\n<tr>\n<td>Quota Variabile (canone binomio)<\/td>\n<td>\u20ac 30.644.964,30<\/td>\n<\/tr>\n<tr>\n<td>Monetizzazione (energia gratuita)<\/td>\n<td>\u20ac 7.945.643,34<\/td>\n<\/tr>\n<tr>\n<td>TOTALE COMPLESSIVO<\/td>\n<td>\u20ac 47.864.748,59<\/td>\n<\/tr>\n<\/tbody>\n<\/table>\n<h3 data-path-to-node=\"13\">Perch\u00e9 la Provincia \u00e8 ottimista?<\/h3>\n<p data-path-to-node=\"14\">Nonostante i 25 ricorsi pendenti e l&#8217;opposizione di Enel, la giurisprudenza recente (sentenza n. 2995\/2026 della Cassazione) ha fissato tre principi che blindano la posizione della Provincia:<\/p>\n<ol start=\"1\" data-path-to-node=\"15\">\n<li>\n<p data-path-to-node=\"15,0,0\">Universalit\u00e0: Il nuovo canone si applica a tutte le concessioni, anche quelle gi\u00e0 in corso di validit\u00e0.<\/p>\n<\/li>\n<li>\n<p data-path-to-node=\"15,1,0\">Natura del pagamento: Non \u00e8 una tassa, ma una componente del &#8220;prezzo&#8221; che il privato paga per usare un bene di tutti (l&#8217;acqua).<\/p>\n<\/li>\n<li>\n<p data-path-to-node=\"15,2,0\">Legittimit\u00e0 Regionale: Le Regioni (e per delega la Provincia di Belluno) hanno il pieno potere di determinare queste quote per finalit\u00e0 di interesse pubblico.<\/p>\n<\/li>\n<\/ol>\n<h3 data-path-to-node=\"17\">Cosa succede ora?<\/h3>\n<p data-path-to-node=\"18\">Mentre i tribunali amministrativi (TRAP e TSAP) dovranno confermare l&#8217;esecutivit\u00e0 di questi pagamenti, la Provincia continua a gestire ordinariamente oltre 1.000 concessioni idriche, i cui proventi (circa 17 milioni gi\u00e0 incassati nel 2025) restano la prima fonte di finanziamento per la sicurezza dei corsi d&#8217;acqua e delle scuole bellunesi.<\/p>\n<h3 data-path-to-node=\"1\">Report incassi Provincia di Belluno &#8211; Anno 2025<\/h3>\n<p data-path-to-node=\"2\"><i data-path-to-node=\"2\" data-index-in-node=\"0\">Dati riferiti al Servizio Acque e Demanio<\/i><\/p>\n<table data-path-to-node=\"3\">\n<thead>\n<tr>\n<td>Categoria Entrata<\/td>\n<td>Dettaglio \/ Provenienza<\/td>\n<td>Importo Incassato (\u20ac)<\/td>\n<\/tr>\n<\/thead>\n<tbody>\n<tr>\n<td>Idroelettrico<\/td>\n<td>Canoni (di cui \u20ac 12 mln da ENEL)<\/td>\n<td>\u20ac 13.166.829,67<\/td>\n<\/tr>\n<tr>\n<td>Idroelettrico Interregionale<\/td>\n<td>Derivazione Torrente Cismon<\/td>\n<td>\u20ac 851.928,61<\/td>\n<\/tr>\n<tr>\n<td>Usi non Idroelettrici<\/td>\n<td>Potabile, Industriale, Irriguo, ecc.<\/td>\n<td>\u20ac 1.183.078,72<\/td>\n<\/tr>\n<tr>\n<td>Sovracanoni Enti Rivieraschi<\/td>\n<td>Quota 25% spettante alla Provincia<\/td>\n<td>\u20ac 806.462,85<\/td>\n<\/tr>\n<tr>\n<td>Materiale Litoide<\/td>\n<td>Estrazione da alveo (Genio Civile)<\/td>\n<td>\u20ac 677.278,11<\/td>\n<\/tr>\n<tr>\n<td>Occupazione Suolo<\/td>\n<td>Aree demaniali (Genio Civile)<\/td>\n<td>\u20ac 307.884,06<\/td>\n<\/tr>\n<tr>\n<td>Attingimenti Precari<\/td>\n<td>Licenze temporanee (es. innevamento)<\/td>\n<td>\u20ac 6.659,81<\/td>\n<\/tr>\n<tr>\n<td>Taglio Legna<\/td>\n<td>Aree demaniali (Genio Civile)<\/td>\n<td>\u20ac 7.492,13<\/td>\n<\/tr>\n<tr>\n<td>TOTALE INCASSATO<\/td>\n<td><\/td>\n<td>\u20ac 16.968.427,31<\/td>\n<\/tr>\n<\/tbody>\n<\/table>\n<hr data-path-to-node=\"4\" \/>\n<h3 data-path-to-node=\"5\">Nota sul bilancio e crediti pendenti<\/h3>\n<p data-path-to-node=\"6\">\u00c8 fondamentale distinguere tra quanto effettivamente entrato (la tabella sopra) e quanto previsto o contestato:<\/p>\n<ul data-path-to-node=\"7\">\n<li>\n<p data-path-to-node=\"7,0,0\">Stanziamento a Bilancio 2026: La Provincia ha prudenzialmente previsto un&#8217;entrata di \u20ac 16.350.000.<\/p>\n<\/li>\n<li>\n<p data-path-to-node=\"7,1,0\">Contenzioso ENEL: Oltre agli incassi ordinari, restano &#8220;congelati&#8221; dai ricorsi circa \u20ac 47,8 milioni (canone binomio e monetizzazione energia).<\/p>\n<\/li>\n<li>\n<p data-path-to-node=\"7,2,0\">Agevolazioni: Si ricorda che le concessioni per l&#8217;innevamento artificiale beneficiano di una riduzione del canone del 75% per sostenere il settore sciistico locale.<\/p>\n<\/li>\n<\/ul>\n<p>&nbsp;<\/p>\n<p data-path-to-node=\"0\"><strong>Dettaglio delle 917 concessioni non idroelettriche attualmente attive<\/strong><\/p>\n<p data-path-to-node=\"1\">La risorsa acqua \u00e8 distribuita capillarmente sul territorio, non solo per la produzione di energia, ma per il sostentamento civile, industriale e turistico.<\/p>\n<h3 data-path-to-node=\"2\">Suddivisione Concessioni non idroelettriche (Totale: 917)<\/h3>\n<table data-path-to-node=\"3\">\n<thead>\n<tr>\n<td>Tipologia d&#8217;Uso<\/td>\n<td>Numero Concessioni<\/td>\n<td>Note e Dettagli<\/td>\n<\/tr>\n<\/thead>\n<tbody>\n<tr>\n<td>Uso Potabile SII<\/td>\n<td>338<\/td>\n<td>Gestite dal Servizio Idrico Integrato (acquedotti pubblici)<\/td>\n<\/tr>\n<tr>\n<td>Uso Potabile non SII<\/td>\n<td>213<\/td>\n<td>Approvvigionamenti privati o frazionali<\/td>\n<\/tr>\n<tr>\n<td>Uso Igienico e assimilati<\/td>\n<td>178<\/td>\n<td>Servizi, strutture ricettive e usi civili minori<\/td>\n<\/tr>\n<tr>\n<td>Uso Industriale<\/td>\n<td>115<\/td>\n<td>Di cui 38 specifiche per l&#8217;innevamento artificiale<\/td>\n<\/tr>\n<tr>\n<td>Uso Irriguo<\/td>\n<td>48<\/td>\n<td>Agricoltura e manutenzione del verde<\/td>\n<\/tr>\n<tr>\n<td>Piscicoltura<\/td>\n<td>25<\/td>\n<td>Allevamenti ittici sul territorio<\/td>\n<\/tr>\n<\/tbody>\n<\/table>\n<hr data-path-to-node=\"4\" \/>\n<h3 data-path-to-node=\"5\">Punti di attenzione<\/h3>\n<ol start=\"1\" data-path-to-node=\"6\">\n<li>\n<p data-path-to-node=\"6,0,0\">L&#8217;Innevamento tecnico: Nonostante le 38 concessioni industriali dedicate all&#8217;innevamento rappresentino una piccola quota numerica, la loro gestione \u00e8 cruciale. Nel 2025, per garantire le gare delle Olimpiadi e Paralimpiadi Milano Cortina 2026 sulla pista <i data-path-to-node=\"6,0,0\" data-index-in-node=\"255\">Olympia delle Tofane<\/i>, la Provincia ha dovuto rilasciare licenze di attingimento temporaneo per sopperire alla scarsit\u00e0 di neve naturale, con portate medie di 80 litri al secondo.<\/p>\n<\/li>\n<li>\n<p data-path-to-node=\"6,1,0\">Le &#8220;Derivazioni storiche&#8221;: All&#8217;interno di queste 917 pratiche, oltre 400 sono &#8220;Riconoscimenti&#8221; di diritti d&#8217;uso antichissimi (alcuni risalenti a titoli legittimi antecedenti al 1884). La Provincia sta portando a termine il lungo processo di regolarizzazione amministrativa di queste utenze.<\/p>\n<\/li>\n<li>\n<p data-path-to-node=\"6,2,0\">Il Deflusso ecologico: Tutte queste derivazioni devono oggi sottostare alle nuove normative ambientali che impongono di lasciare nei torrenti una quantit\u00e0 d&#8217;acqua sufficiente alla vita degli ecosistemi (il minimo deflusso vitale), una sfida tecnica costante per il Servizio Acque.<\/p>\n<\/li>\n<\/ol>\n<p>&nbsp;<\/p>\n<p data-path-to-node=\"0\"><strong>Approfondimento dedicato alla struttura operativa (personale), alla gestione delle cave e ai dettagli del contenzioso legale<\/strong><\/p>\n<h3 data-path-to-node=\"1\">1. Il Personale: una struttura sotto pressione<\/h3>\n<p data-path-to-node=\"2\">Il Servizio Acque e Ambiente ha affrontato una profonda trasformazione organica. Dal passaggio di competenze del 2016, la struttura ha dovuto gestire un carico di lavoro crescente con risorse umane spesso instabili.<\/p>\n<ul data-path-to-node=\"3\">\n<li>\n<p data-path-to-node=\"3,0,0\">L&#8217;Organico Attuale: Sotto la direzione di Antonella Bortoluzzi e del caposervizio Marco Purpora, operano 9 funzionari (di cui 2 a tempo determinato e uno in part-time).<\/p>\n<\/li>\n<li>\n<p data-path-to-node=\"3,1,0\">La Crisi del Turn-over: Dal 2016 ad oggi, ben 10 persone hanno lasciato il servizio per pensionamenti o trasferimenti verso la Regione. A fronte di queste uscite, c&#8217;\u00e8 stata una sola sostituzione con personale regionale nel 2025.<\/p>\n<\/li>\n<li>\n<p data-path-to-node=\"3,2,0\">Nuove Competenze: Nonostante la riduzione di personale storico, i funzionari devono oggi gestire adempimenti molto pi\u00f9 complessi rispetto al passato, come la valutazione del rischio ambientale e il controllo del deflusso ecologico.<\/p>\n<\/li>\n<\/ul>\n<h3 data-path-to-node=\"5\">2. Gestione cave e materiale litoide<\/h3>\n<p data-path-to-node=\"6\">Il Servizio si occupa anche della gestione delle risorse estrattive e della pulizia degli alvei, attivit\u00e0 fondamentali per la sicurezza idrogeologica.<\/p>\n<ul data-path-to-node=\"7\">\n<li>\n<p data-path-to-node=\"7,0,0\">Estrazione materiale litoide: Nel 2025 sono stati incassati 677.278,11 \u20ac per l&#8217;estrazione di ghiaia e sassi dai fiumi, un&#8217;attivit\u00e0 che serve anche a mantenere corretta la sezione degli alvei.<\/p>\n<\/li>\n<li>\n<p data-path-to-node=\"7,1,0\">Taglio legna: Un&#8217;attivit\u00e0 minore in termini economici (7.492,13 \u20ac), ma vitale per la prevenzione delle ostruzioni dei ponti durante le piene.<\/p>\n<\/li>\n<li>\n<p data-path-to-node=\"7,2,0\">Personale dedicato: La vigilanza sulle cave \u00e8 affidata a personale che opera in condivisione con il Servizio Acque (Loris Dell\u2019Agnola), a testimonianza della trasversalit\u00e0 delle competenze richieste.<\/p>\n<\/li>\n<\/ul>\n<h3 data-path-to-node=\"9\">3. Focus contenziosi: lo stato dei giudizi<\/h3>\n<p data-path-to-node=\"10\">La Provincia \u00e8 impegnata in una complessa battaglia legale per difendere la legittimit\u00e0 dei propri incassi.<\/p>\n<ul data-path-to-node=\"11\">\n<li>\n<p data-path-to-node=\"11,0,0\">Numero di ricorsi: Dal 2016 sono stati affrontati 25 ricorsi, con una concentrazione massima negli ultimi due anni a causa delle nuove norme sui canoni.<\/p>\n<\/li>\n<li>\n<p data-path-to-node=\"11,1,0\">Il &#8220;Fronte Enel&#8221;:<\/p>\n<ul data-path-to-node=\"11,1,1\">\n<li>\n<p data-path-to-node=\"11,1,1,0,0\">6 ricorsi principali promossi da Enel Produzione e Enel Green Power contro le richieste di pagamento.<\/p>\n<\/li>\n<li>\n<p data-path-to-node=\"11,1,1,1,0\">2 nuovi ricorsi notificati recentissimamente (3 febbraio 2026) riguardanti la monetizzazione dell&#8217;energia per l&#8217;anno 2024.<\/p>\n<\/li>\n<\/ul>\n<\/li>\n<li>\n<p data-path-to-node=\"11,2,0\"><b data-path-to-node=\"11,2,0\" data-index-in-node=\"0\">Gli Organi giudicanti:<\/b><\/p>\n<ul data-path-to-node=\"11,2,1\">\n<li>\n<p data-path-to-node=\"11,2,1,0,0\">TRAP (Tribunale Regionale delle Acque Pubbliche): Competente per le opposizioni ai pagamenti (molti giudizi sono attualmente sospesi in attesa dei gradi superiori).<\/p>\n<\/li>\n<li>\n<p data-path-to-node=\"11,2,1,1,0\">TSAP (Tribunale Superiore delle Acque Pubbliche): Competente per l&#8217;annullamento delle delibere regionali (DGRV).<\/p>\n<\/li>\n<li>\n<p data-path-to-node=\"11,2,1,2,0\">Cassazione: L&#8217;ultimo grado che, con la sentenza n. 2995\/2026, ha finalmente dato ragione agli enti pubblici, creando un precedente fondamentale.<\/p>\n<\/li>\n<\/ul>\n<\/li>\n<\/ul>\n<p>&nbsp;<\/p>\n<h3 data-path-to-node=\"13\">Tabella riassuntiva: i pilastri della gestione legale-amministrativa<\/h3>\n<table data-path-to-node=\"14\">\n<thead>\n<tr>\n<td>Area<\/td>\n<td>Sfida Principale<\/td>\n<td>Stato \/ Dato Saliente<\/td>\n<\/tr>\n<\/thead>\n<tbody>\n<tr>\n<td>Personale<\/td>\n<td>Carenza organico e turn-over<\/td>\n<td>10 uscite dal 2016; 1 solo rimpiazzo regionale.<\/td>\n<\/tr>\n<tr>\n<td>Cave\/Alvei<\/td>\n<td>Manutenzione e introiti<\/td>\n<td>Incassati \u20ac 677k da materiale litoide nel 2025.<\/td>\n<\/tr>\n<tr>\n<td>Contenzioso<\/td>\n<td>Opposizione grandi concessionari<\/td>\n<td>25 ricorsi totali; vittoria chiave in Cassazione (2026).<\/td>\n<\/tr>\n<tr>\n<td>Normativa<\/td>\n<td>Nuovi obblighi ambientali<\/td>\n<td>Introduzione Valutazione Rischio e Deflusso Ecologico.<\/td>\n<\/tr>\n<\/tbody>\n<\/table>\n<p data-path-to-node=\"18\">","protected":false},"excerpt":{"rendered":"<p>Belluno, 16 marzo 2026\u00a0\u2013 Un tesoro di quasi 48 milioni di euro rimasto, per ora, sulla carta, una battaglia legale che arriva fino a Strasburgo e la gestione di un territorio che fa dell\u2019acqua la sua risorsa pi\u00f9 preziosa. \u00c8 questo il quadro delineato oggi dal Presidente della Provincia, Roberto Padrin, e dal consigliere delegato [&hellip;]<\/p>\n","protected":false},"author":2,"featured_media":129131,"comment_status":"closed","ping_status":"open","sticky":false,"template":"","format":"standard","meta":{"footnotes":""},"categories":[3446,49,26,8],"tags":[],"class_list":["post-168211","post","type-post","status-publish","format-standard","has-post-thumbnail","category-featured","category-speciali","category-prima-pagina","category-societa-istituzioni"],"yoast_head":"<!-- This site is optimized with the Yoast SEO plugin v28.4 - https:\/\/yoast.com\/product\/yoast-seo-wordpress\/ -->\n<title>Acqua e idroelettrico, la Provincia di Belluno alza la voce: in ballo quasi 48 milioni di euro da Enel. Il progetto di una centralina in Vajont - Bellunopress - Dolomiti<\/title>\n<meta name=\"robots\" content=\"index, follow, max-snippet:-1, max-image-preview:large, max-video-preview:-1\" \/>\n<link rel=\"canonical\" href=\"https:\/\/www.bellunopress.it\/fr\/2026\/03\/16\/acqua-e-idroelettrico-la-provincia-di-belluno-alza-la-voce-in-ballo-quasi-48-milioni-di-euro-da-enel-il-progetto-di-una-centralina-in-vajont\/\" \/>\n<meta property=\"og:locale\" content=\"fr_FR\" \/>\n<meta property=\"og:type\" content=\"article\" \/>\n<meta property=\"og:title\" content=\"Acqua e idroelettrico, la Provincia di Belluno alza la voce: in ballo quasi 48 milioni di euro da Enel. Il progetto di una centralina in Vajont - Bellunopress - Dolomiti\" \/>\n<meta property=\"og:description\" content=\"Belluno, 16 marzo 2026\u00a0\u2013 Un tesoro di quasi 48 milioni di euro rimasto, per ora, sulla carta, una battaglia legale che arriva fino a Strasburgo e la gestione di un territorio che fa dell\u2019acqua la sua risorsa pi\u00f9 preziosa. \u00c8 questo il quadro delineato oggi dal Presidente della Provincia, Roberto Padrin, e dal consigliere delegato [&hellip;]\" \/>\n<meta property=\"og:url\" content=\"https:\/\/www.bellunopress.it\/fr\/2026\/03\/16\/acqua-e-idroelettrico-la-provincia-di-belluno-alza-la-voce-in-ballo-quasi-48-milioni-di-euro-da-enel-il-progetto-di-una-centralina-in-vajont\/\" \/>\n<meta property=\"og:site_name\" content=\"Bellunopress - Dolomiti\" \/>\n<meta property=\"article:publisher\" content=\"https:\/\/www.facebook.com\/profile.php?id=100008943462799\" \/>\n<meta property=\"article:published_time\" content=\"2026-03-16T12:42:05+00:00\" \/>\n<meta property=\"article:modified_time\" content=\"2026-03-16T12:53:27+00:00\" \/>\n<meta property=\"og:image\" content=\"https:\/\/www.bellunopress.it\/wp-content\/uploads\/2021\/11\/Palazzo-PIloni-sede-Provincia_edited.jpg\" \/>\n\t<meta property=\"og:image:width\" content=\"800\" \/>\n\t<meta property=\"og:image:height\" content=\"515\" \/>\n\t<meta property=\"og:image:type\" content=\"image\/jpeg\" \/>\n<meta name=\"author\" content=\"redazione\" \/>\n<meta name=\"twitter:card\" content=\"summary_large_image\" \/>\n<meta name=\"twitter:creator\" content=\"@bellunopress\" \/>\n<meta name=\"twitter:site\" content=\"@bellunopress\" \/>\n<meta name=\"twitter:label1\" content=\"Written by\" \/>\n\t<meta name=\"twitter:data1\" content=\"redazione\" \/>\n\t<meta name=\"twitter:label2\" content=\"Est. reading time\" \/>\n\t<meta name=\"twitter:data2\" content=\"8 minutes\" \/>\n<script type=\"application\/ld+json\" class=\"yoast-schema-graph\">{\"@context\":\"https:\\\/\\\/schema.org\",\"@graph\":[{\"@type\":\"Article\",\"@id\":\"https:\\\/\\\/www.bellunopress.it\\\/2026\\\/03\\\/16\\\/acqua-e-idroelettrico-la-provincia-di-belluno-alza-la-voce-in-ballo-quasi-48-milioni-di-euro-da-enel-il-progetto-di-una-centralina-in-vajont\\\/#article\",\"isPartOf\":{\"@id\":\"https:\\\/\\\/www.bellunopress.it\\\/2026\\\/03\\\/16\\\/acqua-e-idroelettrico-la-provincia-di-belluno-alza-la-voce-in-ballo-quasi-48-milioni-di-euro-da-enel-il-progetto-di-una-centralina-in-vajont\\\/\"},\"author\":{\"name\":\"redazione\",\"@id\":\"https:\\\/\\\/www.bellunopress.it\\\/#\\\/schema\\\/person\\\/79bb06722b37ece1c03d3e94beb30d73\"},\"headline\":\"Acqua e idroelettrico, la Provincia di Belluno alza la voce: in ballo quasi 48 milioni di euro da Enel. Il progetto di una centralina in Vajont\",\"datePublished\":\"2026-03-16T12:42:05+00:00\",\"dateModified\":\"2026-03-16T12:53:27+00:00\",\"mainEntityOfPage\":{\"@id\":\"https:\\\/\\\/www.bellunopress.it\\\/2026\\\/03\\\/16\\\/acqua-e-idroelettrico-la-provincia-di-belluno-alza-la-voce-in-ballo-quasi-48-milioni-di-euro-da-enel-il-progetto-di-una-centralina-in-vajont\\\/\"},\"wordCount\":1763,\"publisher\":{\"@id\":\"https:\\\/\\\/www.bellunopress.it\\\/#organization\"},\"image\":{\"@id\":\"https:\\\/\\\/www.bellunopress.it\\\/2026\\\/03\\\/16\\\/acqua-e-idroelettrico-la-provincia-di-belluno-alza-la-voce-in-ballo-quasi-48-milioni-di-euro-da-enel-il-progetto-di-una-centralina-in-vajont\\\/#primaryimage\"},\"thumbnailUrl\":\"https:\\\/\\\/www.bellunopress.it\\\/wp-content\\\/uploads\\\/2021\\\/11\\\/Palazzo-PIloni-sede-Provincia_edited.jpg\",\"articleSection\":[\"Featured\",\"Gli speciali di Bellunopress\",\"Prima Pagina\",\"Societ\u00e0, Associazioni, Istituzioni\"],\"inLanguage\":\"fr-FR\"},{\"@type\":\"WebPage\",\"@id\":\"https:\\\/\\\/www.bellunopress.it\\\/2026\\\/03\\\/16\\\/acqua-e-idroelettrico-la-provincia-di-belluno-alza-la-voce-in-ballo-quasi-48-milioni-di-euro-da-enel-il-progetto-di-una-centralina-in-vajont\\\/\",\"url\":\"https:\\\/\\\/www.bellunopress.it\\\/2026\\\/03\\\/16\\\/acqua-e-idroelettrico-la-provincia-di-belluno-alza-la-voce-in-ballo-quasi-48-milioni-di-euro-da-enel-il-progetto-di-una-centralina-in-vajont\\\/\",\"name\":\"Acqua e idroelettrico, la Provincia di Belluno alza la voce: in ballo quasi 48 milioni di euro da Enel. Il progetto di una centralina in Vajont - Bellunopress - Dolomiti\",\"isPartOf\":{\"@id\":\"https:\\\/\\\/www.bellunopress.it\\\/#website\"},\"primaryImageOfPage\":{\"@id\":\"https:\\\/\\\/www.bellunopress.it\\\/2026\\\/03\\\/16\\\/acqua-e-idroelettrico-la-provincia-di-belluno-alza-la-voce-in-ballo-quasi-48-milioni-di-euro-da-enel-il-progetto-di-una-centralina-in-vajont\\\/#primaryimage\"},\"image\":{\"@id\":\"https:\\\/\\\/www.bellunopress.it\\\/2026\\\/03\\\/16\\\/acqua-e-idroelettrico-la-provincia-di-belluno-alza-la-voce-in-ballo-quasi-48-milioni-di-euro-da-enel-il-progetto-di-una-centralina-in-vajont\\\/#primaryimage\"},\"thumbnailUrl\":\"https:\\\/\\\/www.bellunopress.it\\\/wp-content\\\/uploads\\\/2021\\\/11\\\/Palazzo-PIloni-sede-Provincia_edited.jpg\",\"datePublished\":\"2026-03-16T12:42:05+00:00\",\"dateModified\":\"2026-03-16T12:53:27+00:00\",\"breadcrumb\":{\"@id\":\"https:\\\/\\\/www.bellunopress.it\\\/2026\\\/03\\\/16\\\/acqua-e-idroelettrico-la-provincia-di-belluno-alza-la-voce-in-ballo-quasi-48-milioni-di-euro-da-enel-il-progetto-di-una-centralina-in-vajont\\\/#breadcrumb\"},\"inLanguage\":\"fr-FR\",\"potentialAction\":[{\"@type\":\"ReadAction\",\"target\":[\"https:\\\/\\\/www.bellunopress.it\\\/2026\\\/03\\\/16\\\/acqua-e-idroelettrico-la-provincia-di-belluno-alza-la-voce-in-ballo-quasi-48-milioni-di-euro-da-enel-il-progetto-di-una-centralina-in-vajont\\\/\"]}]},{\"@type\":\"ImageObject\",\"inLanguage\":\"fr-FR\",\"@id\":\"https:\\\/\\\/www.bellunopress.it\\\/2026\\\/03\\\/16\\\/acqua-e-idroelettrico-la-provincia-di-belluno-alza-la-voce-in-ballo-quasi-48-milioni-di-euro-da-enel-il-progetto-di-una-centralina-in-vajont\\\/#primaryimage\",\"url\":\"https:\\\/\\\/www.bellunopress.it\\\/wp-content\\\/uploads\\\/2021\\\/11\\\/Palazzo-PIloni-sede-Provincia_edited.jpg\",\"contentUrl\":\"https:\\\/\\\/www.bellunopress.it\\\/wp-content\\\/uploads\\\/2021\\\/11\\\/Palazzo-PIloni-sede-Provincia_edited.jpg\",\"width\":800,\"height\":515,\"caption\":\"Palazzo Piloni, sede della Provincia\"},{\"@type\":\"BreadcrumbList\",\"@id\":\"https:\\\/\\\/www.bellunopress.it\\\/2026\\\/03\\\/16\\\/acqua-e-idroelettrico-la-provincia-di-belluno-alza-la-voce-in-ballo-quasi-48-milioni-di-euro-da-enel-il-progetto-di-una-centralina-in-vajont\\\/#breadcrumb\",\"itemListElement\":[{\"@type\":\"ListItem\",\"position\":1,\"name\":\"Home\",\"item\":\"https:\\\/\\\/www.bellunopress.it\\\/\"},{\"@type\":\"ListItem\",\"position\":2,\"name\":\"Acqua e idroelettrico, la Provincia di Belluno alza la voce: in ballo quasi 48 milioni di euro da Enel. Il progetto di una centralina in Vajont\"}]},{\"@type\":\"WebSite\",\"@id\":\"https:\\\/\\\/www.bellunopress.it\\\/#website\",\"url\":\"https:\\\/\\\/www.bellunopress.it\\\/\",\"name\":\"Bellunopress - Dolomiti\",\"description\":\"e-mail: redazione@bellunopress.it\",\"publisher\":{\"@id\":\"https:\\\/\\\/www.bellunopress.it\\\/#organization\"},\"potentialAction\":[{\"@type\":\"SearchAction\",\"target\":{\"@type\":\"EntryPoint\",\"urlTemplate\":\"https:\\\/\\\/www.bellunopress.it\\\/?s={search_term_string}\"},\"query-input\":{\"@type\":\"PropertyValueSpecification\",\"valueRequired\":true,\"valueName\":\"search_term_string\"}}],\"inLanguage\":\"fr-FR\"},{\"@type\":\"Organization\",\"@id\":\"https:\\\/\\\/www.bellunopress.it\\\/#organization\",\"name\":\"Bellunopress\",\"url\":\"https:\\\/\\\/www.bellunopress.it\\\/\",\"logo\":{\"@type\":\"ImageObject\",\"inLanguage\":\"fr-FR\",\"@id\":\"https:\\\/\\\/www.bellunopress.it\\\/#\\\/schema\\\/logo\\\/image\\\/\",\"url\":\"https:\\\/\\\/www.bellunopress.it\\\/wp-content\\\/uploads\\\/2011\\\/05\\\/cropped-logo-bellunopress-.jpg\",\"contentUrl\":\"https:\\\/\\\/www.bellunopress.it\\\/wp-content\\\/uploads\\\/2011\\\/05\\\/cropped-logo-bellunopress-.jpg\",\"width\":512,\"height\":512,\"caption\":\"Bellunopress\"},\"image\":{\"@id\":\"https:\\\/\\\/www.bellunopress.it\\\/#\\\/schema\\\/logo\\\/image\\\/\"},\"sameAs\":[\"https:\\\/\\\/www.facebook.com\\\/profile.php?id=100008943462799\",\"https:\\\/\\\/x.com\\\/bellunopress\",\"https:\\\/\\\/www.linkedin.com\\\/hp\\\/?dnr=JBzUWaJfMUw8vbXJJ2tVW5-I3jZKvC4wsoxE&amp;amp;amp;amp;amp;amp;trk=nav_responsive_tab_home\",\"https:\\\/\\\/www.youtube.com\\\/channel\\\/UCxL0wu1uN0_3_7hGG0306cw\"]},{\"@type\":\"Person\",\"@id\":\"https:\\\/\\\/www.bellunopress.it\\\/#\\\/schema\\\/person\\\/79bb06722b37ece1c03d3e94beb30d73\",\"name\":\"redazione\",\"image\":{\"@type\":\"ImageObject\",\"inLanguage\":\"fr-FR\",\"@id\":\"https:\\\/\\\/secure.gravatar.com\\\/avatar\\\/37d968a2e67a6fd04c169c4bdef102d0bc5d31b2546345219e348575eb80e9a0?s=96&d=mm&r=g\",\"url\":\"https:\\\/\\\/secure.gravatar.com\\\/avatar\\\/37d968a2e67a6fd04c169c4bdef102d0bc5d31b2546345219e348575eb80e9a0?s=96&d=mm&r=g\",\"contentUrl\":\"https:\\\/\\\/secure.gravatar.com\\\/avatar\\\/37d968a2e67a6fd04c169c4bdef102d0bc5d31b2546345219e348575eb80e9a0?s=96&d=mm&r=g\",\"caption\":\"redazione\"},\"sameAs\":[\"http:\\\/\\\/www.bellunopress.it\",\"https:\\\/\\\/x.com\\\/bellunopress\"],\"url\":\"https:\\\/\\\/www.bellunopress.it\\\/fr\\\/author\\\/redazione\\\/\"}]}<\/script>\n<!-- \/ Yoast SEO plugin. -->","yoast_head_json":{"title":"Acqua e idroelettrico, la Provincia di Belluno alza la voce: in ballo quasi 48 milioni di euro da Enel. Il progetto di una centralina in Vajont - Bellunopress - Dolomiti","robots":{"index":"index","follow":"follow","max-snippet":"max-snippet:-1","max-image-preview":"max-image-preview:large","max-video-preview":"max-video-preview:-1"},"canonical":"https:\/\/www.bellunopress.it\/fr\/2026\/03\/16\/acqua-e-idroelettrico-la-provincia-di-belluno-alza-la-voce-in-ballo-quasi-48-milioni-di-euro-da-enel-il-progetto-di-una-centralina-in-vajont\/","og_locale":"fr_FR","og_type":"article","og_title":"Acqua e idroelettrico, la Provincia di Belluno alza la voce: in ballo quasi 48 milioni di euro da Enel. Il progetto di una centralina in Vajont - Bellunopress - Dolomiti","og_description":"Belluno, 16 marzo 2026\u00a0\u2013 Un tesoro di quasi 48 milioni di euro rimasto, per ora, sulla carta, una battaglia legale che arriva fino a Strasburgo e la gestione di un territorio che fa dell\u2019acqua la sua risorsa pi\u00f9 preziosa. \u00c8 questo il quadro delineato oggi dal Presidente della Provincia, Roberto Padrin, e dal consigliere delegato [&hellip;]","og_url":"https:\/\/www.bellunopress.it\/fr\/2026\/03\/16\/acqua-e-idroelettrico-la-provincia-di-belluno-alza-la-voce-in-ballo-quasi-48-milioni-di-euro-da-enel-il-progetto-di-una-centralina-in-vajont\/","og_site_name":"Bellunopress - Dolomiti","article_publisher":"https:\/\/www.facebook.com\/profile.php?id=100008943462799","article_published_time":"2026-03-16T12:42:05+00:00","article_modified_time":"2026-03-16T12:53:27+00:00","og_image":[{"width":800,"height":515,"url":"https:\/\/www.bellunopress.it\/wp-content\/uploads\/2021\/11\/Palazzo-PIloni-sede-Provincia_edited.jpg","type":"image\/jpeg"}],"author":"redazione","twitter_card":"summary_large_image","twitter_creator":"@bellunopress","twitter_site":"@bellunopress","twitter_misc":{"Written by":"redazione","Est. reading time":"8 minutes"},"schema":{"@context":"https:\/\/schema.org","@graph":[{"@type":"Article","@id":"https:\/\/www.bellunopress.it\/2026\/03\/16\/acqua-e-idroelettrico-la-provincia-di-belluno-alza-la-voce-in-ballo-quasi-48-milioni-di-euro-da-enel-il-progetto-di-una-centralina-in-vajont\/#article","isPartOf":{"@id":"https:\/\/www.bellunopress.it\/2026\/03\/16\/acqua-e-idroelettrico-la-provincia-di-belluno-alza-la-voce-in-ballo-quasi-48-milioni-di-euro-da-enel-il-progetto-di-una-centralina-in-vajont\/"},"author":{"name":"redazione","@id":"https:\/\/www.bellunopress.it\/#\/schema\/person\/79bb06722b37ece1c03d3e94beb30d73"},"headline":"Acqua e idroelettrico, la Provincia di Belluno alza la voce: in ballo quasi 48 milioni di euro da Enel. Il progetto di una centralina in Vajont","datePublished":"2026-03-16T12:42:05+00:00","dateModified":"2026-03-16T12:53:27+00:00","mainEntityOfPage":{"@id":"https:\/\/www.bellunopress.it\/2026\/03\/16\/acqua-e-idroelettrico-la-provincia-di-belluno-alza-la-voce-in-ballo-quasi-48-milioni-di-euro-da-enel-il-progetto-di-una-centralina-in-vajont\/"},"wordCount":1763,"publisher":{"@id":"https:\/\/www.bellunopress.it\/#organization"},"image":{"@id":"https:\/\/www.bellunopress.it\/2026\/03\/16\/acqua-e-idroelettrico-la-provincia-di-belluno-alza-la-voce-in-ballo-quasi-48-milioni-di-euro-da-enel-il-progetto-di-una-centralina-in-vajont\/#primaryimage"},"thumbnailUrl":"https:\/\/www.bellunopress.it\/wp-content\/uploads\/2021\/11\/Palazzo-PIloni-sede-Provincia_edited.jpg","articleSection":["Featured","Gli speciali di Bellunopress","Prima Pagina","Societ\u00e0, Associazioni, Istituzioni"],"inLanguage":"fr-FR"},{"@type":"WebPage","@id":"https:\/\/www.bellunopress.it\/2026\/03\/16\/acqua-e-idroelettrico-la-provincia-di-belluno-alza-la-voce-in-ballo-quasi-48-milioni-di-euro-da-enel-il-progetto-di-una-centralina-in-vajont\/","url":"https:\/\/www.bellunopress.it\/2026\/03\/16\/acqua-e-idroelettrico-la-provincia-di-belluno-alza-la-voce-in-ballo-quasi-48-milioni-di-euro-da-enel-il-progetto-di-una-centralina-in-vajont\/","name":"Acqua e idroelettrico, la Provincia di Belluno alza la voce: in ballo quasi 48 milioni di euro da Enel. Il progetto di una centralina in Vajont - Bellunopress - Dolomiti","isPartOf":{"@id":"https:\/\/www.bellunopress.it\/#website"},"primaryImageOfPage":{"@id":"https:\/\/www.bellunopress.it\/2026\/03\/16\/acqua-e-idroelettrico-la-provincia-di-belluno-alza-la-voce-in-ballo-quasi-48-milioni-di-euro-da-enel-il-progetto-di-una-centralina-in-vajont\/#primaryimage"},"image":{"@id":"https:\/\/www.bellunopress.it\/2026\/03\/16\/acqua-e-idroelettrico-la-provincia-di-belluno-alza-la-voce-in-ballo-quasi-48-milioni-di-euro-da-enel-il-progetto-di-una-centralina-in-vajont\/#primaryimage"},"thumbnailUrl":"https:\/\/www.bellunopress.it\/wp-content\/uploads\/2021\/11\/Palazzo-PIloni-sede-Provincia_edited.jpg","datePublished":"2026-03-16T12:42:05+00:00","dateModified":"2026-03-16T12:53:27+00:00","breadcrumb":{"@id":"https:\/\/www.bellunopress.it\/2026\/03\/16\/acqua-e-idroelettrico-la-provincia-di-belluno-alza-la-voce-in-ballo-quasi-48-milioni-di-euro-da-enel-il-progetto-di-una-centralina-in-vajont\/#breadcrumb"},"inLanguage":"fr-FR","potentialAction":[{"@type":"ReadAction","target":["https:\/\/www.bellunopress.it\/2026\/03\/16\/acqua-e-idroelettrico-la-provincia-di-belluno-alza-la-voce-in-ballo-quasi-48-milioni-di-euro-da-enel-il-progetto-di-una-centralina-in-vajont\/"]}]},{"@type":"ImageObject","inLanguage":"fr-FR","@id":"https:\/\/www.bellunopress.it\/2026\/03\/16\/acqua-e-idroelettrico-la-provincia-di-belluno-alza-la-voce-in-ballo-quasi-48-milioni-di-euro-da-enel-il-progetto-di-una-centralina-in-vajont\/#primaryimage","url":"https:\/\/www.bellunopress.it\/wp-content\/uploads\/2021\/11\/Palazzo-PIloni-sede-Provincia_edited.jpg","contentUrl":"https:\/\/www.bellunopress.it\/wp-content\/uploads\/2021\/11\/Palazzo-PIloni-sede-Provincia_edited.jpg","width":800,"height":515,"caption":"Palazzo Piloni, sede della Provincia"},{"@type":"BreadcrumbList","@id":"https:\/\/www.bellunopress.it\/2026\/03\/16\/acqua-e-idroelettrico-la-provincia-di-belluno-alza-la-voce-in-ballo-quasi-48-milioni-di-euro-da-enel-il-progetto-di-una-centralina-in-vajont\/#breadcrumb","itemListElement":[{"@type":"ListItem","position":1,"name":"Home","item":"https:\/\/www.bellunopress.it\/"},{"@type":"ListItem","position":2,"name":"Acqua e idroelettrico, la Provincia di Belluno alza la voce: in ballo quasi 48 milioni di euro da Enel. Il progetto di una centralina in Vajont"}]},{"@type":"WebSite","@id":"https:\/\/www.bellunopress.it\/#website","url":"https:\/\/www.bellunopress.it\/","name":"Bellunopress - Dolomiti","description":"e-mail: redazione@bellunopress.it","publisher":{"@id":"https:\/\/www.bellunopress.it\/#organization"},"potentialAction":[{"@type":"SearchAction","target":{"@type":"EntryPoint","urlTemplate":"https:\/\/www.bellunopress.it\/?s={search_term_string}"},"query-input":{"@type":"PropertyValueSpecification","valueRequired":true,"valueName":"search_term_string"}}],"inLanguage":"fr-FR"},{"@type":"Organization","@id":"https:\/\/www.bellunopress.it\/#organization","name":"Bellunopress","url":"https:\/\/www.bellunopress.it\/","logo":{"@type":"ImageObject","inLanguage":"fr-FR","@id":"https:\/\/www.bellunopress.it\/#\/schema\/logo\/image\/","url":"https:\/\/www.bellunopress.it\/wp-content\/uploads\/2011\/05\/cropped-logo-bellunopress-.jpg","contentUrl":"https:\/\/www.bellunopress.it\/wp-content\/uploads\/2011\/05\/cropped-logo-bellunopress-.jpg","width":512,"height":512,"caption":"Bellunopress"},"image":{"@id":"https:\/\/www.bellunopress.it\/#\/schema\/logo\/image\/"},"sameAs":["https:\/\/www.facebook.com\/profile.php?id=100008943462799","https:\/\/x.com\/bellunopress","https:\/\/www.linkedin.com\/hp\/?dnr=JBzUWaJfMUw8vbXJJ2tVW5-I3jZKvC4wsoxE&amp;amp;amp;amp;amp;amp;trk=nav_responsive_tab_home","https:\/\/www.youtube.com\/channel\/UCxL0wu1uN0_3_7hGG0306cw"]},{"@type":"Person","@id":"https:\/\/www.bellunopress.it\/#\/schema\/person\/79bb06722b37ece1c03d3e94beb30d73","name":"r\u00e9daction","image":{"@type":"ImageObject","inLanguage":"fr-FR","@id":"https:\/\/secure.gravatar.com\/avatar\/37d968a2e67a6fd04c169c4bdef102d0bc5d31b2546345219e348575eb80e9a0?s=96&d=mm&r=g","url":"https:\/\/secure.gravatar.com\/avatar\/37d968a2e67a6fd04c169c4bdef102d0bc5d31b2546345219e348575eb80e9a0?s=96&d=mm&r=g","contentUrl":"https:\/\/secure.gravatar.com\/avatar\/37d968a2e67a6fd04c169c4bdef102d0bc5d31b2546345219e348575eb80e9a0?s=96&d=mm&r=g","caption":"redazione"},"sameAs":["http:\/\/www.bellunopress.it","https:\/\/x.com\/bellunopress"],"url":"https:\/\/www.bellunopress.it\/fr\/author\/redazione\/"}]}},"_links":{"self":[{"href":"https:\/\/www.bellunopress.it\/fr\/wp-json\/wp\/v2\/posts\/168211","targetHints":{"allow":["GET"]}}],"collection":[{"href":"https:\/\/www.bellunopress.it\/fr\/wp-json\/wp\/v2\/posts"}],"about":[{"href":"https:\/\/www.bellunopress.it\/fr\/wp-json\/wp\/v2\/types\/post"}],"author":[{"embeddable":true,"href":"https:\/\/www.bellunopress.it\/fr\/wp-json\/wp\/v2\/users\/2"}],"replies":[{"embeddable":true,"href":"https:\/\/www.bellunopress.it\/fr\/wp-json\/wp\/v2\/comments?post=168211"}],"version-history":[{"count":4,"href":"https:\/\/www.bellunopress.it\/fr\/wp-json\/wp\/v2\/posts\/168211\/revisions"}],"predecessor-version":[{"id":168215,"href":"https:\/\/www.bellunopress.it\/fr\/wp-json\/wp\/v2\/posts\/168211\/revisions\/168215"}],"wp:featuredmedia":[{"embeddable":true,"href":"https:\/\/www.bellunopress.it\/fr\/wp-json\/wp\/v2\/media\/129131"}],"wp:attachment":[{"href":"https:\/\/www.bellunopress.it\/fr\/wp-json\/wp\/v2\/media?parent=168211"}],"wp:term":[{"taxonomy":"category","embeddable":true,"href":"https:\/\/www.bellunopress.it\/fr\/wp-json\/wp\/v2\/categories?post=168211"},{"taxonomy":"post_tag","embeddable":true,"href":"https:\/\/www.bellunopress.it\/fr\/wp-json\/wp\/v2\/tags?post=168211"}],"curies":[{"name":"wp","href":"https:\/\/api.w.org\/{rel}","templated":true}]}}