{"id":168208,"date":"2026-03-16T13:22:38","date_gmt":"2026-03-16T12:22:38","guid":{"rendered":"https:\/\/www.bellunopress.it\/?p=168208"},"modified":"2026-03-16T21:14:53","modified_gmt":"2026-03-16T20:14:53","slug":"il-sociale-va-in-tavola-mercoledi-alla-pizzeria-la-fenice-di-belluno","status":"publish","type":"post","link":"https:\/\/www.bellunopress.it\/fr\/2026\/03\/16\/il-sociale-va-in-tavola-mercoledi-alla-pizzeria-la-fenice-di-belluno\/","title":{"rendered":"Il sociale va in tavola mercoled\u00ec alla Pizzeria La Fenice di Belluno"},"content":{"rendered":"<h1 data-path-to-node=\"2\">La pizza di Angelo Di Lieto celebra lo spirito paralimpico<\/h1>\n<p data-path-to-node=\"4\">Belluno, 16 marzo 2026 &#8211;\u00a0Non \u00e8 solo una questione di farina, lievito e guarnizioni. A volte, la pizza pu\u00f2 diventare un potente strumento di narrazione civile e un ponte verso l\u2019inclusione. \u00c8 questo il cuore dell\u2019evento che si terr\u00e0 mercoled\u00ec 18 marzo, a partire dalle 19.30, alla Pizzeria La Fenice di via Ippolito Caffi a Belluno.<\/p>\n<figure id=\"attachment_163211\" aria-describedby=\"caption-attachment-163211\" style=\"width: 800px\" class=\"wp-caption aligncenter\"><img loading=\"lazy\" decoding=\"async\" class=\"size-full wp-image-163211\" src=\"https:\/\/www.bellunopress.it\/wp-content\/uploads\/2025\/09\/Angelo-DI-Lieto-La-Fenice_edited.jpg\" alt=\"\" width=\"800\" height=\"682\" srcset=\"https:\/\/www.bellunopress.it\/wp-content\/uploads\/2025\/09\/Angelo-DI-Lieto-La-Fenice_edited.jpg 800w, https:\/\/www.bellunopress.it\/wp-content\/uploads\/2025\/09\/Angelo-DI-Lieto-La-Fenice_edited-500x426.jpg 500w, https:\/\/www.bellunopress.it\/wp-content\/uploads\/2025\/09\/Angelo-DI-Lieto-La-Fenice_edited-493x420.jpg 493w, https:\/\/www.bellunopress.it\/wp-content\/uploads\/2025\/09\/Angelo-DI-Lieto-La-Fenice_edited-696x593.jpg 696w\" sizes=\"auto, (max-width: 800px) 100vw, 800px\" \/><figcaption id=\"caption-attachment-163211\" class=\"wp-caption-text\">Angelo Di Lieto<\/figcaption><\/figure>\n<p data-path-to-node=\"5\">Il locale di Angelo Di Lieto, gi\u00e0 insignito dei prestigiosi <i data-path-to-node=\"5\" data-index-in-node=\"60\">Due Spicchi<\/i> del Gambero Rosso, si trasformer\u00e0 in un\u2019agor\u00e0 per riflettere sull\u2019eredit\u00e0 culturale delle Paralimpiadi di Milano Cortina 2026, da poco concluse. Un appuntamento che non vuole essere solo una celebrazione sportiva, ma un momento di confronto sul futuro del territorio e sull&#8217;abbattimento delle barriere, fisiche e mentali.<\/p>\n<p data-path-to-node=\"7\">La serata entrer\u00e0 nel vivo con una tavola rotonda moderata dal giornalista Marco D\u2019Inc\u00e0. Al centro del dibattito, due figure che hanno fatto della resilienza e dello sport una ragione di vita: il Sindaco di Belluno, Oscar De Pellegrin, leggenda del tiro con l\u2019arco paralimpico, e Davide Giozet, Presidente dell\u2019ASSI (Associazione Sociale Sportiva Invalidi).<\/p>\n<p data-path-to-node=\"8\">Insieme ad Angelo Di Lieto, gli ospiti esploreranno come la citt\u00e0 di Belluno stia evolvendo nel concetto di accessibilit\u00e0 e come anche il mondo della ristorazione possa farsi interprete di messaggi di accoglienza universale.<\/p>\n<p data-path-to-node=\"10\">Il momento clou della serata sar\u00e0 la presentazione di una creazione culinaria inedita, nata dalla costante ricerca di Di Lieto sugli impasti. Si tratta di una versione speciale della sua celebre &#8220;Nuvola&#8221;, una pizza in pala ad alta digeribilit\u00e0, reinterpretata con mais sponcio, antico simbolo della biodiversit\u00e0 bellunese.<\/p>\n<p data-path-to-node=\"11\">Il topping \u00e8 un vero e proprio manifesto del Veneto:<\/p>\n<ul data-path-to-node=\"12\">\n<li>\n<p data-path-to-node=\"12,0,0\">La morbidezza del formaggio Schiz;<\/p>\n<\/li>\n<li>\n<p data-path-to-node=\"12,1,0\">La sapidit\u00e0 decisa del rag\u00f9 di Pastin;<\/p>\n<\/li>\n<li>\n<p data-path-to-node=\"12,2,0\">La nota croccante del Radicchio di Treviso.<\/p>\n<\/li>\n<\/ul>\n<p data-path-to-node=\"13\"><i data-path-to-node=\"13\" data-index-in-node=\"0\">&#8220;Questa serata \u00e8 un atto di restituzione verso una comunit\u00e0 che ha accolto me e la mia famiglia anni fa&#8221;<\/i>, spiega Agelo Di Lieto. Un modo per ringraziare la sua terra d&#8217;adozione attraverso l&#8217;eccellenza dei suoi frutti.<\/p>\n<h3 data-path-to-node=\"15\">Come partecipare<\/h3>\n<p data-path-to-node=\"16\">L\u2019evento \u00e8 aperto al pubblico su prenotazione. Con una quota simbolica di 15 euro, i partecipanti potranno accedere a un percorso degustazione che comprende:<\/p>\n<ol start=\"1\" data-path-to-node=\"17\">\n<li>\n<p data-path-to-node=\"17,0,0\">Calice di benvenuto e fritti della casa;<\/p>\n<\/li>\n<li>\n<p data-path-to-node=\"17,1,0\">Assaggio della &#8220;Nuvola&#8221; dedicata alle Paralimpiadi;<\/p>\n<\/li>\n<li>\n<h6 style=\"text-align: left;\" data-path-to-node=\"17,2,0\">Dessert, bevanda e caff\u00e8.<\/h6>\n<\/li>\n<\/ol>\n<blockquote data-path-to-node=\"18\">\n<h6 style=\"text-align: left;\" data-path-to-node=\"18,0\"><b data-path-to-node=\"18,0\" data-index-in-node=\"0\">Info e Prenotazioni:<\/b> \u00c8 possibile riservare un tavolo chiamando lo <b data-path-to-node=\"18,0\" data-index-in-node=\"66\">0437 380122<\/b> o tramite il link di prenotazione ufficiale del locale:<\/h6>\n<p><a href=\"https:\/\/wtpmvolhcsps36t3aqkdl6mvjhoeaand.forms.pienissimo.pro\/info-client\">https:\/\/wtpmvolhcsps36t3aqkdl6mvjhoeaand.forms.pienissimo.pro\/info-client<\/a><\/p>\n<p>&nbsp;<\/p>\n<p>&nbsp;<\/p>\n<p>&nbsp;<\/p><\/blockquote>","protected":false},"excerpt":{"rendered":"<p>La pizza di Angelo Di Lieto celebra lo spirito paralimpico Belluno, 16 marzo 2026 &#8211;\u00a0Non \u00e8 solo una questione di farina, lievito e guarnizioni. A volte, la pizza pu\u00f2 diventare un potente strumento di narrazione civile e un ponte verso l\u2019inclusione. \u00c8 questo il cuore dell\u2019evento che si terr\u00e0 mercoled\u00ec 18 marzo, a partire dalle [&hellip;]<\/p>\n","protected":false},"author":2,"featured_media":160576,"comment_status":"closed","ping_status":"open","sticky":false,"template":"","format":"standard","meta":{"footnotes":""},"categories":[36,25,8],"tags":[],"class_list":["post-168208","post","type-post","status-publish","format-standard","has-post-thumbnail","category-lavoro-economia","category-pausa-caffe","category-societa-istituzioni"],"yoast_head":"<!-- This site is optimized with the Yoast SEO plugin v28.4 - https:\/\/yoast.com\/product\/yoast-seo-wordpress\/ -->\n<title>Il sociale va in tavola mercoled\u00ec alla Pizzeria La Fenice di Belluno - Bellunopress - Dolomiti<\/title>\n<meta name=\"robots\" content=\"index, follow, max-snippet:-1, max-image-preview:large, max-video-preview:-1\" \/>\n<link rel=\"canonical\" href=\"https:\/\/www.bellunopress.it\/fr\/2026\/03\/16\/il-sociale-va-in-tavola-mercoledi-alla-pizzeria-la-fenice-di-belluno\/\" \/>\n<meta property=\"og:locale\" content=\"fr_FR\" \/>\n<meta property=\"og:type\" content=\"article\" \/>\n<meta property=\"og:title\" content=\"Il sociale va in tavola mercoled\u00ec alla Pizzeria La Fenice di Belluno - Bellunopress - Dolomiti\" \/>\n<meta property=\"og:description\" content=\"La pizza di Angelo Di Lieto celebra lo spirito paralimpico Belluno, 16 marzo 2026 &#8211;\u00a0Non \u00e8 solo una questione di farina, lievito e guarnizioni. A volte, la pizza pu\u00f2 diventare un potente strumento di narrazione civile e un ponte verso l\u2019inclusione. \u00c8 questo il cuore dell\u2019evento che si terr\u00e0 mercoled\u00ec 18 marzo, a partire dalle [&hellip;]\" \/>\n<meta property=\"og:url\" content=\"https:\/\/www.bellunopress.it\/fr\/2026\/03\/16\/il-sociale-va-in-tavola-mercoledi-alla-pizzeria-la-fenice-di-belluno\/\" \/>\n<meta property=\"og:site_name\" content=\"Bellunopress - Dolomiti\" \/>\n<meta property=\"article:publisher\" content=\"https:\/\/www.facebook.com\/profile.php?id=100008943462799\" \/>\n<meta property=\"article:published_time\" content=\"2026-03-16T12:22:38+00:00\" \/>\n<meta property=\"article:modified_time\" content=\"2026-03-16T20:14:53+00:00\" \/>\n<meta property=\"og:image\" content=\"https:\/\/www.bellunopress.it\/wp-content\/uploads\/2025\/05\/La-Fenice-edited.jpg\" \/>\n\t<meta property=\"og:image:width\" content=\"1000\" \/>\n\t<meta property=\"og:image:height\" content=\"667\" \/>\n\t<meta property=\"og:image:type\" content=\"image\/jpeg\" \/>\n<meta name=\"author\" content=\"redazione\" \/>\n<meta name=\"twitter:card\" content=\"summary_large_image\" \/>\n<meta name=\"twitter:creator\" content=\"@bellunopress\" \/>\n<meta name=\"twitter:site\" content=\"@bellunopress\" \/>\n<meta name=\"twitter:label1\" content=\"\u00c9crit par\" \/>\n\t<meta name=\"twitter:data1\" content=\"redazione\" \/>\n\t<meta name=\"twitter:label2\" content=\"Dur\u00e9e de lecture estim\u00e9e\" \/>\n\t<meta name=\"twitter:data2\" content=\"2 minutes\" \/>\n<script type=\"application\/ld+json\" class=\"yoast-schema-graph\">{\"@context\":\"https:\\\/\\\/schema.org\",\"@graph\":[{\"@type\":\"Article\",\"@id\":\"https:\\\/\\\/www.bellunopress.it\\\/2026\\\/03\\\/16\\\/il-sociale-va-in-tavola-mercoledi-alla-pizzeria-la-fenice-di-belluno\\\/#article\",\"isPartOf\":{\"@id\":\"https:\\\/\\\/www.bellunopress.it\\\/2026\\\/03\\\/16\\\/il-sociale-va-in-tavola-mercoledi-alla-pizzeria-la-fenice-di-belluno\\\/\"},\"author\":{\"name\":\"redazione\",\"@id\":\"https:\\\/\\\/www.bellunopress.it\\\/#\\\/schema\\\/person\\\/79bb06722b37ece1c03d3e94beb30d73\"},\"headline\":\"Il sociale va in tavola mercoled\u00ec alla Pizzeria La Fenice di Belluno\",\"datePublished\":\"2026-03-16T12:22:38+00:00\",\"dateModified\":\"2026-03-16T20:14:53+00:00\",\"mainEntityOfPage\":{\"@id\":\"https:\\\/\\\/www.bellunopress.it\\\/2026\\\/03\\\/16\\\/il-sociale-va-in-tavola-mercoledi-alla-pizzeria-la-fenice-di-belluno\\\/\"},\"wordCount\":422,\"publisher\":{\"@id\":\"https:\\\/\\\/www.bellunopress.it\\\/#organization\"},\"image\":{\"@id\":\"https:\\\/\\\/www.bellunopress.it\\\/2026\\\/03\\\/16\\\/il-sociale-va-in-tavola-mercoledi-alla-pizzeria-la-fenice-di-belluno\\\/#primaryimage\"},\"thumbnailUrl\":\"https:\\\/\\\/www.bellunopress.it\\\/wp-content\\\/uploads\\\/2025\\\/05\\\/La-Fenice-edited.jpg\",\"articleSection\":[\"Lavoro, Economia, Turismo\",\"Pausa Caff\u00e8\",\"Societ\u00e0, Associazioni, Istituzioni\"],\"inLanguage\":\"fr-FR\"},{\"@type\":\"WebPage\",\"@id\":\"https:\\\/\\\/www.bellunopress.it\\\/2026\\\/03\\\/16\\\/il-sociale-va-in-tavola-mercoledi-alla-pizzeria-la-fenice-di-belluno\\\/\",\"url\":\"https:\\\/\\\/www.bellunopress.it\\\/2026\\\/03\\\/16\\\/il-sociale-va-in-tavola-mercoledi-alla-pizzeria-la-fenice-di-belluno\\\/\",\"name\":\"Il sociale va in tavola mercoled\u00ec alla Pizzeria La Fenice di Belluno - Bellunopress - Dolomiti\",\"isPartOf\":{\"@id\":\"https:\\\/\\\/www.bellunopress.it\\\/#website\"},\"primaryImageOfPage\":{\"@id\":\"https:\\\/\\\/www.bellunopress.it\\\/2026\\\/03\\\/16\\\/il-sociale-va-in-tavola-mercoledi-alla-pizzeria-la-fenice-di-belluno\\\/#primaryimage\"},\"image\":{\"@id\":\"https:\\\/\\\/www.bellunopress.it\\\/2026\\\/03\\\/16\\\/il-sociale-va-in-tavola-mercoledi-alla-pizzeria-la-fenice-di-belluno\\\/#primaryimage\"},\"thumbnailUrl\":\"https:\\\/\\\/www.bellunopress.it\\\/wp-content\\\/uploads\\\/2025\\\/05\\\/La-Fenice-edited.jpg\",\"datePublished\":\"2026-03-16T12:22:38+00:00\",\"dateModified\":\"2026-03-16T20:14:53+00:00\",\"breadcrumb\":{\"@id\":\"https:\\\/\\\/www.bellunopress.it\\\/2026\\\/03\\\/16\\\/il-sociale-va-in-tavola-mercoledi-alla-pizzeria-la-fenice-di-belluno\\\/#breadcrumb\"},\"inLanguage\":\"fr-FR\",\"potentialAction\":[{\"@type\":\"ReadAction\",\"target\":[\"https:\\\/\\\/www.bellunopress.it\\\/2026\\\/03\\\/16\\\/il-sociale-va-in-tavola-mercoledi-alla-pizzeria-la-fenice-di-belluno\\\/\"]}]},{\"@type\":\"ImageObject\",\"inLanguage\":\"fr-FR\",\"@id\":\"https:\\\/\\\/www.bellunopress.it\\\/2026\\\/03\\\/16\\\/il-sociale-va-in-tavola-mercoledi-alla-pizzeria-la-fenice-di-belluno\\\/#primaryimage\",\"url\":\"https:\\\/\\\/www.bellunopress.it\\\/wp-content\\\/uploads\\\/2025\\\/05\\\/La-Fenice-edited.jpg\",\"contentUrl\":\"https:\\\/\\\/www.bellunopress.it\\\/wp-content\\\/uploads\\\/2025\\\/05\\\/La-Fenice-edited.jpg\",\"width\":1000,\"height\":667},{\"@type\":\"BreadcrumbList\",\"@id\":\"https:\\\/\\\/www.bellunopress.it\\\/2026\\\/03\\\/16\\\/il-sociale-va-in-tavola-mercoledi-alla-pizzeria-la-fenice-di-belluno\\\/#breadcrumb\",\"itemListElement\":[{\"@type\":\"ListItem\",\"position\":1,\"name\":\"Home\",\"item\":\"https:\\\/\\\/www.bellunopress.it\\\/\"},{\"@type\":\"ListItem\",\"position\":2,\"name\":\"Il sociale va in tavola mercoled\u00ec alla Pizzeria La Fenice di Belluno\"}]},{\"@type\":\"WebSite\",\"@id\":\"https:\\\/\\\/www.bellunopress.it\\\/#website\",\"url\":\"https:\\\/\\\/www.bellunopress.it\\\/\",\"name\":\"Bellunopress - Dolomiti\",\"description\":\"e-mail: redazione@bellunopress.it\",\"publisher\":{\"@id\":\"https:\\\/\\\/www.bellunopress.it\\\/#organization\"},\"potentialAction\":[{\"@type\":\"SearchAction\",\"target\":{\"@type\":\"EntryPoint\",\"urlTemplate\":\"https:\\\/\\\/www.bellunopress.it\\\/?s={search_term_string}\"},\"query-input\":{\"@type\":\"PropertyValueSpecification\",\"valueRequired\":true,\"valueName\":\"search_term_string\"}}],\"inLanguage\":\"fr-FR\"},{\"@type\":\"Organization\",\"@id\":\"https:\\\/\\\/www.bellunopress.it\\\/#organization\",\"name\":\"Bellunopress\",\"url\":\"https:\\\/\\\/www.bellunopress.it\\\/\",\"logo\":{\"@type\":\"ImageObject\",\"inLanguage\":\"fr-FR\",\"@id\":\"https:\\\/\\\/www.bellunopress.it\\\/#\\\/schema\\\/logo\\\/image\\\/\",\"url\":\"https:\\\/\\\/www.bellunopress.it\\\/wp-content\\\/uploads\\\/2011\\\/05\\\/cropped-logo-bellunopress-.jpg\",\"contentUrl\":\"https:\\\/\\\/www.bellunopress.it\\\/wp-content\\\/uploads\\\/2011\\\/05\\\/cropped-logo-bellunopress-.jpg\",\"width\":512,\"height\":512,\"caption\":\"Bellunopress\"},\"image\":{\"@id\":\"https:\\\/\\\/www.bellunopress.it\\\/#\\\/schema\\\/logo\\\/image\\\/\"},\"sameAs\":[\"https:\\\/\\\/www.facebook.com\\\/profile.php?id=100008943462799\",\"https:\\\/\\\/x.com\\\/bellunopress\",\"https:\\\/\\\/www.linkedin.com\\\/hp\\\/?dnr=JBzUWaJfMUw8vbXJJ2tVW5-I3jZKvC4wsoxE&amp;amp;amp;amp;amp;amp;trk=nav_responsive_tab_home\",\"https:\\\/\\\/www.youtube.com\\\/channel\\\/UCxL0wu1uN0_3_7hGG0306cw\"]},{\"@type\":\"Person\",\"@id\":\"https:\\\/\\\/www.bellunopress.it\\\/#\\\/schema\\\/person\\\/79bb06722b37ece1c03d3e94beb30d73\",\"name\":\"redazione\",\"image\":{\"@type\":\"ImageObject\",\"inLanguage\":\"fr-FR\",\"@id\":\"https:\\\/\\\/secure.gravatar.com\\\/avatar\\\/37d968a2e67a6fd04c169c4bdef102d0bc5d31b2546345219e348575eb80e9a0?s=96&d=mm&r=g\",\"url\":\"https:\\\/\\\/secure.gravatar.com\\\/avatar\\\/37d968a2e67a6fd04c169c4bdef102d0bc5d31b2546345219e348575eb80e9a0?s=96&d=mm&r=g\",\"contentUrl\":\"https:\\\/\\\/secure.gravatar.com\\\/avatar\\\/37d968a2e67a6fd04c169c4bdef102d0bc5d31b2546345219e348575eb80e9a0?s=96&d=mm&r=g\",\"caption\":\"redazione\"},\"sameAs\":[\"http:\\\/\\\/www.bellunopress.it\",\"https:\\\/\\\/x.com\\\/bellunopress\"],\"url\":\"https:\\\/\\\/www.bellunopress.it\\\/fr\\\/author\\\/redazione\\\/\"}]}<\/script>\n<!-- \/ Yoast SEO plugin. -->","yoast_head_json":{"title":"Il sociale va in tavola mercoled\u00ec alla Pizzeria La Fenice di Belluno - Bellunopress - Dolomiti","robots":{"index":"index","follow":"follow","max-snippet":"max-snippet:-1","max-image-preview":"max-image-preview:large","max-video-preview":"max-video-preview:-1"},"canonical":"https:\/\/www.bellunopress.it\/fr\/2026\/03\/16\/il-sociale-va-in-tavola-mercoledi-alla-pizzeria-la-fenice-di-belluno\/","og_locale":"fr_FR","og_type":"article","og_title":"Il sociale va in tavola mercoled\u00ec alla Pizzeria La Fenice di Belluno - Bellunopress - Dolomiti","og_description":"La pizza di Angelo Di Lieto celebra lo spirito paralimpico Belluno, 16 marzo 2026 &#8211;\u00a0Non \u00e8 solo una questione di farina, lievito e guarnizioni. A volte, la pizza pu\u00f2 diventare un potente strumento di narrazione civile e un ponte verso l\u2019inclusione. \u00c8 questo il cuore dell\u2019evento che si terr\u00e0 mercoled\u00ec 18 marzo, a partire dalle [&hellip;]","og_url":"https:\/\/www.bellunopress.it\/fr\/2026\/03\/16\/il-sociale-va-in-tavola-mercoledi-alla-pizzeria-la-fenice-di-belluno\/","og_site_name":"Bellunopress - Dolomiti","article_publisher":"https:\/\/www.facebook.com\/profile.php?id=100008943462799","article_published_time":"2026-03-16T12:22:38+00:00","article_modified_time":"2026-03-16T20:14:53+00:00","og_image":[{"width":1000,"height":667,"url":"https:\/\/www.bellunopress.it\/wp-content\/uploads\/2025\/05\/La-Fenice-edited.jpg","type":"image\/jpeg"}],"author":"redazione","twitter_card":"summary_large_image","twitter_creator":"@bellunopress","twitter_site":"@bellunopress","twitter_misc":{"\u00c9crit par":"redazione","Dur\u00e9e de lecture estim\u00e9e":"2 minutes"},"schema":{"@context":"https:\/\/schema.org","@graph":[{"@type":"Article","@id":"https:\/\/www.bellunopress.it\/2026\/03\/16\/il-sociale-va-in-tavola-mercoledi-alla-pizzeria-la-fenice-di-belluno\/#article","isPartOf":{"@id":"https:\/\/www.bellunopress.it\/2026\/03\/16\/il-sociale-va-in-tavola-mercoledi-alla-pizzeria-la-fenice-di-belluno\/"},"author":{"name":"redazione","@id":"https:\/\/www.bellunopress.it\/#\/schema\/person\/79bb06722b37ece1c03d3e94beb30d73"},"headline":"Il sociale va in tavola mercoled\u00ec alla Pizzeria La Fenice di Belluno","datePublished":"2026-03-16T12:22:38+00:00","dateModified":"2026-03-16T20:14:53+00:00","mainEntityOfPage":{"@id":"https:\/\/www.bellunopress.it\/2026\/03\/16\/il-sociale-va-in-tavola-mercoledi-alla-pizzeria-la-fenice-di-belluno\/"},"wordCount":422,"publisher":{"@id":"https:\/\/www.bellunopress.it\/#organization"},"image":{"@id":"https:\/\/www.bellunopress.it\/2026\/03\/16\/il-sociale-va-in-tavola-mercoledi-alla-pizzeria-la-fenice-di-belluno\/#primaryimage"},"thumbnailUrl":"https:\/\/www.bellunopress.it\/wp-content\/uploads\/2025\/05\/La-Fenice-edited.jpg","articleSection":["Lavoro, Economia, Turismo","Pausa Caff\u00e8","Societ\u00e0, Associazioni, Istituzioni"],"inLanguage":"fr-FR"},{"@type":"WebPage","@id":"https:\/\/www.bellunopress.it\/2026\/03\/16\/il-sociale-va-in-tavola-mercoledi-alla-pizzeria-la-fenice-di-belluno\/","url":"https:\/\/www.bellunopress.it\/2026\/03\/16\/il-sociale-va-in-tavola-mercoledi-alla-pizzeria-la-fenice-di-belluno\/","name":"Il sociale va in tavola mercoled\u00ec alla Pizzeria La Fenice di Belluno - Bellunopress - Dolomiti","isPartOf":{"@id":"https:\/\/www.bellunopress.it\/#website"},"primaryImageOfPage":{"@id":"https:\/\/www.bellunopress.it\/2026\/03\/16\/il-sociale-va-in-tavola-mercoledi-alla-pizzeria-la-fenice-di-belluno\/#primaryimage"},"image":{"@id":"https:\/\/www.bellunopress.it\/2026\/03\/16\/il-sociale-va-in-tavola-mercoledi-alla-pizzeria-la-fenice-di-belluno\/#primaryimage"},"thumbnailUrl":"https:\/\/www.bellunopress.it\/wp-content\/uploads\/2025\/05\/La-Fenice-edited.jpg","datePublished":"2026-03-16T12:22:38+00:00","dateModified":"2026-03-16T20:14:53+00:00","breadcrumb":{"@id":"https:\/\/www.bellunopress.it\/2026\/03\/16\/il-sociale-va-in-tavola-mercoledi-alla-pizzeria-la-fenice-di-belluno\/#breadcrumb"},"inLanguage":"fr-FR","potentialAction":[{"@type":"ReadAction","target":["https:\/\/www.bellunopress.it\/2026\/03\/16\/il-sociale-va-in-tavola-mercoledi-alla-pizzeria-la-fenice-di-belluno\/"]}]},{"@type":"ImageObject","inLanguage":"fr-FR","@id":"https:\/\/www.bellunopress.it\/2026\/03\/16\/il-sociale-va-in-tavola-mercoledi-alla-pizzeria-la-fenice-di-belluno\/#primaryimage","url":"https:\/\/www.bellunopress.it\/wp-content\/uploads\/2025\/05\/La-Fenice-edited.jpg","contentUrl":"https:\/\/www.bellunopress.it\/wp-content\/uploads\/2025\/05\/La-Fenice-edited.jpg","width":1000,"height":667},{"@type":"BreadcrumbList","@id":"https:\/\/www.bellunopress.it\/2026\/03\/16\/il-sociale-va-in-tavola-mercoledi-alla-pizzeria-la-fenice-di-belluno\/#breadcrumb","itemListElement":[{"@type":"ListItem","position":1,"name":"Home","item":"https:\/\/www.bellunopress.it\/"},{"@type":"ListItem","position":2,"name":"Il sociale va in tavola mercoled\u00ec alla Pizzeria La Fenice di Belluno"}]},{"@type":"WebSite","@id":"https:\/\/www.bellunopress.it\/#website","url":"https:\/\/www.bellunopress.it\/","name":"Bellunopress - Dolomiti","description":"e-mail: redazione@bellunopress.it","publisher":{"@id":"https:\/\/www.bellunopress.it\/#organization"},"potentialAction":[{"@type":"SearchAction","target":{"@type":"EntryPoint","urlTemplate":"https:\/\/www.bellunopress.it\/?s={search_term_string}"},"query-input":{"@type":"PropertyValueSpecification","valueRequired":true,"valueName":"search_term_string"}}],"inLanguage":"fr-FR"},{"@type":"Organization","@id":"https:\/\/www.bellunopress.it\/#organization","name":"Bellunopress","url":"https:\/\/www.bellunopress.it\/","logo":{"@type":"ImageObject","inLanguage":"fr-FR","@id":"https:\/\/www.bellunopress.it\/#\/schema\/logo\/image\/","url":"https:\/\/www.bellunopress.it\/wp-content\/uploads\/2011\/05\/cropped-logo-bellunopress-.jpg","contentUrl":"https:\/\/www.bellunopress.it\/wp-content\/uploads\/2011\/05\/cropped-logo-bellunopress-.jpg","width":512,"height":512,"caption":"Bellunopress"},"image":{"@id":"https:\/\/www.bellunopress.it\/#\/schema\/logo\/image\/"},"sameAs":["https:\/\/www.facebook.com\/profile.php?id=100008943462799","https:\/\/x.com\/bellunopress","https:\/\/www.linkedin.com\/hp\/?dnr=JBzUWaJfMUw8vbXJJ2tVW5-I3jZKvC4wsoxE&amp;amp;amp;amp;amp;amp;trk=nav_responsive_tab_home","https:\/\/www.youtube.com\/channel\/UCxL0wu1uN0_3_7hGG0306cw"]},{"@type":"Person","@id":"https:\/\/www.bellunopress.it\/#\/schema\/person\/79bb06722b37ece1c03d3e94beb30d73","name":"r\u00e9daction","image":{"@type":"ImageObject","inLanguage":"fr-FR","@id":"https:\/\/secure.gravatar.com\/avatar\/37d968a2e67a6fd04c169c4bdef102d0bc5d31b2546345219e348575eb80e9a0?s=96&d=mm&r=g","url":"https:\/\/secure.gravatar.com\/avatar\/37d968a2e67a6fd04c169c4bdef102d0bc5d31b2546345219e348575eb80e9a0?s=96&d=mm&r=g","contentUrl":"https:\/\/secure.gravatar.com\/avatar\/37d968a2e67a6fd04c169c4bdef102d0bc5d31b2546345219e348575eb80e9a0?s=96&d=mm&r=g","caption":"redazione"},"sameAs":["http:\/\/www.bellunopress.it","https:\/\/x.com\/bellunopress"],"url":"https:\/\/www.bellunopress.it\/fr\/author\/redazione\/"}]}},"_links":{"self":[{"href":"https:\/\/www.bellunopress.it\/fr\/wp-json\/wp\/v2\/posts\/168208","targetHints":{"allow":["GET"]}}],"collection":[{"href":"https:\/\/www.bellunopress.it\/fr\/wp-json\/wp\/v2\/posts"}],"about":[{"href":"https:\/\/www.bellunopress.it\/fr\/wp-json\/wp\/v2\/types\/post"}],"author":[{"embeddable":true,"href":"https:\/\/www.bellunopress.it\/fr\/wp-json\/wp\/v2\/users\/2"}],"replies":[{"embeddable":true,"href":"https:\/\/www.bellunopress.it\/fr\/wp-json\/wp\/v2\/comments?post=168208"}],"version-history":[{"count":2,"href":"https:\/\/www.bellunopress.it\/fr\/wp-json\/wp\/v2\/posts\/168208\/revisions"}],"predecessor-version":[{"id":168210,"href":"https:\/\/www.bellunopress.it\/fr\/wp-json\/wp\/v2\/posts\/168208\/revisions\/168210"}],"wp:featuredmedia":[{"embeddable":true,"href":"https:\/\/www.bellunopress.it\/fr\/wp-json\/wp\/v2\/media\/160576"}],"wp:attachment":[{"href":"https:\/\/www.bellunopress.it\/fr\/wp-json\/wp\/v2\/media?parent=168208"}],"wp:term":[{"taxonomy":"category","embeddable":true,"href":"https:\/\/www.bellunopress.it\/fr\/wp-json\/wp\/v2\/categories?post=168208"},{"taxonomy":"post_tag","embeddable":true,"href":"https:\/\/www.bellunopress.it\/fr\/wp-json\/wp\/v2\/tags?post=168208"}],"curies":[{"name":"wp","href":"https:\/\/api.w.org\/{rel}","templated":true}]}}