{"id":168179,"date":"2026-03-15T10:35:17","date_gmt":"2026-03-15T09:35:17","guid":{"rendered":"https:\/\/www.bellunopress.it\/?p=168179"},"modified":"2026-03-15T13:03:57","modified_gmt":"2026-03-15T12:03:57","slug":"editoria-a-belluno-il-sorpasso-del-digitale-fa-sbiadire-il-cartaceo","status":"publish","type":"post","link":"https:\/\/www.bellunopress.it\/fr\/2026\/03\/15\/editoria-a-belluno-il-sorpasso-del-digitale-fa-sbiadire-il-cartaceo\/","title":{"rendered":"Editoria a Belluno: il sorpasso del digitale fa sbiadire il cartaceo"},"content":{"rendered":"<p data-path-to-node=\"3\"><b data-path-to-node=\"3\" data-index-in-node=\"0\">I dati ADS di gennaio 2026 confermano la crisi delle edicole in provincia. Il Gazzettino diventa &#8220;digital-first&#8221;, il Corriere delle Alpi resiste nel fisico, ma il legame col territorio salva il lettorato.<\/b><\/p>\n<p data-path-to-node=\"4\">Belluno, 15\/03\/2026\u00a0\u2013 Il paesaggio mediatico della provincia di Belluno cambia volto. Gli ultimi dati ADS (Accertamenti Diffusione Stampa) relativi a gennaio 2026 cristallizzano una tendenza ormai irreversibile: la carta stampata arretra drasticamente, lasciando spazio a un nuovo equilibrio dove il digitale non \u00e8 pi\u00f9 un\u2019alternativa, ma il pilastro portante della sopravvivenza editoriale.<\/p>\n<p data-path-to-node=\"4\"><strong>I dati ufficiali per la provincia di Belluno:<\/strong><\/p>\n<p data-path-to-node=\"4\">Il Gazzettino (Edizione di Belluno)<br \/>\n\u200bVendita in edicola (cartaceo): 1.185 copie medie giornaliere.<br \/>\n\u200bAbbonamenti Digitali (copie replica): 1.420 copie.<br \/>\n\u200bDiffusione Totale (Cartaceo + Digitale): 2.605 copie.<br \/>\nIl dato della vendita fisica \u00e8 sceso sotto la soglia critica delle 1.200 copie. Tuttavia, la testata regge grazie a una buona conversione digitale, che ora rappresenta pi\u00f9 della met\u00e0 della diffusione totale.<\/p>\n<p data-path-to-node=\"4\">Corriere delle Alpi<br \/>\n\u200bVendita in edicola (cartaceo): 1.940 copie medie giornaliere.<br \/>\n\u200bAbbonamenti Digitali (copie replica): 1.150 copie.<br \/>\n\u200bDiffusione Totale (Cartaceo + Digitale): 3.090 copie.<br \/>\nIl quotidiano si conferma quindi il pi\u00f9 venduto fisicamente in provincia, sfiorando le 2.000 copie. Anche qui il calo rispetto all&#8217;anno precedente \u00e8 sensibile (-8%), ma il legame territoriale del giornale &#8220;puramente bellunese&#8221; rallenta l&#8217;erosione rispetto alla concorrenza regionale.<\/p>\n<h3 data-path-to-node=\"5\">Il Gazzettino: la svolta storica<\/h3>\n<p data-path-to-node=\"6\">Per Il Gazzettino (Edizione di Belluno), gennaio 2026 verr\u00e0 ricordato come il mese del &#8220;sorpasso&#8221;. Per la prima volta nella storia della testata, gli abbonati digitali hanno superato gli acquirenti in edicola. Con 1.420 copie contro le 1.185 fisiche, il digitale rappresenta ormai pi\u00f9 del 54% della diffusione totale (2.605 copie).<\/p>\n<p data-path-to-node=\"7\">La caduta della vendita cartacea sotto la soglia critica delle 1.200 copie \u00e8 un segnale d&#8217;allarme che riflette non solo il cambio di abitudini, ma anche la desertificazione dei punti vendita sul territorio.<\/p>\n<h3 data-path-to-node=\"8\">Corriere delle Alpi: il primato del cartaceo<\/h3>\n<p data-path-to-node=\"9\">Diverso lo scenario per il Corriere delle Alpi, che si conferma il quotidiano pi\u00f9 venduto nelle edicole della provincia. Con 1.940 copie medie giornaliere, la testata sfiora il muro delle 2.000 unit\u00e0, nonostante un calo dell&#8217;8% su base annua.<\/p>\n<p data-path-to-node=\"10\">Il quotidiano bellunese mostra una maggiore resilienza del supporto cartaceo rispetto alla concorrenza regionale, segno di un legame identitario ancora forte. La sua diffusione totale si attesta a 3.090 copie, sostenuta da un comparto digitale che conta 1.150 abbonati.<\/p>\n<h3 data-path-to-node=\"11\">La crisi delle edicole: l\u2019ombra dei territori montani<\/h3>\n<p data-path-to-node=\"12\">Il dato freddo dei numeri nasconde una realt\u00e0 geografica drammatica. La contrazione delle vendite \u00e8 direttamente proporzionale alla chiusura delle edicole nelle aree periferiche. In ampie zone del Cadore, dell\u2019Agordino e del Feltrino, l\u2019accesso all\u2019informazione locale sta diventando un\u2019esclusiva digitale o postale. Senza un punto vendita fisico, il giornale di carta smette semplicemente di esistere per intere comunit\u00e0.<\/p>\n<h3 data-path-to-node=\"13\">L\u2019effetto moltiplicatore secondo Audipress: ogni copia, sette lettori<\/h3>\n<p data-path-to-node=\"14\">Nonostante la somma delle diffusioni dei due quotidiani arrivi a stento a 5.700 copie al giorno, il peso sociale dell&#8217;informazione, secondo le stime Audipress, i lettori effettivi in provincia sono circa 42.000. Questo significa che ogni copia, sia essa cartacea che digitale sullo smartphone o tablet, viene consultata mediamente da 7 persone. All&#8217;epoca del solo cartaceo l&#8217;effetto moltiplicatore era fermo a 3 lettori ogni copia.<\/p>\n<blockquote data-path-to-node=\"15\">\n<h6 style=\"text-align: left;\"><strong>E Bellunopress?<\/strong><\/h6>\n<h6 style=\"text-align: left;\">I dati per Bellunopress non compaiono nelle rilevazioni ADS (Accertamenti Diffusione Stampa), poich\u00e9 ADS certifica principalmente le vendite di copie cartacee e digitali &#8220;replica&#8221; (gli abbonamenti ai PDF del giornale) dei quotidiani tradizionali. Essendo un quotidiano esclusivamente online e nativo digitale, Bellunopress monitora il proprio successo attraverso le visualizzazioni del sito e gli accessi unici.<\/h6>\n<h6 style=\"text-align: left;\">Tuttavia, proprio in coincidenza con i dati di gennaio 2026, la testata ha diffuso i propri report interni che mostrano una crescita significativa:<\/h6>\n<h6 style=\"text-align: left;\">I numeri di Bellunopress (Gennaio &#8211; Febbraio 2026)<br \/>\nRecord di Traffico: A fine gennaio 2026, il quotidiano ha registrato picchi record, toccando le 31.871 pagine viste nella singola giornata del 29 gennaio.<\/h6>\n<h6 style=\"text-align: left;\">Visite medie: Nel mese di gennaio sono stati registrati picchi medi di oltre 10.000 accessi giornalieri (ad esempio, 10.110 visite registrate il 3 gennaio).<\/h6>\n<h6 style=\"text-align: left;\">Trend in crescita: I dati pi\u00f9 recenti di fine febbraio 2026 indicano un ulteriore balzo, con un nuovo record di 15.588 visite e oltre 33.000 pagine viste in un solo giorno.<\/h6>\n<h6 style=\"text-align: left;\">Presenza Social: La testata si appoggia fortemente alla community &#8220;Belluno, attualit\u00e0 e politica&#8221; su Facebook, che conta oltre 5.000 iscritti, fungendo da principale motore di traffico.<\/h6>\n<h6 style=\"text-align: left;\">Ecco il confronto tra questi dati e quelli dei giornali tradizionali<\/h6>\n<h6 style=\"text-align: left;\">Copertura: mentre Il Gazzettino e il Corriere delle Alpi vendono insieme circa 5.700 copie (diffusione pagante), Bellunopress dichiara oltre 10.000\/15.000 visite giornaliere. Questo conferma che il pubblico bellunese si sta spostando massicciamente verso la fruizione gratuita e immediata sul web.<\/h6>\n<h6 style=\"text-align: left;\">A differenza dei due quotidiani storici, che puntano sulla conversione degli utenti in abbonati digitali paganti (strategia in cui Il Gazzettino sta avendo successo), Bellunopress continua a puntare sul modello gratuito &#8220;free press&#8221;.<\/h6>\n<h6 style=\"text-align: left;\">In conclusione, mentre la carta stampata vive la crisi descritta dai dati ADS, l&#8217;informazione &#8220;pure digital&#8221; di Bellunopress sembra intercettare quella fetta di lettori che ha abbandonato l&#8217;edicola ma non l&#8217;interesse per la cronaca locale.<\/h6>\n<\/blockquote>","protected":false},"excerpt":{"rendered":"<p>I dati ADS di gennaio 2026 confermano la crisi delle edicole in provincia. Il Gazzettino diventa &#8220;digital-first&#8221;, il Corriere delle Alpi resiste nel fisico, ma il legame col territorio salva il lettorato. Belluno, 15\/03\/2026\u00a0\u2013 Il paesaggio mediatico della provincia di Belluno cambia volto. Gli ultimi dati ADS (Accertamenti Diffusione Stampa) relativi a gennaio 2026 cristallizzano [&hellip;]<\/p>\n","protected":false},"author":2,"featured_media":131687,"comment_status":"closed","ping_status":"open","sticky":false,"template":"","format":"standard","meta":{"footnotes":""},"categories":[5,3446,26,8],"tags":[],"class_list":["post-168179","post","type-post","status-publish","format-standard","has-post-thumbnail","category-cronaca","category-featured","category-prima-pagina","category-societa-istituzioni"],"yoast_head":"<!-- This site is optimized with the Yoast SEO plugin v28.4 - https:\/\/yoast.com\/product\/yoast-seo-wordpress\/ -->\n<title>Editoria a Belluno: il sorpasso del digitale fa sbiadire il cartaceo - Bellunopress - Dolomiti<\/title>\n<meta name=\"robots\" content=\"index, follow, max-snippet:-1, max-image-preview:large, max-video-preview:-1\" \/>\n<link rel=\"canonical\" href=\"https:\/\/www.bellunopress.it\/fr\/2026\/03\/15\/editoria-a-belluno-il-sorpasso-del-digitale-fa-sbiadire-il-cartaceo\/\" \/>\n<meta property=\"og:locale\" content=\"fr_FR\" \/>\n<meta property=\"og:type\" content=\"article\" \/>\n<meta property=\"og:title\" content=\"Editoria a Belluno: il sorpasso del digitale fa sbiadire il cartaceo - Bellunopress - Dolomiti\" \/>\n<meta property=\"og:description\" content=\"I dati ADS di gennaio 2026 confermano la crisi delle edicole in provincia. Il Gazzettino diventa &#8220;digital-first&#8221;, il Corriere delle Alpi resiste nel fisico, ma il legame col territorio salva il lettorato. Belluno, 15\/03\/2026\u00a0\u2013 Il paesaggio mediatico della provincia di Belluno cambia volto. Gli ultimi dati ADS (Accertamenti Diffusione Stampa) relativi a gennaio 2026 cristallizzano [&hellip;]\" \/>\n<meta property=\"og:url\" content=\"https:\/\/www.bellunopress.it\/fr\/2026\/03\/15\/editoria-a-belluno-il-sorpasso-del-digitale-fa-sbiadire-il-cartaceo\/\" \/>\n<meta property=\"og:site_name\" content=\"Bellunopress - Dolomiti\" \/>\n<meta property=\"article:publisher\" content=\"https:\/\/www.facebook.com\/profile.php?id=100008943462799\" \/>\n<meta property=\"article:published_time\" content=\"2026-03-15T09:35:17+00:00\" \/>\n<meta property=\"article:modified_time\" content=\"2026-03-15T12:03:57+00:00\" \/>\n<meta property=\"og:image\" content=\"https:\/\/www.bellunopress.it\/wp-content\/uploads\/2022\/02\/giornali.jpeg\" \/>\n\t<meta property=\"og:image:width\" content=\"640\" \/>\n\t<meta property=\"og:image:height\" content=\"480\" \/>\n\t<meta property=\"og:image:type\" content=\"image\/jpeg\" \/>\n<meta name=\"author\" content=\"redazione\" \/>\n<meta name=\"twitter:card\" content=\"summary_large_image\" \/>\n<meta name=\"twitter:creator\" content=\"@bellunopress\" \/>\n<meta name=\"twitter:site\" content=\"@bellunopress\" \/>\n<meta name=\"twitter:label1\" content=\"\u00c9crit par\" \/>\n\t<meta name=\"twitter:data1\" content=\"redazione\" \/>\n\t<meta name=\"twitter:label2\" content=\"Dur\u00e9e de lecture estim\u00e9e\" \/>\n\t<meta name=\"twitter:data2\" content=\"4 minutes\" \/>\n<script type=\"application\/ld+json\" class=\"yoast-schema-graph\">{\"@context\":\"https:\\\/\\\/schema.org\",\"@graph\":[{\"@type\":\"Article\",\"@id\":\"https:\\\/\\\/www.bellunopress.it\\\/2026\\\/03\\\/15\\\/editoria-a-belluno-il-sorpasso-del-digitale-fa-sbiadire-il-cartaceo\\\/#article\",\"isPartOf\":{\"@id\":\"https:\\\/\\\/www.bellunopress.it\\\/2026\\\/03\\\/15\\\/editoria-a-belluno-il-sorpasso-del-digitale-fa-sbiadire-il-cartaceo\\\/\"},\"author\":{\"name\":\"redazione\",\"@id\":\"https:\\\/\\\/www.bellunopress.it\\\/#\\\/schema\\\/person\\\/79bb06722b37ece1c03d3e94beb30d73\"},\"headline\":\"Editoria a Belluno: il sorpasso del digitale fa sbiadire il cartaceo\",\"datePublished\":\"2026-03-15T09:35:17+00:00\",\"dateModified\":\"2026-03-15T12:03:57+00:00\",\"mainEntityOfPage\":{\"@id\":\"https:\\\/\\\/www.bellunopress.it\\\/2026\\\/03\\\/15\\\/editoria-a-belluno-il-sorpasso-del-digitale-fa-sbiadire-il-cartaceo\\\/\"},\"wordCount\":820,\"publisher\":{\"@id\":\"https:\\\/\\\/www.bellunopress.it\\\/#organization\"},\"image\":{\"@id\":\"https:\\\/\\\/www.bellunopress.it\\\/2026\\\/03\\\/15\\\/editoria-a-belluno-il-sorpasso-del-digitale-fa-sbiadire-il-cartaceo\\\/#primaryimage\"},\"thumbnailUrl\":\"https:\\\/\\\/www.bellunopress.it\\\/wp-content\\\/uploads\\\/2022\\\/02\\\/giornali.jpeg\",\"articleSection\":[\"Cronaca\\\/Politica\",\"Featured\",\"Prima Pagina\",\"Societ\u00e0, Associazioni, Istituzioni\"],\"inLanguage\":\"fr-FR\"},{\"@type\":\"WebPage\",\"@id\":\"https:\\\/\\\/www.bellunopress.it\\\/2026\\\/03\\\/15\\\/editoria-a-belluno-il-sorpasso-del-digitale-fa-sbiadire-il-cartaceo\\\/\",\"url\":\"https:\\\/\\\/www.bellunopress.it\\\/2026\\\/03\\\/15\\\/editoria-a-belluno-il-sorpasso-del-digitale-fa-sbiadire-il-cartaceo\\\/\",\"name\":\"Editoria a Belluno: il sorpasso del digitale fa sbiadire il cartaceo - Bellunopress - Dolomiti\",\"isPartOf\":{\"@id\":\"https:\\\/\\\/www.bellunopress.it\\\/#website\"},\"primaryImageOfPage\":{\"@id\":\"https:\\\/\\\/www.bellunopress.it\\\/2026\\\/03\\\/15\\\/editoria-a-belluno-il-sorpasso-del-digitale-fa-sbiadire-il-cartaceo\\\/#primaryimage\"},\"image\":{\"@id\":\"https:\\\/\\\/www.bellunopress.it\\\/2026\\\/03\\\/15\\\/editoria-a-belluno-il-sorpasso-del-digitale-fa-sbiadire-il-cartaceo\\\/#primaryimage\"},\"thumbnailUrl\":\"https:\\\/\\\/www.bellunopress.it\\\/wp-content\\\/uploads\\\/2022\\\/02\\\/giornali.jpeg\",\"datePublished\":\"2026-03-15T09:35:17+00:00\",\"dateModified\":\"2026-03-15T12:03:57+00:00\",\"breadcrumb\":{\"@id\":\"https:\\\/\\\/www.bellunopress.it\\\/2026\\\/03\\\/15\\\/editoria-a-belluno-il-sorpasso-del-digitale-fa-sbiadire-il-cartaceo\\\/#breadcrumb\"},\"inLanguage\":\"fr-FR\",\"potentialAction\":[{\"@type\":\"ReadAction\",\"target\":[\"https:\\\/\\\/www.bellunopress.it\\\/2026\\\/03\\\/15\\\/editoria-a-belluno-il-sorpasso-del-digitale-fa-sbiadire-il-cartaceo\\\/\"]}]},{\"@type\":\"ImageObject\",\"inLanguage\":\"fr-FR\",\"@id\":\"https:\\\/\\\/www.bellunopress.it\\\/2026\\\/03\\\/15\\\/editoria-a-belluno-il-sorpasso-del-digitale-fa-sbiadire-il-cartaceo\\\/#primaryimage\",\"url\":\"https:\\\/\\\/www.bellunopress.it\\\/wp-content\\\/uploads\\\/2022\\\/02\\\/giornali.jpeg\",\"contentUrl\":\"https:\\\/\\\/www.bellunopress.it\\\/wp-content\\\/uploads\\\/2022\\\/02\\\/giornali.jpeg\",\"width\":640,\"height\":480},{\"@type\":\"BreadcrumbList\",\"@id\":\"https:\\\/\\\/www.bellunopress.it\\\/2026\\\/03\\\/15\\\/editoria-a-belluno-il-sorpasso-del-digitale-fa-sbiadire-il-cartaceo\\\/#breadcrumb\",\"itemListElement\":[{\"@type\":\"ListItem\",\"position\":1,\"name\":\"Home\",\"item\":\"https:\\\/\\\/www.bellunopress.it\\\/\"},{\"@type\":\"ListItem\",\"position\":2,\"name\":\"Editoria a Belluno: il sorpasso del digitale fa sbiadire il cartaceo\"}]},{\"@type\":\"WebSite\",\"@id\":\"https:\\\/\\\/www.bellunopress.it\\\/#website\",\"url\":\"https:\\\/\\\/www.bellunopress.it\\\/\",\"name\":\"Bellunopress - Dolomiti\",\"description\":\"e-mail: redazione@bellunopress.it\",\"publisher\":{\"@id\":\"https:\\\/\\\/www.bellunopress.it\\\/#organization\"},\"potentialAction\":[{\"@type\":\"SearchAction\",\"target\":{\"@type\":\"EntryPoint\",\"urlTemplate\":\"https:\\\/\\\/www.bellunopress.it\\\/?s={search_term_string}\"},\"query-input\":{\"@type\":\"PropertyValueSpecification\",\"valueRequired\":true,\"valueName\":\"search_term_string\"}}],\"inLanguage\":\"fr-FR\"},{\"@type\":\"Organization\",\"@id\":\"https:\\\/\\\/www.bellunopress.it\\\/#organization\",\"name\":\"Bellunopress\",\"url\":\"https:\\\/\\\/www.bellunopress.it\\\/\",\"logo\":{\"@type\":\"ImageObject\",\"inLanguage\":\"fr-FR\",\"@id\":\"https:\\\/\\\/www.bellunopress.it\\\/#\\\/schema\\\/logo\\\/image\\\/\",\"url\":\"https:\\\/\\\/www.bellunopress.it\\\/wp-content\\\/uploads\\\/2011\\\/05\\\/cropped-logo-bellunopress-.jpg\",\"contentUrl\":\"https:\\\/\\\/www.bellunopress.it\\\/wp-content\\\/uploads\\\/2011\\\/05\\\/cropped-logo-bellunopress-.jpg\",\"width\":512,\"height\":512,\"caption\":\"Bellunopress\"},\"image\":{\"@id\":\"https:\\\/\\\/www.bellunopress.it\\\/#\\\/schema\\\/logo\\\/image\\\/\"},\"sameAs\":[\"https:\\\/\\\/www.facebook.com\\\/profile.php?id=100008943462799\",\"https:\\\/\\\/x.com\\\/bellunopress\",\"https:\\\/\\\/www.linkedin.com\\\/hp\\\/?dnr=JBzUWaJfMUw8vbXJJ2tVW5-I3jZKvC4wsoxE&amp;amp;amp;amp;amp;amp;trk=nav_responsive_tab_home\",\"https:\\\/\\\/www.youtube.com\\\/channel\\\/UCxL0wu1uN0_3_7hGG0306cw\"]},{\"@type\":\"Person\",\"@id\":\"https:\\\/\\\/www.bellunopress.it\\\/#\\\/schema\\\/person\\\/79bb06722b37ece1c03d3e94beb30d73\",\"name\":\"redazione\",\"image\":{\"@type\":\"ImageObject\",\"inLanguage\":\"fr-FR\",\"@id\":\"https:\\\/\\\/secure.gravatar.com\\\/avatar\\\/37d968a2e67a6fd04c169c4bdef102d0bc5d31b2546345219e348575eb80e9a0?s=96&d=mm&r=g\",\"url\":\"https:\\\/\\\/secure.gravatar.com\\\/avatar\\\/37d968a2e67a6fd04c169c4bdef102d0bc5d31b2546345219e348575eb80e9a0?s=96&d=mm&r=g\",\"contentUrl\":\"https:\\\/\\\/secure.gravatar.com\\\/avatar\\\/37d968a2e67a6fd04c169c4bdef102d0bc5d31b2546345219e348575eb80e9a0?s=96&d=mm&r=g\",\"caption\":\"redazione\"},\"sameAs\":[\"http:\\\/\\\/www.bellunopress.it\",\"https:\\\/\\\/x.com\\\/bellunopress\"],\"url\":\"https:\\\/\\\/www.bellunopress.it\\\/fr\\\/author\\\/redazione\\\/\"}]}<\/script>\n<!-- \/ Yoast SEO plugin. -->","yoast_head_json":{"title":"Editoria a Belluno: il sorpasso del digitale fa sbiadire il cartaceo - Bellunopress - Dolomiti","robots":{"index":"index","follow":"follow","max-snippet":"max-snippet:-1","max-image-preview":"max-image-preview:large","max-video-preview":"max-video-preview:-1"},"canonical":"https:\/\/www.bellunopress.it\/fr\/2026\/03\/15\/editoria-a-belluno-il-sorpasso-del-digitale-fa-sbiadire-il-cartaceo\/","og_locale":"fr_FR","og_type":"article","og_title":"Editoria a Belluno: il sorpasso del digitale fa sbiadire il cartaceo - Bellunopress - Dolomiti","og_description":"I dati ADS di gennaio 2026 confermano la crisi delle edicole in provincia. Il Gazzettino diventa &#8220;digital-first&#8221;, il Corriere delle Alpi resiste nel fisico, ma il legame col territorio salva il lettorato. Belluno, 15\/03\/2026\u00a0\u2013 Il paesaggio mediatico della provincia di Belluno cambia volto. Gli ultimi dati ADS (Accertamenti Diffusione Stampa) relativi a gennaio 2026 cristallizzano [&hellip;]","og_url":"https:\/\/www.bellunopress.it\/fr\/2026\/03\/15\/editoria-a-belluno-il-sorpasso-del-digitale-fa-sbiadire-il-cartaceo\/","og_site_name":"Bellunopress - Dolomiti","article_publisher":"https:\/\/www.facebook.com\/profile.php?id=100008943462799","article_published_time":"2026-03-15T09:35:17+00:00","article_modified_time":"2026-03-15T12:03:57+00:00","og_image":[{"width":640,"height":480,"url":"https:\/\/www.bellunopress.it\/wp-content\/uploads\/2022\/02\/giornali.jpeg","type":"image\/jpeg"}],"author":"redazione","twitter_card":"summary_large_image","twitter_creator":"@bellunopress","twitter_site":"@bellunopress","twitter_misc":{"\u00c9crit par":"redazione","Dur\u00e9e de lecture estim\u00e9e":"4 minutes"},"schema":{"@context":"https:\/\/schema.org","@graph":[{"@type":"Article","@id":"https:\/\/www.bellunopress.it\/2026\/03\/15\/editoria-a-belluno-il-sorpasso-del-digitale-fa-sbiadire-il-cartaceo\/#article","isPartOf":{"@id":"https:\/\/www.bellunopress.it\/2026\/03\/15\/editoria-a-belluno-il-sorpasso-del-digitale-fa-sbiadire-il-cartaceo\/"},"author":{"name":"redazione","@id":"https:\/\/www.bellunopress.it\/#\/schema\/person\/79bb06722b37ece1c03d3e94beb30d73"},"headline":"Editoria a Belluno: il sorpasso del digitale fa sbiadire il cartaceo","datePublished":"2026-03-15T09:35:17+00:00","dateModified":"2026-03-15T12:03:57+00:00","mainEntityOfPage":{"@id":"https:\/\/www.bellunopress.it\/2026\/03\/15\/editoria-a-belluno-il-sorpasso-del-digitale-fa-sbiadire-il-cartaceo\/"},"wordCount":820,"publisher":{"@id":"https:\/\/www.bellunopress.it\/#organization"},"image":{"@id":"https:\/\/www.bellunopress.it\/2026\/03\/15\/editoria-a-belluno-il-sorpasso-del-digitale-fa-sbiadire-il-cartaceo\/#primaryimage"},"thumbnailUrl":"https:\/\/www.bellunopress.it\/wp-content\/uploads\/2022\/02\/giornali.jpeg","articleSection":["Cronaca\/Politica","Featured","Prima Pagina","Societ\u00e0, Associazioni, Istituzioni"],"inLanguage":"fr-FR"},{"@type":"WebPage","@id":"https:\/\/www.bellunopress.it\/2026\/03\/15\/editoria-a-belluno-il-sorpasso-del-digitale-fa-sbiadire-il-cartaceo\/","url":"https:\/\/www.bellunopress.it\/2026\/03\/15\/editoria-a-belluno-il-sorpasso-del-digitale-fa-sbiadire-il-cartaceo\/","name":"Editoria a Belluno: il sorpasso del digitale fa sbiadire il cartaceo - Bellunopress - Dolomiti","isPartOf":{"@id":"https:\/\/www.bellunopress.it\/#website"},"primaryImageOfPage":{"@id":"https:\/\/www.bellunopress.it\/2026\/03\/15\/editoria-a-belluno-il-sorpasso-del-digitale-fa-sbiadire-il-cartaceo\/#primaryimage"},"image":{"@id":"https:\/\/www.bellunopress.it\/2026\/03\/15\/editoria-a-belluno-il-sorpasso-del-digitale-fa-sbiadire-il-cartaceo\/#primaryimage"},"thumbnailUrl":"https:\/\/www.bellunopress.it\/wp-content\/uploads\/2022\/02\/giornali.jpeg","datePublished":"2026-03-15T09:35:17+00:00","dateModified":"2026-03-15T12:03:57+00:00","breadcrumb":{"@id":"https:\/\/www.bellunopress.it\/2026\/03\/15\/editoria-a-belluno-il-sorpasso-del-digitale-fa-sbiadire-il-cartaceo\/#breadcrumb"},"inLanguage":"fr-FR","potentialAction":[{"@type":"ReadAction","target":["https:\/\/www.bellunopress.it\/2026\/03\/15\/editoria-a-belluno-il-sorpasso-del-digitale-fa-sbiadire-il-cartaceo\/"]}]},{"@type":"ImageObject","inLanguage":"fr-FR","@id":"https:\/\/www.bellunopress.it\/2026\/03\/15\/editoria-a-belluno-il-sorpasso-del-digitale-fa-sbiadire-il-cartaceo\/#primaryimage","url":"https:\/\/www.bellunopress.it\/wp-content\/uploads\/2022\/02\/giornali.jpeg","contentUrl":"https:\/\/www.bellunopress.it\/wp-content\/uploads\/2022\/02\/giornali.jpeg","width":640,"height":480},{"@type":"BreadcrumbList","@id":"https:\/\/www.bellunopress.it\/2026\/03\/15\/editoria-a-belluno-il-sorpasso-del-digitale-fa-sbiadire-il-cartaceo\/#breadcrumb","itemListElement":[{"@type":"ListItem","position":1,"name":"Home","item":"https:\/\/www.bellunopress.it\/"},{"@type":"ListItem","position":2,"name":"Editoria a Belluno: il sorpasso del digitale fa sbiadire il cartaceo"}]},{"@type":"WebSite","@id":"https:\/\/www.bellunopress.it\/#website","url":"https:\/\/www.bellunopress.it\/","name":"Bellunopress - Dolomiti","description":"e-mail: redazione@bellunopress.it","publisher":{"@id":"https:\/\/www.bellunopress.it\/#organization"},"potentialAction":[{"@type":"SearchAction","target":{"@type":"EntryPoint","urlTemplate":"https:\/\/www.bellunopress.it\/?s={search_term_string}"},"query-input":{"@type":"PropertyValueSpecification","valueRequired":true,"valueName":"search_term_string"}}],"inLanguage":"fr-FR"},{"@type":"Organization","@id":"https:\/\/www.bellunopress.it\/#organization","name":"Bellunopress","url":"https:\/\/www.bellunopress.it\/","logo":{"@type":"ImageObject","inLanguage":"fr-FR","@id":"https:\/\/www.bellunopress.it\/#\/schema\/logo\/image\/","url":"https:\/\/www.bellunopress.it\/wp-content\/uploads\/2011\/05\/cropped-logo-bellunopress-.jpg","contentUrl":"https:\/\/www.bellunopress.it\/wp-content\/uploads\/2011\/05\/cropped-logo-bellunopress-.jpg","width":512,"height":512,"caption":"Bellunopress"},"image":{"@id":"https:\/\/www.bellunopress.it\/#\/schema\/logo\/image\/"},"sameAs":["https:\/\/www.facebook.com\/profile.php?id=100008943462799","https:\/\/x.com\/bellunopress","https:\/\/www.linkedin.com\/hp\/?dnr=JBzUWaJfMUw8vbXJJ2tVW5-I3jZKvC4wsoxE&amp;amp;amp;amp;amp;amp;trk=nav_responsive_tab_home","https:\/\/www.youtube.com\/channel\/UCxL0wu1uN0_3_7hGG0306cw"]},{"@type":"Person","@id":"https:\/\/www.bellunopress.it\/#\/schema\/person\/79bb06722b37ece1c03d3e94beb30d73","name":"r\u00e9daction","image":{"@type":"ImageObject","inLanguage":"fr-FR","@id":"https:\/\/secure.gravatar.com\/avatar\/37d968a2e67a6fd04c169c4bdef102d0bc5d31b2546345219e348575eb80e9a0?s=96&d=mm&r=g","url":"https:\/\/secure.gravatar.com\/avatar\/37d968a2e67a6fd04c169c4bdef102d0bc5d31b2546345219e348575eb80e9a0?s=96&d=mm&r=g","contentUrl":"https:\/\/secure.gravatar.com\/avatar\/37d968a2e67a6fd04c169c4bdef102d0bc5d31b2546345219e348575eb80e9a0?s=96&d=mm&r=g","caption":"redazione"},"sameAs":["http:\/\/www.bellunopress.it","https:\/\/x.com\/bellunopress"],"url":"https:\/\/www.bellunopress.it\/fr\/author\/redazione\/"}]}},"_links":{"self":[{"href":"https:\/\/www.bellunopress.it\/fr\/wp-json\/wp\/v2\/posts\/168179","targetHints":{"allow":["GET"]}}],"collection":[{"href":"https:\/\/www.bellunopress.it\/fr\/wp-json\/wp\/v2\/posts"}],"about":[{"href":"https:\/\/www.bellunopress.it\/fr\/wp-json\/wp\/v2\/types\/post"}],"author":[{"embeddable":true,"href":"https:\/\/www.bellunopress.it\/fr\/wp-json\/wp\/v2\/users\/2"}],"replies":[{"embeddable":true,"href":"https:\/\/www.bellunopress.it\/fr\/wp-json\/wp\/v2\/comments?post=168179"}],"version-history":[{"count":3,"href":"https:\/\/www.bellunopress.it\/fr\/wp-json\/wp\/v2\/posts\/168179\/revisions"}],"predecessor-version":[{"id":168182,"href":"https:\/\/www.bellunopress.it\/fr\/wp-json\/wp\/v2\/posts\/168179\/revisions\/168182"}],"wp:featuredmedia":[{"embeddable":true,"href":"https:\/\/www.bellunopress.it\/fr\/wp-json\/wp\/v2\/media\/131687"}],"wp:attachment":[{"href":"https:\/\/www.bellunopress.it\/fr\/wp-json\/wp\/v2\/media?parent=168179"}],"wp:term":[{"taxonomy":"category","embeddable":true,"href":"https:\/\/www.bellunopress.it\/fr\/wp-json\/wp\/v2\/categories?post=168179"},{"taxonomy":"post_tag","embeddable":true,"href":"https:\/\/www.bellunopress.it\/fr\/wp-json\/wp\/v2\/tags?post=168179"}],"curies":[{"name":"wp","href":"https:\/\/api.w.org\/{rel}","templated":true}]}}