{"id":168172,"date":"2026-03-16T17:00:35","date_gmt":"2026-03-16T16:00:35","guid":{"rendered":"https:\/\/www.bellunopress.it\/?p=168172"},"modified":"2026-03-14T17:40:41","modified_gmt":"2026-03-14T16:40:41","slug":"domenica-a-belluno-torna-lantica-fiera-della-madonna-addolorata-sagra-dei-fisciot","status":"publish","type":"post","link":"https:\/\/www.bellunopress.it\/fr\/2026\/03\/16\/domenica-a-belluno-torna-lantica-fiera-della-madonna-addolorata-sagra-dei-fisciot\/","title":{"rendered":"Domenica a Belluno torna l&#8217;Antica fiera della Madonna addolorata, &#8220;Sagra dei fisci\u00f2t&#8221;"},"content":{"rendered":"<p>Domenica 22 marzo Belluno accoglie l&#8217;Antica Festa della Madonna Addolorata, celebrazione sacra e momento di svago e di incontro per tutti, che cade sempre due domeniche prima di Pasqua.<\/p>\n<p>La festa ha origini antiche: dal 1716 la statua della Madonna dei Sette dolori, voluta dalla cittadinanza bellunese per festeggiare la fine di una pestilenza e realizzata all&#8217;inizio del Settecento da Giovanni Battista Alchini, un allievo di Andrea Brustolon, viene portata in processione attraverso il centro storico. La Festa viene anche chiamata \u201cSagra dei Fisci\u00f2t\u201d \u2013 fischietti di richiamo \u2013 perch\u00e9 una volta questi fischietti erano tra gli articoli pi\u00f9 venduti dagli artigiani locali che li fabbricavano a mano in molte fogge.<\/p>\n<p>\u201cQuesta festa \u2013 sottolinea il sindaco Oscar De Pellegrin \u2013 tiene insieme, in modo molto naturale, la dimensione religiosa, quella storica e quella pi\u00f9 popolare della comunit\u00e0. La processione della Madonna dei Sette Dolori \u00e8 una tradizione che attraversa i secoli e che continua a essere molto sentita dai bellunesi, mentre la fiera e i momenti di incontro nelle piazze restituiscono al centro storico il clima di una grande festa condivisa. \u00c8 anche un\u2019occasione per vivere la Citt\u00e0, incontrarsi e mantenere viva una tradizione che fa parte della nostra identit\u00e0. Per favorire l\u2019arrivo in centro, grazie ad un accordo con Dolomitibus, ci saranno gli autobus\u201d.<\/p>\n<p><strong>IL PROGRAMMA<\/strong><br \/>\nIl corteo religioso partir\u00e0 anche quest\u2019anno dalla chiesta di Santo Stefano, che custodisce la statua, alle ore 16.00.<br \/>\nAl momento sacro si affiancher\u00e0, come da tradizione, quello ludico: distribuiti su tutta l&#8217;area del centro, da via Loreto a via Roma, passando per piazza dei Martiri, piazza Castello, piazza Duomo, piazza delle Erbe e piazza Piloni, saranno presenti operatori con banchi di dolciumi, giocattoli, articoli in vetro, ceramica, legno e tessuto, bigiotteria, soprammobili, quadri, dischi e musicassette, manufatti in vimini, rame, occhiali, essenze ed erbe aromatiche, miele, pelletteria, ombrelli, foulard, palloncini, cibi e bevande.<br \/>\nIn piazza Mercato e via Duomo saranno presenti gli hobbisti, mentre in piazza Duomo gli operatori del mercatino dell\u2019antiquariato \u201cCose di vecchie case\u201d.<br \/>\nAlle 10.45, davanti all\u2019Auditorium, la banda cittadina \u201cFilarmonica di Belluno 1867\u201d offrir\u00e0 il tradizionale concerto.<\/p>\n<p>\u201cL\u2019Antica Festa della Madonna Addolorata \u2013 afferma l\u2019assessore al turismo Paolo Luciani \u2013 rappresenta da sempre uno degli appuntamenti pi\u00f9 attesi del calendario cittadino. Dopo la Fiera di San Martino, dedicata al patrono della Citt\u00e0, \u00e8 senza dubbio il momento fieristico pi\u00f9 importante per Belluno: un evento capace di richiamare visitatori anche da fuori provincia e, allo stesso tempo, un appuntamento a cui i bellunesi sono molto legati e che vivono come una tradizione irrinunciabile.<br \/>\nSi conferma la distribuzione degli stalli inaugurata lo scorso anno, una dislocazione pi\u00f9 omogenea delle diverse tipologie di espositori, cos\u00ec da creare un percorso pi\u00f9 chiaro e piacevole per il pubblico. L\u2019idea \u00e8 quella di permettere alle persone di muoversi con maggiore facilit\u00e0 lungo le vie del centro, passeggiando tra le bancarelle e vivendo la Citt\u00e0 come una grande vetrina all\u2019aperto, dove trovare proposte diverse tra commercio, curiosit\u00e0 e momenti di intrattenimento. La Fiera \u00e8 un appuntamento tradizionale per i bellunesi, segna l\u2019inizio della bella stagione e il ritorno alla vita all\u2019aperto, per mantenerla sempre attrattiva negli anni abbiamo fatto piccoli aggiustamenti che hanno avuto un buon risultato\u201d.<\/p>\n<p><strong>IL TRASPORTO<\/strong><br \/>\nGrazie all\u2019accordo tra il Comune di Belluno e Dolomitibus, in occasione della Fiera, che tradizionalmente richiama ogni anno migliaia di persone nel centro storico di Belluno, sar\u00e0 attivo il servizio di trasporto pubblico urbano. L\u2019obiettivo \u00e8 quello di agevolare gli spostamenti da e verso il centro, offrendo a cittadini e visitatori la possibilit\u00e0 di raggiungere agevolmente la Fiera con i mezzi pubblici, al costo del biglietto urbano, contribuendo in questo modo a una mobilit\u00e0 pi\u00f9 sostenibile.<\/p>\n<p>Il programma prevede l\u2019attivazione di un servizio festivo straordinario sulle linee Blu, Lilla e Gialla, con frequenza oraria. La linea Lilla verr\u00e0 prolungata a Tisoi e anticipata alle ore 9.00. La prima corsa della Linea Blu sar\u00e0 anticipata alle 9 e l&#8217;ultima corsa sar\u00e0 posticipata alle 19.45.<br \/>\nPer i dettagli, \u00e8 possibile consultare il sito Internet di Dolomitibus o quello del Comune all\u2019indirizzo www.comune.belluno.it.<\/p>\n<p>Il 22 marzo cadr\u00e0 anche la domenica ecologica, con il divieto di circolazione per tutti i veicoli a motore all\u2019interno del centro storico, cui si accede da via Loreto e via Garibaldi e che comprende anche piazza dei Martiri, via Roma, via Simon da Cusighe, fino all\u2019incrocio con via Gabelli e via Rivizzola, nonch\u00e9 tutta l\u2019area che comprende la citt\u00e0 vecchia, esclusi l\u2019abitato di Borgo Piave e via Lungardo.<br \/>\nPer questo il Comune invita ad avere un\u2019attenzione particolare nella pianificazione di come raggiungere il centro e i luoghi della festa.<\/p>\n<p>&nbsp;<\/p>\n<p>&nbsp;<\/p>","protected":false},"excerpt":{"rendered":"<p>Domenica 22 marzo Belluno accoglie l&#8217;Antica Festa della Madonna Addolorata, celebrazione sacra e momento di svago e di incontro per tutti, che cade sempre due domeniche prima di Pasqua. La festa ha origini antiche: dal 1716 la statua della Madonna dei Sette dolori, voluta dalla cittadinanza bellunese per festeggiare la fine di una pestilenza e [&hellip;]<\/p>\n","protected":false},"author":2,"featured_media":159283,"comment_status":"closed","ping_status":"open","sticky":false,"template":"","format":"standard","meta":{"footnotes":""},"categories":[5,26,8],"tags":[],"class_list":["post-168172","post","type-post","status-publish","format-standard","has-post-thumbnail","category-cronaca","category-prima-pagina","category-societa-istituzioni"],"yoast_head":"<!-- This site is optimized with the Yoast SEO plugin v28.4 - https:\/\/yoast.com\/product\/yoast-seo-wordpress\/ -->\n<title>Domenica a Belluno torna l&#039;Antica fiera della Madonna addolorata, &quot;Sagra dei fisci\u00f2t&quot; - Bellunopress - Dolomiti<\/title>\n<meta name=\"robots\" content=\"index, follow, max-snippet:-1, max-image-preview:large, max-video-preview:-1\" \/>\n<link rel=\"canonical\" href=\"https:\/\/www.bellunopress.it\/fr\/2026\/03\/16\/domenica-a-belluno-torna-lantica-fiera-della-madonna-addolorata-sagra-dei-fisciot\/\" \/>\n<meta property=\"og:locale\" content=\"fr_FR\" \/>\n<meta property=\"og:type\" content=\"article\" \/>\n<meta property=\"og:title\" content=\"Domenica a Belluno torna l&#039;Antica fiera della Madonna addolorata, &quot;Sagra dei fisci\u00f2t&quot; - Bellunopress - Dolomiti\" \/>\n<meta property=\"og:description\" content=\"Domenica 22 marzo Belluno accoglie l&#8217;Antica Festa della Madonna Addolorata, celebrazione sacra e momento di svago e di incontro per tutti, che cade sempre due domeniche prima di Pasqua. La festa ha origini antiche: dal 1716 la statua della Madonna dei Sette dolori, voluta dalla cittadinanza bellunese per festeggiare la fine di una pestilenza e [&hellip;]\" \/>\n<meta property=\"og:url\" content=\"https:\/\/www.bellunopress.it\/fr\/2026\/03\/16\/domenica-a-belluno-torna-lantica-fiera-della-madonna-addolorata-sagra-dei-fisciot\/\" \/>\n<meta property=\"og:site_name\" content=\"Bellunopress - Dolomiti\" \/>\n<meta property=\"article:publisher\" content=\"https:\/\/www.facebook.com\/profile.php?id=100008943462799\" \/>\n<meta property=\"article:published_time\" content=\"2026-03-16T16:00:35+00:00\" \/>\n<meta property=\"og:image\" content=\"https:\/\/www.bellunopress.it\/wp-content\/uploads\/2025\/04\/sagra-fisciot-2_edited.jpg\" \/>\n\t<meta property=\"og:image:width\" content=\"1000\" \/>\n\t<meta property=\"og:image:height\" content=\"750\" \/>\n\t<meta property=\"og:image:type\" content=\"image\/jpeg\" \/>\n<meta name=\"author\" content=\"redazione\" \/>\n<meta name=\"twitter:card\" content=\"summary_large_image\" \/>\n<meta name=\"twitter:creator\" content=\"@bellunopress\" \/>\n<meta name=\"twitter:site\" content=\"@bellunopress\" \/>\n<meta name=\"twitter:label1\" content=\"Written by\" \/>\n\t<meta name=\"twitter:data1\" content=\"redazione\" \/>\n\t<meta name=\"twitter:label2\" content=\"Est. reading time\" \/>\n\t<meta name=\"twitter:data2\" content=\"4 minutes\" \/>\n<script type=\"application\/ld+json\" class=\"yoast-schema-graph\">{\"@context\":\"https:\\\/\\\/schema.org\",\"@graph\":[{\"@type\":\"Article\",\"@id\":\"https:\\\/\\\/www.bellunopress.it\\\/2026\\\/03\\\/16\\\/domenica-a-belluno-torna-lantica-fiera-della-madonna-addolorata-sagra-dei-fisciot\\\/#article\",\"isPartOf\":{\"@id\":\"https:\\\/\\\/www.bellunopress.it\\\/2026\\\/03\\\/16\\\/domenica-a-belluno-torna-lantica-fiera-della-madonna-addolorata-sagra-dei-fisciot\\\/\"},\"author\":{\"name\":\"redazione\",\"@id\":\"https:\\\/\\\/www.bellunopress.it\\\/#\\\/schema\\\/person\\\/79bb06722b37ece1c03d3e94beb30d73\"},\"headline\":\"Domenica a Belluno torna l&#8217;Antica fiera della Madonna addolorata, &#8220;Sagra dei fisci\u00f2t&#8221;\",\"datePublished\":\"2026-03-16T16:00:35+00:00\",\"mainEntityOfPage\":{\"@id\":\"https:\\\/\\\/www.bellunopress.it\\\/2026\\\/03\\\/16\\\/domenica-a-belluno-torna-lantica-fiera-della-madonna-addolorata-sagra-dei-fisciot\\\/\"},\"wordCount\":786,\"publisher\":{\"@id\":\"https:\\\/\\\/www.bellunopress.it\\\/#organization\"},\"image\":{\"@id\":\"https:\\\/\\\/www.bellunopress.it\\\/2026\\\/03\\\/16\\\/domenica-a-belluno-torna-lantica-fiera-della-madonna-addolorata-sagra-dei-fisciot\\\/#primaryimage\"},\"thumbnailUrl\":\"https:\\\/\\\/www.bellunopress.it\\\/wp-content\\\/uploads\\\/2025\\\/04\\\/sagra-fisciot-2_edited.jpg\",\"articleSection\":[\"Cronaca\\\/Politica\",\"Prima Pagina\",\"Societ\u00e0, Associazioni, Istituzioni\"],\"inLanguage\":\"fr-FR\"},{\"@type\":\"WebPage\",\"@id\":\"https:\\\/\\\/www.bellunopress.it\\\/2026\\\/03\\\/16\\\/domenica-a-belluno-torna-lantica-fiera-della-madonna-addolorata-sagra-dei-fisciot\\\/\",\"url\":\"https:\\\/\\\/www.bellunopress.it\\\/2026\\\/03\\\/16\\\/domenica-a-belluno-torna-lantica-fiera-della-madonna-addolorata-sagra-dei-fisciot\\\/\",\"name\":\"Domenica a Belluno torna l'Antica fiera della Madonna addolorata, \\\"Sagra dei fisci\u00f2t\\\" - Bellunopress - Dolomiti\",\"isPartOf\":{\"@id\":\"https:\\\/\\\/www.bellunopress.it\\\/#website\"},\"primaryImageOfPage\":{\"@id\":\"https:\\\/\\\/www.bellunopress.it\\\/2026\\\/03\\\/16\\\/domenica-a-belluno-torna-lantica-fiera-della-madonna-addolorata-sagra-dei-fisciot\\\/#primaryimage\"},\"image\":{\"@id\":\"https:\\\/\\\/www.bellunopress.it\\\/2026\\\/03\\\/16\\\/domenica-a-belluno-torna-lantica-fiera-della-madonna-addolorata-sagra-dei-fisciot\\\/#primaryimage\"},\"thumbnailUrl\":\"https:\\\/\\\/www.bellunopress.it\\\/wp-content\\\/uploads\\\/2025\\\/04\\\/sagra-fisciot-2_edited.jpg\",\"datePublished\":\"2026-03-16T16:00:35+00:00\",\"breadcrumb\":{\"@id\":\"https:\\\/\\\/www.bellunopress.it\\\/2026\\\/03\\\/16\\\/domenica-a-belluno-torna-lantica-fiera-della-madonna-addolorata-sagra-dei-fisciot\\\/#breadcrumb\"},\"inLanguage\":\"fr-FR\",\"potentialAction\":[{\"@type\":\"ReadAction\",\"target\":[\"https:\\\/\\\/www.bellunopress.it\\\/2026\\\/03\\\/16\\\/domenica-a-belluno-torna-lantica-fiera-della-madonna-addolorata-sagra-dei-fisciot\\\/\"]}]},{\"@type\":\"ImageObject\",\"inLanguage\":\"fr-FR\",\"@id\":\"https:\\\/\\\/www.bellunopress.it\\\/2026\\\/03\\\/16\\\/domenica-a-belluno-torna-lantica-fiera-della-madonna-addolorata-sagra-dei-fisciot\\\/#primaryimage\",\"url\":\"https:\\\/\\\/www.bellunopress.it\\\/wp-content\\\/uploads\\\/2025\\\/04\\\/sagra-fisciot-2_edited.jpg\",\"contentUrl\":\"https:\\\/\\\/www.bellunopress.it\\\/wp-content\\\/uploads\\\/2025\\\/04\\\/sagra-fisciot-2_edited.jpg\",\"width\":1000,\"height\":750,\"caption\":\"Belluno, Sagra dei fisci\u00f2t 2025\"},{\"@type\":\"BreadcrumbList\",\"@id\":\"https:\\\/\\\/www.bellunopress.it\\\/2026\\\/03\\\/16\\\/domenica-a-belluno-torna-lantica-fiera-della-madonna-addolorata-sagra-dei-fisciot\\\/#breadcrumb\",\"itemListElement\":[{\"@type\":\"ListItem\",\"position\":1,\"name\":\"Home\",\"item\":\"https:\\\/\\\/www.bellunopress.it\\\/\"},{\"@type\":\"ListItem\",\"position\":2,\"name\":\"Domenica a Belluno torna l&#8217;Antica fiera della Madonna addolorata, &#8220;Sagra dei fisci\u00f2t&#8221;\"}]},{\"@type\":\"WebSite\",\"@id\":\"https:\\\/\\\/www.bellunopress.it\\\/#website\",\"url\":\"https:\\\/\\\/www.bellunopress.it\\\/\",\"name\":\"Bellunopress - Dolomiti\",\"description\":\"e-mail: redazione@bellunopress.it\",\"publisher\":{\"@id\":\"https:\\\/\\\/www.bellunopress.it\\\/#organization\"},\"potentialAction\":[{\"@type\":\"SearchAction\",\"target\":{\"@type\":\"EntryPoint\",\"urlTemplate\":\"https:\\\/\\\/www.bellunopress.it\\\/?s={search_term_string}\"},\"query-input\":{\"@type\":\"PropertyValueSpecification\",\"valueRequired\":true,\"valueName\":\"search_term_string\"}}],\"inLanguage\":\"fr-FR\"},{\"@type\":\"Organization\",\"@id\":\"https:\\\/\\\/www.bellunopress.it\\\/#organization\",\"name\":\"Bellunopress\",\"url\":\"https:\\\/\\\/www.bellunopress.it\\\/\",\"logo\":{\"@type\":\"ImageObject\",\"inLanguage\":\"fr-FR\",\"@id\":\"https:\\\/\\\/www.bellunopress.it\\\/#\\\/schema\\\/logo\\\/image\\\/\",\"url\":\"https:\\\/\\\/www.bellunopress.it\\\/wp-content\\\/uploads\\\/2011\\\/05\\\/cropped-logo-bellunopress-.jpg\",\"contentUrl\":\"https:\\\/\\\/www.bellunopress.it\\\/wp-content\\\/uploads\\\/2011\\\/05\\\/cropped-logo-bellunopress-.jpg\",\"width\":512,\"height\":512,\"caption\":\"Bellunopress\"},\"image\":{\"@id\":\"https:\\\/\\\/www.bellunopress.it\\\/#\\\/schema\\\/logo\\\/image\\\/\"},\"sameAs\":[\"https:\\\/\\\/www.facebook.com\\\/profile.php?id=100008943462799\",\"https:\\\/\\\/x.com\\\/bellunopress\",\"https:\\\/\\\/www.linkedin.com\\\/hp\\\/?dnr=JBzUWaJfMUw8vbXJJ2tVW5-I3jZKvC4wsoxE&amp;amp;amp;amp;amp;amp;trk=nav_responsive_tab_home\",\"https:\\\/\\\/www.youtube.com\\\/channel\\\/UCxL0wu1uN0_3_7hGG0306cw\"]},{\"@type\":\"Person\",\"@id\":\"https:\\\/\\\/www.bellunopress.it\\\/#\\\/schema\\\/person\\\/79bb06722b37ece1c03d3e94beb30d73\",\"name\":\"redazione\",\"image\":{\"@type\":\"ImageObject\",\"inLanguage\":\"fr-FR\",\"@id\":\"https:\\\/\\\/secure.gravatar.com\\\/avatar\\\/37d968a2e67a6fd04c169c4bdef102d0bc5d31b2546345219e348575eb80e9a0?s=96&d=mm&r=g\",\"url\":\"https:\\\/\\\/secure.gravatar.com\\\/avatar\\\/37d968a2e67a6fd04c169c4bdef102d0bc5d31b2546345219e348575eb80e9a0?s=96&d=mm&r=g\",\"contentUrl\":\"https:\\\/\\\/secure.gravatar.com\\\/avatar\\\/37d968a2e67a6fd04c169c4bdef102d0bc5d31b2546345219e348575eb80e9a0?s=96&d=mm&r=g\",\"caption\":\"redazione\"},\"sameAs\":[\"http:\\\/\\\/www.bellunopress.it\",\"https:\\\/\\\/x.com\\\/bellunopress\"],\"url\":\"https:\\\/\\\/www.bellunopress.it\\\/fr\\\/author\\\/redazione\\\/\"}]}<\/script>\n<!-- \/ Yoast SEO plugin. -->","yoast_head_json":{"title":"Domenica a Belluno torna l'Antica fiera della Madonna addolorata, \"Sagra dei fisci\u00f2t\" - Bellunopress - Dolomiti","robots":{"index":"index","follow":"follow","max-snippet":"max-snippet:-1","max-image-preview":"max-image-preview:large","max-video-preview":"max-video-preview:-1"},"canonical":"https:\/\/www.bellunopress.it\/fr\/2026\/03\/16\/domenica-a-belluno-torna-lantica-fiera-della-madonna-addolorata-sagra-dei-fisciot\/","og_locale":"fr_FR","og_type":"article","og_title":"Domenica a Belluno torna l'Antica fiera della Madonna addolorata, \"Sagra dei fisci\u00f2t\" - Bellunopress - Dolomiti","og_description":"Domenica 22 marzo Belluno accoglie l&#8217;Antica Festa della Madonna Addolorata, celebrazione sacra e momento di svago e di incontro per tutti, che cade sempre due domeniche prima di Pasqua. La festa ha origini antiche: dal 1716 la statua della Madonna dei Sette dolori, voluta dalla cittadinanza bellunese per festeggiare la fine di una pestilenza e [&hellip;]","og_url":"https:\/\/www.bellunopress.it\/fr\/2026\/03\/16\/domenica-a-belluno-torna-lantica-fiera-della-madonna-addolorata-sagra-dei-fisciot\/","og_site_name":"Bellunopress - Dolomiti","article_publisher":"https:\/\/www.facebook.com\/profile.php?id=100008943462799","article_published_time":"2026-03-16T16:00:35+00:00","og_image":[{"width":1000,"height":750,"url":"https:\/\/www.bellunopress.it\/wp-content\/uploads\/2025\/04\/sagra-fisciot-2_edited.jpg","type":"image\/jpeg"}],"author":"redazione","twitter_card":"summary_large_image","twitter_creator":"@bellunopress","twitter_site":"@bellunopress","twitter_misc":{"Written by":"redazione","Est. reading time":"4 minutes"},"schema":{"@context":"https:\/\/schema.org","@graph":[{"@type":"Article","@id":"https:\/\/www.bellunopress.it\/2026\/03\/16\/domenica-a-belluno-torna-lantica-fiera-della-madonna-addolorata-sagra-dei-fisciot\/#article","isPartOf":{"@id":"https:\/\/www.bellunopress.it\/2026\/03\/16\/domenica-a-belluno-torna-lantica-fiera-della-madonna-addolorata-sagra-dei-fisciot\/"},"author":{"name":"redazione","@id":"https:\/\/www.bellunopress.it\/#\/schema\/person\/79bb06722b37ece1c03d3e94beb30d73"},"headline":"Domenica a Belluno torna l&#8217;Antica fiera della Madonna addolorata, &#8220;Sagra dei fisci\u00f2t&#8221;","datePublished":"2026-03-16T16:00:35+00:00","mainEntityOfPage":{"@id":"https:\/\/www.bellunopress.it\/2026\/03\/16\/domenica-a-belluno-torna-lantica-fiera-della-madonna-addolorata-sagra-dei-fisciot\/"},"wordCount":786,"publisher":{"@id":"https:\/\/www.bellunopress.it\/#organization"},"image":{"@id":"https:\/\/www.bellunopress.it\/2026\/03\/16\/domenica-a-belluno-torna-lantica-fiera-della-madonna-addolorata-sagra-dei-fisciot\/#primaryimage"},"thumbnailUrl":"https:\/\/www.bellunopress.it\/wp-content\/uploads\/2025\/04\/sagra-fisciot-2_edited.jpg","articleSection":["Cronaca\/Politica","Prima Pagina","Societ\u00e0, Associazioni, Istituzioni"],"inLanguage":"fr-FR"},{"@type":"WebPage","@id":"https:\/\/www.bellunopress.it\/2026\/03\/16\/domenica-a-belluno-torna-lantica-fiera-della-madonna-addolorata-sagra-dei-fisciot\/","url":"https:\/\/www.bellunopress.it\/2026\/03\/16\/domenica-a-belluno-torna-lantica-fiera-della-madonna-addolorata-sagra-dei-fisciot\/","name":"Domenica a Belluno torna l'Antica fiera della Madonna addolorata, \"Sagra dei fisci\u00f2t\" - Bellunopress - Dolomiti","isPartOf":{"@id":"https:\/\/www.bellunopress.it\/#website"},"primaryImageOfPage":{"@id":"https:\/\/www.bellunopress.it\/2026\/03\/16\/domenica-a-belluno-torna-lantica-fiera-della-madonna-addolorata-sagra-dei-fisciot\/#primaryimage"},"image":{"@id":"https:\/\/www.bellunopress.it\/2026\/03\/16\/domenica-a-belluno-torna-lantica-fiera-della-madonna-addolorata-sagra-dei-fisciot\/#primaryimage"},"thumbnailUrl":"https:\/\/www.bellunopress.it\/wp-content\/uploads\/2025\/04\/sagra-fisciot-2_edited.jpg","datePublished":"2026-03-16T16:00:35+00:00","breadcrumb":{"@id":"https:\/\/www.bellunopress.it\/2026\/03\/16\/domenica-a-belluno-torna-lantica-fiera-della-madonna-addolorata-sagra-dei-fisciot\/#breadcrumb"},"inLanguage":"fr-FR","potentialAction":[{"@type":"ReadAction","target":["https:\/\/www.bellunopress.it\/2026\/03\/16\/domenica-a-belluno-torna-lantica-fiera-della-madonna-addolorata-sagra-dei-fisciot\/"]}]},{"@type":"ImageObject","inLanguage":"fr-FR","@id":"https:\/\/www.bellunopress.it\/2026\/03\/16\/domenica-a-belluno-torna-lantica-fiera-della-madonna-addolorata-sagra-dei-fisciot\/#primaryimage","url":"https:\/\/www.bellunopress.it\/wp-content\/uploads\/2025\/04\/sagra-fisciot-2_edited.jpg","contentUrl":"https:\/\/www.bellunopress.it\/wp-content\/uploads\/2025\/04\/sagra-fisciot-2_edited.jpg","width":1000,"height":750,"caption":"Belluno, Sagra dei fisci\u00f2t 2025"},{"@type":"BreadcrumbList","@id":"https:\/\/www.bellunopress.it\/2026\/03\/16\/domenica-a-belluno-torna-lantica-fiera-della-madonna-addolorata-sagra-dei-fisciot\/#breadcrumb","itemListElement":[{"@type":"ListItem","position":1,"name":"Home","item":"https:\/\/www.bellunopress.it\/"},{"@type":"ListItem","position":2,"name":"Domenica a Belluno torna l&#8217;Antica fiera della Madonna addolorata, &#8220;Sagra dei fisci\u00f2t&#8221;"}]},{"@type":"WebSite","@id":"https:\/\/www.bellunopress.it\/#website","url":"https:\/\/www.bellunopress.it\/","name":"Bellunopress - Dolomiti","description":"e-mail: redazione@bellunopress.it","publisher":{"@id":"https:\/\/www.bellunopress.it\/#organization"},"potentialAction":[{"@type":"SearchAction","target":{"@type":"EntryPoint","urlTemplate":"https:\/\/www.bellunopress.it\/?s={search_term_string}"},"query-input":{"@type":"PropertyValueSpecification","valueRequired":true,"valueName":"search_term_string"}}],"inLanguage":"fr-FR"},{"@type":"Organization","@id":"https:\/\/www.bellunopress.it\/#organization","name":"Bellunopress","url":"https:\/\/www.bellunopress.it\/","logo":{"@type":"ImageObject","inLanguage":"fr-FR","@id":"https:\/\/www.bellunopress.it\/#\/schema\/logo\/image\/","url":"https:\/\/www.bellunopress.it\/wp-content\/uploads\/2011\/05\/cropped-logo-bellunopress-.jpg","contentUrl":"https:\/\/www.bellunopress.it\/wp-content\/uploads\/2011\/05\/cropped-logo-bellunopress-.jpg","width":512,"height":512,"caption":"Bellunopress"},"image":{"@id":"https:\/\/www.bellunopress.it\/#\/schema\/logo\/image\/"},"sameAs":["https:\/\/www.facebook.com\/profile.php?id=100008943462799","https:\/\/x.com\/bellunopress","https:\/\/www.linkedin.com\/hp\/?dnr=JBzUWaJfMUw8vbXJJ2tVW5-I3jZKvC4wsoxE&amp;amp;amp;amp;amp;amp;trk=nav_responsive_tab_home","https:\/\/www.youtube.com\/channel\/UCxL0wu1uN0_3_7hGG0306cw"]},{"@type":"Person","@id":"https:\/\/www.bellunopress.it\/#\/schema\/person\/79bb06722b37ece1c03d3e94beb30d73","name":"r\u00e9daction","image":{"@type":"ImageObject","inLanguage":"fr-FR","@id":"https:\/\/secure.gravatar.com\/avatar\/37d968a2e67a6fd04c169c4bdef102d0bc5d31b2546345219e348575eb80e9a0?s=96&d=mm&r=g","url":"https:\/\/secure.gravatar.com\/avatar\/37d968a2e67a6fd04c169c4bdef102d0bc5d31b2546345219e348575eb80e9a0?s=96&d=mm&r=g","contentUrl":"https:\/\/secure.gravatar.com\/avatar\/37d968a2e67a6fd04c169c4bdef102d0bc5d31b2546345219e348575eb80e9a0?s=96&d=mm&r=g","caption":"redazione"},"sameAs":["http:\/\/www.bellunopress.it","https:\/\/x.com\/bellunopress"],"url":"https:\/\/www.bellunopress.it\/fr\/author\/redazione\/"}]}},"_links":{"self":[{"href":"https:\/\/www.bellunopress.it\/fr\/wp-json\/wp\/v2\/posts\/168172","targetHints":{"allow":["GET"]}}],"collection":[{"href":"https:\/\/www.bellunopress.it\/fr\/wp-json\/wp\/v2\/posts"}],"about":[{"href":"https:\/\/www.bellunopress.it\/fr\/wp-json\/wp\/v2\/types\/post"}],"author":[{"embeddable":true,"href":"https:\/\/www.bellunopress.it\/fr\/wp-json\/wp\/v2\/users\/2"}],"replies":[{"embeddable":true,"href":"https:\/\/www.bellunopress.it\/fr\/wp-json\/wp\/v2\/comments?post=168172"}],"version-history":[{"count":1,"href":"https:\/\/www.bellunopress.it\/fr\/wp-json\/wp\/v2\/posts\/168172\/revisions"}],"predecessor-version":[{"id":168173,"href":"https:\/\/www.bellunopress.it\/fr\/wp-json\/wp\/v2\/posts\/168172\/revisions\/168173"}],"wp:featuredmedia":[{"embeddable":true,"href":"https:\/\/www.bellunopress.it\/fr\/wp-json\/wp\/v2\/media\/159283"}],"wp:attachment":[{"href":"https:\/\/www.bellunopress.it\/fr\/wp-json\/wp\/v2\/media?parent=168172"}],"wp:term":[{"taxonomy":"category","embeddable":true,"href":"https:\/\/www.bellunopress.it\/fr\/wp-json\/wp\/v2\/categories?post=168172"},{"taxonomy":"post_tag","embeddable":true,"href":"https:\/\/www.bellunopress.it\/fr\/wp-json\/wp\/v2\/tags?post=168172"}],"curies":[{"name":"wp","href":"https:\/\/api.w.org\/{rel}","templated":true}]}}