{"id":168169,"date":"2026-03-14T17:09:13","date_gmt":"2026-03-14T16:09:13","guid":{"rendered":"https:\/\/www.bellunopress.it\/?p=168169"},"modified":"2026-03-14T17:09:13","modified_gmt":"2026-03-14T16:09:13","slug":"inaugurata-agrimont-2026-a-longarone-centro-dellagricoltura-di-montagna","status":"publish","type":"post","link":"https:\/\/www.bellunopress.it\/fr\/2026\/03\/14\/inaugurata-agrimont-2026-a-longarone-centro-dellagricoltura-di-montagna\/","title":{"rendered":"Inaugurata Agrimont 2026 a Longarone: centro dell\u2019agricoltura di montagna"},"content":{"rendered":"<p><strong>Una fiera importante che dovr\u00e0 rappresentare sempre pi\u00f9 la montagna<\/strong><\/p>\n<p>Inaugurate oggi a Longarone la 45ma Agrimont e la 7ma Fiera&amp;Festival delle Foreste: in crescita rispetto allo scorso anno con una esposizione sempre pi\u00f9 ricca e qualificata.<\/p>\n<p>Ospiti negli stand in fiera 279 marchi aziendali, 232 provenienti da 13 regioni italiane e 47 provenienti da 13 Paesi esteri. E che presentano il meglio dell\u2019offerta commerciale per l\u2019agricoltura in pendenza e il lavoro in bosco. Un settore primario che alla cerimonia inaugurale \u00e8 stato messo sotto i riflettori dall\u2019Assessore della Regione del Veneto, Dario Bond, sottolineando il ruolo di questa fiera: \u201cAgrimont \u00e8 una fiera importante e dobbiamo in qualche modo sostenerla. Ci stringeremo attorno al sindaco di Longarone, che sar\u00e0 anche un po\u2019 il motore di questa manifestazione, visto che non ricoprir\u00e0 pi\u00f9 il ruolo di presidente della Provincia. Ho molta fiducia in Roberto Padrin, ma dobbiamo fare sistema: coinvolgere altri soggetti e altri settori, perch\u00e9 se restiamo uniti e lavoriamo tutti nella stessa direzione possiamo vincere questa sfida e rafforzare ulteriormente Agrimont e l\u2019agricoltura di montagna\u201d. Allo stesso tempo, ha voluto per\u00f2 rilanciare per il prossimo anno: \u201cvisto che si parla molto di montagna e di un assessorato dedicato, mi piacerebbe che il prossimo anno Agrimont avesse ancora pi\u00f9 spazio per il tema della montagna e per la sua valorizzazione\u201d. Ma anche prendere esempio da altri Paesi: \u201ccon Agrimont valorizziamo l\u2019attivit\u00e0 agricola di montagna, ma dovremmo riuscire a integrare maggiormente, all\u2019interno di questi saloni, anche il turismo di montagna, mettendo insieme ci\u00f2 che ormai da tempo funziona in molti altri Paesi, ossia la promozione congiunta dell\u2019agroalimentare e del turismo. Penso, ad esempio, alla Slovenia o alla Croazia, dove questo modello sta dando risultati importanti\u201d.<\/p>\n<p>A rappresentare Longarone Fiere Dolomiti c\u2019era Chiara Bortolas, del Consiglio di amministrazione ed esperta del settore agroforestale montano che ha sottolineato come questa edizione presenti anche un palinsesto di assoluto valore: \u201ctanti eventi legati al mondo del latte, ma anche a quello delle foreste, della transumanza e della pastorizia, passando poi attraverso tutto ci\u00f2 che accade a Casa Veneto, lo spazio voluto da Veneto Agricoltura all\u2019interno di Agrimont. Saranno due fine settimana in cui si affronteranno molte tematiche diverse, compresa l\u2019apicoltura. Il prossimo fine settimana, inoltre, Longarone Fiere Dolomiti non sar\u00e0 solo Agrimont, ma ospiter\u00e0 anche la Mostra Internazionale del Gelato. \u00c8 qui che questa manifestazione \u00e8 nata e qui torniamo a parlare di gelato anche in occasione della 14. Giornata europea del gelato, che si celebra il 24 marzo. Noi anticiperemo questo appuntamento con due momenti, sabato 21 e domenica 22, dedicati proprio al mondo del gelato, elemento importante nella nostra cucina italiana, che \u00e8 riconosciuta patrimonio dell\u2019UNESCO.\u201d<\/p>\n<p>Mentre il senatore Luca De Carlo, presidente della 9. Commissione permanente al Senato: \u201cOrmai Longarone \u00e8 il centro di riferimento per l\u2019agricoltura di montagna. Agrimont va avanti da 45 edizioni ed \u00e8 diventata il simbolo di come la tutela e il presidio della montagna siano fondamentali per l\u2019intero ecosistema e per un\u2019agricoltura libera da condizionamenti. Un\u2019agricoltura quanto pi\u00f9 possibile naturale e vicina al territorio, portata avanti da imprenditori resilienti che nel tempo hanno saputo fare scelte lungimiranti, puntando sull\u2019innovazione in tutti i comparti, compreso quello del latte, dove oggi siamo leader anche a livello internazionale. Prodotti DOP come il Piave dimostrano da sempre la forza di questi territori. \u00c8 un\u2019agricoltura che non si \u00e8 mai arresa, anzi si \u00e8 sviluppata: lo vediamo nei padiglioni, con le nuove macchine, la tecnologia e le tante iniziative messe in campo dai nostri agricoltori. C\u2019\u00e8 poi tutto il comparto forestale, che per la montagna rappresenta un\u2019economia reale e strategica. La mancata gestione delle foreste \u00e8 stata uno dei problemi pi\u00f9 rilevanti di questi anni, anche dal punto di vista del dissesto idrogeologico. Finalmente oggi c\u2019\u00e8 un governo che ha avviato il cluster delle foreste, affidandolo alla guida di una figura di grande esperienza come la dottoressa Stefani, dopo anni di lavoro al Comando generale dell\u2019ex Corpo forestale dello Stato: un segnale di attenzione costante e concreta verso questo settore\u201d.<\/p>\n<p>\u201cOggi ci troviamo in una giornata sicuramente di festa \u2013 ha evidenziato il presidente della Provincia e sindaco di Longarone, Roberto Padrin \u2013 molto importante perch\u00e9 segna l\u2019inaugurazione di Agrimont. In un momento non facile per Longarone Fiere, ma anche pi\u00f9 in generale per il settore, questo appuntamento non pu\u00f2 che essere motivo di orgoglio per tutti noi e soprattutto un\u2019occasione per dire grazie alle aziende che continuano a credere fortemente in questa manifestazione. Sono convinto che il futuro di questo territorio passi in larga parte attraverso l\u2019agricoltura e soprattutto attraverso l\u2019impegno dei tanti giovani che negli ultimi anni si sono avvicinati a questo mondo. Sono loro i veri protagonisti nella valorizzazione e nella tutela delle nostre splendide montagne e della nostra provincia di Belluno.\u201d<\/p>\n<p><strong>DOMANI AD AGRIMONT<\/strong><br \/>\nUn primo giorno intenso di convegni e seminari, che contiano anche domani, domenica 15 marzo.<br \/>\nA partire dalle ore 10.00 in Area incontri con il convegno su \u201cProgressi e prospettive della ricerca sulla resistenza naturale alla varroa destructor\u201d che vede l\u2019intervento del dott. Arrigo Moro su invito di Apimarca. \u2013 Associazione Apicoltori Treviso.<br \/>\n\u201cStalla Sana: costruire la mandria di domani. Vitelli, prevenzione e scelte gestionali che fanno la differenza\u201d \u00e8, invece, il tema del convegno promosso da Associazione Regionale Allevatori del Veneto che si terr\u00e0 alle 10.30 al Centro Congressi. L\u2019incontro tecnico, la cui partecipazione \u00e8 su invito, affronter\u00e0 temi centrali per il settore zootecnico, come il benessere animale, la prevenzione sanitaria e l\u2019efficienza negli allevamenti, aspetti sempre pi\u00f9 rilevanti anche per i consumatori attenti alla sostenibilit\u00e0 delle produzioni. Dopo i saluti di Milo Veronese, il convegno sar\u00e0 moderato dal direttore di Arav Walter Luchetta e vedr\u00e0 gli interventi di Flaviana Gottardo dell\u2019Universit\u00e0 degli Studi di Padova, Antonio Barberio dell\u2019Istituto Zooprofilattico Sperimentale delle Venezie e della veterinaria Arav Paola Prevedello. Le conclusioni saranno affidate al presidente Arav Floriano De Franceschi.<br \/>\nMentre alle 14.00 in Area incontri si parler\u00e0 del \u201cLavorare in scurezza in agricoltura\u201d con SPISAL AULSS1 l\u2019Istituto Agrario \u201cAntonio della Lucia\u201d.<br \/>\nIn pi\u00f9, durante tutta la giornata, nello stand del Biodistretto Terre Bellunesi \u2013 pad. C, si terranno iniziative dedicate all\u2019agricoltura, alla biodiversit\u00e0 e ai prodotti locali. La giornata offrir\u00e0 momenti di approfondimento sull\u2019agricoltura sociale, la tutela dei semi tradizionali e il legame tra ambiente, tradizioni e produzioni delle Dolomiti bellunesi, con interventi di esperti del settore. A chiudere, una degustazione guidata di formaggi di montagna e vini biologici, in collaborazione con ONAF Belluno, per valorizzare i sapori del territorio e le produzioni locali.<\/p>\n<p>Agrimont sar\u00e0 aperta con i seguenti orari: sabato e domenica 9-19, venerd\u00ec 14.30-19.<br \/>\nTutti gli eventi e gli espositori su www.agrimont.it<\/p>","protected":false},"excerpt":{"rendered":"<p>Una fiera importante che dovr\u00e0 rappresentare sempre pi\u00f9 la montagna Inaugurate oggi a Longarone la 45ma Agrimont e la 7ma Fiera&amp;Festival delle Foreste: in crescita rispetto allo scorso anno con una esposizione sempre pi\u00f9 ricca e qualificata. Ospiti negli stand in fiera 279 marchi aziendali, 232 provenienti da 13 regioni italiane e 47 provenienti da [&hellip;]<\/p>\n","protected":false},"author":2,"featured_media":168170,"comment_status":"closed","ping_status":"open","sticky":false,"template":"","format":"standard","meta":{"footnotes":""},"categories":[5,26],"tags":[],"class_list":["post-168169","post","type-post","status-publish","format-standard","has-post-thumbnail","category-cronaca","category-prima-pagina"],"yoast_head":"<!-- This site is optimized with the Yoast SEO plugin v28.4 - https:\/\/yoast.com\/product\/yoast-seo-wordpress\/ -->\n<title>Inaugurata Agrimont 2026 a Longarone: centro dell\u2019agricoltura di montagna - Bellunopress - Dolomiti<\/title>\n<meta name=\"robots\" content=\"index, follow, max-snippet:-1, max-image-preview:large, max-video-preview:-1\" \/>\n<link rel=\"canonical\" href=\"https:\/\/www.bellunopress.it\/fr\/2026\/03\/14\/inaugurata-agrimont-2026-a-longarone-centro-dellagricoltura-di-montagna\/\" \/>\n<meta property=\"og:locale\" content=\"fr_FR\" \/>\n<meta property=\"og:type\" content=\"article\" \/>\n<meta property=\"og:title\" content=\"Inaugurata Agrimont 2026 a Longarone: centro dell\u2019agricoltura di montagna - Bellunopress - Dolomiti\" \/>\n<meta property=\"og:description\" content=\"Una fiera importante che dovr\u00e0 rappresentare sempre pi\u00f9 la montagna Inaugurate oggi a Longarone la 45ma Agrimont e la 7ma Fiera&amp;Festival delle Foreste: in crescita rispetto allo scorso anno con una esposizione sempre pi\u00f9 ricca e qualificata. Ospiti negli stand in fiera 279 marchi aziendali, 232 provenienti da 13 regioni italiane e 47 provenienti da [&hellip;]\" \/>\n<meta property=\"og:url\" content=\"https:\/\/www.bellunopress.it\/fr\/2026\/03\/14\/inaugurata-agrimont-2026-a-longarone-centro-dellagricoltura-di-montagna\/\" \/>\n<meta property=\"og:site_name\" content=\"Bellunopress - Dolomiti\" \/>\n<meta property=\"article:publisher\" content=\"https:\/\/www.facebook.com\/profile.php?id=100008943462799\" \/>\n<meta property=\"article:published_time\" content=\"2026-03-14T16:09:13+00:00\" \/>\n<meta property=\"og:image\" content=\"https:\/\/www.bellunopress.it\/wp-content\/uploads\/2026\/03\/Agrimont.jpg\" \/>\n\t<meta property=\"og:image:width\" content=\"500\" \/>\n\t<meta property=\"og:image:height\" content=\"333\" \/>\n\t<meta property=\"og:image:type\" content=\"image\/jpeg\" \/>\n<meta name=\"author\" content=\"redazione\" \/>\n<meta name=\"twitter:card\" content=\"summary_large_image\" \/>\n<meta name=\"twitter:creator\" content=\"@bellunopress\" \/>\n<meta name=\"twitter:site\" content=\"@bellunopress\" \/>\n<meta name=\"twitter:label1\" content=\"\u00c9crit par\" \/>\n\t<meta name=\"twitter:data1\" content=\"redazione\" \/>\n\t<meta name=\"twitter:label2\" content=\"Dur\u00e9e de lecture estim\u00e9e\" \/>\n\t<meta name=\"twitter:data2\" content=\"6 minutes\" \/>\n<script type=\"application\/ld+json\" class=\"yoast-schema-graph\">{\"@context\":\"https:\\\/\\\/schema.org\",\"@graph\":[{\"@type\":\"Article\",\"@id\":\"https:\\\/\\\/www.bellunopress.it\\\/2026\\\/03\\\/14\\\/inaugurata-agrimont-2026-a-longarone-centro-dellagricoltura-di-montagna\\\/#article\",\"isPartOf\":{\"@id\":\"https:\\\/\\\/www.bellunopress.it\\\/2026\\\/03\\\/14\\\/inaugurata-agrimont-2026-a-longarone-centro-dellagricoltura-di-montagna\\\/\"},\"author\":{\"name\":\"redazione\",\"@id\":\"https:\\\/\\\/www.bellunopress.it\\\/#\\\/schema\\\/person\\\/79bb06722b37ece1c03d3e94beb30d73\"},\"headline\":\"Inaugurata Agrimont 2026 a Longarone: centro dell\u2019agricoltura di montagna\",\"datePublished\":\"2026-03-14T16:09:13+00:00\",\"mainEntityOfPage\":{\"@id\":\"https:\\\/\\\/www.bellunopress.it\\\/2026\\\/03\\\/14\\\/inaugurata-agrimont-2026-a-longarone-centro-dellagricoltura-di-montagna\\\/\"},\"wordCount\":1115,\"publisher\":{\"@id\":\"https:\\\/\\\/www.bellunopress.it\\\/#organization\"},\"image\":{\"@id\":\"https:\\\/\\\/www.bellunopress.it\\\/2026\\\/03\\\/14\\\/inaugurata-agrimont-2026-a-longarone-centro-dellagricoltura-di-montagna\\\/#primaryimage\"},\"thumbnailUrl\":\"https:\\\/\\\/www.bellunopress.it\\\/wp-content\\\/uploads\\\/2026\\\/03\\\/Agrimont.jpg\",\"articleSection\":[\"Cronaca\\\/Politica\",\"Prima Pagina\"],\"inLanguage\":\"fr-FR\"},{\"@type\":\"WebPage\",\"@id\":\"https:\\\/\\\/www.bellunopress.it\\\/2026\\\/03\\\/14\\\/inaugurata-agrimont-2026-a-longarone-centro-dellagricoltura-di-montagna\\\/\",\"url\":\"https:\\\/\\\/www.bellunopress.it\\\/2026\\\/03\\\/14\\\/inaugurata-agrimont-2026-a-longarone-centro-dellagricoltura-di-montagna\\\/\",\"name\":\"Inaugurata Agrimont 2026 a Longarone: centro dell\u2019agricoltura di montagna - Bellunopress - Dolomiti\",\"isPartOf\":{\"@id\":\"https:\\\/\\\/www.bellunopress.it\\\/#website\"},\"primaryImageOfPage\":{\"@id\":\"https:\\\/\\\/www.bellunopress.it\\\/2026\\\/03\\\/14\\\/inaugurata-agrimont-2026-a-longarone-centro-dellagricoltura-di-montagna\\\/#primaryimage\"},\"image\":{\"@id\":\"https:\\\/\\\/www.bellunopress.it\\\/2026\\\/03\\\/14\\\/inaugurata-agrimont-2026-a-longarone-centro-dellagricoltura-di-montagna\\\/#primaryimage\"},\"thumbnailUrl\":\"https:\\\/\\\/www.bellunopress.it\\\/wp-content\\\/uploads\\\/2026\\\/03\\\/Agrimont.jpg\",\"datePublished\":\"2026-03-14T16:09:13+00:00\",\"breadcrumb\":{\"@id\":\"https:\\\/\\\/www.bellunopress.it\\\/2026\\\/03\\\/14\\\/inaugurata-agrimont-2026-a-longarone-centro-dellagricoltura-di-montagna\\\/#breadcrumb\"},\"inLanguage\":\"fr-FR\",\"potentialAction\":[{\"@type\":\"ReadAction\",\"target\":[\"https:\\\/\\\/www.bellunopress.it\\\/2026\\\/03\\\/14\\\/inaugurata-agrimont-2026-a-longarone-centro-dellagricoltura-di-montagna\\\/\"]}]},{\"@type\":\"ImageObject\",\"inLanguage\":\"fr-FR\",\"@id\":\"https:\\\/\\\/www.bellunopress.it\\\/2026\\\/03\\\/14\\\/inaugurata-agrimont-2026-a-longarone-centro-dellagricoltura-di-montagna\\\/#primaryimage\",\"url\":\"https:\\\/\\\/www.bellunopress.it\\\/wp-content\\\/uploads\\\/2026\\\/03\\\/Agrimont.jpg\",\"contentUrl\":\"https:\\\/\\\/www.bellunopress.it\\\/wp-content\\\/uploads\\\/2026\\\/03\\\/Agrimont.jpg\",\"width\":500,\"height\":333},{\"@type\":\"BreadcrumbList\",\"@id\":\"https:\\\/\\\/www.bellunopress.it\\\/2026\\\/03\\\/14\\\/inaugurata-agrimont-2026-a-longarone-centro-dellagricoltura-di-montagna\\\/#breadcrumb\",\"itemListElement\":[{\"@type\":\"ListItem\",\"position\":1,\"name\":\"Home\",\"item\":\"https:\\\/\\\/www.bellunopress.it\\\/\"},{\"@type\":\"ListItem\",\"position\":2,\"name\":\"Inaugurata Agrimont 2026 a Longarone: centro dell\u2019agricoltura di montagna\"}]},{\"@type\":\"WebSite\",\"@id\":\"https:\\\/\\\/www.bellunopress.it\\\/#website\",\"url\":\"https:\\\/\\\/www.bellunopress.it\\\/\",\"name\":\"Bellunopress - Dolomiti\",\"description\":\"e-mail: redazione@bellunopress.it\",\"publisher\":{\"@id\":\"https:\\\/\\\/www.bellunopress.it\\\/#organization\"},\"potentialAction\":[{\"@type\":\"SearchAction\",\"target\":{\"@type\":\"EntryPoint\",\"urlTemplate\":\"https:\\\/\\\/www.bellunopress.it\\\/?s={search_term_string}\"},\"query-input\":{\"@type\":\"PropertyValueSpecification\",\"valueRequired\":true,\"valueName\":\"search_term_string\"}}],\"inLanguage\":\"fr-FR\"},{\"@type\":\"Organization\",\"@id\":\"https:\\\/\\\/www.bellunopress.it\\\/#organization\",\"name\":\"Bellunopress\",\"url\":\"https:\\\/\\\/www.bellunopress.it\\\/\",\"logo\":{\"@type\":\"ImageObject\",\"inLanguage\":\"fr-FR\",\"@id\":\"https:\\\/\\\/www.bellunopress.it\\\/#\\\/schema\\\/logo\\\/image\\\/\",\"url\":\"https:\\\/\\\/www.bellunopress.it\\\/wp-content\\\/uploads\\\/2011\\\/05\\\/cropped-logo-bellunopress-.jpg\",\"contentUrl\":\"https:\\\/\\\/www.bellunopress.it\\\/wp-content\\\/uploads\\\/2011\\\/05\\\/cropped-logo-bellunopress-.jpg\",\"width\":512,\"height\":512,\"caption\":\"Bellunopress\"},\"image\":{\"@id\":\"https:\\\/\\\/www.bellunopress.it\\\/#\\\/schema\\\/logo\\\/image\\\/\"},\"sameAs\":[\"https:\\\/\\\/www.facebook.com\\\/profile.php?id=100008943462799\",\"https:\\\/\\\/x.com\\\/bellunopress\",\"https:\\\/\\\/www.linkedin.com\\\/hp\\\/?dnr=JBzUWaJfMUw8vbXJJ2tVW5-I3jZKvC4wsoxE&amp;amp;amp;amp;amp;amp;trk=nav_responsive_tab_home\",\"https:\\\/\\\/www.youtube.com\\\/channel\\\/UCxL0wu1uN0_3_7hGG0306cw\"]},{\"@type\":\"Person\",\"@id\":\"https:\\\/\\\/www.bellunopress.it\\\/#\\\/schema\\\/person\\\/79bb06722b37ece1c03d3e94beb30d73\",\"name\":\"redazione\",\"image\":{\"@type\":\"ImageObject\",\"inLanguage\":\"fr-FR\",\"@id\":\"https:\\\/\\\/secure.gravatar.com\\\/avatar\\\/37d968a2e67a6fd04c169c4bdef102d0bc5d31b2546345219e348575eb80e9a0?s=96&d=mm&r=g\",\"url\":\"https:\\\/\\\/secure.gravatar.com\\\/avatar\\\/37d968a2e67a6fd04c169c4bdef102d0bc5d31b2546345219e348575eb80e9a0?s=96&d=mm&r=g\",\"contentUrl\":\"https:\\\/\\\/secure.gravatar.com\\\/avatar\\\/37d968a2e67a6fd04c169c4bdef102d0bc5d31b2546345219e348575eb80e9a0?s=96&d=mm&r=g\",\"caption\":\"redazione\"},\"sameAs\":[\"http:\\\/\\\/www.bellunopress.it\",\"https:\\\/\\\/x.com\\\/bellunopress\"],\"url\":\"https:\\\/\\\/www.bellunopress.it\\\/fr\\\/author\\\/redazione\\\/\"}]}<\/script>\n<!-- \/ Yoast SEO plugin. -->","yoast_head_json":{"title":"Inaugurata Agrimont 2026 a Longarone: centro dell\u2019agricoltura di montagna - Bellunopress - Dolomiti","robots":{"index":"index","follow":"follow","max-snippet":"max-snippet:-1","max-image-preview":"max-image-preview:large","max-video-preview":"max-video-preview:-1"},"canonical":"https:\/\/www.bellunopress.it\/fr\/2026\/03\/14\/inaugurata-agrimont-2026-a-longarone-centro-dellagricoltura-di-montagna\/","og_locale":"fr_FR","og_type":"article","og_title":"Inaugurata Agrimont 2026 a Longarone: centro dell\u2019agricoltura di montagna - Bellunopress - Dolomiti","og_description":"Una fiera importante che dovr\u00e0 rappresentare sempre pi\u00f9 la montagna Inaugurate oggi a Longarone la 45ma Agrimont e la 7ma Fiera&amp;Festival delle Foreste: in crescita rispetto allo scorso anno con una esposizione sempre pi\u00f9 ricca e qualificata. Ospiti negli stand in fiera 279 marchi aziendali, 232 provenienti da 13 regioni italiane e 47 provenienti da [&hellip;]","og_url":"https:\/\/www.bellunopress.it\/fr\/2026\/03\/14\/inaugurata-agrimont-2026-a-longarone-centro-dellagricoltura-di-montagna\/","og_site_name":"Bellunopress - Dolomiti","article_publisher":"https:\/\/www.facebook.com\/profile.php?id=100008943462799","article_published_time":"2026-03-14T16:09:13+00:00","og_image":[{"width":500,"height":333,"url":"https:\/\/www.bellunopress.it\/wp-content\/uploads\/2026\/03\/Agrimont.jpg","type":"image\/jpeg"}],"author":"redazione","twitter_card":"summary_large_image","twitter_creator":"@bellunopress","twitter_site":"@bellunopress","twitter_misc":{"\u00c9crit par":"redazione","Dur\u00e9e de lecture estim\u00e9e":"6 minutes"},"schema":{"@context":"https:\/\/schema.org","@graph":[{"@type":"Article","@id":"https:\/\/www.bellunopress.it\/2026\/03\/14\/inaugurata-agrimont-2026-a-longarone-centro-dellagricoltura-di-montagna\/#article","isPartOf":{"@id":"https:\/\/www.bellunopress.it\/2026\/03\/14\/inaugurata-agrimont-2026-a-longarone-centro-dellagricoltura-di-montagna\/"},"author":{"name":"redazione","@id":"https:\/\/www.bellunopress.it\/#\/schema\/person\/79bb06722b37ece1c03d3e94beb30d73"},"headline":"Inaugurata Agrimont 2026 a Longarone: centro dell\u2019agricoltura di montagna","datePublished":"2026-03-14T16:09:13+00:00","mainEntityOfPage":{"@id":"https:\/\/www.bellunopress.it\/2026\/03\/14\/inaugurata-agrimont-2026-a-longarone-centro-dellagricoltura-di-montagna\/"},"wordCount":1115,"publisher":{"@id":"https:\/\/www.bellunopress.it\/#organization"},"image":{"@id":"https:\/\/www.bellunopress.it\/2026\/03\/14\/inaugurata-agrimont-2026-a-longarone-centro-dellagricoltura-di-montagna\/#primaryimage"},"thumbnailUrl":"https:\/\/www.bellunopress.it\/wp-content\/uploads\/2026\/03\/Agrimont.jpg","articleSection":["Cronaca\/Politica","Prima Pagina"],"inLanguage":"fr-FR"},{"@type":"WebPage","@id":"https:\/\/www.bellunopress.it\/2026\/03\/14\/inaugurata-agrimont-2026-a-longarone-centro-dellagricoltura-di-montagna\/","url":"https:\/\/www.bellunopress.it\/2026\/03\/14\/inaugurata-agrimont-2026-a-longarone-centro-dellagricoltura-di-montagna\/","name":"Inaugurata Agrimont 2026 a Longarone: centro dell\u2019agricoltura di montagna - Bellunopress - Dolomiti","isPartOf":{"@id":"https:\/\/www.bellunopress.it\/#website"},"primaryImageOfPage":{"@id":"https:\/\/www.bellunopress.it\/2026\/03\/14\/inaugurata-agrimont-2026-a-longarone-centro-dellagricoltura-di-montagna\/#primaryimage"},"image":{"@id":"https:\/\/www.bellunopress.it\/2026\/03\/14\/inaugurata-agrimont-2026-a-longarone-centro-dellagricoltura-di-montagna\/#primaryimage"},"thumbnailUrl":"https:\/\/www.bellunopress.it\/wp-content\/uploads\/2026\/03\/Agrimont.jpg","datePublished":"2026-03-14T16:09:13+00:00","breadcrumb":{"@id":"https:\/\/www.bellunopress.it\/2026\/03\/14\/inaugurata-agrimont-2026-a-longarone-centro-dellagricoltura-di-montagna\/#breadcrumb"},"inLanguage":"fr-FR","potentialAction":[{"@type":"ReadAction","target":["https:\/\/www.bellunopress.it\/2026\/03\/14\/inaugurata-agrimont-2026-a-longarone-centro-dellagricoltura-di-montagna\/"]}]},{"@type":"ImageObject","inLanguage":"fr-FR","@id":"https:\/\/www.bellunopress.it\/2026\/03\/14\/inaugurata-agrimont-2026-a-longarone-centro-dellagricoltura-di-montagna\/#primaryimage","url":"https:\/\/www.bellunopress.it\/wp-content\/uploads\/2026\/03\/Agrimont.jpg","contentUrl":"https:\/\/www.bellunopress.it\/wp-content\/uploads\/2026\/03\/Agrimont.jpg","width":500,"height":333},{"@type":"BreadcrumbList","@id":"https:\/\/www.bellunopress.it\/2026\/03\/14\/inaugurata-agrimont-2026-a-longarone-centro-dellagricoltura-di-montagna\/#breadcrumb","itemListElement":[{"@type":"ListItem","position":1,"name":"Home","item":"https:\/\/www.bellunopress.it\/"},{"@type":"ListItem","position":2,"name":"Inaugurata Agrimont 2026 a Longarone: centro dell\u2019agricoltura di montagna"}]},{"@type":"WebSite","@id":"https:\/\/www.bellunopress.it\/#website","url":"https:\/\/www.bellunopress.it\/","name":"Bellunopress - Dolomiti","description":"e-mail: redazione@bellunopress.it","publisher":{"@id":"https:\/\/www.bellunopress.it\/#organization"},"potentialAction":[{"@type":"SearchAction","target":{"@type":"EntryPoint","urlTemplate":"https:\/\/www.bellunopress.it\/?s={search_term_string}"},"query-input":{"@type":"PropertyValueSpecification","valueRequired":true,"valueName":"search_term_string"}}],"inLanguage":"fr-FR"},{"@type":"Organization","@id":"https:\/\/www.bellunopress.it\/#organization","name":"Bellunopress","url":"https:\/\/www.bellunopress.it\/","logo":{"@type":"ImageObject","inLanguage":"fr-FR","@id":"https:\/\/www.bellunopress.it\/#\/schema\/logo\/image\/","url":"https:\/\/www.bellunopress.it\/wp-content\/uploads\/2011\/05\/cropped-logo-bellunopress-.jpg","contentUrl":"https:\/\/www.bellunopress.it\/wp-content\/uploads\/2011\/05\/cropped-logo-bellunopress-.jpg","width":512,"height":512,"caption":"Bellunopress"},"image":{"@id":"https:\/\/www.bellunopress.it\/#\/schema\/logo\/image\/"},"sameAs":["https:\/\/www.facebook.com\/profile.php?id=100008943462799","https:\/\/x.com\/bellunopress","https:\/\/www.linkedin.com\/hp\/?dnr=JBzUWaJfMUw8vbXJJ2tVW5-I3jZKvC4wsoxE&amp;amp;amp;amp;amp;amp;trk=nav_responsive_tab_home","https:\/\/www.youtube.com\/channel\/UCxL0wu1uN0_3_7hGG0306cw"]},{"@type":"Person","@id":"https:\/\/www.bellunopress.it\/#\/schema\/person\/79bb06722b37ece1c03d3e94beb30d73","name":"r\u00e9daction","image":{"@type":"ImageObject","inLanguage":"fr-FR","@id":"https:\/\/secure.gravatar.com\/avatar\/37d968a2e67a6fd04c169c4bdef102d0bc5d31b2546345219e348575eb80e9a0?s=96&d=mm&r=g","url":"https:\/\/secure.gravatar.com\/avatar\/37d968a2e67a6fd04c169c4bdef102d0bc5d31b2546345219e348575eb80e9a0?s=96&d=mm&r=g","contentUrl":"https:\/\/secure.gravatar.com\/avatar\/37d968a2e67a6fd04c169c4bdef102d0bc5d31b2546345219e348575eb80e9a0?s=96&d=mm&r=g","caption":"redazione"},"sameAs":["http:\/\/www.bellunopress.it","https:\/\/x.com\/bellunopress"],"url":"https:\/\/www.bellunopress.it\/fr\/author\/redazione\/"}]}},"_links":{"self":[{"href":"https:\/\/www.bellunopress.it\/fr\/wp-json\/wp\/v2\/posts\/168169","targetHints":{"allow":["GET"]}}],"collection":[{"href":"https:\/\/www.bellunopress.it\/fr\/wp-json\/wp\/v2\/posts"}],"about":[{"href":"https:\/\/www.bellunopress.it\/fr\/wp-json\/wp\/v2\/types\/post"}],"author":[{"embeddable":true,"href":"https:\/\/www.bellunopress.it\/fr\/wp-json\/wp\/v2\/users\/2"}],"replies":[{"embeddable":true,"href":"https:\/\/www.bellunopress.it\/fr\/wp-json\/wp\/v2\/comments?post=168169"}],"version-history":[{"count":1,"href":"https:\/\/www.bellunopress.it\/fr\/wp-json\/wp\/v2\/posts\/168169\/revisions"}],"predecessor-version":[{"id":168171,"href":"https:\/\/www.bellunopress.it\/fr\/wp-json\/wp\/v2\/posts\/168169\/revisions\/168171"}],"wp:featuredmedia":[{"embeddable":true,"href":"https:\/\/www.bellunopress.it\/fr\/wp-json\/wp\/v2\/media\/168170"}],"wp:attachment":[{"href":"https:\/\/www.bellunopress.it\/fr\/wp-json\/wp\/v2\/media?parent=168169"}],"wp:term":[{"taxonomy":"category","embeddable":true,"href":"https:\/\/www.bellunopress.it\/fr\/wp-json\/wp\/v2\/categories?post=168169"},{"taxonomy":"post_tag","embeddable":true,"href":"https:\/\/www.bellunopress.it\/fr\/wp-json\/wp\/v2\/tags?post=168169"}],"curies":[{"name":"wp","href":"https:\/\/api.w.org\/{rel}","templated":true}]}}