{"id":168150,"date":"2026-03-15T09:53:11","date_gmt":"2026-03-15T08:53:11","guid":{"rendered":"https:\/\/www.bellunopress.it\/?p=168150"},"modified":"2026-03-14T09:01:00","modified_gmt":"2026-03-14T08:01:00","slug":"il-museo-burel-si-fa-rifugio-della-parola-a-belluno-nasce-il-giornaletto-clandestino-21-marzo-prima-uscita","status":"publish","type":"post","link":"https:\/\/www.bellunopress.it\/fr\/2026\/03\/15\/il-museo-burel-si-fa-rifugio-della-parola-a-belluno-nasce-il-giornaletto-clandestino-21-marzo-prima-uscita\/","title":{"rendered":"Il Museo Burel si fa &#8220;rifugio della parola&#8221;: a Belluno nasce il Giornaletto clandestino. 21 marzo prima uscita"},"content":{"rendered":"<p data-path-to-node=\"3\"><b data-path-to-node=\"3\" data-index-in-node=\"0\">Non una mostra, ma un progetto editoriale in cinque numeri: da marzo a giugno il museo di via Mezzaterra abbandona l\u2019esposizione tradizionale per trasformarsi in uno spazio di resistenza poetica e riflessione.<\/b><\/p>\n<p data-path-to-node=\"5\">Belluno, 15\/03\/2026\u00a0\u2013 In un\u2019epoca dominata dal rumore visivo e dalla velocit\u00e0 del digitale, il Museo d\u2019arte contemporanea Burel di Belluno sceglie la via del silenzio, della cura e della &#8220;clandestinit\u00e0&#8221;. Con il nuovo progetto <em>Giornaletto clandestino<\/em>, la stagione di via Mezzaterra riprende il filo della parata <i data-path-to-node=\"5\" data-index-in-node=\"299\">MASQUERADE<\/i> iniziata lo scorso anno, ma lo fa con un cambio di passo radicale: per i prossimi quattro mesi, le pareti del museo non ospiteranno quadri o installazioni, ma si offriranno come una &#8220;sala di lettura&#8221; e un presidio di speranza.<\/p>\n<h3 data-path-to-node=\"6\">Un omaggio alla resistenza della parola<\/h3>\n<p data-path-to-node=\"7\">L\u2019ispirazione affonda le radici nella storia d\u2019Italia e nella memoria personale della direttrice e curatrice Daniela Zangrando. Il progetto richiama esplicitamente &#8220;Non Mollare&#8221;, il primo foglio clandestino antifascista nato nel 1925.<\/p>\n<p data-path-to-node=\"8\"><i data-path-to-node=\"8\" data-index-in-node=\"0\">\u00abMia nonna materna, poco prima di morire, mi raccont\u00f2 di quel giornale ciclostilato che riusc\u00ec a pubblicare ventidue numeri sfidando il regime\u00bb<\/i>, spiega Zangrando. <i data-path-to-node=\"8\" data-index-in-node=\"163\">\u00abMi ha affascinato l\u2019idea di una scrittura che \u00e8 atto di presenza rivolto a una comunit\u00e0 invisibile. GIORNALETTO CLANDESTINO vuole essere proprio questo: un luogo minimo, libero, che accoglie la fragilit\u00e0 e la trasforma in forza\u00bb<\/i>.<\/p>\n<h3 data-path-to-node=\"9\">Il formato: tra carta e &#8220;silenzio animale&#8221;<\/h3>\n<p data-path-to-node=\"10\">Il progetto si articola in cinque uscite editoriali tra marzo e giugno. Si tratta di fogli unici in formato A3, stampati con una cadenza di tre settimane. Al centro di ogni numero ci sar\u00e0 la parola scritta, nuda ed essenziale, accompagnata da un\u2019unica eccezione visiva: frammenti del mondo animale \u2014 musi, zampe, becchi \u2014 presenze discrete che simboleggiano un\u2019esistenza segreta e riservata, lontana dal clamore della cronaca.<\/p>\n<h3 data-path-to-node=\"11\">Il museo come rifugio<\/h3>\n<p data-path-to-node=\"12\">Per tutta la durata dell\u2019iniziativa, il Burel cambier\u00e0 la sua funzione pubblica. Non ci saranno inaugurazioni in pompa magna, ma una sobria vetrofania all&#8217;ingresso indicher\u00e0 le date delle pubblicazioni. Nei sabati di uscita, il museo rester\u00e0 aperto per sole due ore (dalle 10:00 alle 12:00), diventando un punto di raccolta dove sedersi, leggere e dialogare.<\/p>\n<p data-path-to-node=\"13\">Ma il &#8220;Giornaletto&#8221; non rester\u00e0 confinato tra le mura di via Mezzaterra: come ogni vera pubblicazione clandestina, alcune copie &#8220;appariranno&#8221; spontaneamente nel tessuto urbano di Belluno, tra i tavolini dei caff\u00e8 e gli scaffali delle librerie, cercando il contatto diretto con i cittadini.<\/p>\n<h3 data-path-to-node=\"14\">Il calendario delle uscite<\/h3>\n<p data-path-to-node=\"15\">Per chi volesse seguire questo esercizio di &#8220;speranza vigile&#8221;, ecco le date da segnare in calendario (tutti sabati):<\/p>\n<ul data-path-to-node=\"16\">\n<li>\n<p data-path-to-node=\"16,0,0\">21 marzo 2026 (1\u00b0 numero)<\/p>\n<\/li>\n<li>\n<p data-path-to-node=\"16,1,0\">11 aprile 2026 (2\u00b0 numero)<\/p>\n<\/li>\n<li>\n<p data-path-to-node=\"16,2,0\">2 maggio 2026 (3\u00b0 numero)<\/p>\n<\/li>\n<li>\n<p data-path-to-node=\"16,3,0\">23 maggio 2026 (4\u00b0 numero)<\/p>\n<\/li>\n<li>\n<p data-path-to-node=\"16,4,0\">13 giugno 2026 (5\u00b0 numero)<\/p>\n<\/li>\n<\/ul>\n<p data-path-to-node=\"17\">In un presente spesso percepito come brutale, il Burel invita la comunit\u00e0 ad abitare uno spazio di fiducia. Perch\u00e9, come suggerisce la curatrice, la volont\u00e0 di conoscere e di fermarsi a leggere \u00e8, oggi pi\u00f9 che mai, un necessario atto di resistenza.<\/p>\n<p data-path-to-node=\"18\">Info utili: Museo Burel, Via Mezzaterra 49, Belluno. Apertura nei giorni di uscita: ore 10:00 &#8211; 12:00. Sito web: www.burel.org<\/p>","protected":false},"excerpt":{"rendered":"<p>Non una mostra, ma un progetto editoriale in cinque numeri: da marzo a giugno il museo di via Mezzaterra abbandona l\u2019esposizione tradizionale per trasformarsi in uno spazio di resistenza poetica e riflessione. Belluno, 15\/03\/2026\u00a0\u2013 In un\u2019epoca dominata dal rumore visivo e dalla velocit\u00e0 del digitale, il Museo d\u2019arte contemporanea Burel di Belluno sceglie la via [&hellip;]<\/p>\n","protected":false},"author":2,"featured_media":142643,"comment_status":"closed","ping_status":"open","sticky":false,"template":"","format":"standard","meta":{"footnotes":""},"categories":[27,25],"tags":[],"class_list":["post-168150","post","type-post","status-publish","format-standard","has-post-thumbnail","category-appuntamenti","category-pausa-caffe"],"yoast_head":"<!-- This site is optimized with the Yoast SEO plugin v28.4 - https:\/\/yoast.com\/product\/yoast-seo-wordpress\/ -->\n<title>Il Museo Burel si fa &quot;rifugio della parola&quot;: a Belluno nasce il Giornaletto clandestino. 21 marzo prima uscita - Bellunopress - Dolomiti<\/title>\n<meta name=\"robots\" content=\"index, follow, max-snippet:-1, max-image-preview:large, max-video-preview:-1\" \/>\n<link rel=\"canonical\" href=\"https:\/\/www.bellunopress.it\/fr\/2026\/03\/15\/il-museo-burel-si-fa-rifugio-della-parola-a-belluno-nasce-il-giornaletto-clandestino-21-marzo-prima-uscita\/\" \/>\n<meta property=\"og:locale\" content=\"fr_FR\" \/>\n<meta property=\"og:type\" content=\"article\" \/>\n<meta property=\"og:title\" content=\"Il Museo Burel si fa &quot;rifugio della parola&quot;: a Belluno nasce il Giornaletto clandestino. 21 marzo prima uscita - Bellunopress - Dolomiti\" \/>\n<meta property=\"og:description\" content=\"Non una mostra, ma un progetto editoriale in cinque numeri: da marzo a giugno il museo di via Mezzaterra abbandona l\u2019esposizione tradizionale per trasformarsi in uno spazio di resistenza poetica e riflessione. Belluno, 15\/03\/2026\u00a0\u2013 In un\u2019epoca dominata dal rumore visivo e dalla velocit\u00e0 del digitale, il Museo d\u2019arte contemporanea Burel di Belluno sceglie la via [&hellip;]\" \/>\n<meta property=\"og:url\" content=\"https:\/\/www.bellunopress.it\/fr\/2026\/03\/15\/il-museo-burel-si-fa-rifugio-della-parola-a-belluno-nasce-il-giornaletto-clandestino-21-marzo-prima-uscita\/\" \/>\n<meta property=\"og:site_name\" content=\"Bellunopress - Dolomiti\" \/>\n<meta property=\"article:publisher\" content=\"https:\/\/www.facebook.com\/profile.php?id=100008943462799\" \/>\n<meta property=\"article:published_time\" content=\"2026-03-15T08:53:11+00:00\" \/>\n<meta property=\"og:image\" content=\"https:\/\/www.bellunopress.it\/wp-content\/uploads\/2023\/07\/Burel_edited.jpg\" \/>\n\t<meta property=\"og:image:width\" content=\"900\" \/>\n\t<meta property=\"og:image:height\" content=\"542\" \/>\n\t<meta property=\"og:image:type\" content=\"image\/jpeg\" \/>\n<meta name=\"author\" content=\"redazione\" \/>\n<meta name=\"twitter:card\" content=\"summary_large_image\" \/>\n<meta name=\"twitter:creator\" content=\"@bellunopress\" \/>\n<meta name=\"twitter:site\" content=\"@bellunopress\" \/>\n<meta name=\"twitter:label1\" content=\"\u00c9crit par\" \/>\n\t<meta name=\"twitter:data1\" content=\"redazione\" \/>\n\t<meta name=\"twitter:label2\" content=\"Dur\u00e9e de lecture estim\u00e9e\" \/>\n\t<meta name=\"twitter:data2\" content=\"2 minutes\" \/>\n<script type=\"application\/ld+json\" class=\"yoast-schema-graph\">{\"@context\":\"https:\\\/\\\/schema.org\",\"@graph\":[{\"@type\":\"Article\",\"@id\":\"https:\\\/\\\/www.bellunopress.it\\\/2026\\\/03\\\/15\\\/il-museo-burel-si-fa-rifugio-della-parola-a-belluno-nasce-il-giornaletto-clandestino-21-marzo-prima-uscita\\\/#article\",\"isPartOf\":{\"@id\":\"https:\\\/\\\/www.bellunopress.it\\\/2026\\\/03\\\/15\\\/il-museo-burel-si-fa-rifugio-della-parola-a-belluno-nasce-il-giornaletto-clandestino-21-marzo-prima-uscita\\\/\"},\"author\":{\"name\":\"redazione\",\"@id\":\"https:\\\/\\\/www.bellunopress.it\\\/#\\\/schema\\\/person\\\/79bb06722b37ece1c03d3e94beb30d73\"},\"headline\":\"Il Museo Burel si fa &#8220;rifugio della parola&#8221;: a Belluno nasce il Giornaletto clandestino. 21 marzo prima uscita\",\"datePublished\":\"2026-03-15T08:53:11+00:00\",\"mainEntityOfPage\":{\"@id\":\"https:\\\/\\\/www.bellunopress.it\\\/2026\\\/03\\\/15\\\/il-museo-burel-si-fa-rifugio-della-parola-a-belluno-nasce-il-giornaletto-clandestino-21-marzo-prima-uscita\\\/\"},\"wordCount\":504,\"publisher\":{\"@id\":\"https:\\\/\\\/www.bellunopress.it\\\/#organization\"},\"image\":{\"@id\":\"https:\\\/\\\/www.bellunopress.it\\\/2026\\\/03\\\/15\\\/il-museo-burel-si-fa-rifugio-della-parola-a-belluno-nasce-il-giornaletto-clandestino-21-marzo-prima-uscita\\\/#primaryimage\"},\"thumbnailUrl\":\"https:\\\/\\\/www.bellunopress.it\\\/wp-content\\\/uploads\\\/2023\\\/07\\\/Burel_edited.jpg\",\"articleSection\":[\"Appuntamenti, Eventi\",\"Pausa Caff\u00e8\"],\"inLanguage\":\"fr-FR\"},{\"@type\":\"WebPage\",\"@id\":\"https:\\\/\\\/www.bellunopress.it\\\/2026\\\/03\\\/15\\\/il-museo-burel-si-fa-rifugio-della-parola-a-belluno-nasce-il-giornaletto-clandestino-21-marzo-prima-uscita\\\/\",\"url\":\"https:\\\/\\\/www.bellunopress.it\\\/2026\\\/03\\\/15\\\/il-museo-burel-si-fa-rifugio-della-parola-a-belluno-nasce-il-giornaletto-clandestino-21-marzo-prima-uscita\\\/\",\"name\":\"Il Museo Burel si fa \\\"rifugio della parola\\\": a Belluno nasce il Giornaletto clandestino. 21 marzo prima uscita - Bellunopress - Dolomiti\",\"isPartOf\":{\"@id\":\"https:\\\/\\\/www.bellunopress.it\\\/#website\"},\"primaryImageOfPage\":{\"@id\":\"https:\\\/\\\/www.bellunopress.it\\\/2026\\\/03\\\/15\\\/il-museo-burel-si-fa-rifugio-della-parola-a-belluno-nasce-il-giornaletto-clandestino-21-marzo-prima-uscita\\\/#primaryimage\"},\"image\":{\"@id\":\"https:\\\/\\\/www.bellunopress.it\\\/2026\\\/03\\\/15\\\/il-museo-burel-si-fa-rifugio-della-parola-a-belluno-nasce-il-giornaletto-clandestino-21-marzo-prima-uscita\\\/#primaryimage\"},\"thumbnailUrl\":\"https:\\\/\\\/www.bellunopress.it\\\/wp-content\\\/uploads\\\/2023\\\/07\\\/Burel_edited.jpg\",\"datePublished\":\"2026-03-15T08:53:11+00:00\",\"breadcrumb\":{\"@id\":\"https:\\\/\\\/www.bellunopress.it\\\/2026\\\/03\\\/15\\\/il-museo-burel-si-fa-rifugio-della-parola-a-belluno-nasce-il-giornaletto-clandestino-21-marzo-prima-uscita\\\/#breadcrumb\"},\"inLanguage\":\"fr-FR\",\"potentialAction\":[{\"@type\":\"ReadAction\",\"target\":[\"https:\\\/\\\/www.bellunopress.it\\\/2026\\\/03\\\/15\\\/il-museo-burel-si-fa-rifugio-della-parola-a-belluno-nasce-il-giornaletto-clandestino-21-marzo-prima-uscita\\\/\"]}]},{\"@type\":\"ImageObject\",\"inLanguage\":\"fr-FR\",\"@id\":\"https:\\\/\\\/www.bellunopress.it\\\/2026\\\/03\\\/15\\\/il-museo-burel-si-fa-rifugio-della-parola-a-belluno-nasce-il-giornaletto-clandestino-21-marzo-prima-uscita\\\/#primaryimage\",\"url\":\"https:\\\/\\\/www.bellunopress.it\\\/wp-content\\\/uploads\\\/2023\\\/07\\\/Burel_edited.jpg\",\"contentUrl\":\"https:\\\/\\\/www.bellunopress.it\\\/wp-content\\\/uploads\\\/2023\\\/07\\\/Burel_edited.jpg\",\"width\":900,\"height\":542},{\"@type\":\"BreadcrumbList\",\"@id\":\"https:\\\/\\\/www.bellunopress.it\\\/2026\\\/03\\\/15\\\/il-museo-burel-si-fa-rifugio-della-parola-a-belluno-nasce-il-giornaletto-clandestino-21-marzo-prima-uscita\\\/#breadcrumb\",\"itemListElement\":[{\"@type\":\"ListItem\",\"position\":1,\"name\":\"Home\",\"item\":\"https:\\\/\\\/www.bellunopress.it\\\/\"},{\"@type\":\"ListItem\",\"position\":2,\"name\":\"Il Museo Burel si fa &#8220;rifugio della parola&#8221;: a Belluno nasce il Giornaletto clandestino. 21 marzo prima uscita\"}]},{\"@type\":\"WebSite\",\"@id\":\"https:\\\/\\\/www.bellunopress.it\\\/#website\",\"url\":\"https:\\\/\\\/www.bellunopress.it\\\/\",\"name\":\"Bellunopress - Dolomiti\",\"description\":\"e-mail: redazione@bellunopress.it\",\"publisher\":{\"@id\":\"https:\\\/\\\/www.bellunopress.it\\\/#organization\"},\"potentialAction\":[{\"@type\":\"SearchAction\",\"target\":{\"@type\":\"EntryPoint\",\"urlTemplate\":\"https:\\\/\\\/www.bellunopress.it\\\/?s={search_term_string}\"},\"query-input\":{\"@type\":\"PropertyValueSpecification\",\"valueRequired\":true,\"valueName\":\"search_term_string\"}}],\"inLanguage\":\"fr-FR\"},{\"@type\":\"Organization\",\"@id\":\"https:\\\/\\\/www.bellunopress.it\\\/#organization\",\"name\":\"Bellunopress\",\"url\":\"https:\\\/\\\/www.bellunopress.it\\\/\",\"logo\":{\"@type\":\"ImageObject\",\"inLanguage\":\"fr-FR\",\"@id\":\"https:\\\/\\\/www.bellunopress.it\\\/#\\\/schema\\\/logo\\\/image\\\/\",\"url\":\"https:\\\/\\\/www.bellunopress.it\\\/wp-content\\\/uploads\\\/2011\\\/05\\\/cropped-logo-bellunopress-.jpg\",\"contentUrl\":\"https:\\\/\\\/www.bellunopress.it\\\/wp-content\\\/uploads\\\/2011\\\/05\\\/cropped-logo-bellunopress-.jpg\",\"width\":512,\"height\":512,\"caption\":\"Bellunopress\"},\"image\":{\"@id\":\"https:\\\/\\\/www.bellunopress.it\\\/#\\\/schema\\\/logo\\\/image\\\/\"},\"sameAs\":[\"https:\\\/\\\/www.facebook.com\\\/profile.php?id=100008943462799\",\"https:\\\/\\\/x.com\\\/bellunopress\",\"https:\\\/\\\/www.linkedin.com\\\/hp\\\/?dnr=JBzUWaJfMUw8vbXJJ2tVW5-I3jZKvC4wsoxE&amp;amp;amp;amp;amp;amp;trk=nav_responsive_tab_home\",\"https:\\\/\\\/www.youtube.com\\\/channel\\\/UCxL0wu1uN0_3_7hGG0306cw\"]},{\"@type\":\"Person\",\"@id\":\"https:\\\/\\\/www.bellunopress.it\\\/#\\\/schema\\\/person\\\/79bb06722b37ece1c03d3e94beb30d73\",\"name\":\"redazione\",\"image\":{\"@type\":\"ImageObject\",\"inLanguage\":\"fr-FR\",\"@id\":\"https:\\\/\\\/secure.gravatar.com\\\/avatar\\\/37d968a2e67a6fd04c169c4bdef102d0bc5d31b2546345219e348575eb80e9a0?s=96&d=mm&r=g\",\"url\":\"https:\\\/\\\/secure.gravatar.com\\\/avatar\\\/37d968a2e67a6fd04c169c4bdef102d0bc5d31b2546345219e348575eb80e9a0?s=96&d=mm&r=g\",\"contentUrl\":\"https:\\\/\\\/secure.gravatar.com\\\/avatar\\\/37d968a2e67a6fd04c169c4bdef102d0bc5d31b2546345219e348575eb80e9a0?s=96&d=mm&r=g\",\"caption\":\"redazione\"},\"sameAs\":[\"http:\\\/\\\/www.bellunopress.it\",\"https:\\\/\\\/x.com\\\/bellunopress\"],\"url\":\"https:\\\/\\\/www.bellunopress.it\\\/fr\\\/author\\\/redazione\\\/\"}]}<\/script>\n<!-- \/ Yoast SEO plugin. -->","yoast_head_json":{"title":"Il Museo Burel si fa \"rifugio della parola\": a Belluno nasce il Giornaletto clandestino. 21 marzo prima uscita - Bellunopress - Dolomiti","robots":{"index":"index","follow":"follow","max-snippet":"max-snippet:-1","max-image-preview":"max-image-preview:large","max-video-preview":"max-video-preview:-1"},"canonical":"https:\/\/www.bellunopress.it\/fr\/2026\/03\/15\/il-museo-burel-si-fa-rifugio-della-parola-a-belluno-nasce-il-giornaletto-clandestino-21-marzo-prima-uscita\/","og_locale":"fr_FR","og_type":"article","og_title":"Il Museo Burel si fa \"rifugio della parola\": a Belluno nasce il Giornaletto clandestino. 21 marzo prima uscita - Bellunopress - Dolomiti","og_description":"Non una mostra, ma un progetto editoriale in cinque numeri: da marzo a giugno il museo di via Mezzaterra abbandona l\u2019esposizione tradizionale per trasformarsi in uno spazio di resistenza poetica e riflessione. Belluno, 15\/03\/2026\u00a0\u2013 In un\u2019epoca dominata dal rumore visivo e dalla velocit\u00e0 del digitale, il Museo d\u2019arte contemporanea Burel di Belluno sceglie la via [&hellip;]","og_url":"https:\/\/www.bellunopress.it\/fr\/2026\/03\/15\/il-museo-burel-si-fa-rifugio-della-parola-a-belluno-nasce-il-giornaletto-clandestino-21-marzo-prima-uscita\/","og_site_name":"Bellunopress - Dolomiti","article_publisher":"https:\/\/www.facebook.com\/profile.php?id=100008943462799","article_published_time":"2026-03-15T08:53:11+00:00","og_image":[{"width":900,"height":542,"url":"https:\/\/www.bellunopress.it\/wp-content\/uploads\/2023\/07\/Burel_edited.jpg","type":"image\/jpeg"}],"author":"redazione","twitter_card":"summary_large_image","twitter_creator":"@bellunopress","twitter_site":"@bellunopress","twitter_misc":{"\u00c9crit par":"redazione","Dur\u00e9e de lecture estim\u00e9e":"2 minutes"},"schema":{"@context":"https:\/\/schema.org","@graph":[{"@type":"Article","@id":"https:\/\/www.bellunopress.it\/2026\/03\/15\/il-museo-burel-si-fa-rifugio-della-parola-a-belluno-nasce-il-giornaletto-clandestino-21-marzo-prima-uscita\/#article","isPartOf":{"@id":"https:\/\/www.bellunopress.it\/2026\/03\/15\/il-museo-burel-si-fa-rifugio-della-parola-a-belluno-nasce-il-giornaletto-clandestino-21-marzo-prima-uscita\/"},"author":{"name":"redazione","@id":"https:\/\/www.bellunopress.it\/#\/schema\/person\/79bb06722b37ece1c03d3e94beb30d73"},"headline":"Il Museo Burel si fa &#8220;rifugio della parola&#8221;: a Belluno nasce il Giornaletto clandestino. 21 marzo prima uscita","datePublished":"2026-03-15T08:53:11+00:00","mainEntityOfPage":{"@id":"https:\/\/www.bellunopress.it\/2026\/03\/15\/il-museo-burel-si-fa-rifugio-della-parola-a-belluno-nasce-il-giornaletto-clandestino-21-marzo-prima-uscita\/"},"wordCount":504,"publisher":{"@id":"https:\/\/www.bellunopress.it\/#organization"},"image":{"@id":"https:\/\/www.bellunopress.it\/2026\/03\/15\/il-museo-burel-si-fa-rifugio-della-parola-a-belluno-nasce-il-giornaletto-clandestino-21-marzo-prima-uscita\/#primaryimage"},"thumbnailUrl":"https:\/\/www.bellunopress.it\/wp-content\/uploads\/2023\/07\/Burel_edited.jpg","articleSection":["Appuntamenti, Eventi","Pausa Caff\u00e8"],"inLanguage":"fr-FR"},{"@type":"WebPage","@id":"https:\/\/www.bellunopress.it\/2026\/03\/15\/il-museo-burel-si-fa-rifugio-della-parola-a-belluno-nasce-il-giornaletto-clandestino-21-marzo-prima-uscita\/","url":"https:\/\/www.bellunopress.it\/2026\/03\/15\/il-museo-burel-si-fa-rifugio-della-parola-a-belluno-nasce-il-giornaletto-clandestino-21-marzo-prima-uscita\/","name":"Il Museo Burel si fa \"rifugio della parola\": a Belluno nasce il Giornaletto clandestino. 21 marzo prima uscita - Bellunopress - Dolomiti","isPartOf":{"@id":"https:\/\/www.bellunopress.it\/#website"},"primaryImageOfPage":{"@id":"https:\/\/www.bellunopress.it\/2026\/03\/15\/il-museo-burel-si-fa-rifugio-della-parola-a-belluno-nasce-il-giornaletto-clandestino-21-marzo-prima-uscita\/#primaryimage"},"image":{"@id":"https:\/\/www.bellunopress.it\/2026\/03\/15\/il-museo-burel-si-fa-rifugio-della-parola-a-belluno-nasce-il-giornaletto-clandestino-21-marzo-prima-uscita\/#primaryimage"},"thumbnailUrl":"https:\/\/www.bellunopress.it\/wp-content\/uploads\/2023\/07\/Burel_edited.jpg","datePublished":"2026-03-15T08:53:11+00:00","breadcrumb":{"@id":"https:\/\/www.bellunopress.it\/2026\/03\/15\/il-museo-burel-si-fa-rifugio-della-parola-a-belluno-nasce-il-giornaletto-clandestino-21-marzo-prima-uscita\/#breadcrumb"},"inLanguage":"fr-FR","potentialAction":[{"@type":"ReadAction","target":["https:\/\/www.bellunopress.it\/2026\/03\/15\/il-museo-burel-si-fa-rifugio-della-parola-a-belluno-nasce-il-giornaletto-clandestino-21-marzo-prima-uscita\/"]}]},{"@type":"ImageObject","inLanguage":"fr-FR","@id":"https:\/\/www.bellunopress.it\/2026\/03\/15\/il-museo-burel-si-fa-rifugio-della-parola-a-belluno-nasce-il-giornaletto-clandestino-21-marzo-prima-uscita\/#primaryimage","url":"https:\/\/www.bellunopress.it\/wp-content\/uploads\/2023\/07\/Burel_edited.jpg","contentUrl":"https:\/\/www.bellunopress.it\/wp-content\/uploads\/2023\/07\/Burel_edited.jpg","width":900,"height":542},{"@type":"BreadcrumbList","@id":"https:\/\/www.bellunopress.it\/2026\/03\/15\/il-museo-burel-si-fa-rifugio-della-parola-a-belluno-nasce-il-giornaletto-clandestino-21-marzo-prima-uscita\/#breadcrumb","itemListElement":[{"@type":"ListItem","position":1,"name":"Home","item":"https:\/\/www.bellunopress.it\/"},{"@type":"ListItem","position":2,"name":"Il Museo Burel si fa &#8220;rifugio della parola&#8221;: a Belluno nasce il Giornaletto clandestino. 21 marzo prima uscita"}]},{"@type":"WebSite","@id":"https:\/\/www.bellunopress.it\/#website","url":"https:\/\/www.bellunopress.it\/","name":"Bellunopress - Dolomiti","description":"e-mail: redazione@bellunopress.it","publisher":{"@id":"https:\/\/www.bellunopress.it\/#organization"},"potentialAction":[{"@type":"SearchAction","target":{"@type":"EntryPoint","urlTemplate":"https:\/\/www.bellunopress.it\/?s={search_term_string}"},"query-input":{"@type":"PropertyValueSpecification","valueRequired":true,"valueName":"search_term_string"}}],"inLanguage":"fr-FR"},{"@type":"Organization","@id":"https:\/\/www.bellunopress.it\/#organization","name":"Bellunopress","url":"https:\/\/www.bellunopress.it\/","logo":{"@type":"ImageObject","inLanguage":"fr-FR","@id":"https:\/\/www.bellunopress.it\/#\/schema\/logo\/image\/","url":"https:\/\/www.bellunopress.it\/wp-content\/uploads\/2011\/05\/cropped-logo-bellunopress-.jpg","contentUrl":"https:\/\/www.bellunopress.it\/wp-content\/uploads\/2011\/05\/cropped-logo-bellunopress-.jpg","width":512,"height":512,"caption":"Bellunopress"},"image":{"@id":"https:\/\/www.bellunopress.it\/#\/schema\/logo\/image\/"},"sameAs":["https:\/\/www.facebook.com\/profile.php?id=100008943462799","https:\/\/x.com\/bellunopress","https:\/\/www.linkedin.com\/hp\/?dnr=JBzUWaJfMUw8vbXJJ2tVW5-I3jZKvC4wsoxE&amp;amp;amp;amp;amp;amp;trk=nav_responsive_tab_home","https:\/\/www.youtube.com\/channel\/UCxL0wu1uN0_3_7hGG0306cw"]},{"@type":"Person","@id":"https:\/\/www.bellunopress.it\/#\/schema\/person\/79bb06722b37ece1c03d3e94beb30d73","name":"r\u00e9daction","image":{"@type":"ImageObject","inLanguage":"fr-FR","@id":"https:\/\/secure.gravatar.com\/avatar\/37d968a2e67a6fd04c169c4bdef102d0bc5d31b2546345219e348575eb80e9a0?s=96&d=mm&r=g","url":"https:\/\/secure.gravatar.com\/avatar\/37d968a2e67a6fd04c169c4bdef102d0bc5d31b2546345219e348575eb80e9a0?s=96&d=mm&r=g","contentUrl":"https:\/\/secure.gravatar.com\/avatar\/37d968a2e67a6fd04c169c4bdef102d0bc5d31b2546345219e348575eb80e9a0?s=96&d=mm&r=g","caption":"redazione"},"sameAs":["http:\/\/www.bellunopress.it","https:\/\/x.com\/bellunopress"],"url":"https:\/\/www.bellunopress.it\/fr\/author\/redazione\/"}]}},"_links":{"self":[{"href":"https:\/\/www.bellunopress.it\/fr\/wp-json\/wp\/v2\/posts\/168150","targetHints":{"allow":["GET"]}}],"collection":[{"href":"https:\/\/www.bellunopress.it\/fr\/wp-json\/wp\/v2\/posts"}],"about":[{"href":"https:\/\/www.bellunopress.it\/fr\/wp-json\/wp\/v2\/types\/post"}],"author":[{"embeddable":true,"href":"https:\/\/www.bellunopress.it\/fr\/wp-json\/wp\/v2\/users\/2"}],"replies":[{"embeddable":true,"href":"https:\/\/www.bellunopress.it\/fr\/wp-json\/wp\/v2\/comments?post=168150"}],"version-history":[{"count":1,"href":"https:\/\/www.bellunopress.it\/fr\/wp-json\/wp\/v2\/posts\/168150\/revisions"}],"predecessor-version":[{"id":168151,"href":"https:\/\/www.bellunopress.it\/fr\/wp-json\/wp\/v2\/posts\/168150\/revisions\/168151"}],"wp:featuredmedia":[{"embeddable":true,"href":"https:\/\/www.bellunopress.it\/fr\/wp-json\/wp\/v2\/media\/142643"}],"wp:attachment":[{"href":"https:\/\/www.bellunopress.it\/fr\/wp-json\/wp\/v2\/media?parent=168150"}],"wp:term":[{"taxonomy":"category","embeddable":true,"href":"https:\/\/www.bellunopress.it\/fr\/wp-json\/wp\/v2\/categories?post=168150"},{"taxonomy":"post_tag","embeddable":true,"href":"https:\/\/www.bellunopress.it\/fr\/wp-json\/wp\/v2\/tags?post=168150"}],"curies":[{"name":"wp","href":"https:\/\/api.w.org\/{rel}","templated":true}]}}