{"id":168147,"date":"2026-03-15T10:31:23","date_gmt":"2026-03-15T09:31:23","guid":{"rendered":"https:\/\/www.bellunopress.it\/?p=168147"},"modified":"2026-03-14T08:40:20","modified_gmt":"2026-03-14T07:40:20","slug":"referendum-martedi-sera-a-belluno-dibattito-pubblico-tra-i-sostenitori-del-si-e-quelli-del-no","status":"publish","type":"post","link":"https:\/\/www.bellunopress.it\/fr\/2026\/03\/15\/referendum-martedi-sera-a-belluno-dibattito-pubblico-tra-i-sostenitori-del-si-e-quelli-del-no\/","title":{"rendered":"Referendum. Marted\u00ec sera a Belluno dibattito pubblico tra i sostenitori del SI e quelli del NO"},"content":{"rendered":"<p>La Lega Giovani di Belluno organizza il dibattito pubblico &#8220;Giustizia al bivio \u2013 una scelta consapevole tra S\u00ec e No&#8221;, in programma marted\u00ec 17 marzo alle ore 19.30 presso l&#8217;Urban Hub di Belluno in via Ippolito Caffi 11\/B a Belluno). L&#8217;ingresso \u00e8 libero.<\/p>\n<p>L&#8217;iniziativa nasce con l&#8217;obiettivo di offrire ai giovani e ai cittadini un momento di confronto serio e informato su una riforma che tocca uno dei pilastri dello Stato di diritto: la giustizia.<\/p>\n<p>Il dibattito sar\u00e0 moderato da Luigi Filippo Daniele dell&#8217;associazione Polis Futura e vedr\u00e0 confrontarsi Marco Donno per la Lega Giovani, a favore del S\u00ec, e Mariachiara Roldo dei Giovani Democratici, a sostegno del No.<\/p>\n<p>\u00abCrediamo che questa riforma rappresenti un passo necessario per rendere la giustizia pi\u00f9 equilibrata e trasparente, rafforzando la distinzione tra chi accusa e chi giudica e contribuendo a restituire fiducia dei cittadini nel sistema giudiziario. Per questo sosteniamo convintamente il &#8220;S\u00ec&#8221; e abbiamo voluto promuovere un confronto pubblico aperto e serio su un tema cos\u00ec importante\u00bb, afferma Marco Donno della Lega Giovani.<\/p>\n<p>\u00abPiero Calamandrei &#8211; sottolinea Mariachiara Roldo &#8211; ricordava che i magistrati incarnano ogni giorno l&#8217;autorit\u00e0 della legge. Quando la giustizia diventa terreno di scontro politico, \u00e8 la credibilit\u00e0 stessa dello Stato di diritto a essere messa in discussione. Per questo diciamo &#8220;No&#8221; a una riforma che rischia di indebolire autonomia e indipendenza della magistratura senza risolvere i veri problemi della giustizia: anzi, crea nuove strutture e nuovi costi, con due CSM e un&#8217;Alta Corte, invece di investire risorse per rendere la giustizia pi\u00f9 efficiente.\u00bb<\/p>\n<p>&nbsp;<\/p>\n<p>&nbsp;<\/p>","protected":false},"excerpt":{"rendered":"<p>La Lega Giovani di Belluno organizza il dibattito pubblico &#8220;Giustizia al bivio \u2013 una scelta consapevole tra S\u00ec e No&#8221;, in programma marted\u00ec 17 marzo alle ore 19.30 presso l&#8217;Urban Hub di Belluno in via Ippolito Caffi 11\/B a Belluno). L&#8217;ingresso \u00e8 libero. L&#8217;iniziativa nasce con l&#8217;obiettivo di offrire ai giovani e ai cittadini un [&hellip;]<\/p>\n","protected":false},"author":2,"featured_media":132476,"comment_status":"closed","ping_status":"open","sticky":false,"template":"","format":"standard","meta":{"footnotes":""},"categories":[5,8],"tags":[],"class_list":["post-168147","post","type-post","status-publish","format-standard","has-post-thumbnail","category-cronaca","category-societa-istituzioni"],"yoast_head":"<!-- This site is optimized with the Yoast SEO plugin v28.4 - https:\/\/yoast.com\/product\/yoast-seo-wordpress\/ -->\n<title>Referendum. Marted\u00ec sera a Belluno dibattito pubblico tra i sostenitori del SI e quelli del NO - Bellunopress - Dolomiti<\/title>\n<meta name=\"robots\" content=\"index, follow, max-snippet:-1, max-image-preview:large, max-video-preview:-1\" \/>\n<link rel=\"canonical\" href=\"https:\/\/www.bellunopress.it\/fr\/2026\/03\/15\/referendum-martedi-sera-a-belluno-dibattito-pubblico-tra-i-sostenitori-del-si-e-quelli-del-no\/\" \/>\n<meta property=\"og:locale\" content=\"fr_FR\" \/>\n<meta property=\"og:type\" content=\"article\" \/>\n<meta property=\"og:title\" content=\"Referendum. Marted\u00ec sera a Belluno dibattito pubblico tra i sostenitori del SI e quelli del NO - Bellunopress - Dolomiti\" \/>\n<meta property=\"og:description\" content=\"La Lega Giovani di Belluno organizza il dibattito pubblico &#8220;Giustizia al bivio \u2013 una scelta consapevole tra S\u00ec e No&#8221;, in programma marted\u00ec 17 marzo alle ore 19.30 presso l&#8217;Urban Hub di Belluno in via Ippolito Caffi 11\/B a Belluno). L&#8217;ingresso \u00e8 libero. L&#8217;iniziativa nasce con l&#8217;obiettivo di offrire ai giovani e ai cittadini un [&hellip;]\" \/>\n<meta property=\"og:url\" content=\"https:\/\/www.bellunopress.it\/fr\/2026\/03\/15\/referendum-martedi-sera-a-belluno-dibattito-pubblico-tra-i-sostenitori-del-si-e-quelli-del-no\/\" \/>\n<meta property=\"og:site_name\" content=\"Bellunopress - Dolomiti\" \/>\n<meta property=\"article:publisher\" content=\"https:\/\/www.facebook.com\/profile.php?id=100008943462799\" \/>\n<meta property=\"article:published_time\" content=\"2026-03-15T09:31:23+00:00\" \/>\n<meta property=\"og:image\" content=\"https:\/\/www.bellunopress.it\/wp-content\/uploads\/2022\/04\/Urban-hub_edited.jpg\" \/>\n\t<meta property=\"og:image:width\" content=\"1000\" \/>\n\t<meta property=\"og:image:height\" content=\"365\" \/>\n\t<meta property=\"og:image:type\" content=\"image\/jpeg\" \/>\n<meta name=\"author\" content=\"redazione\" \/>\n<meta name=\"twitter:card\" content=\"summary_large_image\" \/>\n<meta name=\"twitter:creator\" content=\"@bellunopress\" \/>\n<meta name=\"twitter:site\" content=\"@bellunopress\" \/>\n<meta name=\"twitter:label1\" content=\"\u00c9crit par\" \/>\n\t<meta name=\"twitter:data1\" content=\"redazione\" \/>\n\t<meta name=\"twitter:label2\" content=\"Dur\u00e9e de lecture estim\u00e9e\" \/>\n\t<meta name=\"twitter:data2\" content=\"1 minute\" \/>\n<script type=\"application\/ld+json\" class=\"yoast-schema-graph\">{\"@context\":\"https:\\\/\\\/schema.org\",\"@graph\":[{\"@type\":\"Article\",\"@id\":\"https:\\\/\\\/www.bellunopress.it\\\/2026\\\/03\\\/15\\\/referendum-martedi-sera-a-belluno-dibattito-pubblico-tra-i-sostenitori-del-si-e-quelli-del-no\\\/#article\",\"isPartOf\":{\"@id\":\"https:\\\/\\\/www.bellunopress.it\\\/2026\\\/03\\\/15\\\/referendum-martedi-sera-a-belluno-dibattito-pubblico-tra-i-sostenitori-del-si-e-quelli-del-no\\\/\"},\"author\":{\"name\":\"redazione\",\"@id\":\"https:\\\/\\\/www.bellunopress.it\\\/#\\\/schema\\\/person\\\/79bb06722b37ece1c03d3e94beb30d73\"},\"headline\":\"Referendum. Marted\u00ec sera a Belluno dibattito pubblico tra i sostenitori del SI e quelli del NO\",\"datePublished\":\"2026-03-15T09:31:23+00:00\",\"mainEntityOfPage\":{\"@id\":\"https:\\\/\\\/www.bellunopress.it\\\/2026\\\/03\\\/15\\\/referendum-martedi-sera-a-belluno-dibattito-pubblico-tra-i-sostenitori-del-si-e-quelli-del-no\\\/\"},\"wordCount\":275,\"publisher\":{\"@id\":\"https:\\\/\\\/www.bellunopress.it\\\/#organization\"},\"image\":{\"@id\":\"https:\\\/\\\/www.bellunopress.it\\\/2026\\\/03\\\/15\\\/referendum-martedi-sera-a-belluno-dibattito-pubblico-tra-i-sostenitori-del-si-e-quelli-del-no\\\/#primaryimage\"},\"thumbnailUrl\":\"https:\\\/\\\/www.bellunopress.it\\\/wp-content\\\/uploads\\\/2022\\\/04\\\/Urban-hub_edited.jpg\",\"articleSection\":[\"Cronaca\\\/Politica\",\"Societ\u00e0, Associazioni, Istituzioni\"],\"inLanguage\":\"fr-FR\"},{\"@type\":\"WebPage\",\"@id\":\"https:\\\/\\\/www.bellunopress.it\\\/2026\\\/03\\\/15\\\/referendum-martedi-sera-a-belluno-dibattito-pubblico-tra-i-sostenitori-del-si-e-quelli-del-no\\\/\",\"url\":\"https:\\\/\\\/www.bellunopress.it\\\/2026\\\/03\\\/15\\\/referendum-martedi-sera-a-belluno-dibattito-pubblico-tra-i-sostenitori-del-si-e-quelli-del-no\\\/\",\"name\":\"Referendum. Marted\u00ec sera a Belluno dibattito pubblico tra i sostenitori del SI e quelli del NO - Bellunopress - Dolomiti\",\"isPartOf\":{\"@id\":\"https:\\\/\\\/www.bellunopress.it\\\/#website\"},\"primaryImageOfPage\":{\"@id\":\"https:\\\/\\\/www.bellunopress.it\\\/2026\\\/03\\\/15\\\/referendum-martedi-sera-a-belluno-dibattito-pubblico-tra-i-sostenitori-del-si-e-quelli-del-no\\\/#primaryimage\"},\"image\":{\"@id\":\"https:\\\/\\\/www.bellunopress.it\\\/2026\\\/03\\\/15\\\/referendum-martedi-sera-a-belluno-dibattito-pubblico-tra-i-sostenitori-del-si-e-quelli-del-no\\\/#primaryimage\"},\"thumbnailUrl\":\"https:\\\/\\\/www.bellunopress.it\\\/wp-content\\\/uploads\\\/2022\\\/04\\\/Urban-hub_edited.jpg\",\"datePublished\":\"2026-03-15T09:31:23+00:00\",\"breadcrumb\":{\"@id\":\"https:\\\/\\\/www.bellunopress.it\\\/2026\\\/03\\\/15\\\/referendum-martedi-sera-a-belluno-dibattito-pubblico-tra-i-sostenitori-del-si-e-quelli-del-no\\\/#breadcrumb\"},\"inLanguage\":\"fr-FR\",\"potentialAction\":[{\"@type\":\"ReadAction\",\"target\":[\"https:\\\/\\\/www.bellunopress.it\\\/2026\\\/03\\\/15\\\/referendum-martedi-sera-a-belluno-dibattito-pubblico-tra-i-sostenitori-del-si-e-quelli-del-no\\\/\"]}]},{\"@type\":\"ImageObject\",\"inLanguage\":\"fr-FR\",\"@id\":\"https:\\\/\\\/www.bellunopress.it\\\/2026\\\/03\\\/15\\\/referendum-martedi-sera-a-belluno-dibattito-pubblico-tra-i-sostenitori-del-si-e-quelli-del-no\\\/#primaryimage\",\"url\":\"https:\\\/\\\/www.bellunopress.it\\\/wp-content\\\/uploads\\\/2022\\\/04\\\/Urban-hub_edited.jpg\",\"contentUrl\":\"https:\\\/\\\/www.bellunopress.it\\\/wp-content\\\/uploads\\\/2022\\\/04\\\/Urban-hub_edited.jpg\",\"width\":1000,\"height\":365},{\"@type\":\"BreadcrumbList\",\"@id\":\"https:\\\/\\\/www.bellunopress.it\\\/2026\\\/03\\\/15\\\/referendum-martedi-sera-a-belluno-dibattito-pubblico-tra-i-sostenitori-del-si-e-quelli-del-no\\\/#breadcrumb\",\"itemListElement\":[{\"@type\":\"ListItem\",\"position\":1,\"name\":\"Home\",\"item\":\"https:\\\/\\\/www.bellunopress.it\\\/\"},{\"@type\":\"ListItem\",\"position\":2,\"name\":\"Referendum. Marted\u00ec sera a Belluno dibattito pubblico tra i sostenitori del SI e quelli del NO\"}]},{\"@type\":\"WebSite\",\"@id\":\"https:\\\/\\\/www.bellunopress.it\\\/#website\",\"url\":\"https:\\\/\\\/www.bellunopress.it\\\/\",\"name\":\"Bellunopress - Dolomiti\",\"description\":\"e-mail: redazione@bellunopress.it\",\"publisher\":{\"@id\":\"https:\\\/\\\/www.bellunopress.it\\\/#organization\"},\"potentialAction\":[{\"@type\":\"SearchAction\",\"target\":{\"@type\":\"EntryPoint\",\"urlTemplate\":\"https:\\\/\\\/www.bellunopress.it\\\/?s={search_term_string}\"},\"query-input\":{\"@type\":\"PropertyValueSpecification\",\"valueRequired\":true,\"valueName\":\"search_term_string\"}}],\"inLanguage\":\"fr-FR\"},{\"@type\":\"Organization\",\"@id\":\"https:\\\/\\\/www.bellunopress.it\\\/#organization\",\"name\":\"Bellunopress\",\"url\":\"https:\\\/\\\/www.bellunopress.it\\\/\",\"logo\":{\"@type\":\"ImageObject\",\"inLanguage\":\"fr-FR\",\"@id\":\"https:\\\/\\\/www.bellunopress.it\\\/#\\\/schema\\\/logo\\\/image\\\/\",\"url\":\"https:\\\/\\\/www.bellunopress.it\\\/wp-content\\\/uploads\\\/2011\\\/05\\\/cropped-logo-bellunopress-.jpg\",\"contentUrl\":\"https:\\\/\\\/www.bellunopress.it\\\/wp-content\\\/uploads\\\/2011\\\/05\\\/cropped-logo-bellunopress-.jpg\",\"width\":512,\"height\":512,\"caption\":\"Bellunopress\"},\"image\":{\"@id\":\"https:\\\/\\\/www.bellunopress.it\\\/#\\\/schema\\\/logo\\\/image\\\/\"},\"sameAs\":[\"https:\\\/\\\/www.facebook.com\\\/profile.php?id=100008943462799\",\"https:\\\/\\\/x.com\\\/bellunopress\",\"https:\\\/\\\/www.linkedin.com\\\/hp\\\/?dnr=JBzUWaJfMUw8vbXJJ2tVW5-I3jZKvC4wsoxE&amp;amp;amp;amp;amp;amp;trk=nav_responsive_tab_home\",\"https:\\\/\\\/www.youtube.com\\\/channel\\\/UCxL0wu1uN0_3_7hGG0306cw\"]},{\"@type\":\"Person\",\"@id\":\"https:\\\/\\\/www.bellunopress.it\\\/#\\\/schema\\\/person\\\/79bb06722b37ece1c03d3e94beb30d73\",\"name\":\"redazione\",\"image\":{\"@type\":\"ImageObject\",\"inLanguage\":\"fr-FR\",\"@id\":\"https:\\\/\\\/secure.gravatar.com\\\/avatar\\\/37d968a2e67a6fd04c169c4bdef102d0bc5d31b2546345219e348575eb80e9a0?s=96&d=mm&r=g\",\"url\":\"https:\\\/\\\/secure.gravatar.com\\\/avatar\\\/37d968a2e67a6fd04c169c4bdef102d0bc5d31b2546345219e348575eb80e9a0?s=96&d=mm&r=g\",\"contentUrl\":\"https:\\\/\\\/secure.gravatar.com\\\/avatar\\\/37d968a2e67a6fd04c169c4bdef102d0bc5d31b2546345219e348575eb80e9a0?s=96&d=mm&r=g\",\"caption\":\"redazione\"},\"sameAs\":[\"http:\\\/\\\/www.bellunopress.it\",\"https:\\\/\\\/x.com\\\/bellunopress\"],\"url\":\"https:\\\/\\\/www.bellunopress.it\\\/fr\\\/author\\\/redazione\\\/\"}]}<\/script>\n<!-- \/ Yoast SEO plugin. -->","yoast_head_json":{"title":"Referendum. Marted\u00ec sera a Belluno dibattito pubblico tra i sostenitori del SI e quelli del NO - Bellunopress - Dolomiti","robots":{"index":"index","follow":"follow","max-snippet":"max-snippet:-1","max-image-preview":"max-image-preview:large","max-video-preview":"max-video-preview:-1"},"canonical":"https:\/\/www.bellunopress.it\/fr\/2026\/03\/15\/referendum-martedi-sera-a-belluno-dibattito-pubblico-tra-i-sostenitori-del-si-e-quelli-del-no\/","og_locale":"fr_FR","og_type":"article","og_title":"Referendum. Marted\u00ec sera a Belluno dibattito pubblico tra i sostenitori del SI e quelli del NO - Bellunopress - Dolomiti","og_description":"La Lega Giovani di Belluno organizza il dibattito pubblico &#8220;Giustizia al bivio \u2013 una scelta consapevole tra S\u00ec e No&#8221;, in programma marted\u00ec 17 marzo alle ore 19.30 presso l&#8217;Urban Hub di Belluno in via Ippolito Caffi 11\/B a Belluno). L&#8217;ingresso \u00e8 libero. L&#8217;iniziativa nasce con l&#8217;obiettivo di offrire ai giovani e ai cittadini un [&hellip;]","og_url":"https:\/\/www.bellunopress.it\/fr\/2026\/03\/15\/referendum-martedi-sera-a-belluno-dibattito-pubblico-tra-i-sostenitori-del-si-e-quelli-del-no\/","og_site_name":"Bellunopress - Dolomiti","article_publisher":"https:\/\/www.facebook.com\/profile.php?id=100008943462799","article_published_time":"2026-03-15T09:31:23+00:00","og_image":[{"width":1000,"height":365,"url":"https:\/\/www.bellunopress.it\/wp-content\/uploads\/2022\/04\/Urban-hub_edited.jpg","type":"image\/jpeg"}],"author":"redazione","twitter_card":"summary_large_image","twitter_creator":"@bellunopress","twitter_site":"@bellunopress","twitter_misc":{"\u00c9crit par":"redazione","Dur\u00e9e de lecture estim\u00e9e":"1 minute"},"schema":{"@context":"https:\/\/schema.org","@graph":[{"@type":"Article","@id":"https:\/\/www.bellunopress.it\/2026\/03\/15\/referendum-martedi-sera-a-belluno-dibattito-pubblico-tra-i-sostenitori-del-si-e-quelli-del-no\/#article","isPartOf":{"@id":"https:\/\/www.bellunopress.it\/2026\/03\/15\/referendum-martedi-sera-a-belluno-dibattito-pubblico-tra-i-sostenitori-del-si-e-quelli-del-no\/"},"author":{"name":"redazione","@id":"https:\/\/www.bellunopress.it\/#\/schema\/person\/79bb06722b37ece1c03d3e94beb30d73"},"headline":"Referendum. Marted\u00ec sera a Belluno dibattito pubblico tra i sostenitori del SI e quelli del NO","datePublished":"2026-03-15T09:31:23+00:00","mainEntityOfPage":{"@id":"https:\/\/www.bellunopress.it\/2026\/03\/15\/referendum-martedi-sera-a-belluno-dibattito-pubblico-tra-i-sostenitori-del-si-e-quelli-del-no\/"},"wordCount":275,"publisher":{"@id":"https:\/\/www.bellunopress.it\/#organization"},"image":{"@id":"https:\/\/www.bellunopress.it\/2026\/03\/15\/referendum-martedi-sera-a-belluno-dibattito-pubblico-tra-i-sostenitori-del-si-e-quelli-del-no\/#primaryimage"},"thumbnailUrl":"https:\/\/www.bellunopress.it\/wp-content\/uploads\/2022\/04\/Urban-hub_edited.jpg","articleSection":["Cronaca\/Politica","Societ\u00e0, Associazioni, Istituzioni"],"inLanguage":"fr-FR"},{"@type":"WebPage","@id":"https:\/\/www.bellunopress.it\/2026\/03\/15\/referendum-martedi-sera-a-belluno-dibattito-pubblico-tra-i-sostenitori-del-si-e-quelli-del-no\/","url":"https:\/\/www.bellunopress.it\/2026\/03\/15\/referendum-martedi-sera-a-belluno-dibattito-pubblico-tra-i-sostenitori-del-si-e-quelli-del-no\/","name":"Referendum. Marted\u00ec sera a Belluno dibattito pubblico tra i sostenitori del SI e quelli del NO - Bellunopress - Dolomiti","isPartOf":{"@id":"https:\/\/www.bellunopress.it\/#website"},"primaryImageOfPage":{"@id":"https:\/\/www.bellunopress.it\/2026\/03\/15\/referendum-martedi-sera-a-belluno-dibattito-pubblico-tra-i-sostenitori-del-si-e-quelli-del-no\/#primaryimage"},"image":{"@id":"https:\/\/www.bellunopress.it\/2026\/03\/15\/referendum-martedi-sera-a-belluno-dibattito-pubblico-tra-i-sostenitori-del-si-e-quelli-del-no\/#primaryimage"},"thumbnailUrl":"https:\/\/www.bellunopress.it\/wp-content\/uploads\/2022\/04\/Urban-hub_edited.jpg","datePublished":"2026-03-15T09:31:23+00:00","breadcrumb":{"@id":"https:\/\/www.bellunopress.it\/2026\/03\/15\/referendum-martedi-sera-a-belluno-dibattito-pubblico-tra-i-sostenitori-del-si-e-quelli-del-no\/#breadcrumb"},"inLanguage":"fr-FR","potentialAction":[{"@type":"ReadAction","target":["https:\/\/www.bellunopress.it\/2026\/03\/15\/referendum-martedi-sera-a-belluno-dibattito-pubblico-tra-i-sostenitori-del-si-e-quelli-del-no\/"]}]},{"@type":"ImageObject","inLanguage":"fr-FR","@id":"https:\/\/www.bellunopress.it\/2026\/03\/15\/referendum-martedi-sera-a-belluno-dibattito-pubblico-tra-i-sostenitori-del-si-e-quelli-del-no\/#primaryimage","url":"https:\/\/www.bellunopress.it\/wp-content\/uploads\/2022\/04\/Urban-hub_edited.jpg","contentUrl":"https:\/\/www.bellunopress.it\/wp-content\/uploads\/2022\/04\/Urban-hub_edited.jpg","width":1000,"height":365},{"@type":"BreadcrumbList","@id":"https:\/\/www.bellunopress.it\/2026\/03\/15\/referendum-martedi-sera-a-belluno-dibattito-pubblico-tra-i-sostenitori-del-si-e-quelli-del-no\/#breadcrumb","itemListElement":[{"@type":"ListItem","position":1,"name":"Home","item":"https:\/\/www.bellunopress.it\/"},{"@type":"ListItem","position":2,"name":"Referendum. Marted\u00ec sera a Belluno dibattito pubblico tra i sostenitori del SI e quelli del NO"}]},{"@type":"WebSite","@id":"https:\/\/www.bellunopress.it\/#website","url":"https:\/\/www.bellunopress.it\/","name":"Bellunopress - Dolomiti","description":"e-mail: redazione@bellunopress.it","publisher":{"@id":"https:\/\/www.bellunopress.it\/#organization"},"potentialAction":[{"@type":"SearchAction","target":{"@type":"EntryPoint","urlTemplate":"https:\/\/www.bellunopress.it\/?s={search_term_string}"},"query-input":{"@type":"PropertyValueSpecification","valueRequired":true,"valueName":"search_term_string"}}],"inLanguage":"fr-FR"},{"@type":"Organization","@id":"https:\/\/www.bellunopress.it\/#organization","name":"Bellunopress","url":"https:\/\/www.bellunopress.it\/","logo":{"@type":"ImageObject","inLanguage":"fr-FR","@id":"https:\/\/www.bellunopress.it\/#\/schema\/logo\/image\/","url":"https:\/\/www.bellunopress.it\/wp-content\/uploads\/2011\/05\/cropped-logo-bellunopress-.jpg","contentUrl":"https:\/\/www.bellunopress.it\/wp-content\/uploads\/2011\/05\/cropped-logo-bellunopress-.jpg","width":512,"height":512,"caption":"Bellunopress"},"image":{"@id":"https:\/\/www.bellunopress.it\/#\/schema\/logo\/image\/"},"sameAs":["https:\/\/www.facebook.com\/profile.php?id=100008943462799","https:\/\/x.com\/bellunopress","https:\/\/www.linkedin.com\/hp\/?dnr=JBzUWaJfMUw8vbXJJ2tVW5-I3jZKvC4wsoxE&amp;amp;amp;amp;amp;amp;trk=nav_responsive_tab_home","https:\/\/www.youtube.com\/channel\/UCxL0wu1uN0_3_7hGG0306cw"]},{"@type":"Person","@id":"https:\/\/www.bellunopress.it\/#\/schema\/person\/79bb06722b37ece1c03d3e94beb30d73","name":"r\u00e9daction","image":{"@type":"ImageObject","inLanguage":"fr-FR","@id":"https:\/\/secure.gravatar.com\/avatar\/37d968a2e67a6fd04c169c4bdef102d0bc5d31b2546345219e348575eb80e9a0?s=96&d=mm&r=g","url":"https:\/\/secure.gravatar.com\/avatar\/37d968a2e67a6fd04c169c4bdef102d0bc5d31b2546345219e348575eb80e9a0?s=96&d=mm&r=g","contentUrl":"https:\/\/secure.gravatar.com\/avatar\/37d968a2e67a6fd04c169c4bdef102d0bc5d31b2546345219e348575eb80e9a0?s=96&d=mm&r=g","caption":"redazione"},"sameAs":["http:\/\/www.bellunopress.it","https:\/\/x.com\/bellunopress"],"url":"https:\/\/www.bellunopress.it\/fr\/author\/redazione\/"}]}},"_links":{"self":[{"href":"https:\/\/www.bellunopress.it\/fr\/wp-json\/wp\/v2\/posts\/168147","targetHints":{"allow":["GET"]}}],"collection":[{"href":"https:\/\/www.bellunopress.it\/fr\/wp-json\/wp\/v2\/posts"}],"about":[{"href":"https:\/\/www.bellunopress.it\/fr\/wp-json\/wp\/v2\/types\/post"}],"author":[{"embeddable":true,"href":"https:\/\/www.bellunopress.it\/fr\/wp-json\/wp\/v2\/users\/2"}],"replies":[{"embeddable":true,"href":"https:\/\/www.bellunopress.it\/fr\/wp-json\/wp\/v2\/comments?post=168147"}],"version-history":[{"count":2,"href":"https:\/\/www.bellunopress.it\/fr\/wp-json\/wp\/v2\/posts\/168147\/revisions"}],"predecessor-version":[{"id":168149,"href":"https:\/\/www.bellunopress.it\/fr\/wp-json\/wp\/v2\/posts\/168147\/revisions\/168149"}],"wp:featuredmedia":[{"embeddable":true,"href":"https:\/\/www.bellunopress.it\/fr\/wp-json\/wp\/v2\/media\/132476"}],"wp:attachment":[{"href":"https:\/\/www.bellunopress.it\/fr\/wp-json\/wp\/v2\/media?parent=168147"}],"wp:term":[{"taxonomy":"category","embeddable":true,"href":"https:\/\/www.bellunopress.it\/fr\/wp-json\/wp\/v2\/categories?post=168147"},{"taxonomy":"post_tag","embeddable":true,"href":"https:\/\/www.bellunopress.it\/fr\/wp-json\/wp\/v2\/tags?post=168147"}],"curies":[{"name":"wp","href":"https:\/\/api.w.org\/{rel}","templated":true}]}}