{"id":168143,"date":"2026-03-14T08:21:04","date_gmt":"2026-03-14T07:21:04","guid":{"rendered":"https:\/\/www.bellunopress.it\/?p=168143"},"modified":"2026-03-14T08:21:04","modified_gmt":"2026-03-14T07:21:04","slug":"lav-replica-al-sindaco-di-chies-dalpago-14-lupi-in-cansiglio-nulla-di-eccezionale","status":"publish","type":"post","link":"https:\/\/www.bellunopress.it\/fr\/2026\/03\/14\/lav-replica-al-sindaco-di-chies-dalpago-14-lupi-in-cansiglio-nulla-di-eccezionale\/","title":{"rendered":"Lav replica al sindaco di Chies d&#8217;Alpago: 14 lupi in Cansiglio, nulla di eccezionale"},"content":{"rendered":"<p><strong>&#8220;Ideologico \u00e8 chi pensa di risolvere ogni problema a colpi di fucile&#8221;!<\/strong><\/p>\n<p>Dopo l&#8217;avvistamento di 14 lupi in Cansiglio, registrato a gennaio scorso e allineandosi a una vulgata molto in voga, il Sindaco di Chies d&#8217;Alpago ha affermato che i lupi sarebbero protetti per questioni ideologiche e che il loro numero sarebbe in crescita per &#8220;colpa della depravazione animalista&#8221;.<\/p>\n<p>&#8220;Questa affermazione \u00e8 la cartina di tornasole che dimostra quanto bisogno ci sia di fare informazione corretta sul lupo, basata su solide argomentazioni scientifiche e svincolata da posizioni preconcette, che, ad ogni problema correlato alla presenza di animali selvatici, l&#8217;unica riflessione che riescono a produrre \u00e8 lo sterminio a colpi di fucile \u2013 commenta Massimo Vitturi, responsabile Animali Selvatici della LAV.&#8221;<\/p>\n<p>Un&#8217;informazione che, a ben 13 anni dal ritorno del lupo in Regione Veneto, non \u00e8 mai stata presa in considerazione dalle istituzioni, come dimostrano le stesse affermazioni del Sindaco alpagoto.<\/p>\n<p>La tutela assicurata al lupo fin dagli anni &#8217;70 del secolo scorso, \u00e8 infatti il prodotto di norme rigorose che hanno impedito l&#8217;estinzione della specie, perseguitata per decenni con trappole, veleni e fucili. Norme anche di carattere sovranazionale, quali la convenzione di Berna e la Direttiva Habitat. Ora, affermare che la convenzione di Berna e la Commissione UE sarebbero un covo di &#8220;depravazione animalista&#8221;, come afferma il Sindaco Dal Borgo, \u00e8 quanto di pi\u00f9 lontano dalla realt\u00e0 si possa immaginare, ma figlio di evidente mancanza di conoscenza di quelle che sono le norme decise nei consessi democratici e scientifici con l&#8217;obiettivo di garantire a tutti noi, Sindaco Dal Borgo compreso, un ambiente migliore nel quale vivere.<\/p>\n<p>Quanto visto in Cansiglio non rappresenta nulla di eccezionale. Quel territorio offre un numero elevato di potenziali prede, in particolare cervi, che quindi garantiscono il sostentamento di un numero conseguente di lupi, in quanto \u00e8 risaputo che sono le prede ad influenzare la presenza dei predatori. Gli eventuali problemi correlati a possibili predazioni, possono essere efficacemente prevenuti utilizzando i sistemi di prevenzione universalmente riconosciuti efficaci, a differenza delle uccisioni che, non solo non diminuiscono le predazioni ma possono addirittura incentivarle.<\/p>\n<p>I lupi inoltre sono una specie altamente elusiva che preferisce di gran lunga starsene alla larga da noi umani, ma \u00e8 evidente che in un territorio frequentato dalla specie, siamo noi che dobbiamo imparare a comportarci adeguatamente allo scopo di prevenire possibili incontri.<\/p>\n<p>&#8220;Confidiamo quindi che il Sindaco Dal Borgo abbandoni questa modalit\u00e0 di affrontare l&#8217;argomento basata pi\u00f9 sul sensazionalismo &#8220;acchiappa like&#8221; che sulle evidenze scientifiche. \u00c8 necessario che un amministratore possa diventare un riferimento autorevole per i suoi concittadini, ma per farlo \u00e8 fondamentale che si affidi a professionisti specializzati sul lupo, che lo potranno aiutare a definire un quadro solido e privo di argomenti frutto di emozioni comprensibili ma pericolosamente fuorvianti \u2013 conclude Vitturi di LAV&#8221;<\/p>","protected":false},"excerpt":{"rendered":"<p>&#8220;Ideologico \u00e8 chi pensa di risolvere ogni problema a colpi di fucile&#8221;! Dopo l&#8217;avvistamento di 14 lupi in Cansiglio, registrato a gennaio scorso e allineandosi a una vulgata molto in voga, il Sindaco di Chies d&#8217;Alpago ha affermato che i lupi sarebbero protetti per questioni ideologiche e che il loro numero sarebbe in crescita per [&hellip;]<\/p>\n","protected":false},"author":2,"featured_media":152032,"comment_status":"closed","ping_status":"open","sticky":false,"template":"","format":"standard","meta":{"footnotes":""},"categories":[38,26],"tags":[],"class_list":["post-168143","post","type-post","status-publish","format-standard","has-post-thumbnail","category-natura-ambiente","category-prima-pagina"],"yoast_head":"<!-- This site is optimized with the Yoast SEO plugin v28.4 - https:\/\/yoast.com\/product\/yoast-seo-wordpress\/ -->\n<title>Lav replica al sindaco di Chies d&#039;Alpago: 14 lupi in Cansiglio, nulla di eccezionale - Bellunopress - Dolomiti<\/title>\n<meta name=\"robots\" content=\"index, follow, max-snippet:-1, max-image-preview:large, max-video-preview:-1\" \/>\n<link rel=\"canonical\" href=\"https:\/\/www.bellunopress.it\/fr\/2026\/03\/14\/lav-replica-al-sindaco-di-chies-dalpago-14-lupi-in-cansiglio-nulla-di-eccezionale\/\" \/>\n<meta property=\"og:locale\" content=\"fr_FR\" \/>\n<meta property=\"og:type\" content=\"article\" \/>\n<meta property=\"og:title\" content=\"Lav replica al sindaco di Chies d&#039;Alpago: 14 lupi in Cansiglio, nulla di eccezionale - Bellunopress - Dolomiti\" \/>\n<meta property=\"og:description\" content=\"&#8220;Ideologico \u00e8 chi pensa di risolvere ogni problema a colpi di fucile&#8221;! Dopo l&#8217;avvistamento di 14 lupi in Cansiglio, registrato a gennaio scorso e allineandosi a una vulgata molto in voga, il Sindaco di Chies d&#8217;Alpago ha affermato che i lupi sarebbero protetti per questioni ideologiche e che il loro numero sarebbe in crescita per [&hellip;]\" \/>\n<meta property=\"og:url\" content=\"https:\/\/www.bellunopress.it\/fr\/2026\/03\/14\/lav-replica-al-sindaco-di-chies-dalpago-14-lupi-in-cansiglio-nulla-di-eccezionale\/\" \/>\n<meta property=\"og:site_name\" content=\"Bellunopress - Dolomiti\" \/>\n<meta property=\"article:publisher\" content=\"https:\/\/www.facebook.com\/profile.php?id=100008943462799\" \/>\n<meta property=\"article:published_time\" content=\"2026-03-14T07:21:04+00:00\" \/>\n<meta property=\"og:image\" content=\"https:\/\/www.bellunopress.it\/wp-content\/uploads\/2024\/07\/LAV-2.jpg\" \/>\n\t<meta property=\"og:image:width\" content=\"800\" \/>\n\t<meta property=\"og:image:height\" content=\"800\" \/>\n\t<meta property=\"og:image:type\" content=\"image\/jpeg\" \/>\n<meta name=\"author\" content=\"redazione\" \/>\n<meta name=\"twitter:card\" content=\"summary_large_image\" \/>\n<meta name=\"twitter:creator\" content=\"@bellunopress\" \/>\n<meta name=\"twitter:site\" content=\"@bellunopress\" \/>\n<meta name=\"twitter:label1\" content=\"\u00c9crit par\" \/>\n\t<meta name=\"twitter:data1\" content=\"redazione\" \/>\n\t<meta name=\"twitter:label2\" content=\"Dur\u00e9e de lecture estim\u00e9e\" \/>\n\t<meta name=\"twitter:data2\" content=\"2 minutes\" \/>\n<script type=\"application\/ld+json\" class=\"yoast-schema-graph\">{\"@context\":\"https:\\\/\\\/schema.org\",\"@graph\":[{\"@type\":\"Article\",\"@id\":\"https:\\\/\\\/www.bellunopress.it\\\/2026\\\/03\\\/14\\\/lav-replica-al-sindaco-di-chies-dalpago-14-lupi-in-cansiglio-nulla-di-eccezionale\\\/#article\",\"isPartOf\":{\"@id\":\"https:\\\/\\\/www.bellunopress.it\\\/2026\\\/03\\\/14\\\/lav-replica-al-sindaco-di-chies-dalpago-14-lupi-in-cansiglio-nulla-di-eccezionale\\\/\"},\"author\":{\"name\":\"redazione\",\"@id\":\"https:\\\/\\\/www.bellunopress.it\\\/#\\\/schema\\\/person\\\/79bb06722b37ece1c03d3e94beb30d73\"},\"headline\":\"Lav replica al sindaco di Chies d&#8217;Alpago: 14 lupi in Cansiglio, nulla di eccezionale\",\"datePublished\":\"2026-03-14T07:21:04+00:00\",\"mainEntityOfPage\":{\"@id\":\"https:\\\/\\\/www.bellunopress.it\\\/2026\\\/03\\\/14\\\/lav-replica-al-sindaco-di-chies-dalpago-14-lupi-in-cansiglio-nulla-di-eccezionale\\\/\"},\"wordCount\":470,\"publisher\":{\"@id\":\"https:\\\/\\\/www.bellunopress.it\\\/#organization\"},\"image\":{\"@id\":\"https:\\\/\\\/www.bellunopress.it\\\/2026\\\/03\\\/14\\\/lav-replica-al-sindaco-di-chies-dalpago-14-lupi-in-cansiglio-nulla-di-eccezionale\\\/#primaryimage\"},\"thumbnailUrl\":\"https:\\\/\\\/www.bellunopress.it\\\/wp-content\\\/uploads\\\/2024\\\/07\\\/LAV-2.jpg\",\"articleSection\":[\"Meteo, natura, ambiente, animali\",\"Prima Pagina\"],\"inLanguage\":\"fr-FR\"},{\"@type\":\"WebPage\",\"@id\":\"https:\\\/\\\/www.bellunopress.it\\\/2026\\\/03\\\/14\\\/lav-replica-al-sindaco-di-chies-dalpago-14-lupi-in-cansiglio-nulla-di-eccezionale\\\/\",\"url\":\"https:\\\/\\\/www.bellunopress.it\\\/2026\\\/03\\\/14\\\/lav-replica-al-sindaco-di-chies-dalpago-14-lupi-in-cansiglio-nulla-di-eccezionale\\\/\",\"name\":\"Lav replica al sindaco di Chies d'Alpago: 14 lupi in Cansiglio, nulla di eccezionale - Bellunopress - Dolomiti\",\"isPartOf\":{\"@id\":\"https:\\\/\\\/www.bellunopress.it\\\/#website\"},\"primaryImageOfPage\":{\"@id\":\"https:\\\/\\\/www.bellunopress.it\\\/2026\\\/03\\\/14\\\/lav-replica-al-sindaco-di-chies-dalpago-14-lupi-in-cansiglio-nulla-di-eccezionale\\\/#primaryimage\"},\"image\":{\"@id\":\"https:\\\/\\\/www.bellunopress.it\\\/2026\\\/03\\\/14\\\/lav-replica-al-sindaco-di-chies-dalpago-14-lupi-in-cansiglio-nulla-di-eccezionale\\\/#primaryimage\"},\"thumbnailUrl\":\"https:\\\/\\\/www.bellunopress.it\\\/wp-content\\\/uploads\\\/2024\\\/07\\\/LAV-2.jpg\",\"datePublished\":\"2026-03-14T07:21:04+00:00\",\"breadcrumb\":{\"@id\":\"https:\\\/\\\/www.bellunopress.it\\\/2026\\\/03\\\/14\\\/lav-replica-al-sindaco-di-chies-dalpago-14-lupi-in-cansiglio-nulla-di-eccezionale\\\/#breadcrumb\"},\"inLanguage\":\"fr-FR\",\"potentialAction\":[{\"@type\":\"ReadAction\",\"target\":[\"https:\\\/\\\/www.bellunopress.it\\\/2026\\\/03\\\/14\\\/lav-replica-al-sindaco-di-chies-dalpago-14-lupi-in-cansiglio-nulla-di-eccezionale\\\/\"]}]},{\"@type\":\"ImageObject\",\"inLanguage\":\"fr-FR\",\"@id\":\"https:\\\/\\\/www.bellunopress.it\\\/2026\\\/03\\\/14\\\/lav-replica-al-sindaco-di-chies-dalpago-14-lupi-in-cansiglio-nulla-di-eccezionale\\\/#primaryimage\",\"url\":\"https:\\\/\\\/www.bellunopress.it\\\/wp-content\\\/uploads\\\/2024\\\/07\\\/LAV-2.jpg\",\"contentUrl\":\"https:\\\/\\\/www.bellunopress.it\\\/wp-content\\\/uploads\\\/2024\\\/07\\\/LAV-2.jpg\",\"width\":800,\"height\":800,\"caption\":\"Lav Lega antivivesezione\"},{\"@type\":\"BreadcrumbList\",\"@id\":\"https:\\\/\\\/www.bellunopress.it\\\/2026\\\/03\\\/14\\\/lav-replica-al-sindaco-di-chies-dalpago-14-lupi-in-cansiglio-nulla-di-eccezionale\\\/#breadcrumb\",\"itemListElement\":[{\"@type\":\"ListItem\",\"position\":1,\"name\":\"Home\",\"item\":\"https:\\\/\\\/www.bellunopress.it\\\/\"},{\"@type\":\"ListItem\",\"position\":2,\"name\":\"Lav replica al sindaco di Chies d&#8217;Alpago: 14 lupi in Cansiglio, nulla di eccezionale\"}]},{\"@type\":\"WebSite\",\"@id\":\"https:\\\/\\\/www.bellunopress.it\\\/#website\",\"url\":\"https:\\\/\\\/www.bellunopress.it\\\/\",\"name\":\"Bellunopress - Dolomiti\",\"description\":\"e-mail: redazione@bellunopress.it\",\"publisher\":{\"@id\":\"https:\\\/\\\/www.bellunopress.it\\\/#organization\"},\"potentialAction\":[{\"@type\":\"SearchAction\",\"target\":{\"@type\":\"EntryPoint\",\"urlTemplate\":\"https:\\\/\\\/www.bellunopress.it\\\/?s={search_term_string}\"},\"query-input\":{\"@type\":\"PropertyValueSpecification\",\"valueRequired\":true,\"valueName\":\"search_term_string\"}}],\"inLanguage\":\"fr-FR\"},{\"@type\":\"Organization\",\"@id\":\"https:\\\/\\\/www.bellunopress.it\\\/#organization\",\"name\":\"Bellunopress\",\"url\":\"https:\\\/\\\/www.bellunopress.it\\\/\",\"logo\":{\"@type\":\"ImageObject\",\"inLanguage\":\"fr-FR\",\"@id\":\"https:\\\/\\\/www.bellunopress.it\\\/#\\\/schema\\\/logo\\\/image\\\/\",\"url\":\"https:\\\/\\\/www.bellunopress.it\\\/wp-content\\\/uploads\\\/2011\\\/05\\\/cropped-logo-bellunopress-.jpg\",\"contentUrl\":\"https:\\\/\\\/www.bellunopress.it\\\/wp-content\\\/uploads\\\/2011\\\/05\\\/cropped-logo-bellunopress-.jpg\",\"width\":512,\"height\":512,\"caption\":\"Bellunopress\"},\"image\":{\"@id\":\"https:\\\/\\\/www.bellunopress.it\\\/#\\\/schema\\\/logo\\\/image\\\/\"},\"sameAs\":[\"https:\\\/\\\/www.facebook.com\\\/profile.php?id=100008943462799\",\"https:\\\/\\\/x.com\\\/bellunopress\",\"https:\\\/\\\/www.linkedin.com\\\/hp\\\/?dnr=JBzUWaJfMUw8vbXJJ2tVW5-I3jZKvC4wsoxE&amp;amp;amp;amp;amp;amp;trk=nav_responsive_tab_home\",\"https:\\\/\\\/www.youtube.com\\\/channel\\\/UCxL0wu1uN0_3_7hGG0306cw\"]},{\"@type\":\"Person\",\"@id\":\"https:\\\/\\\/www.bellunopress.it\\\/#\\\/schema\\\/person\\\/79bb06722b37ece1c03d3e94beb30d73\",\"name\":\"redazione\",\"image\":{\"@type\":\"ImageObject\",\"inLanguage\":\"fr-FR\",\"@id\":\"https:\\\/\\\/secure.gravatar.com\\\/avatar\\\/37d968a2e67a6fd04c169c4bdef102d0bc5d31b2546345219e348575eb80e9a0?s=96&d=mm&r=g\",\"url\":\"https:\\\/\\\/secure.gravatar.com\\\/avatar\\\/37d968a2e67a6fd04c169c4bdef102d0bc5d31b2546345219e348575eb80e9a0?s=96&d=mm&r=g\",\"contentUrl\":\"https:\\\/\\\/secure.gravatar.com\\\/avatar\\\/37d968a2e67a6fd04c169c4bdef102d0bc5d31b2546345219e348575eb80e9a0?s=96&d=mm&r=g\",\"caption\":\"redazione\"},\"sameAs\":[\"http:\\\/\\\/www.bellunopress.it\",\"https:\\\/\\\/x.com\\\/bellunopress\"],\"url\":\"https:\\\/\\\/www.bellunopress.it\\\/fr\\\/author\\\/redazione\\\/\"}]}<\/script>\n<!-- \/ Yoast SEO plugin. -->","yoast_head_json":{"title":"Lav replica al sindaco di Chies d'Alpago: 14 lupi in Cansiglio, nulla di eccezionale - Bellunopress - Dolomiti","robots":{"index":"index","follow":"follow","max-snippet":"max-snippet:-1","max-image-preview":"max-image-preview:large","max-video-preview":"max-video-preview:-1"},"canonical":"https:\/\/www.bellunopress.it\/fr\/2026\/03\/14\/lav-replica-al-sindaco-di-chies-dalpago-14-lupi-in-cansiglio-nulla-di-eccezionale\/","og_locale":"fr_FR","og_type":"article","og_title":"Lav replica al sindaco di Chies d'Alpago: 14 lupi in Cansiglio, nulla di eccezionale - Bellunopress - Dolomiti","og_description":"&#8220;Ideologico \u00e8 chi pensa di risolvere ogni problema a colpi di fucile&#8221;! Dopo l&#8217;avvistamento di 14 lupi in Cansiglio, registrato a gennaio scorso e allineandosi a una vulgata molto in voga, il Sindaco di Chies d&#8217;Alpago ha affermato che i lupi sarebbero protetti per questioni ideologiche e che il loro numero sarebbe in crescita per [&hellip;]","og_url":"https:\/\/www.bellunopress.it\/fr\/2026\/03\/14\/lav-replica-al-sindaco-di-chies-dalpago-14-lupi-in-cansiglio-nulla-di-eccezionale\/","og_site_name":"Bellunopress - Dolomiti","article_publisher":"https:\/\/www.facebook.com\/profile.php?id=100008943462799","article_published_time":"2026-03-14T07:21:04+00:00","og_image":[{"width":800,"height":800,"url":"https:\/\/www.bellunopress.it\/wp-content\/uploads\/2024\/07\/LAV-2.jpg","type":"image\/jpeg"}],"author":"redazione","twitter_card":"summary_large_image","twitter_creator":"@bellunopress","twitter_site":"@bellunopress","twitter_misc":{"\u00c9crit par":"redazione","Dur\u00e9e de lecture estim\u00e9e":"2 minutes"},"schema":{"@context":"https:\/\/schema.org","@graph":[{"@type":"Article","@id":"https:\/\/www.bellunopress.it\/2026\/03\/14\/lav-replica-al-sindaco-di-chies-dalpago-14-lupi-in-cansiglio-nulla-di-eccezionale\/#article","isPartOf":{"@id":"https:\/\/www.bellunopress.it\/2026\/03\/14\/lav-replica-al-sindaco-di-chies-dalpago-14-lupi-in-cansiglio-nulla-di-eccezionale\/"},"author":{"name":"redazione","@id":"https:\/\/www.bellunopress.it\/#\/schema\/person\/79bb06722b37ece1c03d3e94beb30d73"},"headline":"Lav replica al sindaco di Chies d&#8217;Alpago: 14 lupi in Cansiglio, nulla di eccezionale","datePublished":"2026-03-14T07:21:04+00:00","mainEntityOfPage":{"@id":"https:\/\/www.bellunopress.it\/2026\/03\/14\/lav-replica-al-sindaco-di-chies-dalpago-14-lupi-in-cansiglio-nulla-di-eccezionale\/"},"wordCount":470,"publisher":{"@id":"https:\/\/www.bellunopress.it\/#organization"},"image":{"@id":"https:\/\/www.bellunopress.it\/2026\/03\/14\/lav-replica-al-sindaco-di-chies-dalpago-14-lupi-in-cansiglio-nulla-di-eccezionale\/#primaryimage"},"thumbnailUrl":"https:\/\/www.bellunopress.it\/wp-content\/uploads\/2024\/07\/LAV-2.jpg","articleSection":["Meteo, natura, ambiente, animali","Prima Pagina"],"inLanguage":"fr-FR"},{"@type":"WebPage","@id":"https:\/\/www.bellunopress.it\/2026\/03\/14\/lav-replica-al-sindaco-di-chies-dalpago-14-lupi-in-cansiglio-nulla-di-eccezionale\/","url":"https:\/\/www.bellunopress.it\/2026\/03\/14\/lav-replica-al-sindaco-di-chies-dalpago-14-lupi-in-cansiglio-nulla-di-eccezionale\/","name":"Lav replica al sindaco di Chies d'Alpago: 14 lupi in Cansiglio, nulla di eccezionale - Bellunopress - Dolomiti","isPartOf":{"@id":"https:\/\/www.bellunopress.it\/#website"},"primaryImageOfPage":{"@id":"https:\/\/www.bellunopress.it\/2026\/03\/14\/lav-replica-al-sindaco-di-chies-dalpago-14-lupi-in-cansiglio-nulla-di-eccezionale\/#primaryimage"},"image":{"@id":"https:\/\/www.bellunopress.it\/2026\/03\/14\/lav-replica-al-sindaco-di-chies-dalpago-14-lupi-in-cansiglio-nulla-di-eccezionale\/#primaryimage"},"thumbnailUrl":"https:\/\/www.bellunopress.it\/wp-content\/uploads\/2024\/07\/LAV-2.jpg","datePublished":"2026-03-14T07:21:04+00:00","breadcrumb":{"@id":"https:\/\/www.bellunopress.it\/2026\/03\/14\/lav-replica-al-sindaco-di-chies-dalpago-14-lupi-in-cansiglio-nulla-di-eccezionale\/#breadcrumb"},"inLanguage":"fr-FR","potentialAction":[{"@type":"ReadAction","target":["https:\/\/www.bellunopress.it\/2026\/03\/14\/lav-replica-al-sindaco-di-chies-dalpago-14-lupi-in-cansiglio-nulla-di-eccezionale\/"]}]},{"@type":"ImageObject","inLanguage":"fr-FR","@id":"https:\/\/www.bellunopress.it\/2026\/03\/14\/lav-replica-al-sindaco-di-chies-dalpago-14-lupi-in-cansiglio-nulla-di-eccezionale\/#primaryimage","url":"https:\/\/www.bellunopress.it\/wp-content\/uploads\/2024\/07\/LAV-2.jpg","contentUrl":"https:\/\/www.bellunopress.it\/wp-content\/uploads\/2024\/07\/LAV-2.jpg","width":800,"height":800,"caption":"Lav Lega antivivesezione"},{"@type":"BreadcrumbList","@id":"https:\/\/www.bellunopress.it\/2026\/03\/14\/lav-replica-al-sindaco-di-chies-dalpago-14-lupi-in-cansiglio-nulla-di-eccezionale\/#breadcrumb","itemListElement":[{"@type":"ListItem","position":1,"name":"Home","item":"https:\/\/www.bellunopress.it\/"},{"@type":"ListItem","position":2,"name":"Lav replica al sindaco di Chies d&#8217;Alpago: 14 lupi in Cansiglio, nulla di eccezionale"}]},{"@type":"WebSite","@id":"https:\/\/www.bellunopress.it\/#website","url":"https:\/\/www.bellunopress.it\/","name":"Bellunopress - Dolomiti","description":"e-mail: redazione@bellunopress.it","publisher":{"@id":"https:\/\/www.bellunopress.it\/#organization"},"potentialAction":[{"@type":"SearchAction","target":{"@type":"EntryPoint","urlTemplate":"https:\/\/www.bellunopress.it\/?s={search_term_string}"},"query-input":{"@type":"PropertyValueSpecification","valueRequired":true,"valueName":"search_term_string"}}],"inLanguage":"fr-FR"},{"@type":"Organization","@id":"https:\/\/www.bellunopress.it\/#organization","name":"Bellunopress","url":"https:\/\/www.bellunopress.it\/","logo":{"@type":"ImageObject","inLanguage":"fr-FR","@id":"https:\/\/www.bellunopress.it\/#\/schema\/logo\/image\/","url":"https:\/\/www.bellunopress.it\/wp-content\/uploads\/2011\/05\/cropped-logo-bellunopress-.jpg","contentUrl":"https:\/\/www.bellunopress.it\/wp-content\/uploads\/2011\/05\/cropped-logo-bellunopress-.jpg","width":512,"height":512,"caption":"Bellunopress"},"image":{"@id":"https:\/\/www.bellunopress.it\/#\/schema\/logo\/image\/"},"sameAs":["https:\/\/www.facebook.com\/profile.php?id=100008943462799","https:\/\/x.com\/bellunopress","https:\/\/www.linkedin.com\/hp\/?dnr=JBzUWaJfMUw8vbXJJ2tVW5-I3jZKvC4wsoxE&amp;amp;amp;amp;amp;amp;trk=nav_responsive_tab_home","https:\/\/www.youtube.com\/channel\/UCxL0wu1uN0_3_7hGG0306cw"]},{"@type":"Person","@id":"https:\/\/www.bellunopress.it\/#\/schema\/person\/79bb06722b37ece1c03d3e94beb30d73","name":"r\u00e9daction","image":{"@type":"ImageObject","inLanguage":"fr-FR","@id":"https:\/\/secure.gravatar.com\/avatar\/37d968a2e67a6fd04c169c4bdef102d0bc5d31b2546345219e348575eb80e9a0?s=96&d=mm&r=g","url":"https:\/\/secure.gravatar.com\/avatar\/37d968a2e67a6fd04c169c4bdef102d0bc5d31b2546345219e348575eb80e9a0?s=96&d=mm&r=g","contentUrl":"https:\/\/secure.gravatar.com\/avatar\/37d968a2e67a6fd04c169c4bdef102d0bc5d31b2546345219e348575eb80e9a0?s=96&d=mm&r=g","caption":"redazione"},"sameAs":["http:\/\/www.bellunopress.it","https:\/\/x.com\/bellunopress"],"url":"https:\/\/www.bellunopress.it\/fr\/author\/redazione\/"}]}},"_links":{"self":[{"href":"https:\/\/www.bellunopress.it\/fr\/wp-json\/wp\/v2\/posts\/168143","targetHints":{"allow":["GET"]}}],"collection":[{"href":"https:\/\/www.bellunopress.it\/fr\/wp-json\/wp\/v2\/posts"}],"about":[{"href":"https:\/\/www.bellunopress.it\/fr\/wp-json\/wp\/v2\/types\/post"}],"author":[{"embeddable":true,"href":"https:\/\/www.bellunopress.it\/fr\/wp-json\/wp\/v2\/users\/2"}],"replies":[{"embeddable":true,"href":"https:\/\/www.bellunopress.it\/fr\/wp-json\/wp\/v2\/comments?post=168143"}],"version-history":[{"count":1,"href":"https:\/\/www.bellunopress.it\/fr\/wp-json\/wp\/v2\/posts\/168143\/revisions"}],"predecessor-version":[{"id":168144,"href":"https:\/\/www.bellunopress.it\/fr\/wp-json\/wp\/v2\/posts\/168143\/revisions\/168144"}],"wp:featuredmedia":[{"embeddable":true,"href":"https:\/\/www.bellunopress.it\/fr\/wp-json\/wp\/v2\/media\/152032"}],"wp:attachment":[{"href":"https:\/\/www.bellunopress.it\/fr\/wp-json\/wp\/v2\/media?parent=168143"}],"wp:term":[{"taxonomy":"category","embeddable":true,"href":"https:\/\/www.bellunopress.it\/fr\/wp-json\/wp\/v2\/categories?post=168143"},{"taxonomy":"post_tag","embeddable":true,"href":"https:\/\/www.bellunopress.it\/fr\/wp-json\/wp\/v2\/tags?post=168143"}],"curies":[{"name":"wp","href":"https:\/\/api.w.org\/{rel}","templated":true}]}}