{"id":168105,"date":"2026-03-12T10:25:36","date_gmt":"2026-03-12T09:25:36","guid":{"rendered":"https:\/\/www.bellunopress.it\/?p=168105"},"modified":"2026-03-12T14:32:13","modified_gmt":"2026-03-12T13:32:13","slug":"primo-soccorso-aziendale-guida-essenziale-per-la-formazione-obbligatoria","status":"publish","type":"post","link":"https:\/\/www.bellunopress.it\/fr\/2026\/03\/12\/primo-soccorso-aziendale-guida-essenziale-per-la-formazione-obbligatoria\/","title":{"rendered":"Primo Soccorso aziendale: guida essenziale per la Formazione obbligatoria"},"content":{"rendered":"<p>La Sicurezza nei luoghi di lavoro rappresenta un impegno imprescindibile per ogni imprenditore italiano. Garantire un ambiente protetto significa anche predisporre figure preparate a intervenire prontamente in caso di incidenti o malori. Tra queste, l\u2019addetto al Primo Soccorso riveste un ruolo fondamentale: \u00e8 colui che assicura un primo intervento tempestivo e qualificato, capace di stabilizzare le condizioni della persona in difficolt\u00e0 fino all\u2019arrivo dei soccorsi medici specializzati.<\/p>\n<p>Il Decreto Ministeriale 388 del 15 luglio 2003 regola l\u2019obbligo formativo per gli Addetti al Primo Soccorso, stabilendo criteri differenziati in base alla natura e dimensione dell\u2019azienda. La Formazione prevede una parte teorica e pratica che abilita i partecipanti ad affrontare emergenze sanitarie specifiche, dal controllo delle sindromi cerebrali e respiratorie acute alla rianimazione cardiopolmonare. Come confermato da questa fonte specializzata <a href=\"https:\/\/www.gdmsanita.it\/corso-primo-soccorso-torino-e-provincia\/\">https:\/\/www.gdmsanita.it\/corso-primo-soccorso-torino-e-provincia\/<\/a> , l\u2019obbligatoriet\u00e0 del corso riguarda tutte le imprese che impiegano almeno un Lavoratore o socio lavoratore, con durata e aggiornamenti periodici vincolati alla categoria di rischio aziendale.<\/p>\n<h2>Un quadro normativo chiaro e articolato<\/h2>\n<p>Il riferimento normativo principale \u00e8 rappresentato dal Decreto Ministeriale n. 388, che, in attuazione di disposizioni del Decreto Legislativo 626\/1994, istituisce l\u2019obbligo di Formazione per coloro incaricati del Primo Soccorso sul posto di lavoro. Questo decreto classifica le imprese in tre gruppi in base a criteri quali il numero di Addetti e il livello di rischio infortunistico:<\/p>\n<ul>\n<li><strong>Gruppo A<\/strong>: aziende con pi\u00f9 di cinque lavoratori, appartenenti a settori con indice di inabilit\u00e0 permanente superiore a quattro, comprese attivit\u00e0 industriali e ad alto rischio come centrali termoelettriche, laboratori nucleari, estrazioni minerarie e fabbricazione di esplosivi.<\/li>\n<li><strong>Gruppo B<\/strong>: imprese con almeno tre dipendenti che non rientrano nel gruppo A.<\/li>\n<li><strong>Gruppo C<\/strong>: attivit\u00e0 con meno di tre addetti e non classificate nel gruppo A.<\/li>\n<\/ul>\n<p>Questa categorizzazione determina anche la durata del corso obbligatorio, che si estende a 16 ore per il gruppo A e a 12 ore per i gruppi B e C.<\/p>\n<h2>Contenuti e competenze acquisite<\/h2>\n<p>I corsi di Primo Soccorso aziendale includono moduli teorici e pratici finalizzati a fornire competenze operative immediate. Gli addetti apprendono a gestire comunicazioni efficaci con il servizio sanitario nazionale, a intervenire in emergenze quali sindromi cerebrali e respiratorie acute, eseguire la rianimazione cardiopolmonare e controllare emorragie. Vengono inoltre formati su procedure di sollevamento e trasporto degli infortunati e sull\u2019intervento in caso di esposizione accidentale a sostanze chimiche o biologiche.<\/p>\n<p>Queste capacit\u00e0 mirano a garantire che l\u2019infortunato arrivi al centro di cura in condizioni ottimali, riducendo potenziali complicazioni derivanti da ritardi o interventi inadeguati.<\/p>\n<h2>Chi deve partecipare e quando<\/h2>\n<p>La designazione degli Addetti al Primo Soccorso spetta al Datore di Lavoro, spesso in collaborazione con un Medico Competente. La nomina non pu\u00f2 essere rifiutata senza giustificato motivo, come previsto dal Decreto Legislativo 81\/2008, che disciplina la Sicurezza sul Lavoro. Non esiste un numero fisso di Addetti da designare; la quantit\u00e0 deve essere adeguata a garantire la copertura continua delle emergenze, tenendo conto del numero di Lavoratori, dei Rischi specifici, dei turni e delle assenze.<\/p>\n<p>Il corso si rende obbligatorio in tutte le realt\u00e0 imprenditoriali con almeno un Lavoratore o socio lavoratore.<\/p>\n<h2>Durata e aggiornamento della Formazione<\/h2>\n<p>La validit\u00e0 del corso \u00e8 triennale: trascorso questo arco temporale, gli Addetti sono tenuti a frequentare un aggiornamento per mantenere vive le competenze acquisite. Anche in questo caso, l\u2019estensione della Formazione varia in base al gruppo di appartenenza dell\u2019azienda: sei ore per le imprese del gruppo A, quattro ore per quelle dei gruppi B e C.<\/p>\n<p>Questo sistema garantisce una preparazione costante, fondamentale per la gestione efficace delle emergenze e per la tutela della Salute dei Lavoratori.<\/p>\n<p>L\u2019istituzione e il mantenimento di un\u2019efficace Formazione aziendale in Primo Soccorso rappresentano un passo cruciale per la Sicurezza sul Lavoro. La normativa italiana impone obblighi precisi, differenziati secondo il profilo di rischio e la struttura dell\u2019impresa, per assicurare che in ogni realt\u00e0 produttiva siano disponibili risorse umane preparate a intervenire con competenza. La formazione, oltre a essere un obbligo giuridico, si configura come un investimento indispensabile per salvaguardare la vita e la Salute dei Lavoratori all\u2019interno degli ambienti di lavoro.<\/p>","protected":false},"excerpt":{"rendered":"<p>La Sicurezza nei luoghi di lavoro rappresenta un impegno imprescindibile per ogni imprenditore italiano. Garantire un ambiente protetto significa anche predisporre figure preparate a intervenire prontamente in caso di incidenti o malori. Tra queste, l\u2019addetto al Primo Soccorso riveste un ruolo fondamentale: \u00e8 colui che assicura un primo intervento tempestivo e qualificato, capace di stabilizzare [&hellip;]<\/p>\n","protected":false},"author":2,"featured_media":168106,"comment_status":"closed","ping_status":"open","sticky":false,"template":"","format":"standard","meta":{"footnotes":""},"categories":[36],"tags":[],"class_list":["post-168105","post","type-post","status-publish","format-standard","has-post-thumbnail","category-lavoro-economia"],"yoast_head":"<!-- This site is optimized with the Yoast SEO plugin v28.4 - https:\/\/yoast.com\/product\/yoast-seo-wordpress\/ -->\n<title>Primo Soccorso aziendale: guida essenziale per la Formazione obbligatoria - Bellunopress - Dolomiti<\/title>\n<meta name=\"robots\" content=\"index, follow, max-snippet:-1, max-image-preview:large, max-video-preview:-1\" \/>\n<link rel=\"canonical\" href=\"https:\/\/www.bellunopress.it\/fr\/2026\/03\/12\/primo-soccorso-aziendale-guida-essenziale-per-la-formazione-obbligatoria\/\" \/>\n<meta property=\"og:locale\" content=\"fr_FR\" \/>\n<meta property=\"og:type\" content=\"article\" \/>\n<meta property=\"og:title\" content=\"Primo Soccorso aziendale: guida essenziale per la Formazione obbligatoria - Bellunopress - Dolomiti\" \/>\n<meta property=\"og:description\" content=\"La Sicurezza nei luoghi di lavoro rappresenta un impegno imprescindibile per ogni imprenditore italiano. Garantire un ambiente protetto significa anche predisporre figure preparate a intervenire prontamente in caso di incidenti o malori. Tra queste, l\u2019addetto al Primo Soccorso riveste un ruolo fondamentale: \u00e8 colui che assicura un primo intervento tempestivo e qualificato, capace di stabilizzare [&hellip;]\" \/>\n<meta property=\"og:url\" content=\"https:\/\/www.bellunopress.it\/fr\/2026\/03\/12\/primo-soccorso-aziendale-guida-essenziale-per-la-formazione-obbligatoria\/\" \/>\n<meta property=\"og:site_name\" content=\"Bellunopress - Dolomiti\" \/>\n<meta property=\"article:publisher\" content=\"https:\/\/www.facebook.com\/profile.php?id=100008943462799\" \/>\n<meta property=\"article:published_time\" content=\"2026-03-12T09:25:36+00:00\" \/>\n<meta property=\"article:modified_time\" content=\"2026-03-12T13:32:13+00:00\" \/>\n<meta property=\"og:image\" content=\"https:\/\/www.bellunopress.it\/wp-content\/uploads\/2026\/03\/corsi-primo-soccorso.jpg\" \/>\n\t<meta property=\"og:image:width\" content=\"600\" \/>\n\t<meta property=\"og:image:height\" content=\"344\" \/>\n\t<meta property=\"og:image:type\" content=\"image\/jpeg\" \/>\n<meta name=\"author\" content=\"redazione\" \/>\n<meta name=\"twitter:card\" content=\"summary_large_image\" \/>\n<meta name=\"twitter:creator\" content=\"@bellunopress\" \/>\n<meta name=\"twitter:site\" content=\"@bellunopress\" \/>\n<meta name=\"twitter:label1\" content=\"\u00c9crit par\" \/>\n\t<meta name=\"twitter:data1\" content=\"redazione\" \/>\n\t<meta name=\"twitter:label2\" content=\"Dur\u00e9e de lecture estim\u00e9e\" \/>\n\t<meta name=\"twitter:data2\" content=\"3 minutes\" \/>\n<script type=\"application\/ld+json\" class=\"yoast-schema-graph\">{\"@context\":\"https:\\\/\\\/schema.org\",\"@graph\":[{\"@type\":\"Article\",\"@id\":\"https:\\\/\\\/www.bellunopress.it\\\/2026\\\/03\\\/12\\\/primo-soccorso-aziendale-guida-essenziale-per-la-formazione-obbligatoria\\\/#article\",\"isPartOf\":{\"@id\":\"https:\\\/\\\/www.bellunopress.it\\\/2026\\\/03\\\/12\\\/primo-soccorso-aziendale-guida-essenziale-per-la-formazione-obbligatoria\\\/\"},\"author\":{\"name\":\"redazione\",\"@id\":\"https:\\\/\\\/www.bellunopress.it\\\/#\\\/schema\\\/person\\\/79bb06722b37ece1c03d3e94beb30d73\"},\"headline\":\"Primo Soccorso aziendale: guida essenziale per la Formazione obbligatoria\",\"datePublished\":\"2026-03-12T09:25:36+00:00\",\"dateModified\":\"2026-03-12T13:32:13+00:00\",\"mainEntityOfPage\":{\"@id\":\"https:\\\/\\\/www.bellunopress.it\\\/2026\\\/03\\\/12\\\/primo-soccorso-aziendale-guida-essenziale-per-la-formazione-obbligatoria\\\/\"},\"wordCount\":683,\"publisher\":{\"@id\":\"https:\\\/\\\/www.bellunopress.it\\\/#organization\"},\"image\":{\"@id\":\"https:\\\/\\\/www.bellunopress.it\\\/2026\\\/03\\\/12\\\/primo-soccorso-aziendale-guida-essenziale-per-la-formazione-obbligatoria\\\/#primaryimage\"},\"thumbnailUrl\":\"https:\\\/\\\/www.bellunopress.it\\\/wp-content\\\/uploads\\\/2026\\\/03\\\/corsi-primo-soccorso.jpg\",\"articleSection\":[\"Lavoro, Economia, Turismo\"],\"inLanguage\":\"fr-FR\"},{\"@type\":\"WebPage\",\"@id\":\"https:\\\/\\\/www.bellunopress.it\\\/2026\\\/03\\\/12\\\/primo-soccorso-aziendale-guida-essenziale-per-la-formazione-obbligatoria\\\/\",\"url\":\"https:\\\/\\\/www.bellunopress.it\\\/2026\\\/03\\\/12\\\/primo-soccorso-aziendale-guida-essenziale-per-la-formazione-obbligatoria\\\/\",\"name\":\"Primo Soccorso aziendale: guida essenziale per la Formazione obbligatoria - Bellunopress - Dolomiti\",\"isPartOf\":{\"@id\":\"https:\\\/\\\/www.bellunopress.it\\\/#website\"},\"primaryImageOfPage\":{\"@id\":\"https:\\\/\\\/www.bellunopress.it\\\/2026\\\/03\\\/12\\\/primo-soccorso-aziendale-guida-essenziale-per-la-formazione-obbligatoria\\\/#primaryimage\"},\"image\":{\"@id\":\"https:\\\/\\\/www.bellunopress.it\\\/2026\\\/03\\\/12\\\/primo-soccorso-aziendale-guida-essenziale-per-la-formazione-obbligatoria\\\/#primaryimage\"},\"thumbnailUrl\":\"https:\\\/\\\/www.bellunopress.it\\\/wp-content\\\/uploads\\\/2026\\\/03\\\/corsi-primo-soccorso.jpg\",\"datePublished\":\"2026-03-12T09:25:36+00:00\",\"dateModified\":\"2026-03-12T13:32:13+00:00\",\"breadcrumb\":{\"@id\":\"https:\\\/\\\/www.bellunopress.it\\\/2026\\\/03\\\/12\\\/primo-soccorso-aziendale-guida-essenziale-per-la-formazione-obbligatoria\\\/#breadcrumb\"},\"inLanguage\":\"fr-FR\",\"potentialAction\":[{\"@type\":\"ReadAction\",\"target\":[\"https:\\\/\\\/www.bellunopress.it\\\/2026\\\/03\\\/12\\\/primo-soccorso-aziendale-guida-essenziale-per-la-formazione-obbligatoria\\\/\"]}]},{\"@type\":\"ImageObject\",\"inLanguage\":\"fr-FR\",\"@id\":\"https:\\\/\\\/www.bellunopress.it\\\/2026\\\/03\\\/12\\\/primo-soccorso-aziendale-guida-essenziale-per-la-formazione-obbligatoria\\\/#primaryimage\",\"url\":\"https:\\\/\\\/www.bellunopress.it\\\/wp-content\\\/uploads\\\/2026\\\/03\\\/corsi-primo-soccorso.jpg\",\"contentUrl\":\"https:\\\/\\\/www.bellunopress.it\\\/wp-content\\\/uploads\\\/2026\\\/03\\\/corsi-primo-soccorso.jpg\",\"width\":600,\"height\":344},{\"@type\":\"BreadcrumbList\",\"@id\":\"https:\\\/\\\/www.bellunopress.it\\\/2026\\\/03\\\/12\\\/primo-soccorso-aziendale-guida-essenziale-per-la-formazione-obbligatoria\\\/#breadcrumb\",\"itemListElement\":[{\"@type\":\"ListItem\",\"position\":1,\"name\":\"Home\",\"item\":\"https:\\\/\\\/www.bellunopress.it\\\/\"},{\"@type\":\"ListItem\",\"position\":2,\"name\":\"Primo Soccorso aziendale: guida essenziale per la Formazione obbligatoria\"}]},{\"@type\":\"WebSite\",\"@id\":\"https:\\\/\\\/www.bellunopress.it\\\/#website\",\"url\":\"https:\\\/\\\/www.bellunopress.it\\\/\",\"name\":\"Bellunopress - Dolomiti\",\"description\":\"e-mail: redazione@bellunopress.it\",\"publisher\":{\"@id\":\"https:\\\/\\\/www.bellunopress.it\\\/#organization\"},\"potentialAction\":[{\"@type\":\"SearchAction\",\"target\":{\"@type\":\"EntryPoint\",\"urlTemplate\":\"https:\\\/\\\/www.bellunopress.it\\\/?s={search_term_string}\"},\"query-input\":{\"@type\":\"PropertyValueSpecification\",\"valueRequired\":true,\"valueName\":\"search_term_string\"}}],\"inLanguage\":\"fr-FR\"},{\"@type\":\"Organization\",\"@id\":\"https:\\\/\\\/www.bellunopress.it\\\/#organization\",\"name\":\"Bellunopress\",\"url\":\"https:\\\/\\\/www.bellunopress.it\\\/\",\"logo\":{\"@type\":\"ImageObject\",\"inLanguage\":\"fr-FR\",\"@id\":\"https:\\\/\\\/www.bellunopress.it\\\/#\\\/schema\\\/logo\\\/image\\\/\",\"url\":\"https:\\\/\\\/www.bellunopress.it\\\/wp-content\\\/uploads\\\/2011\\\/05\\\/cropped-logo-bellunopress-.jpg\",\"contentUrl\":\"https:\\\/\\\/www.bellunopress.it\\\/wp-content\\\/uploads\\\/2011\\\/05\\\/cropped-logo-bellunopress-.jpg\",\"width\":512,\"height\":512,\"caption\":\"Bellunopress\"},\"image\":{\"@id\":\"https:\\\/\\\/www.bellunopress.it\\\/#\\\/schema\\\/logo\\\/image\\\/\"},\"sameAs\":[\"https:\\\/\\\/www.facebook.com\\\/profile.php?id=100008943462799\",\"https:\\\/\\\/x.com\\\/bellunopress\",\"https:\\\/\\\/www.linkedin.com\\\/hp\\\/?dnr=JBzUWaJfMUw8vbXJJ2tVW5-I3jZKvC4wsoxE&amp;amp;amp;amp;amp;amp;trk=nav_responsive_tab_home\",\"https:\\\/\\\/www.youtube.com\\\/channel\\\/UCxL0wu1uN0_3_7hGG0306cw\"]},{\"@type\":\"Person\",\"@id\":\"https:\\\/\\\/www.bellunopress.it\\\/#\\\/schema\\\/person\\\/79bb06722b37ece1c03d3e94beb30d73\",\"name\":\"redazione\",\"image\":{\"@type\":\"ImageObject\",\"inLanguage\":\"fr-FR\",\"@id\":\"https:\\\/\\\/secure.gravatar.com\\\/avatar\\\/37d968a2e67a6fd04c169c4bdef102d0bc5d31b2546345219e348575eb80e9a0?s=96&d=mm&r=g\",\"url\":\"https:\\\/\\\/secure.gravatar.com\\\/avatar\\\/37d968a2e67a6fd04c169c4bdef102d0bc5d31b2546345219e348575eb80e9a0?s=96&d=mm&r=g\",\"contentUrl\":\"https:\\\/\\\/secure.gravatar.com\\\/avatar\\\/37d968a2e67a6fd04c169c4bdef102d0bc5d31b2546345219e348575eb80e9a0?s=96&d=mm&r=g\",\"caption\":\"redazione\"},\"sameAs\":[\"http:\\\/\\\/www.bellunopress.it\",\"https:\\\/\\\/x.com\\\/bellunopress\"],\"url\":\"https:\\\/\\\/www.bellunopress.it\\\/fr\\\/author\\\/redazione\\\/\"}]}<\/script>\n<!-- \/ Yoast SEO plugin. -->","yoast_head_json":{"title":"Primo Soccorso aziendale: guida essenziale per la Formazione obbligatoria - Bellunopress - Dolomiti","robots":{"index":"index","follow":"follow","max-snippet":"max-snippet:-1","max-image-preview":"max-image-preview:large","max-video-preview":"max-video-preview:-1"},"canonical":"https:\/\/www.bellunopress.it\/fr\/2026\/03\/12\/primo-soccorso-aziendale-guida-essenziale-per-la-formazione-obbligatoria\/","og_locale":"fr_FR","og_type":"article","og_title":"Primo Soccorso aziendale: guida essenziale per la Formazione obbligatoria - Bellunopress - Dolomiti","og_description":"La Sicurezza nei luoghi di lavoro rappresenta un impegno imprescindibile per ogni imprenditore italiano. Garantire un ambiente protetto significa anche predisporre figure preparate a intervenire prontamente in caso di incidenti o malori. Tra queste, l\u2019addetto al Primo Soccorso riveste un ruolo fondamentale: \u00e8 colui che assicura un primo intervento tempestivo e qualificato, capace di stabilizzare [&hellip;]","og_url":"https:\/\/www.bellunopress.it\/fr\/2026\/03\/12\/primo-soccorso-aziendale-guida-essenziale-per-la-formazione-obbligatoria\/","og_site_name":"Bellunopress - Dolomiti","article_publisher":"https:\/\/www.facebook.com\/profile.php?id=100008943462799","article_published_time":"2026-03-12T09:25:36+00:00","article_modified_time":"2026-03-12T13:32:13+00:00","og_image":[{"width":600,"height":344,"url":"https:\/\/www.bellunopress.it\/wp-content\/uploads\/2026\/03\/corsi-primo-soccorso.jpg","type":"image\/jpeg"}],"author":"redazione","twitter_card":"summary_large_image","twitter_creator":"@bellunopress","twitter_site":"@bellunopress","twitter_misc":{"\u00c9crit par":"redazione","Dur\u00e9e de lecture estim\u00e9e":"3 minutes"},"schema":{"@context":"https:\/\/schema.org","@graph":[{"@type":"Article","@id":"https:\/\/www.bellunopress.it\/2026\/03\/12\/primo-soccorso-aziendale-guida-essenziale-per-la-formazione-obbligatoria\/#article","isPartOf":{"@id":"https:\/\/www.bellunopress.it\/2026\/03\/12\/primo-soccorso-aziendale-guida-essenziale-per-la-formazione-obbligatoria\/"},"author":{"name":"redazione","@id":"https:\/\/www.bellunopress.it\/#\/schema\/person\/79bb06722b37ece1c03d3e94beb30d73"},"headline":"Primo Soccorso aziendale: guida essenziale per la Formazione obbligatoria","datePublished":"2026-03-12T09:25:36+00:00","dateModified":"2026-03-12T13:32:13+00:00","mainEntityOfPage":{"@id":"https:\/\/www.bellunopress.it\/2026\/03\/12\/primo-soccorso-aziendale-guida-essenziale-per-la-formazione-obbligatoria\/"},"wordCount":683,"publisher":{"@id":"https:\/\/www.bellunopress.it\/#organization"},"image":{"@id":"https:\/\/www.bellunopress.it\/2026\/03\/12\/primo-soccorso-aziendale-guida-essenziale-per-la-formazione-obbligatoria\/#primaryimage"},"thumbnailUrl":"https:\/\/www.bellunopress.it\/wp-content\/uploads\/2026\/03\/corsi-primo-soccorso.jpg","articleSection":["Lavoro, Economia, Turismo"],"inLanguage":"fr-FR"},{"@type":"WebPage","@id":"https:\/\/www.bellunopress.it\/2026\/03\/12\/primo-soccorso-aziendale-guida-essenziale-per-la-formazione-obbligatoria\/","url":"https:\/\/www.bellunopress.it\/2026\/03\/12\/primo-soccorso-aziendale-guida-essenziale-per-la-formazione-obbligatoria\/","name":"Primo Soccorso aziendale: guida essenziale per la Formazione obbligatoria - Bellunopress - Dolomiti","isPartOf":{"@id":"https:\/\/www.bellunopress.it\/#website"},"primaryImageOfPage":{"@id":"https:\/\/www.bellunopress.it\/2026\/03\/12\/primo-soccorso-aziendale-guida-essenziale-per-la-formazione-obbligatoria\/#primaryimage"},"image":{"@id":"https:\/\/www.bellunopress.it\/2026\/03\/12\/primo-soccorso-aziendale-guida-essenziale-per-la-formazione-obbligatoria\/#primaryimage"},"thumbnailUrl":"https:\/\/www.bellunopress.it\/wp-content\/uploads\/2026\/03\/corsi-primo-soccorso.jpg","datePublished":"2026-03-12T09:25:36+00:00","dateModified":"2026-03-12T13:32:13+00:00","breadcrumb":{"@id":"https:\/\/www.bellunopress.it\/2026\/03\/12\/primo-soccorso-aziendale-guida-essenziale-per-la-formazione-obbligatoria\/#breadcrumb"},"inLanguage":"fr-FR","potentialAction":[{"@type":"ReadAction","target":["https:\/\/www.bellunopress.it\/2026\/03\/12\/primo-soccorso-aziendale-guida-essenziale-per-la-formazione-obbligatoria\/"]}]},{"@type":"ImageObject","inLanguage":"fr-FR","@id":"https:\/\/www.bellunopress.it\/2026\/03\/12\/primo-soccorso-aziendale-guida-essenziale-per-la-formazione-obbligatoria\/#primaryimage","url":"https:\/\/www.bellunopress.it\/wp-content\/uploads\/2026\/03\/corsi-primo-soccorso.jpg","contentUrl":"https:\/\/www.bellunopress.it\/wp-content\/uploads\/2026\/03\/corsi-primo-soccorso.jpg","width":600,"height":344},{"@type":"BreadcrumbList","@id":"https:\/\/www.bellunopress.it\/2026\/03\/12\/primo-soccorso-aziendale-guida-essenziale-per-la-formazione-obbligatoria\/#breadcrumb","itemListElement":[{"@type":"ListItem","position":1,"name":"Home","item":"https:\/\/www.bellunopress.it\/"},{"@type":"ListItem","position":2,"name":"Primo Soccorso aziendale: guida essenziale per la Formazione obbligatoria"}]},{"@type":"WebSite","@id":"https:\/\/www.bellunopress.it\/#website","url":"https:\/\/www.bellunopress.it\/","name":"Bellunopress - Dolomiti","description":"e-mail: redazione@bellunopress.it","publisher":{"@id":"https:\/\/www.bellunopress.it\/#organization"},"potentialAction":[{"@type":"SearchAction","target":{"@type":"EntryPoint","urlTemplate":"https:\/\/www.bellunopress.it\/?s={search_term_string}"},"query-input":{"@type":"PropertyValueSpecification","valueRequired":true,"valueName":"search_term_string"}}],"inLanguage":"fr-FR"},{"@type":"Organization","@id":"https:\/\/www.bellunopress.it\/#organization","name":"Bellunopress","url":"https:\/\/www.bellunopress.it\/","logo":{"@type":"ImageObject","inLanguage":"fr-FR","@id":"https:\/\/www.bellunopress.it\/#\/schema\/logo\/image\/","url":"https:\/\/www.bellunopress.it\/wp-content\/uploads\/2011\/05\/cropped-logo-bellunopress-.jpg","contentUrl":"https:\/\/www.bellunopress.it\/wp-content\/uploads\/2011\/05\/cropped-logo-bellunopress-.jpg","width":512,"height":512,"caption":"Bellunopress"},"image":{"@id":"https:\/\/www.bellunopress.it\/#\/schema\/logo\/image\/"},"sameAs":["https:\/\/www.facebook.com\/profile.php?id=100008943462799","https:\/\/x.com\/bellunopress","https:\/\/www.linkedin.com\/hp\/?dnr=JBzUWaJfMUw8vbXJJ2tVW5-I3jZKvC4wsoxE&amp;amp;amp;amp;amp;amp;trk=nav_responsive_tab_home","https:\/\/www.youtube.com\/channel\/UCxL0wu1uN0_3_7hGG0306cw"]},{"@type":"Person","@id":"https:\/\/www.bellunopress.it\/#\/schema\/person\/79bb06722b37ece1c03d3e94beb30d73","name":"r\u00e9daction","image":{"@type":"ImageObject","inLanguage":"fr-FR","@id":"https:\/\/secure.gravatar.com\/avatar\/37d968a2e67a6fd04c169c4bdef102d0bc5d31b2546345219e348575eb80e9a0?s=96&d=mm&r=g","url":"https:\/\/secure.gravatar.com\/avatar\/37d968a2e67a6fd04c169c4bdef102d0bc5d31b2546345219e348575eb80e9a0?s=96&d=mm&r=g","contentUrl":"https:\/\/secure.gravatar.com\/avatar\/37d968a2e67a6fd04c169c4bdef102d0bc5d31b2546345219e348575eb80e9a0?s=96&d=mm&r=g","caption":"redazione"},"sameAs":["http:\/\/www.bellunopress.it","https:\/\/x.com\/bellunopress"],"url":"https:\/\/www.bellunopress.it\/fr\/author\/redazione\/"}]}},"_links":{"self":[{"href":"https:\/\/www.bellunopress.it\/fr\/wp-json\/wp\/v2\/posts\/168105","targetHints":{"allow":["GET"]}}],"collection":[{"href":"https:\/\/www.bellunopress.it\/fr\/wp-json\/wp\/v2\/posts"}],"about":[{"href":"https:\/\/www.bellunopress.it\/fr\/wp-json\/wp\/v2\/types\/post"}],"author":[{"embeddable":true,"href":"https:\/\/www.bellunopress.it\/fr\/wp-json\/wp\/v2\/users\/2"}],"replies":[{"embeddable":true,"href":"https:\/\/www.bellunopress.it\/fr\/wp-json\/wp\/v2\/comments?post=168105"}],"version-history":[{"count":1,"href":"https:\/\/www.bellunopress.it\/fr\/wp-json\/wp\/v2\/posts\/168105\/revisions"}],"predecessor-version":[{"id":168107,"href":"https:\/\/www.bellunopress.it\/fr\/wp-json\/wp\/v2\/posts\/168105\/revisions\/168107"}],"wp:featuredmedia":[{"embeddable":true,"href":"https:\/\/www.bellunopress.it\/fr\/wp-json\/wp\/v2\/media\/168106"}],"wp:attachment":[{"href":"https:\/\/www.bellunopress.it\/fr\/wp-json\/wp\/v2\/media?parent=168105"}],"wp:term":[{"taxonomy":"category","embeddable":true,"href":"https:\/\/www.bellunopress.it\/fr\/wp-json\/wp\/v2\/categories?post=168105"},{"taxonomy":"post_tag","embeddable":true,"href":"https:\/\/www.bellunopress.it\/fr\/wp-json\/wp\/v2\/tags?post=168105"}],"curies":[{"name":"wp","href":"https:\/\/api.w.org\/{rel}","templated":true}]}}