{"id":168094,"date":"2026-03-12T12:33:47","date_gmt":"2026-03-12T11:33:47","guid":{"rendered":"https:\/\/www.bellunopress.it\/?p=168094"},"modified":"2026-03-12T12:33:47","modified_gmt":"2026-03-12T11:33:47","slug":"laeroporto-di-venezia-e-le-dolomiti-bellunesi-protagonisti-a-shanghai-inaugurata-la-venice-week-al-terminal-2-dellaeroporto-di-pudong","status":"publish","type":"post","link":"https:\/\/www.bellunopress.it\/fr\/2026\/03\/12\/laeroporto-di-venezia-e-le-dolomiti-bellunesi-protagonisti-a-shanghai-inaugurata-la-venice-week-al-terminal-2-dellaeroporto-di-pudong\/","title":{"rendered":"L\u2019aeroporto di Venezia e le Dolomiti Bellunesi protagonisti a Shanghai: inaugurata la \u201cVenice Week\u201d al Terminal 2 dell\u2019aeroporto di Pudong"},"content":{"rendered":"<p><strong>L\u2019iniziativa, nata per consolidare il successo del volo diretto tra Shanghai e Venezia, pone il \u201cMarco Polo\u201d al centro di una vetrina internazionale strategica per promuovere l&#8217;accessibilit\u00e0 del territorio e delle Dolomiti.<\/strong><\/p>\n<p>Shanghai \/ Venezia, 11 marzo 2026 &#8211;\u00a0 Il legame tra Venezia e la Cina si rafforza nel segno della valorizzazione territoriale. \u00c8 stata inaugurata questa mattina, presso il Terminal 2 dell\u2019aeroporto di Shanghai Pudong (PVG), la \u201cVenice Week\u201d, un\u2019area espositiva e interattiva visitabile dall\u201911 al 20 marzo. Nell\u2019area transitano quotidianamente circa 35-40 mila passeggeri.<br \/>\nL&#8217;iniziativa nasce da un gesto di ospitalit\u00e0 della Shanghai Airport Authority, che ha ideato e sviluppato il concept dello spazio per accogliere il nostro territorio all&#8217;interno dello scalo cinese.<br \/>\nL\u2019evento \u00e8 frutto della stretta collaborazione tra il Gruppo SAVE, gestore del Polo Aeroportuale del Nord Est, e lo scalo di Shanghai. Il rapporto tra i due aeroporti ha radici storiche e si \u00e8 consolidato nel tempo attraverso un lavoro congiunto per rafforzare le connessioni dirette tra la Cina e Venezia. Questa partnership ha acquisito particolare valore il 26 settembre 2024 con l\u2019avvio del volo diretto operato da China Eastern Airlines e prosegue oggi con l&#8217;obiettivo di intensificare ulteriormente i flussi tra i due Paesi. Il collegamento, che fin dal suo debutto ha registrato un load factor superiore all\u201980%, passer\u00e0 dal prossimo 29 marzo a 5 frequenze settimanali, rispondendo a una solida domanda di mercato.<\/p>\n<p><strong>Venezia gateway per il territorio e i siti UNESCO<\/strong><\/p>\n<p>Il Gruppo SAVE ha utilizzato questa vetrina per raccontare il &#8220;Marco Polo&#8221; come principale porta d\u2019accesso non solo alle Dolomiti, raggiungibili in due ore dallo scalo, ma all&#8217;intero sistema dei 9 siti UNESCO presenti nel Veneto. L&#8217;aeroporto si conferma cos\u00ec gateway di un territorio ampio e transfrontaliero che serve efficacemente anche la Slovenia. Per massimizzare l&#8217;impatto sul mercato asiatico, \u00e8 stata coinvolta la DMO Dolomiti Bellunesi, che attraverso lo spazio interattivo comunica la destinazione ai passeggeri in transito a Shanghai.<\/p>\n<p>Nell&#8217;autunno del 2026 l&#8217;aeroporto di Venezia offrir\u00e0 a sua volta uno spazio dedicato all&#8217;interno del proprio terminal per promuovere lo scalo e il territorio di Shanghai, contraccambiando l\u2019opportunit\u00e0 data dai colleghi cinesi.<\/p>\n<p>&#8220;Siamo felici dell\u2019opportunit\u00e0 di visibilit\u00e0 che il nostro aeroporto ha ricevuto e dell\u2019occasione offerta al nostro territorio&#8221; \u2013 ha dichiarato Camillo Bozzolo, Direttore Sviluppo Aviation del Gruppo SAVE \u2013 &#8220;Ci teniamo a comunicare come da Venezia sia possibile raggiungere diversi luoghi della regione in tempi rapidi, usufruendo di una variet\u00e0 di opportunit\u00e0, tra cui le nostre montagne. I dati confermano l&#8217;efficacia del volo diretto: il 78% dei passeggeri cinesi, nella scelta di Venezia come m\u00e8ta di viaggio, dichiara di essere stato molto influenzato dall&#8217;esistenza del volo diretto, per il 65% di loro si tratta del primo viaggio in Italia. In un contesto di instabilit\u00e0 nel Medio Oriente, questo volo diretto si conferma un punto di riferimento strategico e sicuro per i flussi tra Europa e Oriente. \u00c8 un&#8217;opportunit\u00e0 importante per la nostra catchment area: il 96% dei passeggeri italiani che utilizzano questo volo proviene da Veneto e Friuli, con una penetrazione significativa della componente slovena&#8221;.<\/p>\n<p><strong>Il commento di Fondazione DMO Dolomiti Bellunesi<\/strong><\/p>\n<p>\u201cRingraziamo il Gruppo SAVE e l\u2019Aeroporto Marco Polo per averci coinvolto in questa iniziativa, che rappresenta un\u2019importante occasione di visibilit\u00e0 per il nostro territorio all\u2019interno di uno degli hub aeroportuali pi\u00f9 rilevanti al mondo \u2013 ha dichiarato Emanuela de Zanna, Presidente della Fondazione DMO Dolomiti Bellunesi &#8211; La presenza delle Dolomiti Bellunesi a Shanghai si inserisce in un percorso di apertura verso il mercato cinese che stiamo portando avanti da tempo. Torneremo infatti a Shanghai anche nei prossimi mesi per partecipare a una delle principali fiere turistiche del Paese, continuando il lavoro di relazione con operatori e media locali. Stiamo registrando segnali molto positivi di interesse verso le nostre montagne, con un crescente coinvolgimento del pubblico sulle piattaforme digitali cinesi. Il collegamento diretto tra Shanghai e Venezia rappresenta in questo senso una straordinaria opportunit\u00e0 per rendere le Dolomiti Bellunesi sempre pi\u00f9 accessibili e conosciute a livello internazionale.\u201d<\/p>\n<p>&nbsp;<\/p>","protected":false},"excerpt":{"rendered":"<p>L\u2019iniziativa, nata per consolidare il successo del volo diretto tra Shanghai e Venezia, pone il \u201cMarco Polo\u201d al centro di una vetrina internazionale strategica per promuovere l&#8217;accessibilit\u00e0 del territorio e delle Dolomiti. Shanghai \/ Venezia, 11 marzo 2026 &#8211;\u00a0 Il legame tra Venezia e la Cina si rafforza nel segno della valorizzazione territoriale. \u00c8 stata [&hellip;]<\/p>\n","protected":false},"author":2,"featured_media":168095,"comment_status":"closed","ping_status":"open","sticky":false,"template":"","format":"standard","meta":{"footnotes":""},"categories":[5,3446,26],"tags":[],"class_list":["post-168094","post","type-post","status-publish","format-standard","has-post-thumbnail","category-cronaca","category-featured","category-prima-pagina"],"yoast_head":"<!-- This site is optimized with the Yoast SEO plugin v28.4 - https:\/\/yoast.com\/product\/yoast-seo-wordpress\/ -->\n<title>L\u2019aeroporto di Venezia e le Dolomiti Bellunesi protagonisti a Shanghai: inaugurata la \u201cVenice Week\u201d al Terminal 2 dell\u2019aeroporto di Pudong - Bellunopress - Dolomiti<\/title>\n<meta name=\"robots\" content=\"index, follow, max-snippet:-1, max-image-preview:large, max-video-preview:-1\" \/>\n<link rel=\"canonical\" href=\"https:\/\/www.bellunopress.it\/fr\/2026\/03\/12\/laeroporto-di-venezia-e-le-dolomiti-bellunesi-protagonisti-a-shanghai-inaugurata-la-venice-week-al-terminal-2-dellaeroporto-di-pudong\/\" \/>\n<meta property=\"og:locale\" content=\"fr_FR\" \/>\n<meta property=\"og:type\" content=\"article\" \/>\n<meta property=\"og:title\" content=\"L\u2019aeroporto di Venezia e le Dolomiti Bellunesi protagonisti a Shanghai: inaugurata la \u201cVenice Week\u201d al Terminal 2 dell\u2019aeroporto di Pudong - Bellunopress - Dolomiti\" \/>\n<meta property=\"og:description\" content=\"L\u2019iniziativa, nata per consolidare il successo del volo diretto tra Shanghai e Venezia, pone il \u201cMarco Polo\u201d al centro di una vetrina internazionale strategica per promuovere l&#8217;accessibilit\u00e0 del territorio e delle Dolomiti. Shanghai \/ Venezia, 11 marzo 2026 &#8211;\u00a0 Il legame tra Venezia e la Cina si rafforza nel segno della valorizzazione territoriale. \u00c8 stata [&hellip;]\" \/>\n<meta property=\"og:url\" content=\"https:\/\/www.bellunopress.it\/fr\/2026\/03\/12\/laeroporto-di-venezia-e-le-dolomiti-bellunesi-protagonisti-a-shanghai-inaugurata-la-venice-week-al-terminal-2-dellaeroporto-di-pudong\/\" \/>\n<meta property=\"og:site_name\" content=\"Bellunopress - Dolomiti\" \/>\n<meta property=\"article:publisher\" content=\"https:\/\/www.facebook.com\/profile.php?id=100008943462799\" \/>\n<meta property=\"article:published_time\" content=\"2026-03-12T11:33:47+00:00\" \/>\n<meta property=\"og:image\" content=\"https:\/\/www.bellunopress.it\/wp-content\/uploads\/2026\/03\/Shanghai-inaugurata-la-Venice-Week.jpg\" \/>\n\t<meta property=\"og:image:width\" content=\"600\" \/>\n\t<meta property=\"og:image:height\" content=\"400\" \/>\n\t<meta property=\"og:image:type\" content=\"image\/jpeg\" \/>\n<meta name=\"author\" content=\"redazione\" \/>\n<meta name=\"twitter:card\" content=\"summary_large_image\" \/>\n<meta name=\"twitter:creator\" content=\"@bellunopress\" \/>\n<meta name=\"twitter:site\" content=\"@bellunopress\" \/>\n<meta name=\"twitter:label1\" content=\"\u00c9crit par\" \/>\n\t<meta name=\"twitter:data1\" content=\"redazione\" \/>\n\t<meta name=\"twitter:label2\" content=\"Dur\u00e9e de lecture estim\u00e9e\" \/>\n\t<meta name=\"twitter:data2\" content=\"3 minutes\" \/>\n<script type=\"application\/ld+json\" class=\"yoast-schema-graph\">{\"@context\":\"https:\\\/\\\/schema.org\",\"@graph\":[{\"@type\":\"Article\",\"@id\":\"https:\\\/\\\/www.bellunopress.it\\\/2026\\\/03\\\/12\\\/laeroporto-di-venezia-e-le-dolomiti-bellunesi-protagonisti-a-shanghai-inaugurata-la-venice-week-al-terminal-2-dellaeroporto-di-pudong\\\/#article\",\"isPartOf\":{\"@id\":\"https:\\\/\\\/www.bellunopress.it\\\/2026\\\/03\\\/12\\\/laeroporto-di-venezia-e-le-dolomiti-bellunesi-protagonisti-a-shanghai-inaugurata-la-venice-week-al-terminal-2-dellaeroporto-di-pudong\\\/\"},\"author\":{\"name\":\"redazione\",\"@id\":\"https:\\\/\\\/www.bellunopress.it\\\/#\\\/schema\\\/person\\\/79bb06722b37ece1c03d3e94beb30d73\"},\"headline\":\"L\u2019aeroporto di Venezia e le Dolomiti Bellunesi protagonisti a Shanghai: inaugurata la \u201cVenice Week\u201d al Terminal 2 dell\u2019aeroporto di Pudong\",\"datePublished\":\"2026-03-12T11:33:47+00:00\",\"mainEntityOfPage\":{\"@id\":\"https:\\\/\\\/www.bellunopress.it\\\/2026\\\/03\\\/12\\\/laeroporto-di-venezia-e-le-dolomiti-bellunesi-protagonisti-a-shanghai-inaugurata-la-venice-week-al-terminal-2-dellaeroporto-di-pudong\\\/\"},\"wordCount\":687,\"publisher\":{\"@id\":\"https:\\\/\\\/www.bellunopress.it\\\/#organization\"},\"image\":{\"@id\":\"https:\\\/\\\/www.bellunopress.it\\\/2026\\\/03\\\/12\\\/laeroporto-di-venezia-e-le-dolomiti-bellunesi-protagonisti-a-shanghai-inaugurata-la-venice-week-al-terminal-2-dellaeroporto-di-pudong\\\/#primaryimage\"},\"thumbnailUrl\":\"https:\\\/\\\/www.bellunopress.it\\\/wp-content\\\/uploads\\\/2026\\\/03\\\/Shanghai-inaugurata-la-Venice-Week.jpg\",\"articleSection\":[\"Cronaca\\\/Politica\",\"Featured\",\"Prima Pagina\"],\"inLanguage\":\"fr-FR\"},{\"@type\":\"WebPage\",\"@id\":\"https:\\\/\\\/www.bellunopress.it\\\/2026\\\/03\\\/12\\\/laeroporto-di-venezia-e-le-dolomiti-bellunesi-protagonisti-a-shanghai-inaugurata-la-venice-week-al-terminal-2-dellaeroporto-di-pudong\\\/\",\"url\":\"https:\\\/\\\/www.bellunopress.it\\\/2026\\\/03\\\/12\\\/laeroporto-di-venezia-e-le-dolomiti-bellunesi-protagonisti-a-shanghai-inaugurata-la-venice-week-al-terminal-2-dellaeroporto-di-pudong\\\/\",\"name\":\"L\u2019aeroporto di Venezia e le Dolomiti Bellunesi protagonisti a Shanghai: inaugurata la \u201cVenice Week\u201d al Terminal 2 dell\u2019aeroporto di Pudong - Bellunopress - Dolomiti\",\"isPartOf\":{\"@id\":\"https:\\\/\\\/www.bellunopress.it\\\/#website\"},\"primaryImageOfPage\":{\"@id\":\"https:\\\/\\\/www.bellunopress.it\\\/2026\\\/03\\\/12\\\/laeroporto-di-venezia-e-le-dolomiti-bellunesi-protagonisti-a-shanghai-inaugurata-la-venice-week-al-terminal-2-dellaeroporto-di-pudong\\\/#primaryimage\"},\"image\":{\"@id\":\"https:\\\/\\\/www.bellunopress.it\\\/2026\\\/03\\\/12\\\/laeroporto-di-venezia-e-le-dolomiti-bellunesi-protagonisti-a-shanghai-inaugurata-la-venice-week-al-terminal-2-dellaeroporto-di-pudong\\\/#primaryimage\"},\"thumbnailUrl\":\"https:\\\/\\\/www.bellunopress.it\\\/wp-content\\\/uploads\\\/2026\\\/03\\\/Shanghai-inaugurata-la-Venice-Week.jpg\",\"datePublished\":\"2026-03-12T11:33:47+00:00\",\"breadcrumb\":{\"@id\":\"https:\\\/\\\/www.bellunopress.it\\\/2026\\\/03\\\/12\\\/laeroporto-di-venezia-e-le-dolomiti-bellunesi-protagonisti-a-shanghai-inaugurata-la-venice-week-al-terminal-2-dellaeroporto-di-pudong\\\/#breadcrumb\"},\"inLanguage\":\"fr-FR\",\"potentialAction\":[{\"@type\":\"ReadAction\",\"target\":[\"https:\\\/\\\/www.bellunopress.it\\\/2026\\\/03\\\/12\\\/laeroporto-di-venezia-e-le-dolomiti-bellunesi-protagonisti-a-shanghai-inaugurata-la-venice-week-al-terminal-2-dellaeroporto-di-pudong\\\/\"]}]},{\"@type\":\"ImageObject\",\"inLanguage\":\"fr-FR\",\"@id\":\"https:\\\/\\\/www.bellunopress.it\\\/2026\\\/03\\\/12\\\/laeroporto-di-venezia-e-le-dolomiti-bellunesi-protagonisti-a-shanghai-inaugurata-la-venice-week-al-terminal-2-dellaeroporto-di-pudong\\\/#primaryimage\",\"url\":\"https:\\\/\\\/www.bellunopress.it\\\/wp-content\\\/uploads\\\/2026\\\/03\\\/Shanghai-inaugurata-la-Venice-Week.jpg\",\"contentUrl\":\"https:\\\/\\\/www.bellunopress.it\\\/wp-content\\\/uploads\\\/2026\\\/03\\\/Shanghai-inaugurata-la-Venice-Week.jpg\",\"width\":600,\"height\":400,\"caption\":\"Taglio del nastro. Da sinistra: 1. Mr. Camillo Bozzolo, Head of Commerical Aviation of SAVE Group 2. Mr. Francesco D'Arelli, Director of Italian Cultural Institute in Shanghai 3. Ms. Tiziana D'Angelo, Consul General of the Republic of Italy in Shanghai 4. Mr. Wang Zhihua, deputy director of the Shanghai Municipal Administration of Culture and Tourism 5. Ms. Zhao Haibo, Vice President of Shanghai Airport Authority 6. Ms. Fu Qingna, General Manager of Marketing Department of Shanghai Airport Authority & Vice President of Shanghai Pudong International Airport\"},{\"@type\":\"BreadcrumbList\",\"@id\":\"https:\\\/\\\/www.bellunopress.it\\\/2026\\\/03\\\/12\\\/laeroporto-di-venezia-e-le-dolomiti-bellunesi-protagonisti-a-shanghai-inaugurata-la-venice-week-al-terminal-2-dellaeroporto-di-pudong\\\/#breadcrumb\",\"itemListElement\":[{\"@type\":\"ListItem\",\"position\":1,\"name\":\"Home\",\"item\":\"https:\\\/\\\/www.bellunopress.it\\\/\"},{\"@type\":\"ListItem\",\"position\":2,\"name\":\"L\u2019aeroporto di Venezia e le Dolomiti Bellunesi protagonisti a Shanghai: inaugurata la \u201cVenice Week\u201d al Terminal 2 dell\u2019aeroporto di Pudong\"}]},{\"@type\":\"WebSite\",\"@id\":\"https:\\\/\\\/www.bellunopress.it\\\/#website\",\"url\":\"https:\\\/\\\/www.bellunopress.it\\\/\",\"name\":\"Bellunopress - Dolomiti\",\"description\":\"e-mail: redazione@bellunopress.it\",\"publisher\":{\"@id\":\"https:\\\/\\\/www.bellunopress.it\\\/#organization\"},\"potentialAction\":[{\"@type\":\"SearchAction\",\"target\":{\"@type\":\"EntryPoint\",\"urlTemplate\":\"https:\\\/\\\/www.bellunopress.it\\\/?s={search_term_string}\"},\"query-input\":{\"@type\":\"PropertyValueSpecification\",\"valueRequired\":true,\"valueName\":\"search_term_string\"}}],\"inLanguage\":\"fr-FR\"},{\"@type\":\"Organization\",\"@id\":\"https:\\\/\\\/www.bellunopress.it\\\/#organization\",\"name\":\"Bellunopress\",\"url\":\"https:\\\/\\\/www.bellunopress.it\\\/\",\"logo\":{\"@type\":\"ImageObject\",\"inLanguage\":\"fr-FR\",\"@id\":\"https:\\\/\\\/www.bellunopress.it\\\/#\\\/schema\\\/logo\\\/image\\\/\",\"url\":\"https:\\\/\\\/www.bellunopress.it\\\/wp-content\\\/uploads\\\/2011\\\/05\\\/cropped-logo-bellunopress-.jpg\",\"contentUrl\":\"https:\\\/\\\/www.bellunopress.it\\\/wp-content\\\/uploads\\\/2011\\\/05\\\/cropped-logo-bellunopress-.jpg\",\"width\":512,\"height\":512,\"caption\":\"Bellunopress\"},\"image\":{\"@id\":\"https:\\\/\\\/www.bellunopress.it\\\/#\\\/schema\\\/logo\\\/image\\\/\"},\"sameAs\":[\"https:\\\/\\\/www.facebook.com\\\/profile.php?id=100008943462799\",\"https:\\\/\\\/x.com\\\/bellunopress\",\"https:\\\/\\\/www.linkedin.com\\\/hp\\\/?dnr=JBzUWaJfMUw8vbXJJ2tVW5-I3jZKvC4wsoxE&amp;amp;amp;amp;amp;amp;trk=nav_responsive_tab_home\",\"https:\\\/\\\/www.youtube.com\\\/channel\\\/UCxL0wu1uN0_3_7hGG0306cw\"]},{\"@type\":\"Person\",\"@id\":\"https:\\\/\\\/www.bellunopress.it\\\/#\\\/schema\\\/person\\\/79bb06722b37ece1c03d3e94beb30d73\",\"name\":\"redazione\",\"image\":{\"@type\":\"ImageObject\",\"inLanguage\":\"fr-FR\",\"@id\":\"https:\\\/\\\/secure.gravatar.com\\\/avatar\\\/37d968a2e67a6fd04c169c4bdef102d0bc5d31b2546345219e348575eb80e9a0?s=96&d=mm&r=g\",\"url\":\"https:\\\/\\\/secure.gravatar.com\\\/avatar\\\/37d968a2e67a6fd04c169c4bdef102d0bc5d31b2546345219e348575eb80e9a0?s=96&d=mm&r=g\",\"contentUrl\":\"https:\\\/\\\/secure.gravatar.com\\\/avatar\\\/37d968a2e67a6fd04c169c4bdef102d0bc5d31b2546345219e348575eb80e9a0?s=96&d=mm&r=g\",\"caption\":\"redazione\"},\"sameAs\":[\"http:\\\/\\\/www.bellunopress.it\",\"https:\\\/\\\/x.com\\\/bellunopress\"],\"url\":\"https:\\\/\\\/www.bellunopress.it\\\/fr\\\/author\\\/redazione\\\/\"}]}<\/script>\n<!-- \/ Yoast SEO plugin. -->","yoast_head_json":{"title":"L\u2019aeroporto di Venezia e le Dolomiti Bellunesi protagonisti a Shanghai: inaugurata la \u201cVenice Week\u201d al Terminal 2 dell\u2019aeroporto di Pudong - Bellunopress - Dolomiti","robots":{"index":"index","follow":"follow","max-snippet":"max-snippet:-1","max-image-preview":"max-image-preview:large","max-video-preview":"max-video-preview:-1"},"canonical":"https:\/\/www.bellunopress.it\/fr\/2026\/03\/12\/laeroporto-di-venezia-e-le-dolomiti-bellunesi-protagonisti-a-shanghai-inaugurata-la-venice-week-al-terminal-2-dellaeroporto-di-pudong\/","og_locale":"fr_FR","og_type":"article","og_title":"L\u2019aeroporto di Venezia e le Dolomiti Bellunesi protagonisti a Shanghai: inaugurata la \u201cVenice Week\u201d al Terminal 2 dell\u2019aeroporto di Pudong - Bellunopress - Dolomiti","og_description":"L\u2019iniziativa, nata per consolidare il successo del volo diretto tra Shanghai e Venezia, pone il \u201cMarco Polo\u201d al centro di una vetrina internazionale strategica per promuovere l&#8217;accessibilit\u00e0 del territorio e delle Dolomiti. Shanghai \/ Venezia, 11 marzo 2026 &#8211;\u00a0 Il legame tra Venezia e la Cina si rafforza nel segno della valorizzazione territoriale. \u00c8 stata [&hellip;]","og_url":"https:\/\/www.bellunopress.it\/fr\/2026\/03\/12\/laeroporto-di-venezia-e-le-dolomiti-bellunesi-protagonisti-a-shanghai-inaugurata-la-venice-week-al-terminal-2-dellaeroporto-di-pudong\/","og_site_name":"Bellunopress - Dolomiti","article_publisher":"https:\/\/www.facebook.com\/profile.php?id=100008943462799","article_published_time":"2026-03-12T11:33:47+00:00","og_image":[{"width":600,"height":400,"url":"https:\/\/www.bellunopress.it\/wp-content\/uploads\/2026\/03\/Shanghai-inaugurata-la-Venice-Week.jpg","type":"image\/jpeg"}],"author":"redazione","twitter_card":"summary_large_image","twitter_creator":"@bellunopress","twitter_site":"@bellunopress","twitter_misc":{"\u00c9crit par":"redazione","Dur\u00e9e de lecture estim\u00e9e":"3 minutes"},"schema":{"@context":"https:\/\/schema.org","@graph":[{"@type":"Article","@id":"https:\/\/www.bellunopress.it\/2026\/03\/12\/laeroporto-di-venezia-e-le-dolomiti-bellunesi-protagonisti-a-shanghai-inaugurata-la-venice-week-al-terminal-2-dellaeroporto-di-pudong\/#article","isPartOf":{"@id":"https:\/\/www.bellunopress.it\/2026\/03\/12\/laeroporto-di-venezia-e-le-dolomiti-bellunesi-protagonisti-a-shanghai-inaugurata-la-venice-week-al-terminal-2-dellaeroporto-di-pudong\/"},"author":{"name":"redazione","@id":"https:\/\/www.bellunopress.it\/#\/schema\/person\/79bb06722b37ece1c03d3e94beb30d73"},"headline":"L\u2019aeroporto di Venezia e le Dolomiti Bellunesi protagonisti a Shanghai: inaugurata la \u201cVenice Week\u201d al Terminal 2 dell\u2019aeroporto di Pudong","datePublished":"2026-03-12T11:33:47+00:00","mainEntityOfPage":{"@id":"https:\/\/www.bellunopress.it\/2026\/03\/12\/laeroporto-di-venezia-e-le-dolomiti-bellunesi-protagonisti-a-shanghai-inaugurata-la-venice-week-al-terminal-2-dellaeroporto-di-pudong\/"},"wordCount":687,"publisher":{"@id":"https:\/\/www.bellunopress.it\/#organization"},"image":{"@id":"https:\/\/www.bellunopress.it\/2026\/03\/12\/laeroporto-di-venezia-e-le-dolomiti-bellunesi-protagonisti-a-shanghai-inaugurata-la-venice-week-al-terminal-2-dellaeroporto-di-pudong\/#primaryimage"},"thumbnailUrl":"https:\/\/www.bellunopress.it\/wp-content\/uploads\/2026\/03\/Shanghai-inaugurata-la-Venice-Week.jpg","articleSection":["Cronaca\/Politica","Featured","Prima Pagina"],"inLanguage":"fr-FR"},{"@type":"WebPage","@id":"https:\/\/www.bellunopress.it\/2026\/03\/12\/laeroporto-di-venezia-e-le-dolomiti-bellunesi-protagonisti-a-shanghai-inaugurata-la-venice-week-al-terminal-2-dellaeroporto-di-pudong\/","url":"https:\/\/www.bellunopress.it\/2026\/03\/12\/laeroporto-di-venezia-e-le-dolomiti-bellunesi-protagonisti-a-shanghai-inaugurata-la-venice-week-al-terminal-2-dellaeroporto-di-pudong\/","name":"L\u2019aeroporto di Venezia e le Dolomiti Bellunesi protagonisti a Shanghai: inaugurata la \u201cVenice Week\u201d al Terminal 2 dell\u2019aeroporto di Pudong - Bellunopress - Dolomiti","isPartOf":{"@id":"https:\/\/www.bellunopress.it\/#website"},"primaryImageOfPage":{"@id":"https:\/\/www.bellunopress.it\/2026\/03\/12\/laeroporto-di-venezia-e-le-dolomiti-bellunesi-protagonisti-a-shanghai-inaugurata-la-venice-week-al-terminal-2-dellaeroporto-di-pudong\/#primaryimage"},"image":{"@id":"https:\/\/www.bellunopress.it\/2026\/03\/12\/laeroporto-di-venezia-e-le-dolomiti-bellunesi-protagonisti-a-shanghai-inaugurata-la-venice-week-al-terminal-2-dellaeroporto-di-pudong\/#primaryimage"},"thumbnailUrl":"https:\/\/www.bellunopress.it\/wp-content\/uploads\/2026\/03\/Shanghai-inaugurata-la-Venice-Week.jpg","datePublished":"2026-03-12T11:33:47+00:00","breadcrumb":{"@id":"https:\/\/www.bellunopress.it\/2026\/03\/12\/laeroporto-di-venezia-e-le-dolomiti-bellunesi-protagonisti-a-shanghai-inaugurata-la-venice-week-al-terminal-2-dellaeroporto-di-pudong\/#breadcrumb"},"inLanguage":"fr-FR","potentialAction":[{"@type":"ReadAction","target":["https:\/\/www.bellunopress.it\/2026\/03\/12\/laeroporto-di-venezia-e-le-dolomiti-bellunesi-protagonisti-a-shanghai-inaugurata-la-venice-week-al-terminal-2-dellaeroporto-di-pudong\/"]}]},{"@type":"ImageObject","inLanguage":"fr-FR","@id":"https:\/\/www.bellunopress.it\/2026\/03\/12\/laeroporto-di-venezia-e-le-dolomiti-bellunesi-protagonisti-a-shanghai-inaugurata-la-venice-week-al-terminal-2-dellaeroporto-di-pudong\/#primaryimage","url":"https:\/\/www.bellunopress.it\/wp-content\/uploads\/2026\/03\/Shanghai-inaugurata-la-Venice-Week.jpg","contentUrl":"https:\/\/www.bellunopress.it\/wp-content\/uploads\/2026\/03\/Shanghai-inaugurata-la-Venice-Week.jpg","width":600,"height":400,"caption":"Taglio del nastro. Da sinistra: 1. Mr. Camillo Bozzolo, Head of Commerical Aviation of SAVE Group 2. Mr. Francesco D'Arelli, Director of Italian Cultural Institute in Shanghai 3. Ms. Tiziana D'Angelo, Consul General of the Republic of Italy in Shanghai 4. Mr. Wang Zhihua, deputy director of the Shanghai Municipal Administration of Culture and Tourism 5. Ms. Zhao Haibo, Vice President of Shanghai Airport Authority 6. Ms. Fu Qingna, General Manager of Marketing Department of Shanghai Airport Authority & Vice President of Shanghai Pudong International Airport"},{"@type":"BreadcrumbList","@id":"https:\/\/www.bellunopress.it\/2026\/03\/12\/laeroporto-di-venezia-e-le-dolomiti-bellunesi-protagonisti-a-shanghai-inaugurata-la-venice-week-al-terminal-2-dellaeroporto-di-pudong\/#breadcrumb","itemListElement":[{"@type":"ListItem","position":1,"name":"Home","item":"https:\/\/www.bellunopress.it\/"},{"@type":"ListItem","position":2,"name":"L\u2019aeroporto di Venezia e le Dolomiti Bellunesi protagonisti a Shanghai: inaugurata la \u201cVenice Week\u201d al Terminal 2 dell\u2019aeroporto di Pudong"}]},{"@type":"WebSite","@id":"https:\/\/www.bellunopress.it\/#website","url":"https:\/\/www.bellunopress.it\/","name":"Bellunopress - Dolomiti","description":"e-mail: redazione@bellunopress.it","publisher":{"@id":"https:\/\/www.bellunopress.it\/#organization"},"potentialAction":[{"@type":"SearchAction","target":{"@type":"EntryPoint","urlTemplate":"https:\/\/www.bellunopress.it\/?s={search_term_string}"},"query-input":{"@type":"PropertyValueSpecification","valueRequired":true,"valueName":"search_term_string"}}],"inLanguage":"fr-FR"},{"@type":"Organization","@id":"https:\/\/www.bellunopress.it\/#organization","name":"Bellunopress","url":"https:\/\/www.bellunopress.it\/","logo":{"@type":"ImageObject","inLanguage":"fr-FR","@id":"https:\/\/www.bellunopress.it\/#\/schema\/logo\/image\/","url":"https:\/\/www.bellunopress.it\/wp-content\/uploads\/2011\/05\/cropped-logo-bellunopress-.jpg","contentUrl":"https:\/\/www.bellunopress.it\/wp-content\/uploads\/2011\/05\/cropped-logo-bellunopress-.jpg","width":512,"height":512,"caption":"Bellunopress"},"image":{"@id":"https:\/\/www.bellunopress.it\/#\/schema\/logo\/image\/"},"sameAs":["https:\/\/www.facebook.com\/profile.php?id=100008943462799","https:\/\/x.com\/bellunopress","https:\/\/www.linkedin.com\/hp\/?dnr=JBzUWaJfMUw8vbXJJ2tVW5-I3jZKvC4wsoxE&amp;amp;amp;amp;amp;amp;trk=nav_responsive_tab_home","https:\/\/www.youtube.com\/channel\/UCxL0wu1uN0_3_7hGG0306cw"]},{"@type":"Person","@id":"https:\/\/www.bellunopress.it\/#\/schema\/person\/79bb06722b37ece1c03d3e94beb30d73","name":"r\u00e9daction","image":{"@type":"ImageObject","inLanguage":"fr-FR","@id":"https:\/\/secure.gravatar.com\/avatar\/37d968a2e67a6fd04c169c4bdef102d0bc5d31b2546345219e348575eb80e9a0?s=96&d=mm&r=g","url":"https:\/\/secure.gravatar.com\/avatar\/37d968a2e67a6fd04c169c4bdef102d0bc5d31b2546345219e348575eb80e9a0?s=96&d=mm&r=g","contentUrl":"https:\/\/secure.gravatar.com\/avatar\/37d968a2e67a6fd04c169c4bdef102d0bc5d31b2546345219e348575eb80e9a0?s=96&d=mm&r=g","caption":"redazione"},"sameAs":["http:\/\/www.bellunopress.it","https:\/\/x.com\/bellunopress"],"url":"https:\/\/www.bellunopress.it\/fr\/author\/redazione\/"}]}},"_links":{"self":[{"href":"https:\/\/www.bellunopress.it\/fr\/wp-json\/wp\/v2\/posts\/168094","targetHints":{"allow":["GET"]}}],"collection":[{"href":"https:\/\/www.bellunopress.it\/fr\/wp-json\/wp\/v2\/posts"}],"about":[{"href":"https:\/\/www.bellunopress.it\/fr\/wp-json\/wp\/v2\/types\/post"}],"author":[{"embeddable":true,"href":"https:\/\/www.bellunopress.it\/fr\/wp-json\/wp\/v2\/users\/2"}],"replies":[{"embeddable":true,"href":"https:\/\/www.bellunopress.it\/fr\/wp-json\/wp\/v2\/comments?post=168094"}],"version-history":[{"count":1,"href":"https:\/\/www.bellunopress.it\/fr\/wp-json\/wp\/v2\/posts\/168094\/revisions"}],"predecessor-version":[{"id":168096,"href":"https:\/\/www.bellunopress.it\/fr\/wp-json\/wp\/v2\/posts\/168094\/revisions\/168096"}],"wp:featuredmedia":[{"embeddable":true,"href":"https:\/\/www.bellunopress.it\/fr\/wp-json\/wp\/v2\/media\/168095"}],"wp:attachment":[{"href":"https:\/\/www.bellunopress.it\/fr\/wp-json\/wp\/v2\/media?parent=168094"}],"wp:term":[{"taxonomy":"category","embeddable":true,"href":"https:\/\/www.bellunopress.it\/fr\/wp-json\/wp\/v2\/categories?post=168094"},{"taxonomy":"post_tag","embeddable":true,"href":"https:\/\/www.bellunopress.it\/fr\/wp-json\/wp\/v2\/tags?post=168094"}],"curies":[{"name":"wp","href":"https:\/\/api.w.org\/{rel}","templated":true}]}}