{"id":168091,"date":"2026-03-12T11:41:25","date_gmt":"2026-03-12T10:41:25","guid":{"rendered":"https:\/\/www.bellunopress.it\/?p=168091"},"modified":"2026-04-03T10:58:24","modified_gmt":"2026-04-03T08:58:24","slug":"recupero-sportivo-creatina-sonno-e-proteine-nel-ciclo-di-adattamento-muscolare","status":"publish","type":"post","link":"https:\/\/www.bellunopress.it\/fr\/2026\/03\/12\/recupero-sportivo-creatina-sonno-e-proteine-nel-ciclo-di-adattamento-muscolare\/","title":{"rendered":"Recupero sportivo: creatina, sonno e proteine nel ciclo di adattamento muscolare"},"content":{"rendered":"<p style=\"font-weight: 400;\">Chi si allena con regolarit\u00e0 sa che il miglioramento fisico non avviene durante l&#8217;allenamento, ma nelle ore successive. Il muscolo si adatta durante il riposo, e la qualit\u00e0 di quel processo dipende da tre variabili strettamente collegate: sonno, apporto proteico e creatina. Capire come interagire \u00e8 pi\u00f9 utile che ottimizzarle separatamente.<\/p>\n<h2 style=\"font-weight: 500;\">Creatina: cosa fa davvero sul recupero<\/h2>\n<p style=\"font-weight: 400;\">La creatina monoidrato \u00e8 uno dei pochi integratori con un profilo di evidenza scientifica consolidato. Il suo meccanismo principale riguarda la rigenerazione dell&#8217;ATP (adenosina trifosfato), la molecola che i muscoli utilizzano come carburante immediato durante gli sforzi ad alta intensit\u00e0. Quando le riserve di creatina nei muscoli sono sature, la capacit\u00e0 di sostenere sforzi brevi e ripetuti aumenta, e questo si traduce in sessioni pi\u00f9 produttive e recupero pi\u00f9 rapido tra le serie.<\/p>\n<p style=\"font-weight: 400;\">Un dato utile: secondo una revisione pubblicata sul\u00a0<a href=\"https:\/\/www.sportsnutritionsociety.org\/jissn.html\">Journal of the International Society of Sports Nutrition<\/a>\u00a0(JISSN), la supplementazione con creatina riduce i marcatori di danno muscolare post-esercizio, con effetti documentati sia sugli atleti di forza che su quelli di resistenza ad alta intensit\u00e0. Per chi vuole\u00a0<a href=\"https:\/\/biogena.com\/it-it\/prodotti\/biogena-sports-creatina-in-stick-da-3-g_p_6800975\">integrare la creatina monoidrato nella propria routine<\/a>, formati pratici come gli stick monodose facilitano la gestione del dosaggio quotidiano, che si colloca in genere tra i 3 ei 5 grammi al giorno nella fase di mantenimento.<\/p>\n<p style=\"font-weight: 400;\">Un aspetto spesso sottovalutato riguarda la provenienza della creatina. Sul mercato circolano prodotti con materia prima di origine cinese e qualit\u00e0 variabile, con possibili contaminanti e standardizzazione incerta. La creatina di provenienza europea \u00e8 soggetta a controlli pi\u00f9 rigorosi ed \u00e8 considerata il riferimento qualitativo del settore. Di conseguenza, \u00e8 fondamentale leggere l&#8217;etichetta prima di acquistare qualsiasi prodotto.<\/p>\n<h2 style=\"font-weight: 500;\">Il ruolo del sonno e delle proteine \u200b\u200bnel ciclo di adattamento<\/h2>\n<p style=\"font-weight: 400;\">Il sonno \u00e8 la fase in cui avvengono i processi di riparazione muscolare pi\u00f9 intensi. Durante le prime ore di sonno profondo, la secrezione di ormone della crescita raggiunge il picco: \u00e8 in questa finestra che le microlesioni create dall&#8217;allenamento vengono riparate e il tessuto muscolare si ricostituisce pi\u00f9 denso. Un sonno insufficiente o frammentato compromette questo processo anche se l&#8217;allenamento e la dieta sono ottimali.<\/p>\n<p style=\"font-weight: 400;\">Le proteine \u200b\u200bforniscono gli aminoacidi necessari per la sintesi muscolare. L&#8217;indicazione pi\u00f9 diffusa in ambito sportivo si aggira intorno a 1,6-2,2 grammi per chilo di peso corporeo al giorno per chi svolge attivit\u00e0 di forza con frequenza elevata, secondo le linee guida del Consiglio per la Ricerca in Agricoltura e l&#8217;Analisi dell&#8217;Economia Agraria, consultabili sul\u00a0<a href=\"https:\/\/www.crea.gov.it\/web\/alimenti-e-nutrizione\/-\/linee-guida-per-una-sana-alimentazione-2018\">portale del CREA<\/a>\u00a0. La distribuzione nell&#8217;arco della giornata conta quanto la quantit\u00e0 totale: pasti proteici concentrati in poche ore sono meno efficaci rispetto a una distribuzione pi\u00f9 uniforme.<\/p>\n<p style=\"font-weight: 400;\">La creatina, in questo quadro, non sostituisce le proteine \u200b\u200bo il sonno ma ne amplifica l&#8217;effetto. Muscoli con riserve di creatina satura rispondono meglio agli stimoli allenanti, il che significa che lo stesso volume di lavoro produce adattamenti pi\u00f9 marcati, una parit\u00e0 di recupero. Tre variabili, un solo ciclo. Intervenire su una senza curare le altre lascia margini di miglioramento sul tavolo.<\/p>","protected":false},"excerpt":{"rendered":"<p>Chi si allena con regolarit\u00e0 sa che il miglioramento fisico non avviene durante l&#8217;allenamento, ma nelle ore successive. Il muscolo si adatta durante il riposo, e la qualit\u00e0 di quel processo dipende da tre variabili strettamente collegate: sonno, apporto proteico e creatina. Capire come interagire \u00e8 pi\u00f9 utile che ottimizzarle separatamente. Creatina: cosa fa davvero [&hellip;]<\/p>\n","protected":false},"author":2,"featured_media":168092,"comment_status":"closed","ping_status":"open","sticky":false,"template":"","format":"standard","meta":{"footnotes":""},"categories":[4],"tags":[],"class_list":["post-168091","post","type-post","status-publish","format-standard","has-post-thumbnail","category-sport"],"yoast_head":"<!-- This site is optimized with the Yoast SEO plugin v28.4 - https:\/\/yoast.com\/product\/yoast-seo-wordpress\/ -->\n<title>Recupero sportivo: creatina, sonno e proteine nel ciclo di adattamento muscolare - Bellunopress - Dolomiti<\/title>\n<meta name=\"robots\" content=\"index, follow, max-snippet:-1, max-image-preview:large, max-video-preview:-1\" \/>\n<link rel=\"canonical\" href=\"https:\/\/www.bellunopress.it\/fr\/2026\/03\/12\/recupero-sportivo-creatina-sonno-e-proteine-nel-ciclo-di-adattamento-muscolare\/\" \/>\n<meta property=\"og:locale\" content=\"fr_FR\" \/>\n<meta property=\"og:type\" content=\"article\" \/>\n<meta property=\"og:title\" content=\"Recupero sportivo: creatina, sonno e proteine nel ciclo di adattamento muscolare - Bellunopress - Dolomiti\" \/>\n<meta property=\"og:description\" content=\"Chi si allena con regolarit\u00e0 sa che il miglioramento fisico non avviene durante l&#8217;allenamento, ma nelle ore successive. Il muscolo si adatta durante il riposo, e la qualit\u00e0 di quel processo dipende da tre variabili strettamente collegate: sonno, apporto proteico e creatina. Capire come interagire \u00e8 pi\u00f9 utile che ottimizzarle separatamente. Creatina: cosa fa davvero [&hellip;]\" \/>\n<meta property=\"og:url\" content=\"https:\/\/www.bellunopress.it\/fr\/2026\/03\/12\/recupero-sportivo-creatina-sonno-e-proteine-nel-ciclo-di-adattamento-muscolare\/\" \/>\n<meta property=\"og:site_name\" content=\"Bellunopress - Dolomiti\" \/>\n<meta property=\"article:publisher\" content=\"https:\/\/www.facebook.com\/profile.php?id=100008943462799\" \/>\n<meta property=\"article:published_time\" content=\"2026-03-12T10:41:25+00:00\" \/>\n<meta property=\"article:modified_time\" content=\"2026-04-03T08:58:24+00:00\" \/>\n<meta property=\"og:image\" content=\"https:\/\/www.bellunopress.it\/wp-content\/uploads\/2026\/03\/sport.jpeg\" \/>\n\t<meta property=\"og:image:width\" content=\"500\" \/>\n\t<meta property=\"og:image:height\" content=\"333\" \/>\n\t<meta property=\"og:image:type\" content=\"image\/jpeg\" \/>\n<meta name=\"author\" content=\"redazione\" \/>\n<meta name=\"twitter:card\" content=\"summary_large_image\" \/>\n<meta name=\"twitter:creator\" content=\"@bellunopress\" \/>\n<meta name=\"twitter:site\" content=\"@bellunopress\" \/>\n<meta name=\"twitter:label1\" content=\"\u00c9crit par\" \/>\n\t<meta name=\"twitter:data1\" content=\"redazione\" \/>\n\t<meta name=\"twitter:label2\" content=\"Dur\u00e9e de lecture estim\u00e9e\" \/>\n\t<meta name=\"twitter:data2\" content=\"2 minutes\" \/>\n<script type=\"application\/ld+json\" class=\"yoast-schema-graph\">{\"@context\":\"https:\\\/\\\/schema.org\",\"@graph\":[{\"@type\":\"Article\",\"@id\":\"https:\\\/\\\/www.bellunopress.it\\\/2026\\\/03\\\/12\\\/recupero-sportivo-creatina-sonno-e-proteine-nel-ciclo-di-adattamento-muscolare\\\/#article\",\"isPartOf\":{\"@id\":\"https:\\\/\\\/www.bellunopress.it\\\/2026\\\/03\\\/12\\\/recupero-sportivo-creatina-sonno-e-proteine-nel-ciclo-di-adattamento-muscolare\\\/\"},\"author\":{\"name\":\"redazione\",\"@id\":\"https:\\\/\\\/www.bellunopress.it\\\/#\\\/schema\\\/person\\\/79bb06722b37ece1c03d3e94beb30d73\"},\"headline\":\"Recupero sportivo: creatina, sonno e proteine nel ciclo di adattamento muscolare\",\"datePublished\":\"2026-03-12T10:41:25+00:00\",\"dateModified\":\"2026-04-03T08:58:24+00:00\",\"mainEntityOfPage\":{\"@id\":\"https:\\\/\\\/www.bellunopress.it\\\/2026\\\/03\\\/12\\\/recupero-sportivo-creatina-sonno-e-proteine-nel-ciclo-di-adattamento-muscolare\\\/\"},\"wordCount\":505,\"publisher\":{\"@id\":\"https:\\\/\\\/www.bellunopress.it\\\/#organization\"},\"image\":{\"@id\":\"https:\\\/\\\/www.bellunopress.it\\\/2026\\\/03\\\/12\\\/recupero-sportivo-creatina-sonno-e-proteine-nel-ciclo-di-adattamento-muscolare\\\/#primaryimage\"},\"thumbnailUrl\":\"https:\\\/\\\/www.bellunopress.it\\\/wp-content\\\/uploads\\\/2026\\\/03\\\/sport.jpeg\",\"articleSection\":[\"Sport, tempo libero\"],\"inLanguage\":\"fr-FR\"},{\"@type\":\"WebPage\",\"@id\":\"https:\\\/\\\/www.bellunopress.it\\\/2026\\\/03\\\/12\\\/recupero-sportivo-creatina-sonno-e-proteine-nel-ciclo-di-adattamento-muscolare\\\/\",\"url\":\"https:\\\/\\\/www.bellunopress.it\\\/2026\\\/03\\\/12\\\/recupero-sportivo-creatina-sonno-e-proteine-nel-ciclo-di-adattamento-muscolare\\\/\",\"name\":\"Recupero sportivo: creatina, sonno e proteine nel ciclo di adattamento muscolare - Bellunopress - Dolomiti\",\"isPartOf\":{\"@id\":\"https:\\\/\\\/www.bellunopress.it\\\/#website\"},\"primaryImageOfPage\":{\"@id\":\"https:\\\/\\\/www.bellunopress.it\\\/2026\\\/03\\\/12\\\/recupero-sportivo-creatina-sonno-e-proteine-nel-ciclo-di-adattamento-muscolare\\\/#primaryimage\"},\"image\":{\"@id\":\"https:\\\/\\\/www.bellunopress.it\\\/2026\\\/03\\\/12\\\/recupero-sportivo-creatina-sonno-e-proteine-nel-ciclo-di-adattamento-muscolare\\\/#primaryimage\"},\"thumbnailUrl\":\"https:\\\/\\\/www.bellunopress.it\\\/wp-content\\\/uploads\\\/2026\\\/03\\\/sport.jpeg\",\"datePublished\":\"2026-03-12T10:41:25+00:00\",\"dateModified\":\"2026-04-03T08:58:24+00:00\",\"breadcrumb\":{\"@id\":\"https:\\\/\\\/www.bellunopress.it\\\/2026\\\/03\\\/12\\\/recupero-sportivo-creatina-sonno-e-proteine-nel-ciclo-di-adattamento-muscolare\\\/#breadcrumb\"},\"inLanguage\":\"fr-FR\",\"potentialAction\":[{\"@type\":\"ReadAction\",\"target\":[\"https:\\\/\\\/www.bellunopress.it\\\/2026\\\/03\\\/12\\\/recupero-sportivo-creatina-sonno-e-proteine-nel-ciclo-di-adattamento-muscolare\\\/\"]}]},{\"@type\":\"ImageObject\",\"inLanguage\":\"fr-FR\",\"@id\":\"https:\\\/\\\/www.bellunopress.it\\\/2026\\\/03\\\/12\\\/recupero-sportivo-creatina-sonno-e-proteine-nel-ciclo-di-adattamento-muscolare\\\/#primaryimage\",\"url\":\"https:\\\/\\\/www.bellunopress.it\\\/wp-content\\\/uploads\\\/2026\\\/03\\\/sport.jpeg\",\"contentUrl\":\"https:\\\/\\\/www.bellunopress.it\\\/wp-content\\\/uploads\\\/2026\\\/03\\\/sport.jpeg\",\"width\":500,\"height\":333},{\"@type\":\"BreadcrumbList\",\"@id\":\"https:\\\/\\\/www.bellunopress.it\\\/2026\\\/03\\\/12\\\/recupero-sportivo-creatina-sonno-e-proteine-nel-ciclo-di-adattamento-muscolare\\\/#breadcrumb\",\"itemListElement\":[{\"@type\":\"ListItem\",\"position\":1,\"name\":\"Home\",\"item\":\"https:\\\/\\\/www.bellunopress.it\\\/\"},{\"@type\":\"ListItem\",\"position\":2,\"name\":\"Recupero sportivo: creatina, sonno e proteine nel ciclo di adattamento muscolare\"}]},{\"@type\":\"WebSite\",\"@id\":\"https:\\\/\\\/www.bellunopress.it\\\/#website\",\"url\":\"https:\\\/\\\/www.bellunopress.it\\\/\",\"name\":\"Bellunopress - Dolomiti\",\"description\":\"e-mail: redazione@bellunopress.it\",\"publisher\":{\"@id\":\"https:\\\/\\\/www.bellunopress.it\\\/#organization\"},\"potentialAction\":[{\"@type\":\"SearchAction\",\"target\":{\"@type\":\"EntryPoint\",\"urlTemplate\":\"https:\\\/\\\/www.bellunopress.it\\\/?s={search_term_string}\"},\"query-input\":{\"@type\":\"PropertyValueSpecification\",\"valueRequired\":true,\"valueName\":\"search_term_string\"}}],\"inLanguage\":\"fr-FR\"},{\"@type\":\"Organization\",\"@id\":\"https:\\\/\\\/www.bellunopress.it\\\/#organization\",\"name\":\"Bellunopress\",\"url\":\"https:\\\/\\\/www.bellunopress.it\\\/\",\"logo\":{\"@type\":\"ImageObject\",\"inLanguage\":\"fr-FR\",\"@id\":\"https:\\\/\\\/www.bellunopress.it\\\/#\\\/schema\\\/logo\\\/image\\\/\",\"url\":\"https:\\\/\\\/www.bellunopress.it\\\/wp-content\\\/uploads\\\/2011\\\/05\\\/cropped-logo-bellunopress-.jpg\",\"contentUrl\":\"https:\\\/\\\/www.bellunopress.it\\\/wp-content\\\/uploads\\\/2011\\\/05\\\/cropped-logo-bellunopress-.jpg\",\"width\":512,\"height\":512,\"caption\":\"Bellunopress\"},\"image\":{\"@id\":\"https:\\\/\\\/www.bellunopress.it\\\/#\\\/schema\\\/logo\\\/image\\\/\"},\"sameAs\":[\"https:\\\/\\\/www.facebook.com\\\/profile.php?id=100008943462799\",\"https:\\\/\\\/x.com\\\/bellunopress\",\"https:\\\/\\\/www.linkedin.com\\\/hp\\\/?dnr=JBzUWaJfMUw8vbXJJ2tVW5-I3jZKvC4wsoxE&amp;amp;amp;amp;amp;amp;trk=nav_responsive_tab_home\",\"https:\\\/\\\/www.youtube.com\\\/channel\\\/UCxL0wu1uN0_3_7hGG0306cw\"]},{\"@type\":\"Person\",\"@id\":\"https:\\\/\\\/www.bellunopress.it\\\/#\\\/schema\\\/person\\\/79bb06722b37ece1c03d3e94beb30d73\",\"name\":\"redazione\",\"image\":{\"@type\":\"ImageObject\",\"inLanguage\":\"fr-FR\",\"@id\":\"https:\\\/\\\/secure.gravatar.com\\\/avatar\\\/37d968a2e67a6fd04c169c4bdef102d0bc5d31b2546345219e348575eb80e9a0?s=96&d=mm&r=g\",\"url\":\"https:\\\/\\\/secure.gravatar.com\\\/avatar\\\/37d968a2e67a6fd04c169c4bdef102d0bc5d31b2546345219e348575eb80e9a0?s=96&d=mm&r=g\",\"contentUrl\":\"https:\\\/\\\/secure.gravatar.com\\\/avatar\\\/37d968a2e67a6fd04c169c4bdef102d0bc5d31b2546345219e348575eb80e9a0?s=96&d=mm&r=g\",\"caption\":\"redazione\"},\"sameAs\":[\"http:\\\/\\\/www.bellunopress.it\",\"https:\\\/\\\/x.com\\\/bellunopress\"],\"url\":\"https:\\\/\\\/www.bellunopress.it\\\/fr\\\/author\\\/redazione\\\/\"}]}<\/script>\n<!-- \/ Yoast SEO plugin. -->","yoast_head_json":{"title":"Recupero sportivo: creatina, sonno e proteine nel ciclo di adattamento muscolare - Bellunopress - Dolomiti","robots":{"index":"index","follow":"follow","max-snippet":"max-snippet:-1","max-image-preview":"max-image-preview:large","max-video-preview":"max-video-preview:-1"},"canonical":"https:\/\/www.bellunopress.it\/fr\/2026\/03\/12\/recupero-sportivo-creatina-sonno-e-proteine-nel-ciclo-di-adattamento-muscolare\/","og_locale":"fr_FR","og_type":"article","og_title":"Recupero sportivo: creatina, sonno e proteine nel ciclo di adattamento muscolare - Bellunopress - Dolomiti","og_description":"Chi si allena con regolarit\u00e0 sa che il miglioramento fisico non avviene durante l&#8217;allenamento, ma nelle ore successive. Il muscolo si adatta durante il riposo, e la qualit\u00e0 di quel processo dipende da tre variabili strettamente collegate: sonno, apporto proteico e creatina. Capire come interagire \u00e8 pi\u00f9 utile che ottimizzarle separatamente. Creatina: cosa fa davvero [&hellip;]","og_url":"https:\/\/www.bellunopress.it\/fr\/2026\/03\/12\/recupero-sportivo-creatina-sonno-e-proteine-nel-ciclo-di-adattamento-muscolare\/","og_site_name":"Bellunopress - Dolomiti","article_publisher":"https:\/\/www.facebook.com\/profile.php?id=100008943462799","article_published_time":"2026-03-12T10:41:25+00:00","article_modified_time":"2026-04-03T08:58:24+00:00","og_image":[{"width":500,"height":333,"url":"https:\/\/www.bellunopress.it\/wp-content\/uploads\/2026\/03\/sport.jpeg","type":"image\/jpeg"}],"author":"redazione","twitter_card":"summary_large_image","twitter_creator":"@bellunopress","twitter_site":"@bellunopress","twitter_misc":{"\u00c9crit par":"redazione","Dur\u00e9e de lecture estim\u00e9e":"2 minutes"},"schema":{"@context":"https:\/\/schema.org","@graph":[{"@type":"Article","@id":"https:\/\/www.bellunopress.it\/2026\/03\/12\/recupero-sportivo-creatina-sonno-e-proteine-nel-ciclo-di-adattamento-muscolare\/#article","isPartOf":{"@id":"https:\/\/www.bellunopress.it\/2026\/03\/12\/recupero-sportivo-creatina-sonno-e-proteine-nel-ciclo-di-adattamento-muscolare\/"},"author":{"name":"redazione","@id":"https:\/\/www.bellunopress.it\/#\/schema\/person\/79bb06722b37ece1c03d3e94beb30d73"},"headline":"Recupero sportivo: creatina, sonno e proteine nel ciclo di adattamento muscolare","datePublished":"2026-03-12T10:41:25+00:00","dateModified":"2026-04-03T08:58:24+00:00","mainEntityOfPage":{"@id":"https:\/\/www.bellunopress.it\/2026\/03\/12\/recupero-sportivo-creatina-sonno-e-proteine-nel-ciclo-di-adattamento-muscolare\/"},"wordCount":505,"publisher":{"@id":"https:\/\/www.bellunopress.it\/#organization"},"image":{"@id":"https:\/\/www.bellunopress.it\/2026\/03\/12\/recupero-sportivo-creatina-sonno-e-proteine-nel-ciclo-di-adattamento-muscolare\/#primaryimage"},"thumbnailUrl":"https:\/\/www.bellunopress.it\/wp-content\/uploads\/2026\/03\/sport.jpeg","articleSection":["Sport, tempo libero"],"inLanguage":"fr-FR"},{"@type":"WebPage","@id":"https:\/\/www.bellunopress.it\/2026\/03\/12\/recupero-sportivo-creatina-sonno-e-proteine-nel-ciclo-di-adattamento-muscolare\/","url":"https:\/\/www.bellunopress.it\/2026\/03\/12\/recupero-sportivo-creatina-sonno-e-proteine-nel-ciclo-di-adattamento-muscolare\/","name":"Recupero sportivo: creatina, sonno e proteine nel ciclo di adattamento muscolare - Bellunopress - Dolomiti","isPartOf":{"@id":"https:\/\/www.bellunopress.it\/#website"},"primaryImageOfPage":{"@id":"https:\/\/www.bellunopress.it\/2026\/03\/12\/recupero-sportivo-creatina-sonno-e-proteine-nel-ciclo-di-adattamento-muscolare\/#primaryimage"},"image":{"@id":"https:\/\/www.bellunopress.it\/2026\/03\/12\/recupero-sportivo-creatina-sonno-e-proteine-nel-ciclo-di-adattamento-muscolare\/#primaryimage"},"thumbnailUrl":"https:\/\/www.bellunopress.it\/wp-content\/uploads\/2026\/03\/sport.jpeg","datePublished":"2026-03-12T10:41:25+00:00","dateModified":"2026-04-03T08:58:24+00:00","breadcrumb":{"@id":"https:\/\/www.bellunopress.it\/2026\/03\/12\/recupero-sportivo-creatina-sonno-e-proteine-nel-ciclo-di-adattamento-muscolare\/#breadcrumb"},"inLanguage":"fr-FR","potentialAction":[{"@type":"ReadAction","target":["https:\/\/www.bellunopress.it\/2026\/03\/12\/recupero-sportivo-creatina-sonno-e-proteine-nel-ciclo-di-adattamento-muscolare\/"]}]},{"@type":"ImageObject","inLanguage":"fr-FR","@id":"https:\/\/www.bellunopress.it\/2026\/03\/12\/recupero-sportivo-creatina-sonno-e-proteine-nel-ciclo-di-adattamento-muscolare\/#primaryimage","url":"https:\/\/www.bellunopress.it\/wp-content\/uploads\/2026\/03\/sport.jpeg","contentUrl":"https:\/\/www.bellunopress.it\/wp-content\/uploads\/2026\/03\/sport.jpeg","width":500,"height":333},{"@type":"BreadcrumbList","@id":"https:\/\/www.bellunopress.it\/2026\/03\/12\/recupero-sportivo-creatina-sonno-e-proteine-nel-ciclo-di-adattamento-muscolare\/#breadcrumb","itemListElement":[{"@type":"ListItem","position":1,"name":"Home","item":"https:\/\/www.bellunopress.it\/"},{"@type":"ListItem","position":2,"name":"Recupero sportivo: creatina, sonno e proteine nel ciclo di adattamento muscolare"}]},{"@type":"WebSite","@id":"https:\/\/www.bellunopress.it\/#website","url":"https:\/\/www.bellunopress.it\/","name":"Bellunopress - Dolomiti","description":"e-mail: redazione@bellunopress.it","publisher":{"@id":"https:\/\/www.bellunopress.it\/#organization"},"potentialAction":[{"@type":"SearchAction","target":{"@type":"EntryPoint","urlTemplate":"https:\/\/www.bellunopress.it\/?s={search_term_string}"},"query-input":{"@type":"PropertyValueSpecification","valueRequired":true,"valueName":"search_term_string"}}],"inLanguage":"fr-FR"},{"@type":"Organization","@id":"https:\/\/www.bellunopress.it\/#organization","name":"Bellunopress","url":"https:\/\/www.bellunopress.it\/","logo":{"@type":"ImageObject","inLanguage":"fr-FR","@id":"https:\/\/www.bellunopress.it\/#\/schema\/logo\/image\/","url":"https:\/\/www.bellunopress.it\/wp-content\/uploads\/2011\/05\/cropped-logo-bellunopress-.jpg","contentUrl":"https:\/\/www.bellunopress.it\/wp-content\/uploads\/2011\/05\/cropped-logo-bellunopress-.jpg","width":512,"height":512,"caption":"Bellunopress"},"image":{"@id":"https:\/\/www.bellunopress.it\/#\/schema\/logo\/image\/"},"sameAs":["https:\/\/www.facebook.com\/profile.php?id=100008943462799","https:\/\/x.com\/bellunopress","https:\/\/www.linkedin.com\/hp\/?dnr=JBzUWaJfMUw8vbXJJ2tVW5-I3jZKvC4wsoxE&amp;amp;amp;amp;amp;amp;trk=nav_responsive_tab_home","https:\/\/www.youtube.com\/channel\/UCxL0wu1uN0_3_7hGG0306cw"]},{"@type":"Person","@id":"https:\/\/www.bellunopress.it\/#\/schema\/person\/79bb06722b37ece1c03d3e94beb30d73","name":"r\u00e9daction","image":{"@type":"ImageObject","inLanguage":"fr-FR","@id":"https:\/\/secure.gravatar.com\/avatar\/37d968a2e67a6fd04c169c4bdef102d0bc5d31b2546345219e348575eb80e9a0?s=96&d=mm&r=g","url":"https:\/\/secure.gravatar.com\/avatar\/37d968a2e67a6fd04c169c4bdef102d0bc5d31b2546345219e348575eb80e9a0?s=96&d=mm&r=g","contentUrl":"https:\/\/secure.gravatar.com\/avatar\/37d968a2e67a6fd04c169c4bdef102d0bc5d31b2546345219e348575eb80e9a0?s=96&d=mm&r=g","caption":"redazione"},"sameAs":["http:\/\/www.bellunopress.it","https:\/\/x.com\/bellunopress"],"url":"https:\/\/www.bellunopress.it\/fr\/author\/redazione\/"}]}},"_links":{"self":[{"href":"https:\/\/www.bellunopress.it\/fr\/wp-json\/wp\/v2\/posts\/168091","targetHints":{"allow":["GET"]}}],"collection":[{"href":"https:\/\/www.bellunopress.it\/fr\/wp-json\/wp\/v2\/posts"}],"about":[{"href":"https:\/\/www.bellunopress.it\/fr\/wp-json\/wp\/v2\/types\/post"}],"author":[{"embeddable":true,"href":"https:\/\/www.bellunopress.it\/fr\/wp-json\/wp\/v2\/users\/2"}],"replies":[{"embeddable":true,"href":"https:\/\/www.bellunopress.it\/fr\/wp-json\/wp\/v2\/comments?post=168091"}],"version-history":[{"count":2,"href":"https:\/\/www.bellunopress.it\/fr\/wp-json\/wp\/v2\/posts\/168091\/revisions"}],"predecessor-version":[{"id":168773,"href":"https:\/\/www.bellunopress.it\/fr\/wp-json\/wp\/v2\/posts\/168091\/revisions\/168773"}],"wp:featuredmedia":[{"embeddable":true,"href":"https:\/\/www.bellunopress.it\/fr\/wp-json\/wp\/v2\/media\/168092"}],"wp:attachment":[{"href":"https:\/\/www.bellunopress.it\/fr\/wp-json\/wp\/v2\/media?parent=168091"}],"wp:term":[{"taxonomy":"category","embeddable":true,"href":"https:\/\/www.bellunopress.it\/fr\/wp-json\/wp\/v2\/categories?post=168091"},{"taxonomy":"post_tag","embeddable":true,"href":"https:\/\/www.bellunopress.it\/fr\/wp-json\/wp\/v2\/tags?post=168091"}],"curies":[{"name":"wp","href":"https:\/\/api.w.org\/{rel}","templated":true}]}}