{"id":168089,"date":"2026-03-12T08:29:46","date_gmt":"2026-03-12T07:29:46","guid":{"rendered":"https:\/\/www.bellunopress.it\/?p=168089"},"modified":"2026-03-12T08:29:46","modified_gmt":"2026-03-12T07:29:46","slug":"elisoccorso-notturno-giovanifuturo-presenta-una-mozione-in-conferenza-dei-sindaci-per-garantire-il-servizio","status":"publish","type":"post","link":"https:\/\/www.bellunopress.it\/fr\/2026\/03\/12\/elisoccorso-notturno-giovanifuturo-presenta-una-mozione-in-conferenza-dei-sindaci-per-garantire-il-servizio\/","title":{"rendered":"Elisoccorso notturno: Giovani&#038;Futuro presenta una mozione in Conferenza dei sindaci per garantire il servizio"},"content":{"rendered":"<p>Giovani&amp;Futuro interviene nel dibattito sul tema dell\u2019attivazione dell\u2019elisoccorso notturno alla luce delle\u00a0recenti notizie relative a una possibile riorganizzazione del servizio dirottato su Treviso, che rischierebbe di comportare un ridimensionamento dei servizi per la Provincia di Belluno rispetto alle schede sanitarie approvate dalla Regione Veneto nel 2019.<\/p>\n<p>Per questo motivo Thomas Menia Corbanese, Sindaco di Danta di Cadore e Vicepresidente nazionale di Giovani&amp;Futuro, ha presentato alla Conferenza dei Sindaci una mozione, da calendarizzare nella prossima seduta utile, con l\u2019obiettivo di chiedere alla Regione Veneto il pieno rispetto della programmazione sanitaria regionale, che prevedeva l\u2019attivazione dell\u2019elisoccorso notturno nel territorio provinciale.<br \/>\nLa mozione richiama in particolare quanto stabilito dalla DGR n. 614\/2019, che istituiva il potenziamento del sistema di emergenza-urgenza attraverso l\u2019attivazione del volo notturno collegato alla centrale SUEM 118 di Pieve di Cadore. Nonostante la realizzazione della base HEMS a Pieve di Cadore e il percorso di formazione avviato negli anni successivi, volto oggi al suo completamento, il servizio non \u00e8 ancora stato pienamente attivato.<\/p>\n<p>Secondo Giovani&amp;Futuro, garantire un sistema di elisoccorso efficiente nella Provincia di Belluno \u00e8 fondamentale per assicurare tempi di intervento adeguati in un territorio caratterizzato da grandi distanze e da una viabilit\u00e0 complessa.<br \/>\n\u00abLa Provincia di Belluno non pu\u00f2 essere penalizzata nell\u2019accesso ai servizi sanitari di emergenza. La programmazione regionale del 2019 prevedeva l\u2019attivazione dell\u2019elisoccorso notturno con base a Pieve di Cadore, ma a distanza di anni questo servizio non \u00e8 ancora pienamente operativo. Oggi apprendiamo con preoccupazione le notizie circa il potenziamento dell\u2019elisoccorso di Treviso, che si starebbe dotando di mezzi<br \/>\ne uomini anche per le operazioni in zone impervie, facendo ipotizzare che il servizio venga attivato presso Treviso e non pi\u00f9 a Belluno, come invece presentato nelle schede regionali.<\/p>\n<p>Con la mozione che abbiamo presentato in Conferenza dei Sindaci chiediamo agli amministratori della nostra Provincia di assumere una posizione chiara e determinata per tutelare i diritti e gli interessi del territorio, affinch\u00e9 gli impegni presi vengano rispettati e venga garantito un servizio fondamentale per la sicurezza dei cittadini. In un\u2019area vasta<br \/>\ne complessa come la provincia di Belluno, ridurre i tempi di intervento pu\u00f2 fare la differenza tra la vita e la morte\u00bb afferma Thomas Menia Corbanese.<br \/>\n\u00abIl diritto alla salute deve essere garantito in modo uniforme su tutto il territorio. Non possiamo accettare che le aree montane o periferiche vengano progressivamente private di servizi essenziali. Per questo Giovani&amp;Futuro sostiene con convinzione la mozione presentata da Thomas e continuer\u00e0 a lavorare affinch\u00e9 la Regione garantisca un sistema di emergenza-urgenza efficiente anche nella Provincia di Belluno\u00bb dichiara Luca Frescura, Presidente nazionale di Giovani&amp;Futuro.<\/p>\n<p>\u00abIl nostro obiettivo \u00e8 difendere il nostro territorio: vogliamo vivere in questa Provincia, non limitarci a sopravvivere. A 24 anni non posso pensare che tutto sia perduto; al contrario, credo sia possibile invertire la rotta. Servono coraggio e determinazione, le stesse che chiediamo ai Sindaci con questa proposta.<br \/>\nRingraziamo inoltre le associazioni e i comitati per la sanit\u00e0 che vigilano con attenzione su questi temi, richiamando la politica al proprio senso di responsabilit\u00e0. Giovani&amp;Futuro \u00e8, senza se e senza ma, dalla parte dei cittadini, mettendo al centro la soluzione dei problemi quotidiani, lontano dalle contrapposizioni tra destra e sinistra che poco interessano ai territori\u00bb conclude Frescura.<\/p>","protected":false},"excerpt":{"rendered":"<p>Giovani&amp;Futuro interviene nel dibattito sul tema dell\u2019attivazione dell\u2019elisoccorso notturno alla luce delle\u00a0recenti notizie relative a una possibile riorganizzazione del servizio dirottato su Treviso, che rischierebbe di comportare un ridimensionamento dei servizi per la Provincia di Belluno rispetto alle schede sanitarie approvate dalla Regione Veneto nel 2019. Per questo motivo Thomas Menia Corbanese, Sindaco di Danta [&hellip;]<\/p>\n","protected":false},"author":2,"featured_media":165877,"comment_status":"closed","ping_status":"open","sticky":false,"template":"","format":"standard","meta":{"footnotes":""},"categories":[5,26,17],"tags":[],"class_list":["post-168089","post","type-post","status-publish","format-standard","has-post-thumbnail","category-cronaca","category-prima-pagina","category-sanita"],"yoast_head":"<!-- This site is optimized with the Yoast SEO plugin v28.4 - https:\/\/yoast.com\/product\/yoast-seo-wordpress\/ -->\n<title>Elisoccorso notturno: Giovani&amp;Futuro presenta una mozione in Conferenza dei sindaci per garantire il servizio - Bellunopress - Dolomiti<\/title>\n<meta name=\"robots\" content=\"index, follow, max-snippet:-1, max-image-preview:large, max-video-preview:-1\" \/>\n<link rel=\"canonical\" href=\"https:\/\/www.bellunopress.it\/fr\/2026\/03\/12\/elisoccorso-notturno-giovanifuturo-presenta-una-mozione-in-conferenza-dei-sindaci-per-garantire-il-servizio\/\" \/>\n<meta property=\"og:locale\" content=\"fr_FR\" \/>\n<meta property=\"og:type\" content=\"article\" \/>\n<meta property=\"og:title\" content=\"Elisoccorso notturno: Giovani&amp;Futuro presenta una mozione in Conferenza dei sindaci per garantire il servizio - Bellunopress - Dolomiti\" \/>\n<meta property=\"og:description\" content=\"Giovani&amp;Futuro interviene nel dibattito sul tema dell\u2019attivazione dell\u2019elisoccorso notturno alla luce delle\u00a0recenti notizie relative a una possibile riorganizzazione del servizio dirottato su Treviso, che rischierebbe di comportare un ridimensionamento dei servizi per la Provincia di Belluno rispetto alle schede sanitarie approvate dalla Regione Veneto nel 2019. Per questo motivo Thomas Menia Corbanese, Sindaco di Danta [&hellip;]\" \/>\n<meta property=\"og:url\" content=\"https:\/\/www.bellunopress.it\/fr\/2026\/03\/12\/elisoccorso-notturno-giovanifuturo-presenta-una-mozione-in-conferenza-dei-sindaci-per-garantire-il-servizio\/\" \/>\n<meta property=\"og:site_name\" content=\"Bellunopress - Dolomiti\" \/>\n<meta property=\"article:publisher\" content=\"https:\/\/www.facebook.com\/profile.php?id=100008943462799\" \/>\n<meta property=\"article:published_time\" content=\"2026-03-12T07:29:46+00:00\" \/>\n<meta property=\"og:image\" content=\"https:\/\/www.bellunopress.it\/wp-content\/uploads\/2025\/12\/Thomas-Menia-Corbanese-sindaco-Danta.jpg\" \/>\n\t<meta property=\"og:image:width\" content=\"800\" \/>\n\t<meta property=\"og:image:height\" content=\"717\" \/>\n\t<meta property=\"og:image:type\" content=\"image\/jpeg\" \/>\n<meta name=\"author\" content=\"redazione\" \/>\n<meta name=\"twitter:card\" content=\"summary_large_image\" \/>\n<meta name=\"twitter:creator\" content=\"@bellunopress\" \/>\n<meta name=\"twitter:site\" content=\"@bellunopress\" \/>\n<meta name=\"twitter:label1\" content=\"\u00c9crit par\" \/>\n\t<meta name=\"twitter:data1\" content=\"redazione\" \/>\n\t<meta name=\"twitter:label2\" content=\"Dur\u00e9e de lecture estim\u00e9e\" \/>\n\t<meta name=\"twitter:data2\" content=\"3 minutes\" \/>\n<script type=\"application\/ld+json\" class=\"yoast-schema-graph\">{\"@context\":\"https:\\\/\\\/schema.org\",\"@graph\":[{\"@type\":\"Article\",\"@id\":\"https:\\\/\\\/www.bellunopress.it\\\/2026\\\/03\\\/12\\\/elisoccorso-notturno-giovanifuturo-presenta-una-mozione-in-conferenza-dei-sindaci-per-garantire-il-servizio\\\/#article\",\"isPartOf\":{\"@id\":\"https:\\\/\\\/www.bellunopress.it\\\/2026\\\/03\\\/12\\\/elisoccorso-notturno-giovanifuturo-presenta-una-mozione-in-conferenza-dei-sindaci-per-garantire-il-servizio\\\/\"},\"author\":{\"name\":\"redazione\",\"@id\":\"https:\\\/\\\/www.bellunopress.it\\\/#\\\/schema\\\/person\\\/79bb06722b37ece1c03d3e94beb30d73\"},\"headline\":\"Elisoccorso notturno: Giovani&#038;Futuro presenta una mozione in Conferenza dei sindaci per garantire il servizio\",\"datePublished\":\"2026-03-12T07:29:46+00:00\",\"mainEntityOfPage\":{\"@id\":\"https:\\\/\\\/www.bellunopress.it\\\/2026\\\/03\\\/12\\\/elisoccorso-notturno-giovanifuturo-presenta-una-mozione-in-conferenza-dei-sindaci-per-garantire-il-servizio\\\/\"},\"wordCount\":561,\"publisher\":{\"@id\":\"https:\\\/\\\/www.bellunopress.it\\\/#organization\"},\"image\":{\"@id\":\"https:\\\/\\\/www.bellunopress.it\\\/2026\\\/03\\\/12\\\/elisoccorso-notturno-giovanifuturo-presenta-una-mozione-in-conferenza-dei-sindaci-per-garantire-il-servizio\\\/#primaryimage\"},\"thumbnailUrl\":\"https:\\\/\\\/www.bellunopress.it\\\/wp-content\\\/uploads\\\/2025\\\/12\\\/Thomas-Menia-Corbanese-sindaco-Danta.jpg\",\"articleSection\":[\"Cronaca\\\/Politica\",\"Prima Pagina\",\"Sanit\u00e0 Medicina\"],\"inLanguage\":\"fr-FR\"},{\"@type\":\"WebPage\",\"@id\":\"https:\\\/\\\/www.bellunopress.it\\\/2026\\\/03\\\/12\\\/elisoccorso-notturno-giovanifuturo-presenta-una-mozione-in-conferenza-dei-sindaci-per-garantire-il-servizio\\\/\",\"url\":\"https:\\\/\\\/www.bellunopress.it\\\/2026\\\/03\\\/12\\\/elisoccorso-notturno-giovanifuturo-presenta-una-mozione-in-conferenza-dei-sindaci-per-garantire-il-servizio\\\/\",\"name\":\"Elisoccorso notturno: Giovani&Futuro presenta una mozione in Conferenza dei sindaci per garantire il servizio - Bellunopress - Dolomiti\",\"isPartOf\":{\"@id\":\"https:\\\/\\\/www.bellunopress.it\\\/#website\"},\"primaryImageOfPage\":{\"@id\":\"https:\\\/\\\/www.bellunopress.it\\\/2026\\\/03\\\/12\\\/elisoccorso-notturno-giovanifuturo-presenta-una-mozione-in-conferenza-dei-sindaci-per-garantire-il-servizio\\\/#primaryimage\"},\"image\":{\"@id\":\"https:\\\/\\\/www.bellunopress.it\\\/2026\\\/03\\\/12\\\/elisoccorso-notturno-giovanifuturo-presenta-una-mozione-in-conferenza-dei-sindaci-per-garantire-il-servizio\\\/#primaryimage\"},\"thumbnailUrl\":\"https:\\\/\\\/www.bellunopress.it\\\/wp-content\\\/uploads\\\/2025\\\/12\\\/Thomas-Menia-Corbanese-sindaco-Danta.jpg\",\"datePublished\":\"2026-03-12T07:29:46+00:00\",\"breadcrumb\":{\"@id\":\"https:\\\/\\\/www.bellunopress.it\\\/2026\\\/03\\\/12\\\/elisoccorso-notturno-giovanifuturo-presenta-una-mozione-in-conferenza-dei-sindaci-per-garantire-il-servizio\\\/#breadcrumb\"},\"inLanguage\":\"fr-FR\",\"potentialAction\":[{\"@type\":\"ReadAction\",\"target\":[\"https:\\\/\\\/www.bellunopress.it\\\/2026\\\/03\\\/12\\\/elisoccorso-notturno-giovanifuturo-presenta-una-mozione-in-conferenza-dei-sindaci-per-garantire-il-servizio\\\/\"]}]},{\"@type\":\"ImageObject\",\"inLanguage\":\"fr-FR\",\"@id\":\"https:\\\/\\\/www.bellunopress.it\\\/2026\\\/03\\\/12\\\/elisoccorso-notturno-giovanifuturo-presenta-una-mozione-in-conferenza-dei-sindaci-per-garantire-il-servizio\\\/#primaryimage\",\"url\":\"https:\\\/\\\/www.bellunopress.it\\\/wp-content\\\/uploads\\\/2025\\\/12\\\/Thomas-Menia-Corbanese-sindaco-Danta.jpg\",\"contentUrl\":\"https:\\\/\\\/www.bellunopress.it\\\/wp-content\\\/uploads\\\/2025\\\/12\\\/Thomas-Menia-Corbanese-sindaco-Danta.jpg\",\"width\":800,\"height\":717,\"caption\":\"Thomas Menia Corbanese, sindaco di Danta di Cadore\"},{\"@type\":\"BreadcrumbList\",\"@id\":\"https:\\\/\\\/www.bellunopress.it\\\/2026\\\/03\\\/12\\\/elisoccorso-notturno-giovanifuturo-presenta-una-mozione-in-conferenza-dei-sindaci-per-garantire-il-servizio\\\/#breadcrumb\",\"itemListElement\":[{\"@type\":\"ListItem\",\"position\":1,\"name\":\"Home\",\"item\":\"https:\\\/\\\/www.bellunopress.it\\\/\"},{\"@type\":\"ListItem\",\"position\":2,\"name\":\"Elisoccorso notturno: Giovani&#038;Futuro presenta una mozione in Conferenza dei sindaci per garantire il servizio\"}]},{\"@type\":\"WebSite\",\"@id\":\"https:\\\/\\\/www.bellunopress.it\\\/#website\",\"url\":\"https:\\\/\\\/www.bellunopress.it\\\/\",\"name\":\"Bellunopress - Dolomiti\",\"description\":\"e-mail: redazione@bellunopress.it\",\"publisher\":{\"@id\":\"https:\\\/\\\/www.bellunopress.it\\\/#organization\"},\"potentialAction\":[{\"@type\":\"SearchAction\",\"target\":{\"@type\":\"EntryPoint\",\"urlTemplate\":\"https:\\\/\\\/www.bellunopress.it\\\/?s={search_term_string}\"},\"query-input\":{\"@type\":\"PropertyValueSpecification\",\"valueRequired\":true,\"valueName\":\"search_term_string\"}}],\"inLanguage\":\"fr-FR\"},{\"@type\":\"Organization\",\"@id\":\"https:\\\/\\\/www.bellunopress.it\\\/#organization\",\"name\":\"Bellunopress\",\"url\":\"https:\\\/\\\/www.bellunopress.it\\\/\",\"logo\":{\"@type\":\"ImageObject\",\"inLanguage\":\"fr-FR\",\"@id\":\"https:\\\/\\\/www.bellunopress.it\\\/#\\\/schema\\\/logo\\\/image\\\/\",\"url\":\"https:\\\/\\\/www.bellunopress.it\\\/wp-content\\\/uploads\\\/2011\\\/05\\\/cropped-logo-bellunopress-.jpg\",\"contentUrl\":\"https:\\\/\\\/www.bellunopress.it\\\/wp-content\\\/uploads\\\/2011\\\/05\\\/cropped-logo-bellunopress-.jpg\",\"width\":512,\"height\":512,\"caption\":\"Bellunopress\"},\"image\":{\"@id\":\"https:\\\/\\\/www.bellunopress.it\\\/#\\\/schema\\\/logo\\\/image\\\/\"},\"sameAs\":[\"https:\\\/\\\/www.facebook.com\\\/profile.php?id=100008943462799\",\"https:\\\/\\\/x.com\\\/bellunopress\",\"https:\\\/\\\/www.linkedin.com\\\/hp\\\/?dnr=JBzUWaJfMUw8vbXJJ2tVW5-I3jZKvC4wsoxE&amp;amp;amp;amp;amp;amp;trk=nav_responsive_tab_home\",\"https:\\\/\\\/www.youtube.com\\\/channel\\\/UCxL0wu1uN0_3_7hGG0306cw\"]},{\"@type\":\"Person\",\"@id\":\"https:\\\/\\\/www.bellunopress.it\\\/#\\\/schema\\\/person\\\/79bb06722b37ece1c03d3e94beb30d73\",\"name\":\"redazione\",\"image\":{\"@type\":\"ImageObject\",\"inLanguage\":\"fr-FR\",\"@id\":\"https:\\\/\\\/secure.gravatar.com\\\/avatar\\\/37d968a2e67a6fd04c169c4bdef102d0bc5d31b2546345219e348575eb80e9a0?s=96&d=mm&r=g\",\"url\":\"https:\\\/\\\/secure.gravatar.com\\\/avatar\\\/37d968a2e67a6fd04c169c4bdef102d0bc5d31b2546345219e348575eb80e9a0?s=96&d=mm&r=g\",\"contentUrl\":\"https:\\\/\\\/secure.gravatar.com\\\/avatar\\\/37d968a2e67a6fd04c169c4bdef102d0bc5d31b2546345219e348575eb80e9a0?s=96&d=mm&r=g\",\"caption\":\"redazione\"},\"sameAs\":[\"http:\\\/\\\/www.bellunopress.it\",\"https:\\\/\\\/x.com\\\/bellunopress\"],\"url\":\"https:\\\/\\\/www.bellunopress.it\\\/fr\\\/author\\\/redazione\\\/\"}]}<\/script>\n<!-- \/ Yoast SEO plugin. -->","yoast_head_json":{"title":"Elisoccorso notturno: Giovani&Futuro presenta una mozione in Conferenza dei sindaci per garantire il servizio - Bellunopress - Dolomiti","robots":{"index":"index","follow":"follow","max-snippet":"max-snippet:-1","max-image-preview":"max-image-preview:large","max-video-preview":"max-video-preview:-1"},"canonical":"https:\/\/www.bellunopress.it\/fr\/2026\/03\/12\/elisoccorso-notturno-giovanifuturo-presenta-una-mozione-in-conferenza-dei-sindaci-per-garantire-il-servizio\/","og_locale":"fr_FR","og_type":"article","og_title":"Elisoccorso notturno: Giovani&Futuro presenta una mozione in Conferenza dei sindaci per garantire il servizio - Bellunopress - Dolomiti","og_description":"Giovani&amp;Futuro interviene nel dibattito sul tema dell\u2019attivazione dell\u2019elisoccorso notturno alla luce delle\u00a0recenti notizie relative a una possibile riorganizzazione del servizio dirottato su Treviso, che rischierebbe di comportare un ridimensionamento dei servizi per la Provincia di Belluno rispetto alle schede sanitarie approvate dalla Regione Veneto nel 2019. Per questo motivo Thomas Menia Corbanese, Sindaco di Danta [&hellip;]","og_url":"https:\/\/www.bellunopress.it\/fr\/2026\/03\/12\/elisoccorso-notturno-giovanifuturo-presenta-una-mozione-in-conferenza-dei-sindaci-per-garantire-il-servizio\/","og_site_name":"Bellunopress - Dolomiti","article_publisher":"https:\/\/www.facebook.com\/profile.php?id=100008943462799","article_published_time":"2026-03-12T07:29:46+00:00","og_image":[{"width":800,"height":717,"url":"https:\/\/www.bellunopress.it\/wp-content\/uploads\/2025\/12\/Thomas-Menia-Corbanese-sindaco-Danta.jpg","type":"image\/jpeg"}],"author":"redazione","twitter_card":"summary_large_image","twitter_creator":"@bellunopress","twitter_site":"@bellunopress","twitter_misc":{"\u00c9crit par":"redazione","Dur\u00e9e de lecture estim\u00e9e":"3 minutes"},"schema":{"@context":"https:\/\/schema.org","@graph":[{"@type":"Article","@id":"https:\/\/www.bellunopress.it\/2026\/03\/12\/elisoccorso-notturno-giovanifuturo-presenta-una-mozione-in-conferenza-dei-sindaci-per-garantire-il-servizio\/#article","isPartOf":{"@id":"https:\/\/www.bellunopress.it\/2026\/03\/12\/elisoccorso-notturno-giovanifuturo-presenta-una-mozione-in-conferenza-dei-sindaci-per-garantire-il-servizio\/"},"author":{"name":"redazione","@id":"https:\/\/www.bellunopress.it\/#\/schema\/person\/79bb06722b37ece1c03d3e94beb30d73"},"headline":"Elisoccorso notturno: Giovani&#038;Futuro presenta una mozione in Conferenza dei sindaci per garantire il servizio","datePublished":"2026-03-12T07:29:46+00:00","mainEntityOfPage":{"@id":"https:\/\/www.bellunopress.it\/2026\/03\/12\/elisoccorso-notturno-giovanifuturo-presenta-una-mozione-in-conferenza-dei-sindaci-per-garantire-il-servizio\/"},"wordCount":561,"publisher":{"@id":"https:\/\/www.bellunopress.it\/#organization"},"image":{"@id":"https:\/\/www.bellunopress.it\/2026\/03\/12\/elisoccorso-notturno-giovanifuturo-presenta-una-mozione-in-conferenza-dei-sindaci-per-garantire-il-servizio\/#primaryimage"},"thumbnailUrl":"https:\/\/www.bellunopress.it\/wp-content\/uploads\/2025\/12\/Thomas-Menia-Corbanese-sindaco-Danta.jpg","articleSection":["Cronaca\/Politica","Prima Pagina","Sanit\u00e0 Medicina"],"inLanguage":"fr-FR"},{"@type":"WebPage","@id":"https:\/\/www.bellunopress.it\/2026\/03\/12\/elisoccorso-notturno-giovanifuturo-presenta-una-mozione-in-conferenza-dei-sindaci-per-garantire-il-servizio\/","url":"https:\/\/www.bellunopress.it\/2026\/03\/12\/elisoccorso-notturno-giovanifuturo-presenta-una-mozione-in-conferenza-dei-sindaci-per-garantire-il-servizio\/","name":"Elisoccorso notturno: Giovani&Futuro presenta una mozione in Conferenza dei sindaci per garantire il servizio - Bellunopress - Dolomiti","isPartOf":{"@id":"https:\/\/www.bellunopress.it\/#website"},"primaryImageOfPage":{"@id":"https:\/\/www.bellunopress.it\/2026\/03\/12\/elisoccorso-notturno-giovanifuturo-presenta-una-mozione-in-conferenza-dei-sindaci-per-garantire-il-servizio\/#primaryimage"},"image":{"@id":"https:\/\/www.bellunopress.it\/2026\/03\/12\/elisoccorso-notturno-giovanifuturo-presenta-una-mozione-in-conferenza-dei-sindaci-per-garantire-il-servizio\/#primaryimage"},"thumbnailUrl":"https:\/\/www.bellunopress.it\/wp-content\/uploads\/2025\/12\/Thomas-Menia-Corbanese-sindaco-Danta.jpg","datePublished":"2026-03-12T07:29:46+00:00","breadcrumb":{"@id":"https:\/\/www.bellunopress.it\/2026\/03\/12\/elisoccorso-notturno-giovanifuturo-presenta-una-mozione-in-conferenza-dei-sindaci-per-garantire-il-servizio\/#breadcrumb"},"inLanguage":"fr-FR","potentialAction":[{"@type":"ReadAction","target":["https:\/\/www.bellunopress.it\/2026\/03\/12\/elisoccorso-notturno-giovanifuturo-presenta-una-mozione-in-conferenza-dei-sindaci-per-garantire-il-servizio\/"]}]},{"@type":"ImageObject","inLanguage":"fr-FR","@id":"https:\/\/www.bellunopress.it\/2026\/03\/12\/elisoccorso-notturno-giovanifuturo-presenta-una-mozione-in-conferenza-dei-sindaci-per-garantire-il-servizio\/#primaryimage","url":"https:\/\/www.bellunopress.it\/wp-content\/uploads\/2025\/12\/Thomas-Menia-Corbanese-sindaco-Danta.jpg","contentUrl":"https:\/\/www.bellunopress.it\/wp-content\/uploads\/2025\/12\/Thomas-Menia-Corbanese-sindaco-Danta.jpg","width":800,"height":717,"caption":"Thomas Menia Corbanese, sindaco di Danta di Cadore"},{"@type":"BreadcrumbList","@id":"https:\/\/www.bellunopress.it\/2026\/03\/12\/elisoccorso-notturno-giovanifuturo-presenta-una-mozione-in-conferenza-dei-sindaci-per-garantire-il-servizio\/#breadcrumb","itemListElement":[{"@type":"ListItem","position":1,"name":"Home","item":"https:\/\/www.bellunopress.it\/"},{"@type":"ListItem","position":2,"name":"Elisoccorso notturno: Giovani&#038;Futuro presenta una mozione in Conferenza dei sindaci per garantire il servizio"}]},{"@type":"WebSite","@id":"https:\/\/www.bellunopress.it\/#website","url":"https:\/\/www.bellunopress.it\/","name":"Bellunopress - Dolomiti","description":"e-mail: redazione@bellunopress.it","publisher":{"@id":"https:\/\/www.bellunopress.it\/#organization"},"potentialAction":[{"@type":"SearchAction","target":{"@type":"EntryPoint","urlTemplate":"https:\/\/www.bellunopress.it\/?s={search_term_string}"},"query-input":{"@type":"PropertyValueSpecification","valueRequired":true,"valueName":"search_term_string"}}],"inLanguage":"fr-FR"},{"@type":"Organization","@id":"https:\/\/www.bellunopress.it\/#organization","name":"Bellunopress","url":"https:\/\/www.bellunopress.it\/","logo":{"@type":"ImageObject","inLanguage":"fr-FR","@id":"https:\/\/www.bellunopress.it\/#\/schema\/logo\/image\/","url":"https:\/\/www.bellunopress.it\/wp-content\/uploads\/2011\/05\/cropped-logo-bellunopress-.jpg","contentUrl":"https:\/\/www.bellunopress.it\/wp-content\/uploads\/2011\/05\/cropped-logo-bellunopress-.jpg","width":512,"height":512,"caption":"Bellunopress"},"image":{"@id":"https:\/\/www.bellunopress.it\/#\/schema\/logo\/image\/"},"sameAs":["https:\/\/www.facebook.com\/profile.php?id=100008943462799","https:\/\/x.com\/bellunopress","https:\/\/www.linkedin.com\/hp\/?dnr=JBzUWaJfMUw8vbXJJ2tVW5-I3jZKvC4wsoxE&amp;amp;amp;amp;amp;amp;trk=nav_responsive_tab_home","https:\/\/www.youtube.com\/channel\/UCxL0wu1uN0_3_7hGG0306cw"]},{"@type":"Person","@id":"https:\/\/www.bellunopress.it\/#\/schema\/person\/79bb06722b37ece1c03d3e94beb30d73","name":"r\u00e9daction","image":{"@type":"ImageObject","inLanguage":"fr-FR","@id":"https:\/\/secure.gravatar.com\/avatar\/37d968a2e67a6fd04c169c4bdef102d0bc5d31b2546345219e348575eb80e9a0?s=96&d=mm&r=g","url":"https:\/\/secure.gravatar.com\/avatar\/37d968a2e67a6fd04c169c4bdef102d0bc5d31b2546345219e348575eb80e9a0?s=96&d=mm&r=g","contentUrl":"https:\/\/secure.gravatar.com\/avatar\/37d968a2e67a6fd04c169c4bdef102d0bc5d31b2546345219e348575eb80e9a0?s=96&d=mm&r=g","caption":"redazione"},"sameAs":["http:\/\/www.bellunopress.it","https:\/\/x.com\/bellunopress"],"url":"https:\/\/www.bellunopress.it\/fr\/author\/redazione\/"}]}},"_links":{"self":[{"href":"https:\/\/www.bellunopress.it\/fr\/wp-json\/wp\/v2\/posts\/168089","targetHints":{"allow":["GET"]}}],"collection":[{"href":"https:\/\/www.bellunopress.it\/fr\/wp-json\/wp\/v2\/posts"}],"about":[{"href":"https:\/\/www.bellunopress.it\/fr\/wp-json\/wp\/v2\/types\/post"}],"author":[{"embeddable":true,"href":"https:\/\/www.bellunopress.it\/fr\/wp-json\/wp\/v2\/users\/2"}],"replies":[{"embeddable":true,"href":"https:\/\/www.bellunopress.it\/fr\/wp-json\/wp\/v2\/comments?post=168089"}],"version-history":[{"count":1,"href":"https:\/\/www.bellunopress.it\/fr\/wp-json\/wp\/v2\/posts\/168089\/revisions"}],"predecessor-version":[{"id":168090,"href":"https:\/\/www.bellunopress.it\/fr\/wp-json\/wp\/v2\/posts\/168089\/revisions\/168090"}],"wp:featuredmedia":[{"embeddable":true,"href":"https:\/\/www.bellunopress.it\/fr\/wp-json\/wp\/v2\/media\/165877"}],"wp:attachment":[{"href":"https:\/\/www.bellunopress.it\/fr\/wp-json\/wp\/v2\/media?parent=168089"}],"wp:term":[{"taxonomy":"category","embeddable":true,"href":"https:\/\/www.bellunopress.it\/fr\/wp-json\/wp\/v2\/categories?post=168089"},{"taxonomy":"post_tag","embeddable":true,"href":"https:\/\/www.bellunopress.it\/fr\/wp-json\/wp\/v2\/tags?post=168089"}],"curies":[{"name":"wp","href":"https:\/\/api.w.org\/{rel}","templated":true}]}}