{"id":168072,"date":"2026-03-11T14:48:06","date_gmt":"2026-03-11T13:48:06","guid":{"rendered":"https:\/\/www.bellunopress.it\/?p=168072"},"modified":"2026-03-11T14:48:06","modified_gmt":"2026-03-11T13:48:06","slug":"montagna-veneta-il-dossier-shock-di-legambiente-27-impianti-fantasma-anche-il-nevegal-tra-i-casi-di-accanimento-terapeutico-sulla-neve","status":"publish","type":"post","link":"https:\/\/www.bellunopress.it\/fr\/2026\/03\/11\/montagna-veneta-il-dossier-shock-di-legambiente-27-impianti-fantasma-anche-il-nevegal-tra-i-casi-di-accanimento-terapeutico-sulla-neve\/","title":{"rendered":"Montagna Veneta, il dossier shock di Legambiente: 27 impianti fantasma. Anche il Nevegal tra i casi di &#8220;accanimento terapeutico&#8221; sulla neve"},"content":{"rendered":"<p data-path-to-node=\"3\"><b data-path-to-node=\"3\" data-index-in-node=\"0\">Presentato il report &#8220;<a href=\"https:\/\/www.legambiente.it\/wp-content\/uploads\/2026\/03\/NeveDiversa2026.pdf\">Nevediversa 2026<\/a>&#8220;<\/b><\/p>\n<p data-path-to-node=\"3\"><b data-path-to-node=\"3\" data-index-in-node=\"0\">In Veneto 27 strutture abbandonate e 12 sopravvivono solo grazie ai fondi pubblici. Sotto accusa il modello post-olimpico e i &#8220;Luna Park&#8221; in quota<\/b><\/p>\n<p data-path-to-node=\"4\">Venezia, 11\/03\/2026\u00a0\u2013 La neve naturale scarseggia, le temperature salgono, ma il modello economico della montagna veneta resta congelato al passato. \u00c8 questa la fotografia nitida, e per certi versi impietosa, scattata da Legambiente nel nuovo report &#8220;Nevediversa 2026&#8221;, presentato oggi a Milano. I dati che riguardano il Veneto parlano di un territorio in bilico tra il declino delle vecchie infrastrutture e la resistenza artificiale di un sistema che fatica a rinnovarsi.<\/p>\n<h3 data-path-to-node=\"5\">I numeri dell&#8217;abbandono: il caso Cortina<\/h3>\n<p data-path-to-node=\"6\">Secondo il censimento dell\u2019associazione ambientalista, in Veneto si contano 27 impianti sciistici dismessi. Si tratta di scheletri di ferro e cemento fermi da almeno dieci anni. L\u2019esempio pi\u00f9 eclatante citato nel dossier \u00e8 la seggiovia Col Tondo-Mietres a Cortina d\u2019Ampezzo: nonostante l&#8217;annuncio dello smantellamento nel 2022, la struttura giace ancora abbandonata nel cuore delle Dolomiti. A questi si aggiungono 11 &#8220;edifici sospesi&#8221; (strutture ricettive e turistiche sottoutilizzate) che contribuiscono a disegnare un paesaggio montano segnato dall&#8217;incuria.<\/p>\n<h3 data-path-to-node=\"7\">L\u2019accanimento terapeutico e i &#8220;Luna Park&#8221;<\/h3>\n<p data-path-to-node=\"8\">Il report introduce un concetto forte: l'&#8221;accanimento terapeutico&#8221;. In Veneto sono 12 gli impianti che sopravvivono solo grazie a iniezioni costanti di denaro pubblico, senza le quali chiuderebbero per insostenibilit\u00e0 economica o climatica. Tra questi figurano stazioni storiche come il Nevegal, Alleghe e il Kaberlaba ad Asiago.<\/p>\n<p data-path-to-node=\"9\">Proprio sul Nevegal si accendono i riflettori per una nuova categoria di monitoraggio: i &#8220;Luna Park della montagna&#8221;. Legambiente critica l&#8217;installazione di attrazioni artificiali a basso valore ambientale, citando la pista di plastica da 300 metri (la pi\u00f9 lunga d&#8217;Europa) realizzata con un investimento di 430 mila euro.<\/p>\n<h3 data-path-to-node=\"10\">L\u2019ombra delle Olimpiadi 2026<\/h3>\n<h6 style=\"text-align: left;\" data-path-to-node=\"11\">Il bilancio sulle Olimpiadi Milano-Cortina 2026 \u00e8 tutt\u2019altro che trionfale. Il report evidenzia ritardi, costi lievitati e &#8220;opere faraoniche&#8221; che lasciano in eredit\u00e0 pi\u00f9 dubbi che certezze. Secondo Legambiente, l\u2019evento non \u00e8 servito a innescare quella transizione ecologica necessaria per affrontare la crisi climatica, che sulle Alpi ha gi\u00e0 ridotto la stagione nevosa di quasi un mese rispetto a cinquant&#8217;anni fa.<\/h6>\n<blockquote data-path-to-node=\"12\">\n<h6 style=\"text-align: left;\" data-path-to-node=\"12,0\"><i data-path-to-node=\"12,0\" data-index-in-node=\"0\">&#8220;I dati raccontano una montagna che cambia pi\u00f9 velocemente delle politiche pubbliche&#8221;<\/i> \u2013 dichiara <b data-path-to-node=\"12,0\" data-index-in-node=\"97\">Luigi Lazzaro<\/b>, presidente di Legambiente Veneto. <i data-path-to-node=\"12,0\" data-index-in-node=\"146\">&#8220;Investire quasi esclusivamente nel &#8216;sistema neve&#8217; significa inseguire un modello al tramonto. Il Veneto deve diventare un laboratorio di turismo sostenibile, mettendo al centro le comunit\u00e0 e non solo i cannoni spara-neve&#8221;<\/i>.<\/h6>\n<\/blockquote>\n<h3 data-path-to-node=\"13\">Il Manifesto per il futuro<\/h3>\n<p data-path-to-node=\"14\">Insieme ai dati, Legambiente lancia il &#8220;Manifesto della Carovana dell&#8217;accoglienza montana&#8221;. La proposta \u00e8 chiara: basta finanziare nuovi impianti sotto i 1.500 metri e basta destinare il 90% dei fondi pubblici a un settore (lo sci di discesa) sempre pi\u00f9 vulnerabile. La sfida \u00e8 la destagionalizzazione: trasformare le vette in luoghi da vivere tutto l&#8217;anno, puntando su una ricettivit\u00e0 leggera e sulla salvaguardia delle riserve idriche, oggi messe a dura prova dai 12 mega-bacini per l&#8217;innevamento artificiale censiti nella regione.<\/p>","protected":false},"excerpt":{"rendered":"<p>Presentato il report &#8220;Nevediversa 2026&#8220; In Veneto 27 strutture abbandonate e 12 sopravvivono solo grazie ai fondi pubblici. Sotto accusa il modello post-olimpico e i &#8220;Luna Park&#8221; in quota Venezia, 11\/03\/2026\u00a0\u2013 La neve naturale scarseggia, le temperature salgono, ma il modello economico della montagna veneta resta congelato al passato. \u00c8 questa la fotografia nitida, e [&hellip;]<\/p>\n","protected":false},"author":2,"featured_media":138698,"comment_status":"closed","ping_status":"open","sticky":false,"template":"","format":"standard","meta":{"footnotes":""},"categories":[36,38,26],"tags":[],"class_list":["post-168072","post","type-post","status-publish","format-standard","has-post-thumbnail","category-lavoro-economia","category-natura-ambiente","category-prima-pagina"],"yoast_head":"<!-- This site is optimized with the Yoast SEO plugin v28.4 - https:\/\/yoast.com\/product\/yoast-seo-wordpress\/ -->\n<title>Montagna Veneta, il dossier shock di Legambiente: 27 impianti fantasma. Anche il Nevegal tra i casi di &quot;accanimento terapeutico&quot; sulla neve - Bellunopress - Dolomiti<\/title>\n<meta name=\"robots\" content=\"index, follow, max-snippet:-1, max-image-preview:large, max-video-preview:-1\" \/>\n<link rel=\"canonical\" href=\"https:\/\/www.bellunopress.it\/fr\/2026\/03\/11\/montagna-veneta-il-dossier-shock-di-legambiente-27-impianti-fantasma-anche-il-nevegal-tra-i-casi-di-accanimento-terapeutico-sulla-neve\/\" \/>\n<meta property=\"og:locale\" content=\"fr_FR\" \/>\n<meta property=\"og:type\" content=\"article\" \/>\n<meta property=\"og:title\" content=\"Montagna Veneta, il dossier shock di Legambiente: 27 impianti fantasma. Anche il Nevegal tra i casi di &quot;accanimento terapeutico&quot; sulla neve - Bellunopress - Dolomiti\" \/>\n<meta property=\"og:description\" content=\"Presentato il report &#8220;Nevediversa 2026&#8220; In Veneto 27 strutture abbandonate e 12 sopravvivono solo grazie ai fondi pubblici. Sotto accusa il modello post-olimpico e i &#8220;Luna Park&#8221; in quota Venezia, 11\/03\/2026\u00a0\u2013 La neve naturale scarseggia, le temperature salgono, ma il modello economico della montagna veneta resta congelato al passato. \u00c8 questa la fotografia nitida, e [&hellip;]\" \/>\n<meta property=\"og:url\" content=\"https:\/\/www.bellunopress.it\/fr\/2026\/03\/11\/montagna-veneta-il-dossier-shock-di-legambiente-27-impianti-fantasma-anche-il-nevegal-tra-i-casi-di-accanimento-terapeutico-sulla-neve\/\" \/>\n<meta property=\"og:site_name\" content=\"Bellunopress - Dolomiti\" \/>\n<meta property=\"article:publisher\" content=\"https:\/\/www.facebook.com\/profile.php?id=100008943462799\" \/>\n<meta property=\"article:published_time\" content=\"2026-03-11T13:48:06+00:00\" \/>\n<meta property=\"og:image\" content=\"https:\/\/www.bellunopress.it\/wp-content\/uploads\/2022\/12\/Nevegal_edited-1.jpg\" \/>\n\t<meta property=\"og:image:width\" content=\"750\" \/>\n\t<meta property=\"og:image:height\" content=\"1000\" \/>\n\t<meta property=\"og:image:type\" content=\"image\/jpeg\" \/>\n<meta name=\"author\" content=\"redazione\" \/>\n<meta name=\"twitter:card\" content=\"summary_large_image\" \/>\n<meta name=\"twitter:creator\" content=\"@bellunopress\" \/>\n<meta name=\"twitter:site\" content=\"@bellunopress\" \/>\n<meta name=\"twitter:label1\" content=\"\u00c9crit par\" \/>\n\t<meta name=\"twitter:data1\" content=\"redazione\" \/>\n\t<meta name=\"twitter:label2\" content=\"Dur\u00e9e de lecture estim\u00e9e\" \/>\n\t<meta name=\"twitter:data2\" content=\"2 minutes\" \/>\n<script type=\"application\/ld+json\" class=\"yoast-schema-graph\">{\"@context\":\"https:\\\/\\\/schema.org\",\"@graph\":[{\"@type\":\"Article\",\"@id\":\"https:\\\/\\\/www.bellunopress.it\\\/2026\\\/03\\\/11\\\/montagna-veneta-il-dossier-shock-di-legambiente-27-impianti-fantasma-anche-il-nevegal-tra-i-casi-di-accanimento-terapeutico-sulla-neve\\\/#article\",\"isPartOf\":{\"@id\":\"https:\\\/\\\/www.bellunopress.it\\\/2026\\\/03\\\/11\\\/montagna-veneta-il-dossier-shock-di-legambiente-27-impianti-fantasma-anche-il-nevegal-tra-i-casi-di-accanimento-terapeutico-sulla-neve\\\/\"},\"author\":{\"name\":\"redazione\",\"@id\":\"https:\\\/\\\/www.bellunopress.it\\\/#\\\/schema\\\/person\\\/79bb06722b37ece1c03d3e94beb30d73\"},\"headline\":\"Montagna Veneta, il dossier shock di Legambiente: 27 impianti fantasma. Anche il Nevegal tra i casi di &#8220;accanimento terapeutico&#8221; sulla neve\",\"datePublished\":\"2026-03-11T13:48:06+00:00\",\"mainEntityOfPage\":{\"@id\":\"https:\\\/\\\/www.bellunopress.it\\\/2026\\\/03\\\/11\\\/montagna-veneta-il-dossier-shock-di-legambiente-27-impianti-fantasma-anche-il-nevegal-tra-i-casi-di-accanimento-terapeutico-sulla-neve\\\/\"},\"wordCount\":499,\"publisher\":{\"@id\":\"https:\\\/\\\/www.bellunopress.it\\\/#organization\"},\"image\":{\"@id\":\"https:\\\/\\\/www.bellunopress.it\\\/2026\\\/03\\\/11\\\/montagna-veneta-il-dossier-shock-di-legambiente-27-impianti-fantasma-anche-il-nevegal-tra-i-casi-di-accanimento-terapeutico-sulla-neve\\\/#primaryimage\"},\"thumbnailUrl\":\"https:\\\/\\\/www.bellunopress.it\\\/wp-content\\\/uploads\\\/2022\\\/12\\\/Nevegal_edited-1.jpg\",\"articleSection\":[\"Lavoro, Economia, Turismo\",\"Meteo, natura, ambiente, animali\",\"Prima Pagina\"],\"inLanguage\":\"fr-FR\"},{\"@type\":\"WebPage\",\"@id\":\"https:\\\/\\\/www.bellunopress.it\\\/2026\\\/03\\\/11\\\/montagna-veneta-il-dossier-shock-di-legambiente-27-impianti-fantasma-anche-il-nevegal-tra-i-casi-di-accanimento-terapeutico-sulla-neve\\\/\",\"url\":\"https:\\\/\\\/www.bellunopress.it\\\/2026\\\/03\\\/11\\\/montagna-veneta-il-dossier-shock-di-legambiente-27-impianti-fantasma-anche-il-nevegal-tra-i-casi-di-accanimento-terapeutico-sulla-neve\\\/\",\"name\":\"Montagna Veneta, il dossier shock di Legambiente: 27 impianti fantasma. Anche il Nevegal tra i casi di \\\"accanimento terapeutico\\\" sulla neve - Bellunopress - Dolomiti\",\"isPartOf\":{\"@id\":\"https:\\\/\\\/www.bellunopress.it\\\/#website\"},\"primaryImageOfPage\":{\"@id\":\"https:\\\/\\\/www.bellunopress.it\\\/2026\\\/03\\\/11\\\/montagna-veneta-il-dossier-shock-di-legambiente-27-impianti-fantasma-anche-il-nevegal-tra-i-casi-di-accanimento-terapeutico-sulla-neve\\\/#primaryimage\"},\"image\":{\"@id\":\"https:\\\/\\\/www.bellunopress.it\\\/2026\\\/03\\\/11\\\/montagna-veneta-il-dossier-shock-di-legambiente-27-impianti-fantasma-anche-il-nevegal-tra-i-casi-di-accanimento-terapeutico-sulla-neve\\\/#primaryimage\"},\"thumbnailUrl\":\"https:\\\/\\\/www.bellunopress.it\\\/wp-content\\\/uploads\\\/2022\\\/12\\\/Nevegal_edited-1.jpg\",\"datePublished\":\"2026-03-11T13:48:06+00:00\",\"breadcrumb\":{\"@id\":\"https:\\\/\\\/www.bellunopress.it\\\/2026\\\/03\\\/11\\\/montagna-veneta-il-dossier-shock-di-legambiente-27-impianti-fantasma-anche-il-nevegal-tra-i-casi-di-accanimento-terapeutico-sulla-neve\\\/#breadcrumb\"},\"inLanguage\":\"fr-FR\",\"potentialAction\":[{\"@type\":\"ReadAction\",\"target\":[\"https:\\\/\\\/www.bellunopress.it\\\/2026\\\/03\\\/11\\\/montagna-veneta-il-dossier-shock-di-legambiente-27-impianti-fantasma-anche-il-nevegal-tra-i-casi-di-accanimento-terapeutico-sulla-neve\\\/\"]}]},{\"@type\":\"ImageObject\",\"inLanguage\":\"fr-FR\",\"@id\":\"https:\\\/\\\/www.bellunopress.it\\\/2026\\\/03\\\/11\\\/montagna-veneta-il-dossier-shock-di-legambiente-27-impianti-fantasma-anche-il-nevegal-tra-i-casi-di-accanimento-terapeutico-sulla-neve\\\/#primaryimage\",\"url\":\"https:\\\/\\\/www.bellunopress.it\\\/wp-content\\\/uploads\\\/2022\\\/12\\\/Nevegal_edited-1.jpg\",\"contentUrl\":\"https:\\\/\\\/www.bellunopress.it\\\/wp-content\\\/uploads\\\/2022\\\/12\\\/Nevegal_edited-1.jpg\",\"width\":750,\"height\":1000,\"caption\":\"Nevegal (Belluno)\"},{\"@type\":\"BreadcrumbList\",\"@id\":\"https:\\\/\\\/www.bellunopress.it\\\/2026\\\/03\\\/11\\\/montagna-veneta-il-dossier-shock-di-legambiente-27-impianti-fantasma-anche-il-nevegal-tra-i-casi-di-accanimento-terapeutico-sulla-neve\\\/#breadcrumb\",\"itemListElement\":[{\"@type\":\"ListItem\",\"position\":1,\"name\":\"Home\",\"item\":\"https:\\\/\\\/www.bellunopress.it\\\/\"},{\"@type\":\"ListItem\",\"position\":2,\"name\":\"Montagna Veneta, il dossier shock di Legambiente: 27 impianti fantasma. Anche il Nevegal tra i casi di &#8220;accanimento terapeutico&#8221; sulla neve\"}]},{\"@type\":\"WebSite\",\"@id\":\"https:\\\/\\\/www.bellunopress.it\\\/#website\",\"url\":\"https:\\\/\\\/www.bellunopress.it\\\/\",\"name\":\"Bellunopress - Dolomiti\",\"description\":\"e-mail: redazione@bellunopress.it\",\"publisher\":{\"@id\":\"https:\\\/\\\/www.bellunopress.it\\\/#organization\"},\"potentialAction\":[{\"@type\":\"SearchAction\",\"target\":{\"@type\":\"EntryPoint\",\"urlTemplate\":\"https:\\\/\\\/www.bellunopress.it\\\/?s={search_term_string}\"},\"query-input\":{\"@type\":\"PropertyValueSpecification\",\"valueRequired\":true,\"valueName\":\"search_term_string\"}}],\"inLanguage\":\"fr-FR\"},{\"@type\":\"Organization\",\"@id\":\"https:\\\/\\\/www.bellunopress.it\\\/#organization\",\"name\":\"Bellunopress\",\"url\":\"https:\\\/\\\/www.bellunopress.it\\\/\",\"logo\":{\"@type\":\"ImageObject\",\"inLanguage\":\"fr-FR\",\"@id\":\"https:\\\/\\\/www.bellunopress.it\\\/#\\\/schema\\\/logo\\\/image\\\/\",\"url\":\"https:\\\/\\\/www.bellunopress.it\\\/wp-content\\\/uploads\\\/2011\\\/05\\\/cropped-logo-bellunopress-.jpg\",\"contentUrl\":\"https:\\\/\\\/www.bellunopress.it\\\/wp-content\\\/uploads\\\/2011\\\/05\\\/cropped-logo-bellunopress-.jpg\",\"width\":512,\"height\":512,\"caption\":\"Bellunopress\"},\"image\":{\"@id\":\"https:\\\/\\\/www.bellunopress.it\\\/#\\\/schema\\\/logo\\\/image\\\/\"},\"sameAs\":[\"https:\\\/\\\/www.facebook.com\\\/profile.php?id=100008943462799\",\"https:\\\/\\\/x.com\\\/bellunopress\",\"https:\\\/\\\/www.linkedin.com\\\/hp\\\/?dnr=JBzUWaJfMUw8vbXJJ2tVW5-I3jZKvC4wsoxE&amp;amp;amp;amp;amp;amp;trk=nav_responsive_tab_home\",\"https:\\\/\\\/www.youtube.com\\\/channel\\\/UCxL0wu1uN0_3_7hGG0306cw\"]},{\"@type\":\"Person\",\"@id\":\"https:\\\/\\\/www.bellunopress.it\\\/#\\\/schema\\\/person\\\/79bb06722b37ece1c03d3e94beb30d73\",\"name\":\"redazione\",\"image\":{\"@type\":\"ImageObject\",\"inLanguage\":\"fr-FR\",\"@id\":\"https:\\\/\\\/secure.gravatar.com\\\/avatar\\\/37d968a2e67a6fd04c169c4bdef102d0bc5d31b2546345219e348575eb80e9a0?s=96&d=mm&r=g\",\"url\":\"https:\\\/\\\/secure.gravatar.com\\\/avatar\\\/37d968a2e67a6fd04c169c4bdef102d0bc5d31b2546345219e348575eb80e9a0?s=96&d=mm&r=g\",\"contentUrl\":\"https:\\\/\\\/secure.gravatar.com\\\/avatar\\\/37d968a2e67a6fd04c169c4bdef102d0bc5d31b2546345219e348575eb80e9a0?s=96&d=mm&r=g\",\"caption\":\"redazione\"},\"sameAs\":[\"http:\\\/\\\/www.bellunopress.it\",\"https:\\\/\\\/x.com\\\/bellunopress\"],\"url\":\"https:\\\/\\\/www.bellunopress.it\\\/fr\\\/author\\\/redazione\\\/\"}]}<\/script>\n<!-- \/ Yoast SEO plugin. -->","yoast_head_json":{"title":"Montagna Veneta, il dossier shock di Legambiente: 27 impianti fantasma. Anche il Nevegal tra i casi di \"accanimento terapeutico\" sulla neve - Bellunopress - Dolomiti","robots":{"index":"index","follow":"follow","max-snippet":"max-snippet:-1","max-image-preview":"max-image-preview:large","max-video-preview":"max-video-preview:-1"},"canonical":"https:\/\/www.bellunopress.it\/fr\/2026\/03\/11\/montagna-veneta-il-dossier-shock-di-legambiente-27-impianti-fantasma-anche-il-nevegal-tra-i-casi-di-accanimento-terapeutico-sulla-neve\/","og_locale":"fr_FR","og_type":"article","og_title":"Montagna Veneta, il dossier shock di Legambiente: 27 impianti fantasma. Anche il Nevegal tra i casi di \"accanimento terapeutico\" sulla neve - Bellunopress - Dolomiti","og_description":"Presentato il report &#8220;Nevediversa 2026&#8220; In Veneto 27 strutture abbandonate e 12 sopravvivono solo grazie ai fondi pubblici. Sotto accusa il modello post-olimpico e i &#8220;Luna Park&#8221; in quota Venezia, 11\/03\/2026\u00a0\u2013 La neve naturale scarseggia, le temperature salgono, ma il modello economico della montagna veneta resta congelato al passato. \u00c8 questa la fotografia nitida, e [&hellip;]","og_url":"https:\/\/www.bellunopress.it\/fr\/2026\/03\/11\/montagna-veneta-il-dossier-shock-di-legambiente-27-impianti-fantasma-anche-il-nevegal-tra-i-casi-di-accanimento-terapeutico-sulla-neve\/","og_site_name":"Bellunopress - Dolomiti","article_publisher":"https:\/\/www.facebook.com\/profile.php?id=100008943462799","article_published_time":"2026-03-11T13:48:06+00:00","og_image":[{"width":750,"height":1000,"url":"https:\/\/www.bellunopress.it\/wp-content\/uploads\/2022\/12\/Nevegal_edited-1.jpg","type":"image\/jpeg"}],"author":"redazione","twitter_card":"summary_large_image","twitter_creator":"@bellunopress","twitter_site":"@bellunopress","twitter_misc":{"\u00c9crit par":"redazione","Dur\u00e9e de lecture estim\u00e9e":"2 minutes"},"schema":{"@context":"https:\/\/schema.org","@graph":[{"@type":"Article","@id":"https:\/\/www.bellunopress.it\/2026\/03\/11\/montagna-veneta-il-dossier-shock-di-legambiente-27-impianti-fantasma-anche-il-nevegal-tra-i-casi-di-accanimento-terapeutico-sulla-neve\/#article","isPartOf":{"@id":"https:\/\/www.bellunopress.it\/2026\/03\/11\/montagna-veneta-il-dossier-shock-di-legambiente-27-impianti-fantasma-anche-il-nevegal-tra-i-casi-di-accanimento-terapeutico-sulla-neve\/"},"author":{"name":"redazione","@id":"https:\/\/www.bellunopress.it\/#\/schema\/person\/79bb06722b37ece1c03d3e94beb30d73"},"headline":"Montagna Veneta, il dossier shock di Legambiente: 27 impianti fantasma. Anche il Nevegal tra i casi di &#8220;accanimento terapeutico&#8221; sulla neve","datePublished":"2026-03-11T13:48:06+00:00","mainEntityOfPage":{"@id":"https:\/\/www.bellunopress.it\/2026\/03\/11\/montagna-veneta-il-dossier-shock-di-legambiente-27-impianti-fantasma-anche-il-nevegal-tra-i-casi-di-accanimento-terapeutico-sulla-neve\/"},"wordCount":499,"publisher":{"@id":"https:\/\/www.bellunopress.it\/#organization"},"image":{"@id":"https:\/\/www.bellunopress.it\/2026\/03\/11\/montagna-veneta-il-dossier-shock-di-legambiente-27-impianti-fantasma-anche-il-nevegal-tra-i-casi-di-accanimento-terapeutico-sulla-neve\/#primaryimage"},"thumbnailUrl":"https:\/\/www.bellunopress.it\/wp-content\/uploads\/2022\/12\/Nevegal_edited-1.jpg","articleSection":["Lavoro, Economia, Turismo","Meteo, natura, ambiente, animali","Prima Pagina"],"inLanguage":"fr-FR"},{"@type":"WebPage","@id":"https:\/\/www.bellunopress.it\/2026\/03\/11\/montagna-veneta-il-dossier-shock-di-legambiente-27-impianti-fantasma-anche-il-nevegal-tra-i-casi-di-accanimento-terapeutico-sulla-neve\/","url":"https:\/\/www.bellunopress.it\/2026\/03\/11\/montagna-veneta-il-dossier-shock-di-legambiente-27-impianti-fantasma-anche-il-nevegal-tra-i-casi-di-accanimento-terapeutico-sulla-neve\/","name":"Montagna Veneta, il dossier shock di Legambiente: 27 impianti fantasma. Anche il Nevegal tra i casi di \"accanimento terapeutico\" sulla neve - Bellunopress - Dolomiti","isPartOf":{"@id":"https:\/\/www.bellunopress.it\/#website"},"primaryImageOfPage":{"@id":"https:\/\/www.bellunopress.it\/2026\/03\/11\/montagna-veneta-il-dossier-shock-di-legambiente-27-impianti-fantasma-anche-il-nevegal-tra-i-casi-di-accanimento-terapeutico-sulla-neve\/#primaryimage"},"image":{"@id":"https:\/\/www.bellunopress.it\/2026\/03\/11\/montagna-veneta-il-dossier-shock-di-legambiente-27-impianti-fantasma-anche-il-nevegal-tra-i-casi-di-accanimento-terapeutico-sulla-neve\/#primaryimage"},"thumbnailUrl":"https:\/\/www.bellunopress.it\/wp-content\/uploads\/2022\/12\/Nevegal_edited-1.jpg","datePublished":"2026-03-11T13:48:06+00:00","breadcrumb":{"@id":"https:\/\/www.bellunopress.it\/2026\/03\/11\/montagna-veneta-il-dossier-shock-di-legambiente-27-impianti-fantasma-anche-il-nevegal-tra-i-casi-di-accanimento-terapeutico-sulla-neve\/#breadcrumb"},"inLanguage":"fr-FR","potentialAction":[{"@type":"ReadAction","target":["https:\/\/www.bellunopress.it\/2026\/03\/11\/montagna-veneta-il-dossier-shock-di-legambiente-27-impianti-fantasma-anche-il-nevegal-tra-i-casi-di-accanimento-terapeutico-sulla-neve\/"]}]},{"@type":"ImageObject","inLanguage":"fr-FR","@id":"https:\/\/www.bellunopress.it\/2026\/03\/11\/montagna-veneta-il-dossier-shock-di-legambiente-27-impianti-fantasma-anche-il-nevegal-tra-i-casi-di-accanimento-terapeutico-sulla-neve\/#primaryimage","url":"https:\/\/www.bellunopress.it\/wp-content\/uploads\/2022\/12\/Nevegal_edited-1.jpg","contentUrl":"https:\/\/www.bellunopress.it\/wp-content\/uploads\/2022\/12\/Nevegal_edited-1.jpg","width":750,"height":1000,"caption":"Nevegal (Belluno)"},{"@type":"BreadcrumbList","@id":"https:\/\/www.bellunopress.it\/2026\/03\/11\/montagna-veneta-il-dossier-shock-di-legambiente-27-impianti-fantasma-anche-il-nevegal-tra-i-casi-di-accanimento-terapeutico-sulla-neve\/#breadcrumb","itemListElement":[{"@type":"ListItem","position":1,"name":"Home","item":"https:\/\/www.bellunopress.it\/"},{"@type":"ListItem","position":2,"name":"Montagna Veneta, il dossier shock di Legambiente: 27 impianti fantasma. Anche il Nevegal tra i casi di &#8220;accanimento terapeutico&#8221; sulla neve"}]},{"@type":"WebSite","@id":"https:\/\/www.bellunopress.it\/#website","url":"https:\/\/www.bellunopress.it\/","name":"Bellunopress - Dolomiti","description":"e-mail: redazione@bellunopress.it","publisher":{"@id":"https:\/\/www.bellunopress.it\/#organization"},"potentialAction":[{"@type":"SearchAction","target":{"@type":"EntryPoint","urlTemplate":"https:\/\/www.bellunopress.it\/?s={search_term_string}"},"query-input":{"@type":"PropertyValueSpecification","valueRequired":true,"valueName":"search_term_string"}}],"inLanguage":"fr-FR"},{"@type":"Organization","@id":"https:\/\/www.bellunopress.it\/#organization","name":"Bellunopress","url":"https:\/\/www.bellunopress.it\/","logo":{"@type":"ImageObject","inLanguage":"fr-FR","@id":"https:\/\/www.bellunopress.it\/#\/schema\/logo\/image\/","url":"https:\/\/www.bellunopress.it\/wp-content\/uploads\/2011\/05\/cropped-logo-bellunopress-.jpg","contentUrl":"https:\/\/www.bellunopress.it\/wp-content\/uploads\/2011\/05\/cropped-logo-bellunopress-.jpg","width":512,"height":512,"caption":"Bellunopress"},"image":{"@id":"https:\/\/www.bellunopress.it\/#\/schema\/logo\/image\/"},"sameAs":["https:\/\/www.facebook.com\/profile.php?id=100008943462799","https:\/\/x.com\/bellunopress","https:\/\/www.linkedin.com\/hp\/?dnr=JBzUWaJfMUw8vbXJJ2tVW5-I3jZKvC4wsoxE&amp;amp;amp;amp;amp;amp;trk=nav_responsive_tab_home","https:\/\/www.youtube.com\/channel\/UCxL0wu1uN0_3_7hGG0306cw"]},{"@type":"Person","@id":"https:\/\/www.bellunopress.it\/#\/schema\/person\/79bb06722b37ece1c03d3e94beb30d73","name":"r\u00e9daction","image":{"@type":"ImageObject","inLanguage":"fr-FR","@id":"https:\/\/secure.gravatar.com\/avatar\/37d968a2e67a6fd04c169c4bdef102d0bc5d31b2546345219e348575eb80e9a0?s=96&d=mm&r=g","url":"https:\/\/secure.gravatar.com\/avatar\/37d968a2e67a6fd04c169c4bdef102d0bc5d31b2546345219e348575eb80e9a0?s=96&d=mm&r=g","contentUrl":"https:\/\/secure.gravatar.com\/avatar\/37d968a2e67a6fd04c169c4bdef102d0bc5d31b2546345219e348575eb80e9a0?s=96&d=mm&r=g","caption":"redazione"},"sameAs":["http:\/\/www.bellunopress.it","https:\/\/x.com\/bellunopress"],"url":"https:\/\/www.bellunopress.it\/fr\/author\/redazione\/"}]}},"_links":{"self":[{"href":"https:\/\/www.bellunopress.it\/fr\/wp-json\/wp\/v2\/posts\/168072","targetHints":{"allow":["GET"]}}],"collection":[{"href":"https:\/\/www.bellunopress.it\/fr\/wp-json\/wp\/v2\/posts"}],"about":[{"href":"https:\/\/www.bellunopress.it\/fr\/wp-json\/wp\/v2\/types\/post"}],"author":[{"embeddable":true,"href":"https:\/\/www.bellunopress.it\/fr\/wp-json\/wp\/v2\/users\/2"}],"replies":[{"embeddable":true,"href":"https:\/\/www.bellunopress.it\/fr\/wp-json\/wp\/v2\/comments?post=168072"}],"version-history":[{"count":1,"href":"https:\/\/www.bellunopress.it\/fr\/wp-json\/wp\/v2\/posts\/168072\/revisions"}],"predecessor-version":[{"id":168073,"href":"https:\/\/www.bellunopress.it\/fr\/wp-json\/wp\/v2\/posts\/168072\/revisions\/168073"}],"wp:featuredmedia":[{"embeddable":true,"href":"https:\/\/www.bellunopress.it\/fr\/wp-json\/wp\/v2\/media\/138698"}],"wp:attachment":[{"href":"https:\/\/www.bellunopress.it\/fr\/wp-json\/wp\/v2\/media?parent=168072"}],"wp:term":[{"taxonomy":"category","embeddable":true,"href":"https:\/\/www.bellunopress.it\/fr\/wp-json\/wp\/v2\/categories?post=168072"},{"taxonomy":"post_tag","embeddable":true,"href":"https:\/\/www.bellunopress.it\/fr\/wp-json\/wp\/v2\/tags?post=168072"}],"curies":[{"name":"wp","href":"https:\/\/api.w.org\/{rel}","templated":true}]}}