{"id":168065,"date":"2026-03-11T12:49:53","date_gmt":"2026-03-11T11:49:53","guid":{"rendered":"https:\/\/www.bellunopress.it\/?p=168065"},"modified":"2026-03-11T12:49:53","modified_gmt":"2026-03-11T11:49:53","slug":"confartigianato-recupero-degli-edifici-storici-occasione-per-il-territorio-e-per-le-imprese","status":"publish","type":"post","link":"https:\/\/www.bellunopress.it\/fr\/2026\/03\/11\/confartigianato-recupero-degli-edifici-storici-occasione-per-il-territorio-e-per-le-imprese\/","title":{"rendered":"Confartigianato. Recupero degli edifici storici: occasione per il territorio e per le imprese"},"content":{"rendered":"<p>&#8220;Un valore territoriale e paesaggistico e un valore economico: questo rappresenta il grande patrimonio residenziale (ma anche industriale) storico della nostra provincia. Metterci mano significa offrire grandi opportunit\u00e0 alle nostre imprese dell&#8217;edilizia e del restauro, ed al contempo aumentare l&#8217;attrattivit\u00e0 del nostro territorio per i turisti e per possibili nuovi residenti. E i numeri dicono che c&#8217;\u00e8 molto da lavorare&#8221;.<\/p>\n<p>Claudia Scarzanella, presidente di Confartigianato Imprese Belluno, commenta cos\u00ec i dati che emergono dalla ricerca &#8220;Il mercato del restauro. Potenzialit\u00e0 di intervento nel patrimonio edilizio storico non sottoposto a vincolo&#8221;, realizzata da Federico Della Puppa e Smart Land per Confartigianato Imprese Veneto. Lo studio ha analizzato per la prima volta in modo sistematico il patrimonio storico residenziale e manifatturiero costruito prima del 1945 e non sottoposto a vincolo diretto del Ministero della Cultura, con l&#8217;obiettivo di quantificare le opportunit\u00e0 di intervento per le imprese artigiane edili e del restauro.<\/p>\n<p>&#8220;Questa ricerca nasce da una scelta precisa \u2013 continua Scarzanella -: valorizzare il ruolo della realt\u00e0 artigiana, autentico presidio tecnico di questo patrimonio &#8211; nella manutenzione e nel recupero del patrimonio storico diffuso, cogliendo anche le opportunit\u00e0 offerte dalle agevolazioni fiscali sulle ristrutturazioni, confermate anche per questo 2026&#8221;.<\/p>\n<p>&nbsp;<\/p>\n<p><strong>I dati della ricerca<\/strong><\/p>\n<p>Il patrimonio residenziale storico (ossia costruito prima del 1945) in provincia di Belluno ammonta a 29.114 edifici (pi\u00f9 di 18.000 sono stati costruiti prima della Prima Guerra mondiale, gli altri 10.000 tra Prima e Seconda), che rappresentano il 39,5% del patrimonio residenziale. In pratica, nel bellunese due edifici su cinque sono storici: nessuno cos\u00ec tra le altre provincie venete, e la seconda \u00e8 Verona con solo il 22,4%. Di questi edifici, 8.004 (pari al 27,5%) versano peraltro in stato manutentivo mediocre o pessimo.<\/p>\n<p>Tra gli edifici storici, una parte sono vincolati per interesse culturale: in provincia di Belluno sono 3.844. Tra questi, 727 sono di interesse culturale dichiarato, 7 sono in corso di verifica e 3110 di interesse culturale non verificato. Tra quelli di interesse dichiarato, quasi met\u00e0 (49,5%) sono residenziali; tra quelli non verificati, addirittura il 66%: in pratica 2.423 edifici residenziali bellunesi sono vincolati (circa l&#8217;8% del totale dei beni residenziali storici).<\/p>\n<p>Allo stesso tempo, quasi 25.000 edifici residenziali storici non sono vincolati, e una certa parte (in Veneto il 19%) rilevano anche caratteri di pregio (alcuni anche peculiari delle abitazioni montane): di questi circa un terzo necessita di interventi per una valorizzazione.<\/p>\n<p>L&#8217;indagine analizza anche il comparto manifatturiero: il censimento Istat degli opifici presenti nel 1911 ne indica 51 in provincia di Belluno; quella al 1951, 165 edifici. Di questi solo una minima parte \u00e8 vincolata.<\/p>\n<p>&nbsp;<\/p>\n<p><strong>I commenti<\/strong><\/p>\n<figure id=\"attachment_168066\" aria-describedby=\"caption-attachment-168066\" style=\"width: 500px\" class=\"wp-caption aligncenter\"><img loading=\"lazy\" decoding=\"async\" class=\"size-full wp-image-168066\" src=\"https:\/\/www.bellunopress.it\/wp-content\/uploads\/2026\/03\/ZATTA-Fabio-Confartigianato.jpg\" alt=\"\" width=\"500\" height=\"375\" srcset=\"https:\/\/www.bellunopress.it\/wp-content\/uploads\/2026\/03\/ZATTA-Fabio-Confartigianato.jpg 500w, https:\/\/www.bellunopress.it\/wp-content\/uploads\/2026\/03\/ZATTA-Fabio-Confartigianato-80x60.jpg 80w, https:\/\/www.bellunopress.it\/wp-content\/uploads\/2026\/03\/ZATTA-Fabio-Confartigianato-150x113.jpg 150w, https:\/\/www.bellunopress.it\/wp-content\/uploads\/2026\/03\/ZATTA-Fabio-Confartigianato-300x225.jpg 300w\" sizes=\"auto, (max-width: 500px) 100vw, 500px\" \/><figcaption id=\"caption-attachment-168066\" class=\"wp-caption-text\">Fabio Zatta, presidente della Federazione edilizia Confartigianato<\/figcaption><\/figure>\n<figure id=\"attachment_168067\" aria-describedby=\"caption-attachment-168067\" style=\"width: 500px\" class=\"wp-caption aligncenter\"><img loading=\"lazy\" decoding=\"async\" class=\"size-full wp-image-168067\" src=\"https:\/\/www.bellunopress.it\/wp-content\/uploads\/2026\/03\/RIVA-Massimo-Confartigianato.jpg\" alt=\"\" width=\"500\" height=\"375\" srcset=\"https:\/\/www.bellunopress.it\/wp-content\/uploads\/2026\/03\/RIVA-Massimo-Confartigianato.jpg 500w, https:\/\/www.bellunopress.it\/wp-content\/uploads\/2026\/03\/RIVA-Massimo-Confartigianato-80x60.jpg 80w, https:\/\/www.bellunopress.it\/wp-content\/uploads\/2026\/03\/RIVA-Massimo-Confartigianato-150x113.jpg 150w, https:\/\/www.bellunopress.it\/wp-content\/uploads\/2026\/03\/RIVA-Massimo-Confartigianato-300x225.jpg 300w\" sizes=\"auto, (max-width: 500px) 100vw, 500px\" \/><figcaption id=\"caption-attachment-168067\" class=\"wp-caption-text\">Massimo Riva, presidente dei Restauratori di Confartigianato<\/figcaption><\/figure>\n<p>&#8220;La ricerca \u2013 commentano Fabio Zatta, presidente della federazione edilizia, e Massimo Riva, presidente dei restauratori di Confartigianato Imprese Belluno &#8211; evidenzia che al patrimonio storico appartengono anche moltissimi edifici non vincolati, e sono quindi pronti per interventi immediati e per i prossimi anni. Gli edifici non vincolati permettono interventi pi\u00f9 rapidi e meno burocraticamente complessi, ma richiedono comunque competenze specialistiche: servono artigiani edili con competenze settoriali, capaci di intervenire su materiali storici, su tecniche costruttive tradizionali, su edifici che hanno un&#8217;identit\u00e0 precisa. Il patrimonio storico edilizio non vincolato \u00e8 sicuramente pi\u00f9 fragile, perch\u00e9 non tutelato ma non per questo \u00e8 meno pregiato, anche perch\u00e9 racconta la storia del nostro territorio. Il cosiddetto restauro diffuso necessita di particolari competenze, ma ci consentir\u00e0 di salvare edifici storici, di evitare il degrado del territorio e lo spreco di territorio&#8221;.<\/p>\n<p>&nbsp;<\/p>\n<p>&nbsp;<\/p>","protected":false},"excerpt":{"rendered":"<p>&#8220;Un valore territoriale e paesaggistico e un valore economico: questo rappresenta il grande patrimonio residenziale (ma anche industriale) storico della nostra provincia. Metterci mano significa offrire grandi opportunit\u00e0 alle nostre imprese dell&#8217;edilizia e del restauro, ed al contempo aumentare l&#8217;attrattivit\u00e0 del nostro territorio per i turisti e per possibili nuovi residenti. E i numeri dicono [&hellip;]<\/p>\n","protected":false},"author":2,"featured_media":98625,"comment_status":"closed","ping_status":"open","sticky":false,"template":"","format":"standard","meta":{"footnotes":""},"categories":[36,26],"tags":[],"class_list":["post-168065","post","type-post","status-publish","format-standard","has-post-thumbnail","category-lavoro-economia","category-prima-pagina"],"yoast_head":"<!-- This site is optimized with the Yoast SEO plugin v28.4 - https:\/\/yoast.com\/product\/yoast-seo-wordpress\/ -->\n<title>Confartigianato. Recupero degli edifici storici: occasione per il territorio e per le imprese - Bellunopress - Dolomiti<\/title>\n<meta name=\"robots\" content=\"index, follow, max-snippet:-1, max-image-preview:large, max-video-preview:-1\" \/>\n<link rel=\"canonical\" href=\"https:\/\/www.bellunopress.it\/fr\/2026\/03\/11\/confartigianato-recupero-degli-edifici-storici-occasione-per-il-territorio-e-per-le-imprese\/\" \/>\n<meta property=\"og:locale\" content=\"fr_FR\" \/>\n<meta property=\"og:type\" content=\"article\" \/>\n<meta property=\"og:title\" content=\"Confartigianato. Recupero degli edifici storici: occasione per il territorio e per le imprese - Bellunopress - Dolomiti\" \/>\n<meta property=\"og:description\" content=\"&#8220;Un valore territoriale e paesaggistico e un valore economico: questo rappresenta il grande patrimonio residenziale (ma anche industriale) storico della nostra provincia. Metterci mano significa offrire grandi opportunit\u00e0 alle nostre imprese dell&#8217;edilizia e del restauro, ed al contempo aumentare l&#8217;attrattivit\u00e0 del nostro territorio per i turisti e per possibili nuovi residenti. E i numeri dicono [&hellip;]\" \/>\n<meta property=\"og:url\" content=\"https:\/\/www.bellunopress.it\/fr\/2026\/03\/11\/confartigianato-recupero-degli-edifici-storici-occasione-per-il-territorio-e-per-le-imprese\/\" \/>\n<meta property=\"og:site_name\" content=\"Bellunopress - Dolomiti\" \/>\n<meta property=\"article:publisher\" content=\"https:\/\/www.facebook.com\/profile.php?id=100008943462799\" \/>\n<meta property=\"article:published_time\" content=\"2026-03-11T11:49:53+00:00\" \/>\n<meta property=\"og:image\" content=\"https:\/\/www.bellunopress.it\/wp-content\/uploads\/2018\/10\/Claudia-Scarzanella_Confartigianato.jpg\" \/>\n\t<meta property=\"og:image:width\" content=\"283\" \/>\n\t<meta property=\"og:image:height\" content=\"300\" \/>\n\t<meta property=\"og:image:type\" content=\"image\/jpeg\" \/>\n<meta name=\"author\" content=\"redazione\" \/>\n<meta name=\"twitter:card\" content=\"summary_large_image\" \/>\n<meta name=\"twitter:creator\" content=\"@bellunopress\" \/>\n<meta name=\"twitter:site\" content=\"@bellunopress\" \/>\n<meta name=\"twitter:label1\" content=\"\u00c9crit par\" \/>\n\t<meta name=\"twitter:data1\" content=\"redazione\" \/>\n\t<meta name=\"twitter:label2\" content=\"Dur\u00e9e de lecture estim\u00e9e\" \/>\n\t<meta name=\"twitter:data2\" content=\"3 minutes\" \/>\n<script type=\"application\/ld+json\" class=\"yoast-schema-graph\">{\"@context\":\"https:\\\/\\\/schema.org\",\"@graph\":[{\"@type\":\"Article\",\"@id\":\"https:\\\/\\\/www.bellunopress.it\\\/2026\\\/03\\\/11\\\/confartigianato-recupero-degli-edifici-storici-occasione-per-il-territorio-e-per-le-imprese\\\/#article\",\"isPartOf\":{\"@id\":\"https:\\\/\\\/www.bellunopress.it\\\/2026\\\/03\\\/11\\\/confartigianato-recupero-degli-edifici-storici-occasione-per-il-territorio-e-per-le-imprese\\\/\"},\"author\":{\"name\":\"redazione\",\"@id\":\"https:\\\/\\\/www.bellunopress.it\\\/#\\\/schema\\\/person\\\/79bb06722b37ece1c03d3e94beb30d73\"},\"headline\":\"Confartigianato. Recupero degli edifici storici: occasione per il territorio e per le imprese\",\"datePublished\":\"2026-03-11T11:49:53+00:00\",\"mainEntityOfPage\":{\"@id\":\"https:\\\/\\\/www.bellunopress.it\\\/2026\\\/03\\\/11\\\/confartigianato-recupero-degli-edifici-storici-occasione-per-il-territorio-e-per-le-imprese\\\/\"},\"wordCount\":590,\"publisher\":{\"@id\":\"https:\\\/\\\/www.bellunopress.it\\\/#organization\"},\"image\":{\"@id\":\"https:\\\/\\\/www.bellunopress.it\\\/2026\\\/03\\\/11\\\/confartigianato-recupero-degli-edifici-storici-occasione-per-il-territorio-e-per-le-imprese\\\/#primaryimage\"},\"thumbnailUrl\":\"https:\\\/\\\/www.bellunopress.it\\\/wp-content\\\/uploads\\\/2018\\\/10\\\/Claudia-Scarzanella_Confartigianato.jpg\",\"articleSection\":[\"Lavoro, Economia, Turismo\",\"Prima Pagina\"],\"inLanguage\":\"fr-FR\"},{\"@type\":\"WebPage\",\"@id\":\"https:\\\/\\\/www.bellunopress.it\\\/2026\\\/03\\\/11\\\/confartigianato-recupero-degli-edifici-storici-occasione-per-il-territorio-e-per-le-imprese\\\/\",\"url\":\"https:\\\/\\\/www.bellunopress.it\\\/2026\\\/03\\\/11\\\/confartigianato-recupero-degli-edifici-storici-occasione-per-il-territorio-e-per-le-imprese\\\/\",\"name\":\"Confartigianato. Recupero degli edifici storici: occasione per il territorio e per le imprese - Bellunopress - Dolomiti\",\"isPartOf\":{\"@id\":\"https:\\\/\\\/www.bellunopress.it\\\/#website\"},\"primaryImageOfPage\":{\"@id\":\"https:\\\/\\\/www.bellunopress.it\\\/2026\\\/03\\\/11\\\/confartigianato-recupero-degli-edifici-storici-occasione-per-il-territorio-e-per-le-imprese\\\/#primaryimage\"},\"image\":{\"@id\":\"https:\\\/\\\/www.bellunopress.it\\\/2026\\\/03\\\/11\\\/confartigianato-recupero-degli-edifici-storici-occasione-per-il-territorio-e-per-le-imprese\\\/#primaryimage\"},\"thumbnailUrl\":\"https:\\\/\\\/www.bellunopress.it\\\/wp-content\\\/uploads\\\/2018\\\/10\\\/Claudia-Scarzanella_Confartigianato.jpg\",\"datePublished\":\"2026-03-11T11:49:53+00:00\",\"breadcrumb\":{\"@id\":\"https:\\\/\\\/www.bellunopress.it\\\/2026\\\/03\\\/11\\\/confartigianato-recupero-degli-edifici-storici-occasione-per-il-territorio-e-per-le-imprese\\\/#breadcrumb\"},\"inLanguage\":\"fr-FR\",\"potentialAction\":[{\"@type\":\"ReadAction\",\"target\":[\"https:\\\/\\\/www.bellunopress.it\\\/2026\\\/03\\\/11\\\/confartigianato-recupero-degli-edifici-storici-occasione-per-il-territorio-e-per-le-imprese\\\/\"]}]},{\"@type\":\"ImageObject\",\"inLanguage\":\"fr-FR\",\"@id\":\"https:\\\/\\\/www.bellunopress.it\\\/2026\\\/03\\\/11\\\/confartigianato-recupero-degli-edifici-storici-occasione-per-il-territorio-e-per-le-imprese\\\/#primaryimage\",\"url\":\"https:\\\/\\\/www.bellunopress.it\\\/wp-content\\\/uploads\\\/2018\\\/10\\\/Claudia-Scarzanella_Confartigianato.jpg\",\"contentUrl\":\"https:\\\/\\\/www.bellunopress.it\\\/wp-content\\\/uploads\\\/2018\\\/10\\\/Claudia-Scarzanella_Confartigianato.jpg\",\"width\":283,\"height\":300,\"caption\":\"Claudia Scarzanella, presidente Confartigianato Belluno\"},{\"@type\":\"BreadcrumbList\",\"@id\":\"https:\\\/\\\/www.bellunopress.it\\\/2026\\\/03\\\/11\\\/confartigianato-recupero-degli-edifici-storici-occasione-per-il-territorio-e-per-le-imprese\\\/#breadcrumb\",\"itemListElement\":[{\"@type\":\"ListItem\",\"position\":1,\"name\":\"Home\",\"item\":\"https:\\\/\\\/www.bellunopress.it\\\/\"},{\"@type\":\"ListItem\",\"position\":2,\"name\":\"Confartigianato. Recupero degli edifici storici: occasione per il territorio e per le imprese\"}]},{\"@type\":\"WebSite\",\"@id\":\"https:\\\/\\\/www.bellunopress.it\\\/#website\",\"url\":\"https:\\\/\\\/www.bellunopress.it\\\/\",\"name\":\"Bellunopress - Dolomiti\",\"description\":\"e-mail: redazione@bellunopress.it\",\"publisher\":{\"@id\":\"https:\\\/\\\/www.bellunopress.it\\\/#organization\"},\"potentialAction\":[{\"@type\":\"SearchAction\",\"target\":{\"@type\":\"EntryPoint\",\"urlTemplate\":\"https:\\\/\\\/www.bellunopress.it\\\/?s={search_term_string}\"},\"query-input\":{\"@type\":\"PropertyValueSpecification\",\"valueRequired\":true,\"valueName\":\"search_term_string\"}}],\"inLanguage\":\"fr-FR\"},{\"@type\":\"Organization\",\"@id\":\"https:\\\/\\\/www.bellunopress.it\\\/#organization\",\"name\":\"Bellunopress\",\"url\":\"https:\\\/\\\/www.bellunopress.it\\\/\",\"logo\":{\"@type\":\"ImageObject\",\"inLanguage\":\"fr-FR\",\"@id\":\"https:\\\/\\\/www.bellunopress.it\\\/#\\\/schema\\\/logo\\\/image\\\/\",\"url\":\"https:\\\/\\\/www.bellunopress.it\\\/wp-content\\\/uploads\\\/2011\\\/05\\\/cropped-logo-bellunopress-.jpg\",\"contentUrl\":\"https:\\\/\\\/www.bellunopress.it\\\/wp-content\\\/uploads\\\/2011\\\/05\\\/cropped-logo-bellunopress-.jpg\",\"width\":512,\"height\":512,\"caption\":\"Bellunopress\"},\"image\":{\"@id\":\"https:\\\/\\\/www.bellunopress.it\\\/#\\\/schema\\\/logo\\\/image\\\/\"},\"sameAs\":[\"https:\\\/\\\/www.facebook.com\\\/profile.php?id=100008943462799\",\"https:\\\/\\\/x.com\\\/bellunopress\",\"https:\\\/\\\/www.linkedin.com\\\/hp\\\/?dnr=JBzUWaJfMUw8vbXJJ2tVW5-I3jZKvC4wsoxE&amp;amp;amp;amp;amp;amp;trk=nav_responsive_tab_home\",\"https:\\\/\\\/www.youtube.com\\\/channel\\\/UCxL0wu1uN0_3_7hGG0306cw\"]},{\"@type\":\"Person\",\"@id\":\"https:\\\/\\\/www.bellunopress.it\\\/#\\\/schema\\\/person\\\/79bb06722b37ece1c03d3e94beb30d73\",\"name\":\"redazione\",\"image\":{\"@type\":\"ImageObject\",\"inLanguage\":\"fr-FR\",\"@id\":\"https:\\\/\\\/secure.gravatar.com\\\/avatar\\\/37d968a2e67a6fd04c169c4bdef102d0bc5d31b2546345219e348575eb80e9a0?s=96&d=mm&r=g\",\"url\":\"https:\\\/\\\/secure.gravatar.com\\\/avatar\\\/37d968a2e67a6fd04c169c4bdef102d0bc5d31b2546345219e348575eb80e9a0?s=96&d=mm&r=g\",\"contentUrl\":\"https:\\\/\\\/secure.gravatar.com\\\/avatar\\\/37d968a2e67a6fd04c169c4bdef102d0bc5d31b2546345219e348575eb80e9a0?s=96&d=mm&r=g\",\"caption\":\"redazione\"},\"sameAs\":[\"http:\\\/\\\/www.bellunopress.it\",\"https:\\\/\\\/x.com\\\/bellunopress\"],\"url\":\"https:\\\/\\\/www.bellunopress.it\\\/fr\\\/author\\\/redazione\\\/\"}]}<\/script>\n<!-- \/ Yoast SEO plugin. -->","yoast_head_json":{"title":"Confartigianato. Recupero degli edifici storici: occasione per il territorio e per le imprese - Bellunopress - Dolomiti","robots":{"index":"index","follow":"follow","max-snippet":"max-snippet:-1","max-image-preview":"max-image-preview:large","max-video-preview":"max-video-preview:-1"},"canonical":"https:\/\/www.bellunopress.it\/fr\/2026\/03\/11\/confartigianato-recupero-degli-edifici-storici-occasione-per-il-territorio-e-per-le-imprese\/","og_locale":"fr_FR","og_type":"article","og_title":"Confartigianato. Recupero degli edifici storici: occasione per il territorio e per le imprese - Bellunopress - Dolomiti","og_description":"&#8220;Un valore territoriale e paesaggistico e un valore economico: questo rappresenta il grande patrimonio residenziale (ma anche industriale) storico della nostra provincia. Metterci mano significa offrire grandi opportunit\u00e0 alle nostre imprese dell&#8217;edilizia e del restauro, ed al contempo aumentare l&#8217;attrattivit\u00e0 del nostro territorio per i turisti e per possibili nuovi residenti. E i numeri dicono [&hellip;]","og_url":"https:\/\/www.bellunopress.it\/fr\/2026\/03\/11\/confartigianato-recupero-degli-edifici-storici-occasione-per-il-territorio-e-per-le-imprese\/","og_site_name":"Bellunopress - Dolomiti","article_publisher":"https:\/\/www.facebook.com\/profile.php?id=100008943462799","article_published_time":"2026-03-11T11:49:53+00:00","og_image":[{"width":283,"height":300,"url":"https:\/\/www.bellunopress.it\/wp-content\/uploads\/2018\/10\/Claudia-Scarzanella_Confartigianato.jpg","type":"image\/jpeg"}],"author":"redazione","twitter_card":"summary_large_image","twitter_creator":"@bellunopress","twitter_site":"@bellunopress","twitter_misc":{"\u00c9crit par":"redazione","Dur\u00e9e de lecture estim\u00e9e":"3 minutes"},"schema":{"@context":"https:\/\/schema.org","@graph":[{"@type":"Article","@id":"https:\/\/www.bellunopress.it\/2026\/03\/11\/confartigianato-recupero-degli-edifici-storici-occasione-per-il-territorio-e-per-le-imprese\/#article","isPartOf":{"@id":"https:\/\/www.bellunopress.it\/2026\/03\/11\/confartigianato-recupero-degli-edifici-storici-occasione-per-il-territorio-e-per-le-imprese\/"},"author":{"name":"redazione","@id":"https:\/\/www.bellunopress.it\/#\/schema\/person\/79bb06722b37ece1c03d3e94beb30d73"},"headline":"Confartigianato. Recupero degli edifici storici: occasione per il territorio e per le imprese","datePublished":"2026-03-11T11:49:53+00:00","mainEntityOfPage":{"@id":"https:\/\/www.bellunopress.it\/2026\/03\/11\/confartigianato-recupero-degli-edifici-storici-occasione-per-il-territorio-e-per-le-imprese\/"},"wordCount":590,"publisher":{"@id":"https:\/\/www.bellunopress.it\/#organization"},"image":{"@id":"https:\/\/www.bellunopress.it\/2026\/03\/11\/confartigianato-recupero-degli-edifici-storici-occasione-per-il-territorio-e-per-le-imprese\/#primaryimage"},"thumbnailUrl":"https:\/\/www.bellunopress.it\/wp-content\/uploads\/2018\/10\/Claudia-Scarzanella_Confartigianato.jpg","articleSection":["Lavoro, Economia, Turismo","Prima Pagina"],"inLanguage":"fr-FR"},{"@type":"WebPage","@id":"https:\/\/www.bellunopress.it\/2026\/03\/11\/confartigianato-recupero-degli-edifici-storici-occasione-per-il-territorio-e-per-le-imprese\/","url":"https:\/\/www.bellunopress.it\/2026\/03\/11\/confartigianato-recupero-degli-edifici-storici-occasione-per-il-territorio-e-per-le-imprese\/","name":"Confartigianato. Recupero degli edifici storici: occasione per il territorio e per le imprese - Bellunopress - Dolomiti","isPartOf":{"@id":"https:\/\/www.bellunopress.it\/#website"},"primaryImageOfPage":{"@id":"https:\/\/www.bellunopress.it\/2026\/03\/11\/confartigianato-recupero-degli-edifici-storici-occasione-per-il-territorio-e-per-le-imprese\/#primaryimage"},"image":{"@id":"https:\/\/www.bellunopress.it\/2026\/03\/11\/confartigianato-recupero-degli-edifici-storici-occasione-per-il-territorio-e-per-le-imprese\/#primaryimage"},"thumbnailUrl":"https:\/\/www.bellunopress.it\/wp-content\/uploads\/2018\/10\/Claudia-Scarzanella_Confartigianato.jpg","datePublished":"2026-03-11T11:49:53+00:00","breadcrumb":{"@id":"https:\/\/www.bellunopress.it\/2026\/03\/11\/confartigianato-recupero-degli-edifici-storici-occasione-per-il-territorio-e-per-le-imprese\/#breadcrumb"},"inLanguage":"fr-FR","potentialAction":[{"@type":"ReadAction","target":["https:\/\/www.bellunopress.it\/2026\/03\/11\/confartigianato-recupero-degli-edifici-storici-occasione-per-il-territorio-e-per-le-imprese\/"]}]},{"@type":"ImageObject","inLanguage":"fr-FR","@id":"https:\/\/www.bellunopress.it\/2026\/03\/11\/confartigianato-recupero-degli-edifici-storici-occasione-per-il-territorio-e-per-le-imprese\/#primaryimage","url":"https:\/\/www.bellunopress.it\/wp-content\/uploads\/2018\/10\/Claudia-Scarzanella_Confartigianato.jpg","contentUrl":"https:\/\/www.bellunopress.it\/wp-content\/uploads\/2018\/10\/Claudia-Scarzanella_Confartigianato.jpg","width":283,"height":300,"caption":"Claudia Scarzanella, presidente Confartigianato Belluno"},{"@type":"BreadcrumbList","@id":"https:\/\/www.bellunopress.it\/2026\/03\/11\/confartigianato-recupero-degli-edifici-storici-occasione-per-il-territorio-e-per-le-imprese\/#breadcrumb","itemListElement":[{"@type":"ListItem","position":1,"name":"Home","item":"https:\/\/www.bellunopress.it\/"},{"@type":"ListItem","position":2,"name":"Confartigianato. Recupero degli edifici storici: occasione per il territorio e per le imprese"}]},{"@type":"WebSite","@id":"https:\/\/www.bellunopress.it\/#website","url":"https:\/\/www.bellunopress.it\/","name":"Bellunopress - Dolomiti","description":"e-mail: redazione@bellunopress.it","publisher":{"@id":"https:\/\/www.bellunopress.it\/#organization"},"potentialAction":[{"@type":"SearchAction","target":{"@type":"EntryPoint","urlTemplate":"https:\/\/www.bellunopress.it\/?s={search_term_string}"},"query-input":{"@type":"PropertyValueSpecification","valueRequired":true,"valueName":"search_term_string"}}],"inLanguage":"fr-FR"},{"@type":"Organization","@id":"https:\/\/www.bellunopress.it\/#organization","name":"Bellunopress","url":"https:\/\/www.bellunopress.it\/","logo":{"@type":"ImageObject","inLanguage":"fr-FR","@id":"https:\/\/www.bellunopress.it\/#\/schema\/logo\/image\/","url":"https:\/\/www.bellunopress.it\/wp-content\/uploads\/2011\/05\/cropped-logo-bellunopress-.jpg","contentUrl":"https:\/\/www.bellunopress.it\/wp-content\/uploads\/2011\/05\/cropped-logo-bellunopress-.jpg","width":512,"height":512,"caption":"Bellunopress"},"image":{"@id":"https:\/\/www.bellunopress.it\/#\/schema\/logo\/image\/"},"sameAs":["https:\/\/www.facebook.com\/profile.php?id=100008943462799","https:\/\/x.com\/bellunopress","https:\/\/www.linkedin.com\/hp\/?dnr=JBzUWaJfMUw8vbXJJ2tVW5-I3jZKvC4wsoxE&amp;amp;amp;amp;amp;amp;trk=nav_responsive_tab_home","https:\/\/www.youtube.com\/channel\/UCxL0wu1uN0_3_7hGG0306cw"]},{"@type":"Person","@id":"https:\/\/www.bellunopress.it\/#\/schema\/person\/79bb06722b37ece1c03d3e94beb30d73","name":"r\u00e9daction","image":{"@type":"ImageObject","inLanguage":"fr-FR","@id":"https:\/\/secure.gravatar.com\/avatar\/37d968a2e67a6fd04c169c4bdef102d0bc5d31b2546345219e348575eb80e9a0?s=96&d=mm&r=g","url":"https:\/\/secure.gravatar.com\/avatar\/37d968a2e67a6fd04c169c4bdef102d0bc5d31b2546345219e348575eb80e9a0?s=96&d=mm&r=g","contentUrl":"https:\/\/secure.gravatar.com\/avatar\/37d968a2e67a6fd04c169c4bdef102d0bc5d31b2546345219e348575eb80e9a0?s=96&d=mm&r=g","caption":"redazione"},"sameAs":["http:\/\/www.bellunopress.it","https:\/\/x.com\/bellunopress"],"url":"https:\/\/www.bellunopress.it\/fr\/author\/redazione\/"}]}},"_links":{"self":[{"href":"https:\/\/www.bellunopress.it\/fr\/wp-json\/wp\/v2\/posts\/168065","targetHints":{"allow":["GET"]}}],"collection":[{"href":"https:\/\/www.bellunopress.it\/fr\/wp-json\/wp\/v2\/posts"}],"about":[{"href":"https:\/\/www.bellunopress.it\/fr\/wp-json\/wp\/v2\/types\/post"}],"author":[{"embeddable":true,"href":"https:\/\/www.bellunopress.it\/fr\/wp-json\/wp\/v2\/users\/2"}],"replies":[{"embeddable":true,"href":"https:\/\/www.bellunopress.it\/fr\/wp-json\/wp\/v2\/comments?post=168065"}],"version-history":[{"count":1,"href":"https:\/\/www.bellunopress.it\/fr\/wp-json\/wp\/v2\/posts\/168065\/revisions"}],"predecessor-version":[{"id":168068,"href":"https:\/\/www.bellunopress.it\/fr\/wp-json\/wp\/v2\/posts\/168065\/revisions\/168068"}],"wp:featuredmedia":[{"embeddable":true,"href":"https:\/\/www.bellunopress.it\/fr\/wp-json\/wp\/v2\/media\/98625"}],"wp:attachment":[{"href":"https:\/\/www.bellunopress.it\/fr\/wp-json\/wp\/v2\/media?parent=168065"}],"wp:term":[{"taxonomy":"category","embeddable":true,"href":"https:\/\/www.bellunopress.it\/fr\/wp-json\/wp\/v2\/categories?post=168065"},{"taxonomy":"post_tag","embeddable":true,"href":"https:\/\/www.bellunopress.it\/fr\/wp-json\/wp\/v2\/tags?post=168065"}],"curies":[{"name":"wp","href":"https:\/\/api.w.org\/{rel}","templated":true}]}}