{"id":168062,"date":"2026-03-11T11:14:37","date_gmt":"2026-03-11T10:14:37","guid":{"rendered":"https:\/\/www.bellunopress.it\/?p=168062"},"modified":"2026-03-11T11:14:37","modified_gmt":"2026-03-11T10:14:37","slug":"buzzati-il-gusto-del-miracolo-sabato-a-treviso-un-viaggio-tra-letteratura-ed-enogastronomia","status":"publish","type":"post","link":"https:\/\/www.bellunopress.it\/fr\/2026\/03\/11\/buzzati-il-gusto-del-miracolo-sabato-a-treviso-un-viaggio-tra-letteratura-ed-enogastronomia\/","title":{"rendered":"Buzzati, il gusto del &#8220;Miracolo&#8221;: sabato a Treviso un viaggio tra letteratura ed enogastronomia"},"content":{"rendered":"<h3 data-path-to-node=\"3\">Nel 120\u00b0 anniversario della nascita dello scrittore bellunese, un convegno a Casa Robegan esplora il legame tra il &#8220;Boom economico&#8221;, la cucina identitaria e il paesaggio veneto.<\/h3>\n<p data-path-to-node=\"4\">Treviso, 11\/03\/2026\u00a0\u2013 Non solo vette innevate e atmosfere metafisiche. Dino Buzzati, il cronista del destino e del mistero, fu anche un raffinato &#8220;visionario&#8221; della tavola. Nel 1953, insieme al suo caporedattore Orio Vergani, fu infatti tra i 19 fondatori dell\u2019Accademia Italiana della Cucina. Oggi, nell\u2019anno che celebra i 120 anni dalla sua nascita e i 60 anni dalla nascita della &#8220;Strada del vino bianco&#8221; (la prima in Italia), il Veneto rende omaggio a questa sfaccettatura inedita del grande autore bellunese.<\/p>\n<p data-path-to-node=\"5\"><strong>L&#8217;appuntamento a Casa Robegan Sabato 14 marzo, a partire dalle ore 9:30, la prestigiosa cornice di Casa Robegan a Treviso ospiter\u00e0 il seminario &#8220;Buzzati e il cibo&#8221;<\/strong>. L&#8217;evento, culmine di un ciclo che ha gi\u00e0 toccato i temi della neve e delle Olimpiadi, \u00e8 organizzato dall\u2019Associazione Internazionale Dino Buzzati e dalla Fondazione Giuseppe Mazzotti, con il sostegno della Camera di Commercio di Treviso \u2013 Belluno e la collaborazione del Comune di Limana.<\/p>\n<p data-path-to-node=\"6\">La Rete dei Miracoli Al centro della giornata non c\u2019\u00e8 solo la celebrazione accademica, ma un ambizioso progetto di promozione territoriale denominato &#8220;La rete dei Miracoli&#8221;. L&#8217;obiettivo \u00e8 creare un itinerario di turismo &#8220;slow&#8221; e culturale che colleghi le province di Treviso e Belluno, seguendo le tracce dell\u2019ultimo capolavoro dello scrittore, <i data-path-to-node=\"6\" data-index-in-node=\"345\">&#8220;I miracoli di Val Morel&#8221;<\/i>, pubblicato nel 1971. Un ponte ideale tra la pianura del Prosecco e le valli bellunesi, unite dalla riscoperta delle tradizioni enogastronomiche intese come elemento identitario prima ancora che turistico.<\/p>\n<p data-path-to-node=\"7\">Il programma scientifico Il convegno vedr\u00e0 l\u2019avvicendarsi di studiosi di chiara fama. Dopo i saluti istituzionali, il professor Danilo Gasparini (Universit\u00e0 di Padova) aprir\u00e0 i lavori analizzando la costruzione dell&#8217;identit\u00e0 gastronomica veneta attraverso figure come Mazzotti e Maffioli. A seguire, Enrico Zucchi (Universit\u00e0 di Padova) esplorer\u00e0 il legame tra vino e letteratura nella narrazione del Prosecco, mentre Marco Perale (Presidente dell\u2019Associazione Buzzati) approfondir\u00e0 il rapporto tra cibo e corpo nell&#8217;opera buzzatiana, tra eros e morte. Infine, Emanuele Zoppellari (Universit\u00e0 di Torino) proporr\u00e0 un confronto tra Buzzati ed Ernst J\u00fcnger sul tema della caccia.<\/p>\n<p data-path-to-node=\"8\">Dalla teoria al piatto Come ogni riflessione sulla cucina che si rispetti, la mattinata si concluder\u00e0 con un\u2019esperienza sensoriale. \u00c8 prevista infatti una presentazione con degustazioni guidate dei prodotti d\u2019eccellenza dei due territori: dai formaggi della Latteria di Frontin e della Latteria Turnaria di Valmorel (luogo dell&#8217;anima di Buzzati), ai sapori di ApiDolomiti e della Bottega di Combai, fino ai vini della Cantina dea Rivalta, con il supporto degli esperti dell\u2019Onaf di Belluno.<\/p>\n<p data-path-to-node=\"9\">In un&#8217;epoca di consumo rapido, l&#8217;iniziativa invita a riscoprire il Veneto con gli occhi di Buzzati: un territorio dove ogni sapore racconta una storia e ogni paesaggio nasconde, ancora, un piccolo miracolo.<\/p>","protected":false},"excerpt":{"rendered":"<p>Nel 120\u00b0 anniversario della nascita dello scrittore bellunese, un convegno a Casa Robegan esplora il legame tra il &#8220;Boom economico&#8221;, la cucina identitaria e il paesaggio veneto. Treviso, 11\/03\/2026\u00a0\u2013 Non solo vette innevate e atmosfere metafisiche. Dino Buzzati, il cronista del destino e del mistero, fu anche un raffinato &#8220;visionario&#8221; della tavola. Nel 1953, insieme [&hellip;]<\/p>\n","protected":false},"author":2,"featured_media":168063,"comment_status":"closed","ping_status":"open","sticky":false,"template":"","format":"standard","meta":{"footnotes":""},"categories":[27,3393,25],"tags":[],"class_list":["post-168062","post","type-post","status-publish","format-standard","has-post-thumbnail","category-appuntamenti","category-eventi-enogastronomici","category-pausa-caffe"],"yoast_head":"<!-- This site is optimized with the Yoast SEO plugin v28.4 - https:\/\/yoast.com\/product\/yoast-seo-wordpress\/ -->\n<title>Buzzati, il gusto del &quot;Miracolo&quot;: sabato a Treviso un viaggio tra letteratura ed enogastronomia - Bellunopress - Dolomiti<\/title>\n<meta name=\"robots\" content=\"index, follow, max-snippet:-1, max-image-preview:large, max-video-preview:-1\" \/>\n<link rel=\"canonical\" href=\"https:\/\/www.bellunopress.it\/fr\/2026\/03\/11\/buzzati-il-gusto-del-miracolo-sabato-a-treviso-un-viaggio-tra-letteratura-ed-enogastronomia\/\" \/>\n<meta property=\"og:locale\" content=\"fr_FR\" \/>\n<meta property=\"og:type\" content=\"article\" \/>\n<meta property=\"og:title\" content=\"Buzzati, il gusto del &quot;Miracolo&quot;: sabato a Treviso un viaggio tra letteratura ed enogastronomia - Bellunopress - Dolomiti\" \/>\n<meta property=\"og:description\" content=\"Nel 120\u00b0 anniversario della nascita dello scrittore bellunese, un convegno a Casa Robegan esplora il legame tra il &#8220;Boom economico&#8221;, la cucina identitaria e il paesaggio veneto. Treviso, 11\/03\/2026\u00a0\u2013 Non solo vette innevate e atmosfere metafisiche. Dino Buzzati, il cronista del destino e del mistero, fu anche un raffinato &#8220;visionario&#8221; della tavola. Nel 1953, insieme [&hellip;]\" \/>\n<meta property=\"og:url\" content=\"https:\/\/www.bellunopress.it\/fr\/2026\/03\/11\/buzzati-il-gusto-del-miracolo-sabato-a-treviso-un-viaggio-tra-letteratura-ed-enogastronomia\/\" \/>\n<meta property=\"og:site_name\" content=\"Bellunopress - Dolomiti\" \/>\n<meta property=\"article:publisher\" content=\"https:\/\/www.facebook.com\/profile.php?id=100008943462799\" \/>\n<meta property=\"article:published_time\" content=\"2026-03-11T10:14:37+00:00\" \/>\n<meta property=\"og:image\" content=\"https:\/\/www.bellunopress.it\/wp-content\/uploads\/2026\/03\/Buzzati-e-il-cibo.jpg\" \/>\n\t<meta property=\"og:image:width\" content=\"600\" \/>\n\t<meta property=\"og:image:height\" content=\"426\" \/>\n\t<meta property=\"og:image:type\" content=\"image\/jpeg\" \/>\n<meta name=\"author\" content=\"redazione\" \/>\n<meta name=\"twitter:card\" content=\"summary_large_image\" \/>\n<meta name=\"twitter:creator\" content=\"@bellunopress\" \/>\n<meta name=\"twitter:site\" content=\"@bellunopress\" \/>\n<meta name=\"twitter:label1\" content=\"Written by\" \/>\n\t<meta name=\"twitter:data1\" content=\"redazione\" \/>\n\t<meta name=\"twitter:label2\" content=\"Est. reading time\" \/>\n\t<meta name=\"twitter:data2\" content=\"2 minutes\" \/>\n<script type=\"application\/ld+json\" class=\"yoast-schema-graph\">{\"@context\":\"https:\\\/\\\/schema.org\",\"@graph\":[{\"@type\":\"Article\",\"@id\":\"https:\\\/\\\/www.bellunopress.it\\\/2026\\\/03\\\/11\\\/buzzati-il-gusto-del-miracolo-sabato-a-treviso-un-viaggio-tra-letteratura-ed-enogastronomia\\\/#article\",\"isPartOf\":{\"@id\":\"https:\\\/\\\/www.bellunopress.it\\\/2026\\\/03\\\/11\\\/buzzati-il-gusto-del-miracolo-sabato-a-treviso-un-viaggio-tra-letteratura-ed-enogastronomia\\\/\"},\"author\":{\"name\":\"redazione\",\"@id\":\"https:\\\/\\\/www.bellunopress.it\\\/#\\\/schema\\\/person\\\/79bb06722b37ece1c03d3e94beb30d73\"},\"headline\":\"Buzzati, il gusto del &#8220;Miracolo&#8221;: sabato a Treviso un viaggio tra letteratura ed enogastronomia\",\"datePublished\":\"2026-03-11T10:14:37+00:00\",\"mainEntityOfPage\":{\"@id\":\"https:\\\/\\\/www.bellunopress.it\\\/2026\\\/03\\\/11\\\/buzzati-il-gusto-del-miracolo-sabato-a-treviso-un-viaggio-tra-letteratura-ed-enogastronomia\\\/\"},\"wordCount\":481,\"publisher\":{\"@id\":\"https:\\\/\\\/www.bellunopress.it\\\/#organization\"},\"image\":{\"@id\":\"https:\\\/\\\/www.bellunopress.it\\\/2026\\\/03\\\/11\\\/buzzati-il-gusto-del-miracolo-sabato-a-treviso-un-viaggio-tra-letteratura-ed-enogastronomia\\\/#primaryimage\"},\"thumbnailUrl\":\"https:\\\/\\\/www.bellunopress.it\\\/wp-content\\\/uploads\\\/2026\\\/03\\\/Buzzati-e-il-cibo.jpg\",\"articleSection\":[\"Appuntamenti, Eventi\",\"Eventi enogastronomici\",\"Pausa Caff\u00e8\"],\"inLanguage\":\"fr-FR\"},{\"@type\":\"WebPage\",\"@id\":\"https:\\\/\\\/www.bellunopress.it\\\/2026\\\/03\\\/11\\\/buzzati-il-gusto-del-miracolo-sabato-a-treviso-un-viaggio-tra-letteratura-ed-enogastronomia\\\/\",\"url\":\"https:\\\/\\\/www.bellunopress.it\\\/2026\\\/03\\\/11\\\/buzzati-il-gusto-del-miracolo-sabato-a-treviso-un-viaggio-tra-letteratura-ed-enogastronomia\\\/\",\"name\":\"Buzzati, il gusto del \\\"Miracolo\\\": sabato a Treviso un viaggio tra letteratura ed enogastronomia - Bellunopress - Dolomiti\",\"isPartOf\":{\"@id\":\"https:\\\/\\\/www.bellunopress.it\\\/#website\"},\"primaryImageOfPage\":{\"@id\":\"https:\\\/\\\/www.bellunopress.it\\\/2026\\\/03\\\/11\\\/buzzati-il-gusto-del-miracolo-sabato-a-treviso-un-viaggio-tra-letteratura-ed-enogastronomia\\\/#primaryimage\"},\"image\":{\"@id\":\"https:\\\/\\\/www.bellunopress.it\\\/2026\\\/03\\\/11\\\/buzzati-il-gusto-del-miracolo-sabato-a-treviso-un-viaggio-tra-letteratura-ed-enogastronomia\\\/#primaryimage\"},\"thumbnailUrl\":\"https:\\\/\\\/www.bellunopress.it\\\/wp-content\\\/uploads\\\/2026\\\/03\\\/Buzzati-e-il-cibo.jpg\",\"datePublished\":\"2026-03-11T10:14:37+00:00\",\"breadcrumb\":{\"@id\":\"https:\\\/\\\/www.bellunopress.it\\\/2026\\\/03\\\/11\\\/buzzati-il-gusto-del-miracolo-sabato-a-treviso-un-viaggio-tra-letteratura-ed-enogastronomia\\\/#breadcrumb\"},\"inLanguage\":\"fr-FR\",\"potentialAction\":[{\"@type\":\"ReadAction\",\"target\":[\"https:\\\/\\\/www.bellunopress.it\\\/2026\\\/03\\\/11\\\/buzzati-il-gusto-del-miracolo-sabato-a-treviso-un-viaggio-tra-letteratura-ed-enogastronomia\\\/\"]}]},{\"@type\":\"ImageObject\",\"inLanguage\":\"fr-FR\",\"@id\":\"https:\\\/\\\/www.bellunopress.it\\\/2026\\\/03\\\/11\\\/buzzati-il-gusto-del-miracolo-sabato-a-treviso-un-viaggio-tra-letteratura-ed-enogastronomia\\\/#primaryimage\",\"url\":\"https:\\\/\\\/www.bellunopress.it\\\/wp-content\\\/uploads\\\/2026\\\/03\\\/Buzzati-e-il-cibo.jpg\",\"contentUrl\":\"https:\\\/\\\/www.bellunopress.it\\\/wp-content\\\/uploads\\\/2026\\\/03\\\/Buzzati-e-il-cibo.jpg\",\"width\":600,\"height\":426},{\"@type\":\"BreadcrumbList\",\"@id\":\"https:\\\/\\\/www.bellunopress.it\\\/2026\\\/03\\\/11\\\/buzzati-il-gusto-del-miracolo-sabato-a-treviso-un-viaggio-tra-letteratura-ed-enogastronomia\\\/#breadcrumb\",\"itemListElement\":[{\"@type\":\"ListItem\",\"position\":1,\"name\":\"Home\",\"item\":\"https:\\\/\\\/www.bellunopress.it\\\/\"},{\"@type\":\"ListItem\",\"position\":2,\"name\":\"Buzzati, il gusto del &#8220;Miracolo&#8221;: sabato a Treviso un viaggio tra letteratura ed enogastronomia\"}]},{\"@type\":\"WebSite\",\"@id\":\"https:\\\/\\\/www.bellunopress.it\\\/#website\",\"url\":\"https:\\\/\\\/www.bellunopress.it\\\/\",\"name\":\"Bellunopress - Dolomiti\",\"description\":\"e-mail: redazione@bellunopress.it\",\"publisher\":{\"@id\":\"https:\\\/\\\/www.bellunopress.it\\\/#organization\"},\"potentialAction\":[{\"@type\":\"SearchAction\",\"target\":{\"@type\":\"EntryPoint\",\"urlTemplate\":\"https:\\\/\\\/www.bellunopress.it\\\/?s={search_term_string}\"},\"query-input\":{\"@type\":\"PropertyValueSpecification\",\"valueRequired\":true,\"valueName\":\"search_term_string\"}}],\"inLanguage\":\"fr-FR\"},{\"@type\":\"Organization\",\"@id\":\"https:\\\/\\\/www.bellunopress.it\\\/#organization\",\"name\":\"Bellunopress\",\"url\":\"https:\\\/\\\/www.bellunopress.it\\\/\",\"logo\":{\"@type\":\"ImageObject\",\"inLanguage\":\"fr-FR\",\"@id\":\"https:\\\/\\\/www.bellunopress.it\\\/#\\\/schema\\\/logo\\\/image\\\/\",\"url\":\"https:\\\/\\\/www.bellunopress.it\\\/wp-content\\\/uploads\\\/2011\\\/05\\\/cropped-logo-bellunopress-.jpg\",\"contentUrl\":\"https:\\\/\\\/www.bellunopress.it\\\/wp-content\\\/uploads\\\/2011\\\/05\\\/cropped-logo-bellunopress-.jpg\",\"width\":512,\"height\":512,\"caption\":\"Bellunopress\"},\"image\":{\"@id\":\"https:\\\/\\\/www.bellunopress.it\\\/#\\\/schema\\\/logo\\\/image\\\/\"},\"sameAs\":[\"https:\\\/\\\/www.facebook.com\\\/profile.php?id=100008943462799\",\"https:\\\/\\\/x.com\\\/bellunopress\",\"https:\\\/\\\/www.linkedin.com\\\/hp\\\/?dnr=JBzUWaJfMUw8vbXJJ2tVW5-I3jZKvC4wsoxE&amp;amp;amp;amp;amp;amp;trk=nav_responsive_tab_home\",\"https:\\\/\\\/www.youtube.com\\\/channel\\\/UCxL0wu1uN0_3_7hGG0306cw\"]},{\"@type\":\"Person\",\"@id\":\"https:\\\/\\\/www.bellunopress.it\\\/#\\\/schema\\\/person\\\/79bb06722b37ece1c03d3e94beb30d73\",\"name\":\"redazione\",\"image\":{\"@type\":\"ImageObject\",\"inLanguage\":\"fr-FR\",\"@id\":\"https:\\\/\\\/secure.gravatar.com\\\/avatar\\\/37d968a2e67a6fd04c169c4bdef102d0bc5d31b2546345219e348575eb80e9a0?s=96&d=mm&r=g\",\"url\":\"https:\\\/\\\/secure.gravatar.com\\\/avatar\\\/37d968a2e67a6fd04c169c4bdef102d0bc5d31b2546345219e348575eb80e9a0?s=96&d=mm&r=g\",\"contentUrl\":\"https:\\\/\\\/secure.gravatar.com\\\/avatar\\\/37d968a2e67a6fd04c169c4bdef102d0bc5d31b2546345219e348575eb80e9a0?s=96&d=mm&r=g\",\"caption\":\"redazione\"},\"sameAs\":[\"http:\\\/\\\/www.bellunopress.it\",\"https:\\\/\\\/x.com\\\/bellunopress\"],\"url\":\"https:\\\/\\\/www.bellunopress.it\\\/fr\\\/author\\\/redazione\\\/\"}]}<\/script>\n<!-- \/ Yoast SEO plugin. -->","yoast_head_json":{"title":"Buzzati, il gusto del \"Miracolo\": sabato a Treviso un viaggio tra letteratura ed enogastronomia - Bellunopress - Dolomiti","robots":{"index":"index","follow":"follow","max-snippet":"max-snippet:-1","max-image-preview":"max-image-preview:large","max-video-preview":"max-video-preview:-1"},"canonical":"https:\/\/www.bellunopress.it\/fr\/2026\/03\/11\/buzzati-il-gusto-del-miracolo-sabato-a-treviso-un-viaggio-tra-letteratura-ed-enogastronomia\/","og_locale":"fr_FR","og_type":"article","og_title":"Buzzati, il gusto del \"Miracolo\": sabato a Treviso un viaggio tra letteratura ed enogastronomia - Bellunopress - Dolomiti","og_description":"Nel 120\u00b0 anniversario della nascita dello scrittore bellunese, un convegno a Casa Robegan esplora il legame tra il &#8220;Boom economico&#8221;, la cucina identitaria e il paesaggio veneto. Treviso, 11\/03\/2026\u00a0\u2013 Non solo vette innevate e atmosfere metafisiche. Dino Buzzati, il cronista del destino e del mistero, fu anche un raffinato &#8220;visionario&#8221; della tavola. Nel 1953, insieme [&hellip;]","og_url":"https:\/\/www.bellunopress.it\/fr\/2026\/03\/11\/buzzati-il-gusto-del-miracolo-sabato-a-treviso-un-viaggio-tra-letteratura-ed-enogastronomia\/","og_site_name":"Bellunopress - Dolomiti","article_publisher":"https:\/\/www.facebook.com\/profile.php?id=100008943462799","article_published_time":"2026-03-11T10:14:37+00:00","og_image":[{"width":600,"height":426,"url":"https:\/\/www.bellunopress.it\/wp-content\/uploads\/2026\/03\/Buzzati-e-il-cibo.jpg","type":"image\/jpeg"}],"author":"redazione","twitter_card":"summary_large_image","twitter_creator":"@bellunopress","twitter_site":"@bellunopress","twitter_misc":{"Written by":"redazione","Est. reading time":"2 minutes"},"schema":{"@context":"https:\/\/schema.org","@graph":[{"@type":"Article","@id":"https:\/\/www.bellunopress.it\/2026\/03\/11\/buzzati-il-gusto-del-miracolo-sabato-a-treviso-un-viaggio-tra-letteratura-ed-enogastronomia\/#article","isPartOf":{"@id":"https:\/\/www.bellunopress.it\/2026\/03\/11\/buzzati-il-gusto-del-miracolo-sabato-a-treviso-un-viaggio-tra-letteratura-ed-enogastronomia\/"},"author":{"name":"redazione","@id":"https:\/\/www.bellunopress.it\/#\/schema\/person\/79bb06722b37ece1c03d3e94beb30d73"},"headline":"Buzzati, il gusto del &#8220;Miracolo&#8221;: sabato a Treviso un viaggio tra letteratura ed enogastronomia","datePublished":"2026-03-11T10:14:37+00:00","mainEntityOfPage":{"@id":"https:\/\/www.bellunopress.it\/2026\/03\/11\/buzzati-il-gusto-del-miracolo-sabato-a-treviso-un-viaggio-tra-letteratura-ed-enogastronomia\/"},"wordCount":481,"publisher":{"@id":"https:\/\/www.bellunopress.it\/#organization"},"image":{"@id":"https:\/\/www.bellunopress.it\/2026\/03\/11\/buzzati-il-gusto-del-miracolo-sabato-a-treviso-un-viaggio-tra-letteratura-ed-enogastronomia\/#primaryimage"},"thumbnailUrl":"https:\/\/www.bellunopress.it\/wp-content\/uploads\/2026\/03\/Buzzati-e-il-cibo.jpg","articleSection":["Appuntamenti, Eventi","Eventi enogastronomici","Pausa Caff\u00e8"],"inLanguage":"fr-FR"},{"@type":"WebPage","@id":"https:\/\/www.bellunopress.it\/2026\/03\/11\/buzzati-il-gusto-del-miracolo-sabato-a-treviso-un-viaggio-tra-letteratura-ed-enogastronomia\/","url":"https:\/\/www.bellunopress.it\/2026\/03\/11\/buzzati-il-gusto-del-miracolo-sabato-a-treviso-un-viaggio-tra-letteratura-ed-enogastronomia\/","name":"Buzzati, il gusto del \"Miracolo\": sabato a Treviso un viaggio tra letteratura ed enogastronomia - Bellunopress - Dolomiti","isPartOf":{"@id":"https:\/\/www.bellunopress.it\/#website"},"primaryImageOfPage":{"@id":"https:\/\/www.bellunopress.it\/2026\/03\/11\/buzzati-il-gusto-del-miracolo-sabato-a-treviso-un-viaggio-tra-letteratura-ed-enogastronomia\/#primaryimage"},"image":{"@id":"https:\/\/www.bellunopress.it\/2026\/03\/11\/buzzati-il-gusto-del-miracolo-sabato-a-treviso-un-viaggio-tra-letteratura-ed-enogastronomia\/#primaryimage"},"thumbnailUrl":"https:\/\/www.bellunopress.it\/wp-content\/uploads\/2026\/03\/Buzzati-e-il-cibo.jpg","datePublished":"2026-03-11T10:14:37+00:00","breadcrumb":{"@id":"https:\/\/www.bellunopress.it\/2026\/03\/11\/buzzati-il-gusto-del-miracolo-sabato-a-treviso-un-viaggio-tra-letteratura-ed-enogastronomia\/#breadcrumb"},"inLanguage":"fr-FR","potentialAction":[{"@type":"ReadAction","target":["https:\/\/www.bellunopress.it\/2026\/03\/11\/buzzati-il-gusto-del-miracolo-sabato-a-treviso-un-viaggio-tra-letteratura-ed-enogastronomia\/"]}]},{"@type":"ImageObject","inLanguage":"fr-FR","@id":"https:\/\/www.bellunopress.it\/2026\/03\/11\/buzzati-il-gusto-del-miracolo-sabato-a-treviso-un-viaggio-tra-letteratura-ed-enogastronomia\/#primaryimage","url":"https:\/\/www.bellunopress.it\/wp-content\/uploads\/2026\/03\/Buzzati-e-il-cibo.jpg","contentUrl":"https:\/\/www.bellunopress.it\/wp-content\/uploads\/2026\/03\/Buzzati-e-il-cibo.jpg","width":600,"height":426},{"@type":"BreadcrumbList","@id":"https:\/\/www.bellunopress.it\/2026\/03\/11\/buzzati-il-gusto-del-miracolo-sabato-a-treviso-un-viaggio-tra-letteratura-ed-enogastronomia\/#breadcrumb","itemListElement":[{"@type":"ListItem","position":1,"name":"Home","item":"https:\/\/www.bellunopress.it\/"},{"@type":"ListItem","position":2,"name":"Buzzati, il gusto del &#8220;Miracolo&#8221;: sabato a Treviso un viaggio tra letteratura ed enogastronomia"}]},{"@type":"WebSite","@id":"https:\/\/www.bellunopress.it\/#website","url":"https:\/\/www.bellunopress.it\/","name":"Bellunopress - Dolomiti","description":"e-mail: redazione@bellunopress.it","publisher":{"@id":"https:\/\/www.bellunopress.it\/#organization"},"potentialAction":[{"@type":"SearchAction","target":{"@type":"EntryPoint","urlTemplate":"https:\/\/www.bellunopress.it\/?s={search_term_string}"},"query-input":{"@type":"PropertyValueSpecification","valueRequired":true,"valueName":"search_term_string"}}],"inLanguage":"fr-FR"},{"@type":"Organization","@id":"https:\/\/www.bellunopress.it\/#organization","name":"Bellunopress","url":"https:\/\/www.bellunopress.it\/","logo":{"@type":"ImageObject","inLanguage":"fr-FR","@id":"https:\/\/www.bellunopress.it\/#\/schema\/logo\/image\/","url":"https:\/\/www.bellunopress.it\/wp-content\/uploads\/2011\/05\/cropped-logo-bellunopress-.jpg","contentUrl":"https:\/\/www.bellunopress.it\/wp-content\/uploads\/2011\/05\/cropped-logo-bellunopress-.jpg","width":512,"height":512,"caption":"Bellunopress"},"image":{"@id":"https:\/\/www.bellunopress.it\/#\/schema\/logo\/image\/"},"sameAs":["https:\/\/www.facebook.com\/profile.php?id=100008943462799","https:\/\/x.com\/bellunopress","https:\/\/www.linkedin.com\/hp\/?dnr=JBzUWaJfMUw8vbXJJ2tVW5-I3jZKvC4wsoxE&amp;amp;amp;amp;amp;amp;trk=nav_responsive_tab_home","https:\/\/www.youtube.com\/channel\/UCxL0wu1uN0_3_7hGG0306cw"]},{"@type":"Person","@id":"https:\/\/www.bellunopress.it\/#\/schema\/person\/79bb06722b37ece1c03d3e94beb30d73","name":"r\u00e9daction","image":{"@type":"ImageObject","inLanguage":"fr-FR","@id":"https:\/\/secure.gravatar.com\/avatar\/37d968a2e67a6fd04c169c4bdef102d0bc5d31b2546345219e348575eb80e9a0?s=96&d=mm&r=g","url":"https:\/\/secure.gravatar.com\/avatar\/37d968a2e67a6fd04c169c4bdef102d0bc5d31b2546345219e348575eb80e9a0?s=96&d=mm&r=g","contentUrl":"https:\/\/secure.gravatar.com\/avatar\/37d968a2e67a6fd04c169c4bdef102d0bc5d31b2546345219e348575eb80e9a0?s=96&d=mm&r=g","caption":"redazione"},"sameAs":["http:\/\/www.bellunopress.it","https:\/\/x.com\/bellunopress"],"url":"https:\/\/www.bellunopress.it\/fr\/author\/redazione\/"}]}},"_links":{"self":[{"href":"https:\/\/www.bellunopress.it\/fr\/wp-json\/wp\/v2\/posts\/168062","targetHints":{"allow":["GET"]}}],"collection":[{"href":"https:\/\/www.bellunopress.it\/fr\/wp-json\/wp\/v2\/posts"}],"about":[{"href":"https:\/\/www.bellunopress.it\/fr\/wp-json\/wp\/v2\/types\/post"}],"author":[{"embeddable":true,"href":"https:\/\/www.bellunopress.it\/fr\/wp-json\/wp\/v2\/users\/2"}],"replies":[{"embeddable":true,"href":"https:\/\/www.bellunopress.it\/fr\/wp-json\/wp\/v2\/comments?post=168062"}],"version-history":[{"count":1,"href":"https:\/\/www.bellunopress.it\/fr\/wp-json\/wp\/v2\/posts\/168062\/revisions"}],"predecessor-version":[{"id":168064,"href":"https:\/\/www.bellunopress.it\/fr\/wp-json\/wp\/v2\/posts\/168062\/revisions\/168064"}],"wp:featuredmedia":[{"embeddable":true,"href":"https:\/\/www.bellunopress.it\/fr\/wp-json\/wp\/v2\/media\/168063"}],"wp:attachment":[{"href":"https:\/\/www.bellunopress.it\/fr\/wp-json\/wp\/v2\/media?parent=168062"}],"wp:term":[{"taxonomy":"category","embeddable":true,"href":"https:\/\/www.bellunopress.it\/fr\/wp-json\/wp\/v2\/categories?post=168062"},{"taxonomy":"post_tag","embeddable":true,"href":"https:\/\/www.bellunopress.it\/fr\/wp-json\/wp\/v2\/tags?post=168062"}],"curies":[{"name":"wp","href":"https:\/\/api.w.org\/{rel}","templated":true}]}}