{"id":168048,"date":"2026-03-10T19:52:31","date_gmt":"2026-03-10T18:52:31","guid":{"rendered":"https:\/\/www.bellunopress.it\/?p=168048"},"modified":"2026-03-10T19:52:31","modified_gmt":"2026-03-10T18:52:31","slug":"paralimpiadi-milano-cortina-2026-padrin-si-congratula-con-rene-de-silvestro-per-largento-nella-combinata-alpina-sitting","status":"publish","type":"post","link":"https:\/\/www.bellunopress.it\/fr\/2026\/03\/10\/paralimpiadi-milano-cortina-2026-padrin-si-congratula-con-rene-de-silvestro-per-largento-nella-combinata-alpina-sitting\/","title":{"rendered":"Paralimpiadi Milano Cortina 2026, Padrin si congratula con Ren\u00e9 De Silvestro per l\u2019argento nella combinata alpina sitting"},"content":{"rendered":"<p>Cortina d&#8217;Ampezzo, 10\/03\/2026 &#8211; \u00abLa medaglia d\u2019argento conquistata oggi da Ren\u00e9 De Silvestro nella combinata alpina sitting \u00e8 una gioia immensa per tutto il Bellunese e per le nostre Dolomiti, ancor pi\u00f9 perch\u00e9 maturata sulle nevi di casa\u00bb. Cos\u00ec il presidente della Provincia di Belluno, Roberto Padrin, commenta lo splendido risultato ottenuto dall\u2019atleta azzurro alle Paralimpiadi Invernali Milano Cortina 2026.<\/p>\n<p>\u00abLa storia di Ren\u00e9 in queste Paralimpiadi \u2013 continua Padrin \u2013 \u00e8 probabilmente la metafora pi\u00f9 straordinaria ed emblematica di ci\u00f2 che lo sport rappresenta, non solo per le persone con disabilit\u00e0. Dopo i podi soltanto sfiorati nei giorni scorsi, avrebbe potuto prevalere l\u2019amarezza. Invece Ren\u00e9 ha saputo attingere al suo straordinario serbatoio di forza, convinzione e determinazione, trasformando la delusione energia nuova\u00bb.<\/p>\n<p>\u00abCon una prova di slalom straordinaria ha saputo rimontare e conquistare una meravigliosa medaglia d\u2019argento. \u00c8 un risultato che ci rende orgogliosi e che porta ancora una volta il territorio bellunese sul podio di Milano Cortina 2026. A Ren\u00e9 vanno i complimenti e l\u2019abbraccio di tutta la nostra comunit\u00e0, che naturalmente si estende, in particolare, a tutti gli atleti bellunesi impegnati in questi giorni\u00bb.<\/p>","protected":false},"excerpt":{"rendered":"<p>Cortina d&#8217;Ampezzo, 10\/03\/2026 &#8211; \u00abLa medaglia d\u2019argento conquistata oggi da Ren\u00e9 De Silvestro nella combinata alpina sitting \u00e8 una gioia immensa per tutto il Bellunese e per le nostre Dolomiti, ancor pi\u00f9 perch\u00e9 maturata sulle nevi di casa\u00bb. Cos\u00ec il presidente della Provincia di Belluno, Roberto Padrin, commenta lo splendido risultato ottenuto dall\u2019atleta azzurro alle [&hellip;]<\/p>\n","protected":false},"author":2,"featured_media":122331,"comment_status":"closed","ping_status":"open","sticky":false,"template":"","format":"standard","meta":{"footnotes":""},"categories":[8,4],"tags":[],"class_list":["post-168048","post","type-post","status-publish","format-standard","has-post-thumbnail","category-societa-istituzioni","category-sport"],"yoast_head":"<!-- This site is optimized with the Yoast SEO plugin v28.4 - https:\/\/yoast.com\/product\/yoast-seo-wordpress\/ -->\n<title>Paralimpiadi Milano Cortina 2026, Padrin si congratula con Ren\u00e9 De Silvestro per l\u2019argento nella combinata alpina sitting - Bellunopress - Dolomiti<\/title>\n<meta name=\"robots\" content=\"index, follow, max-snippet:-1, max-image-preview:large, max-video-preview:-1\" \/>\n<link rel=\"canonical\" href=\"https:\/\/www.bellunopress.it\/fr\/2026\/03\/10\/paralimpiadi-milano-cortina-2026-padrin-si-congratula-con-rene-de-silvestro-per-largento-nella-combinata-alpina-sitting\/\" \/>\n<meta property=\"og:locale\" content=\"fr_FR\" \/>\n<meta property=\"og:type\" content=\"article\" \/>\n<meta property=\"og:title\" content=\"Paralimpiadi Milano Cortina 2026, Padrin si congratula con Ren\u00e9 De Silvestro per l\u2019argento nella combinata alpina sitting - Bellunopress - Dolomiti\" \/>\n<meta property=\"og:description\" content=\"Cortina d&#8217;Ampezzo, 10\/03\/2026 &#8211; \u00abLa medaglia d\u2019argento conquistata oggi da Ren\u00e9 De Silvestro nella combinata alpina sitting \u00e8 una gioia immensa per tutto il Bellunese e per le nostre Dolomiti, ancor pi\u00f9 perch\u00e9 maturata sulle nevi di casa\u00bb. Cos\u00ec il presidente della Provincia di Belluno, Roberto Padrin, commenta lo splendido risultato ottenuto dall\u2019atleta azzurro alle [&hellip;]\" \/>\n<meta property=\"og:url\" content=\"https:\/\/www.bellunopress.it\/fr\/2026\/03\/10\/paralimpiadi-milano-cortina-2026-padrin-si-congratula-con-rene-de-silvestro-per-largento-nella-combinata-alpina-sitting\/\" \/>\n<meta property=\"og:site_name\" content=\"Bellunopress - Dolomiti\" \/>\n<meta property=\"article:publisher\" content=\"https:\/\/www.facebook.com\/profile.php?id=100008943462799\" \/>\n<meta property=\"article:published_time\" content=\"2026-03-10T18:52:31+00:00\" \/>\n<meta property=\"og:image\" content=\"https:\/\/www.bellunopress.it\/wp-content\/uploads\/2021\/03\/Rene-De-Silvestro_edited.jpg\" \/>\n\t<meta property=\"og:image:width\" content=\"913\" \/>\n\t<meta property=\"og:image:height\" content=\"609\" \/>\n\t<meta property=\"og:image:type\" content=\"image\/jpeg\" \/>\n<meta name=\"author\" content=\"redazione\" \/>\n<meta name=\"twitter:card\" content=\"summary_large_image\" \/>\n<meta name=\"twitter:creator\" content=\"@bellunopress\" \/>\n<meta name=\"twitter:site\" content=\"@bellunopress\" \/>\n<meta name=\"twitter:label1\" content=\"\u00c9crit par\" \/>\n\t<meta name=\"twitter:data1\" content=\"redazione\" \/>\n\t<meta name=\"twitter:label2\" content=\"Dur\u00e9e de lecture estim\u00e9e\" \/>\n\t<meta name=\"twitter:data2\" content=\"1 minute\" \/>\n<script type=\"application\/ld+json\" class=\"yoast-schema-graph\">{\"@context\":\"https:\\\/\\\/schema.org\",\"@graph\":[{\"@type\":\"Article\",\"@id\":\"https:\\\/\\\/www.bellunopress.it\\\/2026\\\/03\\\/10\\\/paralimpiadi-milano-cortina-2026-padrin-si-congratula-con-rene-de-silvestro-per-largento-nella-combinata-alpina-sitting\\\/#article\",\"isPartOf\":{\"@id\":\"https:\\\/\\\/www.bellunopress.it\\\/2026\\\/03\\\/10\\\/paralimpiadi-milano-cortina-2026-padrin-si-congratula-con-rene-de-silvestro-per-largento-nella-combinata-alpina-sitting\\\/\"},\"author\":{\"name\":\"redazione\",\"@id\":\"https:\\\/\\\/www.bellunopress.it\\\/#\\\/schema\\\/person\\\/79bb06722b37ece1c03d3e94beb30d73\"},\"headline\":\"Paralimpiadi Milano Cortina 2026, Padrin si congratula con Ren\u00e9 De Silvestro per l\u2019argento nella combinata alpina sitting\",\"datePublished\":\"2026-03-10T18:52:31+00:00\",\"mainEntityOfPage\":{\"@id\":\"https:\\\/\\\/www.bellunopress.it\\\/2026\\\/03\\\/10\\\/paralimpiadi-milano-cortina-2026-padrin-si-congratula-con-rene-de-silvestro-per-largento-nella-combinata-alpina-sitting\\\/\"},\"wordCount\":202,\"publisher\":{\"@id\":\"https:\\\/\\\/www.bellunopress.it\\\/#organization\"},\"image\":{\"@id\":\"https:\\\/\\\/www.bellunopress.it\\\/2026\\\/03\\\/10\\\/paralimpiadi-milano-cortina-2026-padrin-si-congratula-con-rene-de-silvestro-per-largento-nella-combinata-alpina-sitting\\\/#primaryimage\"},\"thumbnailUrl\":\"https:\\\/\\\/www.bellunopress.it\\\/wp-content\\\/uploads\\\/2021\\\/03\\\/Rene-De-Silvestro_edited.jpg\",\"articleSection\":[\"Societ\u00e0, Associazioni, Istituzioni\",\"Sport, tempo libero\"],\"inLanguage\":\"fr-FR\"},{\"@type\":\"WebPage\",\"@id\":\"https:\\\/\\\/www.bellunopress.it\\\/2026\\\/03\\\/10\\\/paralimpiadi-milano-cortina-2026-padrin-si-congratula-con-rene-de-silvestro-per-largento-nella-combinata-alpina-sitting\\\/\",\"url\":\"https:\\\/\\\/www.bellunopress.it\\\/2026\\\/03\\\/10\\\/paralimpiadi-milano-cortina-2026-padrin-si-congratula-con-rene-de-silvestro-per-largento-nella-combinata-alpina-sitting\\\/\",\"name\":\"Paralimpiadi Milano Cortina 2026, Padrin si congratula con Ren\u00e9 De Silvestro per l\u2019argento nella combinata alpina sitting - Bellunopress - Dolomiti\",\"isPartOf\":{\"@id\":\"https:\\\/\\\/www.bellunopress.it\\\/#website\"},\"primaryImageOfPage\":{\"@id\":\"https:\\\/\\\/www.bellunopress.it\\\/2026\\\/03\\\/10\\\/paralimpiadi-milano-cortina-2026-padrin-si-congratula-con-rene-de-silvestro-per-largento-nella-combinata-alpina-sitting\\\/#primaryimage\"},\"image\":{\"@id\":\"https:\\\/\\\/www.bellunopress.it\\\/2026\\\/03\\\/10\\\/paralimpiadi-milano-cortina-2026-padrin-si-congratula-con-rene-de-silvestro-per-largento-nella-combinata-alpina-sitting\\\/#primaryimage\"},\"thumbnailUrl\":\"https:\\\/\\\/www.bellunopress.it\\\/wp-content\\\/uploads\\\/2021\\\/03\\\/Rene-De-Silvestro_edited.jpg\",\"datePublished\":\"2026-03-10T18:52:31+00:00\",\"breadcrumb\":{\"@id\":\"https:\\\/\\\/www.bellunopress.it\\\/2026\\\/03\\\/10\\\/paralimpiadi-milano-cortina-2026-padrin-si-congratula-con-rene-de-silvestro-per-largento-nella-combinata-alpina-sitting\\\/#breadcrumb\"},\"inLanguage\":\"fr-FR\",\"potentialAction\":[{\"@type\":\"ReadAction\",\"target\":[\"https:\\\/\\\/www.bellunopress.it\\\/2026\\\/03\\\/10\\\/paralimpiadi-milano-cortina-2026-padrin-si-congratula-con-rene-de-silvestro-per-largento-nella-combinata-alpina-sitting\\\/\"]}]},{\"@type\":\"ImageObject\",\"inLanguage\":\"fr-FR\",\"@id\":\"https:\\\/\\\/www.bellunopress.it\\\/2026\\\/03\\\/10\\\/paralimpiadi-milano-cortina-2026-padrin-si-congratula-con-rene-de-silvestro-per-largento-nella-combinata-alpina-sitting\\\/#primaryimage\",\"url\":\"https:\\\/\\\/www.bellunopress.it\\\/wp-content\\\/uploads\\\/2021\\\/03\\\/Rene-De-Silvestro_edited.jpg\",\"contentUrl\":\"https:\\\/\\\/www.bellunopress.it\\\/wp-content\\\/uploads\\\/2021\\\/03\\\/Rene-De-Silvestro_edited.jpg\",\"width\":913,\"height\":609,\"caption\":\"Ren\u00e9 De Silvestro (Foto d'archivio - 2021)\"},{\"@type\":\"BreadcrumbList\",\"@id\":\"https:\\\/\\\/www.bellunopress.it\\\/2026\\\/03\\\/10\\\/paralimpiadi-milano-cortina-2026-padrin-si-congratula-con-rene-de-silvestro-per-largento-nella-combinata-alpina-sitting\\\/#breadcrumb\",\"itemListElement\":[{\"@type\":\"ListItem\",\"position\":1,\"name\":\"Home\",\"item\":\"https:\\\/\\\/www.bellunopress.it\\\/\"},{\"@type\":\"ListItem\",\"position\":2,\"name\":\"Paralimpiadi Milano Cortina 2026, Padrin si congratula con Ren\u00e9 De Silvestro per l\u2019argento nella combinata alpina sitting\"}]},{\"@type\":\"WebSite\",\"@id\":\"https:\\\/\\\/www.bellunopress.it\\\/#website\",\"url\":\"https:\\\/\\\/www.bellunopress.it\\\/\",\"name\":\"Bellunopress - Dolomiti\",\"description\":\"e-mail: redazione@bellunopress.it\",\"publisher\":{\"@id\":\"https:\\\/\\\/www.bellunopress.it\\\/#organization\"},\"potentialAction\":[{\"@type\":\"SearchAction\",\"target\":{\"@type\":\"EntryPoint\",\"urlTemplate\":\"https:\\\/\\\/www.bellunopress.it\\\/?s={search_term_string}\"},\"query-input\":{\"@type\":\"PropertyValueSpecification\",\"valueRequired\":true,\"valueName\":\"search_term_string\"}}],\"inLanguage\":\"fr-FR\"},{\"@type\":\"Organization\",\"@id\":\"https:\\\/\\\/www.bellunopress.it\\\/#organization\",\"name\":\"Bellunopress\",\"url\":\"https:\\\/\\\/www.bellunopress.it\\\/\",\"logo\":{\"@type\":\"ImageObject\",\"inLanguage\":\"fr-FR\",\"@id\":\"https:\\\/\\\/www.bellunopress.it\\\/#\\\/schema\\\/logo\\\/image\\\/\",\"url\":\"https:\\\/\\\/www.bellunopress.it\\\/wp-content\\\/uploads\\\/2011\\\/05\\\/cropped-logo-bellunopress-.jpg\",\"contentUrl\":\"https:\\\/\\\/www.bellunopress.it\\\/wp-content\\\/uploads\\\/2011\\\/05\\\/cropped-logo-bellunopress-.jpg\",\"width\":512,\"height\":512,\"caption\":\"Bellunopress\"},\"image\":{\"@id\":\"https:\\\/\\\/www.bellunopress.it\\\/#\\\/schema\\\/logo\\\/image\\\/\"},\"sameAs\":[\"https:\\\/\\\/www.facebook.com\\\/profile.php?id=100008943462799\",\"https:\\\/\\\/x.com\\\/bellunopress\",\"https:\\\/\\\/www.linkedin.com\\\/hp\\\/?dnr=JBzUWaJfMUw8vbXJJ2tVW5-I3jZKvC4wsoxE&amp;amp;amp;amp;amp;amp;trk=nav_responsive_tab_home\",\"https:\\\/\\\/www.youtube.com\\\/channel\\\/UCxL0wu1uN0_3_7hGG0306cw\"]},{\"@type\":\"Person\",\"@id\":\"https:\\\/\\\/www.bellunopress.it\\\/#\\\/schema\\\/person\\\/79bb06722b37ece1c03d3e94beb30d73\",\"name\":\"redazione\",\"image\":{\"@type\":\"ImageObject\",\"inLanguage\":\"fr-FR\",\"@id\":\"https:\\\/\\\/secure.gravatar.com\\\/avatar\\\/37d968a2e67a6fd04c169c4bdef102d0bc5d31b2546345219e348575eb80e9a0?s=96&d=mm&r=g\",\"url\":\"https:\\\/\\\/secure.gravatar.com\\\/avatar\\\/37d968a2e67a6fd04c169c4bdef102d0bc5d31b2546345219e348575eb80e9a0?s=96&d=mm&r=g\",\"contentUrl\":\"https:\\\/\\\/secure.gravatar.com\\\/avatar\\\/37d968a2e67a6fd04c169c4bdef102d0bc5d31b2546345219e348575eb80e9a0?s=96&d=mm&r=g\",\"caption\":\"redazione\"},\"sameAs\":[\"http:\\\/\\\/www.bellunopress.it\",\"https:\\\/\\\/x.com\\\/bellunopress\"],\"url\":\"https:\\\/\\\/www.bellunopress.it\\\/fr\\\/author\\\/redazione\\\/\"}]}<\/script>\n<!-- \/ Yoast SEO plugin. -->","yoast_head_json":{"title":"Paralimpiadi Milano Cortina 2026, Padrin si congratula con Ren\u00e9 De Silvestro per l\u2019argento nella combinata alpina sitting - Bellunopress - Dolomiti","robots":{"index":"index","follow":"follow","max-snippet":"max-snippet:-1","max-image-preview":"max-image-preview:large","max-video-preview":"max-video-preview:-1"},"canonical":"https:\/\/www.bellunopress.it\/fr\/2026\/03\/10\/paralimpiadi-milano-cortina-2026-padrin-si-congratula-con-rene-de-silvestro-per-largento-nella-combinata-alpina-sitting\/","og_locale":"fr_FR","og_type":"article","og_title":"Paralimpiadi Milano Cortina 2026, Padrin si congratula con Ren\u00e9 De Silvestro per l\u2019argento nella combinata alpina sitting - Bellunopress - Dolomiti","og_description":"Cortina d&#8217;Ampezzo, 10\/03\/2026 &#8211; \u00abLa medaglia d\u2019argento conquistata oggi da Ren\u00e9 De Silvestro nella combinata alpina sitting \u00e8 una gioia immensa per tutto il Bellunese e per le nostre Dolomiti, ancor pi\u00f9 perch\u00e9 maturata sulle nevi di casa\u00bb. Cos\u00ec il presidente della Provincia di Belluno, Roberto Padrin, commenta lo splendido risultato ottenuto dall\u2019atleta azzurro alle [&hellip;]","og_url":"https:\/\/www.bellunopress.it\/fr\/2026\/03\/10\/paralimpiadi-milano-cortina-2026-padrin-si-congratula-con-rene-de-silvestro-per-largento-nella-combinata-alpina-sitting\/","og_site_name":"Bellunopress - Dolomiti","article_publisher":"https:\/\/www.facebook.com\/profile.php?id=100008943462799","article_published_time":"2026-03-10T18:52:31+00:00","og_image":[{"width":913,"height":609,"url":"https:\/\/www.bellunopress.it\/wp-content\/uploads\/2021\/03\/Rene-De-Silvestro_edited.jpg","type":"image\/jpeg"}],"author":"redazione","twitter_card":"summary_large_image","twitter_creator":"@bellunopress","twitter_site":"@bellunopress","twitter_misc":{"\u00c9crit par":"redazione","Dur\u00e9e de lecture estim\u00e9e":"1 minute"},"schema":{"@context":"https:\/\/schema.org","@graph":[{"@type":"Article","@id":"https:\/\/www.bellunopress.it\/2026\/03\/10\/paralimpiadi-milano-cortina-2026-padrin-si-congratula-con-rene-de-silvestro-per-largento-nella-combinata-alpina-sitting\/#article","isPartOf":{"@id":"https:\/\/www.bellunopress.it\/2026\/03\/10\/paralimpiadi-milano-cortina-2026-padrin-si-congratula-con-rene-de-silvestro-per-largento-nella-combinata-alpina-sitting\/"},"author":{"name":"redazione","@id":"https:\/\/www.bellunopress.it\/#\/schema\/person\/79bb06722b37ece1c03d3e94beb30d73"},"headline":"Paralimpiadi Milano Cortina 2026, Padrin si congratula con Ren\u00e9 De Silvestro per l\u2019argento nella combinata alpina sitting","datePublished":"2026-03-10T18:52:31+00:00","mainEntityOfPage":{"@id":"https:\/\/www.bellunopress.it\/2026\/03\/10\/paralimpiadi-milano-cortina-2026-padrin-si-congratula-con-rene-de-silvestro-per-largento-nella-combinata-alpina-sitting\/"},"wordCount":202,"publisher":{"@id":"https:\/\/www.bellunopress.it\/#organization"},"image":{"@id":"https:\/\/www.bellunopress.it\/2026\/03\/10\/paralimpiadi-milano-cortina-2026-padrin-si-congratula-con-rene-de-silvestro-per-largento-nella-combinata-alpina-sitting\/#primaryimage"},"thumbnailUrl":"https:\/\/www.bellunopress.it\/wp-content\/uploads\/2021\/03\/Rene-De-Silvestro_edited.jpg","articleSection":["Societ\u00e0, Associazioni, Istituzioni","Sport, tempo libero"],"inLanguage":"fr-FR"},{"@type":"WebPage","@id":"https:\/\/www.bellunopress.it\/2026\/03\/10\/paralimpiadi-milano-cortina-2026-padrin-si-congratula-con-rene-de-silvestro-per-largento-nella-combinata-alpina-sitting\/","url":"https:\/\/www.bellunopress.it\/2026\/03\/10\/paralimpiadi-milano-cortina-2026-padrin-si-congratula-con-rene-de-silvestro-per-largento-nella-combinata-alpina-sitting\/","name":"Paralimpiadi Milano Cortina 2026, Padrin si congratula con Ren\u00e9 De Silvestro per l\u2019argento nella combinata alpina sitting - Bellunopress - Dolomiti","isPartOf":{"@id":"https:\/\/www.bellunopress.it\/#website"},"primaryImageOfPage":{"@id":"https:\/\/www.bellunopress.it\/2026\/03\/10\/paralimpiadi-milano-cortina-2026-padrin-si-congratula-con-rene-de-silvestro-per-largento-nella-combinata-alpina-sitting\/#primaryimage"},"image":{"@id":"https:\/\/www.bellunopress.it\/2026\/03\/10\/paralimpiadi-milano-cortina-2026-padrin-si-congratula-con-rene-de-silvestro-per-largento-nella-combinata-alpina-sitting\/#primaryimage"},"thumbnailUrl":"https:\/\/www.bellunopress.it\/wp-content\/uploads\/2021\/03\/Rene-De-Silvestro_edited.jpg","datePublished":"2026-03-10T18:52:31+00:00","breadcrumb":{"@id":"https:\/\/www.bellunopress.it\/2026\/03\/10\/paralimpiadi-milano-cortina-2026-padrin-si-congratula-con-rene-de-silvestro-per-largento-nella-combinata-alpina-sitting\/#breadcrumb"},"inLanguage":"fr-FR","potentialAction":[{"@type":"ReadAction","target":["https:\/\/www.bellunopress.it\/2026\/03\/10\/paralimpiadi-milano-cortina-2026-padrin-si-congratula-con-rene-de-silvestro-per-largento-nella-combinata-alpina-sitting\/"]}]},{"@type":"ImageObject","inLanguage":"fr-FR","@id":"https:\/\/www.bellunopress.it\/2026\/03\/10\/paralimpiadi-milano-cortina-2026-padrin-si-congratula-con-rene-de-silvestro-per-largento-nella-combinata-alpina-sitting\/#primaryimage","url":"https:\/\/www.bellunopress.it\/wp-content\/uploads\/2021\/03\/Rene-De-Silvestro_edited.jpg","contentUrl":"https:\/\/www.bellunopress.it\/wp-content\/uploads\/2021\/03\/Rene-De-Silvestro_edited.jpg","width":913,"height":609,"caption":"Ren\u00e9 De Silvestro (Foto d'archivio - 2021)"},{"@type":"BreadcrumbList","@id":"https:\/\/www.bellunopress.it\/2026\/03\/10\/paralimpiadi-milano-cortina-2026-padrin-si-congratula-con-rene-de-silvestro-per-largento-nella-combinata-alpina-sitting\/#breadcrumb","itemListElement":[{"@type":"ListItem","position":1,"name":"Home","item":"https:\/\/www.bellunopress.it\/"},{"@type":"ListItem","position":2,"name":"Paralimpiadi Milano Cortina 2026, Padrin si congratula con Ren\u00e9 De Silvestro per l\u2019argento nella combinata alpina sitting"}]},{"@type":"WebSite","@id":"https:\/\/www.bellunopress.it\/#website","url":"https:\/\/www.bellunopress.it\/","name":"Bellunopress - Dolomiti","description":"e-mail: redazione@bellunopress.it","publisher":{"@id":"https:\/\/www.bellunopress.it\/#organization"},"potentialAction":[{"@type":"SearchAction","target":{"@type":"EntryPoint","urlTemplate":"https:\/\/www.bellunopress.it\/?s={search_term_string}"},"query-input":{"@type":"PropertyValueSpecification","valueRequired":true,"valueName":"search_term_string"}}],"inLanguage":"fr-FR"},{"@type":"Organization","@id":"https:\/\/www.bellunopress.it\/#organization","name":"Bellunopress","url":"https:\/\/www.bellunopress.it\/","logo":{"@type":"ImageObject","inLanguage":"fr-FR","@id":"https:\/\/www.bellunopress.it\/#\/schema\/logo\/image\/","url":"https:\/\/www.bellunopress.it\/wp-content\/uploads\/2011\/05\/cropped-logo-bellunopress-.jpg","contentUrl":"https:\/\/www.bellunopress.it\/wp-content\/uploads\/2011\/05\/cropped-logo-bellunopress-.jpg","width":512,"height":512,"caption":"Bellunopress"},"image":{"@id":"https:\/\/www.bellunopress.it\/#\/schema\/logo\/image\/"},"sameAs":["https:\/\/www.facebook.com\/profile.php?id=100008943462799","https:\/\/x.com\/bellunopress","https:\/\/www.linkedin.com\/hp\/?dnr=JBzUWaJfMUw8vbXJJ2tVW5-I3jZKvC4wsoxE&amp;amp;amp;amp;amp;amp;trk=nav_responsive_tab_home","https:\/\/www.youtube.com\/channel\/UCxL0wu1uN0_3_7hGG0306cw"]},{"@type":"Person","@id":"https:\/\/www.bellunopress.it\/#\/schema\/person\/79bb06722b37ece1c03d3e94beb30d73","name":"r\u00e9daction","image":{"@type":"ImageObject","inLanguage":"fr-FR","@id":"https:\/\/secure.gravatar.com\/avatar\/37d968a2e67a6fd04c169c4bdef102d0bc5d31b2546345219e348575eb80e9a0?s=96&d=mm&r=g","url":"https:\/\/secure.gravatar.com\/avatar\/37d968a2e67a6fd04c169c4bdef102d0bc5d31b2546345219e348575eb80e9a0?s=96&d=mm&r=g","contentUrl":"https:\/\/secure.gravatar.com\/avatar\/37d968a2e67a6fd04c169c4bdef102d0bc5d31b2546345219e348575eb80e9a0?s=96&d=mm&r=g","caption":"redazione"},"sameAs":["http:\/\/www.bellunopress.it","https:\/\/x.com\/bellunopress"],"url":"https:\/\/www.bellunopress.it\/fr\/author\/redazione\/"}]}},"_links":{"self":[{"href":"https:\/\/www.bellunopress.it\/fr\/wp-json\/wp\/v2\/posts\/168048","targetHints":{"allow":["GET"]}}],"collection":[{"href":"https:\/\/www.bellunopress.it\/fr\/wp-json\/wp\/v2\/posts"}],"about":[{"href":"https:\/\/www.bellunopress.it\/fr\/wp-json\/wp\/v2\/types\/post"}],"author":[{"embeddable":true,"href":"https:\/\/www.bellunopress.it\/fr\/wp-json\/wp\/v2\/users\/2"}],"replies":[{"embeddable":true,"href":"https:\/\/www.bellunopress.it\/fr\/wp-json\/wp\/v2\/comments?post=168048"}],"version-history":[{"count":1,"href":"https:\/\/www.bellunopress.it\/fr\/wp-json\/wp\/v2\/posts\/168048\/revisions"}],"predecessor-version":[{"id":168049,"href":"https:\/\/www.bellunopress.it\/fr\/wp-json\/wp\/v2\/posts\/168048\/revisions\/168049"}],"wp:featuredmedia":[{"embeddable":true,"href":"https:\/\/www.bellunopress.it\/fr\/wp-json\/wp\/v2\/media\/122331"}],"wp:attachment":[{"href":"https:\/\/www.bellunopress.it\/fr\/wp-json\/wp\/v2\/media?parent=168048"}],"wp:term":[{"taxonomy":"category","embeddable":true,"href":"https:\/\/www.bellunopress.it\/fr\/wp-json\/wp\/v2\/categories?post=168048"},{"taxonomy":"post_tag","embeddable":true,"href":"https:\/\/www.bellunopress.it\/fr\/wp-json\/wp\/v2\/tags?post=168048"}],"curies":[{"name":"wp","href":"https:\/\/api.w.org\/{rel}","templated":true}]}}