{"id":168042,"date":"2026-03-10T16:44:40","date_gmt":"2026-03-10T15:44:40","guid":{"rendered":"https:\/\/www.bellunopress.it\/?p=168042"},"modified":"2026-03-10T16:44:40","modified_gmt":"2026-03-10T15:44:40","slug":"tra-le-righe-con-sara-dal-cin-venerdi-al-polo-culturale-di-sedico","status":"publish","type":"post","link":"https:\/\/www.bellunopress.it\/fr\/2026\/03\/10\/tra-le-righe-con-sara-dal-cin-venerdi-al-polo-culturale-di-sedico\/","title":{"rendered":"Tra le righe con: Sara Dal Cin. Venerd\u00ec al Polo culturale di Sedico"},"content":{"rendered":"<p>Ultimo appuntamento a Sedico per la rassegna letteraria \u201cTra le righe con\u201d: venerd\u00ec 13 marzo (ore 18), al Polo culturale, arriver\u00e0 l\u2019autrice e formatrice Sara Dal Cin, per una nuova tappa del ciclo di incontri ideato da Barbara Chiarand\u00e0 e Martino Fogliato, in collaborazione con il Comune di Sedico e, in particolare, l\u2019assessore Francesca Meneguolo.<\/p>\n<p>Quella di venerd\u00ec sar\u00e0 l\u2019unico incontro in provincia per l\u2019autrice, pronta a presentare il libro<br \/>\n\u201cStudiare con metodo fa la differenza\u201d (Wilde Edizioni), bestseller su Amazon dedicato ai temi dell\u2019apprendimento. \u00abSono felice di arrivare in provincia di Belluno \u2013 spiega Dal Cin \u2013 dove porter\u00f2 un libro che mi ha dato tante soddisfazioni. Cerco di aiutare i ragazzi a cambiare prospettiva sullo studio e su loro stessi, sviluppando una mentalit\u00e0 orientata alla crescita e imparando a leggere le richieste degli adulti in modo maturo\u00bb.<br \/>\nNel volume l\u2019autrice affronta poi alcune competenze considerate oggi fondamentali nel percorso formativo dei giovani, come l\u2019autonomia, la gestione del tempo, la comunicazione efficace e la fiducia nelle proprie capacit\u00e0.<br \/>\nLaureata in Scienze psicologiche dello sviluppo, Dal Cin \u00e8 fondatrice del progetto Studio Amore, consulente aziendale ed esperta dei processi di apprendimento, oltre a essere iscritta al registro Erickson. In pi\u00f9, \u00e8 molto attiva sul web, dove propone rubriche e interviste dedicate al mondo della scuola e della crescita personale.<br \/>\nDurante la serata, il pubblico avr\u00e0 la possibilit\u00e0 di incontrare l\u2019autrice, acquistare la pubblicazione e partecipare al tradizionale momento di firme e fotografie. Sar\u00e0 anche un\u2019occasione per ripercorrere l\u2019intero cammino della rassegna. Tanto \u00e8 vero che saranno disponibili i libri degli autori che si sono alternati negli incontri dei mesi scorsi, tra cui Kristian Ghedina, Barbara Chiarand\u00e0, Valentina Cibien e Jacopo Mori.<br \/>\nCome da tradizione, la serata si concluder\u00e0 con un momento conviviale: il pubblico sar\u00e0 ospite del Comune di Sedico e della locale Pro Loco per l\u2019aperitivo finale, tra libri, dialoghi e saluti conclusivi.<br \/>\nUn modo semplice, ma significativo per una rassegna capace di trasformare la lettura in<br \/>\nun\u2019occasione di incontro e condivisione.<\/p>","protected":false},"excerpt":{"rendered":"<p>Ultimo appuntamento a Sedico per la rassegna letteraria \u201cTra le righe con\u201d: venerd\u00ec 13 marzo (ore 18), al Polo culturale, arriver\u00e0 l\u2019autrice e formatrice Sara Dal Cin, per una nuova tappa del ciclo di incontri ideato da Barbara Chiarand\u00e0 e Martino Fogliato, in collaborazione con il Comune di Sedico e, in particolare, l\u2019assessore Francesca Meneguolo. [&hellip;]<\/p>\n","protected":false},"author":2,"featured_media":168043,"comment_status":"closed","ping_status":"open","sticky":false,"template":"","format":"standard","meta":{"footnotes":""},"categories":[27,3,25],"tags":[],"class_list":["post-168042","post","type-post","status-publish","format-standard","has-post-thumbnail","category-appuntamenti","category-arte-cultura-spettacoli-scienza-archivi","category-pausa-caffe"],"yoast_head":"<!-- This site is optimized with the Yoast SEO plugin v28.4 - https:\/\/yoast.com\/product\/yoast-seo-wordpress\/ -->\n<title>Tra le righe con: Sara Dal Cin. Venerd\u00ec al Polo culturale di Sedico - Bellunopress - Dolomiti<\/title>\n<meta name=\"robots\" content=\"index, follow, max-snippet:-1, max-image-preview:large, max-video-preview:-1\" \/>\n<link rel=\"canonical\" href=\"https:\/\/www.bellunopress.it\/fr\/2026\/03\/10\/tra-le-righe-con-sara-dal-cin-venerdi-al-polo-culturale-di-sedico\/\" \/>\n<meta property=\"og:locale\" content=\"fr_FR\" \/>\n<meta property=\"og:type\" content=\"article\" \/>\n<meta property=\"og:title\" content=\"Tra le righe con: Sara Dal Cin. Venerd\u00ec al Polo culturale di Sedico - Bellunopress - Dolomiti\" \/>\n<meta property=\"og:description\" content=\"Ultimo appuntamento a Sedico per la rassegna letteraria \u201cTra le righe con\u201d: venerd\u00ec 13 marzo (ore 18), al Polo culturale, arriver\u00e0 l\u2019autrice e formatrice Sara Dal Cin, per una nuova tappa del ciclo di incontri ideato da Barbara Chiarand\u00e0 e Martino Fogliato, in collaborazione con il Comune di Sedico e, in particolare, l\u2019assessore Francesca Meneguolo. [&hellip;]\" \/>\n<meta property=\"og:url\" content=\"https:\/\/www.bellunopress.it\/fr\/2026\/03\/10\/tra-le-righe-con-sara-dal-cin-venerdi-al-polo-culturale-di-sedico\/\" \/>\n<meta property=\"og:site_name\" content=\"Bellunopress - Dolomiti\" \/>\n<meta property=\"article:publisher\" content=\"https:\/\/www.facebook.com\/profile.php?id=100008943462799\" \/>\n<meta property=\"article:published_time\" content=\"2026-03-10T15:44:40+00:00\" \/>\n<meta property=\"og:image\" content=\"https:\/\/www.bellunopress.it\/wp-content\/uploads\/2026\/03\/Sara_Dal_Cin.jpg\" \/>\n\t<meta property=\"og:image:width\" content=\"388\" \/>\n\t<meta property=\"og:image:height\" content=\"500\" \/>\n\t<meta property=\"og:image:type\" content=\"image\/jpeg\" \/>\n<meta name=\"author\" content=\"redazione\" \/>\n<meta name=\"twitter:card\" content=\"summary_large_image\" \/>\n<meta name=\"twitter:creator\" content=\"@bellunopress\" \/>\n<meta name=\"twitter:site\" content=\"@bellunopress\" \/>\n<meta name=\"twitter:label1\" content=\"\u00c9crit par\" \/>\n\t<meta name=\"twitter:data1\" content=\"redazione\" \/>\n\t<meta name=\"twitter:label2\" content=\"Dur\u00e9e de lecture estim\u00e9e\" \/>\n\t<meta name=\"twitter:data2\" content=\"2 minutes\" \/>\n<script type=\"application\/ld+json\" class=\"yoast-schema-graph\">{\"@context\":\"https:\\\/\\\/schema.org\",\"@graph\":[{\"@type\":\"Article\",\"@id\":\"https:\\\/\\\/www.bellunopress.it\\\/2026\\\/03\\\/10\\\/tra-le-righe-con-sara-dal-cin-venerdi-al-polo-culturale-di-sedico\\\/#article\",\"isPartOf\":{\"@id\":\"https:\\\/\\\/www.bellunopress.it\\\/2026\\\/03\\\/10\\\/tra-le-righe-con-sara-dal-cin-venerdi-al-polo-culturale-di-sedico\\\/\"},\"author\":{\"name\":\"redazione\",\"@id\":\"https:\\\/\\\/www.bellunopress.it\\\/#\\\/schema\\\/person\\\/79bb06722b37ece1c03d3e94beb30d73\"},\"headline\":\"Tra le righe con: Sara Dal Cin. Venerd\u00ec al Polo culturale di Sedico\",\"datePublished\":\"2026-03-10T15:44:40+00:00\",\"mainEntityOfPage\":{\"@id\":\"https:\\\/\\\/www.bellunopress.it\\\/2026\\\/03\\\/10\\\/tra-le-righe-con-sara-dal-cin-venerdi-al-polo-culturale-di-sedico\\\/\"},\"wordCount\":351,\"publisher\":{\"@id\":\"https:\\\/\\\/www.bellunopress.it\\\/#organization\"},\"image\":{\"@id\":\"https:\\\/\\\/www.bellunopress.it\\\/2026\\\/03\\\/10\\\/tra-le-righe-con-sara-dal-cin-venerdi-al-polo-culturale-di-sedico\\\/#primaryimage\"},\"thumbnailUrl\":\"https:\\\/\\\/www.bellunopress.it\\\/wp-content\\\/uploads\\\/2026\\\/03\\\/Sara_Dal_Cin.jpg\",\"articleSection\":[\"Appuntamenti, Eventi\",\"Arte, Cultura, Spettacoli, Scienza\",\"Pausa Caff\u00e8\"],\"inLanguage\":\"fr-FR\"},{\"@type\":\"WebPage\",\"@id\":\"https:\\\/\\\/www.bellunopress.it\\\/2026\\\/03\\\/10\\\/tra-le-righe-con-sara-dal-cin-venerdi-al-polo-culturale-di-sedico\\\/\",\"url\":\"https:\\\/\\\/www.bellunopress.it\\\/2026\\\/03\\\/10\\\/tra-le-righe-con-sara-dal-cin-venerdi-al-polo-culturale-di-sedico\\\/\",\"name\":\"Tra le righe con: Sara Dal Cin. Venerd\u00ec al Polo culturale di Sedico - Bellunopress - Dolomiti\",\"isPartOf\":{\"@id\":\"https:\\\/\\\/www.bellunopress.it\\\/#website\"},\"primaryImageOfPage\":{\"@id\":\"https:\\\/\\\/www.bellunopress.it\\\/2026\\\/03\\\/10\\\/tra-le-righe-con-sara-dal-cin-venerdi-al-polo-culturale-di-sedico\\\/#primaryimage\"},\"image\":{\"@id\":\"https:\\\/\\\/www.bellunopress.it\\\/2026\\\/03\\\/10\\\/tra-le-righe-con-sara-dal-cin-venerdi-al-polo-culturale-di-sedico\\\/#primaryimage\"},\"thumbnailUrl\":\"https:\\\/\\\/www.bellunopress.it\\\/wp-content\\\/uploads\\\/2026\\\/03\\\/Sara_Dal_Cin.jpg\",\"datePublished\":\"2026-03-10T15:44:40+00:00\",\"breadcrumb\":{\"@id\":\"https:\\\/\\\/www.bellunopress.it\\\/2026\\\/03\\\/10\\\/tra-le-righe-con-sara-dal-cin-venerdi-al-polo-culturale-di-sedico\\\/#breadcrumb\"},\"inLanguage\":\"fr-FR\",\"potentialAction\":[{\"@type\":\"ReadAction\",\"target\":[\"https:\\\/\\\/www.bellunopress.it\\\/2026\\\/03\\\/10\\\/tra-le-righe-con-sara-dal-cin-venerdi-al-polo-culturale-di-sedico\\\/\"]}]},{\"@type\":\"ImageObject\",\"inLanguage\":\"fr-FR\",\"@id\":\"https:\\\/\\\/www.bellunopress.it\\\/2026\\\/03\\\/10\\\/tra-le-righe-con-sara-dal-cin-venerdi-al-polo-culturale-di-sedico\\\/#primaryimage\",\"url\":\"https:\\\/\\\/www.bellunopress.it\\\/wp-content\\\/uploads\\\/2026\\\/03\\\/Sara_Dal_Cin.jpg\",\"contentUrl\":\"https:\\\/\\\/www.bellunopress.it\\\/wp-content\\\/uploads\\\/2026\\\/03\\\/Sara_Dal_Cin.jpg\",\"width\":388,\"height\":500,\"caption\":\"Sara Dal Cin, autrice\"},{\"@type\":\"BreadcrumbList\",\"@id\":\"https:\\\/\\\/www.bellunopress.it\\\/2026\\\/03\\\/10\\\/tra-le-righe-con-sara-dal-cin-venerdi-al-polo-culturale-di-sedico\\\/#breadcrumb\",\"itemListElement\":[{\"@type\":\"ListItem\",\"position\":1,\"name\":\"Home\",\"item\":\"https:\\\/\\\/www.bellunopress.it\\\/\"},{\"@type\":\"ListItem\",\"position\":2,\"name\":\"Tra le righe con: Sara Dal Cin. Venerd\u00ec al Polo culturale di Sedico\"}]},{\"@type\":\"WebSite\",\"@id\":\"https:\\\/\\\/www.bellunopress.it\\\/#website\",\"url\":\"https:\\\/\\\/www.bellunopress.it\\\/\",\"name\":\"Bellunopress - Dolomiti\",\"description\":\"e-mail: redazione@bellunopress.it\",\"publisher\":{\"@id\":\"https:\\\/\\\/www.bellunopress.it\\\/#organization\"},\"potentialAction\":[{\"@type\":\"SearchAction\",\"target\":{\"@type\":\"EntryPoint\",\"urlTemplate\":\"https:\\\/\\\/www.bellunopress.it\\\/?s={search_term_string}\"},\"query-input\":{\"@type\":\"PropertyValueSpecification\",\"valueRequired\":true,\"valueName\":\"search_term_string\"}}],\"inLanguage\":\"fr-FR\"},{\"@type\":\"Organization\",\"@id\":\"https:\\\/\\\/www.bellunopress.it\\\/#organization\",\"name\":\"Bellunopress\",\"url\":\"https:\\\/\\\/www.bellunopress.it\\\/\",\"logo\":{\"@type\":\"ImageObject\",\"inLanguage\":\"fr-FR\",\"@id\":\"https:\\\/\\\/www.bellunopress.it\\\/#\\\/schema\\\/logo\\\/image\\\/\",\"url\":\"https:\\\/\\\/www.bellunopress.it\\\/wp-content\\\/uploads\\\/2011\\\/05\\\/cropped-logo-bellunopress-.jpg\",\"contentUrl\":\"https:\\\/\\\/www.bellunopress.it\\\/wp-content\\\/uploads\\\/2011\\\/05\\\/cropped-logo-bellunopress-.jpg\",\"width\":512,\"height\":512,\"caption\":\"Bellunopress\"},\"image\":{\"@id\":\"https:\\\/\\\/www.bellunopress.it\\\/#\\\/schema\\\/logo\\\/image\\\/\"},\"sameAs\":[\"https:\\\/\\\/www.facebook.com\\\/profile.php?id=100008943462799\",\"https:\\\/\\\/x.com\\\/bellunopress\",\"https:\\\/\\\/www.linkedin.com\\\/hp\\\/?dnr=JBzUWaJfMUw8vbXJJ2tVW5-I3jZKvC4wsoxE&amp;amp;amp;amp;amp;amp;trk=nav_responsive_tab_home\",\"https:\\\/\\\/www.youtube.com\\\/channel\\\/UCxL0wu1uN0_3_7hGG0306cw\"]},{\"@type\":\"Person\",\"@id\":\"https:\\\/\\\/www.bellunopress.it\\\/#\\\/schema\\\/person\\\/79bb06722b37ece1c03d3e94beb30d73\",\"name\":\"redazione\",\"image\":{\"@type\":\"ImageObject\",\"inLanguage\":\"fr-FR\",\"@id\":\"https:\\\/\\\/secure.gravatar.com\\\/avatar\\\/37d968a2e67a6fd04c169c4bdef102d0bc5d31b2546345219e348575eb80e9a0?s=96&d=mm&r=g\",\"url\":\"https:\\\/\\\/secure.gravatar.com\\\/avatar\\\/37d968a2e67a6fd04c169c4bdef102d0bc5d31b2546345219e348575eb80e9a0?s=96&d=mm&r=g\",\"contentUrl\":\"https:\\\/\\\/secure.gravatar.com\\\/avatar\\\/37d968a2e67a6fd04c169c4bdef102d0bc5d31b2546345219e348575eb80e9a0?s=96&d=mm&r=g\",\"caption\":\"redazione\"},\"sameAs\":[\"http:\\\/\\\/www.bellunopress.it\",\"https:\\\/\\\/x.com\\\/bellunopress\"],\"url\":\"https:\\\/\\\/www.bellunopress.it\\\/fr\\\/author\\\/redazione\\\/\"}]}<\/script>\n<!-- \/ Yoast SEO plugin. -->","yoast_head_json":{"title":"Tra le righe con: Sara Dal Cin. Venerd\u00ec al Polo culturale di Sedico - Bellunopress - Dolomiti","robots":{"index":"index","follow":"follow","max-snippet":"max-snippet:-1","max-image-preview":"max-image-preview:large","max-video-preview":"max-video-preview:-1"},"canonical":"https:\/\/www.bellunopress.it\/fr\/2026\/03\/10\/tra-le-righe-con-sara-dal-cin-venerdi-al-polo-culturale-di-sedico\/","og_locale":"fr_FR","og_type":"article","og_title":"Tra le righe con: Sara Dal Cin. Venerd\u00ec al Polo culturale di Sedico - Bellunopress - Dolomiti","og_description":"Ultimo appuntamento a Sedico per la rassegna letteraria \u201cTra le righe con\u201d: venerd\u00ec 13 marzo (ore 18), al Polo culturale, arriver\u00e0 l\u2019autrice e formatrice Sara Dal Cin, per una nuova tappa del ciclo di incontri ideato da Barbara Chiarand\u00e0 e Martino Fogliato, in collaborazione con il Comune di Sedico e, in particolare, l\u2019assessore Francesca Meneguolo. [&hellip;]","og_url":"https:\/\/www.bellunopress.it\/fr\/2026\/03\/10\/tra-le-righe-con-sara-dal-cin-venerdi-al-polo-culturale-di-sedico\/","og_site_name":"Bellunopress - Dolomiti","article_publisher":"https:\/\/www.facebook.com\/profile.php?id=100008943462799","article_published_time":"2026-03-10T15:44:40+00:00","og_image":[{"width":388,"height":500,"url":"https:\/\/www.bellunopress.it\/wp-content\/uploads\/2026\/03\/Sara_Dal_Cin.jpg","type":"image\/jpeg"}],"author":"redazione","twitter_card":"summary_large_image","twitter_creator":"@bellunopress","twitter_site":"@bellunopress","twitter_misc":{"\u00c9crit par":"redazione","Dur\u00e9e de lecture estim\u00e9e":"2 minutes"},"schema":{"@context":"https:\/\/schema.org","@graph":[{"@type":"Article","@id":"https:\/\/www.bellunopress.it\/2026\/03\/10\/tra-le-righe-con-sara-dal-cin-venerdi-al-polo-culturale-di-sedico\/#article","isPartOf":{"@id":"https:\/\/www.bellunopress.it\/2026\/03\/10\/tra-le-righe-con-sara-dal-cin-venerdi-al-polo-culturale-di-sedico\/"},"author":{"name":"redazione","@id":"https:\/\/www.bellunopress.it\/#\/schema\/person\/79bb06722b37ece1c03d3e94beb30d73"},"headline":"Tra le righe con: Sara Dal Cin. Venerd\u00ec al Polo culturale di Sedico","datePublished":"2026-03-10T15:44:40+00:00","mainEntityOfPage":{"@id":"https:\/\/www.bellunopress.it\/2026\/03\/10\/tra-le-righe-con-sara-dal-cin-venerdi-al-polo-culturale-di-sedico\/"},"wordCount":351,"publisher":{"@id":"https:\/\/www.bellunopress.it\/#organization"},"image":{"@id":"https:\/\/www.bellunopress.it\/2026\/03\/10\/tra-le-righe-con-sara-dal-cin-venerdi-al-polo-culturale-di-sedico\/#primaryimage"},"thumbnailUrl":"https:\/\/www.bellunopress.it\/wp-content\/uploads\/2026\/03\/Sara_Dal_Cin.jpg","articleSection":["Appuntamenti, Eventi","Arte, Cultura, Spettacoli, Scienza","Pausa Caff\u00e8"],"inLanguage":"fr-FR"},{"@type":"WebPage","@id":"https:\/\/www.bellunopress.it\/2026\/03\/10\/tra-le-righe-con-sara-dal-cin-venerdi-al-polo-culturale-di-sedico\/","url":"https:\/\/www.bellunopress.it\/2026\/03\/10\/tra-le-righe-con-sara-dal-cin-venerdi-al-polo-culturale-di-sedico\/","name":"Tra le righe con: Sara Dal Cin. Venerd\u00ec al Polo culturale di Sedico - Bellunopress - Dolomiti","isPartOf":{"@id":"https:\/\/www.bellunopress.it\/#website"},"primaryImageOfPage":{"@id":"https:\/\/www.bellunopress.it\/2026\/03\/10\/tra-le-righe-con-sara-dal-cin-venerdi-al-polo-culturale-di-sedico\/#primaryimage"},"image":{"@id":"https:\/\/www.bellunopress.it\/2026\/03\/10\/tra-le-righe-con-sara-dal-cin-venerdi-al-polo-culturale-di-sedico\/#primaryimage"},"thumbnailUrl":"https:\/\/www.bellunopress.it\/wp-content\/uploads\/2026\/03\/Sara_Dal_Cin.jpg","datePublished":"2026-03-10T15:44:40+00:00","breadcrumb":{"@id":"https:\/\/www.bellunopress.it\/2026\/03\/10\/tra-le-righe-con-sara-dal-cin-venerdi-al-polo-culturale-di-sedico\/#breadcrumb"},"inLanguage":"fr-FR","potentialAction":[{"@type":"ReadAction","target":["https:\/\/www.bellunopress.it\/2026\/03\/10\/tra-le-righe-con-sara-dal-cin-venerdi-al-polo-culturale-di-sedico\/"]}]},{"@type":"ImageObject","inLanguage":"fr-FR","@id":"https:\/\/www.bellunopress.it\/2026\/03\/10\/tra-le-righe-con-sara-dal-cin-venerdi-al-polo-culturale-di-sedico\/#primaryimage","url":"https:\/\/www.bellunopress.it\/wp-content\/uploads\/2026\/03\/Sara_Dal_Cin.jpg","contentUrl":"https:\/\/www.bellunopress.it\/wp-content\/uploads\/2026\/03\/Sara_Dal_Cin.jpg","width":388,"height":500,"caption":"Sara Dal Cin, autrice"},{"@type":"BreadcrumbList","@id":"https:\/\/www.bellunopress.it\/2026\/03\/10\/tra-le-righe-con-sara-dal-cin-venerdi-al-polo-culturale-di-sedico\/#breadcrumb","itemListElement":[{"@type":"ListItem","position":1,"name":"Home","item":"https:\/\/www.bellunopress.it\/"},{"@type":"ListItem","position":2,"name":"Tra le righe con: Sara Dal Cin. Venerd\u00ec al Polo culturale di Sedico"}]},{"@type":"WebSite","@id":"https:\/\/www.bellunopress.it\/#website","url":"https:\/\/www.bellunopress.it\/","name":"Bellunopress - Dolomiti","description":"e-mail: redazione@bellunopress.it","publisher":{"@id":"https:\/\/www.bellunopress.it\/#organization"},"potentialAction":[{"@type":"SearchAction","target":{"@type":"EntryPoint","urlTemplate":"https:\/\/www.bellunopress.it\/?s={search_term_string}"},"query-input":{"@type":"PropertyValueSpecification","valueRequired":true,"valueName":"search_term_string"}}],"inLanguage":"fr-FR"},{"@type":"Organization","@id":"https:\/\/www.bellunopress.it\/#organization","name":"Bellunopress","url":"https:\/\/www.bellunopress.it\/","logo":{"@type":"ImageObject","inLanguage":"fr-FR","@id":"https:\/\/www.bellunopress.it\/#\/schema\/logo\/image\/","url":"https:\/\/www.bellunopress.it\/wp-content\/uploads\/2011\/05\/cropped-logo-bellunopress-.jpg","contentUrl":"https:\/\/www.bellunopress.it\/wp-content\/uploads\/2011\/05\/cropped-logo-bellunopress-.jpg","width":512,"height":512,"caption":"Bellunopress"},"image":{"@id":"https:\/\/www.bellunopress.it\/#\/schema\/logo\/image\/"},"sameAs":["https:\/\/www.facebook.com\/profile.php?id=100008943462799","https:\/\/x.com\/bellunopress","https:\/\/www.linkedin.com\/hp\/?dnr=JBzUWaJfMUw8vbXJJ2tVW5-I3jZKvC4wsoxE&amp;amp;amp;amp;amp;amp;trk=nav_responsive_tab_home","https:\/\/www.youtube.com\/channel\/UCxL0wu1uN0_3_7hGG0306cw"]},{"@type":"Person","@id":"https:\/\/www.bellunopress.it\/#\/schema\/person\/79bb06722b37ece1c03d3e94beb30d73","name":"r\u00e9daction","image":{"@type":"ImageObject","inLanguage":"fr-FR","@id":"https:\/\/secure.gravatar.com\/avatar\/37d968a2e67a6fd04c169c4bdef102d0bc5d31b2546345219e348575eb80e9a0?s=96&d=mm&r=g","url":"https:\/\/secure.gravatar.com\/avatar\/37d968a2e67a6fd04c169c4bdef102d0bc5d31b2546345219e348575eb80e9a0?s=96&d=mm&r=g","contentUrl":"https:\/\/secure.gravatar.com\/avatar\/37d968a2e67a6fd04c169c4bdef102d0bc5d31b2546345219e348575eb80e9a0?s=96&d=mm&r=g","caption":"redazione"},"sameAs":["http:\/\/www.bellunopress.it","https:\/\/x.com\/bellunopress"],"url":"https:\/\/www.bellunopress.it\/fr\/author\/redazione\/"}]}},"_links":{"self":[{"href":"https:\/\/www.bellunopress.it\/fr\/wp-json\/wp\/v2\/posts\/168042","targetHints":{"allow":["GET"]}}],"collection":[{"href":"https:\/\/www.bellunopress.it\/fr\/wp-json\/wp\/v2\/posts"}],"about":[{"href":"https:\/\/www.bellunopress.it\/fr\/wp-json\/wp\/v2\/types\/post"}],"author":[{"embeddable":true,"href":"https:\/\/www.bellunopress.it\/fr\/wp-json\/wp\/v2\/users\/2"}],"replies":[{"embeddable":true,"href":"https:\/\/www.bellunopress.it\/fr\/wp-json\/wp\/v2\/comments?post=168042"}],"version-history":[{"count":1,"href":"https:\/\/www.bellunopress.it\/fr\/wp-json\/wp\/v2\/posts\/168042\/revisions"}],"predecessor-version":[{"id":168044,"href":"https:\/\/www.bellunopress.it\/fr\/wp-json\/wp\/v2\/posts\/168042\/revisions\/168044"}],"wp:featuredmedia":[{"embeddable":true,"href":"https:\/\/www.bellunopress.it\/fr\/wp-json\/wp\/v2\/media\/168043"}],"wp:attachment":[{"href":"https:\/\/www.bellunopress.it\/fr\/wp-json\/wp\/v2\/media?parent=168042"}],"wp:term":[{"taxonomy":"category","embeddable":true,"href":"https:\/\/www.bellunopress.it\/fr\/wp-json\/wp\/v2\/categories?post=168042"},{"taxonomy":"post_tag","embeddable":true,"href":"https:\/\/www.bellunopress.it\/fr\/wp-json\/wp\/v2\/tags?post=168042"}],"curies":[{"name":"wp","href":"https:\/\/api.w.org\/{rel}","templated":true}]}}