{"id":168038,"date":"2026-03-10T14:31:03","date_gmt":"2026-03-10T13:31:03","guid":{"rendered":"https:\/\/www.bellunopress.it\/?p=168038"},"modified":"2026-03-10T14:31:03","modified_gmt":"2026-03-10T13:31:03","slug":"olympic-cup-ultimo-evento-al-centro-sport-sostenibilita-e-inclusione","status":"publish","type":"post","link":"https:\/\/www.bellunopress.it\/fr\/2026\/03\/10\/olympic-cup-ultimo-evento-al-centro-sport-sostenibilita-e-inclusione\/","title":{"rendered":"Olympic Cup, ultimo evento al Centro sport, sostenibilit\u00e0 e inclusione"},"content":{"rendered":"<p>Venerd\u00ec 13 marzo a Villa Carpenada si chiude il ciclo di incontri sui temi dello sport<br \/>\npromosso dal CUP &#8211; Comitato Unitario Permanente degli Ordini e Collegi Professionali di Belluno<\/p>\n<p>Si chiude con un pomeriggio dedicato a &#8220;Sport, sviluppo tecnologico e sostenibilit\u00e0&#8221;<br \/>\nOlympic CUP, l&#8217;iniziativa di approfondimento sui temi dello sport dedicata alle Olimpiadi e Paralimpiadi Milano-Cortina 2026 e promossa dal CUP &#8211; Comitato Unitario Permanente degli Ordini e dei Collegi della Provincia di Belluno.<\/p>\n<p>L&#8217;appuntamento \u00e8 per venerd\u00ec 13 marzo, dalle 14:30 alle 18:30, al Park Hotel Villa Carpenada di Mier, a Belluno. Il pomeriggio di lavori affronter\u00e0 i temi della sostenibilit\u00e0, dell&#8217;accessibilit\u00e0 e dell&#8217;inclusione, ma toccher\u00e0 anche gli aspetti giuridici della pratica sportiva e l&#8217;eredit\u00e0 dei Giochi 2026 sul territorio.<\/p>\n<p>Ad aprire e moderare il pomeriggio, come nelle precedenti occasioni sar\u00e0 l&#8217;avvocato Innocenzo Megali, presidente del CUP Belluno; a seguire, Federico Svaluto, perito industriale ed esperto nel settore degli impianti a fune, illustrer\u00e0 \u201cTecnologia e sostenibilit\u00e0 negli impianti di risalita\u201d, mentre Paolo Doneg\u00e0 (referente per il Nord Est per l\u2019Istituto per il Credito Sportivo e Culturale) affronter\u00e0 il tema del \u201cSostegno e servizio dello sviluppo sostenibile delle discipline sportive\u201d. Roberto Vitali, consulente per l\u2019elaborazione e l\u2019analisi della accessibilit\u00e0 universale e dell\u2019inclusione nelle citt\u00e0 della Regione Veneto ospitanti i Giochi e CEO di Village4All, toccher\u00e0 le delicate questioni relative a \u201cAccessibilit\u00e0 e inclusione\u201d; chiusura, infine, riservata a due avvocati: la prima, Elisabetta Frate (tra gli incarichi, anche quello di responsabile affari legali nel consiglio direttivo del Belluno Volley), analizzer\u00e0 i \u201cProfili giuridici dello sport paraolimpico\u201d, mentre il secondo, l&#8217;assessore alla cultura del Comune di Belluno Raffaele Addamiano, illustrer\u00e0 \u201cL&#8217;eredit\u00e0 culturale ed economica delle Olimpiadi e Paraolimpiadi Milano-Cortina 2026\u201d.<\/p>\n<p>Per gli iscritti agli ordini aderenti al CUP, i crediti formativi saranno riconosciuti secondo le previsioni degli ordini professionali di appartenenza. Per informazioni e iscrizioni si pu\u00f2 inviare una mail a cuprofessionibelluno@gmail.com o chiamare il 335\/6121885 (Megali).<\/p>","protected":false},"excerpt":{"rendered":"<p>Venerd\u00ec 13 marzo a Villa Carpenada si chiude il ciclo di incontri sui temi dello sport promosso dal CUP &#8211; Comitato Unitario Permanente degli Ordini e Collegi Professionali di Belluno Si chiude con un pomeriggio dedicato a &#8220;Sport, sviluppo tecnologico e sostenibilit\u00e0&#8221; Olympic CUP, l&#8217;iniziativa di approfondimento sui temi dello sport dedicata alle Olimpiadi e [&hellip;]<\/p>\n","protected":false},"author":2,"featured_media":154428,"comment_status":"closed","ping_status":"open","sticky":false,"template":"","format":"standard","meta":{"footnotes":""},"categories":[27,8],"tags":[],"class_list":["post-168038","post","type-post","status-publish","format-standard","has-post-thumbnail","category-appuntamenti","category-societa-istituzioni"],"yoast_head":"<!-- This site is optimized with the Yoast SEO plugin v28.4 - https:\/\/yoast.com\/product\/yoast-seo-wordpress\/ -->\n<title>Olympic Cup, ultimo evento al Centro sport, sostenibilit\u00e0 e inclusione - Bellunopress - Dolomiti<\/title>\n<meta name=\"robots\" content=\"index, follow, max-snippet:-1, max-image-preview:large, max-video-preview:-1\" \/>\n<link rel=\"canonical\" href=\"https:\/\/www.bellunopress.it\/fr\/2026\/03\/10\/olympic-cup-ultimo-evento-al-centro-sport-sostenibilita-e-inclusione\/\" \/>\n<meta property=\"og:locale\" content=\"fr_FR\" \/>\n<meta property=\"og:type\" content=\"article\" \/>\n<meta property=\"og:title\" content=\"Olympic Cup, ultimo evento al Centro sport, sostenibilit\u00e0 e inclusione - Bellunopress - Dolomiti\" \/>\n<meta property=\"og:description\" content=\"Venerd\u00ec 13 marzo a Villa Carpenada si chiude il ciclo di incontri sui temi dello sport promosso dal CUP &#8211; Comitato Unitario Permanente degli Ordini e Collegi Professionali di Belluno Si chiude con un pomeriggio dedicato a &#8220;Sport, sviluppo tecnologico e sostenibilit\u00e0&#8221; Olympic CUP, l&#8217;iniziativa di approfondimento sui temi dello sport dedicata alle Olimpiadi e [&hellip;]\" \/>\n<meta property=\"og:url\" content=\"https:\/\/www.bellunopress.it\/fr\/2026\/03\/10\/olympic-cup-ultimo-evento-al-centro-sport-sostenibilita-e-inclusione\/\" \/>\n<meta property=\"og:site_name\" content=\"Bellunopress - Dolomiti\" \/>\n<meta property=\"article:publisher\" content=\"https:\/\/www.facebook.com\/profile.php?id=100008943462799\" \/>\n<meta property=\"article:published_time\" content=\"2026-03-10T13:31:03+00:00\" \/>\n<meta property=\"og:image\" content=\"https:\/\/www.bellunopress.it\/wp-content\/uploads\/2024\/09\/Hotel-Villa-Carpenada-Belluno.jpg\" \/>\n\t<meta property=\"og:image:width\" content=\"1000\" \/>\n\t<meta property=\"og:image:height\" content=\"599\" \/>\n\t<meta property=\"og:image:type\" content=\"image\/jpeg\" \/>\n<meta name=\"author\" content=\"redazione\" \/>\n<meta name=\"twitter:card\" content=\"summary_large_image\" \/>\n<meta name=\"twitter:creator\" content=\"@bellunopress\" \/>\n<meta name=\"twitter:site\" content=\"@bellunopress\" \/>\n<meta name=\"twitter:label1\" content=\"\u00c9crit par\" \/>\n\t<meta name=\"twitter:data1\" content=\"redazione\" \/>\n\t<meta name=\"twitter:label2\" content=\"Dur\u00e9e de lecture estim\u00e9e\" \/>\n\t<meta name=\"twitter:data2\" content=\"2 minutes\" \/>\n<script type=\"application\/ld+json\" class=\"yoast-schema-graph\">{\"@context\":\"https:\\\/\\\/schema.org\",\"@graph\":[{\"@type\":\"Article\",\"@id\":\"https:\\\/\\\/www.bellunopress.it\\\/2026\\\/03\\\/10\\\/olympic-cup-ultimo-evento-al-centro-sport-sostenibilita-e-inclusione\\\/#article\",\"isPartOf\":{\"@id\":\"https:\\\/\\\/www.bellunopress.it\\\/2026\\\/03\\\/10\\\/olympic-cup-ultimo-evento-al-centro-sport-sostenibilita-e-inclusione\\\/\"},\"author\":{\"name\":\"redazione\",\"@id\":\"https:\\\/\\\/www.bellunopress.it\\\/#\\\/schema\\\/person\\\/79bb06722b37ece1c03d3e94beb30d73\"},\"headline\":\"Olympic Cup, ultimo evento al Centro sport, sostenibilit\u00e0 e inclusione\",\"datePublished\":\"2026-03-10T13:31:03+00:00\",\"mainEntityOfPage\":{\"@id\":\"https:\\\/\\\/www.bellunopress.it\\\/2026\\\/03\\\/10\\\/olympic-cup-ultimo-evento-al-centro-sport-sostenibilita-e-inclusione\\\/\"},\"wordCount\":332,\"publisher\":{\"@id\":\"https:\\\/\\\/www.bellunopress.it\\\/#organization\"},\"image\":{\"@id\":\"https:\\\/\\\/www.bellunopress.it\\\/2026\\\/03\\\/10\\\/olympic-cup-ultimo-evento-al-centro-sport-sostenibilita-e-inclusione\\\/#primaryimage\"},\"thumbnailUrl\":\"https:\\\/\\\/www.bellunopress.it\\\/wp-content\\\/uploads\\\/2024\\\/09\\\/Hotel-Villa-Carpenada-Belluno.jpg\",\"articleSection\":[\"Appuntamenti, Eventi\",\"Societ\u00e0, Associazioni, Istituzioni\"],\"inLanguage\":\"fr-FR\"},{\"@type\":\"WebPage\",\"@id\":\"https:\\\/\\\/www.bellunopress.it\\\/2026\\\/03\\\/10\\\/olympic-cup-ultimo-evento-al-centro-sport-sostenibilita-e-inclusione\\\/\",\"url\":\"https:\\\/\\\/www.bellunopress.it\\\/2026\\\/03\\\/10\\\/olympic-cup-ultimo-evento-al-centro-sport-sostenibilita-e-inclusione\\\/\",\"name\":\"Olympic Cup, ultimo evento al Centro sport, sostenibilit\u00e0 e inclusione - Bellunopress - Dolomiti\",\"isPartOf\":{\"@id\":\"https:\\\/\\\/www.bellunopress.it\\\/#website\"},\"primaryImageOfPage\":{\"@id\":\"https:\\\/\\\/www.bellunopress.it\\\/2026\\\/03\\\/10\\\/olympic-cup-ultimo-evento-al-centro-sport-sostenibilita-e-inclusione\\\/#primaryimage\"},\"image\":{\"@id\":\"https:\\\/\\\/www.bellunopress.it\\\/2026\\\/03\\\/10\\\/olympic-cup-ultimo-evento-al-centro-sport-sostenibilita-e-inclusione\\\/#primaryimage\"},\"thumbnailUrl\":\"https:\\\/\\\/www.bellunopress.it\\\/wp-content\\\/uploads\\\/2024\\\/09\\\/Hotel-Villa-Carpenada-Belluno.jpg\",\"datePublished\":\"2026-03-10T13:31:03+00:00\",\"breadcrumb\":{\"@id\":\"https:\\\/\\\/www.bellunopress.it\\\/2026\\\/03\\\/10\\\/olympic-cup-ultimo-evento-al-centro-sport-sostenibilita-e-inclusione\\\/#breadcrumb\"},\"inLanguage\":\"fr-FR\",\"potentialAction\":[{\"@type\":\"ReadAction\",\"target\":[\"https:\\\/\\\/www.bellunopress.it\\\/2026\\\/03\\\/10\\\/olympic-cup-ultimo-evento-al-centro-sport-sostenibilita-e-inclusione\\\/\"]}]},{\"@type\":\"ImageObject\",\"inLanguage\":\"fr-FR\",\"@id\":\"https:\\\/\\\/www.bellunopress.it\\\/2026\\\/03\\\/10\\\/olympic-cup-ultimo-evento-al-centro-sport-sostenibilita-e-inclusione\\\/#primaryimage\",\"url\":\"https:\\\/\\\/www.bellunopress.it\\\/wp-content\\\/uploads\\\/2024\\\/09\\\/Hotel-Villa-Carpenada-Belluno.jpg\",\"contentUrl\":\"https:\\\/\\\/www.bellunopress.it\\\/wp-content\\\/uploads\\\/2024\\\/09\\\/Hotel-Villa-Carpenada-Belluno.jpg\",\"width\":1000,\"height\":599,\"caption\":\"Park Hotel Villa Carpenada - Belluno\"},{\"@type\":\"BreadcrumbList\",\"@id\":\"https:\\\/\\\/www.bellunopress.it\\\/2026\\\/03\\\/10\\\/olympic-cup-ultimo-evento-al-centro-sport-sostenibilita-e-inclusione\\\/#breadcrumb\",\"itemListElement\":[{\"@type\":\"ListItem\",\"position\":1,\"name\":\"Home\",\"item\":\"https:\\\/\\\/www.bellunopress.it\\\/\"},{\"@type\":\"ListItem\",\"position\":2,\"name\":\"Olympic Cup, ultimo evento al Centro sport, sostenibilit\u00e0 e inclusione\"}]},{\"@type\":\"WebSite\",\"@id\":\"https:\\\/\\\/www.bellunopress.it\\\/#website\",\"url\":\"https:\\\/\\\/www.bellunopress.it\\\/\",\"name\":\"Bellunopress - Dolomiti\",\"description\":\"e-mail: redazione@bellunopress.it\",\"publisher\":{\"@id\":\"https:\\\/\\\/www.bellunopress.it\\\/#organization\"},\"potentialAction\":[{\"@type\":\"SearchAction\",\"target\":{\"@type\":\"EntryPoint\",\"urlTemplate\":\"https:\\\/\\\/www.bellunopress.it\\\/?s={search_term_string}\"},\"query-input\":{\"@type\":\"PropertyValueSpecification\",\"valueRequired\":true,\"valueName\":\"search_term_string\"}}],\"inLanguage\":\"fr-FR\"},{\"@type\":\"Organization\",\"@id\":\"https:\\\/\\\/www.bellunopress.it\\\/#organization\",\"name\":\"Bellunopress\",\"url\":\"https:\\\/\\\/www.bellunopress.it\\\/\",\"logo\":{\"@type\":\"ImageObject\",\"inLanguage\":\"fr-FR\",\"@id\":\"https:\\\/\\\/www.bellunopress.it\\\/#\\\/schema\\\/logo\\\/image\\\/\",\"url\":\"https:\\\/\\\/www.bellunopress.it\\\/wp-content\\\/uploads\\\/2011\\\/05\\\/cropped-logo-bellunopress-.jpg\",\"contentUrl\":\"https:\\\/\\\/www.bellunopress.it\\\/wp-content\\\/uploads\\\/2011\\\/05\\\/cropped-logo-bellunopress-.jpg\",\"width\":512,\"height\":512,\"caption\":\"Bellunopress\"},\"image\":{\"@id\":\"https:\\\/\\\/www.bellunopress.it\\\/#\\\/schema\\\/logo\\\/image\\\/\"},\"sameAs\":[\"https:\\\/\\\/www.facebook.com\\\/profile.php?id=100008943462799\",\"https:\\\/\\\/x.com\\\/bellunopress\",\"https:\\\/\\\/www.linkedin.com\\\/hp\\\/?dnr=JBzUWaJfMUw8vbXJJ2tVW5-I3jZKvC4wsoxE&amp;amp;amp;amp;amp;amp;trk=nav_responsive_tab_home\",\"https:\\\/\\\/www.youtube.com\\\/channel\\\/UCxL0wu1uN0_3_7hGG0306cw\"]},{\"@type\":\"Person\",\"@id\":\"https:\\\/\\\/www.bellunopress.it\\\/#\\\/schema\\\/person\\\/79bb06722b37ece1c03d3e94beb30d73\",\"name\":\"redazione\",\"image\":{\"@type\":\"ImageObject\",\"inLanguage\":\"fr-FR\",\"@id\":\"https:\\\/\\\/secure.gravatar.com\\\/avatar\\\/37d968a2e67a6fd04c169c4bdef102d0bc5d31b2546345219e348575eb80e9a0?s=96&d=mm&r=g\",\"url\":\"https:\\\/\\\/secure.gravatar.com\\\/avatar\\\/37d968a2e67a6fd04c169c4bdef102d0bc5d31b2546345219e348575eb80e9a0?s=96&d=mm&r=g\",\"contentUrl\":\"https:\\\/\\\/secure.gravatar.com\\\/avatar\\\/37d968a2e67a6fd04c169c4bdef102d0bc5d31b2546345219e348575eb80e9a0?s=96&d=mm&r=g\",\"caption\":\"redazione\"},\"sameAs\":[\"http:\\\/\\\/www.bellunopress.it\",\"https:\\\/\\\/x.com\\\/bellunopress\"],\"url\":\"https:\\\/\\\/www.bellunopress.it\\\/fr\\\/author\\\/redazione\\\/\"}]}<\/script>\n<!-- \/ Yoast SEO plugin. -->","yoast_head_json":{"title":"Olympic Cup, ultimo evento al Centro sport, sostenibilit\u00e0 e inclusione - Bellunopress - Dolomiti","robots":{"index":"index","follow":"follow","max-snippet":"max-snippet:-1","max-image-preview":"max-image-preview:large","max-video-preview":"max-video-preview:-1"},"canonical":"https:\/\/www.bellunopress.it\/fr\/2026\/03\/10\/olympic-cup-ultimo-evento-al-centro-sport-sostenibilita-e-inclusione\/","og_locale":"fr_FR","og_type":"article","og_title":"Olympic Cup, ultimo evento al Centro sport, sostenibilit\u00e0 e inclusione - Bellunopress - Dolomiti","og_description":"Venerd\u00ec 13 marzo a Villa Carpenada si chiude il ciclo di incontri sui temi dello sport promosso dal CUP &#8211; Comitato Unitario Permanente degli Ordini e Collegi Professionali di Belluno Si chiude con un pomeriggio dedicato a &#8220;Sport, sviluppo tecnologico e sostenibilit\u00e0&#8221; Olympic CUP, l&#8217;iniziativa di approfondimento sui temi dello sport dedicata alle Olimpiadi e [&hellip;]","og_url":"https:\/\/www.bellunopress.it\/fr\/2026\/03\/10\/olympic-cup-ultimo-evento-al-centro-sport-sostenibilita-e-inclusione\/","og_site_name":"Bellunopress - Dolomiti","article_publisher":"https:\/\/www.facebook.com\/profile.php?id=100008943462799","article_published_time":"2026-03-10T13:31:03+00:00","og_image":[{"width":1000,"height":599,"url":"https:\/\/www.bellunopress.it\/wp-content\/uploads\/2024\/09\/Hotel-Villa-Carpenada-Belluno.jpg","type":"image\/jpeg"}],"author":"redazione","twitter_card":"summary_large_image","twitter_creator":"@bellunopress","twitter_site":"@bellunopress","twitter_misc":{"\u00c9crit par":"redazione","Dur\u00e9e de lecture estim\u00e9e":"2 minutes"},"schema":{"@context":"https:\/\/schema.org","@graph":[{"@type":"Article","@id":"https:\/\/www.bellunopress.it\/2026\/03\/10\/olympic-cup-ultimo-evento-al-centro-sport-sostenibilita-e-inclusione\/#article","isPartOf":{"@id":"https:\/\/www.bellunopress.it\/2026\/03\/10\/olympic-cup-ultimo-evento-al-centro-sport-sostenibilita-e-inclusione\/"},"author":{"name":"redazione","@id":"https:\/\/www.bellunopress.it\/#\/schema\/person\/79bb06722b37ece1c03d3e94beb30d73"},"headline":"Olympic Cup, ultimo evento al Centro sport, sostenibilit\u00e0 e inclusione","datePublished":"2026-03-10T13:31:03+00:00","mainEntityOfPage":{"@id":"https:\/\/www.bellunopress.it\/2026\/03\/10\/olympic-cup-ultimo-evento-al-centro-sport-sostenibilita-e-inclusione\/"},"wordCount":332,"publisher":{"@id":"https:\/\/www.bellunopress.it\/#organization"},"image":{"@id":"https:\/\/www.bellunopress.it\/2026\/03\/10\/olympic-cup-ultimo-evento-al-centro-sport-sostenibilita-e-inclusione\/#primaryimage"},"thumbnailUrl":"https:\/\/www.bellunopress.it\/wp-content\/uploads\/2024\/09\/Hotel-Villa-Carpenada-Belluno.jpg","articleSection":["Appuntamenti, Eventi","Societ\u00e0, Associazioni, Istituzioni"],"inLanguage":"fr-FR"},{"@type":"WebPage","@id":"https:\/\/www.bellunopress.it\/2026\/03\/10\/olympic-cup-ultimo-evento-al-centro-sport-sostenibilita-e-inclusione\/","url":"https:\/\/www.bellunopress.it\/2026\/03\/10\/olympic-cup-ultimo-evento-al-centro-sport-sostenibilita-e-inclusione\/","name":"Olympic Cup, ultimo evento al Centro sport, sostenibilit\u00e0 e inclusione - Bellunopress - Dolomiti","isPartOf":{"@id":"https:\/\/www.bellunopress.it\/#website"},"primaryImageOfPage":{"@id":"https:\/\/www.bellunopress.it\/2026\/03\/10\/olympic-cup-ultimo-evento-al-centro-sport-sostenibilita-e-inclusione\/#primaryimage"},"image":{"@id":"https:\/\/www.bellunopress.it\/2026\/03\/10\/olympic-cup-ultimo-evento-al-centro-sport-sostenibilita-e-inclusione\/#primaryimage"},"thumbnailUrl":"https:\/\/www.bellunopress.it\/wp-content\/uploads\/2024\/09\/Hotel-Villa-Carpenada-Belluno.jpg","datePublished":"2026-03-10T13:31:03+00:00","breadcrumb":{"@id":"https:\/\/www.bellunopress.it\/2026\/03\/10\/olympic-cup-ultimo-evento-al-centro-sport-sostenibilita-e-inclusione\/#breadcrumb"},"inLanguage":"fr-FR","potentialAction":[{"@type":"ReadAction","target":["https:\/\/www.bellunopress.it\/2026\/03\/10\/olympic-cup-ultimo-evento-al-centro-sport-sostenibilita-e-inclusione\/"]}]},{"@type":"ImageObject","inLanguage":"fr-FR","@id":"https:\/\/www.bellunopress.it\/2026\/03\/10\/olympic-cup-ultimo-evento-al-centro-sport-sostenibilita-e-inclusione\/#primaryimage","url":"https:\/\/www.bellunopress.it\/wp-content\/uploads\/2024\/09\/Hotel-Villa-Carpenada-Belluno.jpg","contentUrl":"https:\/\/www.bellunopress.it\/wp-content\/uploads\/2024\/09\/Hotel-Villa-Carpenada-Belluno.jpg","width":1000,"height":599,"caption":"Park Hotel Villa Carpenada - Belluno"},{"@type":"BreadcrumbList","@id":"https:\/\/www.bellunopress.it\/2026\/03\/10\/olympic-cup-ultimo-evento-al-centro-sport-sostenibilita-e-inclusione\/#breadcrumb","itemListElement":[{"@type":"ListItem","position":1,"name":"Home","item":"https:\/\/www.bellunopress.it\/"},{"@type":"ListItem","position":2,"name":"Olympic Cup, ultimo evento al Centro sport, sostenibilit\u00e0 e inclusione"}]},{"@type":"WebSite","@id":"https:\/\/www.bellunopress.it\/#website","url":"https:\/\/www.bellunopress.it\/","name":"Bellunopress - Dolomiti","description":"e-mail: redazione@bellunopress.it","publisher":{"@id":"https:\/\/www.bellunopress.it\/#organization"},"potentialAction":[{"@type":"SearchAction","target":{"@type":"EntryPoint","urlTemplate":"https:\/\/www.bellunopress.it\/?s={search_term_string}"},"query-input":{"@type":"PropertyValueSpecification","valueRequired":true,"valueName":"search_term_string"}}],"inLanguage":"fr-FR"},{"@type":"Organization","@id":"https:\/\/www.bellunopress.it\/#organization","name":"Bellunopress","url":"https:\/\/www.bellunopress.it\/","logo":{"@type":"ImageObject","inLanguage":"fr-FR","@id":"https:\/\/www.bellunopress.it\/#\/schema\/logo\/image\/","url":"https:\/\/www.bellunopress.it\/wp-content\/uploads\/2011\/05\/cropped-logo-bellunopress-.jpg","contentUrl":"https:\/\/www.bellunopress.it\/wp-content\/uploads\/2011\/05\/cropped-logo-bellunopress-.jpg","width":512,"height":512,"caption":"Bellunopress"},"image":{"@id":"https:\/\/www.bellunopress.it\/#\/schema\/logo\/image\/"},"sameAs":["https:\/\/www.facebook.com\/profile.php?id=100008943462799","https:\/\/x.com\/bellunopress","https:\/\/www.linkedin.com\/hp\/?dnr=JBzUWaJfMUw8vbXJJ2tVW5-I3jZKvC4wsoxE&amp;amp;amp;amp;amp;amp;trk=nav_responsive_tab_home","https:\/\/www.youtube.com\/channel\/UCxL0wu1uN0_3_7hGG0306cw"]},{"@type":"Person","@id":"https:\/\/www.bellunopress.it\/#\/schema\/person\/79bb06722b37ece1c03d3e94beb30d73","name":"r\u00e9daction","image":{"@type":"ImageObject","inLanguage":"fr-FR","@id":"https:\/\/secure.gravatar.com\/avatar\/37d968a2e67a6fd04c169c4bdef102d0bc5d31b2546345219e348575eb80e9a0?s=96&d=mm&r=g","url":"https:\/\/secure.gravatar.com\/avatar\/37d968a2e67a6fd04c169c4bdef102d0bc5d31b2546345219e348575eb80e9a0?s=96&d=mm&r=g","contentUrl":"https:\/\/secure.gravatar.com\/avatar\/37d968a2e67a6fd04c169c4bdef102d0bc5d31b2546345219e348575eb80e9a0?s=96&d=mm&r=g","caption":"redazione"},"sameAs":["http:\/\/www.bellunopress.it","https:\/\/x.com\/bellunopress"],"url":"https:\/\/www.bellunopress.it\/fr\/author\/redazione\/"}]}},"_links":{"self":[{"href":"https:\/\/www.bellunopress.it\/fr\/wp-json\/wp\/v2\/posts\/168038","targetHints":{"allow":["GET"]}}],"collection":[{"href":"https:\/\/www.bellunopress.it\/fr\/wp-json\/wp\/v2\/posts"}],"about":[{"href":"https:\/\/www.bellunopress.it\/fr\/wp-json\/wp\/v2\/types\/post"}],"author":[{"embeddable":true,"href":"https:\/\/www.bellunopress.it\/fr\/wp-json\/wp\/v2\/users\/2"}],"replies":[{"embeddable":true,"href":"https:\/\/www.bellunopress.it\/fr\/wp-json\/wp\/v2\/comments?post=168038"}],"version-history":[{"count":1,"href":"https:\/\/www.bellunopress.it\/fr\/wp-json\/wp\/v2\/posts\/168038\/revisions"}],"predecessor-version":[{"id":168039,"href":"https:\/\/www.bellunopress.it\/fr\/wp-json\/wp\/v2\/posts\/168038\/revisions\/168039"}],"wp:featuredmedia":[{"embeddable":true,"href":"https:\/\/www.bellunopress.it\/fr\/wp-json\/wp\/v2\/media\/154428"}],"wp:attachment":[{"href":"https:\/\/www.bellunopress.it\/fr\/wp-json\/wp\/v2\/media?parent=168038"}],"wp:term":[{"taxonomy":"category","embeddable":true,"href":"https:\/\/www.bellunopress.it\/fr\/wp-json\/wp\/v2\/categories?post=168038"},{"taxonomy":"post_tag","embeddable":true,"href":"https:\/\/www.bellunopress.it\/fr\/wp-json\/wp\/v2\/tags?post=168038"}],"curies":[{"name":"wp","href":"https:\/\/api.w.org\/{rel}","templated":true}]}}