{"id":168027,"date":"2026-03-09T20:59:28","date_gmt":"2026-03-09T19:59:28","guid":{"rendered":"https:\/\/www.bellunopress.it\/?p=168027"},"modified":"2026-03-09T20:59:28","modified_gmt":"2026-03-09T19:59:28","slug":"referendum-il-no-dei-giuristi-a-belluno-pizzolato-a-rischio-lindipendenza-dei-magistrati","status":"publish","type":"post","link":"https:\/\/www.bellunopress.it\/fr\/2026\/03\/09\/referendum-il-no-dei-giuristi-a-belluno-pizzolato-a-rischio-lindipendenza-dei-magistrati\/","title":{"rendered":"Referendum, il &#8220;No&#8221; dei giuristi a Belluno. Pizzolato: &#8220;A rischio l&#8217;indipendenza dei magistrati&#8221;"},"content":{"rendered":"<p data-path-to-node=\"3\"><strong>Appuntamento referendario del 22 e 23 marzo. Sotto la lente la separazione delle carriere e il nuovo assetto del CSM: \u00abUno squilibrio che ignora i veri problemi della giustizia civile\u00bb.<\/strong><\/p>\n<p data-path-to-node=\"3\"><b data-path-to-node=\"3\" data-index-in-node=\"0\">Al Centro Congressi Giovanni XXIII l\u2019incontro organizzato da \u201cInsieme per Belluno\u201d<\/b><\/p>\n<p data-path-to-node=\"4\">Belluno, 09\/03\/2026 \u2013 Un\u2019analisi serrata, tecnica e priva di sconti quella andata in scena questa sera al Centro Congressi Giovanni XXIII ini Piazza Piloni a Belluno. Relatore dell&#8217;incontro il professor Filippo Pizzolato, ordinario di Istituzioni di Diritto Pubblico all\u2019Universit\u00e0 di Padova, invitato dal gruppo \u201cInsieme per Belluno \u2013 Bene Comune\u201d per illustrare i contenuti e le insidie della riforma costituzionale della giustizia.<\/p>\n<p data-path-to-node=\"5\">A condurre la serata, dinanzi a una platea attenta, sono state le avvocate Ilenia Bavasso, consigliere comunale di minoranza, e Morena Ardito, che hanno introdotto il dibattito su quello che Pizzolato ha definito un disegno di legge \u00abapprovato in solitudine dalla maggioranza, senza cercare un reale consenso con le opposizioni\u00bb.<\/p>\n<p data-path-to-node=\"7\">Il cuore della critica di Pizzolato risiede nella separazione delle carriere tra magistratura inquirente (PM) e giudicante. \u00abIl rischio paradossale \u2013 ha spiegato il professore \u2013 \u00e8 l\u2019eterogenesi dei fini. Separando nettamente il Pubblico Ministero dal Giudice, si rischia di creare un potere autonomo e privo di contrappesi: il PM rischia di perdere la cultura della giurisdizione, per acquisire la postura di un <em>super-poliziotto<\/em> accusatore\u00bb.<\/p>\n<p data-path-to-node=\"8\">Secondo il costituzionalista, questa autonomia eccessiva aprirebbe la strada a un pericolo ancora maggiore: \u00abSe i PM diventano un potere isolato dello Stato, la domanda successiva sar\u00e0: a chi rispondono? Il passo verso la sottomissione politica al Governo, come avviene in altri Paesi, sarebbe brevissimo\u00bb.<\/p>\n<p data-path-to-node=\"10\">Pizzolato ha smontato l\u2019argomento secondo cui l&#8217;Italia si starebbe semplicemente allineando all&#8217;Europa. \u00abSiamo una &#8220;buona eccezione&#8221; perch\u00e9 i nostri PM sono indipendenti e indagano anche i potenti. La riforma ci avvicina semmai al modello portoghese, dove per\u00f2 i magistrati godono di garanzie che qui verrebbero erose. Non a caso \u2013 ha osservato l&#8217;oratore \u2013 i magistrati portoghesi hanno scritto una lettera di solidariet\u00e0 ai colleghi italiani\u00bb.<\/p>\n<p data-path-to-node=\"12\">Un altro punto critico sollevato riguarda lo sbilanciamento della riforma sul versante penale, a scapito di quello civile. \u00abSi ignorano le vere criticit\u00e0: la carenza di cancellieri, la scarsa informatizzazione e la mancanza di mezzi. La Costituzione affida al Ministro della Giustizia il compito di garantire questi servizi, ma sembra che la politica preferisca occuparsi di punire i magistrati piuttosto che far funzionare la macchina amministrativa\u00bb.<\/p>\n<p data-path-to-node=\"14\">Infine, il professore si \u00e8 soffermato sui nuovi meccanismi di selezione e disciplina. Il sorteggio per la composizione del CSM e della nuova Alta Corte Disciplinare viene visto come un attacco alla professionalit\u00e0. \u00abL\u2019Alta Corte verrebbe sorteggiata solo tra i magistrati di Cassazione, facendo perdere l\u2019esperienza dei magistrati di merito\u00bb.<\/p>\n<p data-path-to-node=\"15\">Pizzolato ha anche smentito il mito di una magistratura che &#8220;non paga mai&#8221;: \u00abI dati dicono che l&#8217;azione disciplinare funziona, con condanne nel 40% dei casi, in linea con gli altri Paesi. \u00c8 significativo che il Ministro impugni le sentenze di assoluzione solo nel 5% dei casi: segno che, per primo, non trova argomenti validi per contestare l&#8217;operato degli organi di controllo attuali\u00bb.<\/p>\n<p data-path-to-node=\"16\">La serata si \u00e8 conclusa con un monito sulla complessit\u00e0 dei ricorsi interni all&#8217;Alta Corte: un \u00abpasticcio procedurale\u00bb dove l&#8217;equilibrio tra le parti resta, ad oggi, un&#8217;incognita pericolosa.<\/p>","protected":false},"excerpt":{"rendered":"<p>Appuntamento referendario del 22 e 23 marzo. Sotto la lente la separazione delle carriere e il nuovo assetto del CSM: \u00abUno squilibrio che ignora i veri problemi della giustizia civile\u00bb. Al Centro Congressi Giovanni XXIII l\u2019incontro organizzato da \u201cInsieme per Belluno\u201d Belluno, 09\/03\/2026 \u2013 Un\u2019analisi serrata, tecnica e priva di sconti quella andata in scena [&hellip;]<\/p>\n","protected":false},"author":2,"featured_media":168028,"comment_status":"closed","ping_status":"open","sticky":false,"template":"","format":"standard","meta":{"footnotes":""},"categories":[5,26],"tags":[],"class_list":["post-168027","post","type-post","status-publish","format-standard","has-post-thumbnail","category-cronaca","category-prima-pagina"],"yoast_head":"<!-- This site is optimized with the Yoast SEO plugin v28.4 - https:\/\/yoast.com\/product\/yoast-seo-wordpress\/ -->\n<title>Referendum, il &quot;No&quot; dei giuristi a Belluno. Pizzolato: &quot;A rischio l&#039;indipendenza dei magistrati&quot; - Bellunopress - Dolomiti<\/title>\n<meta name=\"robots\" content=\"index, follow, max-snippet:-1, max-image-preview:large, max-video-preview:-1\" \/>\n<link rel=\"canonical\" href=\"https:\/\/www.bellunopress.it\/fr\/2026\/03\/09\/referendum-il-no-dei-giuristi-a-belluno-pizzolato-a-rischio-lindipendenza-dei-magistrati\/\" \/>\n<meta property=\"og:locale\" content=\"fr_FR\" \/>\n<meta property=\"og:type\" content=\"article\" \/>\n<meta property=\"og:title\" content=\"Referendum, il &quot;No&quot; dei giuristi a Belluno. Pizzolato: &quot;A rischio l&#039;indipendenza dei magistrati&quot; - Bellunopress - Dolomiti\" \/>\n<meta property=\"og:description\" content=\"Appuntamento referendario del 22 e 23 marzo. Sotto la lente la separazione delle carriere e il nuovo assetto del CSM: \u00abUno squilibrio che ignora i veri problemi della giustizia civile\u00bb. Al Centro Congressi Giovanni XXIII l\u2019incontro organizzato da \u201cInsieme per Belluno\u201d Belluno, 09\/03\/2026 \u2013 Un\u2019analisi serrata, tecnica e priva di sconti quella andata in scena [&hellip;]\" \/>\n<meta property=\"og:url\" content=\"https:\/\/www.bellunopress.it\/fr\/2026\/03\/09\/referendum-il-no-dei-giuristi-a-belluno-pizzolato-a-rischio-lindipendenza-dei-magistrati\/\" \/>\n<meta property=\"og:site_name\" content=\"Bellunopress - Dolomiti\" \/>\n<meta property=\"article:publisher\" content=\"https:\/\/www.facebook.com\/profile.php?id=100008943462799\" \/>\n<meta property=\"article:published_time\" content=\"2026-03-09T19:59:28+00:00\" \/>\n<meta property=\"og:image\" content=\"https:\/\/www.bellunopress.it\/wp-content\/uploads\/2026\/03\/convegno-referendum.jpg\" \/>\n\t<meta property=\"og:image:width\" content=\"600\" \/>\n\t<meta property=\"og:image:height\" content=\"424\" \/>\n\t<meta property=\"og:image:type\" content=\"image\/jpeg\" \/>\n<meta name=\"author\" content=\"redazione\" \/>\n<meta name=\"twitter:card\" content=\"summary_large_image\" \/>\n<meta name=\"twitter:creator\" content=\"@bellunopress\" \/>\n<meta name=\"twitter:site\" content=\"@bellunopress\" \/>\n<meta name=\"twitter:label1\" content=\"\u00c9crit par\" \/>\n\t<meta name=\"twitter:data1\" content=\"redazione\" \/>\n\t<meta name=\"twitter:label2\" content=\"Dur\u00e9e de lecture estim\u00e9e\" \/>\n\t<meta name=\"twitter:data2\" content=\"3 minutes\" \/>\n<script type=\"application\/ld+json\" class=\"yoast-schema-graph\">{\"@context\":\"https:\\\/\\\/schema.org\",\"@graph\":[{\"@type\":\"Article\",\"@id\":\"https:\\\/\\\/www.bellunopress.it\\\/2026\\\/03\\\/09\\\/referendum-il-no-dei-giuristi-a-belluno-pizzolato-a-rischio-lindipendenza-dei-magistrati\\\/#article\",\"isPartOf\":{\"@id\":\"https:\\\/\\\/www.bellunopress.it\\\/2026\\\/03\\\/09\\\/referendum-il-no-dei-giuristi-a-belluno-pizzolato-a-rischio-lindipendenza-dei-magistrati\\\/\"},\"author\":{\"name\":\"redazione\",\"@id\":\"https:\\\/\\\/www.bellunopress.it\\\/#\\\/schema\\\/person\\\/79bb06722b37ece1c03d3e94beb30d73\"},\"headline\":\"Referendum, il &#8220;No&#8221; dei giuristi a Belluno. Pizzolato: &#8220;A rischio l&#8217;indipendenza dei magistrati&#8221;\",\"datePublished\":\"2026-03-09T19:59:28+00:00\",\"mainEntityOfPage\":{\"@id\":\"https:\\\/\\\/www.bellunopress.it\\\/2026\\\/03\\\/09\\\/referendum-il-no-dei-giuristi-a-belluno-pizzolato-a-rischio-lindipendenza-dei-magistrati\\\/\"},\"wordCount\":551,\"publisher\":{\"@id\":\"https:\\\/\\\/www.bellunopress.it\\\/#organization\"},\"image\":{\"@id\":\"https:\\\/\\\/www.bellunopress.it\\\/2026\\\/03\\\/09\\\/referendum-il-no-dei-giuristi-a-belluno-pizzolato-a-rischio-lindipendenza-dei-magistrati\\\/#primaryimage\"},\"thumbnailUrl\":\"https:\\\/\\\/www.bellunopress.it\\\/wp-content\\\/uploads\\\/2026\\\/03\\\/convegno-referendum.jpg\",\"articleSection\":[\"Cronaca\\\/Politica\",\"Prima Pagina\"],\"inLanguage\":\"fr-FR\"},{\"@type\":\"WebPage\",\"@id\":\"https:\\\/\\\/www.bellunopress.it\\\/2026\\\/03\\\/09\\\/referendum-il-no-dei-giuristi-a-belluno-pizzolato-a-rischio-lindipendenza-dei-magistrati\\\/\",\"url\":\"https:\\\/\\\/www.bellunopress.it\\\/2026\\\/03\\\/09\\\/referendum-il-no-dei-giuristi-a-belluno-pizzolato-a-rischio-lindipendenza-dei-magistrati\\\/\",\"name\":\"Referendum, il \\\"No\\\" dei giuristi a Belluno. Pizzolato: \\\"A rischio l'indipendenza dei magistrati\\\" - Bellunopress - Dolomiti\",\"isPartOf\":{\"@id\":\"https:\\\/\\\/www.bellunopress.it\\\/#website\"},\"primaryImageOfPage\":{\"@id\":\"https:\\\/\\\/www.bellunopress.it\\\/2026\\\/03\\\/09\\\/referendum-il-no-dei-giuristi-a-belluno-pizzolato-a-rischio-lindipendenza-dei-magistrati\\\/#primaryimage\"},\"image\":{\"@id\":\"https:\\\/\\\/www.bellunopress.it\\\/2026\\\/03\\\/09\\\/referendum-il-no-dei-giuristi-a-belluno-pizzolato-a-rischio-lindipendenza-dei-magistrati\\\/#primaryimage\"},\"thumbnailUrl\":\"https:\\\/\\\/www.bellunopress.it\\\/wp-content\\\/uploads\\\/2026\\\/03\\\/convegno-referendum.jpg\",\"datePublished\":\"2026-03-09T19:59:28+00:00\",\"breadcrumb\":{\"@id\":\"https:\\\/\\\/www.bellunopress.it\\\/2026\\\/03\\\/09\\\/referendum-il-no-dei-giuristi-a-belluno-pizzolato-a-rischio-lindipendenza-dei-magistrati\\\/#breadcrumb\"},\"inLanguage\":\"fr-FR\",\"potentialAction\":[{\"@type\":\"ReadAction\",\"target\":[\"https:\\\/\\\/www.bellunopress.it\\\/2026\\\/03\\\/09\\\/referendum-il-no-dei-giuristi-a-belluno-pizzolato-a-rischio-lindipendenza-dei-magistrati\\\/\"]}]},{\"@type\":\"ImageObject\",\"inLanguage\":\"fr-FR\",\"@id\":\"https:\\\/\\\/www.bellunopress.it\\\/2026\\\/03\\\/09\\\/referendum-il-no-dei-giuristi-a-belluno-pizzolato-a-rischio-lindipendenza-dei-magistrati\\\/#primaryimage\",\"url\":\"https:\\\/\\\/www.bellunopress.it\\\/wp-content\\\/uploads\\\/2026\\\/03\\\/convegno-referendum.jpg\",\"contentUrl\":\"https:\\\/\\\/www.bellunopress.it\\\/wp-content\\\/uploads\\\/2026\\\/03\\\/convegno-referendum.jpg\",\"width\":600,\"height\":424,\"caption\":\"Avv, Morena Ardito, Avv,Ilenia Bavasso, Prof. Filippo Pizzolato\"},{\"@type\":\"BreadcrumbList\",\"@id\":\"https:\\\/\\\/www.bellunopress.it\\\/2026\\\/03\\\/09\\\/referendum-il-no-dei-giuristi-a-belluno-pizzolato-a-rischio-lindipendenza-dei-magistrati\\\/#breadcrumb\",\"itemListElement\":[{\"@type\":\"ListItem\",\"position\":1,\"name\":\"Home\",\"item\":\"https:\\\/\\\/www.bellunopress.it\\\/\"},{\"@type\":\"ListItem\",\"position\":2,\"name\":\"Referendum, il &#8220;No&#8221; dei giuristi a Belluno. Pizzolato: &#8220;A rischio l&#8217;indipendenza dei magistrati&#8221;\"}]},{\"@type\":\"WebSite\",\"@id\":\"https:\\\/\\\/www.bellunopress.it\\\/#website\",\"url\":\"https:\\\/\\\/www.bellunopress.it\\\/\",\"name\":\"Bellunopress - Dolomiti\",\"description\":\"e-mail: redazione@bellunopress.it\",\"publisher\":{\"@id\":\"https:\\\/\\\/www.bellunopress.it\\\/#organization\"},\"potentialAction\":[{\"@type\":\"SearchAction\",\"target\":{\"@type\":\"EntryPoint\",\"urlTemplate\":\"https:\\\/\\\/www.bellunopress.it\\\/?s={search_term_string}\"},\"query-input\":{\"@type\":\"PropertyValueSpecification\",\"valueRequired\":true,\"valueName\":\"search_term_string\"}}],\"inLanguage\":\"fr-FR\"},{\"@type\":\"Organization\",\"@id\":\"https:\\\/\\\/www.bellunopress.it\\\/#organization\",\"name\":\"Bellunopress\",\"url\":\"https:\\\/\\\/www.bellunopress.it\\\/\",\"logo\":{\"@type\":\"ImageObject\",\"inLanguage\":\"fr-FR\",\"@id\":\"https:\\\/\\\/www.bellunopress.it\\\/#\\\/schema\\\/logo\\\/image\\\/\",\"url\":\"https:\\\/\\\/www.bellunopress.it\\\/wp-content\\\/uploads\\\/2011\\\/05\\\/cropped-logo-bellunopress-.jpg\",\"contentUrl\":\"https:\\\/\\\/www.bellunopress.it\\\/wp-content\\\/uploads\\\/2011\\\/05\\\/cropped-logo-bellunopress-.jpg\",\"width\":512,\"height\":512,\"caption\":\"Bellunopress\"},\"image\":{\"@id\":\"https:\\\/\\\/www.bellunopress.it\\\/#\\\/schema\\\/logo\\\/image\\\/\"},\"sameAs\":[\"https:\\\/\\\/www.facebook.com\\\/profile.php?id=100008943462799\",\"https:\\\/\\\/x.com\\\/bellunopress\",\"https:\\\/\\\/www.linkedin.com\\\/hp\\\/?dnr=JBzUWaJfMUw8vbXJJ2tVW5-I3jZKvC4wsoxE&amp;amp;amp;amp;amp;amp;trk=nav_responsive_tab_home\",\"https:\\\/\\\/www.youtube.com\\\/channel\\\/UCxL0wu1uN0_3_7hGG0306cw\"]},{\"@type\":\"Person\",\"@id\":\"https:\\\/\\\/www.bellunopress.it\\\/#\\\/schema\\\/person\\\/79bb06722b37ece1c03d3e94beb30d73\",\"name\":\"redazione\",\"image\":{\"@type\":\"ImageObject\",\"inLanguage\":\"fr-FR\",\"@id\":\"https:\\\/\\\/secure.gravatar.com\\\/avatar\\\/37d968a2e67a6fd04c169c4bdef102d0bc5d31b2546345219e348575eb80e9a0?s=96&d=mm&r=g\",\"url\":\"https:\\\/\\\/secure.gravatar.com\\\/avatar\\\/37d968a2e67a6fd04c169c4bdef102d0bc5d31b2546345219e348575eb80e9a0?s=96&d=mm&r=g\",\"contentUrl\":\"https:\\\/\\\/secure.gravatar.com\\\/avatar\\\/37d968a2e67a6fd04c169c4bdef102d0bc5d31b2546345219e348575eb80e9a0?s=96&d=mm&r=g\",\"caption\":\"redazione\"},\"sameAs\":[\"http:\\\/\\\/www.bellunopress.it\",\"https:\\\/\\\/x.com\\\/bellunopress\"],\"url\":\"https:\\\/\\\/www.bellunopress.it\\\/fr\\\/author\\\/redazione\\\/\"}]}<\/script>\n<!-- \/ Yoast SEO plugin. -->","yoast_head_json":{"title":"Referendum, il \"No\" dei giuristi a Belluno. Pizzolato: \"A rischio l'indipendenza dei magistrati\" - Bellunopress - Dolomiti","robots":{"index":"index","follow":"follow","max-snippet":"max-snippet:-1","max-image-preview":"max-image-preview:large","max-video-preview":"max-video-preview:-1"},"canonical":"https:\/\/www.bellunopress.it\/fr\/2026\/03\/09\/referendum-il-no-dei-giuristi-a-belluno-pizzolato-a-rischio-lindipendenza-dei-magistrati\/","og_locale":"fr_FR","og_type":"article","og_title":"Referendum, il \"No\" dei giuristi a Belluno. Pizzolato: \"A rischio l'indipendenza dei magistrati\" - Bellunopress - Dolomiti","og_description":"Appuntamento referendario del 22 e 23 marzo. Sotto la lente la separazione delle carriere e il nuovo assetto del CSM: \u00abUno squilibrio che ignora i veri problemi della giustizia civile\u00bb. Al Centro Congressi Giovanni XXIII l\u2019incontro organizzato da \u201cInsieme per Belluno\u201d Belluno, 09\/03\/2026 \u2013 Un\u2019analisi serrata, tecnica e priva di sconti quella andata in scena [&hellip;]","og_url":"https:\/\/www.bellunopress.it\/fr\/2026\/03\/09\/referendum-il-no-dei-giuristi-a-belluno-pizzolato-a-rischio-lindipendenza-dei-magistrati\/","og_site_name":"Bellunopress - Dolomiti","article_publisher":"https:\/\/www.facebook.com\/profile.php?id=100008943462799","article_published_time":"2026-03-09T19:59:28+00:00","og_image":[{"width":600,"height":424,"url":"https:\/\/www.bellunopress.it\/wp-content\/uploads\/2026\/03\/convegno-referendum.jpg","type":"image\/jpeg"}],"author":"redazione","twitter_card":"summary_large_image","twitter_creator":"@bellunopress","twitter_site":"@bellunopress","twitter_misc":{"\u00c9crit par":"redazione","Dur\u00e9e de lecture estim\u00e9e":"3 minutes"},"schema":{"@context":"https:\/\/schema.org","@graph":[{"@type":"Article","@id":"https:\/\/www.bellunopress.it\/2026\/03\/09\/referendum-il-no-dei-giuristi-a-belluno-pizzolato-a-rischio-lindipendenza-dei-magistrati\/#article","isPartOf":{"@id":"https:\/\/www.bellunopress.it\/2026\/03\/09\/referendum-il-no-dei-giuristi-a-belluno-pizzolato-a-rischio-lindipendenza-dei-magistrati\/"},"author":{"name":"redazione","@id":"https:\/\/www.bellunopress.it\/#\/schema\/person\/79bb06722b37ece1c03d3e94beb30d73"},"headline":"Referendum, il &#8220;No&#8221; dei giuristi a Belluno. Pizzolato: &#8220;A rischio l&#8217;indipendenza dei magistrati&#8221;","datePublished":"2026-03-09T19:59:28+00:00","mainEntityOfPage":{"@id":"https:\/\/www.bellunopress.it\/2026\/03\/09\/referendum-il-no-dei-giuristi-a-belluno-pizzolato-a-rischio-lindipendenza-dei-magistrati\/"},"wordCount":551,"publisher":{"@id":"https:\/\/www.bellunopress.it\/#organization"},"image":{"@id":"https:\/\/www.bellunopress.it\/2026\/03\/09\/referendum-il-no-dei-giuristi-a-belluno-pizzolato-a-rischio-lindipendenza-dei-magistrati\/#primaryimage"},"thumbnailUrl":"https:\/\/www.bellunopress.it\/wp-content\/uploads\/2026\/03\/convegno-referendum.jpg","articleSection":["Cronaca\/Politica","Prima Pagina"],"inLanguage":"fr-FR"},{"@type":"WebPage","@id":"https:\/\/www.bellunopress.it\/2026\/03\/09\/referendum-il-no-dei-giuristi-a-belluno-pizzolato-a-rischio-lindipendenza-dei-magistrati\/","url":"https:\/\/www.bellunopress.it\/2026\/03\/09\/referendum-il-no-dei-giuristi-a-belluno-pizzolato-a-rischio-lindipendenza-dei-magistrati\/","name":"Referendum, il \"No\" dei giuristi a Belluno. Pizzolato: \"A rischio l'indipendenza dei magistrati\" - Bellunopress - Dolomiti","isPartOf":{"@id":"https:\/\/www.bellunopress.it\/#website"},"primaryImageOfPage":{"@id":"https:\/\/www.bellunopress.it\/2026\/03\/09\/referendum-il-no-dei-giuristi-a-belluno-pizzolato-a-rischio-lindipendenza-dei-magistrati\/#primaryimage"},"image":{"@id":"https:\/\/www.bellunopress.it\/2026\/03\/09\/referendum-il-no-dei-giuristi-a-belluno-pizzolato-a-rischio-lindipendenza-dei-magistrati\/#primaryimage"},"thumbnailUrl":"https:\/\/www.bellunopress.it\/wp-content\/uploads\/2026\/03\/convegno-referendum.jpg","datePublished":"2026-03-09T19:59:28+00:00","breadcrumb":{"@id":"https:\/\/www.bellunopress.it\/2026\/03\/09\/referendum-il-no-dei-giuristi-a-belluno-pizzolato-a-rischio-lindipendenza-dei-magistrati\/#breadcrumb"},"inLanguage":"fr-FR","potentialAction":[{"@type":"ReadAction","target":["https:\/\/www.bellunopress.it\/2026\/03\/09\/referendum-il-no-dei-giuristi-a-belluno-pizzolato-a-rischio-lindipendenza-dei-magistrati\/"]}]},{"@type":"ImageObject","inLanguage":"fr-FR","@id":"https:\/\/www.bellunopress.it\/2026\/03\/09\/referendum-il-no-dei-giuristi-a-belluno-pizzolato-a-rischio-lindipendenza-dei-magistrati\/#primaryimage","url":"https:\/\/www.bellunopress.it\/wp-content\/uploads\/2026\/03\/convegno-referendum.jpg","contentUrl":"https:\/\/www.bellunopress.it\/wp-content\/uploads\/2026\/03\/convegno-referendum.jpg","width":600,"height":424,"caption":"Avv, Morena Ardito, Avv,Ilenia Bavasso, Prof. Filippo Pizzolato"},{"@type":"BreadcrumbList","@id":"https:\/\/www.bellunopress.it\/2026\/03\/09\/referendum-il-no-dei-giuristi-a-belluno-pizzolato-a-rischio-lindipendenza-dei-magistrati\/#breadcrumb","itemListElement":[{"@type":"ListItem","position":1,"name":"Home","item":"https:\/\/www.bellunopress.it\/"},{"@type":"ListItem","position":2,"name":"Referendum, il &#8220;No&#8221; dei giuristi a Belluno. Pizzolato: &#8220;A rischio l&#8217;indipendenza dei magistrati&#8221;"}]},{"@type":"WebSite","@id":"https:\/\/www.bellunopress.it\/#website","url":"https:\/\/www.bellunopress.it\/","name":"Bellunopress - Dolomiti","description":"e-mail: redazione@bellunopress.it","publisher":{"@id":"https:\/\/www.bellunopress.it\/#organization"},"potentialAction":[{"@type":"SearchAction","target":{"@type":"EntryPoint","urlTemplate":"https:\/\/www.bellunopress.it\/?s={search_term_string}"},"query-input":{"@type":"PropertyValueSpecification","valueRequired":true,"valueName":"search_term_string"}}],"inLanguage":"fr-FR"},{"@type":"Organization","@id":"https:\/\/www.bellunopress.it\/#organization","name":"Bellunopress","url":"https:\/\/www.bellunopress.it\/","logo":{"@type":"ImageObject","inLanguage":"fr-FR","@id":"https:\/\/www.bellunopress.it\/#\/schema\/logo\/image\/","url":"https:\/\/www.bellunopress.it\/wp-content\/uploads\/2011\/05\/cropped-logo-bellunopress-.jpg","contentUrl":"https:\/\/www.bellunopress.it\/wp-content\/uploads\/2011\/05\/cropped-logo-bellunopress-.jpg","width":512,"height":512,"caption":"Bellunopress"},"image":{"@id":"https:\/\/www.bellunopress.it\/#\/schema\/logo\/image\/"},"sameAs":["https:\/\/www.facebook.com\/profile.php?id=100008943462799","https:\/\/x.com\/bellunopress","https:\/\/www.linkedin.com\/hp\/?dnr=JBzUWaJfMUw8vbXJJ2tVW5-I3jZKvC4wsoxE&amp;amp;amp;amp;amp;amp;trk=nav_responsive_tab_home","https:\/\/www.youtube.com\/channel\/UCxL0wu1uN0_3_7hGG0306cw"]},{"@type":"Person","@id":"https:\/\/www.bellunopress.it\/#\/schema\/person\/79bb06722b37ece1c03d3e94beb30d73","name":"r\u00e9daction","image":{"@type":"ImageObject","inLanguage":"fr-FR","@id":"https:\/\/secure.gravatar.com\/avatar\/37d968a2e67a6fd04c169c4bdef102d0bc5d31b2546345219e348575eb80e9a0?s=96&d=mm&r=g","url":"https:\/\/secure.gravatar.com\/avatar\/37d968a2e67a6fd04c169c4bdef102d0bc5d31b2546345219e348575eb80e9a0?s=96&d=mm&r=g","contentUrl":"https:\/\/secure.gravatar.com\/avatar\/37d968a2e67a6fd04c169c4bdef102d0bc5d31b2546345219e348575eb80e9a0?s=96&d=mm&r=g","caption":"redazione"},"sameAs":["http:\/\/www.bellunopress.it","https:\/\/x.com\/bellunopress"],"url":"https:\/\/www.bellunopress.it\/fr\/author\/redazione\/"}]}},"_links":{"self":[{"href":"https:\/\/www.bellunopress.it\/fr\/wp-json\/wp\/v2\/posts\/168027","targetHints":{"allow":["GET"]}}],"collection":[{"href":"https:\/\/www.bellunopress.it\/fr\/wp-json\/wp\/v2\/posts"}],"about":[{"href":"https:\/\/www.bellunopress.it\/fr\/wp-json\/wp\/v2\/types\/post"}],"author":[{"embeddable":true,"href":"https:\/\/www.bellunopress.it\/fr\/wp-json\/wp\/v2\/users\/2"}],"replies":[{"embeddable":true,"href":"https:\/\/www.bellunopress.it\/fr\/wp-json\/wp\/v2\/comments?post=168027"}],"version-history":[{"count":1,"href":"https:\/\/www.bellunopress.it\/fr\/wp-json\/wp\/v2\/posts\/168027\/revisions"}],"predecessor-version":[{"id":168029,"href":"https:\/\/www.bellunopress.it\/fr\/wp-json\/wp\/v2\/posts\/168027\/revisions\/168029"}],"wp:featuredmedia":[{"embeddable":true,"href":"https:\/\/www.bellunopress.it\/fr\/wp-json\/wp\/v2\/media\/168028"}],"wp:attachment":[{"href":"https:\/\/www.bellunopress.it\/fr\/wp-json\/wp\/v2\/media?parent=168027"}],"wp:term":[{"taxonomy":"category","embeddable":true,"href":"https:\/\/www.bellunopress.it\/fr\/wp-json\/wp\/v2\/categories?post=168027"},{"taxonomy":"post_tag","embeddable":true,"href":"https:\/\/www.bellunopress.it\/fr\/wp-json\/wp\/v2\/tags?post=168027"}],"curies":[{"name":"wp","href":"https:\/\/api.w.org\/{rel}","templated":true}]}}