{"id":168013,"date":"2026-03-08T17:37:28","date_gmt":"2026-03-08T16:37:28","guid":{"rendered":"https:\/\/www.bellunopress.it\/?p=168013"},"modified":"2026-03-08T17:37:28","modified_gmt":"2026-03-08T16:37:28","slug":"donne-e-legalita-giovedi-a-belluno-la-reporter-amalia-de-simone-per-parlare-di-diritti-tra-mafia-e-carcere","status":"publish","type":"post","link":"https:\/\/www.bellunopress.it\/fr\/2026\/03\/08\/donne-e-legalita-giovedi-a-belluno-la-reporter-amalia-de-simone-per-parlare-di-diritti-tra-mafia-e-carcere\/","title":{"rendered":"Donne e legalit\u00e0: gioved\u00ec a Belluno la reporter Amalia De Simone per parlare di diritti, tra mafia e carcere"},"content":{"rendered":"<p>Continuano gli incontri delle Scuole in Rete per esaminare e discutere di mafia oggi, con un punto di vista al femminile: donne di mafie e donne contro la mafia. Dopo l\u2019appuntamento della scorsa settimana con Antonella Napoli per approfondire i diritti delle donne in Africa, le Sir e l\u2019associazione Amici delle Scuole in Rete, in sinergia con Met\u00e0logos e l\u2019Ufficio scolastico provinciale, invitano infatti a Belluno la giornalista Amalia De Simone per parlare di \u201cMafie, donne e carcere\u201d.<\/p>\n<p>\u00c8 questo infatti il titolo della serata, aperta alla cittadinanza, che si terr\u00e0 gioved\u00ec 12 marzo in Sala Muccin a Belluno, alle ore 17.45. L\u2019incontro \u00e8 organizzato all\u2019interno del progetto Oltre disruption \u2013 un patto per cambiare cultura\u2019 e vuole porsi in contiguit\u00e0 con la Giornata della donna e la Giornata della memoria e dell\u2019impegno in ricordo delle vittime delle mafie (che cade il 21 marzo) .<\/p>\n<p>De Simone \u00e8 una videoreporter d\u2019inchiesta della RAI e collabora con testate internazionali, oltre a essere stata nominata Cavaliere al Merito della Repubblica Italiana dal presidente Sergio Mattarella per il suo impegno di denuncia di attivit\u00e0 criminali attraverso complesse indagini giornalistiche. Si \u00e8 infatti occupata, tra le altre cose, delle infiltrazioni mafiose in Europa nel libro \u201cMafiEuropa\u201d, nel quale ha ricostruito il percorso dei soldi dei gruppi criminali soprattutto in Paesi dove le leggi antimafia non sono presenti. Per le sue indagini ha vinto i pi\u00f9 prestigiosi premi del giornalismo, tra cui il Mariagrazia Cutuli e per tre volte riconoscimenti nel Premio Cronista dell\u2019Anno<\/p>\n<p>Inoltre, ha realizzato il documentario \u201cCaine\u201d, che raccoglie le storie di donne detenute in alcuni penitenziari femminili italiani, dei loro sentimenti, della storia dei loro errori, dei diritti riconosciuti e di quelli che mancano per il loro recupero.<\/p>\n<p>Tutto questo sar\u00e0 dunque al centro di un interessante dibattito, cui le SiR invitano a partecipare. Il giorno successivo, inoltre, De Simone sar\u00e0 con gli studenti presso l\u2019Istituto Calvi e, nel pomeriggio, con i partecipanti al prossimo viaggio della legalit\u00e0 a Torino.<\/p>\n<p>Tutte le informazioni sul sito studentibelluno.it.<\/p>","protected":false},"excerpt":{"rendered":"<p>Continuano gli incontri delle Scuole in Rete per esaminare e discutere di mafia oggi, con un punto di vista al femminile: donne di mafie e donne contro la mafia. Dopo l\u2019appuntamento della scorsa settimana con Antonella Napoli per approfondire i diritti delle donne in Africa, le Sir e l\u2019associazione Amici delle Scuole in Rete, in [&hellip;]<\/p>\n","protected":false},"author":2,"featured_media":168014,"comment_status":"closed","ping_status":"open","sticky":false,"template":"","format":"standard","meta":{"footnotes":""},"categories":[3,25,15],"tags":[],"class_list":["post-168013","post","type-post","status-publish","format-standard","has-post-thumbnail","category-arte-cultura-spettacoli-scienza-archivi","category-pausa-caffe","category-scuola"],"yoast_head":"<!-- This site is optimized with the Yoast SEO plugin v28.4 - https:\/\/yoast.com\/product\/yoast-seo-wordpress\/ -->\n<title>Donne e legalit\u00e0: gioved\u00ec a Belluno la reporter Amalia De Simone per parlare di diritti, tra mafia e carcere - Bellunopress - Dolomiti<\/title>\n<meta name=\"robots\" content=\"index, follow, max-snippet:-1, max-image-preview:large, max-video-preview:-1\" \/>\n<link rel=\"canonical\" href=\"https:\/\/www.bellunopress.it\/fr\/2026\/03\/08\/donne-e-legalita-giovedi-a-belluno-la-reporter-amalia-de-simone-per-parlare-di-diritti-tra-mafia-e-carcere\/\" \/>\n<meta property=\"og:locale\" content=\"fr_FR\" \/>\n<meta property=\"og:type\" content=\"article\" \/>\n<meta property=\"og:title\" content=\"Donne e legalit\u00e0: gioved\u00ec a Belluno la reporter Amalia De Simone per parlare di diritti, tra mafia e carcere - Bellunopress - Dolomiti\" \/>\n<meta property=\"og:description\" content=\"Continuano gli incontri delle Scuole in Rete per esaminare e discutere di mafia oggi, con un punto di vista al femminile: donne di mafie e donne contro la mafia. Dopo l\u2019appuntamento della scorsa settimana con Antonella Napoli per approfondire i diritti delle donne in Africa, le Sir e l\u2019associazione Amici delle Scuole in Rete, in [&hellip;]\" \/>\n<meta property=\"og:url\" content=\"https:\/\/www.bellunopress.it\/fr\/2026\/03\/08\/donne-e-legalita-giovedi-a-belluno-la-reporter-amalia-de-simone-per-parlare-di-diritti-tra-mafia-e-carcere\/\" \/>\n<meta property=\"og:site_name\" content=\"Bellunopress - Dolomiti\" \/>\n<meta property=\"article:publisher\" content=\"https:\/\/www.facebook.com\/profile.php?id=100008943462799\" \/>\n<meta property=\"article:published_time\" content=\"2026-03-08T16:37:28+00:00\" \/>\n<meta property=\"og:image\" content=\"https:\/\/www.bellunopress.it\/wp-content\/uploads\/2026\/03\/Amalia-De-Simone.jpg\" \/>\n\t<meta property=\"og:image:width\" content=\"426\" \/>\n\t<meta property=\"og:image:height\" content=\"500\" \/>\n\t<meta property=\"og:image:type\" content=\"image\/jpeg\" \/>\n<meta name=\"author\" content=\"redazione\" \/>\n<meta name=\"twitter:card\" content=\"summary_large_image\" \/>\n<meta name=\"twitter:creator\" content=\"@bellunopress\" \/>\n<meta name=\"twitter:site\" content=\"@bellunopress\" \/>\n<meta name=\"twitter:label1\" content=\"\u00c9crit par\" \/>\n\t<meta name=\"twitter:data1\" content=\"redazione\" \/>\n\t<meta name=\"twitter:label2\" content=\"Dur\u00e9e de lecture estim\u00e9e\" \/>\n\t<meta name=\"twitter:data2\" content=\"2 minutes\" \/>\n<script type=\"application\/ld+json\" class=\"yoast-schema-graph\">{\"@context\":\"https:\\\/\\\/schema.org\",\"@graph\":[{\"@type\":\"Article\",\"@id\":\"https:\\\/\\\/www.bellunopress.it\\\/2026\\\/03\\\/08\\\/donne-e-legalita-giovedi-a-belluno-la-reporter-amalia-de-simone-per-parlare-di-diritti-tra-mafia-e-carcere\\\/#article\",\"isPartOf\":{\"@id\":\"https:\\\/\\\/www.bellunopress.it\\\/2026\\\/03\\\/08\\\/donne-e-legalita-giovedi-a-belluno-la-reporter-amalia-de-simone-per-parlare-di-diritti-tra-mafia-e-carcere\\\/\"},\"author\":{\"name\":\"redazione\",\"@id\":\"https:\\\/\\\/www.bellunopress.it\\\/#\\\/schema\\\/person\\\/79bb06722b37ece1c03d3e94beb30d73\"},\"headline\":\"Donne e legalit\u00e0: gioved\u00ec a Belluno la reporter Amalia De Simone per parlare di diritti, tra mafia e carcere\",\"datePublished\":\"2026-03-08T16:37:28+00:00\",\"mainEntityOfPage\":{\"@id\":\"https:\\\/\\\/www.bellunopress.it\\\/2026\\\/03\\\/08\\\/donne-e-legalita-giovedi-a-belluno-la-reporter-amalia-de-simone-per-parlare-di-diritti-tra-mafia-e-carcere\\\/\"},\"wordCount\":356,\"publisher\":{\"@id\":\"https:\\\/\\\/www.bellunopress.it\\\/#organization\"},\"image\":{\"@id\":\"https:\\\/\\\/www.bellunopress.it\\\/2026\\\/03\\\/08\\\/donne-e-legalita-giovedi-a-belluno-la-reporter-amalia-de-simone-per-parlare-di-diritti-tra-mafia-e-carcere\\\/#primaryimage\"},\"thumbnailUrl\":\"https:\\\/\\\/www.bellunopress.it\\\/wp-content\\\/uploads\\\/2026\\\/03\\\/Amalia-De-Simone.jpg\",\"articleSection\":[\"Arte, Cultura, Spettacoli, Scienza\",\"Pausa Caff\u00e8\",\"Scuola\"],\"inLanguage\":\"fr-FR\"},{\"@type\":\"WebPage\",\"@id\":\"https:\\\/\\\/www.bellunopress.it\\\/2026\\\/03\\\/08\\\/donne-e-legalita-giovedi-a-belluno-la-reporter-amalia-de-simone-per-parlare-di-diritti-tra-mafia-e-carcere\\\/\",\"url\":\"https:\\\/\\\/www.bellunopress.it\\\/2026\\\/03\\\/08\\\/donne-e-legalita-giovedi-a-belluno-la-reporter-amalia-de-simone-per-parlare-di-diritti-tra-mafia-e-carcere\\\/\",\"name\":\"Donne e legalit\u00e0: gioved\u00ec a Belluno la reporter Amalia De Simone per parlare di diritti, tra mafia e carcere - Bellunopress - Dolomiti\",\"isPartOf\":{\"@id\":\"https:\\\/\\\/www.bellunopress.it\\\/#website\"},\"primaryImageOfPage\":{\"@id\":\"https:\\\/\\\/www.bellunopress.it\\\/2026\\\/03\\\/08\\\/donne-e-legalita-giovedi-a-belluno-la-reporter-amalia-de-simone-per-parlare-di-diritti-tra-mafia-e-carcere\\\/#primaryimage\"},\"image\":{\"@id\":\"https:\\\/\\\/www.bellunopress.it\\\/2026\\\/03\\\/08\\\/donne-e-legalita-giovedi-a-belluno-la-reporter-amalia-de-simone-per-parlare-di-diritti-tra-mafia-e-carcere\\\/#primaryimage\"},\"thumbnailUrl\":\"https:\\\/\\\/www.bellunopress.it\\\/wp-content\\\/uploads\\\/2026\\\/03\\\/Amalia-De-Simone.jpg\",\"datePublished\":\"2026-03-08T16:37:28+00:00\",\"breadcrumb\":{\"@id\":\"https:\\\/\\\/www.bellunopress.it\\\/2026\\\/03\\\/08\\\/donne-e-legalita-giovedi-a-belluno-la-reporter-amalia-de-simone-per-parlare-di-diritti-tra-mafia-e-carcere\\\/#breadcrumb\"},\"inLanguage\":\"fr-FR\",\"potentialAction\":[{\"@type\":\"ReadAction\",\"target\":[\"https:\\\/\\\/www.bellunopress.it\\\/2026\\\/03\\\/08\\\/donne-e-legalita-giovedi-a-belluno-la-reporter-amalia-de-simone-per-parlare-di-diritti-tra-mafia-e-carcere\\\/\"]}]},{\"@type\":\"ImageObject\",\"inLanguage\":\"fr-FR\",\"@id\":\"https:\\\/\\\/www.bellunopress.it\\\/2026\\\/03\\\/08\\\/donne-e-legalita-giovedi-a-belluno-la-reporter-amalia-de-simone-per-parlare-di-diritti-tra-mafia-e-carcere\\\/#primaryimage\",\"url\":\"https:\\\/\\\/www.bellunopress.it\\\/wp-content\\\/uploads\\\/2026\\\/03\\\/Amalia-De-Simone.jpg\",\"contentUrl\":\"https:\\\/\\\/www.bellunopress.it\\\/wp-content\\\/uploads\\\/2026\\\/03\\\/Amalia-De-Simone.jpg\",\"width\":426,\"height\":500},{\"@type\":\"BreadcrumbList\",\"@id\":\"https:\\\/\\\/www.bellunopress.it\\\/2026\\\/03\\\/08\\\/donne-e-legalita-giovedi-a-belluno-la-reporter-amalia-de-simone-per-parlare-di-diritti-tra-mafia-e-carcere\\\/#breadcrumb\",\"itemListElement\":[{\"@type\":\"ListItem\",\"position\":1,\"name\":\"Home\",\"item\":\"https:\\\/\\\/www.bellunopress.it\\\/\"},{\"@type\":\"ListItem\",\"position\":2,\"name\":\"Donne e legalit\u00e0: gioved\u00ec a Belluno la reporter Amalia De Simone per parlare di diritti, tra mafia e carcere\"}]},{\"@type\":\"WebSite\",\"@id\":\"https:\\\/\\\/www.bellunopress.it\\\/#website\",\"url\":\"https:\\\/\\\/www.bellunopress.it\\\/\",\"name\":\"Bellunopress - Dolomiti\",\"description\":\"e-mail: redazione@bellunopress.it\",\"publisher\":{\"@id\":\"https:\\\/\\\/www.bellunopress.it\\\/#organization\"},\"potentialAction\":[{\"@type\":\"SearchAction\",\"target\":{\"@type\":\"EntryPoint\",\"urlTemplate\":\"https:\\\/\\\/www.bellunopress.it\\\/?s={search_term_string}\"},\"query-input\":{\"@type\":\"PropertyValueSpecification\",\"valueRequired\":true,\"valueName\":\"search_term_string\"}}],\"inLanguage\":\"fr-FR\"},{\"@type\":\"Organization\",\"@id\":\"https:\\\/\\\/www.bellunopress.it\\\/#organization\",\"name\":\"Bellunopress\",\"url\":\"https:\\\/\\\/www.bellunopress.it\\\/\",\"logo\":{\"@type\":\"ImageObject\",\"inLanguage\":\"fr-FR\",\"@id\":\"https:\\\/\\\/www.bellunopress.it\\\/#\\\/schema\\\/logo\\\/image\\\/\",\"url\":\"https:\\\/\\\/www.bellunopress.it\\\/wp-content\\\/uploads\\\/2011\\\/05\\\/cropped-logo-bellunopress-.jpg\",\"contentUrl\":\"https:\\\/\\\/www.bellunopress.it\\\/wp-content\\\/uploads\\\/2011\\\/05\\\/cropped-logo-bellunopress-.jpg\",\"width\":512,\"height\":512,\"caption\":\"Bellunopress\"},\"image\":{\"@id\":\"https:\\\/\\\/www.bellunopress.it\\\/#\\\/schema\\\/logo\\\/image\\\/\"},\"sameAs\":[\"https:\\\/\\\/www.facebook.com\\\/profile.php?id=100008943462799\",\"https:\\\/\\\/x.com\\\/bellunopress\",\"https:\\\/\\\/www.linkedin.com\\\/hp\\\/?dnr=JBzUWaJfMUw8vbXJJ2tVW5-I3jZKvC4wsoxE&amp;amp;amp;amp;amp;amp;trk=nav_responsive_tab_home\",\"https:\\\/\\\/www.youtube.com\\\/channel\\\/UCxL0wu1uN0_3_7hGG0306cw\"]},{\"@type\":\"Person\",\"@id\":\"https:\\\/\\\/www.bellunopress.it\\\/#\\\/schema\\\/person\\\/79bb06722b37ece1c03d3e94beb30d73\",\"name\":\"redazione\",\"image\":{\"@type\":\"ImageObject\",\"inLanguage\":\"fr-FR\",\"@id\":\"https:\\\/\\\/secure.gravatar.com\\\/avatar\\\/37d968a2e67a6fd04c169c4bdef102d0bc5d31b2546345219e348575eb80e9a0?s=96&d=mm&r=g\",\"url\":\"https:\\\/\\\/secure.gravatar.com\\\/avatar\\\/37d968a2e67a6fd04c169c4bdef102d0bc5d31b2546345219e348575eb80e9a0?s=96&d=mm&r=g\",\"contentUrl\":\"https:\\\/\\\/secure.gravatar.com\\\/avatar\\\/37d968a2e67a6fd04c169c4bdef102d0bc5d31b2546345219e348575eb80e9a0?s=96&d=mm&r=g\",\"caption\":\"redazione\"},\"sameAs\":[\"http:\\\/\\\/www.bellunopress.it\",\"https:\\\/\\\/x.com\\\/bellunopress\"],\"url\":\"https:\\\/\\\/www.bellunopress.it\\\/fr\\\/author\\\/redazione\\\/\"}]}<\/script>\n<!-- \/ Yoast SEO plugin. -->","yoast_head_json":{"title":"Donne e legalit\u00e0: gioved\u00ec a Belluno la reporter Amalia De Simone per parlare di diritti, tra mafia e carcere - Bellunopress - Dolomiti","robots":{"index":"index","follow":"follow","max-snippet":"max-snippet:-1","max-image-preview":"max-image-preview:large","max-video-preview":"max-video-preview:-1"},"canonical":"https:\/\/www.bellunopress.it\/fr\/2026\/03\/08\/donne-e-legalita-giovedi-a-belluno-la-reporter-amalia-de-simone-per-parlare-di-diritti-tra-mafia-e-carcere\/","og_locale":"fr_FR","og_type":"article","og_title":"Donne e legalit\u00e0: gioved\u00ec a Belluno la reporter Amalia De Simone per parlare di diritti, tra mafia e carcere - Bellunopress - Dolomiti","og_description":"Continuano gli incontri delle Scuole in Rete per esaminare e discutere di mafia oggi, con un punto di vista al femminile: donne di mafie e donne contro la mafia. Dopo l\u2019appuntamento della scorsa settimana con Antonella Napoli per approfondire i diritti delle donne in Africa, le Sir e l\u2019associazione Amici delle Scuole in Rete, in [&hellip;]","og_url":"https:\/\/www.bellunopress.it\/fr\/2026\/03\/08\/donne-e-legalita-giovedi-a-belluno-la-reporter-amalia-de-simone-per-parlare-di-diritti-tra-mafia-e-carcere\/","og_site_name":"Bellunopress - Dolomiti","article_publisher":"https:\/\/www.facebook.com\/profile.php?id=100008943462799","article_published_time":"2026-03-08T16:37:28+00:00","og_image":[{"width":426,"height":500,"url":"https:\/\/www.bellunopress.it\/wp-content\/uploads\/2026\/03\/Amalia-De-Simone.jpg","type":"image\/jpeg"}],"author":"redazione","twitter_card":"summary_large_image","twitter_creator":"@bellunopress","twitter_site":"@bellunopress","twitter_misc":{"\u00c9crit par":"redazione","Dur\u00e9e de lecture estim\u00e9e":"2 minutes"},"schema":{"@context":"https:\/\/schema.org","@graph":[{"@type":"Article","@id":"https:\/\/www.bellunopress.it\/2026\/03\/08\/donne-e-legalita-giovedi-a-belluno-la-reporter-amalia-de-simone-per-parlare-di-diritti-tra-mafia-e-carcere\/#article","isPartOf":{"@id":"https:\/\/www.bellunopress.it\/2026\/03\/08\/donne-e-legalita-giovedi-a-belluno-la-reporter-amalia-de-simone-per-parlare-di-diritti-tra-mafia-e-carcere\/"},"author":{"name":"redazione","@id":"https:\/\/www.bellunopress.it\/#\/schema\/person\/79bb06722b37ece1c03d3e94beb30d73"},"headline":"Donne e legalit\u00e0: gioved\u00ec a Belluno la reporter Amalia De Simone per parlare di diritti, tra mafia e carcere","datePublished":"2026-03-08T16:37:28+00:00","mainEntityOfPage":{"@id":"https:\/\/www.bellunopress.it\/2026\/03\/08\/donne-e-legalita-giovedi-a-belluno-la-reporter-amalia-de-simone-per-parlare-di-diritti-tra-mafia-e-carcere\/"},"wordCount":356,"publisher":{"@id":"https:\/\/www.bellunopress.it\/#organization"},"image":{"@id":"https:\/\/www.bellunopress.it\/2026\/03\/08\/donne-e-legalita-giovedi-a-belluno-la-reporter-amalia-de-simone-per-parlare-di-diritti-tra-mafia-e-carcere\/#primaryimage"},"thumbnailUrl":"https:\/\/www.bellunopress.it\/wp-content\/uploads\/2026\/03\/Amalia-De-Simone.jpg","articleSection":["Arte, Cultura, Spettacoli, Scienza","Pausa Caff\u00e8","Scuola"],"inLanguage":"fr-FR"},{"@type":"WebPage","@id":"https:\/\/www.bellunopress.it\/2026\/03\/08\/donne-e-legalita-giovedi-a-belluno-la-reporter-amalia-de-simone-per-parlare-di-diritti-tra-mafia-e-carcere\/","url":"https:\/\/www.bellunopress.it\/2026\/03\/08\/donne-e-legalita-giovedi-a-belluno-la-reporter-amalia-de-simone-per-parlare-di-diritti-tra-mafia-e-carcere\/","name":"Donne e legalit\u00e0: gioved\u00ec a Belluno la reporter Amalia De Simone per parlare di diritti, tra mafia e carcere - Bellunopress - Dolomiti","isPartOf":{"@id":"https:\/\/www.bellunopress.it\/#website"},"primaryImageOfPage":{"@id":"https:\/\/www.bellunopress.it\/2026\/03\/08\/donne-e-legalita-giovedi-a-belluno-la-reporter-amalia-de-simone-per-parlare-di-diritti-tra-mafia-e-carcere\/#primaryimage"},"image":{"@id":"https:\/\/www.bellunopress.it\/2026\/03\/08\/donne-e-legalita-giovedi-a-belluno-la-reporter-amalia-de-simone-per-parlare-di-diritti-tra-mafia-e-carcere\/#primaryimage"},"thumbnailUrl":"https:\/\/www.bellunopress.it\/wp-content\/uploads\/2026\/03\/Amalia-De-Simone.jpg","datePublished":"2026-03-08T16:37:28+00:00","breadcrumb":{"@id":"https:\/\/www.bellunopress.it\/2026\/03\/08\/donne-e-legalita-giovedi-a-belluno-la-reporter-amalia-de-simone-per-parlare-di-diritti-tra-mafia-e-carcere\/#breadcrumb"},"inLanguage":"fr-FR","potentialAction":[{"@type":"ReadAction","target":["https:\/\/www.bellunopress.it\/2026\/03\/08\/donne-e-legalita-giovedi-a-belluno-la-reporter-amalia-de-simone-per-parlare-di-diritti-tra-mafia-e-carcere\/"]}]},{"@type":"ImageObject","inLanguage":"fr-FR","@id":"https:\/\/www.bellunopress.it\/2026\/03\/08\/donne-e-legalita-giovedi-a-belluno-la-reporter-amalia-de-simone-per-parlare-di-diritti-tra-mafia-e-carcere\/#primaryimage","url":"https:\/\/www.bellunopress.it\/wp-content\/uploads\/2026\/03\/Amalia-De-Simone.jpg","contentUrl":"https:\/\/www.bellunopress.it\/wp-content\/uploads\/2026\/03\/Amalia-De-Simone.jpg","width":426,"height":500},{"@type":"BreadcrumbList","@id":"https:\/\/www.bellunopress.it\/2026\/03\/08\/donne-e-legalita-giovedi-a-belluno-la-reporter-amalia-de-simone-per-parlare-di-diritti-tra-mafia-e-carcere\/#breadcrumb","itemListElement":[{"@type":"ListItem","position":1,"name":"Home","item":"https:\/\/www.bellunopress.it\/"},{"@type":"ListItem","position":2,"name":"Donne e legalit\u00e0: gioved\u00ec a Belluno la reporter Amalia De Simone per parlare di diritti, tra mafia e carcere"}]},{"@type":"WebSite","@id":"https:\/\/www.bellunopress.it\/#website","url":"https:\/\/www.bellunopress.it\/","name":"Bellunopress - Dolomiti","description":"e-mail: redazione@bellunopress.it","publisher":{"@id":"https:\/\/www.bellunopress.it\/#organization"},"potentialAction":[{"@type":"SearchAction","target":{"@type":"EntryPoint","urlTemplate":"https:\/\/www.bellunopress.it\/?s={search_term_string}"},"query-input":{"@type":"PropertyValueSpecification","valueRequired":true,"valueName":"search_term_string"}}],"inLanguage":"fr-FR"},{"@type":"Organization","@id":"https:\/\/www.bellunopress.it\/#organization","name":"Bellunopress","url":"https:\/\/www.bellunopress.it\/","logo":{"@type":"ImageObject","inLanguage":"fr-FR","@id":"https:\/\/www.bellunopress.it\/#\/schema\/logo\/image\/","url":"https:\/\/www.bellunopress.it\/wp-content\/uploads\/2011\/05\/cropped-logo-bellunopress-.jpg","contentUrl":"https:\/\/www.bellunopress.it\/wp-content\/uploads\/2011\/05\/cropped-logo-bellunopress-.jpg","width":512,"height":512,"caption":"Bellunopress"},"image":{"@id":"https:\/\/www.bellunopress.it\/#\/schema\/logo\/image\/"},"sameAs":["https:\/\/www.facebook.com\/profile.php?id=100008943462799","https:\/\/x.com\/bellunopress","https:\/\/www.linkedin.com\/hp\/?dnr=JBzUWaJfMUw8vbXJJ2tVW5-I3jZKvC4wsoxE&amp;amp;amp;amp;amp;amp;trk=nav_responsive_tab_home","https:\/\/www.youtube.com\/channel\/UCxL0wu1uN0_3_7hGG0306cw"]},{"@type":"Person","@id":"https:\/\/www.bellunopress.it\/#\/schema\/person\/79bb06722b37ece1c03d3e94beb30d73","name":"r\u00e9daction","image":{"@type":"ImageObject","inLanguage":"fr-FR","@id":"https:\/\/secure.gravatar.com\/avatar\/37d968a2e67a6fd04c169c4bdef102d0bc5d31b2546345219e348575eb80e9a0?s=96&d=mm&r=g","url":"https:\/\/secure.gravatar.com\/avatar\/37d968a2e67a6fd04c169c4bdef102d0bc5d31b2546345219e348575eb80e9a0?s=96&d=mm&r=g","contentUrl":"https:\/\/secure.gravatar.com\/avatar\/37d968a2e67a6fd04c169c4bdef102d0bc5d31b2546345219e348575eb80e9a0?s=96&d=mm&r=g","caption":"redazione"},"sameAs":["http:\/\/www.bellunopress.it","https:\/\/x.com\/bellunopress"],"url":"https:\/\/www.bellunopress.it\/fr\/author\/redazione\/"}]}},"_links":{"self":[{"href":"https:\/\/www.bellunopress.it\/fr\/wp-json\/wp\/v2\/posts\/168013","targetHints":{"allow":["GET"]}}],"collection":[{"href":"https:\/\/www.bellunopress.it\/fr\/wp-json\/wp\/v2\/posts"}],"about":[{"href":"https:\/\/www.bellunopress.it\/fr\/wp-json\/wp\/v2\/types\/post"}],"author":[{"embeddable":true,"href":"https:\/\/www.bellunopress.it\/fr\/wp-json\/wp\/v2\/users\/2"}],"replies":[{"embeddable":true,"href":"https:\/\/www.bellunopress.it\/fr\/wp-json\/wp\/v2\/comments?post=168013"}],"version-history":[{"count":1,"href":"https:\/\/www.bellunopress.it\/fr\/wp-json\/wp\/v2\/posts\/168013\/revisions"}],"predecessor-version":[{"id":168015,"href":"https:\/\/www.bellunopress.it\/fr\/wp-json\/wp\/v2\/posts\/168013\/revisions\/168015"}],"wp:featuredmedia":[{"embeddable":true,"href":"https:\/\/www.bellunopress.it\/fr\/wp-json\/wp\/v2\/media\/168014"}],"wp:attachment":[{"href":"https:\/\/www.bellunopress.it\/fr\/wp-json\/wp\/v2\/media?parent=168013"}],"wp:term":[{"taxonomy":"category","embeddable":true,"href":"https:\/\/www.bellunopress.it\/fr\/wp-json\/wp\/v2\/categories?post=168013"},{"taxonomy":"post_tag","embeddable":true,"href":"https:\/\/www.bellunopress.it\/fr\/wp-json\/wp\/v2\/tags?post=168013"}],"curies":[{"name":"wp","href":"https:\/\/api.w.org\/{rel}","templated":true}]}}