{"id":168009,"date":"2026-03-08T16:34:21","date_gmt":"2026-03-08T15:34:21","guid":{"rendered":"https:\/\/www.bellunopress.it\/?p=168009"},"modified":"2026-03-11T07:46:28","modified_gmt":"2026-03-11T06:46:28","slug":"le-piante-di-belluno-luci-e-ombre-tra-i-parchi-e-le-periferie","status":"publish","type":"post","link":"https:\/\/www.bellunopress.it\/fr\/2026\/03\/08\/le-piante-di-belluno-luci-e-ombre-tra-i-parchi-e-le-periferie\/","title":{"rendered":"Le piante di Belluno: luci e ombre tra i parchi e le periferie"},"content":{"rendered":"<p><strong>Edera comune, Clematide vitalba, Senecio del capo, Vite americana, Caprifoglio giapponese, Eliotropio invernale e\u00a0Convolvolo infestante nella flora di Belluno.<\/strong><\/p>\n<p>Belluno, la nostra citt\u00e0, \u00e8 una citta&#8217; verde nella bella stagione.<\/p>\n<p>Durante la stagione invernale merita una particolare attenzione perch\u00e9 la qualit\u00e0 prevalente delle sue piante non ci onora.<\/p>\n<p>Ci sono piante molto belle e curate; le vediamo in Piazza dei Martiri, nel recinto dell&#8217;Ospedale, al Parco Bologna.<\/p>\n<p>Lungo le strade di accesso alla citt\u00e0 risultano invece dominanti piante ad alto fusto ammalate e soffocate da piante rampicanti e infestanti. Alcune di queste sono sempreverdi, per cui spiccano nel panorama invernale; altre invece perdono le foglie e avvizziscono costituendo, con le loro vittime, un groviglio inestricabile (horribile visu) che spesso si estende per centinaia di metri.<\/p>\n<p>Il confronto, solitamente umiliante con i panorami e l&#8217;organizzazione delle citt\u00e0 del Trentino Alto Adige, in questo caso dovrebbe essere stimolante per migliorare l&#8217;immagine della citt\u00e0, la qualit\u00e0 dell&#8217;aria e la sicurezza.<\/p>\n<p>Le piante infestate hanno vita breve: si seccano, si piegano e infine crollano. Molte minacciavano la linea ferroviaria alla estremit\u00e0 est del Ponte degli Alpini e sono state opportunamente tagliate<\/p>\n<p>Un rilevante groviglio di piante ormai secche e infestate pencola pericolosamente su Viale Europa da qualche anno, all&#8217;incrocio con via Anna Fulcis. Sono molto evidenti perch\u00e9 il verde del convolvolo e dell&#8217;edera spicca fin da lontano.<\/p>\n<p>Penso che la Guardia Forestale o il Comune debbano intervenire sia per la tutela dell&#8217;ambiente che per motivi di sicurezza. Non mi sembra opportuno che queste piante crollino sulla statale. Dovrebbero essere rapidamente eliminate insieme al groviglio delle rampicanti e sostituite con piante nuove e gestite con cura. Sicuramente molti volontari sarebbero disponibili a questo progetto.<\/p>\n<p>Dr. Filiberto Dal Molin<\/p>","protected":false},"excerpt":{"rendered":"<p>Edera comune, Clematide vitalba, Senecio del capo, Vite americana, Caprifoglio giapponese, Eliotropio invernale e\u00a0Convolvolo infestante nella flora di Belluno. Belluno, la nostra citt\u00e0, \u00e8 una citta&#8217; verde nella bella stagione. Durante la stagione invernale merita una particolare attenzione perch\u00e9 la qualit\u00e0 prevalente delle sue piante non ci onora. Ci sono piante molto belle e curate; [&hellip;]<\/p>\n","protected":false},"author":2,"featured_media":168010,"comment_status":"closed","ping_status":"open","sticky":false,"template":"","format":"standard","meta":{"footnotes":""},"categories":[3614],"tags":[],"class_list":["post-168009","post","type-post","status-publish","format-standard","has-post-thumbnail","category-controcorrente"],"yoast_head":"<!-- This site is optimized with the Yoast SEO plugin v28.4 - https:\/\/yoast.com\/product\/yoast-seo-wordpress\/ -->\n<title>Le piante di Belluno: luci e ombre tra i parchi e le periferie - Bellunopress - Dolomiti<\/title>\n<meta name=\"robots\" content=\"index, follow, max-snippet:-1, max-image-preview:large, max-video-preview:-1\" \/>\n<link rel=\"canonical\" href=\"https:\/\/www.bellunopress.it\/fr\/2026\/03\/08\/le-piante-di-belluno-luci-e-ombre-tra-i-parchi-e-le-periferie\/\" \/>\n<meta property=\"og:locale\" content=\"fr_FR\" \/>\n<meta property=\"og:type\" content=\"article\" \/>\n<meta property=\"og:title\" content=\"Le piante di Belluno: luci e ombre tra i parchi e le periferie - Bellunopress - Dolomiti\" \/>\n<meta property=\"og:description\" content=\"Edera comune, Clematide vitalba, Senecio del capo, Vite americana, Caprifoglio giapponese, Eliotropio invernale e\u00a0Convolvolo infestante nella flora di Belluno. Belluno, la nostra citt\u00e0, \u00e8 una citta&#8217; verde nella bella stagione. Durante la stagione invernale merita una particolare attenzione perch\u00e9 la qualit\u00e0 prevalente delle sue piante non ci onora. Ci sono piante molto belle e curate; [&hellip;]\" \/>\n<meta property=\"og:url\" content=\"https:\/\/www.bellunopress.it\/fr\/2026\/03\/08\/le-piante-di-belluno-luci-e-ombre-tra-i-parchi-e-le-periferie\/\" \/>\n<meta property=\"og:site_name\" content=\"Bellunopress - Dolomiti\" \/>\n<meta property=\"article:publisher\" content=\"https:\/\/www.facebook.com\/profile.php?id=100008943462799\" \/>\n<meta property=\"article:published_time\" content=\"2026-03-08T15:34:21+00:00\" \/>\n<meta property=\"article:modified_time\" content=\"2026-03-11T06:46:28+00:00\" \/>\n<meta property=\"og:image\" content=\"https:\/\/www.bellunopress.it\/wp-content\/uploads\/2026\/03\/piante-viale-europa.jpg\" \/>\n\t<meta property=\"og:image:width\" content=\"448\" \/>\n\t<meta property=\"og:image:height\" content=\"427\" \/>\n\t<meta property=\"og:image:type\" content=\"image\/jpeg\" \/>\n<meta name=\"author\" content=\"redazione\" \/>\n<meta name=\"twitter:card\" content=\"summary_large_image\" \/>\n<meta name=\"twitter:creator\" content=\"@bellunopress\" \/>\n<meta name=\"twitter:site\" content=\"@bellunopress\" \/>\n<meta name=\"twitter:label1\" content=\"Written by\" \/>\n\t<meta name=\"twitter:data1\" content=\"redazione\" \/>\n\t<meta name=\"twitter:label2\" content=\"Est. reading time\" \/>\n\t<meta name=\"twitter:data2\" content=\"1 minute\" \/>\n<script type=\"application\/ld+json\" class=\"yoast-schema-graph\">{\"@context\":\"https:\\\/\\\/schema.org\",\"@graph\":[{\"@type\":\"Article\",\"@id\":\"https:\\\/\\\/www.bellunopress.it\\\/2026\\\/03\\\/08\\\/le-piante-di-belluno-luci-e-ombre-tra-i-parchi-e-le-periferie\\\/#article\",\"isPartOf\":{\"@id\":\"https:\\\/\\\/www.bellunopress.it\\\/2026\\\/03\\\/08\\\/le-piante-di-belluno-luci-e-ombre-tra-i-parchi-e-le-periferie\\\/\"},\"author\":{\"name\":\"redazione\",\"@id\":\"https:\\\/\\\/www.bellunopress.it\\\/#\\\/schema\\\/person\\\/79bb06722b37ece1c03d3e94beb30d73\"},\"headline\":\"Le piante di Belluno: luci e ombre tra i parchi e le periferie\",\"datePublished\":\"2026-03-08T15:34:21+00:00\",\"dateModified\":\"2026-03-11T06:46:28+00:00\",\"mainEntityOfPage\":{\"@id\":\"https:\\\/\\\/www.bellunopress.it\\\/2026\\\/03\\\/08\\\/le-piante-di-belluno-luci-e-ombre-tra-i-parchi-e-le-periferie\\\/\"},\"wordCount\":303,\"publisher\":{\"@id\":\"https:\\\/\\\/www.bellunopress.it\\\/#organization\"},\"image\":{\"@id\":\"https:\\\/\\\/www.bellunopress.it\\\/2026\\\/03\\\/08\\\/le-piante-di-belluno-luci-e-ombre-tra-i-parchi-e-le-periferie\\\/#primaryimage\"},\"thumbnailUrl\":\"https:\\\/\\\/www.bellunopress.it\\\/wp-content\\\/uploads\\\/2026\\\/03\\\/piante-viale-europa.jpg\",\"articleSection\":[\"Controcorrente Dr Filiberto Dal Molin\"],\"inLanguage\":\"fr-FR\"},{\"@type\":\"WebPage\",\"@id\":\"https:\\\/\\\/www.bellunopress.it\\\/2026\\\/03\\\/08\\\/le-piante-di-belluno-luci-e-ombre-tra-i-parchi-e-le-periferie\\\/\",\"url\":\"https:\\\/\\\/www.bellunopress.it\\\/2026\\\/03\\\/08\\\/le-piante-di-belluno-luci-e-ombre-tra-i-parchi-e-le-periferie\\\/\",\"name\":\"Le piante di Belluno: luci e ombre tra i parchi e le periferie - Bellunopress - Dolomiti\",\"isPartOf\":{\"@id\":\"https:\\\/\\\/www.bellunopress.it\\\/#website\"},\"primaryImageOfPage\":{\"@id\":\"https:\\\/\\\/www.bellunopress.it\\\/2026\\\/03\\\/08\\\/le-piante-di-belluno-luci-e-ombre-tra-i-parchi-e-le-periferie\\\/#primaryimage\"},\"image\":{\"@id\":\"https:\\\/\\\/www.bellunopress.it\\\/2026\\\/03\\\/08\\\/le-piante-di-belluno-luci-e-ombre-tra-i-parchi-e-le-periferie\\\/#primaryimage\"},\"thumbnailUrl\":\"https:\\\/\\\/www.bellunopress.it\\\/wp-content\\\/uploads\\\/2026\\\/03\\\/piante-viale-europa.jpg\",\"datePublished\":\"2026-03-08T15:34:21+00:00\",\"dateModified\":\"2026-03-11T06:46:28+00:00\",\"breadcrumb\":{\"@id\":\"https:\\\/\\\/www.bellunopress.it\\\/2026\\\/03\\\/08\\\/le-piante-di-belluno-luci-e-ombre-tra-i-parchi-e-le-periferie\\\/#breadcrumb\"},\"inLanguage\":\"fr-FR\",\"potentialAction\":[{\"@type\":\"ReadAction\",\"target\":[\"https:\\\/\\\/www.bellunopress.it\\\/2026\\\/03\\\/08\\\/le-piante-di-belluno-luci-e-ombre-tra-i-parchi-e-le-periferie\\\/\"]}]},{\"@type\":\"ImageObject\",\"inLanguage\":\"fr-FR\",\"@id\":\"https:\\\/\\\/www.bellunopress.it\\\/2026\\\/03\\\/08\\\/le-piante-di-belluno-luci-e-ombre-tra-i-parchi-e-le-periferie\\\/#primaryimage\",\"url\":\"https:\\\/\\\/www.bellunopress.it\\\/wp-content\\\/uploads\\\/2026\\\/03\\\/piante-viale-europa.jpg\",\"contentUrl\":\"https:\\\/\\\/www.bellunopress.it\\\/wp-content\\\/uploads\\\/2026\\\/03\\\/piante-viale-europa.jpg\",\"width\":448,\"height\":427,\"caption\":\"Belluno, viale Europa\"},{\"@type\":\"BreadcrumbList\",\"@id\":\"https:\\\/\\\/www.bellunopress.it\\\/2026\\\/03\\\/08\\\/le-piante-di-belluno-luci-e-ombre-tra-i-parchi-e-le-periferie\\\/#breadcrumb\",\"itemListElement\":[{\"@type\":\"ListItem\",\"position\":1,\"name\":\"Home\",\"item\":\"https:\\\/\\\/www.bellunopress.it\\\/\"},{\"@type\":\"ListItem\",\"position\":2,\"name\":\"Le piante di Belluno: luci e ombre tra i parchi e le periferie\"}]},{\"@type\":\"WebSite\",\"@id\":\"https:\\\/\\\/www.bellunopress.it\\\/#website\",\"url\":\"https:\\\/\\\/www.bellunopress.it\\\/\",\"name\":\"Bellunopress - Dolomiti\",\"description\":\"e-mail: redazione@bellunopress.it\",\"publisher\":{\"@id\":\"https:\\\/\\\/www.bellunopress.it\\\/#organization\"},\"potentialAction\":[{\"@type\":\"SearchAction\",\"target\":{\"@type\":\"EntryPoint\",\"urlTemplate\":\"https:\\\/\\\/www.bellunopress.it\\\/?s={search_term_string}\"},\"query-input\":{\"@type\":\"PropertyValueSpecification\",\"valueRequired\":true,\"valueName\":\"search_term_string\"}}],\"inLanguage\":\"fr-FR\"},{\"@type\":\"Organization\",\"@id\":\"https:\\\/\\\/www.bellunopress.it\\\/#organization\",\"name\":\"Bellunopress\",\"url\":\"https:\\\/\\\/www.bellunopress.it\\\/\",\"logo\":{\"@type\":\"ImageObject\",\"inLanguage\":\"fr-FR\",\"@id\":\"https:\\\/\\\/www.bellunopress.it\\\/#\\\/schema\\\/logo\\\/image\\\/\",\"url\":\"https:\\\/\\\/www.bellunopress.it\\\/wp-content\\\/uploads\\\/2011\\\/05\\\/cropped-logo-bellunopress-.jpg\",\"contentUrl\":\"https:\\\/\\\/www.bellunopress.it\\\/wp-content\\\/uploads\\\/2011\\\/05\\\/cropped-logo-bellunopress-.jpg\",\"width\":512,\"height\":512,\"caption\":\"Bellunopress\"},\"image\":{\"@id\":\"https:\\\/\\\/www.bellunopress.it\\\/#\\\/schema\\\/logo\\\/image\\\/\"},\"sameAs\":[\"https:\\\/\\\/www.facebook.com\\\/profile.php?id=100008943462799\",\"https:\\\/\\\/x.com\\\/bellunopress\",\"https:\\\/\\\/www.linkedin.com\\\/hp\\\/?dnr=JBzUWaJfMUw8vbXJJ2tVW5-I3jZKvC4wsoxE&amp;amp;amp;amp;amp;amp;trk=nav_responsive_tab_home\",\"https:\\\/\\\/www.youtube.com\\\/channel\\\/UCxL0wu1uN0_3_7hGG0306cw\"]},{\"@type\":\"Person\",\"@id\":\"https:\\\/\\\/www.bellunopress.it\\\/#\\\/schema\\\/person\\\/79bb06722b37ece1c03d3e94beb30d73\",\"name\":\"redazione\",\"image\":{\"@type\":\"ImageObject\",\"inLanguage\":\"fr-FR\",\"@id\":\"https:\\\/\\\/secure.gravatar.com\\\/avatar\\\/37d968a2e67a6fd04c169c4bdef102d0bc5d31b2546345219e348575eb80e9a0?s=96&d=mm&r=g\",\"url\":\"https:\\\/\\\/secure.gravatar.com\\\/avatar\\\/37d968a2e67a6fd04c169c4bdef102d0bc5d31b2546345219e348575eb80e9a0?s=96&d=mm&r=g\",\"contentUrl\":\"https:\\\/\\\/secure.gravatar.com\\\/avatar\\\/37d968a2e67a6fd04c169c4bdef102d0bc5d31b2546345219e348575eb80e9a0?s=96&d=mm&r=g\",\"caption\":\"redazione\"},\"sameAs\":[\"http:\\\/\\\/www.bellunopress.it\",\"https:\\\/\\\/x.com\\\/bellunopress\"],\"url\":\"https:\\\/\\\/www.bellunopress.it\\\/fr\\\/author\\\/redazione\\\/\"}]}<\/script>\n<!-- \/ Yoast SEO plugin. -->","yoast_head_json":{"title":"Le piante di Belluno: luci e ombre tra i parchi e le periferie - Bellunopress - Dolomiti","robots":{"index":"index","follow":"follow","max-snippet":"max-snippet:-1","max-image-preview":"max-image-preview:large","max-video-preview":"max-video-preview:-1"},"canonical":"https:\/\/www.bellunopress.it\/fr\/2026\/03\/08\/le-piante-di-belluno-luci-e-ombre-tra-i-parchi-e-le-periferie\/","og_locale":"fr_FR","og_type":"article","og_title":"Le piante di Belluno: luci e ombre tra i parchi e le periferie - Bellunopress - Dolomiti","og_description":"Edera comune, Clematide vitalba, Senecio del capo, Vite americana, Caprifoglio giapponese, Eliotropio invernale e\u00a0Convolvolo infestante nella flora di Belluno. Belluno, la nostra citt\u00e0, \u00e8 una citta&#8217; verde nella bella stagione. Durante la stagione invernale merita una particolare attenzione perch\u00e9 la qualit\u00e0 prevalente delle sue piante non ci onora. Ci sono piante molto belle e curate; [&hellip;]","og_url":"https:\/\/www.bellunopress.it\/fr\/2026\/03\/08\/le-piante-di-belluno-luci-e-ombre-tra-i-parchi-e-le-periferie\/","og_site_name":"Bellunopress - Dolomiti","article_publisher":"https:\/\/www.facebook.com\/profile.php?id=100008943462799","article_published_time":"2026-03-08T15:34:21+00:00","article_modified_time":"2026-03-11T06:46:28+00:00","og_image":[{"width":448,"height":427,"url":"https:\/\/www.bellunopress.it\/wp-content\/uploads\/2026\/03\/piante-viale-europa.jpg","type":"image\/jpeg"}],"author":"redazione","twitter_card":"summary_large_image","twitter_creator":"@bellunopress","twitter_site":"@bellunopress","twitter_misc":{"Written by":"redazione","Est. reading time":"1 minute"},"schema":{"@context":"https:\/\/schema.org","@graph":[{"@type":"Article","@id":"https:\/\/www.bellunopress.it\/2026\/03\/08\/le-piante-di-belluno-luci-e-ombre-tra-i-parchi-e-le-periferie\/#article","isPartOf":{"@id":"https:\/\/www.bellunopress.it\/2026\/03\/08\/le-piante-di-belluno-luci-e-ombre-tra-i-parchi-e-le-periferie\/"},"author":{"name":"redazione","@id":"https:\/\/www.bellunopress.it\/#\/schema\/person\/79bb06722b37ece1c03d3e94beb30d73"},"headline":"Le piante di Belluno: luci e ombre tra i parchi e le periferie","datePublished":"2026-03-08T15:34:21+00:00","dateModified":"2026-03-11T06:46:28+00:00","mainEntityOfPage":{"@id":"https:\/\/www.bellunopress.it\/2026\/03\/08\/le-piante-di-belluno-luci-e-ombre-tra-i-parchi-e-le-periferie\/"},"wordCount":303,"publisher":{"@id":"https:\/\/www.bellunopress.it\/#organization"},"image":{"@id":"https:\/\/www.bellunopress.it\/2026\/03\/08\/le-piante-di-belluno-luci-e-ombre-tra-i-parchi-e-le-periferie\/#primaryimage"},"thumbnailUrl":"https:\/\/www.bellunopress.it\/wp-content\/uploads\/2026\/03\/piante-viale-europa.jpg","articleSection":["Controcorrente Dr Filiberto Dal Molin"],"inLanguage":"fr-FR"},{"@type":"WebPage","@id":"https:\/\/www.bellunopress.it\/2026\/03\/08\/le-piante-di-belluno-luci-e-ombre-tra-i-parchi-e-le-periferie\/","url":"https:\/\/www.bellunopress.it\/2026\/03\/08\/le-piante-di-belluno-luci-e-ombre-tra-i-parchi-e-le-periferie\/","name":"Le piante di Belluno: luci e ombre tra i parchi e le periferie - Bellunopress - Dolomiti","isPartOf":{"@id":"https:\/\/www.bellunopress.it\/#website"},"primaryImageOfPage":{"@id":"https:\/\/www.bellunopress.it\/2026\/03\/08\/le-piante-di-belluno-luci-e-ombre-tra-i-parchi-e-le-periferie\/#primaryimage"},"image":{"@id":"https:\/\/www.bellunopress.it\/2026\/03\/08\/le-piante-di-belluno-luci-e-ombre-tra-i-parchi-e-le-periferie\/#primaryimage"},"thumbnailUrl":"https:\/\/www.bellunopress.it\/wp-content\/uploads\/2026\/03\/piante-viale-europa.jpg","datePublished":"2026-03-08T15:34:21+00:00","dateModified":"2026-03-11T06:46:28+00:00","breadcrumb":{"@id":"https:\/\/www.bellunopress.it\/2026\/03\/08\/le-piante-di-belluno-luci-e-ombre-tra-i-parchi-e-le-periferie\/#breadcrumb"},"inLanguage":"fr-FR","potentialAction":[{"@type":"ReadAction","target":["https:\/\/www.bellunopress.it\/2026\/03\/08\/le-piante-di-belluno-luci-e-ombre-tra-i-parchi-e-le-periferie\/"]}]},{"@type":"ImageObject","inLanguage":"fr-FR","@id":"https:\/\/www.bellunopress.it\/2026\/03\/08\/le-piante-di-belluno-luci-e-ombre-tra-i-parchi-e-le-periferie\/#primaryimage","url":"https:\/\/www.bellunopress.it\/wp-content\/uploads\/2026\/03\/piante-viale-europa.jpg","contentUrl":"https:\/\/www.bellunopress.it\/wp-content\/uploads\/2026\/03\/piante-viale-europa.jpg","width":448,"height":427,"caption":"Belluno, viale Europa"},{"@type":"BreadcrumbList","@id":"https:\/\/www.bellunopress.it\/2026\/03\/08\/le-piante-di-belluno-luci-e-ombre-tra-i-parchi-e-le-periferie\/#breadcrumb","itemListElement":[{"@type":"ListItem","position":1,"name":"Home","item":"https:\/\/www.bellunopress.it\/"},{"@type":"ListItem","position":2,"name":"Le piante di Belluno: luci e ombre tra i parchi e le periferie"}]},{"@type":"WebSite","@id":"https:\/\/www.bellunopress.it\/#website","url":"https:\/\/www.bellunopress.it\/","name":"Bellunopress - Dolomiti","description":"e-mail: redazione@bellunopress.it","publisher":{"@id":"https:\/\/www.bellunopress.it\/#organization"},"potentialAction":[{"@type":"SearchAction","target":{"@type":"EntryPoint","urlTemplate":"https:\/\/www.bellunopress.it\/?s={search_term_string}"},"query-input":{"@type":"PropertyValueSpecification","valueRequired":true,"valueName":"search_term_string"}}],"inLanguage":"fr-FR"},{"@type":"Organization","@id":"https:\/\/www.bellunopress.it\/#organization","name":"Bellunopress","url":"https:\/\/www.bellunopress.it\/","logo":{"@type":"ImageObject","inLanguage":"fr-FR","@id":"https:\/\/www.bellunopress.it\/#\/schema\/logo\/image\/","url":"https:\/\/www.bellunopress.it\/wp-content\/uploads\/2011\/05\/cropped-logo-bellunopress-.jpg","contentUrl":"https:\/\/www.bellunopress.it\/wp-content\/uploads\/2011\/05\/cropped-logo-bellunopress-.jpg","width":512,"height":512,"caption":"Bellunopress"},"image":{"@id":"https:\/\/www.bellunopress.it\/#\/schema\/logo\/image\/"},"sameAs":["https:\/\/www.facebook.com\/profile.php?id=100008943462799","https:\/\/x.com\/bellunopress","https:\/\/www.linkedin.com\/hp\/?dnr=JBzUWaJfMUw8vbXJJ2tVW5-I3jZKvC4wsoxE&amp;amp;amp;amp;amp;amp;trk=nav_responsive_tab_home","https:\/\/www.youtube.com\/channel\/UCxL0wu1uN0_3_7hGG0306cw"]},{"@type":"Person","@id":"https:\/\/www.bellunopress.it\/#\/schema\/person\/79bb06722b37ece1c03d3e94beb30d73","name":"r\u00e9daction","image":{"@type":"ImageObject","inLanguage":"fr-FR","@id":"https:\/\/secure.gravatar.com\/avatar\/37d968a2e67a6fd04c169c4bdef102d0bc5d31b2546345219e348575eb80e9a0?s=96&d=mm&r=g","url":"https:\/\/secure.gravatar.com\/avatar\/37d968a2e67a6fd04c169c4bdef102d0bc5d31b2546345219e348575eb80e9a0?s=96&d=mm&r=g","contentUrl":"https:\/\/secure.gravatar.com\/avatar\/37d968a2e67a6fd04c169c4bdef102d0bc5d31b2546345219e348575eb80e9a0?s=96&d=mm&r=g","caption":"redazione"},"sameAs":["http:\/\/www.bellunopress.it","https:\/\/x.com\/bellunopress"],"url":"https:\/\/www.bellunopress.it\/fr\/author\/redazione\/"}]}},"_links":{"self":[{"href":"https:\/\/www.bellunopress.it\/fr\/wp-json\/wp\/v2\/posts\/168009","targetHints":{"allow":["GET"]}}],"collection":[{"href":"https:\/\/www.bellunopress.it\/fr\/wp-json\/wp\/v2\/posts"}],"about":[{"href":"https:\/\/www.bellunopress.it\/fr\/wp-json\/wp\/v2\/types\/post"}],"author":[{"embeddable":true,"href":"https:\/\/www.bellunopress.it\/fr\/wp-json\/wp\/v2\/users\/2"}],"replies":[{"embeddable":true,"href":"https:\/\/www.bellunopress.it\/fr\/wp-json\/wp\/v2\/comments?post=168009"}],"version-history":[{"count":3,"href":"https:\/\/www.bellunopress.it\/fr\/wp-json\/wp\/v2\/posts\/168009\/revisions"}],"predecessor-version":[{"id":168054,"href":"https:\/\/www.bellunopress.it\/fr\/wp-json\/wp\/v2\/posts\/168009\/revisions\/168054"}],"wp:featuredmedia":[{"embeddable":true,"href":"https:\/\/www.bellunopress.it\/fr\/wp-json\/wp\/v2\/media\/168010"}],"wp:attachment":[{"href":"https:\/\/www.bellunopress.it\/fr\/wp-json\/wp\/v2\/media?parent=168009"}],"wp:term":[{"taxonomy":"category","embeddable":true,"href":"https:\/\/www.bellunopress.it\/fr\/wp-json\/wp\/v2\/categories?post=168009"},{"taxonomy":"post_tag","embeddable":true,"href":"https:\/\/www.bellunopress.it\/fr\/wp-json\/wp\/v2\/tags?post=168009"}],"curies":[{"name":"wp","href":"https:\/\/api.w.org\/{rel}","templated":true}]}}