{"id":167981,"date":"2026-03-07T15:04:51","date_gmt":"2026-03-07T14:04:51","guid":{"rendered":"https:\/\/www.bellunopress.it\/?p=167981"},"modified":"2026-03-07T15:04:51","modified_gmt":"2026-03-07T14:04:51","slug":"belluno-una-targa-per-antonio-maglio-il-padre-delle-paralimpiadi-e-il-giusto-del-2026","status":"publish","type":"post","link":"https:\/\/www.bellunopress.it\/fr\/2026\/03\/07\/belluno-una-targa-per-antonio-maglio-il-padre-delle-paralimpiadi-e-il-giusto-del-2026\/","title":{"rendered":"Belluno, una targa per Antonio Maglio: il \u201cPadre delle Paralimpiadi\u201d \u00e8 il Giusto del 2026"},"content":{"rendered":"<p data-path-to-node=\"3\"><b data-path-to-node=\"3\" data-index-in-node=\"0\">Cerimonia al Giardino dei Giusti: la citt\u00e0 rende omaggio al medico che trasform\u00f2 la disabilit\u00e0 in riscatto sportivo e sociale.<\/b><\/p>\n<p data-path-to-node=\"4\">Belluno, 07\/03\/2026\u00a0\u2013 In un\u2019epoca segnata da profonde incertezze globali, Belluno sceglie di far parlare gli esempi di coraggio e umanit\u00e0. Venerd\u00ec 6 marzo, presso il Giardino dei Giusti della citt\u00e0, si \u00e8 svolta la cerimonia di intitolazione dedicata ad Antonio Maglio, il medico neurologo che ha rivoluzionato il concetto di disabilit\u00e0, aprendo la strada a quello che oggi conosciamo come il movimento paralimpico.<\/p>\n<p data-path-to-node=\"5\">La scelta, ratificata all\u2019unanimit\u00e0 dal Comitato scientifico presieduto da Francesca Jacobellis, segna il secondo anno di questa iniziativa volta a trasformare la memoria storica in un impegno civile concreto.<\/p>\n<h3 data-path-to-node=\"6\">Un simbolo di speranza<\/h3>\n<p data-path-to-node=\"7\">Alla presenza delle massime autorit\u00e0 civili e militari, il sindaco Oscar De Pellegrin ha sottolineato il valore simbolico della targa scoperta durante la mattinata.<\/p>\n<blockquote data-path-to-node=\"8\">\n<h6 style=\"text-align: left;\" data-path-to-node=\"8,0\">\u201cRicordare i Giusti del Mondo, donne e uomini che hanno dedicato o sacrificato la propria vita per gli altri, significa custodire la speranza,\u201d ha dichiarato il primo cittadino. \u201cIn un tempo di conflitti, figure come Maglio ci ricordano che un mondo pi\u00f9 giusto \u00e8 possibile.\u201d<\/h6>\n<\/blockquote>\n<h3 data-path-to-node=\"9\">Chi era Antonio Maglio<\/h3>\n<p data-path-to-node=\"10\">Nato al Cairo nel 1912 e scomparso a Roma nel 1988, Maglio \u00e8 stato un pioniere della neuropsichiatria e dirigente dell\u2019Inail. La sua intuizione fu tanto semplice quanto rivoluzionaria: utilizzare lo sport come terapia per il reinserimento sociale dei pazienti con lesioni spinali.<\/p>\n<p data-path-to-node=\"11\">Come direttore del Centro Paraplegici di Villa Marina a Ostia, Maglio non si limit\u00f2 alle cure mediche tradizionali, ma lavor\u00f2 incessantemente per ridare dignit\u00e0 e obiettivi ai suoi pazienti. Il culmine della sua opera arriv\u00f2 nel 1960, quando grazie alla sua visione e tenacia, Roma ospit\u00f2 la prima storica edizione dei Giochi paralimpici.<\/p>\n<h3 data-path-to-node=\"12\">Il Giardino dei Giusti si amplia<\/h3>\n<p data-path-to-node=\"13\">Con l\u2019ingresso di Antonio Maglio, il Giardino dei Giusti in via del Piave, Belluno si conferma un luogo vivo di riflessione. Il Sindaco ha espresso un ringraziamento particolare al Comitato scientifico per il lavoro di ricerca e per la scelta di un profilo che unisce l&#8217;eccellenza medica a una profonda etica sociale.<\/p>\n<p data-path-to-node=\"14\">L\u2019iniziativa punta a coinvolgere non solo le istituzioni, ma l\u2019intera cittadinanza, affinch\u00e9 il messaggio di questi \u201cGiusti\u201d possa diventare un punto di riferimento per le generazioni future nel costruire una societ\u00e0 pi\u00f9 inclusiva e solidale.<\/p>\n<p>&nbsp;<\/p>","protected":false},"excerpt":{"rendered":"<p>Cerimonia al Giardino dei Giusti: la citt\u00e0 rende omaggio al medico che trasform\u00f2 la disabilit\u00e0 in riscatto sportivo e sociale. Belluno, 07\/03\/2026\u00a0\u2013 In un\u2019epoca segnata da profonde incertezze globali, Belluno sceglie di far parlare gli esempi di coraggio e umanit\u00e0. Venerd\u00ec 6 marzo, presso il Giardino dei Giusti della citt\u00e0, si \u00e8 svolta la cerimonia [&hellip;]<\/p>\n","protected":false},"author":2,"featured_media":167982,"comment_status":"closed","ping_status":"open","sticky":false,"template":"","format":"standard","meta":{"footnotes":""},"categories":[5,26,8],"tags":[],"class_list":["post-167981","post","type-post","status-publish","format-standard","has-post-thumbnail","category-cronaca","category-prima-pagina","category-societa-istituzioni"],"yoast_head":"<!-- This site is optimized with the Yoast SEO plugin v28.4 - https:\/\/yoast.com\/product\/yoast-seo-wordpress\/ -->\n<title>Belluno, una targa per Antonio Maglio: il \u201cPadre delle Paralimpiadi\u201d \u00e8 il Giusto del 2026 - Bellunopress - Dolomiti<\/title>\n<meta name=\"robots\" content=\"index, follow, max-snippet:-1, max-image-preview:large, max-video-preview:-1\" \/>\n<link rel=\"canonical\" href=\"https:\/\/www.bellunopress.it\/fr\/2026\/03\/07\/belluno-una-targa-per-antonio-maglio-il-padre-delle-paralimpiadi-e-il-giusto-del-2026\/\" \/>\n<meta property=\"og:locale\" content=\"fr_FR\" \/>\n<meta property=\"og:type\" content=\"article\" \/>\n<meta property=\"og:title\" content=\"Belluno, una targa per Antonio Maglio: il \u201cPadre delle Paralimpiadi\u201d \u00e8 il Giusto del 2026 - Bellunopress - Dolomiti\" \/>\n<meta property=\"og:description\" content=\"Cerimonia al Giardino dei Giusti: la citt\u00e0 rende omaggio al medico che trasform\u00f2 la disabilit\u00e0 in riscatto sportivo e sociale. Belluno, 07\/03\/2026\u00a0\u2013 In un\u2019epoca segnata da profonde incertezze globali, Belluno sceglie di far parlare gli esempi di coraggio e umanit\u00e0. Venerd\u00ec 6 marzo, presso il Giardino dei Giusti della citt\u00e0, si \u00e8 svolta la cerimonia [&hellip;]\" \/>\n<meta property=\"og:url\" content=\"https:\/\/www.bellunopress.it\/fr\/2026\/03\/07\/belluno-una-targa-per-antonio-maglio-il-padre-delle-paralimpiadi-e-il-giusto-del-2026\/\" \/>\n<meta property=\"og:site_name\" content=\"Bellunopress - Dolomiti\" \/>\n<meta property=\"article:publisher\" content=\"https:\/\/www.facebook.com\/profile.php?id=100008943462799\" \/>\n<meta property=\"article:published_time\" content=\"2026-03-07T14:04:51+00:00\" \/>\n<meta property=\"og:image\" content=\"https:\/\/www.bellunopress.it\/wp-content\/uploads\/2026\/03\/Giardino-dei-Giusti-Belluno.jpeg\" \/>\n\t<meta property=\"og:image:width\" content=\"600\" \/>\n\t<meta property=\"og:image:height\" content=\"450\" \/>\n\t<meta property=\"og:image:type\" content=\"image\/jpeg\" \/>\n<meta name=\"author\" content=\"redazione\" \/>\n<meta name=\"twitter:card\" content=\"summary_large_image\" \/>\n<meta name=\"twitter:creator\" content=\"@bellunopress\" \/>\n<meta name=\"twitter:site\" content=\"@bellunopress\" \/>\n<meta name=\"twitter:label1\" content=\"\u00c9crit par\" \/>\n\t<meta name=\"twitter:data1\" content=\"redazione\" \/>\n\t<meta name=\"twitter:label2\" content=\"Dur\u00e9e de lecture estim\u00e9e\" \/>\n\t<meta name=\"twitter:data2\" content=\"2 minutes\" \/>\n<script type=\"application\/ld+json\" class=\"yoast-schema-graph\">{\"@context\":\"https:\\\/\\\/schema.org\",\"@graph\":[{\"@type\":\"Article\",\"@id\":\"https:\\\/\\\/www.bellunopress.it\\\/2026\\\/03\\\/07\\\/belluno-una-targa-per-antonio-maglio-il-padre-delle-paralimpiadi-e-il-giusto-del-2026\\\/#article\",\"isPartOf\":{\"@id\":\"https:\\\/\\\/www.bellunopress.it\\\/2026\\\/03\\\/07\\\/belluno-una-targa-per-antonio-maglio-il-padre-delle-paralimpiadi-e-il-giusto-del-2026\\\/\"},\"author\":{\"name\":\"redazione\",\"@id\":\"https:\\\/\\\/www.bellunopress.it\\\/#\\\/schema\\\/person\\\/79bb06722b37ece1c03d3e94beb30d73\"},\"headline\":\"Belluno, una targa per Antonio Maglio: il \u201cPadre delle Paralimpiadi\u201d \u00e8 il Giusto del 2026\",\"datePublished\":\"2026-03-07T14:04:51+00:00\",\"mainEntityOfPage\":{\"@id\":\"https:\\\/\\\/www.bellunopress.it\\\/2026\\\/03\\\/07\\\/belluno-una-targa-per-antonio-maglio-il-padre-delle-paralimpiadi-e-il-giusto-del-2026\\\/\"},\"wordCount\":391,\"publisher\":{\"@id\":\"https:\\\/\\\/www.bellunopress.it\\\/#organization\"},\"image\":{\"@id\":\"https:\\\/\\\/www.bellunopress.it\\\/2026\\\/03\\\/07\\\/belluno-una-targa-per-antonio-maglio-il-padre-delle-paralimpiadi-e-il-giusto-del-2026\\\/#primaryimage\"},\"thumbnailUrl\":\"https:\\\/\\\/www.bellunopress.it\\\/wp-content\\\/uploads\\\/2026\\\/03\\\/Giardino-dei-Giusti-Belluno.jpeg\",\"articleSection\":[\"Cronaca\\\/Politica\",\"Prima Pagina\",\"Societ\u00e0, Associazioni, Istituzioni\"],\"inLanguage\":\"fr-FR\"},{\"@type\":\"WebPage\",\"@id\":\"https:\\\/\\\/www.bellunopress.it\\\/2026\\\/03\\\/07\\\/belluno-una-targa-per-antonio-maglio-il-padre-delle-paralimpiadi-e-il-giusto-del-2026\\\/\",\"url\":\"https:\\\/\\\/www.bellunopress.it\\\/2026\\\/03\\\/07\\\/belluno-una-targa-per-antonio-maglio-il-padre-delle-paralimpiadi-e-il-giusto-del-2026\\\/\",\"name\":\"Belluno, una targa per Antonio Maglio: il \u201cPadre delle Paralimpiadi\u201d \u00e8 il Giusto del 2026 - Bellunopress - Dolomiti\",\"isPartOf\":{\"@id\":\"https:\\\/\\\/www.bellunopress.it\\\/#website\"},\"primaryImageOfPage\":{\"@id\":\"https:\\\/\\\/www.bellunopress.it\\\/2026\\\/03\\\/07\\\/belluno-una-targa-per-antonio-maglio-il-padre-delle-paralimpiadi-e-il-giusto-del-2026\\\/#primaryimage\"},\"image\":{\"@id\":\"https:\\\/\\\/www.bellunopress.it\\\/2026\\\/03\\\/07\\\/belluno-una-targa-per-antonio-maglio-il-padre-delle-paralimpiadi-e-il-giusto-del-2026\\\/#primaryimage\"},\"thumbnailUrl\":\"https:\\\/\\\/www.bellunopress.it\\\/wp-content\\\/uploads\\\/2026\\\/03\\\/Giardino-dei-Giusti-Belluno.jpeg\",\"datePublished\":\"2026-03-07T14:04:51+00:00\",\"breadcrumb\":{\"@id\":\"https:\\\/\\\/www.bellunopress.it\\\/2026\\\/03\\\/07\\\/belluno-una-targa-per-antonio-maglio-il-padre-delle-paralimpiadi-e-il-giusto-del-2026\\\/#breadcrumb\"},\"inLanguage\":\"fr-FR\",\"potentialAction\":[{\"@type\":\"ReadAction\",\"target\":[\"https:\\\/\\\/www.bellunopress.it\\\/2026\\\/03\\\/07\\\/belluno-una-targa-per-antonio-maglio-il-padre-delle-paralimpiadi-e-il-giusto-del-2026\\\/\"]}]},{\"@type\":\"ImageObject\",\"inLanguage\":\"fr-FR\",\"@id\":\"https:\\\/\\\/www.bellunopress.it\\\/2026\\\/03\\\/07\\\/belluno-una-targa-per-antonio-maglio-il-padre-delle-paralimpiadi-e-il-giusto-del-2026\\\/#primaryimage\",\"url\":\"https:\\\/\\\/www.bellunopress.it\\\/wp-content\\\/uploads\\\/2026\\\/03\\\/Giardino-dei-Giusti-Belluno.jpeg\",\"contentUrl\":\"https:\\\/\\\/www.bellunopress.it\\\/wp-content\\\/uploads\\\/2026\\\/03\\\/Giardino-dei-Giusti-Belluno.jpeg\",\"width\":600,\"height\":450,\"caption\":\"Giardino dei Giusti - Belluno via del Piave\"},{\"@type\":\"BreadcrumbList\",\"@id\":\"https:\\\/\\\/www.bellunopress.it\\\/2026\\\/03\\\/07\\\/belluno-una-targa-per-antonio-maglio-il-padre-delle-paralimpiadi-e-il-giusto-del-2026\\\/#breadcrumb\",\"itemListElement\":[{\"@type\":\"ListItem\",\"position\":1,\"name\":\"Home\",\"item\":\"https:\\\/\\\/www.bellunopress.it\\\/\"},{\"@type\":\"ListItem\",\"position\":2,\"name\":\"Belluno, una targa per Antonio Maglio: il \u201cPadre delle Paralimpiadi\u201d \u00e8 il Giusto del 2026\"}]},{\"@type\":\"WebSite\",\"@id\":\"https:\\\/\\\/www.bellunopress.it\\\/#website\",\"url\":\"https:\\\/\\\/www.bellunopress.it\\\/\",\"name\":\"Bellunopress - Dolomiti\",\"description\":\"e-mail: redazione@bellunopress.it\",\"publisher\":{\"@id\":\"https:\\\/\\\/www.bellunopress.it\\\/#organization\"},\"potentialAction\":[{\"@type\":\"SearchAction\",\"target\":{\"@type\":\"EntryPoint\",\"urlTemplate\":\"https:\\\/\\\/www.bellunopress.it\\\/?s={search_term_string}\"},\"query-input\":{\"@type\":\"PropertyValueSpecification\",\"valueRequired\":true,\"valueName\":\"search_term_string\"}}],\"inLanguage\":\"fr-FR\"},{\"@type\":\"Organization\",\"@id\":\"https:\\\/\\\/www.bellunopress.it\\\/#organization\",\"name\":\"Bellunopress\",\"url\":\"https:\\\/\\\/www.bellunopress.it\\\/\",\"logo\":{\"@type\":\"ImageObject\",\"inLanguage\":\"fr-FR\",\"@id\":\"https:\\\/\\\/www.bellunopress.it\\\/#\\\/schema\\\/logo\\\/image\\\/\",\"url\":\"https:\\\/\\\/www.bellunopress.it\\\/wp-content\\\/uploads\\\/2011\\\/05\\\/cropped-logo-bellunopress-.jpg\",\"contentUrl\":\"https:\\\/\\\/www.bellunopress.it\\\/wp-content\\\/uploads\\\/2011\\\/05\\\/cropped-logo-bellunopress-.jpg\",\"width\":512,\"height\":512,\"caption\":\"Bellunopress\"},\"image\":{\"@id\":\"https:\\\/\\\/www.bellunopress.it\\\/#\\\/schema\\\/logo\\\/image\\\/\"},\"sameAs\":[\"https:\\\/\\\/www.facebook.com\\\/profile.php?id=100008943462799\",\"https:\\\/\\\/x.com\\\/bellunopress\",\"https:\\\/\\\/www.linkedin.com\\\/hp\\\/?dnr=JBzUWaJfMUw8vbXJJ2tVW5-I3jZKvC4wsoxE&amp;amp;amp;amp;amp;amp;trk=nav_responsive_tab_home\",\"https:\\\/\\\/www.youtube.com\\\/channel\\\/UCxL0wu1uN0_3_7hGG0306cw\"]},{\"@type\":\"Person\",\"@id\":\"https:\\\/\\\/www.bellunopress.it\\\/#\\\/schema\\\/person\\\/79bb06722b37ece1c03d3e94beb30d73\",\"name\":\"redazione\",\"image\":{\"@type\":\"ImageObject\",\"inLanguage\":\"fr-FR\",\"@id\":\"https:\\\/\\\/secure.gravatar.com\\\/avatar\\\/37d968a2e67a6fd04c169c4bdef102d0bc5d31b2546345219e348575eb80e9a0?s=96&d=mm&r=g\",\"url\":\"https:\\\/\\\/secure.gravatar.com\\\/avatar\\\/37d968a2e67a6fd04c169c4bdef102d0bc5d31b2546345219e348575eb80e9a0?s=96&d=mm&r=g\",\"contentUrl\":\"https:\\\/\\\/secure.gravatar.com\\\/avatar\\\/37d968a2e67a6fd04c169c4bdef102d0bc5d31b2546345219e348575eb80e9a0?s=96&d=mm&r=g\",\"caption\":\"redazione\"},\"sameAs\":[\"http:\\\/\\\/www.bellunopress.it\",\"https:\\\/\\\/x.com\\\/bellunopress\"],\"url\":\"https:\\\/\\\/www.bellunopress.it\\\/fr\\\/author\\\/redazione\\\/\"}]}<\/script>\n<!-- \/ Yoast SEO plugin. -->","yoast_head_json":{"title":"Belluno, una targa per Antonio Maglio: il \u201cPadre delle Paralimpiadi\u201d \u00e8 il Giusto del 2026 - Bellunopress - Dolomiti","robots":{"index":"index","follow":"follow","max-snippet":"max-snippet:-1","max-image-preview":"max-image-preview:large","max-video-preview":"max-video-preview:-1"},"canonical":"https:\/\/www.bellunopress.it\/fr\/2026\/03\/07\/belluno-una-targa-per-antonio-maglio-il-padre-delle-paralimpiadi-e-il-giusto-del-2026\/","og_locale":"fr_FR","og_type":"article","og_title":"Belluno, una targa per Antonio Maglio: il \u201cPadre delle Paralimpiadi\u201d \u00e8 il Giusto del 2026 - Bellunopress - Dolomiti","og_description":"Cerimonia al Giardino dei Giusti: la citt\u00e0 rende omaggio al medico che trasform\u00f2 la disabilit\u00e0 in riscatto sportivo e sociale. Belluno, 07\/03\/2026\u00a0\u2013 In un\u2019epoca segnata da profonde incertezze globali, Belluno sceglie di far parlare gli esempi di coraggio e umanit\u00e0. Venerd\u00ec 6 marzo, presso il Giardino dei Giusti della citt\u00e0, si \u00e8 svolta la cerimonia [&hellip;]","og_url":"https:\/\/www.bellunopress.it\/fr\/2026\/03\/07\/belluno-una-targa-per-antonio-maglio-il-padre-delle-paralimpiadi-e-il-giusto-del-2026\/","og_site_name":"Bellunopress - Dolomiti","article_publisher":"https:\/\/www.facebook.com\/profile.php?id=100008943462799","article_published_time":"2026-03-07T14:04:51+00:00","og_image":[{"width":600,"height":450,"url":"https:\/\/www.bellunopress.it\/wp-content\/uploads\/2026\/03\/Giardino-dei-Giusti-Belluno.jpeg","type":"image\/jpeg"}],"author":"redazione","twitter_card":"summary_large_image","twitter_creator":"@bellunopress","twitter_site":"@bellunopress","twitter_misc":{"\u00c9crit par":"redazione","Dur\u00e9e de lecture estim\u00e9e":"2 minutes"},"schema":{"@context":"https:\/\/schema.org","@graph":[{"@type":"Article","@id":"https:\/\/www.bellunopress.it\/2026\/03\/07\/belluno-una-targa-per-antonio-maglio-il-padre-delle-paralimpiadi-e-il-giusto-del-2026\/#article","isPartOf":{"@id":"https:\/\/www.bellunopress.it\/2026\/03\/07\/belluno-una-targa-per-antonio-maglio-il-padre-delle-paralimpiadi-e-il-giusto-del-2026\/"},"author":{"name":"redazione","@id":"https:\/\/www.bellunopress.it\/#\/schema\/person\/79bb06722b37ece1c03d3e94beb30d73"},"headline":"Belluno, una targa per Antonio Maglio: il \u201cPadre delle Paralimpiadi\u201d \u00e8 il Giusto del 2026","datePublished":"2026-03-07T14:04:51+00:00","mainEntityOfPage":{"@id":"https:\/\/www.bellunopress.it\/2026\/03\/07\/belluno-una-targa-per-antonio-maglio-il-padre-delle-paralimpiadi-e-il-giusto-del-2026\/"},"wordCount":391,"publisher":{"@id":"https:\/\/www.bellunopress.it\/#organization"},"image":{"@id":"https:\/\/www.bellunopress.it\/2026\/03\/07\/belluno-una-targa-per-antonio-maglio-il-padre-delle-paralimpiadi-e-il-giusto-del-2026\/#primaryimage"},"thumbnailUrl":"https:\/\/www.bellunopress.it\/wp-content\/uploads\/2026\/03\/Giardino-dei-Giusti-Belluno.jpeg","articleSection":["Cronaca\/Politica","Prima Pagina","Societ\u00e0, Associazioni, Istituzioni"],"inLanguage":"fr-FR"},{"@type":"WebPage","@id":"https:\/\/www.bellunopress.it\/2026\/03\/07\/belluno-una-targa-per-antonio-maglio-il-padre-delle-paralimpiadi-e-il-giusto-del-2026\/","url":"https:\/\/www.bellunopress.it\/2026\/03\/07\/belluno-una-targa-per-antonio-maglio-il-padre-delle-paralimpiadi-e-il-giusto-del-2026\/","name":"Belluno, una targa per Antonio Maglio: il \u201cPadre delle Paralimpiadi\u201d \u00e8 il Giusto del 2026 - Bellunopress - Dolomiti","isPartOf":{"@id":"https:\/\/www.bellunopress.it\/#website"},"primaryImageOfPage":{"@id":"https:\/\/www.bellunopress.it\/2026\/03\/07\/belluno-una-targa-per-antonio-maglio-il-padre-delle-paralimpiadi-e-il-giusto-del-2026\/#primaryimage"},"image":{"@id":"https:\/\/www.bellunopress.it\/2026\/03\/07\/belluno-una-targa-per-antonio-maglio-il-padre-delle-paralimpiadi-e-il-giusto-del-2026\/#primaryimage"},"thumbnailUrl":"https:\/\/www.bellunopress.it\/wp-content\/uploads\/2026\/03\/Giardino-dei-Giusti-Belluno.jpeg","datePublished":"2026-03-07T14:04:51+00:00","breadcrumb":{"@id":"https:\/\/www.bellunopress.it\/2026\/03\/07\/belluno-una-targa-per-antonio-maglio-il-padre-delle-paralimpiadi-e-il-giusto-del-2026\/#breadcrumb"},"inLanguage":"fr-FR","potentialAction":[{"@type":"ReadAction","target":["https:\/\/www.bellunopress.it\/2026\/03\/07\/belluno-una-targa-per-antonio-maglio-il-padre-delle-paralimpiadi-e-il-giusto-del-2026\/"]}]},{"@type":"ImageObject","inLanguage":"fr-FR","@id":"https:\/\/www.bellunopress.it\/2026\/03\/07\/belluno-una-targa-per-antonio-maglio-il-padre-delle-paralimpiadi-e-il-giusto-del-2026\/#primaryimage","url":"https:\/\/www.bellunopress.it\/wp-content\/uploads\/2026\/03\/Giardino-dei-Giusti-Belluno.jpeg","contentUrl":"https:\/\/www.bellunopress.it\/wp-content\/uploads\/2026\/03\/Giardino-dei-Giusti-Belluno.jpeg","width":600,"height":450,"caption":"Giardino dei Giusti - Belluno via del Piave"},{"@type":"BreadcrumbList","@id":"https:\/\/www.bellunopress.it\/2026\/03\/07\/belluno-una-targa-per-antonio-maglio-il-padre-delle-paralimpiadi-e-il-giusto-del-2026\/#breadcrumb","itemListElement":[{"@type":"ListItem","position":1,"name":"Home","item":"https:\/\/www.bellunopress.it\/"},{"@type":"ListItem","position":2,"name":"Belluno, una targa per Antonio Maglio: il \u201cPadre delle Paralimpiadi\u201d \u00e8 il Giusto del 2026"}]},{"@type":"WebSite","@id":"https:\/\/www.bellunopress.it\/#website","url":"https:\/\/www.bellunopress.it\/","name":"Bellunopress - Dolomiti","description":"e-mail: redazione@bellunopress.it","publisher":{"@id":"https:\/\/www.bellunopress.it\/#organization"},"potentialAction":[{"@type":"SearchAction","target":{"@type":"EntryPoint","urlTemplate":"https:\/\/www.bellunopress.it\/?s={search_term_string}"},"query-input":{"@type":"PropertyValueSpecification","valueRequired":true,"valueName":"search_term_string"}}],"inLanguage":"fr-FR"},{"@type":"Organization","@id":"https:\/\/www.bellunopress.it\/#organization","name":"Bellunopress","url":"https:\/\/www.bellunopress.it\/","logo":{"@type":"ImageObject","inLanguage":"fr-FR","@id":"https:\/\/www.bellunopress.it\/#\/schema\/logo\/image\/","url":"https:\/\/www.bellunopress.it\/wp-content\/uploads\/2011\/05\/cropped-logo-bellunopress-.jpg","contentUrl":"https:\/\/www.bellunopress.it\/wp-content\/uploads\/2011\/05\/cropped-logo-bellunopress-.jpg","width":512,"height":512,"caption":"Bellunopress"},"image":{"@id":"https:\/\/www.bellunopress.it\/#\/schema\/logo\/image\/"},"sameAs":["https:\/\/www.facebook.com\/profile.php?id=100008943462799","https:\/\/x.com\/bellunopress","https:\/\/www.linkedin.com\/hp\/?dnr=JBzUWaJfMUw8vbXJJ2tVW5-I3jZKvC4wsoxE&amp;amp;amp;amp;amp;amp;trk=nav_responsive_tab_home","https:\/\/www.youtube.com\/channel\/UCxL0wu1uN0_3_7hGG0306cw"]},{"@type":"Person","@id":"https:\/\/www.bellunopress.it\/#\/schema\/person\/79bb06722b37ece1c03d3e94beb30d73","name":"r\u00e9daction","image":{"@type":"ImageObject","inLanguage":"fr-FR","@id":"https:\/\/secure.gravatar.com\/avatar\/37d968a2e67a6fd04c169c4bdef102d0bc5d31b2546345219e348575eb80e9a0?s=96&d=mm&r=g","url":"https:\/\/secure.gravatar.com\/avatar\/37d968a2e67a6fd04c169c4bdef102d0bc5d31b2546345219e348575eb80e9a0?s=96&d=mm&r=g","contentUrl":"https:\/\/secure.gravatar.com\/avatar\/37d968a2e67a6fd04c169c4bdef102d0bc5d31b2546345219e348575eb80e9a0?s=96&d=mm&r=g","caption":"redazione"},"sameAs":["http:\/\/www.bellunopress.it","https:\/\/x.com\/bellunopress"],"url":"https:\/\/www.bellunopress.it\/fr\/author\/redazione\/"}]}},"_links":{"self":[{"href":"https:\/\/www.bellunopress.it\/fr\/wp-json\/wp\/v2\/posts\/167981","targetHints":{"allow":["GET"]}}],"collection":[{"href":"https:\/\/www.bellunopress.it\/fr\/wp-json\/wp\/v2\/posts"}],"about":[{"href":"https:\/\/www.bellunopress.it\/fr\/wp-json\/wp\/v2\/types\/post"}],"author":[{"embeddable":true,"href":"https:\/\/www.bellunopress.it\/fr\/wp-json\/wp\/v2\/users\/2"}],"replies":[{"embeddable":true,"href":"https:\/\/www.bellunopress.it\/fr\/wp-json\/wp\/v2\/comments?post=167981"}],"version-history":[{"count":1,"href":"https:\/\/www.bellunopress.it\/fr\/wp-json\/wp\/v2\/posts\/167981\/revisions"}],"predecessor-version":[{"id":167983,"href":"https:\/\/www.bellunopress.it\/fr\/wp-json\/wp\/v2\/posts\/167981\/revisions\/167983"}],"wp:featuredmedia":[{"embeddable":true,"href":"https:\/\/www.bellunopress.it\/fr\/wp-json\/wp\/v2\/media\/167982"}],"wp:attachment":[{"href":"https:\/\/www.bellunopress.it\/fr\/wp-json\/wp\/v2\/media?parent=167981"}],"wp:term":[{"taxonomy":"category","embeddable":true,"href":"https:\/\/www.bellunopress.it\/fr\/wp-json\/wp\/v2\/categories?post=167981"},{"taxonomy":"post_tag","embeddable":true,"href":"https:\/\/www.bellunopress.it\/fr\/wp-json\/wp\/v2\/tags?post=167981"}],"curies":[{"name":"wp","href":"https:\/\/api.w.org\/{rel}","templated":true}]}}