{"id":167977,"date":"2026-03-07T13:12:08","date_gmt":"2026-03-07T12:12:08","guid":{"rendered":"https:\/\/www.bellunopress.it\/?p=167977"},"modified":"2026-03-07T13:12:08","modified_gmt":"2026-03-07T12:12:08","slug":"arabba-dramma-in-pista-sciatore-salvato-dalla-polizia","status":"publish","type":"post","link":"https:\/\/www.bellunopress.it\/fr\/2026\/03\/07\/arabba-dramma-in-pista-sciatore-salvato-dalla-polizia\/","title":{"rendered":"Arabba, dramma in pista: sciatore salvato dalla Polizia"},"content":{"rendered":"<h3 data-path-to-node=\"3\">Un settantenne austriaco colpito da arresto cardiaco dopo una rovinosa caduta. Fondamentale il massaggio cardiaco prolungato degli agenti del Soccorso Piste.<\/h3>\n<p data-path-to-node=\"4\">Arabba\u00a0\u2013 Un pomeriggio che rischiava di trasformarsi in tragedia sulle nevi del comprensorio di Arabba si \u00e8 concluso con un salvataggio ai limiti del prodigioso. Lo scorso 5 marzo, un uomo austriaco di oltre settant&#8217;anni \u00e8 stato strappato alla morte grazie alla prontezza e alla determinazione degli agenti del servizio di sicurezza e soccorso in montagna della Polizia di Stato.<\/p>\n<h3 data-path-to-node=\"5\">L\u2019incidente e i soccorsi immediati<\/h3>\n<p data-path-to-node=\"6\">Secondo le prime ricostruzioni, l\u2019uomo stava scendendo lungo i tracciati del comprensorio quando, per una improvvisa perdita di controllo degli sci, \u00e8 caduto rovinosamente a terra. L\u2019impatto con il manto nevoso, estremamente violento, ha causato un trauma tale da far perdere immediatamente conoscenza allo sciatore.\u00a0All&#8217;arrivo dei soccorritori, la situazione appariva disperata: l&#8217;uomo era in arresto cardiaco, non respirava e presentava una copiosa perdita di sangue dal naso e dalle orecchie.<\/p>\n<h3 data-path-to-node=\"8\">Una manovra estenuante<\/h3>\n<p data-path-to-node=\"9\">Senza perdere un secondo, gli operatori della Polizia di Stato hanno dato il via alle manovre di rianimazione cardio-polmonare. In un clima di massima tensione, gli agenti si sono alternati con estrema professionalit\u00e0 nel massaggio cardiaco manuale e nella ventilazione polmonare, mantenendo un contatto costante con la sala operativa del 118.\u00a0\u00c8 stata proprio questa determinazione \u2014 unita a una perfetta coordinazione con il personale sanitario e i militari intervenuti in supporto \u2014 a permettere il &#8220;miracolo&#8221;: dopo minuti interminabili, il cuore dell\u2019uomo ha ripreso a battere.<\/p>\n<h3 data-path-to-node=\"11\">Il trasporto in ospedale<\/h3>\n<p data-path-to-node=\"12\">Una volta stabilizzate le funzioni vitali, lo sciatore \u00e8 stato prelevato dall&#8217;elicottero del Suem e trasportato d&#8217;urgenza all&#8217;ospedale di Trento. L\u2019uomo si trova tuttora ricoverato presso la struttura trentina sotto stretta osservazione medica.<\/p>\n<p data-path-to-node=\"13\">L&#8217;episodio sottolinea ancora una volta l&#8217;importanza fondamentale del presidio costante delle forze dell&#8217;ordine sui comprensori sciistici, capaci di trasformarsi in veri e propri presidi sanitari d&#8217;emergenza quando ogni secondo fa la differenza tra la vita e la morte.<\/p>","protected":false},"excerpt":{"rendered":"<p>Un settantenne austriaco colpito da arresto cardiaco dopo una rovinosa caduta. Fondamentale il massaggio cardiaco prolungato degli agenti del Soccorso Piste. Arabba\u00a0\u2013 Un pomeriggio che rischiava di trasformarsi in tragedia sulle nevi del comprensorio di Arabba si \u00e8 concluso con un salvataggio ai limiti del prodigioso. Lo scorso 5 marzo, un uomo austriaco di oltre [&hellip;]<\/p>\n","protected":false},"author":2,"featured_media":167978,"comment_status":"closed","ping_status":"open","sticky":false,"template":"","format":"standard","meta":{"footnotes":""},"categories":[5,26],"tags":[],"class_list":["post-167977","post","type-post","status-publish","format-standard","has-post-thumbnail","category-cronaca","category-prima-pagina"],"yoast_head":"<!-- This site is optimized with the Yoast SEO plugin v28.4 - https:\/\/yoast.com\/product\/yoast-seo-wordpress\/ -->\n<title>Arabba, dramma in pista: sciatore salvato dalla Polizia - Bellunopress - Dolomiti<\/title>\n<meta name=\"robots\" content=\"index, follow, max-snippet:-1, max-image-preview:large, max-video-preview:-1\" \/>\n<link rel=\"canonical\" href=\"https:\/\/www.bellunopress.it\/fr\/2026\/03\/07\/arabba-dramma-in-pista-sciatore-salvato-dalla-polizia\/\" \/>\n<meta property=\"og:locale\" content=\"fr_FR\" \/>\n<meta property=\"og:type\" content=\"article\" \/>\n<meta property=\"og:title\" content=\"Arabba, dramma in pista: sciatore salvato dalla Polizia - Bellunopress - Dolomiti\" \/>\n<meta property=\"og:description\" content=\"Un settantenne austriaco colpito da arresto cardiaco dopo una rovinosa caduta. Fondamentale il massaggio cardiaco prolungato degli agenti del Soccorso Piste. Arabba\u00a0\u2013 Un pomeriggio che rischiava di trasformarsi in tragedia sulle nevi del comprensorio di Arabba si \u00e8 concluso con un salvataggio ai limiti del prodigioso. Lo scorso 5 marzo, un uomo austriaco di oltre [&hellip;]\" \/>\n<meta property=\"og:url\" content=\"https:\/\/www.bellunopress.it\/fr\/2026\/03\/07\/arabba-dramma-in-pista-sciatore-salvato-dalla-polizia\/\" \/>\n<meta property=\"og:site_name\" content=\"Bellunopress - Dolomiti\" \/>\n<meta property=\"article:publisher\" content=\"https:\/\/www.facebook.com\/profile.php?id=100008943462799\" \/>\n<meta property=\"article:published_time\" content=\"2026-03-07T12:12:08+00:00\" \/>\n<meta property=\"og:image\" content=\"https:\/\/www.bellunopress.it\/wp-content\/uploads\/2026\/03\/polizia-soccorso-piste.jpg\" \/>\n\t<meta property=\"og:image:width\" content=\"500\" \/>\n\t<meta property=\"og:image:height\" content=\"421\" \/>\n\t<meta property=\"og:image:type\" content=\"image\/jpeg\" \/>\n<meta name=\"author\" content=\"redazione\" \/>\n<meta name=\"twitter:card\" content=\"summary_large_image\" \/>\n<meta name=\"twitter:creator\" content=\"@bellunopress\" \/>\n<meta name=\"twitter:site\" content=\"@bellunopress\" \/>\n<meta name=\"twitter:label1\" content=\"\u00c9crit par\" \/>\n\t<meta name=\"twitter:data1\" content=\"redazione\" \/>\n\t<meta name=\"twitter:label2\" content=\"Dur\u00e9e de lecture estim\u00e9e\" \/>\n\t<meta name=\"twitter:data2\" content=\"2 minutes\" \/>\n<script type=\"application\/ld+json\" class=\"yoast-schema-graph\">{\"@context\":\"https:\\\/\\\/schema.org\",\"@graph\":[{\"@type\":\"Article\",\"@id\":\"https:\\\/\\\/www.bellunopress.it\\\/2026\\\/03\\\/07\\\/arabba-dramma-in-pista-sciatore-salvato-dalla-polizia\\\/#article\",\"isPartOf\":{\"@id\":\"https:\\\/\\\/www.bellunopress.it\\\/2026\\\/03\\\/07\\\/arabba-dramma-in-pista-sciatore-salvato-dalla-polizia\\\/\"},\"author\":{\"name\":\"redazione\",\"@id\":\"https:\\\/\\\/www.bellunopress.it\\\/#\\\/schema\\\/person\\\/79bb06722b37ece1c03d3e94beb30d73\"},\"headline\":\"Arabba, dramma in pista: sciatore salvato dalla Polizia\",\"datePublished\":\"2026-03-07T12:12:08+00:00\",\"mainEntityOfPage\":{\"@id\":\"https:\\\/\\\/www.bellunopress.it\\\/2026\\\/03\\\/07\\\/arabba-dramma-in-pista-sciatore-salvato-dalla-polizia\\\/\"},\"wordCount\":336,\"publisher\":{\"@id\":\"https:\\\/\\\/www.bellunopress.it\\\/#organization\"},\"image\":{\"@id\":\"https:\\\/\\\/www.bellunopress.it\\\/2026\\\/03\\\/07\\\/arabba-dramma-in-pista-sciatore-salvato-dalla-polizia\\\/#primaryimage\"},\"thumbnailUrl\":\"https:\\\/\\\/www.bellunopress.it\\\/wp-content\\\/uploads\\\/2026\\\/03\\\/polizia-soccorso-piste.jpg\",\"articleSection\":[\"Cronaca\\\/Politica\",\"Prima Pagina\"],\"inLanguage\":\"fr-FR\"},{\"@type\":\"WebPage\",\"@id\":\"https:\\\/\\\/www.bellunopress.it\\\/2026\\\/03\\\/07\\\/arabba-dramma-in-pista-sciatore-salvato-dalla-polizia\\\/\",\"url\":\"https:\\\/\\\/www.bellunopress.it\\\/2026\\\/03\\\/07\\\/arabba-dramma-in-pista-sciatore-salvato-dalla-polizia\\\/\",\"name\":\"Arabba, dramma in pista: sciatore salvato dalla Polizia - Bellunopress - Dolomiti\",\"isPartOf\":{\"@id\":\"https:\\\/\\\/www.bellunopress.it\\\/#website\"},\"primaryImageOfPage\":{\"@id\":\"https:\\\/\\\/www.bellunopress.it\\\/2026\\\/03\\\/07\\\/arabba-dramma-in-pista-sciatore-salvato-dalla-polizia\\\/#primaryimage\"},\"image\":{\"@id\":\"https:\\\/\\\/www.bellunopress.it\\\/2026\\\/03\\\/07\\\/arabba-dramma-in-pista-sciatore-salvato-dalla-polizia\\\/#primaryimage\"},\"thumbnailUrl\":\"https:\\\/\\\/www.bellunopress.it\\\/wp-content\\\/uploads\\\/2026\\\/03\\\/polizia-soccorso-piste.jpg\",\"datePublished\":\"2026-03-07T12:12:08+00:00\",\"breadcrumb\":{\"@id\":\"https:\\\/\\\/www.bellunopress.it\\\/2026\\\/03\\\/07\\\/arabba-dramma-in-pista-sciatore-salvato-dalla-polizia\\\/#breadcrumb\"},\"inLanguage\":\"fr-FR\",\"potentialAction\":[{\"@type\":\"ReadAction\",\"target\":[\"https:\\\/\\\/www.bellunopress.it\\\/2026\\\/03\\\/07\\\/arabba-dramma-in-pista-sciatore-salvato-dalla-polizia\\\/\"]}]},{\"@type\":\"ImageObject\",\"inLanguage\":\"fr-FR\",\"@id\":\"https:\\\/\\\/www.bellunopress.it\\\/2026\\\/03\\\/07\\\/arabba-dramma-in-pista-sciatore-salvato-dalla-polizia\\\/#primaryimage\",\"url\":\"https:\\\/\\\/www.bellunopress.it\\\/wp-content\\\/uploads\\\/2026\\\/03\\\/polizia-soccorso-piste.jpg\",\"contentUrl\":\"https:\\\/\\\/www.bellunopress.it\\\/wp-content\\\/uploads\\\/2026\\\/03\\\/polizia-soccorso-piste.jpg\",\"width\":500,\"height\":421},{\"@type\":\"BreadcrumbList\",\"@id\":\"https:\\\/\\\/www.bellunopress.it\\\/2026\\\/03\\\/07\\\/arabba-dramma-in-pista-sciatore-salvato-dalla-polizia\\\/#breadcrumb\",\"itemListElement\":[{\"@type\":\"ListItem\",\"position\":1,\"name\":\"Home\",\"item\":\"https:\\\/\\\/www.bellunopress.it\\\/\"},{\"@type\":\"ListItem\",\"position\":2,\"name\":\"Arabba, dramma in pista: sciatore salvato dalla Polizia\"}]},{\"@type\":\"WebSite\",\"@id\":\"https:\\\/\\\/www.bellunopress.it\\\/#website\",\"url\":\"https:\\\/\\\/www.bellunopress.it\\\/\",\"name\":\"Bellunopress - Dolomiti\",\"description\":\"e-mail: redazione@bellunopress.it\",\"publisher\":{\"@id\":\"https:\\\/\\\/www.bellunopress.it\\\/#organization\"},\"potentialAction\":[{\"@type\":\"SearchAction\",\"target\":{\"@type\":\"EntryPoint\",\"urlTemplate\":\"https:\\\/\\\/www.bellunopress.it\\\/?s={search_term_string}\"},\"query-input\":{\"@type\":\"PropertyValueSpecification\",\"valueRequired\":true,\"valueName\":\"search_term_string\"}}],\"inLanguage\":\"fr-FR\"},{\"@type\":\"Organization\",\"@id\":\"https:\\\/\\\/www.bellunopress.it\\\/#organization\",\"name\":\"Bellunopress\",\"url\":\"https:\\\/\\\/www.bellunopress.it\\\/\",\"logo\":{\"@type\":\"ImageObject\",\"inLanguage\":\"fr-FR\",\"@id\":\"https:\\\/\\\/www.bellunopress.it\\\/#\\\/schema\\\/logo\\\/image\\\/\",\"url\":\"https:\\\/\\\/www.bellunopress.it\\\/wp-content\\\/uploads\\\/2011\\\/05\\\/cropped-logo-bellunopress-.jpg\",\"contentUrl\":\"https:\\\/\\\/www.bellunopress.it\\\/wp-content\\\/uploads\\\/2011\\\/05\\\/cropped-logo-bellunopress-.jpg\",\"width\":512,\"height\":512,\"caption\":\"Bellunopress\"},\"image\":{\"@id\":\"https:\\\/\\\/www.bellunopress.it\\\/#\\\/schema\\\/logo\\\/image\\\/\"},\"sameAs\":[\"https:\\\/\\\/www.facebook.com\\\/profile.php?id=100008943462799\",\"https:\\\/\\\/x.com\\\/bellunopress\",\"https:\\\/\\\/www.linkedin.com\\\/hp\\\/?dnr=JBzUWaJfMUw8vbXJJ2tVW5-I3jZKvC4wsoxE&amp;amp;amp;amp;amp;amp;trk=nav_responsive_tab_home\",\"https:\\\/\\\/www.youtube.com\\\/channel\\\/UCxL0wu1uN0_3_7hGG0306cw\"]},{\"@type\":\"Person\",\"@id\":\"https:\\\/\\\/www.bellunopress.it\\\/#\\\/schema\\\/person\\\/79bb06722b37ece1c03d3e94beb30d73\",\"name\":\"redazione\",\"image\":{\"@type\":\"ImageObject\",\"inLanguage\":\"fr-FR\",\"@id\":\"https:\\\/\\\/secure.gravatar.com\\\/avatar\\\/37d968a2e67a6fd04c169c4bdef102d0bc5d31b2546345219e348575eb80e9a0?s=96&d=mm&r=g\",\"url\":\"https:\\\/\\\/secure.gravatar.com\\\/avatar\\\/37d968a2e67a6fd04c169c4bdef102d0bc5d31b2546345219e348575eb80e9a0?s=96&d=mm&r=g\",\"contentUrl\":\"https:\\\/\\\/secure.gravatar.com\\\/avatar\\\/37d968a2e67a6fd04c169c4bdef102d0bc5d31b2546345219e348575eb80e9a0?s=96&d=mm&r=g\",\"caption\":\"redazione\"},\"sameAs\":[\"http:\\\/\\\/www.bellunopress.it\",\"https:\\\/\\\/x.com\\\/bellunopress\"],\"url\":\"https:\\\/\\\/www.bellunopress.it\\\/fr\\\/author\\\/redazione\\\/\"}]}<\/script>\n<!-- \/ Yoast SEO plugin. -->","yoast_head_json":{"title":"Arabba, dramma in pista: sciatore salvato dalla Polizia - Bellunopress - Dolomiti","robots":{"index":"index","follow":"follow","max-snippet":"max-snippet:-1","max-image-preview":"max-image-preview:large","max-video-preview":"max-video-preview:-1"},"canonical":"https:\/\/www.bellunopress.it\/fr\/2026\/03\/07\/arabba-dramma-in-pista-sciatore-salvato-dalla-polizia\/","og_locale":"fr_FR","og_type":"article","og_title":"Arabba, dramma in pista: sciatore salvato dalla Polizia - Bellunopress - Dolomiti","og_description":"Un settantenne austriaco colpito da arresto cardiaco dopo una rovinosa caduta. Fondamentale il massaggio cardiaco prolungato degli agenti del Soccorso Piste. Arabba\u00a0\u2013 Un pomeriggio che rischiava di trasformarsi in tragedia sulle nevi del comprensorio di Arabba si \u00e8 concluso con un salvataggio ai limiti del prodigioso. Lo scorso 5 marzo, un uomo austriaco di oltre [&hellip;]","og_url":"https:\/\/www.bellunopress.it\/fr\/2026\/03\/07\/arabba-dramma-in-pista-sciatore-salvato-dalla-polizia\/","og_site_name":"Bellunopress - Dolomiti","article_publisher":"https:\/\/www.facebook.com\/profile.php?id=100008943462799","article_published_time":"2026-03-07T12:12:08+00:00","og_image":[{"width":500,"height":421,"url":"https:\/\/www.bellunopress.it\/wp-content\/uploads\/2026\/03\/polizia-soccorso-piste.jpg","type":"image\/jpeg"}],"author":"redazione","twitter_card":"summary_large_image","twitter_creator":"@bellunopress","twitter_site":"@bellunopress","twitter_misc":{"\u00c9crit par":"redazione","Dur\u00e9e de lecture estim\u00e9e":"2 minutes"},"schema":{"@context":"https:\/\/schema.org","@graph":[{"@type":"Article","@id":"https:\/\/www.bellunopress.it\/2026\/03\/07\/arabba-dramma-in-pista-sciatore-salvato-dalla-polizia\/#article","isPartOf":{"@id":"https:\/\/www.bellunopress.it\/2026\/03\/07\/arabba-dramma-in-pista-sciatore-salvato-dalla-polizia\/"},"author":{"name":"redazione","@id":"https:\/\/www.bellunopress.it\/#\/schema\/person\/79bb06722b37ece1c03d3e94beb30d73"},"headline":"Arabba, dramma in pista: sciatore salvato dalla Polizia","datePublished":"2026-03-07T12:12:08+00:00","mainEntityOfPage":{"@id":"https:\/\/www.bellunopress.it\/2026\/03\/07\/arabba-dramma-in-pista-sciatore-salvato-dalla-polizia\/"},"wordCount":336,"publisher":{"@id":"https:\/\/www.bellunopress.it\/#organization"},"image":{"@id":"https:\/\/www.bellunopress.it\/2026\/03\/07\/arabba-dramma-in-pista-sciatore-salvato-dalla-polizia\/#primaryimage"},"thumbnailUrl":"https:\/\/www.bellunopress.it\/wp-content\/uploads\/2026\/03\/polizia-soccorso-piste.jpg","articleSection":["Cronaca\/Politica","Prima Pagina"],"inLanguage":"fr-FR"},{"@type":"WebPage","@id":"https:\/\/www.bellunopress.it\/2026\/03\/07\/arabba-dramma-in-pista-sciatore-salvato-dalla-polizia\/","url":"https:\/\/www.bellunopress.it\/2026\/03\/07\/arabba-dramma-in-pista-sciatore-salvato-dalla-polizia\/","name":"Arabba, dramma in pista: sciatore salvato dalla Polizia - Bellunopress - Dolomiti","isPartOf":{"@id":"https:\/\/www.bellunopress.it\/#website"},"primaryImageOfPage":{"@id":"https:\/\/www.bellunopress.it\/2026\/03\/07\/arabba-dramma-in-pista-sciatore-salvato-dalla-polizia\/#primaryimage"},"image":{"@id":"https:\/\/www.bellunopress.it\/2026\/03\/07\/arabba-dramma-in-pista-sciatore-salvato-dalla-polizia\/#primaryimage"},"thumbnailUrl":"https:\/\/www.bellunopress.it\/wp-content\/uploads\/2026\/03\/polizia-soccorso-piste.jpg","datePublished":"2026-03-07T12:12:08+00:00","breadcrumb":{"@id":"https:\/\/www.bellunopress.it\/2026\/03\/07\/arabba-dramma-in-pista-sciatore-salvato-dalla-polizia\/#breadcrumb"},"inLanguage":"fr-FR","potentialAction":[{"@type":"ReadAction","target":["https:\/\/www.bellunopress.it\/2026\/03\/07\/arabba-dramma-in-pista-sciatore-salvato-dalla-polizia\/"]}]},{"@type":"ImageObject","inLanguage":"fr-FR","@id":"https:\/\/www.bellunopress.it\/2026\/03\/07\/arabba-dramma-in-pista-sciatore-salvato-dalla-polizia\/#primaryimage","url":"https:\/\/www.bellunopress.it\/wp-content\/uploads\/2026\/03\/polizia-soccorso-piste.jpg","contentUrl":"https:\/\/www.bellunopress.it\/wp-content\/uploads\/2026\/03\/polizia-soccorso-piste.jpg","width":500,"height":421},{"@type":"BreadcrumbList","@id":"https:\/\/www.bellunopress.it\/2026\/03\/07\/arabba-dramma-in-pista-sciatore-salvato-dalla-polizia\/#breadcrumb","itemListElement":[{"@type":"ListItem","position":1,"name":"Home","item":"https:\/\/www.bellunopress.it\/"},{"@type":"ListItem","position":2,"name":"Arabba, dramma in pista: sciatore salvato dalla Polizia"}]},{"@type":"WebSite","@id":"https:\/\/www.bellunopress.it\/#website","url":"https:\/\/www.bellunopress.it\/","name":"Bellunopress - Dolomiti","description":"e-mail: redazione@bellunopress.it","publisher":{"@id":"https:\/\/www.bellunopress.it\/#organization"},"potentialAction":[{"@type":"SearchAction","target":{"@type":"EntryPoint","urlTemplate":"https:\/\/www.bellunopress.it\/?s={search_term_string}"},"query-input":{"@type":"PropertyValueSpecification","valueRequired":true,"valueName":"search_term_string"}}],"inLanguage":"fr-FR"},{"@type":"Organization","@id":"https:\/\/www.bellunopress.it\/#organization","name":"Bellunopress","url":"https:\/\/www.bellunopress.it\/","logo":{"@type":"ImageObject","inLanguage":"fr-FR","@id":"https:\/\/www.bellunopress.it\/#\/schema\/logo\/image\/","url":"https:\/\/www.bellunopress.it\/wp-content\/uploads\/2011\/05\/cropped-logo-bellunopress-.jpg","contentUrl":"https:\/\/www.bellunopress.it\/wp-content\/uploads\/2011\/05\/cropped-logo-bellunopress-.jpg","width":512,"height":512,"caption":"Bellunopress"},"image":{"@id":"https:\/\/www.bellunopress.it\/#\/schema\/logo\/image\/"},"sameAs":["https:\/\/www.facebook.com\/profile.php?id=100008943462799","https:\/\/x.com\/bellunopress","https:\/\/www.linkedin.com\/hp\/?dnr=JBzUWaJfMUw8vbXJJ2tVW5-I3jZKvC4wsoxE&amp;amp;amp;amp;amp;amp;trk=nav_responsive_tab_home","https:\/\/www.youtube.com\/channel\/UCxL0wu1uN0_3_7hGG0306cw"]},{"@type":"Person","@id":"https:\/\/www.bellunopress.it\/#\/schema\/person\/79bb06722b37ece1c03d3e94beb30d73","name":"r\u00e9daction","image":{"@type":"ImageObject","inLanguage":"fr-FR","@id":"https:\/\/secure.gravatar.com\/avatar\/37d968a2e67a6fd04c169c4bdef102d0bc5d31b2546345219e348575eb80e9a0?s=96&d=mm&r=g","url":"https:\/\/secure.gravatar.com\/avatar\/37d968a2e67a6fd04c169c4bdef102d0bc5d31b2546345219e348575eb80e9a0?s=96&d=mm&r=g","contentUrl":"https:\/\/secure.gravatar.com\/avatar\/37d968a2e67a6fd04c169c4bdef102d0bc5d31b2546345219e348575eb80e9a0?s=96&d=mm&r=g","caption":"redazione"},"sameAs":["http:\/\/www.bellunopress.it","https:\/\/x.com\/bellunopress"],"url":"https:\/\/www.bellunopress.it\/fr\/author\/redazione\/"}]}},"_links":{"self":[{"href":"https:\/\/www.bellunopress.it\/fr\/wp-json\/wp\/v2\/posts\/167977","targetHints":{"allow":["GET"]}}],"collection":[{"href":"https:\/\/www.bellunopress.it\/fr\/wp-json\/wp\/v2\/posts"}],"about":[{"href":"https:\/\/www.bellunopress.it\/fr\/wp-json\/wp\/v2\/types\/post"}],"author":[{"embeddable":true,"href":"https:\/\/www.bellunopress.it\/fr\/wp-json\/wp\/v2\/users\/2"}],"replies":[{"embeddable":true,"href":"https:\/\/www.bellunopress.it\/fr\/wp-json\/wp\/v2\/comments?post=167977"}],"version-history":[{"count":1,"href":"https:\/\/www.bellunopress.it\/fr\/wp-json\/wp\/v2\/posts\/167977\/revisions"}],"predecessor-version":[{"id":167979,"href":"https:\/\/www.bellunopress.it\/fr\/wp-json\/wp\/v2\/posts\/167977\/revisions\/167979"}],"wp:featuredmedia":[{"embeddable":true,"href":"https:\/\/www.bellunopress.it\/fr\/wp-json\/wp\/v2\/media\/167978"}],"wp:attachment":[{"href":"https:\/\/www.bellunopress.it\/fr\/wp-json\/wp\/v2\/media?parent=167977"}],"wp:term":[{"taxonomy":"category","embeddable":true,"href":"https:\/\/www.bellunopress.it\/fr\/wp-json\/wp\/v2\/categories?post=167977"},{"taxonomy":"post_tag","embeddable":true,"href":"https:\/\/www.bellunopress.it\/fr\/wp-json\/wp\/v2\/tags?post=167977"}],"curies":[{"name":"wp","href":"https:\/\/api.w.org\/{rel}","templated":true}]}}