{"id":167975,"date":"2026-03-07T10:49:11","date_gmt":"2026-03-07T09:49:11","guid":{"rendered":"https:\/\/www.bellunopress.it\/?p=167975"},"modified":"2026-03-07T10:49:11","modified_gmt":"2026-03-07T09:49:11","slug":"aviaria-scoppia-il-caso-vaccini-in-veneto-trasparenza-su-tecnologia-e-sicurezza-alimentare","status":"publish","type":"post","link":"https:\/\/www.bellunopress.it\/fr\/2026\/03\/07\/aviaria-scoppia-il-caso-vaccini-in-veneto-trasparenza-su-tecnologia-e-sicurezza-alimentare\/","title":{"rendered":"Aviaria, scoppia il caso vaccini in Veneto: &#8220;Trasparenza su tecnologia e sicurezza alimentare&#8221;"},"content":{"rendered":"<p data-path-to-node=\"3\">Venezia, 0\/03\/2026 \u2013 Il piano della Regione Veneto per contrastare l\u2019influenza aviaria finisce nel mirino delle polemiche. Al centro del dibattito, la campagna vaccinale obbligatoria prevista per aprile 2026, che ha sollevato forti preoccupazioni circa la natura dei farmaci utilizzati e le possibili ricadute sulla salute pubblica e sulla tracciabilit\u00e0 dei prodotti avicoli.<\/p>\n<h3 data-path-to-node=\"4\">L\u2019allarme: &#8220;Vaccini genici nella filiera alimentare&#8221;<\/h3>\n<p data-path-to-node=\"5\">Secondo quanto diffuso in una nota critica, il timore principale riguarda l\u2019impiego di vaccini nucleotidici (genici). Il riferimento corre a quanto accaduto in Francia a fine 2025, dove per un&#8217;operazione analoga \u00e8 stato utilizzato un prodotto a vettore virale sviluppato dal gruppo Ceva.\u00a0&#8220;Si tratterebbe di una tecnologia simile a quella del vaccino AstraZeneca per uso umano,&#8221; si legge nel comunicato, sollevando il dubbio che l&#8217;iniezione di farmaci sperimentali negli animali da carne possa trasformare carni e uova in prodotti potenzialmente nocivi. La richiesta alla Giunta regionale \u00e8 netta: una moratoria immediata e la pubblicazione urgente dei protocolli tecnici.<\/p>\n<h3 data-path-to-node=\"7\">Le incognite sulla tracciabilit\u00e0<\/h3>\n<p data-path-to-node=\"8\">Non \u00e8 solo una questione di salute, ma anche di trasparenza commerciale. Gli oppositori alla misura chiedono chiarimenti su come la Regione intenda:<\/p>\n<ul data-path-to-node=\"9\">\n<li>\n<p data-path-to-node=\"9,0,0\">Distinguere i capi: quali sono i protocolli di sorveglianza per differenziare gli animali vaccinati da quelli non vaccinati?<\/p>\n<\/li>\n<li>\n<p data-path-to-node=\"9,1,0\">Garantire i mercati: quali saranno le ricadute sulla commercializzazione dei prodotti veneti all&#8217;estero?<\/p>\n<\/li>\n<li>\n<p data-path-to-node=\"9,2,0\">Gestire gli allevamenti: quali misure di biosicurezza e riduzione della densit\u00e0 dei capi verranno adottate per ridurre strutturalmente il rischio di focolai, oltre alla profilassi vaccinale?<\/p>\n<\/li>\n<\/ul>\n<h3 data-path-to-node=\"10\">Il nodo politico: l&#8217;interrogazione europea<\/h3>\n<p data-path-to-node=\"11\">Il caso \u00e8 gi\u00e0 arrivato sui banchi di Bruxelles. L\u2019europarlamentare Sergio Berlato ha infatti presentato un\u2019interrogazione alla Commissione Europea, evidenziando come l\u2019autorizzazione per alcuni di questi vaccini veterinari sia stata concessa solo per &#8220;circostanze eccezionali&#8221;. Una definizione che stride con la situazione veneta, dove l\u2019aviaria \u00e8 ormai considerata una malattia endemica e non un\u2019emergenza improvvisa.<\/p>\n<h3 data-path-to-node=\"12\">Verso aprile 2026<\/h3>\n<p data-path-to-node=\"13\">Con l&#8217;avvicinarsi della scadenza di aprile, la pressione sulla Giunta veneta aumenta. L&#8217;accusa mossa \u00e8 quella di voler proseguire con una sperimentazione che, dopo il Covid-19, passerebbe ora attraverso il ciclo dell&#8217;alimentazione. &#8220;Chiediamo totale trasparenza,&#8221; conclude la nota, &#8220;prima che l&#8217;intera filiera avicola veneta si trovi coinvolta in un processo dalle conseguenze ancora imprevedibili&#8221;.<\/p>","protected":false},"excerpt":{"rendered":"<p>Venezia, 0\/03\/2026 \u2013 Il piano della Regione Veneto per contrastare l\u2019influenza aviaria finisce nel mirino delle polemiche. Al centro del dibattito, la campagna vaccinale obbligatoria prevista per aprile 2026, che ha sollevato forti preoccupazioni circa la natura dei farmaci utilizzati e le possibili ricadute sulla salute pubblica e sulla tracciabilit\u00e0 dei prodotti avicoli. L\u2019allarme: &#8220;Vaccini [&hellip;]<\/p>\n","protected":false},"author":2,"featured_media":158675,"comment_status":"closed","ping_status":"open","sticky":false,"template":"","format":"standard","meta":{"footnotes":""},"categories":[26,17,8],"tags":[],"class_list":["post-167975","post","type-post","status-publish","format-standard","has-post-thumbnail","category-prima-pagina","category-sanita","category-societa-istituzioni"],"yoast_head":"<!-- This site is optimized with the Yoast SEO plugin v28.4 - https:\/\/yoast.com\/product\/yoast-seo-wordpress\/ -->\n<title>Aviaria, scoppia il caso vaccini in Veneto: &quot;Trasparenza su tecnologia e sicurezza alimentare&quot; - Bellunopress - Dolomiti<\/title>\n<meta name=\"robots\" content=\"index, follow, max-snippet:-1, max-image-preview:large, max-video-preview:-1\" \/>\n<link rel=\"canonical\" href=\"https:\/\/www.bellunopress.it\/fr\/2026\/03\/07\/aviaria-scoppia-il-caso-vaccini-in-veneto-trasparenza-su-tecnologia-e-sicurezza-alimentare\/\" \/>\n<meta property=\"og:locale\" content=\"fr_FR\" \/>\n<meta property=\"og:type\" content=\"article\" \/>\n<meta property=\"og:title\" content=\"Aviaria, scoppia il caso vaccini in Veneto: &quot;Trasparenza su tecnologia e sicurezza alimentare&quot; - Bellunopress - Dolomiti\" \/>\n<meta property=\"og:description\" content=\"Venezia, 0\/03\/2026 \u2013 Il piano della Regione Veneto per contrastare l\u2019influenza aviaria finisce nel mirino delle polemiche. Al centro del dibattito, la campagna vaccinale obbligatoria prevista per aprile 2026, che ha sollevato forti preoccupazioni circa la natura dei farmaci utilizzati e le possibili ricadute sulla salute pubblica e sulla tracciabilit\u00e0 dei prodotti avicoli. L\u2019allarme: &#8220;Vaccini [&hellip;]\" \/>\n<meta property=\"og:url\" content=\"https:\/\/www.bellunopress.it\/fr\/2026\/03\/07\/aviaria-scoppia-il-caso-vaccini-in-veneto-trasparenza-su-tecnologia-e-sicurezza-alimentare\/\" \/>\n<meta property=\"og:site_name\" content=\"Bellunopress - Dolomiti\" \/>\n<meta property=\"article:publisher\" content=\"https:\/\/www.facebook.com\/profile.php?id=100008943462799\" \/>\n<meta property=\"article:published_time\" content=\"2026-03-07T09:49:11+00:00\" \/>\n<meta property=\"og:image\" content=\"https:\/\/www.bellunopress.it\/wp-content\/uploads\/2025\/03\/galline-in-gabbie_edited.jpg\" \/>\n\t<meta property=\"og:image:width\" content=\"1000\" \/>\n\t<meta property=\"og:image:height\" content=\"563\" \/>\n\t<meta property=\"og:image:type\" content=\"image\/jpeg\" \/>\n<meta name=\"author\" content=\"redazione\" \/>\n<meta name=\"twitter:card\" content=\"summary_large_image\" \/>\n<meta name=\"twitter:creator\" content=\"@bellunopress\" \/>\n<meta name=\"twitter:site\" content=\"@bellunopress\" \/>\n<meta name=\"twitter:label1\" content=\"\u00c9crit par\" \/>\n\t<meta name=\"twitter:data1\" content=\"redazione\" \/>\n\t<meta name=\"twitter:label2\" content=\"Dur\u00e9e de lecture estim\u00e9e\" \/>\n\t<meta name=\"twitter:data2\" content=\"2 minutes\" \/>\n<script type=\"application\/ld+json\" class=\"yoast-schema-graph\">{\"@context\":\"https:\\\/\\\/schema.org\",\"@graph\":[{\"@type\":\"Article\",\"@id\":\"https:\\\/\\\/www.bellunopress.it\\\/2026\\\/03\\\/07\\\/aviaria-scoppia-il-caso-vaccini-in-veneto-trasparenza-su-tecnologia-e-sicurezza-alimentare\\\/#article\",\"isPartOf\":{\"@id\":\"https:\\\/\\\/www.bellunopress.it\\\/2026\\\/03\\\/07\\\/aviaria-scoppia-il-caso-vaccini-in-veneto-trasparenza-su-tecnologia-e-sicurezza-alimentare\\\/\"},\"author\":{\"name\":\"redazione\",\"@id\":\"https:\\\/\\\/www.bellunopress.it\\\/#\\\/schema\\\/person\\\/79bb06722b37ece1c03d3e94beb30d73\"},\"headline\":\"Aviaria, scoppia il caso vaccini in Veneto: &#8220;Trasparenza su tecnologia e sicurezza alimentare&#8221;\",\"datePublished\":\"2026-03-07T09:49:11+00:00\",\"mainEntityOfPage\":{\"@id\":\"https:\\\/\\\/www.bellunopress.it\\\/2026\\\/03\\\/07\\\/aviaria-scoppia-il-caso-vaccini-in-veneto-trasparenza-su-tecnologia-e-sicurezza-alimentare\\\/\"},\"wordCount\":377,\"publisher\":{\"@id\":\"https:\\\/\\\/www.bellunopress.it\\\/#organization\"},\"image\":{\"@id\":\"https:\\\/\\\/www.bellunopress.it\\\/2026\\\/03\\\/07\\\/aviaria-scoppia-il-caso-vaccini-in-veneto-trasparenza-su-tecnologia-e-sicurezza-alimentare\\\/#primaryimage\"},\"thumbnailUrl\":\"https:\\\/\\\/www.bellunopress.it\\\/wp-content\\\/uploads\\\/2025\\\/03\\\/galline-in-gabbie_edited.jpg\",\"articleSection\":[\"Prima Pagina\",\"Sanit\u00e0 Medicina\",\"Societ\u00e0, Associazioni, Istituzioni\"],\"inLanguage\":\"fr-FR\"},{\"@type\":\"WebPage\",\"@id\":\"https:\\\/\\\/www.bellunopress.it\\\/2026\\\/03\\\/07\\\/aviaria-scoppia-il-caso-vaccini-in-veneto-trasparenza-su-tecnologia-e-sicurezza-alimentare\\\/\",\"url\":\"https:\\\/\\\/www.bellunopress.it\\\/2026\\\/03\\\/07\\\/aviaria-scoppia-il-caso-vaccini-in-veneto-trasparenza-su-tecnologia-e-sicurezza-alimentare\\\/\",\"name\":\"Aviaria, scoppia il caso vaccini in Veneto: \\\"Trasparenza su tecnologia e sicurezza alimentare\\\" - Bellunopress - Dolomiti\",\"isPartOf\":{\"@id\":\"https:\\\/\\\/www.bellunopress.it\\\/#website\"},\"primaryImageOfPage\":{\"@id\":\"https:\\\/\\\/www.bellunopress.it\\\/2026\\\/03\\\/07\\\/aviaria-scoppia-il-caso-vaccini-in-veneto-trasparenza-su-tecnologia-e-sicurezza-alimentare\\\/#primaryimage\"},\"image\":{\"@id\":\"https:\\\/\\\/www.bellunopress.it\\\/2026\\\/03\\\/07\\\/aviaria-scoppia-il-caso-vaccini-in-veneto-trasparenza-su-tecnologia-e-sicurezza-alimentare\\\/#primaryimage\"},\"thumbnailUrl\":\"https:\\\/\\\/www.bellunopress.it\\\/wp-content\\\/uploads\\\/2025\\\/03\\\/galline-in-gabbie_edited.jpg\",\"datePublished\":\"2026-03-07T09:49:11+00:00\",\"breadcrumb\":{\"@id\":\"https:\\\/\\\/www.bellunopress.it\\\/2026\\\/03\\\/07\\\/aviaria-scoppia-il-caso-vaccini-in-veneto-trasparenza-su-tecnologia-e-sicurezza-alimentare\\\/#breadcrumb\"},\"inLanguage\":\"fr-FR\",\"potentialAction\":[{\"@type\":\"ReadAction\",\"target\":[\"https:\\\/\\\/www.bellunopress.it\\\/2026\\\/03\\\/07\\\/aviaria-scoppia-il-caso-vaccini-in-veneto-trasparenza-su-tecnologia-e-sicurezza-alimentare\\\/\"]}]},{\"@type\":\"ImageObject\",\"inLanguage\":\"fr-FR\",\"@id\":\"https:\\\/\\\/www.bellunopress.it\\\/2026\\\/03\\\/07\\\/aviaria-scoppia-il-caso-vaccini-in-veneto-trasparenza-su-tecnologia-e-sicurezza-alimentare\\\/#primaryimage\",\"url\":\"https:\\\/\\\/www.bellunopress.it\\\/wp-content\\\/uploads\\\/2025\\\/03\\\/galline-in-gabbie_edited.jpg\",\"contentUrl\":\"https:\\\/\\\/www.bellunopress.it\\\/wp-content\\\/uploads\\\/2025\\\/03\\\/galline-in-gabbie_edited.jpg\",\"width\":1000,\"height\":563},{\"@type\":\"BreadcrumbList\",\"@id\":\"https:\\\/\\\/www.bellunopress.it\\\/2026\\\/03\\\/07\\\/aviaria-scoppia-il-caso-vaccini-in-veneto-trasparenza-su-tecnologia-e-sicurezza-alimentare\\\/#breadcrumb\",\"itemListElement\":[{\"@type\":\"ListItem\",\"position\":1,\"name\":\"Home\",\"item\":\"https:\\\/\\\/www.bellunopress.it\\\/\"},{\"@type\":\"ListItem\",\"position\":2,\"name\":\"Aviaria, scoppia il caso vaccini in Veneto: &#8220;Trasparenza su tecnologia e sicurezza alimentare&#8221;\"}]},{\"@type\":\"WebSite\",\"@id\":\"https:\\\/\\\/www.bellunopress.it\\\/#website\",\"url\":\"https:\\\/\\\/www.bellunopress.it\\\/\",\"name\":\"Bellunopress - Dolomiti\",\"description\":\"e-mail: redazione@bellunopress.it\",\"publisher\":{\"@id\":\"https:\\\/\\\/www.bellunopress.it\\\/#organization\"},\"potentialAction\":[{\"@type\":\"SearchAction\",\"target\":{\"@type\":\"EntryPoint\",\"urlTemplate\":\"https:\\\/\\\/www.bellunopress.it\\\/?s={search_term_string}\"},\"query-input\":{\"@type\":\"PropertyValueSpecification\",\"valueRequired\":true,\"valueName\":\"search_term_string\"}}],\"inLanguage\":\"fr-FR\"},{\"@type\":\"Organization\",\"@id\":\"https:\\\/\\\/www.bellunopress.it\\\/#organization\",\"name\":\"Bellunopress\",\"url\":\"https:\\\/\\\/www.bellunopress.it\\\/\",\"logo\":{\"@type\":\"ImageObject\",\"inLanguage\":\"fr-FR\",\"@id\":\"https:\\\/\\\/www.bellunopress.it\\\/#\\\/schema\\\/logo\\\/image\\\/\",\"url\":\"https:\\\/\\\/www.bellunopress.it\\\/wp-content\\\/uploads\\\/2011\\\/05\\\/cropped-logo-bellunopress-.jpg\",\"contentUrl\":\"https:\\\/\\\/www.bellunopress.it\\\/wp-content\\\/uploads\\\/2011\\\/05\\\/cropped-logo-bellunopress-.jpg\",\"width\":512,\"height\":512,\"caption\":\"Bellunopress\"},\"image\":{\"@id\":\"https:\\\/\\\/www.bellunopress.it\\\/#\\\/schema\\\/logo\\\/image\\\/\"},\"sameAs\":[\"https:\\\/\\\/www.facebook.com\\\/profile.php?id=100008943462799\",\"https:\\\/\\\/x.com\\\/bellunopress\",\"https:\\\/\\\/www.linkedin.com\\\/hp\\\/?dnr=JBzUWaJfMUw8vbXJJ2tVW5-I3jZKvC4wsoxE&amp;amp;amp;amp;amp;amp;trk=nav_responsive_tab_home\",\"https:\\\/\\\/www.youtube.com\\\/channel\\\/UCxL0wu1uN0_3_7hGG0306cw\"]},{\"@type\":\"Person\",\"@id\":\"https:\\\/\\\/www.bellunopress.it\\\/#\\\/schema\\\/person\\\/79bb06722b37ece1c03d3e94beb30d73\",\"name\":\"redazione\",\"image\":{\"@type\":\"ImageObject\",\"inLanguage\":\"fr-FR\",\"@id\":\"https:\\\/\\\/secure.gravatar.com\\\/avatar\\\/37d968a2e67a6fd04c169c4bdef102d0bc5d31b2546345219e348575eb80e9a0?s=96&d=mm&r=g\",\"url\":\"https:\\\/\\\/secure.gravatar.com\\\/avatar\\\/37d968a2e67a6fd04c169c4bdef102d0bc5d31b2546345219e348575eb80e9a0?s=96&d=mm&r=g\",\"contentUrl\":\"https:\\\/\\\/secure.gravatar.com\\\/avatar\\\/37d968a2e67a6fd04c169c4bdef102d0bc5d31b2546345219e348575eb80e9a0?s=96&d=mm&r=g\",\"caption\":\"redazione\"},\"sameAs\":[\"http:\\\/\\\/www.bellunopress.it\",\"https:\\\/\\\/x.com\\\/bellunopress\"],\"url\":\"https:\\\/\\\/www.bellunopress.it\\\/fr\\\/author\\\/redazione\\\/\"}]}<\/script>\n<!-- \/ Yoast SEO plugin. -->","yoast_head_json":{"title":"Aviaria, scoppia il caso vaccini in Veneto: \"Trasparenza su tecnologia e sicurezza alimentare\" - Bellunopress - Dolomiti","robots":{"index":"index","follow":"follow","max-snippet":"max-snippet:-1","max-image-preview":"max-image-preview:large","max-video-preview":"max-video-preview:-1"},"canonical":"https:\/\/www.bellunopress.it\/fr\/2026\/03\/07\/aviaria-scoppia-il-caso-vaccini-in-veneto-trasparenza-su-tecnologia-e-sicurezza-alimentare\/","og_locale":"fr_FR","og_type":"article","og_title":"Aviaria, scoppia il caso vaccini in Veneto: \"Trasparenza su tecnologia e sicurezza alimentare\" - Bellunopress - Dolomiti","og_description":"Venezia, 0\/03\/2026 \u2013 Il piano della Regione Veneto per contrastare l\u2019influenza aviaria finisce nel mirino delle polemiche. Al centro del dibattito, la campagna vaccinale obbligatoria prevista per aprile 2026, che ha sollevato forti preoccupazioni circa la natura dei farmaci utilizzati e le possibili ricadute sulla salute pubblica e sulla tracciabilit\u00e0 dei prodotti avicoli. L\u2019allarme: &#8220;Vaccini [&hellip;]","og_url":"https:\/\/www.bellunopress.it\/fr\/2026\/03\/07\/aviaria-scoppia-il-caso-vaccini-in-veneto-trasparenza-su-tecnologia-e-sicurezza-alimentare\/","og_site_name":"Bellunopress - Dolomiti","article_publisher":"https:\/\/www.facebook.com\/profile.php?id=100008943462799","article_published_time":"2026-03-07T09:49:11+00:00","og_image":[{"width":1000,"height":563,"url":"https:\/\/www.bellunopress.it\/wp-content\/uploads\/2025\/03\/galline-in-gabbie_edited.jpg","type":"image\/jpeg"}],"author":"redazione","twitter_card":"summary_large_image","twitter_creator":"@bellunopress","twitter_site":"@bellunopress","twitter_misc":{"\u00c9crit par":"redazione","Dur\u00e9e de lecture estim\u00e9e":"2 minutes"},"schema":{"@context":"https:\/\/schema.org","@graph":[{"@type":"Article","@id":"https:\/\/www.bellunopress.it\/2026\/03\/07\/aviaria-scoppia-il-caso-vaccini-in-veneto-trasparenza-su-tecnologia-e-sicurezza-alimentare\/#article","isPartOf":{"@id":"https:\/\/www.bellunopress.it\/2026\/03\/07\/aviaria-scoppia-il-caso-vaccini-in-veneto-trasparenza-su-tecnologia-e-sicurezza-alimentare\/"},"author":{"name":"redazione","@id":"https:\/\/www.bellunopress.it\/#\/schema\/person\/79bb06722b37ece1c03d3e94beb30d73"},"headline":"Aviaria, scoppia il caso vaccini in Veneto: &#8220;Trasparenza su tecnologia e sicurezza alimentare&#8221;","datePublished":"2026-03-07T09:49:11+00:00","mainEntityOfPage":{"@id":"https:\/\/www.bellunopress.it\/2026\/03\/07\/aviaria-scoppia-il-caso-vaccini-in-veneto-trasparenza-su-tecnologia-e-sicurezza-alimentare\/"},"wordCount":377,"publisher":{"@id":"https:\/\/www.bellunopress.it\/#organization"},"image":{"@id":"https:\/\/www.bellunopress.it\/2026\/03\/07\/aviaria-scoppia-il-caso-vaccini-in-veneto-trasparenza-su-tecnologia-e-sicurezza-alimentare\/#primaryimage"},"thumbnailUrl":"https:\/\/www.bellunopress.it\/wp-content\/uploads\/2025\/03\/galline-in-gabbie_edited.jpg","articleSection":["Prima Pagina","Sanit\u00e0 Medicina","Societ\u00e0, Associazioni, Istituzioni"],"inLanguage":"fr-FR"},{"@type":"WebPage","@id":"https:\/\/www.bellunopress.it\/2026\/03\/07\/aviaria-scoppia-il-caso-vaccini-in-veneto-trasparenza-su-tecnologia-e-sicurezza-alimentare\/","url":"https:\/\/www.bellunopress.it\/2026\/03\/07\/aviaria-scoppia-il-caso-vaccini-in-veneto-trasparenza-su-tecnologia-e-sicurezza-alimentare\/","name":"Aviaria, scoppia il caso vaccini in Veneto: \"Trasparenza su tecnologia e sicurezza alimentare\" - Bellunopress - Dolomiti","isPartOf":{"@id":"https:\/\/www.bellunopress.it\/#website"},"primaryImageOfPage":{"@id":"https:\/\/www.bellunopress.it\/2026\/03\/07\/aviaria-scoppia-il-caso-vaccini-in-veneto-trasparenza-su-tecnologia-e-sicurezza-alimentare\/#primaryimage"},"image":{"@id":"https:\/\/www.bellunopress.it\/2026\/03\/07\/aviaria-scoppia-il-caso-vaccini-in-veneto-trasparenza-su-tecnologia-e-sicurezza-alimentare\/#primaryimage"},"thumbnailUrl":"https:\/\/www.bellunopress.it\/wp-content\/uploads\/2025\/03\/galline-in-gabbie_edited.jpg","datePublished":"2026-03-07T09:49:11+00:00","breadcrumb":{"@id":"https:\/\/www.bellunopress.it\/2026\/03\/07\/aviaria-scoppia-il-caso-vaccini-in-veneto-trasparenza-su-tecnologia-e-sicurezza-alimentare\/#breadcrumb"},"inLanguage":"fr-FR","potentialAction":[{"@type":"ReadAction","target":["https:\/\/www.bellunopress.it\/2026\/03\/07\/aviaria-scoppia-il-caso-vaccini-in-veneto-trasparenza-su-tecnologia-e-sicurezza-alimentare\/"]}]},{"@type":"ImageObject","inLanguage":"fr-FR","@id":"https:\/\/www.bellunopress.it\/2026\/03\/07\/aviaria-scoppia-il-caso-vaccini-in-veneto-trasparenza-su-tecnologia-e-sicurezza-alimentare\/#primaryimage","url":"https:\/\/www.bellunopress.it\/wp-content\/uploads\/2025\/03\/galline-in-gabbie_edited.jpg","contentUrl":"https:\/\/www.bellunopress.it\/wp-content\/uploads\/2025\/03\/galline-in-gabbie_edited.jpg","width":1000,"height":563},{"@type":"BreadcrumbList","@id":"https:\/\/www.bellunopress.it\/2026\/03\/07\/aviaria-scoppia-il-caso-vaccini-in-veneto-trasparenza-su-tecnologia-e-sicurezza-alimentare\/#breadcrumb","itemListElement":[{"@type":"ListItem","position":1,"name":"Home","item":"https:\/\/www.bellunopress.it\/"},{"@type":"ListItem","position":2,"name":"Aviaria, scoppia il caso vaccini in Veneto: &#8220;Trasparenza su tecnologia e sicurezza alimentare&#8221;"}]},{"@type":"WebSite","@id":"https:\/\/www.bellunopress.it\/#website","url":"https:\/\/www.bellunopress.it\/","name":"Bellunopress - Dolomiti","description":"e-mail: redazione@bellunopress.it","publisher":{"@id":"https:\/\/www.bellunopress.it\/#organization"},"potentialAction":[{"@type":"SearchAction","target":{"@type":"EntryPoint","urlTemplate":"https:\/\/www.bellunopress.it\/?s={search_term_string}"},"query-input":{"@type":"PropertyValueSpecification","valueRequired":true,"valueName":"search_term_string"}}],"inLanguage":"fr-FR"},{"@type":"Organization","@id":"https:\/\/www.bellunopress.it\/#organization","name":"Bellunopress","url":"https:\/\/www.bellunopress.it\/","logo":{"@type":"ImageObject","inLanguage":"fr-FR","@id":"https:\/\/www.bellunopress.it\/#\/schema\/logo\/image\/","url":"https:\/\/www.bellunopress.it\/wp-content\/uploads\/2011\/05\/cropped-logo-bellunopress-.jpg","contentUrl":"https:\/\/www.bellunopress.it\/wp-content\/uploads\/2011\/05\/cropped-logo-bellunopress-.jpg","width":512,"height":512,"caption":"Bellunopress"},"image":{"@id":"https:\/\/www.bellunopress.it\/#\/schema\/logo\/image\/"},"sameAs":["https:\/\/www.facebook.com\/profile.php?id=100008943462799","https:\/\/x.com\/bellunopress","https:\/\/www.linkedin.com\/hp\/?dnr=JBzUWaJfMUw8vbXJJ2tVW5-I3jZKvC4wsoxE&amp;amp;amp;amp;amp;amp;trk=nav_responsive_tab_home","https:\/\/www.youtube.com\/channel\/UCxL0wu1uN0_3_7hGG0306cw"]},{"@type":"Person","@id":"https:\/\/www.bellunopress.it\/#\/schema\/person\/79bb06722b37ece1c03d3e94beb30d73","name":"r\u00e9daction","image":{"@type":"ImageObject","inLanguage":"fr-FR","@id":"https:\/\/secure.gravatar.com\/avatar\/37d968a2e67a6fd04c169c4bdef102d0bc5d31b2546345219e348575eb80e9a0?s=96&d=mm&r=g","url":"https:\/\/secure.gravatar.com\/avatar\/37d968a2e67a6fd04c169c4bdef102d0bc5d31b2546345219e348575eb80e9a0?s=96&d=mm&r=g","contentUrl":"https:\/\/secure.gravatar.com\/avatar\/37d968a2e67a6fd04c169c4bdef102d0bc5d31b2546345219e348575eb80e9a0?s=96&d=mm&r=g","caption":"redazione"},"sameAs":["http:\/\/www.bellunopress.it","https:\/\/x.com\/bellunopress"],"url":"https:\/\/www.bellunopress.it\/fr\/author\/redazione\/"}]}},"_links":{"self":[{"href":"https:\/\/www.bellunopress.it\/fr\/wp-json\/wp\/v2\/posts\/167975","targetHints":{"allow":["GET"]}}],"collection":[{"href":"https:\/\/www.bellunopress.it\/fr\/wp-json\/wp\/v2\/posts"}],"about":[{"href":"https:\/\/www.bellunopress.it\/fr\/wp-json\/wp\/v2\/types\/post"}],"author":[{"embeddable":true,"href":"https:\/\/www.bellunopress.it\/fr\/wp-json\/wp\/v2\/users\/2"}],"replies":[{"embeddable":true,"href":"https:\/\/www.bellunopress.it\/fr\/wp-json\/wp\/v2\/comments?post=167975"}],"version-history":[{"count":1,"href":"https:\/\/www.bellunopress.it\/fr\/wp-json\/wp\/v2\/posts\/167975\/revisions"}],"predecessor-version":[{"id":167976,"href":"https:\/\/www.bellunopress.it\/fr\/wp-json\/wp\/v2\/posts\/167975\/revisions\/167976"}],"wp:featuredmedia":[{"embeddable":true,"href":"https:\/\/www.bellunopress.it\/fr\/wp-json\/wp\/v2\/media\/158675"}],"wp:attachment":[{"href":"https:\/\/www.bellunopress.it\/fr\/wp-json\/wp\/v2\/media?parent=167975"}],"wp:term":[{"taxonomy":"category","embeddable":true,"href":"https:\/\/www.bellunopress.it\/fr\/wp-json\/wp\/v2\/categories?post=167975"},{"taxonomy":"post_tag","embeddable":true,"href":"https:\/\/www.bellunopress.it\/fr\/wp-json\/wp\/v2\/tags?post=167975"}],"curies":[{"name":"wp","href":"https:\/\/api.w.org\/{rel}","templated":true}]}}