{"id":167944,"date":"2026-03-08T10:00:29","date_gmt":"2026-03-08T09:00:29","guid":{"rendered":"https:\/\/www.bellunopress.it\/?p=167944"},"modified":"2026-03-06T08:38:36","modified_gmt":"2026-03-06T07:38:36","slug":"mercoledi-al-liceo-lollino-di-belluno-arriva-il-filo-di-minosse","status":"publish","type":"post","link":"https:\/\/www.bellunopress.it\/fr\/2026\/03\/08\/mercoledi-al-liceo-lollino-di-belluno-arriva-il-filo-di-minosse\/","title":{"rendered":"Mercoled\u00ec al Liceo Lollino di Belluno arriva &#8220;Il filo di Minosse&#8221;"},"content":{"rendered":"<p>Mercoled\u00ec 11 marzo dalle ore 20.30 l&#8217;Aula Magna del Liceo Lollino di Belluno, ospiter\u00e0 \u201cIl filo di Minosse\u201d, serata che rientra nel progetto \u201cGreci Itineranti \u2014 Il greco antico per chi (ancora) non lo sa\u201d, promosso da Davide Melchiori, professore di Didattica Integrativa Greco 20. dell&#8217;Universit\u00e0 degli Studi di Padova.<\/p>\n<p>Il Lollino anticipa cos\u00ec la dodicesima edizione della Notte del Classico \u2013 in<br \/>\ncalendario per venerd\u00ec 27 marzo, giornata in cui gli studenti lolliliani saranno in giro per<br \/>\nl&#8217;Italia e per l&#8217;Europa in visite d&#8217;istruzione \u2013 e lo fa con una serata dall&#8217;altissimo profilo<br \/>\nculturale e accademico.<\/p>\n<p>La serata dell&#8217;11 marzo a Belluno \u00e8 un evento inserito all&#8217;interno di un progetto formativo presentato e avviato ad inizio anno scolastico e che ha gi\u00e0 visto i relatori tenere alcune lezioni agli studenti del Liceo Lollino.<\/p>\n<h3 data-path-to-node=\"7\">Gli interventi della serata<\/h3>\n<p data-path-to-node=\"8\">Moderato dall\u2019avvocato Innocenzo Megali, l&#8217;incontro vedr\u00e0 alternarsi sul palco due voci autorevoli del panorama accademico padovano:<\/p>\n<ul data-path-to-node=\"9\">\n<li>\n<p data-path-to-node=\"9,0,0\">Il professor Paolo Moro (Scuola di Giurisprudenza): esplorer\u00e0 <i data-path-to-node=\"9,0,0\" data-index-in-node=\"62\">&#8220;Il senso della legge nella Grecia classica&#8221;<\/i>, svelando le radici profonde del rapporto tra diritto e cultura.<\/p>\n<\/li>\n<li>\n<p data-path-to-node=\"9,1,0\">Il professor Davide Melchiori: guider\u00e0 il pubblico attraverso <i data-path-to-node=\"9,1,0\" data-index-in-node=\"62\">&#8220;Il mito, una bussola per la vita collettiva&#8221;<\/i>, analizzando come le narrazioni antiche parlino ancora alla nostra societ\u00e0.<\/p>\n<\/li>\n<\/ul>\n<p>Nel corso della serata saranno previsti anche spazi dedicati agli studenti del Liceo Lollino<br \/>\nche interverranno con letture sul tema e che allieteranno l&#8217;incontro con accompagnamenti<br \/>\nmusicali.<br \/>\nIl progetto \u201cGreci Itineranti\u201d \u00e8 un progetto di divulgazione della civilt\u00e0 antica, rivolto ad<br \/>\nadulti e appassionati di ogni et\u00e0, e approfondisce temi di letteratura, filosofia e teatro<br \/>\nantico, con la finalit\u00e0 di collegare la letteratura greca e latina al pensiero contemporaneo.<br \/>\nL&#8217;evento \u00e8 aperto al pubblico e ad ingresso libero. L&#8217;iniziativa \u00e8 promossa e realizzata in<br \/>\ncollaborazione con l&#8217;Associazione &#8220;Amici del Lollino&#8221;.<\/p>","protected":false},"excerpt":{"rendered":"<p>Mercoled\u00ec 11 marzo dalle ore 20.30 l&#8217;Aula Magna del Liceo Lollino di Belluno, ospiter\u00e0 \u201cIl filo di Minosse\u201d, serata che rientra nel progetto \u201cGreci Itineranti \u2014 Il greco antico per chi (ancora) non lo sa\u201d, promosso da Davide Melchiori, professore di Didattica Integrativa Greco 20. dell&#8217;Universit\u00e0 degli Studi di Padova. Il Lollino anticipa cos\u00ec la [&hellip;]<\/p>\n","protected":false},"author":2,"featured_media":86777,"comment_status":"closed","ping_status":"open","sticky":false,"template":"","format":"standard","meta":{"footnotes":""},"categories":[27,3,15],"tags":[],"class_list":["post-167944","post","type-post","status-publish","format-standard","has-post-thumbnail","category-appuntamenti","category-arte-cultura-spettacoli-scienza-archivi","category-scuola"],"yoast_head":"<!-- This site is optimized with the Yoast SEO plugin v28.4 - https:\/\/yoast.com\/product\/yoast-seo-wordpress\/ -->\n<title>Mercoled\u00ec al Liceo Lollino di Belluno arriva &quot;Il filo di Minosse&quot; - Bellunopress - Dolomiti<\/title>\n<meta name=\"robots\" content=\"index, follow, max-snippet:-1, max-image-preview:large, max-video-preview:-1\" \/>\n<link rel=\"canonical\" href=\"https:\/\/www.bellunopress.it\/fr\/2026\/03\/08\/mercoledi-al-liceo-lollino-di-belluno-arriva-il-filo-di-minosse\/\" \/>\n<meta property=\"og:locale\" content=\"fr_FR\" \/>\n<meta property=\"og:type\" content=\"article\" \/>\n<meta property=\"og:title\" content=\"Mercoled\u00ec al Liceo Lollino di Belluno arriva &quot;Il filo di Minosse&quot; - Bellunopress - Dolomiti\" \/>\n<meta property=\"og:description\" content=\"Mercoled\u00ec 11 marzo dalle ore 20.30 l&#8217;Aula Magna del Liceo Lollino di Belluno, ospiter\u00e0 \u201cIl filo di Minosse\u201d, serata che rientra nel progetto \u201cGreci Itineranti \u2014 Il greco antico per chi (ancora) non lo sa\u201d, promosso da Davide Melchiori, professore di Didattica Integrativa Greco 20. dell&#8217;Universit\u00e0 degli Studi di Padova. Il Lollino anticipa cos\u00ec la [&hellip;]\" \/>\n<meta property=\"og:url\" content=\"https:\/\/www.bellunopress.it\/fr\/2026\/03\/08\/mercoledi-al-liceo-lollino-di-belluno-arriva-il-filo-di-minosse\/\" \/>\n<meta property=\"og:site_name\" content=\"Bellunopress - Dolomiti\" \/>\n<meta property=\"article:publisher\" content=\"https:\/\/www.facebook.com\/profile.php?id=100008943462799\" \/>\n<meta property=\"article:published_time\" content=\"2026-03-08T09:00:29+00:00\" \/>\n<meta property=\"og:image\" content=\"https:\/\/www.bellunopress.it\/wp-content\/uploads\/2017\/05\/Lollino.jpg\" \/>\n\t<meta property=\"og:image:width\" content=\"300\" \/>\n\t<meta property=\"og:image:height\" content=\"162\" \/>\n\t<meta property=\"og:image:type\" content=\"image\/jpeg\" \/>\n<meta name=\"author\" content=\"redazione\" \/>\n<meta name=\"twitter:card\" content=\"summary_large_image\" \/>\n<meta name=\"twitter:creator\" content=\"@bellunopress\" \/>\n<meta name=\"twitter:site\" content=\"@bellunopress\" \/>\n<meta name=\"twitter:label1\" content=\"\u00c9crit par\" \/>\n\t<meta name=\"twitter:data1\" content=\"redazione\" \/>\n\t<meta name=\"twitter:label2\" content=\"Dur\u00e9e de lecture estim\u00e9e\" \/>\n\t<meta name=\"twitter:data2\" content=\"1 minute\" \/>\n<script type=\"application\/ld+json\" class=\"yoast-schema-graph\">{\"@context\":\"https:\\\/\\\/schema.org\",\"@graph\":[{\"@type\":\"Article\",\"@id\":\"https:\\\/\\\/www.bellunopress.it\\\/2026\\\/03\\\/08\\\/mercoledi-al-liceo-lollino-di-belluno-arriva-il-filo-di-minosse\\\/#article\",\"isPartOf\":{\"@id\":\"https:\\\/\\\/www.bellunopress.it\\\/2026\\\/03\\\/08\\\/mercoledi-al-liceo-lollino-di-belluno-arriva-il-filo-di-minosse\\\/\"},\"author\":{\"name\":\"redazione\",\"@id\":\"https:\\\/\\\/www.bellunopress.it\\\/#\\\/schema\\\/person\\\/79bb06722b37ece1c03d3e94beb30d73\"},\"headline\":\"Mercoled\u00ec al Liceo Lollino di Belluno arriva &#8220;Il filo di Minosse&#8221;\",\"datePublished\":\"2026-03-08T09:00:29+00:00\",\"mainEntityOfPage\":{\"@id\":\"https:\\\/\\\/www.bellunopress.it\\\/2026\\\/03\\\/08\\\/mercoledi-al-liceo-lollino-di-belluno-arriva-il-filo-di-minosse\\\/\"},\"wordCount\":308,\"publisher\":{\"@id\":\"https:\\\/\\\/www.bellunopress.it\\\/#organization\"},\"image\":{\"@id\":\"https:\\\/\\\/www.bellunopress.it\\\/2026\\\/03\\\/08\\\/mercoledi-al-liceo-lollino-di-belluno-arriva-il-filo-di-minosse\\\/#primaryimage\"},\"thumbnailUrl\":\"https:\\\/\\\/www.bellunopress.it\\\/wp-content\\\/uploads\\\/2017\\\/05\\\/Lollino.jpg\",\"articleSection\":[\"Appuntamenti, Eventi\",\"Arte, Cultura, Spettacoli, Scienza\",\"Scuola\"],\"inLanguage\":\"fr-FR\"},{\"@type\":\"WebPage\",\"@id\":\"https:\\\/\\\/www.bellunopress.it\\\/2026\\\/03\\\/08\\\/mercoledi-al-liceo-lollino-di-belluno-arriva-il-filo-di-minosse\\\/\",\"url\":\"https:\\\/\\\/www.bellunopress.it\\\/2026\\\/03\\\/08\\\/mercoledi-al-liceo-lollino-di-belluno-arriva-il-filo-di-minosse\\\/\",\"name\":\"Mercoled\u00ec al Liceo Lollino di Belluno arriva \\\"Il filo di Minosse\\\" - Bellunopress - Dolomiti\",\"isPartOf\":{\"@id\":\"https:\\\/\\\/www.bellunopress.it\\\/#website\"},\"primaryImageOfPage\":{\"@id\":\"https:\\\/\\\/www.bellunopress.it\\\/2026\\\/03\\\/08\\\/mercoledi-al-liceo-lollino-di-belluno-arriva-il-filo-di-minosse\\\/#primaryimage\"},\"image\":{\"@id\":\"https:\\\/\\\/www.bellunopress.it\\\/2026\\\/03\\\/08\\\/mercoledi-al-liceo-lollino-di-belluno-arriva-il-filo-di-minosse\\\/#primaryimage\"},\"thumbnailUrl\":\"https:\\\/\\\/www.bellunopress.it\\\/wp-content\\\/uploads\\\/2017\\\/05\\\/Lollino.jpg\",\"datePublished\":\"2026-03-08T09:00:29+00:00\",\"breadcrumb\":{\"@id\":\"https:\\\/\\\/www.bellunopress.it\\\/2026\\\/03\\\/08\\\/mercoledi-al-liceo-lollino-di-belluno-arriva-il-filo-di-minosse\\\/#breadcrumb\"},\"inLanguage\":\"fr-FR\",\"potentialAction\":[{\"@type\":\"ReadAction\",\"target\":[\"https:\\\/\\\/www.bellunopress.it\\\/2026\\\/03\\\/08\\\/mercoledi-al-liceo-lollino-di-belluno-arriva-il-filo-di-minosse\\\/\"]}]},{\"@type\":\"ImageObject\",\"inLanguage\":\"fr-FR\",\"@id\":\"https:\\\/\\\/www.bellunopress.it\\\/2026\\\/03\\\/08\\\/mercoledi-al-liceo-lollino-di-belluno-arriva-il-filo-di-minosse\\\/#primaryimage\",\"url\":\"https:\\\/\\\/www.bellunopress.it\\\/wp-content\\\/uploads\\\/2017\\\/05\\\/Lollino.jpg\",\"contentUrl\":\"https:\\\/\\\/www.bellunopress.it\\\/wp-content\\\/uploads\\\/2017\\\/05\\\/Lollino.jpg\",\"width\":300,\"height\":162,\"caption\":\"Aula magna Liceo Lollino - Belluno\"},{\"@type\":\"BreadcrumbList\",\"@id\":\"https:\\\/\\\/www.bellunopress.it\\\/2026\\\/03\\\/08\\\/mercoledi-al-liceo-lollino-di-belluno-arriva-il-filo-di-minosse\\\/#breadcrumb\",\"itemListElement\":[{\"@type\":\"ListItem\",\"position\":1,\"name\":\"Home\",\"item\":\"https:\\\/\\\/www.bellunopress.it\\\/\"},{\"@type\":\"ListItem\",\"position\":2,\"name\":\"Mercoled\u00ec al Liceo Lollino di Belluno arriva &#8220;Il filo di Minosse&#8221;\"}]},{\"@type\":\"WebSite\",\"@id\":\"https:\\\/\\\/www.bellunopress.it\\\/#website\",\"url\":\"https:\\\/\\\/www.bellunopress.it\\\/\",\"name\":\"Bellunopress - Dolomiti\",\"description\":\"e-mail: redazione@bellunopress.it\",\"publisher\":{\"@id\":\"https:\\\/\\\/www.bellunopress.it\\\/#organization\"},\"potentialAction\":[{\"@type\":\"SearchAction\",\"target\":{\"@type\":\"EntryPoint\",\"urlTemplate\":\"https:\\\/\\\/www.bellunopress.it\\\/?s={search_term_string}\"},\"query-input\":{\"@type\":\"PropertyValueSpecification\",\"valueRequired\":true,\"valueName\":\"search_term_string\"}}],\"inLanguage\":\"fr-FR\"},{\"@type\":\"Organization\",\"@id\":\"https:\\\/\\\/www.bellunopress.it\\\/#organization\",\"name\":\"Bellunopress\",\"url\":\"https:\\\/\\\/www.bellunopress.it\\\/\",\"logo\":{\"@type\":\"ImageObject\",\"inLanguage\":\"fr-FR\",\"@id\":\"https:\\\/\\\/www.bellunopress.it\\\/#\\\/schema\\\/logo\\\/image\\\/\",\"url\":\"https:\\\/\\\/www.bellunopress.it\\\/wp-content\\\/uploads\\\/2011\\\/05\\\/cropped-logo-bellunopress-.jpg\",\"contentUrl\":\"https:\\\/\\\/www.bellunopress.it\\\/wp-content\\\/uploads\\\/2011\\\/05\\\/cropped-logo-bellunopress-.jpg\",\"width\":512,\"height\":512,\"caption\":\"Bellunopress\"},\"image\":{\"@id\":\"https:\\\/\\\/www.bellunopress.it\\\/#\\\/schema\\\/logo\\\/image\\\/\"},\"sameAs\":[\"https:\\\/\\\/www.facebook.com\\\/profile.php?id=100008943462799\",\"https:\\\/\\\/x.com\\\/bellunopress\",\"https:\\\/\\\/www.linkedin.com\\\/hp\\\/?dnr=JBzUWaJfMUw8vbXJJ2tVW5-I3jZKvC4wsoxE&amp;amp;amp;amp;amp;amp;trk=nav_responsive_tab_home\",\"https:\\\/\\\/www.youtube.com\\\/channel\\\/UCxL0wu1uN0_3_7hGG0306cw\"]},{\"@type\":\"Person\",\"@id\":\"https:\\\/\\\/www.bellunopress.it\\\/#\\\/schema\\\/person\\\/79bb06722b37ece1c03d3e94beb30d73\",\"name\":\"redazione\",\"image\":{\"@type\":\"ImageObject\",\"inLanguage\":\"fr-FR\",\"@id\":\"https:\\\/\\\/secure.gravatar.com\\\/avatar\\\/37d968a2e67a6fd04c169c4bdef102d0bc5d31b2546345219e348575eb80e9a0?s=96&d=mm&r=g\",\"url\":\"https:\\\/\\\/secure.gravatar.com\\\/avatar\\\/37d968a2e67a6fd04c169c4bdef102d0bc5d31b2546345219e348575eb80e9a0?s=96&d=mm&r=g\",\"contentUrl\":\"https:\\\/\\\/secure.gravatar.com\\\/avatar\\\/37d968a2e67a6fd04c169c4bdef102d0bc5d31b2546345219e348575eb80e9a0?s=96&d=mm&r=g\",\"caption\":\"redazione\"},\"sameAs\":[\"http:\\\/\\\/www.bellunopress.it\",\"https:\\\/\\\/x.com\\\/bellunopress\"],\"url\":\"https:\\\/\\\/www.bellunopress.it\\\/fr\\\/author\\\/redazione\\\/\"}]}<\/script>\n<!-- \/ Yoast SEO plugin. -->","yoast_head_json":{"title":"Mercoled\u00ec al Liceo Lollino di Belluno arriva \"Il filo di Minosse\" - Bellunopress - Dolomiti","robots":{"index":"index","follow":"follow","max-snippet":"max-snippet:-1","max-image-preview":"max-image-preview:large","max-video-preview":"max-video-preview:-1"},"canonical":"https:\/\/www.bellunopress.it\/fr\/2026\/03\/08\/mercoledi-al-liceo-lollino-di-belluno-arriva-il-filo-di-minosse\/","og_locale":"fr_FR","og_type":"article","og_title":"Mercoled\u00ec al Liceo Lollino di Belluno arriva \"Il filo di Minosse\" - Bellunopress - Dolomiti","og_description":"Mercoled\u00ec 11 marzo dalle ore 20.30 l&#8217;Aula Magna del Liceo Lollino di Belluno, ospiter\u00e0 \u201cIl filo di Minosse\u201d, serata che rientra nel progetto \u201cGreci Itineranti \u2014 Il greco antico per chi (ancora) non lo sa\u201d, promosso da Davide Melchiori, professore di Didattica Integrativa Greco 20. dell&#8217;Universit\u00e0 degli Studi di Padova. Il Lollino anticipa cos\u00ec la [&hellip;]","og_url":"https:\/\/www.bellunopress.it\/fr\/2026\/03\/08\/mercoledi-al-liceo-lollino-di-belluno-arriva-il-filo-di-minosse\/","og_site_name":"Bellunopress - Dolomiti","article_publisher":"https:\/\/www.facebook.com\/profile.php?id=100008943462799","article_published_time":"2026-03-08T09:00:29+00:00","og_image":[{"width":300,"height":162,"url":"https:\/\/www.bellunopress.it\/wp-content\/uploads\/2017\/05\/Lollino.jpg","type":"image\/jpeg"}],"author":"redazione","twitter_card":"summary_large_image","twitter_creator":"@bellunopress","twitter_site":"@bellunopress","twitter_misc":{"\u00c9crit par":"redazione","Dur\u00e9e de lecture estim\u00e9e":"1 minute"},"schema":{"@context":"https:\/\/schema.org","@graph":[{"@type":"Article","@id":"https:\/\/www.bellunopress.it\/2026\/03\/08\/mercoledi-al-liceo-lollino-di-belluno-arriva-il-filo-di-minosse\/#article","isPartOf":{"@id":"https:\/\/www.bellunopress.it\/2026\/03\/08\/mercoledi-al-liceo-lollino-di-belluno-arriva-il-filo-di-minosse\/"},"author":{"name":"redazione","@id":"https:\/\/www.bellunopress.it\/#\/schema\/person\/79bb06722b37ece1c03d3e94beb30d73"},"headline":"Mercoled\u00ec al Liceo Lollino di Belluno arriva &#8220;Il filo di Minosse&#8221;","datePublished":"2026-03-08T09:00:29+00:00","mainEntityOfPage":{"@id":"https:\/\/www.bellunopress.it\/2026\/03\/08\/mercoledi-al-liceo-lollino-di-belluno-arriva-il-filo-di-minosse\/"},"wordCount":308,"publisher":{"@id":"https:\/\/www.bellunopress.it\/#organization"},"image":{"@id":"https:\/\/www.bellunopress.it\/2026\/03\/08\/mercoledi-al-liceo-lollino-di-belluno-arriva-il-filo-di-minosse\/#primaryimage"},"thumbnailUrl":"https:\/\/www.bellunopress.it\/wp-content\/uploads\/2017\/05\/Lollino.jpg","articleSection":["Appuntamenti, Eventi","Arte, Cultura, Spettacoli, Scienza","Scuola"],"inLanguage":"fr-FR"},{"@type":"WebPage","@id":"https:\/\/www.bellunopress.it\/2026\/03\/08\/mercoledi-al-liceo-lollino-di-belluno-arriva-il-filo-di-minosse\/","url":"https:\/\/www.bellunopress.it\/2026\/03\/08\/mercoledi-al-liceo-lollino-di-belluno-arriva-il-filo-di-minosse\/","name":"Mercoled\u00ec al Liceo Lollino di Belluno arriva \"Il filo di Minosse\" - Bellunopress - Dolomiti","isPartOf":{"@id":"https:\/\/www.bellunopress.it\/#website"},"primaryImageOfPage":{"@id":"https:\/\/www.bellunopress.it\/2026\/03\/08\/mercoledi-al-liceo-lollino-di-belluno-arriva-il-filo-di-minosse\/#primaryimage"},"image":{"@id":"https:\/\/www.bellunopress.it\/2026\/03\/08\/mercoledi-al-liceo-lollino-di-belluno-arriva-il-filo-di-minosse\/#primaryimage"},"thumbnailUrl":"https:\/\/www.bellunopress.it\/wp-content\/uploads\/2017\/05\/Lollino.jpg","datePublished":"2026-03-08T09:00:29+00:00","breadcrumb":{"@id":"https:\/\/www.bellunopress.it\/2026\/03\/08\/mercoledi-al-liceo-lollino-di-belluno-arriva-il-filo-di-minosse\/#breadcrumb"},"inLanguage":"fr-FR","potentialAction":[{"@type":"ReadAction","target":["https:\/\/www.bellunopress.it\/2026\/03\/08\/mercoledi-al-liceo-lollino-di-belluno-arriva-il-filo-di-minosse\/"]}]},{"@type":"ImageObject","inLanguage":"fr-FR","@id":"https:\/\/www.bellunopress.it\/2026\/03\/08\/mercoledi-al-liceo-lollino-di-belluno-arriva-il-filo-di-minosse\/#primaryimage","url":"https:\/\/www.bellunopress.it\/wp-content\/uploads\/2017\/05\/Lollino.jpg","contentUrl":"https:\/\/www.bellunopress.it\/wp-content\/uploads\/2017\/05\/Lollino.jpg","width":300,"height":162,"caption":"Aula magna Liceo Lollino - Belluno"},{"@type":"BreadcrumbList","@id":"https:\/\/www.bellunopress.it\/2026\/03\/08\/mercoledi-al-liceo-lollino-di-belluno-arriva-il-filo-di-minosse\/#breadcrumb","itemListElement":[{"@type":"ListItem","position":1,"name":"Home","item":"https:\/\/www.bellunopress.it\/"},{"@type":"ListItem","position":2,"name":"Mercoled\u00ec al Liceo Lollino di Belluno arriva &#8220;Il filo di Minosse&#8221;"}]},{"@type":"WebSite","@id":"https:\/\/www.bellunopress.it\/#website","url":"https:\/\/www.bellunopress.it\/","name":"Bellunopress - Dolomiti","description":"e-mail: redazione@bellunopress.it","publisher":{"@id":"https:\/\/www.bellunopress.it\/#organization"},"potentialAction":[{"@type":"SearchAction","target":{"@type":"EntryPoint","urlTemplate":"https:\/\/www.bellunopress.it\/?s={search_term_string}"},"query-input":{"@type":"PropertyValueSpecification","valueRequired":true,"valueName":"search_term_string"}}],"inLanguage":"fr-FR"},{"@type":"Organization","@id":"https:\/\/www.bellunopress.it\/#organization","name":"Bellunopress","url":"https:\/\/www.bellunopress.it\/","logo":{"@type":"ImageObject","inLanguage":"fr-FR","@id":"https:\/\/www.bellunopress.it\/#\/schema\/logo\/image\/","url":"https:\/\/www.bellunopress.it\/wp-content\/uploads\/2011\/05\/cropped-logo-bellunopress-.jpg","contentUrl":"https:\/\/www.bellunopress.it\/wp-content\/uploads\/2011\/05\/cropped-logo-bellunopress-.jpg","width":512,"height":512,"caption":"Bellunopress"},"image":{"@id":"https:\/\/www.bellunopress.it\/#\/schema\/logo\/image\/"},"sameAs":["https:\/\/www.facebook.com\/profile.php?id=100008943462799","https:\/\/x.com\/bellunopress","https:\/\/www.linkedin.com\/hp\/?dnr=JBzUWaJfMUw8vbXJJ2tVW5-I3jZKvC4wsoxE&amp;amp;amp;amp;amp;amp;trk=nav_responsive_tab_home","https:\/\/www.youtube.com\/channel\/UCxL0wu1uN0_3_7hGG0306cw"]},{"@type":"Person","@id":"https:\/\/www.bellunopress.it\/#\/schema\/person\/79bb06722b37ece1c03d3e94beb30d73","name":"r\u00e9daction","image":{"@type":"ImageObject","inLanguage":"fr-FR","@id":"https:\/\/secure.gravatar.com\/avatar\/37d968a2e67a6fd04c169c4bdef102d0bc5d31b2546345219e348575eb80e9a0?s=96&d=mm&r=g","url":"https:\/\/secure.gravatar.com\/avatar\/37d968a2e67a6fd04c169c4bdef102d0bc5d31b2546345219e348575eb80e9a0?s=96&d=mm&r=g","contentUrl":"https:\/\/secure.gravatar.com\/avatar\/37d968a2e67a6fd04c169c4bdef102d0bc5d31b2546345219e348575eb80e9a0?s=96&d=mm&r=g","caption":"redazione"},"sameAs":["http:\/\/www.bellunopress.it","https:\/\/x.com\/bellunopress"],"url":"https:\/\/www.bellunopress.it\/fr\/author\/redazione\/"}]}},"_links":{"self":[{"href":"https:\/\/www.bellunopress.it\/fr\/wp-json\/wp\/v2\/posts\/167944","targetHints":{"allow":["GET"]}}],"collection":[{"href":"https:\/\/www.bellunopress.it\/fr\/wp-json\/wp\/v2\/posts"}],"about":[{"href":"https:\/\/www.bellunopress.it\/fr\/wp-json\/wp\/v2\/types\/post"}],"author":[{"embeddable":true,"href":"https:\/\/www.bellunopress.it\/fr\/wp-json\/wp\/v2\/users\/2"}],"replies":[{"embeddable":true,"href":"https:\/\/www.bellunopress.it\/fr\/wp-json\/wp\/v2\/comments?post=167944"}],"version-history":[{"count":1,"href":"https:\/\/www.bellunopress.it\/fr\/wp-json\/wp\/v2\/posts\/167944\/revisions"}],"predecessor-version":[{"id":167945,"href":"https:\/\/www.bellunopress.it\/fr\/wp-json\/wp\/v2\/posts\/167944\/revisions\/167945"}],"wp:featuredmedia":[{"embeddable":true,"href":"https:\/\/www.bellunopress.it\/fr\/wp-json\/wp\/v2\/media\/86777"}],"wp:attachment":[{"href":"https:\/\/www.bellunopress.it\/fr\/wp-json\/wp\/v2\/media?parent=167944"}],"wp:term":[{"taxonomy":"category","embeddable":true,"href":"https:\/\/www.bellunopress.it\/fr\/wp-json\/wp\/v2\/categories?post=167944"},{"taxonomy":"post_tag","embeddable":true,"href":"https:\/\/www.bellunopress.it\/fr\/wp-json\/wp\/v2\/tags?post=167944"}],"curies":[{"name":"wp","href":"https:\/\/api.w.org\/{rel}","templated":true}]}}