{"id":167941,"date":"2026-03-06T08:09:23","date_gmt":"2026-03-06T07:09:23","guid":{"rendered":"https:\/\/www.bellunopress.it\/?p=167941"},"modified":"2026-03-06T08:10:34","modified_gmt":"2026-03-06T07:10:34","slug":"belluno-vista-dai-giovani-sabato-a-baldenich-la-presentazione-della-youth-map","status":"publish","type":"post","link":"https:\/\/www.bellunopress.it\/fr\/2026\/03\/06\/belluno-vista-dai-giovani-sabato-a-baldenich-la-presentazione-della-youth-map\/","title":{"rendered":"Belluno vista dai giovani: sabato a Baldenich la presentazione della &#8220;Youth Map&#8221;"},"content":{"rendered":"<h3 data-path-to-node=\"3\">Sabato 7 marzo allo Spazio Label la presentazione della prima mappa di comunit\u00e0 creata dagli studenti. Un viaggio tra i luoghi del cuore e della socialit\u00e0 urbana.<\/h3>\n<p data-path-to-node=\"4\">Belluno, 06\/03\/2026 \u2013 Non \u00e8 la citt\u00e0 dei monumenti o delle guide turistiche, e nemmeno quella immaginata dagli uffici urbanistici. \u00c8 una Belluno fatta di piazze vissute, skate park improvvisati e angoli di relax: \u00e8 la Belluno Youth Map, la prima mappa di comunit\u00e0 interamente progettata e realizzata dai ragazzi delle scuole superiori.<\/p>\n<p data-path-to-node=\"5\">Dopo il debutto a Palazzo Crepadona, il progetto approda nel cuore del quartiere Baldenich. Sabato 7 marzo, alle ore 17:00, lo Spazio Label (Sala Azzurra, via Sant\u2019Antonio 19) ospiter\u00e0 un incontro pubblico promosso dal Comitato Baldenich24. L\u2019obiettivo? Aprire un dialogo reale tra generazioni, partendo dai dati concreti raccolti dai giovani.<\/p>\n<h3 data-path-to-node=\"6\">Una citt\u00e0 a misura di &#8220;Under 21&#8221;<\/h3>\n<p data-path-to-node=\"7\">Il progetto \u00e8 il risultato di un percorso partecipativo che ha coinvolto circa venti ragazzi tra i 16 e i 21 anni. Coordinati dalla professoressa Sara Serbati (Universit\u00e0 di Padova) e dal docente Andrea Petrella, i giovani hanno mappato il territorio non solo con i GPS, ma con le emozioni e le abitudini quotidiane.<\/p>\n<p data-path-to-node=\"8\">A raccontare questa &#8220;nuova&#8221; Belluno saranno alcuni dei protagonisti del progetto: Alessio Buzzo, Marianna Cassol, Federico Agnoli e Alex Simiele. Dalle loro analisi emergono punti di riferimento inaspettati:<\/p>\n<ul data-path-to-node=\"9\">\n<li>\n<p data-path-to-node=\"9,0,0\">Piazza Angelina Zampieri: Davanti all&#8217;Urban Hub, trasformata in un centro di creativit\u00e0 e skateboarding.<\/p>\n<\/li>\n<li>\n<p data-path-to-node=\"9,1,0\">Le Fontane di Nogar\u00e8: Spazio di ritrovo e socialit\u00e0 informale.<\/p>\n<\/li>\n<li>\n<p data-path-to-node=\"9,2,0\">Spazi digitali: La mappa non \u00e8 solo cartacea, ma un ecosistema digitale arricchito da foto, video e testi prodotti dai ragazzi.<\/p>\n<\/li>\n<\/ul>\n<h3 data-path-to-node=\"10\">Dal quartiere al futuro della citt\u00e0<\/h3>\n<p data-path-to-node=\"11\">L\u2019iniziativa si inserisce nel ciclo <i data-path-to-node=\"11\" data-index-in-node=\"36\">&#8220;Spazi di incontro, spazi di dialogo&#8221;<\/i>. Per il Comitato Baldenich24, non si tratta solo di una presentazione accademica, ma di un atto politico nel senso pi\u00f9 alto del termine.<\/p>\n<blockquote data-path-to-node=\"12\">\n<h6 style=\"text-align: left;\" data-path-to-node=\"12,0\">\u00abAscoltare i giovani deve diventare una prassi concreta e continuativa, non un richiamo formale\u00bb, spiega <b data-path-to-node=\"12,0\" data-index-in-node=\"105\">Luigi Filippo Daniele<\/b>, presidente del Comitato. \u00abLoro sono la linfa del futuro e questa mappa ci offre spunti preziosi per capire come evolvere i nostri spazi urbani\u00bb.<\/h6>\n<\/blockquote>\n<p data-path-to-node=\"13\">L&#8217;incontro, aperto a tutta la cittadinanza, promette di essere un momento di riflessione su come la citt\u00e0 possa rispondere ai bisogni di chi la abiter\u00e0 domani. La sfida \u00e8 lanciata: trasformare dei punti su una cartina in proposte concrete per l&#8217;amministrazione comunale.<\/p>","protected":false},"excerpt":{"rendered":"<p>Sabato 7 marzo allo Spazio Label la presentazione della prima mappa di comunit\u00e0 creata dagli studenti. Un viaggio tra i luoghi del cuore e della socialit\u00e0 urbana. Belluno, 06\/03\/2026 \u2013 Non \u00e8 la citt\u00e0 dei monumenti o delle guide turistiche, e nemmeno quella immaginata dagli uffici urbanistici. \u00c8 una Belluno fatta di piazze vissute, skate [&hellip;]<\/p>\n","protected":false},"author":2,"featured_media":167942,"comment_status":"closed","ping_status":"open","sticky":false,"template":"","format":"standard","meta":{"footnotes":""},"categories":[27,25,8],"tags":[],"class_list":["post-167941","post","type-post","status-publish","format-standard","has-post-thumbnail","category-appuntamenti","category-pausa-caffe","category-societa-istituzioni"],"yoast_head":"<!-- This site is optimized with the Yoast SEO plugin v28.4 - https:\/\/yoast.com\/product\/yoast-seo-wordpress\/ -->\n<title>Belluno vista dai giovani: sabato a Baldenich la presentazione della &quot;Youth Map&quot; - Bellunopress - Dolomiti<\/title>\n<meta name=\"robots\" content=\"index, follow, max-snippet:-1, max-image-preview:large, max-video-preview:-1\" \/>\n<link rel=\"canonical\" href=\"https:\/\/www.bellunopress.it\/fr\/2026\/03\/06\/belluno-vista-dai-giovani-sabato-a-baldenich-la-presentazione-della-youth-map\/\" \/>\n<meta property=\"og:locale\" content=\"fr_FR\" \/>\n<meta property=\"og:type\" content=\"article\" \/>\n<meta property=\"og:title\" content=\"Belluno vista dai giovani: sabato a Baldenich la presentazione della &quot;Youth Map&quot; - Bellunopress - Dolomiti\" \/>\n<meta property=\"og:description\" content=\"Sabato 7 marzo allo Spazio Label la presentazione della prima mappa di comunit\u00e0 creata dagli studenti. Un viaggio tra i luoghi del cuore e della socialit\u00e0 urbana. Belluno, 06\/03\/2026 \u2013 Non \u00e8 la citt\u00e0 dei monumenti o delle guide turistiche, e nemmeno quella immaginata dagli uffici urbanistici. \u00c8 una Belluno fatta di piazze vissute, skate [&hellip;]\" \/>\n<meta property=\"og:url\" content=\"https:\/\/www.bellunopress.it\/fr\/2026\/03\/06\/belluno-vista-dai-giovani-sabato-a-baldenich-la-presentazione-della-youth-map\/\" \/>\n<meta property=\"og:site_name\" content=\"Bellunopress - Dolomiti\" \/>\n<meta property=\"article:publisher\" content=\"https:\/\/www.facebook.com\/profile.php?id=100008943462799\" \/>\n<meta property=\"article:published_time\" content=\"2026-03-06T07:09:23+00:00\" \/>\n<meta property=\"article:modified_time\" content=\"2026-03-06T07:10:34+00:00\" \/>\n<meta property=\"og:image\" content=\"https:\/\/www.bellunopress.it\/wp-content\/uploads\/2026\/03\/comitato-baldenich-7-marzo.jpg\" \/>\n\t<meta property=\"og:image:width\" content=\"353\" \/>\n\t<meta property=\"og:image:height\" content=\"500\" \/>\n\t<meta property=\"og:image:type\" content=\"image\/jpeg\" \/>\n<meta name=\"author\" content=\"redazione\" \/>\n<meta name=\"twitter:card\" content=\"summary_large_image\" \/>\n<meta name=\"twitter:creator\" content=\"@bellunopress\" \/>\n<meta name=\"twitter:site\" content=\"@bellunopress\" \/>\n<meta name=\"twitter:label1\" content=\"\u00c9crit par\" \/>\n\t<meta name=\"twitter:data1\" content=\"redazione\" \/>\n\t<meta name=\"twitter:label2\" content=\"Dur\u00e9e de lecture estim\u00e9e\" \/>\n\t<meta name=\"twitter:data2\" content=\"2 minutes\" \/>\n<script type=\"application\/ld+json\" class=\"yoast-schema-graph\">{\"@context\":\"https:\\\/\\\/schema.org\",\"@graph\":[{\"@type\":\"Article\",\"@id\":\"https:\\\/\\\/www.bellunopress.it\\\/2026\\\/03\\\/06\\\/belluno-vista-dai-giovani-sabato-a-baldenich-la-presentazione-della-youth-map\\\/#article\",\"isPartOf\":{\"@id\":\"https:\\\/\\\/www.bellunopress.it\\\/2026\\\/03\\\/06\\\/belluno-vista-dai-giovani-sabato-a-baldenich-la-presentazione-della-youth-map\\\/\"},\"author\":{\"name\":\"redazione\",\"@id\":\"https:\\\/\\\/www.bellunopress.it\\\/#\\\/schema\\\/person\\\/79bb06722b37ece1c03d3e94beb30d73\"},\"headline\":\"Belluno vista dai giovani: sabato a Baldenich la presentazione della &#8220;Youth Map&#8221;\",\"datePublished\":\"2026-03-06T07:09:23+00:00\",\"dateModified\":\"2026-03-06T07:10:34+00:00\",\"mainEntityOfPage\":{\"@id\":\"https:\\\/\\\/www.bellunopress.it\\\/2026\\\/03\\\/06\\\/belluno-vista-dai-giovani-sabato-a-baldenich-la-presentazione-della-youth-map\\\/\"},\"wordCount\":391,\"publisher\":{\"@id\":\"https:\\\/\\\/www.bellunopress.it\\\/#organization\"},\"image\":{\"@id\":\"https:\\\/\\\/www.bellunopress.it\\\/2026\\\/03\\\/06\\\/belluno-vista-dai-giovani-sabato-a-baldenich-la-presentazione-della-youth-map\\\/#primaryimage\"},\"thumbnailUrl\":\"https:\\\/\\\/www.bellunopress.it\\\/wp-content\\\/uploads\\\/2026\\\/03\\\/comitato-baldenich-7-marzo.jpg\",\"articleSection\":[\"Appuntamenti, Eventi\",\"Pausa Caff\u00e8\",\"Societ\u00e0, Associazioni, Istituzioni\"],\"inLanguage\":\"fr-FR\"},{\"@type\":\"WebPage\",\"@id\":\"https:\\\/\\\/www.bellunopress.it\\\/2026\\\/03\\\/06\\\/belluno-vista-dai-giovani-sabato-a-baldenich-la-presentazione-della-youth-map\\\/\",\"url\":\"https:\\\/\\\/www.bellunopress.it\\\/2026\\\/03\\\/06\\\/belluno-vista-dai-giovani-sabato-a-baldenich-la-presentazione-della-youth-map\\\/\",\"name\":\"Belluno vista dai giovani: sabato a Baldenich la presentazione della \\\"Youth Map\\\" - Bellunopress - Dolomiti\",\"isPartOf\":{\"@id\":\"https:\\\/\\\/www.bellunopress.it\\\/#website\"},\"primaryImageOfPage\":{\"@id\":\"https:\\\/\\\/www.bellunopress.it\\\/2026\\\/03\\\/06\\\/belluno-vista-dai-giovani-sabato-a-baldenich-la-presentazione-della-youth-map\\\/#primaryimage\"},\"image\":{\"@id\":\"https:\\\/\\\/www.bellunopress.it\\\/2026\\\/03\\\/06\\\/belluno-vista-dai-giovani-sabato-a-baldenich-la-presentazione-della-youth-map\\\/#primaryimage\"},\"thumbnailUrl\":\"https:\\\/\\\/www.bellunopress.it\\\/wp-content\\\/uploads\\\/2026\\\/03\\\/comitato-baldenich-7-marzo.jpg\",\"datePublished\":\"2026-03-06T07:09:23+00:00\",\"dateModified\":\"2026-03-06T07:10:34+00:00\",\"breadcrumb\":{\"@id\":\"https:\\\/\\\/www.bellunopress.it\\\/2026\\\/03\\\/06\\\/belluno-vista-dai-giovani-sabato-a-baldenich-la-presentazione-della-youth-map\\\/#breadcrumb\"},\"inLanguage\":\"fr-FR\",\"potentialAction\":[{\"@type\":\"ReadAction\",\"target\":[\"https:\\\/\\\/www.bellunopress.it\\\/2026\\\/03\\\/06\\\/belluno-vista-dai-giovani-sabato-a-baldenich-la-presentazione-della-youth-map\\\/\"]}]},{\"@type\":\"ImageObject\",\"inLanguage\":\"fr-FR\",\"@id\":\"https:\\\/\\\/www.bellunopress.it\\\/2026\\\/03\\\/06\\\/belluno-vista-dai-giovani-sabato-a-baldenich-la-presentazione-della-youth-map\\\/#primaryimage\",\"url\":\"https:\\\/\\\/www.bellunopress.it\\\/wp-content\\\/uploads\\\/2026\\\/03\\\/comitato-baldenich-7-marzo.jpg\",\"contentUrl\":\"https:\\\/\\\/www.bellunopress.it\\\/wp-content\\\/uploads\\\/2026\\\/03\\\/comitato-baldenich-7-marzo.jpg\",\"width\":353,\"height\":500},{\"@type\":\"BreadcrumbList\",\"@id\":\"https:\\\/\\\/www.bellunopress.it\\\/2026\\\/03\\\/06\\\/belluno-vista-dai-giovani-sabato-a-baldenich-la-presentazione-della-youth-map\\\/#breadcrumb\",\"itemListElement\":[{\"@type\":\"ListItem\",\"position\":1,\"name\":\"Home\",\"item\":\"https:\\\/\\\/www.bellunopress.it\\\/\"},{\"@type\":\"ListItem\",\"position\":2,\"name\":\"Belluno vista dai giovani: sabato a Baldenich la presentazione della &#8220;Youth Map&#8221;\"}]},{\"@type\":\"WebSite\",\"@id\":\"https:\\\/\\\/www.bellunopress.it\\\/#website\",\"url\":\"https:\\\/\\\/www.bellunopress.it\\\/\",\"name\":\"Bellunopress - Dolomiti\",\"description\":\"e-mail: redazione@bellunopress.it\",\"publisher\":{\"@id\":\"https:\\\/\\\/www.bellunopress.it\\\/#organization\"},\"potentialAction\":[{\"@type\":\"SearchAction\",\"target\":{\"@type\":\"EntryPoint\",\"urlTemplate\":\"https:\\\/\\\/www.bellunopress.it\\\/?s={search_term_string}\"},\"query-input\":{\"@type\":\"PropertyValueSpecification\",\"valueRequired\":true,\"valueName\":\"search_term_string\"}}],\"inLanguage\":\"fr-FR\"},{\"@type\":\"Organization\",\"@id\":\"https:\\\/\\\/www.bellunopress.it\\\/#organization\",\"name\":\"Bellunopress\",\"url\":\"https:\\\/\\\/www.bellunopress.it\\\/\",\"logo\":{\"@type\":\"ImageObject\",\"inLanguage\":\"fr-FR\",\"@id\":\"https:\\\/\\\/www.bellunopress.it\\\/#\\\/schema\\\/logo\\\/image\\\/\",\"url\":\"https:\\\/\\\/www.bellunopress.it\\\/wp-content\\\/uploads\\\/2011\\\/05\\\/cropped-logo-bellunopress-.jpg\",\"contentUrl\":\"https:\\\/\\\/www.bellunopress.it\\\/wp-content\\\/uploads\\\/2011\\\/05\\\/cropped-logo-bellunopress-.jpg\",\"width\":512,\"height\":512,\"caption\":\"Bellunopress\"},\"image\":{\"@id\":\"https:\\\/\\\/www.bellunopress.it\\\/#\\\/schema\\\/logo\\\/image\\\/\"},\"sameAs\":[\"https:\\\/\\\/www.facebook.com\\\/profile.php?id=100008943462799\",\"https:\\\/\\\/x.com\\\/bellunopress\",\"https:\\\/\\\/www.linkedin.com\\\/hp\\\/?dnr=JBzUWaJfMUw8vbXJJ2tVW5-I3jZKvC4wsoxE&amp;amp;amp;amp;amp;amp;trk=nav_responsive_tab_home\",\"https:\\\/\\\/www.youtube.com\\\/channel\\\/UCxL0wu1uN0_3_7hGG0306cw\"]},{\"@type\":\"Person\",\"@id\":\"https:\\\/\\\/www.bellunopress.it\\\/#\\\/schema\\\/person\\\/79bb06722b37ece1c03d3e94beb30d73\",\"name\":\"redazione\",\"image\":{\"@type\":\"ImageObject\",\"inLanguage\":\"fr-FR\",\"@id\":\"https:\\\/\\\/secure.gravatar.com\\\/avatar\\\/37d968a2e67a6fd04c169c4bdef102d0bc5d31b2546345219e348575eb80e9a0?s=96&d=mm&r=g\",\"url\":\"https:\\\/\\\/secure.gravatar.com\\\/avatar\\\/37d968a2e67a6fd04c169c4bdef102d0bc5d31b2546345219e348575eb80e9a0?s=96&d=mm&r=g\",\"contentUrl\":\"https:\\\/\\\/secure.gravatar.com\\\/avatar\\\/37d968a2e67a6fd04c169c4bdef102d0bc5d31b2546345219e348575eb80e9a0?s=96&d=mm&r=g\",\"caption\":\"redazione\"},\"sameAs\":[\"http:\\\/\\\/www.bellunopress.it\",\"https:\\\/\\\/x.com\\\/bellunopress\"],\"url\":\"https:\\\/\\\/www.bellunopress.it\\\/fr\\\/author\\\/redazione\\\/\"}]}<\/script>\n<!-- \/ Yoast SEO plugin. -->","yoast_head_json":{"title":"Belluno vista dai giovani: sabato a Baldenich la presentazione della \"Youth Map\" - Bellunopress - Dolomiti","robots":{"index":"index","follow":"follow","max-snippet":"max-snippet:-1","max-image-preview":"max-image-preview:large","max-video-preview":"max-video-preview:-1"},"canonical":"https:\/\/www.bellunopress.it\/fr\/2026\/03\/06\/belluno-vista-dai-giovani-sabato-a-baldenich-la-presentazione-della-youth-map\/","og_locale":"fr_FR","og_type":"article","og_title":"Belluno vista dai giovani: sabato a Baldenich la presentazione della \"Youth Map\" - Bellunopress - Dolomiti","og_description":"Sabato 7 marzo allo Spazio Label la presentazione della prima mappa di comunit\u00e0 creata dagli studenti. Un viaggio tra i luoghi del cuore e della socialit\u00e0 urbana. Belluno, 06\/03\/2026 \u2013 Non \u00e8 la citt\u00e0 dei monumenti o delle guide turistiche, e nemmeno quella immaginata dagli uffici urbanistici. \u00c8 una Belluno fatta di piazze vissute, skate [&hellip;]","og_url":"https:\/\/www.bellunopress.it\/fr\/2026\/03\/06\/belluno-vista-dai-giovani-sabato-a-baldenich-la-presentazione-della-youth-map\/","og_site_name":"Bellunopress - Dolomiti","article_publisher":"https:\/\/www.facebook.com\/profile.php?id=100008943462799","article_published_time":"2026-03-06T07:09:23+00:00","article_modified_time":"2026-03-06T07:10:34+00:00","og_image":[{"width":353,"height":500,"url":"https:\/\/www.bellunopress.it\/wp-content\/uploads\/2026\/03\/comitato-baldenich-7-marzo.jpg","type":"image\/jpeg"}],"author":"redazione","twitter_card":"summary_large_image","twitter_creator":"@bellunopress","twitter_site":"@bellunopress","twitter_misc":{"\u00c9crit par":"redazione","Dur\u00e9e de lecture estim\u00e9e":"2 minutes"},"schema":{"@context":"https:\/\/schema.org","@graph":[{"@type":"Article","@id":"https:\/\/www.bellunopress.it\/2026\/03\/06\/belluno-vista-dai-giovani-sabato-a-baldenich-la-presentazione-della-youth-map\/#article","isPartOf":{"@id":"https:\/\/www.bellunopress.it\/2026\/03\/06\/belluno-vista-dai-giovani-sabato-a-baldenich-la-presentazione-della-youth-map\/"},"author":{"name":"redazione","@id":"https:\/\/www.bellunopress.it\/#\/schema\/person\/79bb06722b37ece1c03d3e94beb30d73"},"headline":"Belluno vista dai giovani: sabato a Baldenich la presentazione della &#8220;Youth Map&#8221;","datePublished":"2026-03-06T07:09:23+00:00","dateModified":"2026-03-06T07:10:34+00:00","mainEntityOfPage":{"@id":"https:\/\/www.bellunopress.it\/2026\/03\/06\/belluno-vista-dai-giovani-sabato-a-baldenich-la-presentazione-della-youth-map\/"},"wordCount":391,"publisher":{"@id":"https:\/\/www.bellunopress.it\/#organization"},"image":{"@id":"https:\/\/www.bellunopress.it\/2026\/03\/06\/belluno-vista-dai-giovani-sabato-a-baldenich-la-presentazione-della-youth-map\/#primaryimage"},"thumbnailUrl":"https:\/\/www.bellunopress.it\/wp-content\/uploads\/2026\/03\/comitato-baldenich-7-marzo.jpg","articleSection":["Appuntamenti, Eventi","Pausa Caff\u00e8","Societ\u00e0, Associazioni, Istituzioni"],"inLanguage":"fr-FR"},{"@type":"WebPage","@id":"https:\/\/www.bellunopress.it\/2026\/03\/06\/belluno-vista-dai-giovani-sabato-a-baldenich-la-presentazione-della-youth-map\/","url":"https:\/\/www.bellunopress.it\/2026\/03\/06\/belluno-vista-dai-giovani-sabato-a-baldenich-la-presentazione-della-youth-map\/","name":"Belluno vista dai giovani: sabato a Baldenich la presentazione della \"Youth Map\" - Bellunopress - Dolomiti","isPartOf":{"@id":"https:\/\/www.bellunopress.it\/#website"},"primaryImageOfPage":{"@id":"https:\/\/www.bellunopress.it\/2026\/03\/06\/belluno-vista-dai-giovani-sabato-a-baldenich-la-presentazione-della-youth-map\/#primaryimage"},"image":{"@id":"https:\/\/www.bellunopress.it\/2026\/03\/06\/belluno-vista-dai-giovani-sabato-a-baldenich-la-presentazione-della-youth-map\/#primaryimage"},"thumbnailUrl":"https:\/\/www.bellunopress.it\/wp-content\/uploads\/2026\/03\/comitato-baldenich-7-marzo.jpg","datePublished":"2026-03-06T07:09:23+00:00","dateModified":"2026-03-06T07:10:34+00:00","breadcrumb":{"@id":"https:\/\/www.bellunopress.it\/2026\/03\/06\/belluno-vista-dai-giovani-sabato-a-baldenich-la-presentazione-della-youth-map\/#breadcrumb"},"inLanguage":"fr-FR","potentialAction":[{"@type":"ReadAction","target":["https:\/\/www.bellunopress.it\/2026\/03\/06\/belluno-vista-dai-giovani-sabato-a-baldenich-la-presentazione-della-youth-map\/"]}]},{"@type":"ImageObject","inLanguage":"fr-FR","@id":"https:\/\/www.bellunopress.it\/2026\/03\/06\/belluno-vista-dai-giovani-sabato-a-baldenich-la-presentazione-della-youth-map\/#primaryimage","url":"https:\/\/www.bellunopress.it\/wp-content\/uploads\/2026\/03\/comitato-baldenich-7-marzo.jpg","contentUrl":"https:\/\/www.bellunopress.it\/wp-content\/uploads\/2026\/03\/comitato-baldenich-7-marzo.jpg","width":353,"height":500},{"@type":"BreadcrumbList","@id":"https:\/\/www.bellunopress.it\/2026\/03\/06\/belluno-vista-dai-giovani-sabato-a-baldenich-la-presentazione-della-youth-map\/#breadcrumb","itemListElement":[{"@type":"ListItem","position":1,"name":"Home","item":"https:\/\/www.bellunopress.it\/"},{"@type":"ListItem","position":2,"name":"Belluno vista dai giovani: sabato a Baldenich la presentazione della &#8220;Youth Map&#8221;"}]},{"@type":"WebSite","@id":"https:\/\/www.bellunopress.it\/#website","url":"https:\/\/www.bellunopress.it\/","name":"Bellunopress - Dolomiti","description":"e-mail: redazione@bellunopress.it","publisher":{"@id":"https:\/\/www.bellunopress.it\/#organization"},"potentialAction":[{"@type":"SearchAction","target":{"@type":"EntryPoint","urlTemplate":"https:\/\/www.bellunopress.it\/?s={search_term_string}"},"query-input":{"@type":"PropertyValueSpecification","valueRequired":true,"valueName":"search_term_string"}}],"inLanguage":"fr-FR"},{"@type":"Organization","@id":"https:\/\/www.bellunopress.it\/#organization","name":"Bellunopress","url":"https:\/\/www.bellunopress.it\/","logo":{"@type":"ImageObject","inLanguage":"fr-FR","@id":"https:\/\/www.bellunopress.it\/#\/schema\/logo\/image\/","url":"https:\/\/www.bellunopress.it\/wp-content\/uploads\/2011\/05\/cropped-logo-bellunopress-.jpg","contentUrl":"https:\/\/www.bellunopress.it\/wp-content\/uploads\/2011\/05\/cropped-logo-bellunopress-.jpg","width":512,"height":512,"caption":"Bellunopress"},"image":{"@id":"https:\/\/www.bellunopress.it\/#\/schema\/logo\/image\/"},"sameAs":["https:\/\/www.facebook.com\/profile.php?id=100008943462799","https:\/\/x.com\/bellunopress","https:\/\/www.linkedin.com\/hp\/?dnr=JBzUWaJfMUw8vbXJJ2tVW5-I3jZKvC4wsoxE&amp;amp;amp;amp;amp;amp;trk=nav_responsive_tab_home","https:\/\/www.youtube.com\/channel\/UCxL0wu1uN0_3_7hGG0306cw"]},{"@type":"Person","@id":"https:\/\/www.bellunopress.it\/#\/schema\/person\/79bb06722b37ece1c03d3e94beb30d73","name":"r\u00e9daction","image":{"@type":"ImageObject","inLanguage":"fr-FR","@id":"https:\/\/secure.gravatar.com\/avatar\/37d968a2e67a6fd04c169c4bdef102d0bc5d31b2546345219e348575eb80e9a0?s=96&d=mm&r=g","url":"https:\/\/secure.gravatar.com\/avatar\/37d968a2e67a6fd04c169c4bdef102d0bc5d31b2546345219e348575eb80e9a0?s=96&d=mm&r=g","contentUrl":"https:\/\/secure.gravatar.com\/avatar\/37d968a2e67a6fd04c169c4bdef102d0bc5d31b2546345219e348575eb80e9a0?s=96&d=mm&r=g","caption":"redazione"},"sameAs":["http:\/\/www.bellunopress.it","https:\/\/x.com\/bellunopress"],"url":"https:\/\/www.bellunopress.it\/fr\/author\/redazione\/"}]}},"_links":{"self":[{"href":"https:\/\/www.bellunopress.it\/fr\/wp-json\/wp\/v2\/posts\/167941","targetHints":{"allow":["GET"]}}],"collection":[{"href":"https:\/\/www.bellunopress.it\/fr\/wp-json\/wp\/v2\/posts"}],"about":[{"href":"https:\/\/www.bellunopress.it\/fr\/wp-json\/wp\/v2\/types\/post"}],"author":[{"embeddable":true,"href":"https:\/\/www.bellunopress.it\/fr\/wp-json\/wp\/v2\/users\/2"}],"replies":[{"embeddable":true,"href":"https:\/\/www.bellunopress.it\/fr\/wp-json\/wp\/v2\/comments?post=167941"}],"version-history":[{"count":1,"href":"https:\/\/www.bellunopress.it\/fr\/wp-json\/wp\/v2\/posts\/167941\/revisions"}],"predecessor-version":[{"id":167943,"href":"https:\/\/www.bellunopress.it\/fr\/wp-json\/wp\/v2\/posts\/167941\/revisions\/167943"}],"wp:featuredmedia":[{"embeddable":true,"href":"https:\/\/www.bellunopress.it\/fr\/wp-json\/wp\/v2\/media\/167942"}],"wp:attachment":[{"href":"https:\/\/www.bellunopress.it\/fr\/wp-json\/wp\/v2\/media?parent=167941"}],"wp:term":[{"taxonomy":"category","embeddable":true,"href":"https:\/\/www.bellunopress.it\/fr\/wp-json\/wp\/v2\/categories?post=167941"},{"taxonomy":"post_tag","embeddable":true,"href":"https:\/\/www.bellunopress.it\/fr\/wp-json\/wp\/v2\/tags?post=167941"}],"curies":[{"name":"wp","href":"https:\/\/api.w.org\/{rel}","templated":true}]}}