{"id":167939,"date":"2026-03-05T20:25:39","date_gmt":"2026-03-05T19:25:39","guid":{"rendered":"https:\/\/www.bellunopress.it\/?p=167939"},"modified":"2026-03-05T20:25:39","modified_gmt":"2026-03-05T19:25:39","slug":"sanita-bellunese-comitato-feltrino-quando-tutto-sara-privato-saremo-privati-di-tutto","status":"publish","type":"post","link":"https:\/\/www.bellunopress.it\/fr\/2026\/03\/05\/sanita-bellunese-comitato-feltrino-quando-tutto-sara-privato-saremo-privati-di-tutto\/","title":{"rendered":"Sanit\u00e0 bellunese. Comitato Feltrino: &#8220;Quando tutto sar\u00e0 privato, saremo privati di tutto&#8221;"},"content":{"rendered":"<p><strong>Il Comitato Feltrino per il Diritto alla Salute lancia l&#8217;allarme: \u00abTra piste da bob e nomine sospette, la montagna resta senza servizi. Non servono mattoni, ma persone\u00bb<\/strong><br \/>\nBelluno, 05\/03\/2026 \u2013 Non \u00e8 il sanatorio di Davos descritto da Thomas Mann, ma l\u2019atmosfera che si respira tra le vette bellunesi inizia a ricordare quella &#8220;Montagna Incantata&#8221;: un luogo dove il tempo sembra sospeso e la realt\u00e0 si deforma in paradossi burocratici. Il Comitato Feltrino per il Diritto alla Salute rompe il silenzio con una nota durissima, mettendo a nudo il contrasto tra la narrazione scintillante dei grandi eventi e il progressivo svuotamento della sanit\u00e0 pubblica.<\/p>\n<p><strong>Il paradosso olimpico: &#8220;Piste da bob come scatole vuote&#8221;<\/strong><br \/>\nL\u2019accusa del Comitato \u00e8 diretta e priva di giri di parole: il territorio sta pagando il prezzo di uno scadimento dei servizi che colpisce corpo e mente dei cittadini, da nord a sud della provincia. Al centro della critica c&#8217;\u00e8 la gestione dei fondi legati ai Giochi Olimpici.<\/p>\n<p>\u00abSi legge di una sanit\u00e0 di montagna simile a una pista da bob: bella, nuova, costosissima ma inefficiente\u00bb, attacca il Comitato. Il riferimento \u00e8 alla tendenza a investire in grandi contenitori di mattoni lasciando per\u00f2 sguarnito il &#8220;contenuto&#8221;: il fattore umano. Mentre si festeggia l&#8217;arrivo di finanziamenti che spesso finiscono a strutture semi-private, mancano medici, infermieri e personale socio-sanitario nei presidi pubblici.<\/p>\n<p><strong>Il nodo delle nomine: un&#8217;Aulss senza &#8220;Capitano&#8221;<\/strong><br \/>\nOltre alle infrastrutture, a preoccupare \u00e8 la gestione politica dell&#8217;Aulss Dolomiti. Il Comitato definisce \u00abalquanto sospetta\u00bb la reiterazione di un direttore generale con la scusa di gestire la &#8220;coda&#8221; olimpica e punta il dito contro il vuoto di potere attuale:<\/p>\n<p>\u00abLa nostra Aulss \u00e8 ancora senza capitano. Forse perch\u00e9 \u00e8 gi\u00e0 pronto un altro &#8220;generale&#8221; che dovr\u00e0 gestire un regno allargato? Noi montanari siamo davvero cos\u00ec stupidi?\u00bb<\/p>\n<p>Il richiamo alle istituzioni \u00e8 sferzante. Dove sono gli organi di rappresentanza? Dove sono i sindaci? Il Comitato denuncia una sorta di servilismo atavico o una mancanza di coraggio da parte degli amministratori locali, rei di accettare &#8220;l&#8217;obolo olimpionico&#8221; senza pretendere in cambio una qualit\u00e0 reale dei servizi per i cittadini.<\/p>\n<p><strong>La realt\u00e0 oltre l&#8217;elogio della resilienza<\/strong><br \/>\nC\u2019\u00e8 poi il tema della &#8220;montagna da cartolina&#8221;. Viene spesso celebrata la bellezza dei luoghi e la tenacia di chi li abita, ma questa retorica stride violentemente con il disagio quotidiano. La scoperta che i &#8220;fondi straordinari per la montagna&#8221;, dati per certi, sembrano svanire nel nulla \u00e8 solo l&#8217;ultima goccia.<\/p>\n<p>\u00abCondividiamo la preoccupazione dei medici chiamati a operare in luoghi vuoti\u00bb, conclude la nota del Comitato. Il rischio \u00e8 la perdita definitiva di presidi fondamentali che, insieme a scuola e lavoro, permettono alla montagna di restare viva.<\/p>\n<p>Il monito finale \u00e8 un estratto di amara consapevolezza: \u00abQuando tutto sar\u00e0 privato, saremo privati di tutto\u00bb. L&#8217;invito ai bellunesi \u00e8 quello di uscire dall&#8217;ambiente ovattato dell&#8217;incantesimo olimpico prima che il risveglio sia troppo tardi.<\/p>","protected":false},"excerpt":{"rendered":"<p>Il Comitato Feltrino per il Diritto alla Salute lancia l&#8217;allarme: \u00abTra piste da bob e nomine sospette, la montagna resta senza servizi. Non servono mattoni, ma persone\u00bb Belluno, 05\/03\/2026 \u2013 Non \u00e8 il sanatorio di Davos descritto da Thomas Mann, ma l\u2019atmosfera che si respira tra le vette bellunesi inizia a ricordare quella &#8220;Montagna Incantata&#8221;: [&hellip;]<\/p>\n","protected":false},"author":2,"featured_media":151167,"comment_status":"closed","ping_status":"open","sticky":false,"template":"","format":"standard","meta":{"footnotes":""},"categories":[26,17],"tags":[],"class_list":["post-167939","post","type-post","status-publish","format-standard","has-post-thumbnail","category-prima-pagina","category-sanita"],"yoast_head":"<!-- This site is optimized with the Yoast SEO plugin v28.4 - https:\/\/yoast.com\/product\/yoast-seo-wordpress\/ -->\n<title>Sanit\u00e0 bellunese. Comitato Feltrino: &quot;Quando tutto sar\u00e0 privato, saremo privati di tutto&quot; - Bellunopress - Dolomiti<\/title>\n<meta name=\"robots\" content=\"index, follow, max-snippet:-1, max-image-preview:large, max-video-preview:-1\" \/>\n<link rel=\"canonical\" href=\"https:\/\/www.bellunopress.it\/fr\/2026\/03\/05\/sanita-bellunese-comitato-feltrino-quando-tutto-sara-privato-saremo-privati-di-tutto\/\" \/>\n<meta property=\"og:locale\" content=\"fr_FR\" \/>\n<meta property=\"og:type\" content=\"article\" \/>\n<meta property=\"og:title\" content=\"Sanit\u00e0 bellunese. Comitato Feltrino: &quot;Quando tutto sar\u00e0 privato, saremo privati di tutto&quot; - Bellunopress - Dolomiti\" \/>\n<meta property=\"og:description\" content=\"Il Comitato Feltrino per il Diritto alla Salute lancia l&#8217;allarme: \u00abTra piste da bob e nomine sospette, la montagna resta senza servizi. Non servono mattoni, ma persone\u00bb Belluno, 05\/03\/2026 \u2013 Non \u00e8 il sanatorio di Davos descritto da Thomas Mann, ma l\u2019atmosfera che si respira tra le vette bellunesi inizia a ricordare quella &#8220;Montagna Incantata&#8221;: [&hellip;]\" \/>\n<meta property=\"og:url\" content=\"https:\/\/www.bellunopress.it\/fr\/2026\/03\/05\/sanita-bellunese-comitato-feltrino-quando-tutto-sara-privato-saremo-privati-di-tutto\/\" \/>\n<meta property=\"og:site_name\" content=\"Bellunopress - Dolomiti\" \/>\n<meta property=\"article:publisher\" content=\"https:\/\/www.facebook.com\/profile.php?id=100008943462799\" \/>\n<meta property=\"article:published_time\" content=\"2026-03-05T19:25:39+00:00\" \/>\n<meta property=\"og:image\" content=\"https:\/\/www.bellunopress.it\/wp-content\/uploads\/2024\/05\/comitato-feltrino-per-il-diritto-alla-salute.jpg\" \/>\n\t<meta property=\"og:image:width\" content=\"510\" \/>\n\t<meta property=\"og:image:height\" content=\"401\" \/>\n\t<meta property=\"og:image:type\" content=\"image\/jpeg\" \/>\n<meta name=\"author\" content=\"redazione\" \/>\n<meta name=\"twitter:card\" content=\"summary_large_image\" \/>\n<meta name=\"twitter:creator\" content=\"@bellunopress\" \/>\n<meta name=\"twitter:site\" content=\"@bellunopress\" \/>\n<meta name=\"twitter:label1\" content=\"\u00c9crit par\" \/>\n\t<meta name=\"twitter:data1\" content=\"redazione\" \/>\n\t<meta name=\"twitter:label2\" content=\"Dur\u00e9e de lecture estim\u00e9e\" \/>\n\t<meta name=\"twitter:data2\" content=\"2 minutes\" \/>\n<script type=\"application\/ld+json\" class=\"yoast-schema-graph\">{\"@context\":\"https:\\\/\\\/schema.org\",\"@graph\":[{\"@type\":\"Article\",\"@id\":\"https:\\\/\\\/www.bellunopress.it\\\/2026\\\/03\\\/05\\\/sanita-bellunese-comitato-feltrino-quando-tutto-sara-privato-saremo-privati-di-tutto\\\/#article\",\"isPartOf\":{\"@id\":\"https:\\\/\\\/www.bellunopress.it\\\/2026\\\/03\\\/05\\\/sanita-bellunese-comitato-feltrino-quando-tutto-sara-privato-saremo-privati-di-tutto\\\/\"},\"author\":{\"name\":\"redazione\",\"@id\":\"https:\\\/\\\/www.bellunopress.it\\\/#\\\/schema\\\/person\\\/79bb06722b37ece1c03d3e94beb30d73\"},\"headline\":\"Sanit\u00e0 bellunese. Comitato Feltrino: &#8220;Quando tutto sar\u00e0 privato, saremo privati di tutto&#8221;\",\"datePublished\":\"2026-03-05T19:25:39+00:00\",\"mainEntityOfPage\":{\"@id\":\"https:\\\/\\\/www.bellunopress.it\\\/2026\\\/03\\\/05\\\/sanita-bellunese-comitato-feltrino-quando-tutto-sara-privato-saremo-privati-di-tutto\\\/\"},\"wordCount\":488,\"publisher\":{\"@id\":\"https:\\\/\\\/www.bellunopress.it\\\/#organization\"},\"image\":{\"@id\":\"https:\\\/\\\/www.bellunopress.it\\\/2026\\\/03\\\/05\\\/sanita-bellunese-comitato-feltrino-quando-tutto-sara-privato-saremo-privati-di-tutto\\\/#primaryimage\"},\"thumbnailUrl\":\"https:\\\/\\\/www.bellunopress.it\\\/wp-content\\\/uploads\\\/2024\\\/05\\\/comitato-feltrino-per-il-diritto-alla-salute.jpg\",\"articleSection\":[\"Prima Pagina\",\"Sanit\u00e0 Medicina\"],\"inLanguage\":\"fr-FR\"},{\"@type\":\"WebPage\",\"@id\":\"https:\\\/\\\/www.bellunopress.it\\\/2026\\\/03\\\/05\\\/sanita-bellunese-comitato-feltrino-quando-tutto-sara-privato-saremo-privati-di-tutto\\\/\",\"url\":\"https:\\\/\\\/www.bellunopress.it\\\/2026\\\/03\\\/05\\\/sanita-bellunese-comitato-feltrino-quando-tutto-sara-privato-saremo-privati-di-tutto\\\/\",\"name\":\"Sanit\u00e0 bellunese. Comitato Feltrino: \\\"Quando tutto sar\u00e0 privato, saremo privati di tutto\\\" - Bellunopress - Dolomiti\",\"isPartOf\":{\"@id\":\"https:\\\/\\\/www.bellunopress.it\\\/#website\"},\"primaryImageOfPage\":{\"@id\":\"https:\\\/\\\/www.bellunopress.it\\\/2026\\\/03\\\/05\\\/sanita-bellunese-comitato-feltrino-quando-tutto-sara-privato-saremo-privati-di-tutto\\\/#primaryimage\"},\"image\":{\"@id\":\"https:\\\/\\\/www.bellunopress.it\\\/2026\\\/03\\\/05\\\/sanita-bellunese-comitato-feltrino-quando-tutto-sara-privato-saremo-privati-di-tutto\\\/#primaryimage\"},\"thumbnailUrl\":\"https:\\\/\\\/www.bellunopress.it\\\/wp-content\\\/uploads\\\/2024\\\/05\\\/comitato-feltrino-per-il-diritto-alla-salute.jpg\",\"datePublished\":\"2026-03-05T19:25:39+00:00\",\"breadcrumb\":{\"@id\":\"https:\\\/\\\/www.bellunopress.it\\\/2026\\\/03\\\/05\\\/sanita-bellunese-comitato-feltrino-quando-tutto-sara-privato-saremo-privati-di-tutto\\\/#breadcrumb\"},\"inLanguage\":\"fr-FR\",\"potentialAction\":[{\"@type\":\"ReadAction\",\"target\":[\"https:\\\/\\\/www.bellunopress.it\\\/2026\\\/03\\\/05\\\/sanita-bellunese-comitato-feltrino-quando-tutto-sara-privato-saremo-privati-di-tutto\\\/\"]}]},{\"@type\":\"ImageObject\",\"inLanguage\":\"fr-FR\",\"@id\":\"https:\\\/\\\/www.bellunopress.it\\\/2026\\\/03\\\/05\\\/sanita-bellunese-comitato-feltrino-quando-tutto-sara-privato-saremo-privati-di-tutto\\\/#primaryimage\",\"url\":\"https:\\\/\\\/www.bellunopress.it\\\/wp-content\\\/uploads\\\/2024\\\/05\\\/comitato-feltrino-per-il-diritto-alla-salute.jpg\",\"contentUrl\":\"https:\\\/\\\/www.bellunopress.it\\\/wp-content\\\/uploads\\\/2024\\\/05\\\/comitato-feltrino-per-il-diritto-alla-salute.jpg\",\"width\":510,\"height\":401},{\"@type\":\"BreadcrumbList\",\"@id\":\"https:\\\/\\\/www.bellunopress.it\\\/2026\\\/03\\\/05\\\/sanita-bellunese-comitato-feltrino-quando-tutto-sara-privato-saremo-privati-di-tutto\\\/#breadcrumb\",\"itemListElement\":[{\"@type\":\"ListItem\",\"position\":1,\"name\":\"Home\",\"item\":\"https:\\\/\\\/www.bellunopress.it\\\/\"},{\"@type\":\"ListItem\",\"position\":2,\"name\":\"Sanit\u00e0 bellunese. Comitato Feltrino: &#8220;Quando tutto sar\u00e0 privato, saremo privati di tutto&#8221;\"}]},{\"@type\":\"WebSite\",\"@id\":\"https:\\\/\\\/www.bellunopress.it\\\/#website\",\"url\":\"https:\\\/\\\/www.bellunopress.it\\\/\",\"name\":\"Bellunopress - Dolomiti\",\"description\":\"e-mail: redazione@bellunopress.it\",\"publisher\":{\"@id\":\"https:\\\/\\\/www.bellunopress.it\\\/#organization\"},\"potentialAction\":[{\"@type\":\"SearchAction\",\"target\":{\"@type\":\"EntryPoint\",\"urlTemplate\":\"https:\\\/\\\/www.bellunopress.it\\\/?s={search_term_string}\"},\"query-input\":{\"@type\":\"PropertyValueSpecification\",\"valueRequired\":true,\"valueName\":\"search_term_string\"}}],\"inLanguage\":\"fr-FR\"},{\"@type\":\"Organization\",\"@id\":\"https:\\\/\\\/www.bellunopress.it\\\/#organization\",\"name\":\"Bellunopress\",\"url\":\"https:\\\/\\\/www.bellunopress.it\\\/\",\"logo\":{\"@type\":\"ImageObject\",\"inLanguage\":\"fr-FR\",\"@id\":\"https:\\\/\\\/www.bellunopress.it\\\/#\\\/schema\\\/logo\\\/image\\\/\",\"url\":\"https:\\\/\\\/www.bellunopress.it\\\/wp-content\\\/uploads\\\/2011\\\/05\\\/cropped-logo-bellunopress-.jpg\",\"contentUrl\":\"https:\\\/\\\/www.bellunopress.it\\\/wp-content\\\/uploads\\\/2011\\\/05\\\/cropped-logo-bellunopress-.jpg\",\"width\":512,\"height\":512,\"caption\":\"Bellunopress\"},\"image\":{\"@id\":\"https:\\\/\\\/www.bellunopress.it\\\/#\\\/schema\\\/logo\\\/image\\\/\"},\"sameAs\":[\"https:\\\/\\\/www.facebook.com\\\/profile.php?id=100008943462799\",\"https:\\\/\\\/x.com\\\/bellunopress\",\"https:\\\/\\\/www.linkedin.com\\\/hp\\\/?dnr=JBzUWaJfMUw8vbXJJ2tVW5-I3jZKvC4wsoxE&amp;amp;amp;amp;amp;amp;trk=nav_responsive_tab_home\",\"https:\\\/\\\/www.youtube.com\\\/channel\\\/UCxL0wu1uN0_3_7hGG0306cw\"]},{\"@type\":\"Person\",\"@id\":\"https:\\\/\\\/www.bellunopress.it\\\/#\\\/schema\\\/person\\\/79bb06722b37ece1c03d3e94beb30d73\",\"name\":\"redazione\",\"image\":{\"@type\":\"ImageObject\",\"inLanguage\":\"fr-FR\",\"@id\":\"https:\\\/\\\/secure.gravatar.com\\\/avatar\\\/37d968a2e67a6fd04c169c4bdef102d0bc5d31b2546345219e348575eb80e9a0?s=96&d=mm&r=g\",\"url\":\"https:\\\/\\\/secure.gravatar.com\\\/avatar\\\/37d968a2e67a6fd04c169c4bdef102d0bc5d31b2546345219e348575eb80e9a0?s=96&d=mm&r=g\",\"contentUrl\":\"https:\\\/\\\/secure.gravatar.com\\\/avatar\\\/37d968a2e67a6fd04c169c4bdef102d0bc5d31b2546345219e348575eb80e9a0?s=96&d=mm&r=g\",\"caption\":\"redazione\"},\"sameAs\":[\"http:\\\/\\\/www.bellunopress.it\",\"https:\\\/\\\/x.com\\\/bellunopress\"],\"url\":\"https:\\\/\\\/www.bellunopress.it\\\/fr\\\/author\\\/redazione\\\/\"}]}<\/script>\n<!-- \/ Yoast SEO plugin. -->","yoast_head_json":{"title":"Sanit\u00e0 bellunese. Comitato Feltrino: \"Quando tutto sar\u00e0 privato, saremo privati di tutto\" - Bellunopress - Dolomiti","robots":{"index":"index","follow":"follow","max-snippet":"max-snippet:-1","max-image-preview":"max-image-preview:large","max-video-preview":"max-video-preview:-1"},"canonical":"https:\/\/www.bellunopress.it\/fr\/2026\/03\/05\/sanita-bellunese-comitato-feltrino-quando-tutto-sara-privato-saremo-privati-di-tutto\/","og_locale":"fr_FR","og_type":"article","og_title":"Sanit\u00e0 bellunese. Comitato Feltrino: \"Quando tutto sar\u00e0 privato, saremo privati di tutto\" - Bellunopress - Dolomiti","og_description":"Il Comitato Feltrino per il Diritto alla Salute lancia l&#8217;allarme: \u00abTra piste da bob e nomine sospette, la montagna resta senza servizi. Non servono mattoni, ma persone\u00bb Belluno, 05\/03\/2026 \u2013 Non \u00e8 il sanatorio di Davos descritto da Thomas Mann, ma l\u2019atmosfera che si respira tra le vette bellunesi inizia a ricordare quella &#8220;Montagna Incantata&#8221;: [&hellip;]","og_url":"https:\/\/www.bellunopress.it\/fr\/2026\/03\/05\/sanita-bellunese-comitato-feltrino-quando-tutto-sara-privato-saremo-privati-di-tutto\/","og_site_name":"Bellunopress - Dolomiti","article_publisher":"https:\/\/www.facebook.com\/profile.php?id=100008943462799","article_published_time":"2026-03-05T19:25:39+00:00","og_image":[{"width":510,"height":401,"url":"https:\/\/www.bellunopress.it\/wp-content\/uploads\/2024\/05\/comitato-feltrino-per-il-diritto-alla-salute.jpg","type":"image\/jpeg"}],"author":"redazione","twitter_card":"summary_large_image","twitter_creator":"@bellunopress","twitter_site":"@bellunopress","twitter_misc":{"\u00c9crit par":"redazione","Dur\u00e9e de lecture estim\u00e9e":"2 minutes"},"schema":{"@context":"https:\/\/schema.org","@graph":[{"@type":"Article","@id":"https:\/\/www.bellunopress.it\/2026\/03\/05\/sanita-bellunese-comitato-feltrino-quando-tutto-sara-privato-saremo-privati-di-tutto\/#article","isPartOf":{"@id":"https:\/\/www.bellunopress.it\/2026\/03\/05\/sanita-bellunese-comitato-feltrino-quando-tutto-sara-privato-saremo-privati-di-tutto\/"},"author":{"name":"redazione","@id":"https:\/\/www.bellunopress.it\/#\/schema\/person\/79bb06722b37ece1c03d3e94beb30d73"},"headline":"Sanit\u00e0 bellunese. Comitato Feltrino: &#8220;Quando tutto sar\u00e0 privato, saremo privati di tutto&#8221;","datePublished":"2026-03-05T19:25:39+00:00","mainEntityOfPage":{"@id":"https:\/\/www.bellunopress.it\/2026\/03\/05\/sanita-bellunese-comitato-feltrino-quando-tutto-sara-privato-saremo-privati-di-tutto\/"},"wordCount":488,"publisher":{"@id":"https:\/\/www.bellunopress.it\/#organization"},"image":{"@id":"https:\/\/www.bellunopress.it\/2026\/03\/05\/sanita-bellunese-comitato-feltrino-quando-tutto-sara-privato-saremo-privati-di-tutto\/#primaryimage"},"thumbnailUrl":"https:\/\/www.bellunopress.it\/wp-content\/uploads\/2024\/05\/comitato-feltrino-per-il-diritto-alla-salute.jpg","articleSection":["Prima Pagina","Sanit\u00e0 Medicina"],"inLanguage":"fr-FR"},{"@type":"WebPage","@id":"https:\/\/www.bellunopress.it\/2026\/03\/05\/sanita-bellunese-comitato-feltrino-quando-tutto-sara-privato-saremo-privati-di-tutto\/","url":"https:\/\/www.bellunopress.it\/2026\/03\/05\/sanita-bellunese-comitato-feltrino-quando-tutto-sara-privato-saremo-privati-di-tutto\/","name":"Sanit\u00e0 bellunese. Comitato Feltrino: \"Quando tutto sar\u00e0 privato, saremo privati di tutto\" - Bellunopress - Dolomiti","isPartOf":{"@id":"https:\/\/www.bellunopress.it\/#website"},"primaryImageOfPage":{"@id":"https:\/\/www.bellunopress.it\/2026\/03\/05\/sanita-bellunese-comitato-feltrino-quando-tutto-sara-privato-saremo-privati-di-tutto\/#primaryimage"},"image":{"@id":"https:\/\/www.bellunopress.it\/2026\/03\/05\/sanita-bellunese-comitato-feltrino-quando-tutto-sara-privato-saremo-privati-di-tutto\/#primaryimage"},"thumbnailUrl":"https:\/\/www.bellunopress.it\/wp-content\/uploads\/2024\/05\/comitato-feltrino-per-il-diritto-alla-salute.jpg","datePublished":"2026-03-05T19:25:39+00:00","breadcrumb":{"@id":"https:\/\/www.bellunopress.it\/2026\/03\/05\/sanita-bellunese-comitato-feltrino-quando-tutto-sara-privato-saremo-privati-di-tutto\/#breadcrumb"},"inLanguage":"fr-FR","potentialAction":[{"@type":"ReadAction","target":["https:\/\/www.bellunopress.it\/2026\/03\/05\/sanita-bellunese-comitato-feltrino-quando-tutto-sara-privato-saremo-privati-di-tutto\/"]}]},{"@type":"ImageObject","inLanguage":"fr-FR","@id":"https:\/\/www.bellunopress.it\/2026\/03\/05\/sanita-bellunese-comitato-feltrino-quando-tutto-sara-privato-saremo-privati-di-tutto\/#primaryimage","url":"https:\/\/www.bellunopress.it\/wp-content\/uploads\/2024\/05\/comitato-feltrino-per-il-diritto-alla-salute.jpg","contentUrl":"https:\/\/www.bellunopress.it\/wp-content\/uploads\/2024\/05\/comitato-feltrino-per-il-diritto-alla-salute.jpg","width":510,"height":401},{"@type":"BreadcrumbList","@id":"https:\/\/www.bellunopress.it\/2026\/03\/05\/sanita-bellunese-comitato-feltrino-quando-tutto-sara-privato-saremo-privati-di-tutto\/#breadcrumb","itemListElement":[{"@type":"ListItem","position":1,"name":"Home","item":"https:\/\/www.bellunopress.it\/"},{"@type":"ListItem","position":2,"name":"Sanit\u00e0 bellunese. Comitato Feltrino: &#8220;Quando tutto sar\u00e0 privato, saremo privati di tutto&#8221;"}]},{"@type":"WebSite","@id":"https:\/\/www.bellunopress.it\/#website","url":"https:\/\/www.bellunopress.it\/","name":"Bellunopress - Dolomiti","description":"e-mail: redazione@bellunopress.it","publisher":{"@id":"https:\/\/www.bellunopress.it\/#organization"},"potentialAction":[{"@type":"SearchAction","target":{"@type":"EntryPoint","urlTemplate":"https:\/\/www.bellunopress.it\/?s={search_term_string}"},"query-input":{"@type":"PropertyValueSpecification","valueRequired":true,"valueName":"search_term_string"}}],"inLanguage":"fr-FR"},{"@type":"Organization","@id":"https:\/\/www.bellunopress.it\/#organization","name":"Bellunopress","url":"https:\/\/www.bellunopress.it\/","logo":{"@type":"ImageObject","inLanguage":"fr-FR","@id":"https:\/\/www.bellunopress.it\/#\/schema\/logo\/image\/","url":"https:\/\/www.bellunopress.it\/wp-content\/uploads\/2011\/05\/cropped-logo-bellunopress-.jpg","contentUrl":"https:\/\/www.bellunopress.it\/wp-content\/uploads\/2011\/05\/cropped-logo-bellunopress-.jpg","width":512,"height":512,"caption":"Bellunopress"},"image":{"@id":"https:\/\/www.bellunopress.it\/#\/schema\/logo\/image\/"},"sameAs":["https:\/\/www.facebook.com\/profile.php?id=100008943462799","https:\/\/x.com\/bellunopress","https:\/\/www.linkedin.com\/hp\/?dnr=JBzUWaJfMUw8vbXJJ2tVW5-I3jZKvC4wsoxE&amp;amp;amp;amp;amp;amp;trk=nav_responsive_tab_home","https:\/\/www.youtube.com\/channel\/UCxL0wu1uN0_3_7hGG0306cw"]},{"@type":"Person","@id":"https:\/\/www.bellunopress.it\/#\/schema\/person\/79bb06722b37ece1c03d3e94beb30d73","name":"r\u00e9daction","image":{"@type":"ImageObject","inLanguage":"fr-FR","@id":"https:\/\/secure.gravatar.com\/avatar\/37d968a2e67a6fd04c169c4bdef102d0bc5d31b2546345219e348575eb80e9a0?s=96&d=mm&r=g","url":"https:\/\/secure.gravatar.com\/avatar\/37d968a2e67a6fd04c169c4bdef102d0bc5d31b2546345219e348575eb80e9a0?s=96&d=mm&r=g","contentUrl":"https:\/\/secure.gravatar.com\/avatar\/37d968a2e67a6fd04c169c4bdef102d0bc5d31b2546345219e348575eb80e9a0?s=96&d=mm&r=g","caption":"redazione"},"sameAs":["http:\/\/www.bellunopress.it","https:\/\/x.com\/bellunopress"],"url":"https:\/\/www.bellunopress.it\/fr\/author\/redazione\/"}]}},"_links":{"self":[{"href":"https:\/\/www.bellunopress.it\/fr\/wp-json\/wp\/v2\/posts\/167939","targetHints":{"allow":["GET"]}}],"collection":[{"href":"https:\/\/www.bellunopress.it\/fr\/wp-json\/wp\/v2\/posts"}],"about":[{"href":"https:\/\/www.bellunopress.it\/fr\/wp-json\/wp\/v2\/types\/post"}],"author":[{"embeddable":true,"href":"https:\/\/www.bellunopress.it\/fr\/wp-json\/wp\/v2\/users\/2"}],"replies":[{"embeddable":true,"href":"https:\/\/www.bellunopress.it\/fr\/wp-json\/wp\/v2\/comments?post=167939"}],"version-history":[{"count":1,"href":"https:\/\/www.bellunopress.it\/fr\/wp-json\/wp\/v2\/posts\/167939\/revisions"}],"predecessor-version":[{"id":167940,"href":"https:\/\/www.bellunopress.it\/fr\/wp-json\/wp\/v2\/posts\/167939\/revisions\/167940"}],"wp:featuredmedia":[{"embeddable":true,"href":"https:\/\/www.bellunopress.it\/fr\/wp-json\/wp\/v2\/media\/151167"}],"wp:attachment":[{"href":"https:\/\/www.bellunopress.it\/fr\/wp-json\/wp\/v2\/media?parent=167939"}],"wp:term":[{"taxonomy":"category","embeddable":true,"href":"https:\/\/www.bellunopress.it\/fr\/wp-json\/wp\/v2\/categories?post=167939"},{"taxonomy":"post_tag","embeddable":true,"href":"https:\/\/www.bellunopress.it\/fr\/wp-json\/wp\/v2\/tags?post=167939"}],"curies":[{"name":"wp","href":"https:\/\/api.w.org\/{rel}","templated":true}]}}