{"id":167929,"date":"2026-03-05T16:26:29","date_gmt":"2026-03-05T15:26:29","guid":{"rendered":"https:\/\/www.bellunopress.it\/?p=167929"},"modified":"2026-03-05T16:26:29","modified_gmt":"2026-03-05T15:26:29","slug":"danni-da-vaccino-presidio-a-palazzo-ferro-fini-szumski-e-lovat-subito-ambulatori-dedicati","status":"publish","type":"post","link":"https:\/\/www.bellunopress.it\/fr\/2026\/03\/05\/danni-da-vaccino-presidio-a-palazzo-ferro-fini-szumski-e-lovat-subito-ambulatori-dedicati\/","title":{"rendered":"Danni da vaccino, presidio a Palazzo Ferro Fini. Szumski e Lovat: &#8220;Subito ambulatori dedicati&#8221;"},"content":{"rendered":"<p>Venezia, 05\/03\/2026 \u2013 Un &#8220;muro di gomma&#8221; che i diretti interessati chiedono di abbattere al pi\u00f9 presto. Questa mattina, 5 marzo, la sede del Consiglio Regionale del Veneto \u00e8 stata teatro di una mobilitazione volta a accendere i riflettori sulla Mozione n. 4, il provvedimento depositato a gennaio dai consiglieri di &#8220;Resistere Veneto&#8221;, Riccardo Szumski e Davide Lovat.<\/p>\n<p>L\u2019obiettivo dell\u2019iniziativa \u00e8 chiaro: spingere l\u2019amministrazione regionale a istituire ambulatori specialistici per la diagnosi e la cura dei danneggiati da vaccino Covid-19. Nonostante il deposito risalga a due mesi fa, la discussione del testo continua a slittare nell\u2019ordine del giorno e, con ogni probabilit\u00e0, non approder\u00e0 in aula prima di Pasqua.<\/p>\n<p>Ad accompagnare i consiglieri Szumski e Lovat c\u2019era una delegazione dell\u2019associazione &#8220;Persone in Cammino&#8221;. Tra loro il presidente Andrea Sillo, ex calciatore e saldatore oggi costretto in sedia a rotelle, che ha definito la trasferta a Venezia come un sacrificio necessario per fornire una testimonianza diretta. &#8220;Stiamo male, abbiamo fatto molta fatica a raggiungervi, ma la nostra presenza qui \u00e8 fondamentale&#8221;, ha dichiarato a margine dell\u2019incontro.<\/p>\n<p>Toccante il racconto di Michele Pavan, infermiere di Cittadella, che ha descritto anni di calvario tra malesseri neurologici e cardiologici: &#8220;Siamo stati lasciati soli nella ricerca di medici che potessero aiutarci. Molti di noi hanno dovuto cambiare mansioni lavorative e affrontare spese mediche insostenibili&#8221;. Un appello alla concretezza \u00e8 arrivato anche dalla vicepresidente dell\u2019associazione, Carmen Amadio, che ha chiesto alla politica di &#8220;fare presto&#8221; per dare risposte a famiglie ormai esauste.<\/p>\n<p>Il consigliere Riccardo Szumski, medico di professione, ha usato parole dure contro quella che definisce una &#8220;politica sconsiderata&#8221; che avrebbe garantito uno scudo ingiustificato ai vaccini, impedendo di approfondirne gli effetti collaterali. &#8220;I dati ufficiali sono sottostimati anche di mille volte&#8221;, ha affermato Szumski, dicendosi pronto a presentare documentazione scientifica a supporto. Il consigliere ha inoltre espresso forte disappunto verso l&#8217;assessore Gerosa, accusato di aver fatto marcia indietro dopo iniziali rassicurazioni.<\/p>\n<p>A fare eco alle sue parole \u00e8 il collega Davide Lovat, che ha voluto sgomberare il campo dalle etichette ideologiche: &#8220;Basta chiamarci no-vax. Per logica, un no-vax non \u00e8 vaccinato e non pu\u00f2 aver subito danni. Questa \u00e8 una battaglia di civilt\u00e0 per chi sta male&#8221;. Lovat ha poi citato recenti sentenze dei Tribunali del Lavoro e riaperture di indagini in altre regioni (Sicilia e Liguria) come segnali di una realt\u00e0 che non pu\u00f2 pi\u00f9 essere ignorata.<\/p>\n<p>La richiesta di Resistere Veneto e delle associazioni dei malati resta ferma: la creazione di percorsi sanitari regionali strutturati che possano prendere in carico pazienti spesso rimbalzati da uno specialista all\u2019altro senza una diagnosi riconosciuta. La palla passa ora al Consiglio Regionale: la mozione attende di essere discussa, mentre fuori dal palazzo la pressione sociale e il disagio dei cittadini sembrano destinati a crescere.<\/p>","protected":false},"excerpt":{"rendered":"<p>Venezia, 05\/03\/2026 \u2013 Un &#8220;muro di gomma&#8221; che i diretti interessati chiedono di abbattere al pi\u00f9 presto. Questa mattina, 5 marzo, la sede del Consiglio Regionale del Veneto \u00e8 stata teatro di una mobilitazione volta a accendere i riflettori sulla Mozione n. 4, il provvedimento depositato a gennaio dai consiglieri di &#8220;Resistere Veneto&#8221;, Riccardo Szumski [&hellip;]<\/p>\n","protected":false},"author":2,"featured_media":166973,"comment_status":"closed","ping_status":"open","sticky":false,"template":"","format":"standard","meta":{"footnotes":""},"categories":[5,26,17],"tags":[],"class_list":["post-167929","post","type-post","status-publish","format-standard","has-post-thumbnail","category-cronaca","category-prima-pagina","category-sanita"],"yoast_head":"<!-- This site is optimized with the Yoast SEO plugin v28.4 - https:\/\/yoast.com\/product\/yoast-seo-wordpress\/ -->\n<title>Danni da vaccino, presidio a Palazzo Ferro Fini. Szumski e Lovat: &quot;Subito ambulatori dedicati&quot; - Bellunopress - Dolomiti<\/title>\n<meta name=\"robots\" content=\"index, follow, max-snippet:-1, max-image-preview:large, max-video-preview:-1\" \/>\n<link rel=\"canonical\" href=\"https:\/\/www.bellunopress.it\/fr\/2026\/03\/05\/danni-da-vaccino-presidio-a-palazzo-ferro-fini-szumski-e-lovat-subito-ambulatori-dedicati\/\" \/>\n<meta property=\"og:locale\" content=\"fr_FR\" \/>\n<meta property=\"og:type\" content=\"article\" \/>\n<meta property=\"og:title\" content=\"Danni da vaccino, presidio a Palazzo Ferro Fini. Szumski e Lovat: &quot;Subito ambulatori dedicati&quot; - Bellunopress - Dolomiti\" \/>\n<meta property=\"og:description\" content=\"Venezia, 05\/03\/2026 \u2013 Un &#8220;muro di gomma&#8221; che i diretti interessati chiedono di abbattere al pi\u00f9 presto. Questa mattina, 5 marzo, la sede del Consiglio Regionale del Veneto \u00e8 stata teatro di una mobilitazione volta a accendere i riflettori sulla Mozione n. 4, il provvedimento depositato a gennaio dai consiglieri di &#8220;Resistere Veneto&#8221;, Riccardo Szumski [&hellip;]\" \/>\n<meta property=\"og:url\" content=\"https:\/\/www.bellunopress.it\/fr\/2026\/03\/05\/danni-da-vaccino-presidio-a-palazzo-ferro-fini-szumski-e-lovat-subito-ambulatori-dedicati\/\" \/>\n<meta property=\"og:site_name\" content=\"Bellunopress - Dolomiti\" \/>\n<meta property=\"article:publisher\" content=\"https:\/\/www.facebook.com\/profile.php?id=100008943462799\" \/>\n<meta property=\"article:published_time\" content=\"2026-03-05T15:26:29+00:00\" \/>\n<meta property=\"og:image\" content=\"https:\/\/www.bellunopress.it\/wp-content\/uploads\/2026\/01\/Szumski-Resistere-Veneto.png\" \/>\n\t<meta property=\"og:image:width\" content=\"600\" \/>\n\t<meta property=\"og:image:height\" content=\"337\" \/>\n\t<meta property=\"og:image:type\" content=\"image\/png\" \/>\n<meta name=\"author\" content=\"redazione\" \/>\n<meta name=\"twitter:card\" content=\"summary_large_image\" \/>\n<meta name=\"twitter:creator\" content=\"@bellunopress\" \/>\n<meta name=\"twitter:site\" content=\"@bellunopress\" \/>\n<meta name=\"twitter:label1\" content=\"\u00c9crit par\" \/>\n\t<meta name=\"twitter:data1\" content=\"redazione\" \/>\n\t<meta name=\"twitter:label2\" content=\"Dur\u00e9e de lecture estim\u00e9e\" \/>\n\t<meta name=\"twitter:data2\" content=\"2 minutes\" \/>\n<script type=\"application\/ld+json\" class=\"yoast-schema-graph\">{\"@context\":\"https:\\\/\\\/schema.org\",\"@graph\":[{\"@type\":\"Article\",\"@id\":\"https:\\\/\\\/www.bellunopress.it\\\/2026\\\/03\\\/05\\\/danni-da-vaccino-presidio-a-palazzo-ferro-fini-szumski-e-lovat-subito-ambulatori-dedicati\\\/#article\",\"isPartOf\":{\"@id\":\"https:\\\/\\\/www.bellunopress.it\\\/2026\\\/03\\\/05\\\/danni-da-vaccino-presidio-a-palazzo-ferro-fini-szumski-e-lovat-subito-ambulatori-dedicati\\\/\"},\"author\":{\"name\":\"redazione\",\"@id\":\"https:\\\/\\\/www.bellunopress.it\\\/#\\\/schema\\\/person\\\/79bb06722b37ece1c03d3e94beb30d73\"},\"headline\":\"Danni da vaccino, presidio a Palazzo Ferro Fini. Szumski e Lovat: &#8220;Subito ambulatori dedicati&#8221;\",\"datePublished\":\"2026-03-05T15:26:29+00:00\",\"mainEntityOfPage\":{\"@id\":\"https:\\\/\\\/www.bellunopress.it\\\/2026\\\/03\\\/05\\\/danni-da-vaccino-presidio-a-palazzo-ferro-fini-szumski-e-lovat-subito-ambulatori-dedicati\\\/\"},\"wordCount\":471,\"publisher\":{\"@id\":\"https:\\\/\\\/www.bellunopress.it\\\/#organization\"},\"image\":{\"@id\":\"https:\\\/\\\/www.bellunopress.it\\\/2026\\\/03\\\/05\\\/danni-da-vaccino-presidio-a-palazzo-ferro-fini-szumski-e-lovat-subito-ambulatori-dedicati\\\/#primaryimage\"},\"thumbnailUrl\":\"https:\\\/\\\/www.bellunopress.it\\\/wp-content\\\/uploads\\\/2026\\\/01\\\/Szumski-Resistere-Veneto.png\",\"articleSection\":[\"Cronaca\\\/Politica\",\"Prima Pagina\",\"Sanit\u00e0 Medicina\"],\"inLanguage\":\"fr-FR\"},{\"@type\":\"WebPage\",\"@id\":\"https:\\\/\\\/www.bellunopress.it\\\/2026\\\/03\\\/05\\\/danni-da-vaccino-presidio-a-palazzo-ferro-fini-szumski-e-lovat-subito-ambulatori-dedicati\\\/\",\"url\":\"https:\\\/\\\/www.bellunopress.it\\\/2026\\\/03\\\/05\\\/danni-da-vaccino-presidio-a-palazzo-ferro-fini-szumski-e-lovat-subito-ambulatori-dedicati\\\/\",\"name\":\"Danni da vaccino, presidio a Palazzo Ferro Fini. Szumski e Lovat: \\\"Subito ambulatori dedicati\\\" - Bellunopress - Dolomiti\",\"isPartOf\":{\"@id\":\"https:\\\/\\\/www.bellunopress.it\\\/#website\"},\"primaryImageOfPage\":{\"@id\":\"https:\\\/\\\/www.bellunopress.it\\\/2026\\\/03\\\/05\\\/danni-da-vaccino-presidio-a-palazzo-ferro-fini-szumski-e-lovat-subito-ambulatori-dedicati\\\/#primaryimage\"},\"image\":{\"@id\":\"https:\\\/\\\/www.bellunopress.it\\\/2026\\\/03\\\/05\\\/danni-da-vaccino-presidio-a-palazzo-ferro-fini-szumski-e-lovat-subito-ambulatori-dedicati\\\/#primaryimage\"},\"thumbnailUrl\":\"https:\\\/\\\/www.bellunopress.it\\\/wp-content\\\/uploads\\\/2026\\\/01\\\/Szumski-Resistere-Veneto.png\",\"datePublished\":\"2026-03-05T15:26:29+00:00\",\"breadcrumb\":{\"@id\":\"https:\\\/\\\/www.bellunopress.it\\\/2026\\\/03\\\/05\\\/danni-da-vaccino-presidio-a-palazzo-ferro-fini-szumski-e-lovat-subito-ambulatori-dedicati\\\/#breadcrumb\"},\"inLanguage\":\"fr-FR\",\"potentialAction\":[{\"@type\":\"ReadAction\",\"target\":[\"https:\\\/\\\/www.bellunopress.it\\\/2026\\\/03\\\/05\\\/danni-da-vaccino-presidio-a-palazzo-ferro-fini-szumski-e-lovat-subito-ambulatori-dedicati\\\/\"]}]},{\"@type\":\"ImageObject\",\"inLanguage\":\"fr-FR\",\"@id\":\"https:\\\/\\\/www.bellunopress.it\\\/2026\\\/03\\\/05\\\/danni-da-vaccino-presidio-a-palazzo-ferro-fini-szumski-e-lovat-subito-ambulatori-dedicati\\\/#primaryimage\",\"url\":\"https:\\\/\\\/www.bellunopress.it\\\/wp-content\\\/uploads\\\/2026\\\/01\\\/Szumski-Resistere-Veneto.png\",\"contentUrl\":\"https:\\\/\\\/www.bellunopress.it\\\/wp-content\\\/uploads\\\/2026\\\/01\\\/Szumski-Resistere-Veneto.png\",\"width\":600,\"height\":337},{\"@type\":\"BreadcrumbList\",\"@id\":\"https:\\\/\\\/www.bellunopress.it\\\/2026\\\/03\\\/05\\\/danni-da-vaccino-presidio-a-palazzo-ferro-fini-szumski-e-lovat-subito-ambulatori-dedicati\\\/#breadcrumb\",\"itemListElement\":[{\"@type\":\"ListItem\",\"position\":1,\"name\":\"Home\",\"item\":\"https:\\\/\\\/www.bellunopress.it\\\/\"},{\"@type\":\"ListItem\",\"position\":2,\"name\":\"Danni da vaccino, presidio a Palazzo Ferro Fini. Szumski e Lovat: &#8220;Subito ambulatori dedicati&#8221;\"}]},{\"@type\":\"WebSite\",\"@id\":\"https:\\\/\\\/www.bellunopress.it\\\/#website\",\"url\":\"https:\\\/\\\/www.bellunopress.it\\\/\",\"name\":\"Bellunopress - Dolomiti\",\"description\":\"e-mail: redazione@bellunopress.it\",\"publisher\":{\"@id\":\"https:\\\/\\\/www.bellunopress.it\\\/#organization\"},\"potentialAction\":[{\"@type\":\"SearchAction\",\"target\":{\"@type\":\"EntryPoint\",\"urlTemplate\":\"https:\\\/\\\/www.bellunopress.it\\\/?s={search_term_string}\"},\"query-input\":{\"@type\":\"PropertyValueSpecification\",\"valueRequired\":true,\"valueName\":\"search_term_string\"}}],\"inLanguage\":\"fr-FR\"},{\"@type\":\"Organization\",\"@id\":\"https:\\\/\\\/www.bellunopress.it\\\/#organization\",\"name\":\"Bellunopress\",\"url\":\"https:\\\/\\\/www.bellunopress.it\\\/\",\"logo\":{\"@type\":\"ImageObject\",\"inLanguage\":\"fr-FR\",\"@id\":\"https:\\\/\\\/www.bellunopress.it\\\/#\\\/schema\\\/logo\\\/image\\\/\",\"url\":\"https:\\\/\\\/www.bellunopress.it\\\/wp-content\\\/uploads\\\/2011\\\/05\\\/cropped-logo-bellunopress-.jpg\",\"contentUrl\":\"https:\\\/\\\/www.bellunopress.it\\\/wp-content\\\/uploads\\\/2011\\\/05\\\/cropped-logo-bellunopress-.jpg\",\"width\":512,\"height\":512,\"caption\":\"Bellunopress\"},\"image\":{\"@id\":\"https:\\\/\\\/www.bellunopress.it\\\/#\\\/schema\\\/logo\\\/image\\\/\"},\"sameAs\":[\"https:\\\/\\\/www.facebook.com\\\/profile.php?id=100008943462799\",\"https:\\\/\\\/x.com\\\/bellunopress\",\"https:\\\/\\\/www.linkedin.com\\\/hp\\\/?dnr=JBzUWaJfMUw8vbXJJ2tVW5-I3jZKvC4wsoxE&amp;amp;amp;amp;amp;amp;trk=nav_responsive_tab_home\",\"https:\\\/\\\/www.youtube.com\\\/channel\\\/UCxL0wu1uN0_3_7hGG0306cw\"]},{\"@type\":\"Person\",\"@id\":\"https:\\\/\\\/www.bellunopress.it\\\/#\\\/schema\\\/person\\\/79bb06722b37ece1c03d3e94beb30d73\",\"name\":\"redazione\",\"image\":{\"@type\":\"ImageObject\",\"inLanguage\":\"fr-FR\",\"@id\":\"https:\\\/\\\/secure.gravatar.com\\\/avatar\\\/37d968a2e67a6fd04c169c4bdef102d0bc5d31b2546345219e348575eb80e9a0?s=96&d=mm&r=g\",\"url\":\"https:\\\/\\\/secure.gravatar.com\\\/avatar\\\/37d968a2e67a6fd04c169c4bdef102d0bc5d31b2546345219e348575eb80e9a0?s=96&d=mm&r=g\",\"contentUrl\":\"https:\\\/\\\/secure.gravatar.com\\\/avatar\\\/37d968a2e67a6fd04c169c4bdef102d0bc5d31b2546345219e348575eb80e9a0?s=96&d=mm&r=g\",\"caption\":\"redazione\"},\"sameAs\":[\"http:\\\/\\\/www.bellunopress.it\",\"https:\\\/\\\/x.com\\\/bellunopress\"],\"url\":\"https:\\\/\\\/www.bellunopress.it\\\/fr\\\/author\\\/redazione\\\/\"}]}<\/script>\n<!-- \/ Yoast SEO plugin. -->","yoast_head_json":{"title":"Danni da vaccino, presidio a Palazzo Ferro Fini. Szumski e Lovat: \"Subito ambulatori dedicati\" - Bellunopress - Dolomiti","robots":{"index":"index","follow":"follow","max-snippet":"max-snippet:-1","max-image-preview":"max-image-preview:large","max-video-preview":"max-video-preview:-1"},"canonical":"https:\/\/www.bellunopress.it\/fr\/2026\/03\/05\/danni-da-vaccino-presidio-a-palazzo-ferro-fini-szumski-e-lovat-subito-ambulatori-dedicati\/","og_locale":"fr_FR","og_type":"article","og_title":"Danni da vaccino, presidio a Palazzo Ferro Fini. Szumski e Lovat: \"Subito ambulatori dedicati\" - Bellunopress - Dolomiti","og_description":"Venezia, 05\/03\/2026 \u2013 Un &#8220;muro di gomma&#8221; che i diretti interessati chiedono di abbattere al pi\u00f9 presto. Questa mattina, 5 marzo, la sede del Consiglio Regionale del Veneto \u00e8 stata teatro di una mobilitazione volta a accendere i riflettori sulla Mozione n. 4, il provvedimento depositato a gennaio dai consiglieri di &#8220;Resistere Veneto&#8221;, Riccardo Szumski [&hellip;]","og_url":"https:\/\/www.bellunopress.it\/fr\/2026\/03\/05\/danni-da-vaccino-presidio-a-palazzo-ferro-fini-szumski-e-lovat-subito-ambulatori-dedicati\/","og_site_name":"Bellunopress - Dolomiti","article_publisher":"https:\/\/www.facebook.com\/profile.php?id=100008943462799","article_published_time":"2026-03-05T15:26:29+00:00","og_image":[{"width":600,"height":337,"url":"https:\/\/www.bellunopress.it\/wp-content\/uploads\/2026\/01\/Szumski-Resistere-Veneto.png","type":"image\/png"}],"author":"redazione","twitter_card":"summary_large_image","twitter_creator":"@bellunopress","twitter_site":"@bellunopress","twitter_misc":{"\u00c9crit par":"redazione","Dur\u00e9e de lecture estim\u00e9e":"2 minutes"},"schema":{"@context":"https:\/\/schema.org","@graph":[{"@type":"Article","@id":"https:\/\/www.bellunopress.it\/2026\/03\/05\/danni-da-vaccino-presidio-a-palazzo-ferro-fini-szumski-e-lovat-subito-ambulatori-dedicati\/#article","isPartOf":{"@id":"https:\/\/www.bellunopress.it\/2026\/03\/05\/danni-da-vaccino-presidio-a-palazzo-ferro-fini-szumski-e-lovat-subito-ambulatori-dedicati\/"},"author":{"name":"redazione","@id":"https:\/\/www.bellunopress.it\/#\/schema\/person\/79bb06722b37ece1c03d3e94beb30d73"},"headline":"Danni da vaccino, presidio a Palazzo Ferro Fini. Szumski e Lovat: &#8220;Subito ambulatori dedicati&#8221;","datePublished":"2026-03-05T15:26:29+00:00","mainEntityOfPage":{"@id":"https:\/\/www.bellunopress.it\/2026\/03\/05\/danni-da-vaccino-presidio-a-palazzo-ferro-fini-szumski-e-lovat-subito-ambulatori-dedicati\/"},"wordCount":471,"publisher":{"@id":"https:\/\/www.bellunopress.it\/#organization"},"image":{"@id":"https:\/\/www.bellunopress.it\/2026\/03\/05\/danni-da-vaccino-presidio-a-palazzo-ferro-fini-szumski-e-lovat-subito-ambulatori-dedicati\/#primaryimage"},"thumbnailUrl":"https:\/\/www.bellunopress.it\/wp-content\/uploads\/2026\/01\/Szumski-Resistere-Veneto.png","articleSection":["Cronaca\/Politica","Prima Pagina","Sanit\u00e0 Medicina"],"inLanguage":"fr-FR"},{"@type":"WebPage","@id":"https:\/\/www.bellunopress.it\/2026\/03\/05\/danni-da-vaccino-presidio-a-palazzo-ferro-fini-szumski-e-lovat-subito-ambulatori-dedicati\/","url":"https:\/\/www.bellunopress.it\/2026\/03\/05\/danni-da-vaccino-presidio-a-palazzo-ferro-fini-szumski-e-lovat-subito-ambulatori-dedicati\/","name":"Danni da vaccino, presidio a Palazzo Ferro Fini. Szumski e Lovat: \"Subito ambulatori dedicati\" - Bellunopress - Dolomiti","isPartOf":{"@id":"https:\/\/www.bellunopress.it\/#website"},"primaryImageOfPage":{"@id":"https:\/\/www.bellunopress.it\/2026\/03\/05\/danni-da-vaccino-presidio-a-palazzo-ferro-fini-szumski-e-lovat-subito-ambulatori-dedicati\/#primaryimage"},"image":{"@id":"https:\/\/www.bellunopress.it\/2026\/03\/05\/danni-da-vaccino-presidio-a-palazzo-ferro-fini-szumski-e-lovat-subito-ambulatori-dedicati\/#primaryimage"},"thumbnailUrl":"https:\/\/www.bellunopress.it\/wp-content\/uploads\/2026\/01\/Szumski-Resistere-Veneto.png","datePublished":"2026-03-05T15:26:29+00:00","breadcrumb":{"@id":"https:\/\/www.bellunopress.it\/2026\/03\/05\/danni-da-vaccino-presidio-a-palazzo-ferro-fini-szumski-e-lovat-subito-ambulatori-dedicati\/#breadcrumb"},"inLanguage":"fr-FR","potentialAction":[{"@type":"ReadAction","target":["https:\/\/www.bellunopress.it\/2026\/03\/05\/danni-da-vaccino-presidio-a-palazzo-ferro-fini-szumski-e-lovat-subito-ambulatori-dedicati\/"]}]},{"@type":"ImageObject","inLanguage":"fr-FR","@id":"https:\/\/www.bellunopress.it\/2026\/03\/05\/danni-da-vaccino-presidio-a-palazzo-ferro-fini-szumski-e-lovat-subito-ambulatori-dedicati\/#primaryimage","url":"https:\/\/www.bellunopress.it\/wp-content\/uploads\/2026\/01\/Szumski-Resistere-Veneto.png","contentUrl":"https:\/\/www.bellunopress.it\/wp-content\/uploads\/2026\/01\/Szumski-Resistere-Veneto.png","width":600,"height":337},{"@type":"BreadcrumbList","@id":"https:\/\/www.bellunopress.it\/2026\/03\/05\/danni-da-vaccino-presidio-a-palazzo-ferro-fini-szumski-e-lovat-subito-ambulatori-dedicati\/#breadcrumb","itemListElement":[{"@type":"ListItem","position":1,"name":"Home","item":"https:\/\/www.bellunopress.it\/"},{"@type":"ListItem","position":2,"name":"Danni da vaccino, presidio a Palazzo Ferro Fini. Szumski e Lovat: &#8220;Subito ambulatori dedicati&#8221;"}]},{"@type":"WebSite","@id":"https:\/\/www.bellunopress.it\/#website","url":"https:\/\/www.bellunopress.it\/","name":"Bellunopress - Dolomiti","description":"e-mail: redazione@bellunopress.it","publisher":{"@id":"https:\/\/www.bellunopress.it\/#organization"},"potentialAction":[{"@type":"SearchAction","target":{"@type":"EntryPoint","urlTemplate":"https:\/\/www.bellunopress.it\/?s={search_term_string}"},"query-input":{"@type":"PropertyValueSpecification","valueRequired":true,"valueName":"search_term_string"}}],"inLanguage":"fr-FR"},{"@type":"Organization","@id":"https:\/\/www.bellunopress.it\/#organization","name":"Bellunopress","url":"https:\/\/www.bellunopress.it\/","logo":{"@type":"ImageObject","inLanguage":"fr-FR","@id":"https:\/\/www.bellunopress.it\/#\/schema\/logo\/image\/","url":"https:\/\/www.bellunopress.it\/wp-content\/uploads\/2011\/05\/cropped-logo-bellunopress-.jpg","contentUrl":"https:\/\/www.bellunopress.it\/wp-content\/uploads\/2011\/05\/cropped-logo-bellunopress-.jpg","width":512,"height":512,"caption":"Bellunopress"},"image":{"@id":"https:\/\/www.bellunopress.it\/#\/schema\/logo\/image\/"},"sameAs":["https:\/\/www.facebook.com\/profile.php?id=100008943462799","https:\/\/x.com\/bellunopress","https:\/\/www.linkedin.com\/hp\/?dnr=JBzUWaJfMUw8vbXJJ2tVW5-I3jZKvC4wsoxE&amp;amp;amp;amp;amp;amp;trk=nav_responsive_tab_home","https:\/\/www.youtube.com\/channel\/UCxL0wu1uN0_3_7hGG0306cw"]},{"@type":"Person","@id":"https:\/\/www.bellunopress.it\/#\/schema\/person\/79bb06722b37ece1c03d3e94beb30d73","name":"r\u00e9daction","image":{"@type":"ImageObject","inLanguage":"fr-FR","@id":"https:\/\/secure.gravatar.com\/avatar\/37d968a2e67a6fd04c169c4bdef102d0bc5d31b2546345219e348575eb80e9a0?s=96&d=mm&r=g","url":"https:\/\/secure.gravatar.com\/avatar\/37d968a2e67a6fd04c169c4bdef102d0bc5d31b2546345219e348575eb80e9a0?s=96&d=mm&r=g","contentUrl":"https:\/\/secure.gravatar.com\/avatar\/37d968a2e67a6fd04c169c4bdef102d0bc5d31b2546345219e348575eb80e9a0?s=96&d=mm&r=g","caption":"redazione"},"sameAs":["http:\/\/www.bellunopress.it","https:\/\/x.com\/bellunopress"],"url":"https:\/\/www.bellunopress.it\/fr\/author\/redazione\/"}]}},"_links":{"self":[{"href":"https:\/\/www.bellunopress.it\/fr\/wp-json\/wp\/v2\/posts\/167929","targetHints":{"allow":["GET"]}}],"collection":[{"href":"https:\/\/www.bellunopress.it\/fr\/wp-json\/wp\/v2\/posts"}],"about":[{"href":"https:\/\/www.bellunopress.it\/fr\/wp-json\/wp\/v2\/types\/post"}],"author":[{"embeddable":true,"href":"https:\/\/www.bellunopress.it\/fr\/wp-json\/wp\/v2\/users\/2"}],"replies":[{"embeddable":true,"href":"https:\/\/www.bellunopress.it\/fr\/wp-json\/wp\/v2\/comments?post=167929"}],"version-history":[{"count":1,"href":"https:\/\/www.bellunopress.it\/fr\/wp-json\/wp\/v2\/posts\/167929\/revisions"}],"predecessor-version":[{"id":167930,"href":"https:\/\/www.bellunopress.it\/fr\/wp-json\/wp\/v2\/posts\/167929\/revisions\/167930"}],"wp:featuredmedia":[{"embeddable":true,"href":"https:\/\/www.bellunopress.it\/fr\/wp-json\/wp\/v2\/media\/166973"}],"wp:attachment":[{"href":"https:\/\/www.bellunopress.it\/fr\/wp-json\/wp\/v2\/media?parent=167929"}],"wp:term":[{"taxonomy":"category","embeddable":true,"href":"https:\/\/www.bellunopress.it\/fr\/wp-json\/wp\/v2\/categories?post=167929"},{"taxonomy":"post_tag","embeddable":true,"href":"https:\/\/www.bellunopress.it\/fr\/wp-json\/wp\/v2\/tags?post=167929"}],"curies":[{"name":"wp","href":"https:\/\/api.w.org\/{rel}","templated":true}]}}