{"id":167923,"date":"2026-03-05T13:37:37","date_gmt":"2026-03-05T12:37:37","guid":{"rendered":"https:\/\/www.bellunopress.it\/?p=167923"},"modified":"2026-03-05T13:37:37","modified_gmt":"2026-03-05T12:37:37","slug":"la-parabola-del-parco-della-rimembranza-di-feltre","status":"publish","type":"post","link":"https:\/\/www.bellunopress.it\/fr\/2026\/03\/05\/la-parabola-del-parco-della-rimembranza-di-feltre\/","title":{"rendered":"La parabola del Parco della Rimembranza di Feltre"},"content":{"rendered":"<p><strong>Nato dalla riforma Lupi del 1922 per onorare i caduti della Grande Guerra, il parco feltrino ha attraversato un secolo di storia, dalla trasformazione del seicentesco convento di clausura fino alla recente ferita della tempesta Vaia<\/strong><\/p>\n<figure id=\"attachment_167924\" aria-describedby=\"caption-attachment-167924\" style=\"width: 600px\" class=\"wp-caption aligncenter\"><img loading=\"lazy\" decoding=\"async\" class=\"size-full wp-image-167924\" src=\"https:\/\/www.bellunopress.it\/wp-content\/uploads\/2026\/03\/cancello-parco-della-rimembranza-sfondo-scuola.jpg\" alt=\"\" width=\"600\" height=\"400\" srcset=\"https:\/\/www.bellunopress.it\/wp-content\/uploads\/2026\/03\/cancello-parco-della-rimembranza-sfondo-scuola.jpg 600w, https:\/\/www.bellunopress.it\/wp-content\/uploads\/2026\/03\/cancello-parco-della-rimembranza-sfondo-scuola-500x333.jpg 500w, https:\/\/www.bellunopress.it\/wp-content\/uploads\/2026\/03\/cancello-parco-della-rimembranza-sfondo-scuola-150x100.jpg 150w, https:\/\/www.bellunopress.it\/wp-content\/uploads\/2026\/03\/cancello-parco-della-rimembranza-sfondo-scuola-300x200.jpg 300w\" sizes=\"auto, (max-width: 600px) 100vw, 600px\" \/><figcaption id=\"caption-attachment-167924\" class=\"wp-caption-text\">Parco della Rimembranza &#8211; Feltre<\/figcaption><\/figure>\n<p>Feltre \u2013 C\u2019\u00e8 un filo sottile che lega il silenzio della clausura seicentesca al fragore della Prima Guerra Mondiale, il Ventennio e, infine, al boato dei venti della tempesta Vaia. Questo filo attraversa il cuore di Feltre, precisamente in quell&#8217;area compresa tra via Scita, via Cavour e via Castaldi, oggi nota come Parco della Rimembranza. Un luogo che non \u00e8 solo un polmone verde, ma un monumento vivo, istituito durante il Ventennio fascista seguendo un preciso rito collettivo che coinvolse l&#8217;intera nazione.<\/p>\n<p>L\u2019area, prima di diventare il tempio dei caduti della Prima guerra mondiale, era il &#8220;Brolo di San Pietro&#8221;, una pertinenza del monastero delle monache agostiniane. Per secoli, questo spazio fu un quadrato perfetto di quiete, cinto da mura che lo isolavano dal mondo esterno. Con l&#8217;arrivo di Napoleone e la successiva acquisizione da parte del Comune nel 1909, il destino del brolo cambi\u00f2 radicalmente: le mura furono abbattute per fare spazio alla modernit\u00e0. Nel 1912, su progetto dell&#8217;ingegner Luigi Rasi, sorsero le Scuole Elementari, un edificio all&#8217;avanguardia destinato a formare le nuove generazioni di feltrini.<\/p>\n<p>La vera metamorfosi avvenne per\u00f2 dopo il 1918. Feltre, che aveva vissuto il drammatico &#8220;an de la fan&#8221; (l&#8217;anno della fame) sotto l&#8217;occupazione austro-ungarica, portava ferite profonde. La spinta decisiva per la creazione del parco arriv\u00f2 da Roma: la circolare del 27 dicembre 1922, emanata dal sottosegretario all&#8217;Istruzione Dario Lupi, invitava ogni comune d&#8217;Italia a piantare un albero per ogni soldato morto in guerra.<\/p>\n<p>Feltre rispose prontamente. Il 24 maggio 1924, in un clima di fervore patriottico tipico dell&#8217;epoca, fu inaugurato il Parco della Rimembranza. Un\u2019ottantina di alberi vennero messi a dimora, ognuno recante una targhetta con il nome di un caduto. Non era solo urbanistica; era un atto liturgico laico. Il giardino delle scuole diventava un sacrario all&#8217;aperto, dove il sacrificio dei soldati si trasformava in nuova linfa vitale per la citt\u00e0.<\/p>\n<p>Negli anni Trenta, il parco consolid\u00f2 la sua funzione monumentale. Nel 1934 vennero collocati i busti bronzei di Vittorio Emanuele II e Garibaldi, e fu installato il monumentale cancello in ferro battuto, opera della ditta Celli\u2013Velo, allievi del celebre fabbro-artista Carlo Rizzarda. Il parco non era pi\u00f9 solo un cortile scolastico, ma il centro delle celebrazioni civili, arricchito successivamente dai monumenti agli Alpini e ai caduti del 7\u00b0 Reggimento.<\/p>\n<p>La storia recente ha messo a dura prova questo simbolo. Tra il 27 e il 30 ottobre 2018, la tempesta Vaia ha abbattuto 99 alberi di alto fusto all&#8217;interno del solo Parco della Rimembranza, mutilando quel monumento verde curato per quasi un secolo. Ippocastani e querce, simboli di forza e memoria, sono stati sradicati dalla furia del vento.<\/p>\n<p>Oggi, tuttavia, il Parco della Rimembranza si prepara a una nuova vita. Grazie all&#8217;intervento del Comune e al supporto dell&#8217;Associazione Nazionale Alpini, \u00e8 in corso un progetto di riqualificazione che mira a recuperare lo spirito originario del sito. L&#8217;obiettivo \u00e8 chiaro: ripiantare quegli alberi che Vaia ha portato via, restituendo a Feltre il suo luogo del ricordo, della socialit\u00e0 e, soprattutto, della riconciliazione con la natura.<\/p>\n<p>&nbsp;<\/p>\n<p><strong>Il ferro di Carlo Rizzarda <\/strong><\/p>\n<p>Se gli alberi rappresentavano la vita dei caduti che tornava a germogliare, il ferro battuto rappresentava la forza eterna e l&#8217;incorruttibilit\u00e0 della memoria. In questo contesto, la figura di Carlo Rizzarda (1883-1931) \u00e8 centrale, non solo per Feltre ma per l&#8217;intera arte decorativa italiana del primo Novecento.<\/p>\n<p>Rizzarda non fu un semplice fabbro, ma un artista capace di trasformare il ferro in forme leggere, quasi organiche. Sebbene la sua morte prematura nel 1931 gli imped\u00ec di vedere l&#8217;assetto definitivo del Parco del 1934, la sua influenza fu totale. Il monumento ai Caduti di Feltre (inaugurato nel 1923) vanta le sue celebri Aquile in ferro battuto, che incorniciano la scultura bronzea di Annibale De Lotto. Le aquile di Rizzarda non sono solo simboli araldici, ma creature vibranti che conferiscono al monumento una tensione eroica e moderna al tempo stesso.<\/p>\n<p>Il legame con Rizzarda \u00e8 reso esplicito nel cancello d&#8217;ingresso del Parco, realizzato nel 1934 dalla ditta Celli \u2013 Velo. Ermenegildo Celli e Aurelio Velo erano stati i migliori apprendisti di Rizzarda. Il cancello non era inteso come una semplice barriera, ma come una &#8220;porta sacra&#8221; (una sorta di propileo moderno) che segnava il passaggio dal caos della citt\u00e0 al silenzio del sacrario. La scelta del ferro battuto per queste istituzioni non era casuale:<\/p>\n<p>Artigianato contro industria: In un&#8217;epoca che vedeva l&#8217;ascesa della produzione di massa, il ferro battuto a mano rivendicava il valore del lavoro umano e dell&#8217;identit\u00e0 locale.<\/p>\n<p>Durevolezza: Il metallo forgiato nel fuoco richiamava il temperamento del soldato e la stabilit\u00e0 dello Stato.<\/p>\n<p>Durante il Ventennio, il ferro battuto divenne il materiale d&#8217;elezione per le recinzioni, le lanterne votive e i supporti delle targhette dei caduti in tutta Italia. Questa scelta stilistica serviva a:<\/p>\n<p>Omogeneit\u00e0 visiva: Creare un linguaggio monumentale riconoscibile in ogni borgo, che unisse il gusto Liberty (ormai al tramonto) con il nuovo Rigore Dec\u00f2 e il classicismo celebrativo.<\/p>\n<p>Integrazione con la natura: A differenza del cemento, il ferro battuto si integrava armoniosamente con il fogliame degli ippocastani e dei tigli, creando un contrasto cromatico tra il verde delle foglie e il nero brunito del metallo.<\/p>\n<p>Oggi, il nome di Rizzarda \u00e8 indissolubilmente legato alla citt\u00e0 grazie alla Galleria d&#8217;arte moderna &#8220;Carlo Rizzarda&#8221; a Feltre, che custodisce la sua preziosa collezione. Guardare il cancello del Parco della Rimembranza o le aquile del Monumento significa leggere una pagina di storia dell&#8217;arte in cui il ferro, piegato dal fuoco e dal martello, si \u00e8 fatto interprete del dolore e dell&#8217;orgoglio di un&#8217;intera comunit\u00e0.<\/p>\n<p>&nbsp;<\/p>\n<p>Info:<\/p>\n<p><a href=\"mailto:museo@comune.feltre.bl.it\">museo@comune.feltre.bl.it<\/a><\/p>\n<p><a href=\"https:\/\/visitfeltre.info\/luoghi\/parco-rimembranza\/\">https:\/\/visitfeltre.info\/luoghi\/parco-rimembranza\/<\/a><\/p>","protected":false},"excerpt":{"rendered":"<p>Nato dalla riforma Lupi del 1922 per onorare i caduti della Grande Guerra, il parco feltrino ha attraversato un secolo di storia, dalla trasformazione del seicentesco convento di clausura fino alla recente ferita della tempesta Vaia Feltre \u2013 C\u2019\u00e8 un filo sottile che lega il silenzio della clausura seicentesca al fragore della Prima Guerra Mondiale, [&hellip;]<\/p>\n","protected":false},"author":2,"featured_media":167925,"comment_status":"closed","ping_status":"open","sticky":false,"template":"","format":"standard","meta":{"footnotes":""},"categories":[3,25],"tags":[],"class_list":["post-167923","post","type-post","status-publish","format-standard","has-post-thumbnail","category-arte-cultura-spettacoli-scienza-archivi","category-pausa-caffe"],"yoast_head":"<!-- This site is optimized with the Yoast SEO plugin v28.4 - https:\/\/yoast.com\/product\/yoast-seo-wordpress\/ -->\n<title>La parabola del Parco della Rimembranza di Feltre - Bellunopress - Dolomiti<\/title>\n<meta name=\"robots\" content=\"index, follow, max-snippet:-1, max-image-preview:large, max-video-preview:-1\" \/>\n<link rel=\"canonical\" href=\"https:\/\/www.bellunopress.it\/fr\/2026\/03\/05\/la-parabola-del-parco-della-rimembranza-di-feltre\/\" \/>\n<meta property=\"og:locale\" content=\"fr_FR\" \/>\n<meta property=\"og:type\" content=\"article\" \/>\n<meta property=\"og:title\" content=\"La parabola del Parco della Rimembranza di Feltre - Bellunopress - Dolomiti\" \/>\n<meta property=\"og:description\" content=\"Nato dalla riforma Lupi del 1922 per onorare i caduti della Grande Guerra, il parco feltrino ha attraversato un secolo di storia, dalla trasformazione del seicentesco convento di clausura fino alla recente ferita della tempesta Vaia Feltre \u2013 C\u2019\u00e8 un filo sottile che lega il silenzio della clausura seicentesca al fragore della Prima Guerra Mondiale, [&hellip;]\" \/>\n<meta property=\"og:url\" content=\"https:\/\/www.bellunopress.it\/fr\/2026\/03\/05\/la-parabola-del-parco-della-rimembranza-di-feltre\/\" \/>\n<meta property=\"og:site_name\" content=\"Bellunopress - Dolomiti\" \/>\n<meta property=\"article:publisher\" content=\"https:\/\/www.facebook.com\/profile.php?id=100008943462799\" \/>\n<meta property=\"article:published_time\" content=\"2026-03-05T12:37:37+00:00\" \/>\n<meta property=\"og:image\" content=\"https:\/\/www.bellunopress.it\/wp-content\/uploads\/2026\/03\/Parco-della-Rimembranza-Feltre.jpg\" \/>\n\t<meta property=\"og:image:width\" content=\"700\" \/>\n\t<meta property=\"og:image:height\" content=\"260\" \/>\n\t<meta property=\"og:image:type\" content=\"image\/jpeg\" \/>\n<meta name=\"author\" content=\"redazione\" \/>\n<meta name=\"twitter:card\" content=\"summary_large_image\" \/>\n<meta name=\"twitter:creator\" content=\"@bellunopress\" \/>\n<meta name=\"twitter:site\" content=\"@bellunopress\" \/>\n<meta name=\"twitter:label1\" content=\"\u00c9crit par\" \/>\n\t<meta name=\"twitter:data1\" content=\"redazione\" \/>\n\t<meta name=\"twitter:label2\" content=\"Dur\u00e9e de lecture estim\u00e9e\" \/>\n\t<meta name=\"twitter:data2\" content=\"5 minutes\" \/>\n<script type=\"application\/ld+json\" class=\"yoast-schema-graph\">{\"@context\":\"https:\\\/\\\/schema.org\",\"@graph\":[{\"@type\":\"Article\",\"@id\":\"https:\\\/\\\/www.bellunopress.it\\\/2026\\\/03\\\/05\\\/la-parabola-del-parco-della-rimembranza-di-feltre\\\/#article\",\"isPartOf\":{\"@id\":\"https:\\\/\\\/www.bellunopress.it\\\/2026\\\/03\\\/05\\\/la-parabola-del-parco-della-rimembranza-di-feltre\\\/\"},\"author\":{\"name\":\"redazione\",\"@id\":\"https:\\\/\\\/www.bellunopress.it\\\/#\\\/schema\\\/person\\\/79bb06722b37ece1c03d3e94beb30d73\"},\"headline\":\"La parabola del Parco della Rimembranza di Feltre\",\"datePublished\":\"2026-03-05T12:37:37+00:00\",\"mainEntityOfPage\":{\"@id\":\"https:\\\/\\\/www.bellunopress.it\\\/2026\\\/03\\\/05\\\/la-parabola-del-parco-della-rimembranza-di-feltre\\\/\"},\"wordCount\":994,\"publisher\":{\"@id\":\"https:\\\/\\\/www.bellunopress.it\\\/#organization\"},\"image\":{\"@id\":\"https:\\\/\\\/www.bellunopress.it\\\/2026\\\/03\\\/05\\\/la-parabola-del-parco-della-rimembranza-di-feltre\\\/#primaryimage\"},\"thumbnailUrl\":\"https:\\\/\\\/www.bellunopress.it\\\/wp-content\\\/uploads\\\/2026\\\/03\\\/Parco-della-Rimembranza-Feltre.jpg\",\"articleSection\":[\"Arte, Cultura, Spettacoli, Scienza\",\"Pausa Caff\u00e8\"],\"inLanguage\":\"fr-FR\"},{\"@type\":\"WebPage\",\"@id\":\"https:\\\/\\\/www.bellunopress.it\\\/2026\\\/03\\\/05\\\/la-parabola-del-parco-della-rimembranza-di-feltre\\\/\",\"url\":\"https:\\\/\\\/www.bellunopress.it\\\/2026\\\/03\\\/05\\\/la-parabola-del-parco-della-rimembranza-di-feltre\\\/\",\"name\":\"La parabola del Parco della Rimembranza di Feltre - Bellunopress - Dolomiti\",\"isPartOf\":{\"@id\":\"https:\\\/\\\/www.bellunopress.it\\\/#website\"},\"primaryImageOfPage\":{\"@id\":\"https:\\\/\\\/www.bellunopress.it\\\/2026\\\/03\\\/05\\\/la-parabola-del-parco-della-rimembranza-di-feltre\\\/#primaryimage\"},\"image\":{\"@id\":\"https:\\\/\\\/www.bellunopress.it\\\/2026\\\/03\\\/05\\\/la-parabola-del-parco-della-rimembranza-di-feltre\\\/#primaryimage\"},\"thumbnailUrl\":\"https:\\\/\\\/www.bellunopress.it\\\/wp-content\\\/uploads\\\/2026\\\/03\\\/Parco-della-Rimembranza-Feltre.jpg\",\"datePublished\":\"2026-03-05T12:37:37+00:00\",\"breadcrumb\":{\"@id\":\"https:\\\/\\\/www.bellunopress.it\\\/2026\\\/03\\\/05\\\/la-parabola-del-parco-della-rimembranza-di-feltre\\\/#breadcrumb\"},\"inLanguage\":\"fr-FR\",\"potentialAction\":[{\"@type\":\"ReadAction\",\"target\":[\"https:\\\/\\\/www.bellunopress.it\\\/2026\\\/03\\\/05\\\/la-parabola-del-parco-della-rimembranza-di-feltre\\\/\"]}]},{\"@type\":\"ImageObject\",\"inLanguage\":\"fr-FR\",\"@id\":\"https:\\\/\\\/www.bellunopress.it\\\/2026\\\/03\\\/05\\\/la-parabola-del-parco-della-rimembranza-di-feltre\\\/#primaryimage\",\"url\":\"https:\\\/\\\/www.bellunopress.it\\\/wp-content\\\/uploads\\\/2026\\\/03\\\/Parco-della-Rimembranza-Feltre.jpg\",\"contentUrl\":\"https:\\\/\\\/www.bellunopress.it\\\/wp-content\\\/uploads\\\/2026\\\/03\\\/Parco-della-Rimembranza-Feltre.jpg\",\"width\":700,\"height\":260},{\"@type\":\"BreadcrumbList\",\"@id\":\"https:\\\/\\\/www.bellunopress.it\\\/2026\\\/03\\\/05\\\/la-parabola-del-parco-della-rimembranza-di-feltre\\\/#breadcrumb\",\"itemListElement\":[{\"@type\":\"ListItem\",\"position\":1,\"name\":\"Home\",\"item\":\"https:\\\/\\\/www.bellunopress.it\\\/\"},{\"@type\":\"ListItem\",\"position\":2,\"name\":\"La parabola del Parco della Rimembranza di Feltre\"}]},{\"@type\":\"WebSite\",\"@id\":\"https:\\\/\\\/www.bellunopress.it\\\/#website\",\"url\":\"https:\\\/\\\/www.bellunopress.it\\\/\",\"name\":\"Bellunopress - Dolomiti\",\"description\":\"e-mail: redazione@bellunopress.it\",\"publisher\":{\"@id\":\"https:\\\/\\\/www.bellunopress.it\\\/#organization\"},\"potentialAction\":[{\"@type\":\"SearchAction\",\"target\":{\"@type\":\"EntryPoint\",\"urlTemplate\":\"https:\\\/\\\/www.bellunopress.it\\\/?s={search_term_string}\"},\"query-input\":{\"@type\":\"PropertyValueSpecification\",\"valueRequired\":true,\"valueName\":\"search_term_string\"}}],\"inLanguage\":\"fr-FR\"},{\"@type\":\"Organization\",\"@id\":\"https:\\\/\\\/www.bellunopress.it\\\/#organization\",\"name\":\"Bellunopress\",\"url\":\"https:\\\/\\\/www.bellunopress.it\\\/\",\"logo\":{\"@type\":\"ImageObject\",\"inLanguage\":\"fr-FR\",\"@id\":\"https:\\\/\\\/www.bellunopress.it\\\/#\\\/schema\\\/logo\\\/image\\\/\",\"url\":\"https:\\\/\\\/www.bellunopress.it\\\/wp-content\\\/uploads\\\/2011\\\/05\\\/cropped-logo-bellunopress-.jpg\",\"contentUrl\":\"https:\\\/\\\/www.bellunopress.it\\\/wp-content\\\/uploads\\\/2011\\\/05\\\/cropped-logo-bellunopress-.jpg\",\"width\":512,\"height\":512,\"caption\":\"Bellunopress\"},\"image\":{\"@id\":\"https:\\\/\\\/www.bellunopress.it\\\/#\\\/schema\\\/logo\\\/image\\\/\"},\"sameAs\":[\"https:\\\/\\\/www.facebook.com\\\/profile.php?id=100008943462799\",\"https:\\\/\\\/x.com\\\/bellunopress\",\"https:\\\/\\\/www.linkedin.com\\\/hp\\\/?dnr=JBzUWaJfMUw8vbXJJ2tVW5-I3jZKvC4wsoxE&amp;amp;amp;amp;amp;amp;trk=nav_responsive_tab_home\",\"https:\\\/\\\/www.youtube.com\\\/channel\\\/UCxL0wu1uN0_3_7hGG0306cw\"]},{\"@type\":\"Person\",\"@id\":\"https:\\\/\\\/www.bellunopress.it\\\/#\\\/schema\\\/person\\\/79bb06722b37ece1c03d3e94beb30d73\",\"name\":\"redazione\",\"image\":{\"@type\":\"ImageObject\",\"inLanguage\":\"fr-FR\",\"@id\":\"https:\\\/\\\/secure.gravatar.com\\\/avatar\\\/37d968a2e67a6fd04c169c4bdef102d0bc5d31b2546345219e348575eb80e9a0?s=96&d=mm&r=g\",\"url\":\"https:\\\/\\\/secure.gravatar.com\\\/avatar\\\/37d968a2e67a6fd04c169c4bdef102d0bc5d31b2546345219e348575eb80e9a0?s=96&d=mm&r=g\",\"contentUrl\":\"https:\\\/\\\/secure.gravatar.com\\\/avatar\\\/37d968a2e67a6fd04c169c4bdef102d0bc5d31b2546345219e348575eb80e9a0?s=96&d=mm&r=g\",\"caption\":\"redazione\"},\"sameAs\":[\"http:\\\/\\\/www.bellunopress.it\",\"https:\\\/\\\/x.com\\\/bellunopress\"],\"url\":\"https:\\\/\\\/www.bellunopress.it\\\/fr\\\/author\\\/redazione\\\/\"}]}<\/script>\n<!-- \/ Yoast SEO plugin. -->","yoast_head_json":{"title":"La parabola del Parco della Rimembranza di Feltre - Bellunopress - Dolomiti","robots":{"index":"index","follow":"follow","max-snippet":"max-snippet:-1","max-image-preview":"max-image-preview:large","max-video-preview":"max-video-preview:-1"},"canonical":"https:\/\/www.bellunopress.it\/fr\/2026\/03\/05\/la-parabola-del-parco-della-rimembranza-di-feltre\/","og_locale":"fr_FR","og_type":"article","og_title":"La parabola del Parco della Rimembranza di Feltre - Bellunopress - Dolomiti","og_description":"Nato dalla riforma Lupi del 1922 per onorare i caduti della Grande Guerra, il parco feltrino ha attraversato un secolo di storia, dalla trasformazione del seicentesco convento di clausura fino alla recente ferita della tempesta Vaia Feltre \u2013 C\u2019\u00e8 un filo sottile che lega il silenzio della clausura seicentesca al fragore della Prima Guerra Mondiale, [&hellip;]","og_url":"https:\/\/www.bellunopress.it\/fr\/2026\/03\/05\/la-parabola-del-parco-della-rimembranza-di-feltre\/","og_site_name":"Bellunopress - Dolomiti","article_publisher":"https:\/\/www.facebook.com\/profile.php?id=100008943462799","article_published_time":"2026-03-05T12:37:37+00:00","og_image":[{"width":700,"height":260,"url":"https:\/\/www.bellunopress.it\/wp-content\/uploads\/2026\/03\/Parco-della-Rimembranza-Feltre.jpg","type":"image\/jpeg"}],"author":"redazione","twitter_card":"summary_large_image","twitter_creator":"@bellunopress","twitter_site":"@bellunopress","twitter_misc":{"\u00c9crit par":"redazione","Dur\u00e9e de lecture estim\u00e9e":"5 minutes"},"schema":{"@context":"https:\/\/schema.org","@graph":[{"@type":"Article","@id":"https:\/\/www.bellunopress.it\/2026\/03\/05\/la-parabola-del-parco-della-rimembranza-di-feltre\/#article","isPartOf":{"@id":"https:\/\/www.bellunopress.it\/2026\/03\/05\/la-parabola-del-parco-della-rimembranza-di-feltre\/"},"author":{"name":"redazione","@id":"https:\/\/www.bellunopress.it\/#\/schema\/person\/79bb06722b37ece1c03d3e94beb30d73"},"headline":"La parabola del Parco della Rimembranza di Feltre","datePublished":"2026-03-05T12:37:37+00:00","mainEntityOfPage":{"@id":"https:\/\/www.bellunopress.it\/2026\/03\/05\/la-parabola-del-parco-della-rimembranza-di-feltre\/"},"wordCount":994,"publisher":{"@id":"https:\/\/www.bellunopress.it\/#organization"},"image":{"@id":"https:\/\/www.bellunopress.it\/2026\/03\/05\/la-parabola-del-parco-della-rimembranza-di-feltre\/#primaryimage"},"thumbnailUrl":"https:\/\/www.bellunopress.it\/wp-content\/uploads\/2026\/03\/Parco-della-Rimembranza-Feltre.jpg","articleSection":["Arte, Cultura, Spettacoli, Scienza","Pausa Caff\u00e8"],"inLanguage":"fr-FR"},{"@type":"WebPage","@id":"https:\/\/www.bellunopress.it\/2026\/03\/05\/la-parabola-del-parco-della-rimembranza-di-feltre\/","url":"https:\/\/www.bellunopress.it\/2026\/03\/05\/la-parabola-del-parco-della-rimembranza-di-feltre\/","name":"La parabola del Parco della Rimembranza di Feltre - Bellunopress - Dolomiti","isPartOf":{"@id":"https:\/\/www.bellunopress.it\/#website"},"primaryImageOfPage":{"@id":"https:\/\/www.bellunopress.it\/2026\/03\/05\/la-parabola-del-parco-della-rimembranza-di-feltre\/#primaryimage"},"image":{"@id":"https:\/\/www.bellunopress.it\/2026\/03\/05\/la-parabola-del-parco-della-rimembranza-di-feltre\/#primaryimage"},"thumbnailUrl":"https:\/\/www.bellunopress.it\/wp-content\/uploads\/2026\/03\/Parco-della-Rimembranza-Feltre.jpg","datePublished":"2026-03-05T12:37:37+00:00","breadcrumb":{"@id":"https:\/\/www.bellunopress.it\/2026\/03\/05\/la-parabola-del-parco-della-rimembranza-di-feltre\/#breadcrumb"},"inLanguage":"fr-FR","potentialAction":[{"@type":"ReadAction","target":["https:\/\/www.bellunopress.it\/2026\/03\/05\/la-parabola-del-parco-della-rimembranza-di-feltre\/"]}]},{"@type":"ImageObject","inLanguage":"fr-FR","@id":"https:\/\/www.bellunopress.it\/2026\/03\/05\/la-parabola-del-parco-della-rimembranza-di-feltre\/#primaryimage","url":"https:\/\/www.bellunopress.it\/wp-content\/uploads\/2026\/03\/Parco-della-Rimembranza-Feltre.jpg","contentUrl":"https:\/\/www.bellunopress.it\/wp-content\/uploads\/2026\/03\/Parco-della-Rimembranza-Feltre.jpg","width":700,"height":260},{"@type":"BreadcrumbList","@id":"https:\/\/www.bellunopress.it\/2026\/03\/05\/la-parabola-del-parco-della-rimembranza-di-feltre\/#breadcrumb","itemListElement":[{"@type":"ListItem","position":1,"name":"Home","item":"https:\/\/www.bellunopress.it\/"},{"@type":"ListItem","position":2,"name":"La parabola del Parco della Rimembranza di Feltre"}]},{"@type":"WebSite","@id":"https:\/\/www.bellunopress.it\/#website","url":"https:\/\/www.bellunopress.it\/","name":"Bellunopress - Dolomiti","description":"e-mail: redazione@bellunopress.it","publisher":{"@id":"https:\/\/www.bellunopress.it\/#organization"},"potentialAction":[{"@type":"SearchAction","target":{"@type":"EntryPoint","urlTemplate":"https:\/\/www.bellunopress.it\/?s={search_term_string}"},"query-input":{"@type":"PropertyValueSpecification","valueRequired":true,"valueName":"search_term_string"}}],"inLanguage":"fr-FR"},{"@type":"Organization","@id":"https:\/\/www.bellunopress.it\/#organization","name":"Bellunopress","url":"https:\/\/www.bellunopress.it\/","logo":{"@type":"ImageObject","inLanguage":"fr-FR","@id":"https:\/\/www.bellunopress.it\/#\/schema\/logo\/image\/","url":"https:\/\/www.bellunopress.it\/wp-content\/uploads\/2011\/05\/cropped-logo-bellunopress-.jpg","contentUrl":"https:\/\/www.bellunopress.it\/wp-content\/uploads\/2011\/05\/cropped-logo-bellunopress-.jpg","width":512,"height":512,"caption":"Bellunopress"},"image":{"@id":"https:\/\/www.bellunopress.it\/#\/schema\/logo\/image\/"},"sameAs":["https:\/\/www.facebook.com\/profile.php?id=100008943462799","https:\/\/x.com\/bellunopress","https:\/\/www.linkedin.com\/hp\/?dnr=JBzUWaJfMUw8vbXJJ2tVW5-I3jZKvC4wsoxE&amp;amp;amp;amp;amp;amp;trk=nav_responsive_tab_home","https:\/\/www.youtube.com\/channel\/UCxL0wu1uN0_3_7hGG0306cw"]},{"@type":"Person","@id":"https:\/\/www.bellunopress.it\/#\/schema\/person\/79bb06722b37ece1c03d3e94beb30d73","name":"r\u00e9daction","image":{"@type":"ImageObject","inLanguage":"fr-FR","@id":"https:\/\/secure.gravatar.com\/avatar\/37d968a2e67a6fd04c169c4bdef102d0bc5d31b2546345219e348575eb80e9a0?s=96&d=mm&r=g","url":"https:\/\/secure.gravatar.com\/avatar\/37d968a2e67a6fd04c169c4bdef102d0bc5d31b2546345219e348575eb80e9a0?s=96&d=mm&r=g","contentUrl":"https:\/\/secure.gravatar.com\/avatar\/37d968a2e67a6fd04c169c4bdef102d0bc5d31b2546345219e348575eb80e9a0?s=96&d=mm&r=g","caption":"redazione"},"sameAs":["http:\/\/www.bellunopress.it","https:\/\/x.com\/bellunopress"],"url":"https:\/\/www.bellunopress.it\/fr\/author\/redazione\/"}]}},"_links":{"self":[{"href":"https:\/\/www.bellunopress.it\/fr\/wp-json\/wp\/v2\/posts\/167923","targetHints":{"allow":["GET"]}}],"collection":[{"href":"https:\/\/www.bellunopress.it\/fr\/wp-json\/wp\/v2\/posts"}],"about":[{"href":"https:\/\/www.bellunopress.it\/fr\/wp-json\/wp\/v2\/types\/post"}],"author":[{"embeddable":true,"href":"https:\/\/www.bellunopress.it\/fr\/wp-json\/wp\/v2\/users\/2"}],"replies":[{"embeddable":true,"href":"https:\/\/www.bellunopress.it\/fr\/wp-json\/wp\/v2\/comments?post=167923"}],"version-history":[{"count":1,"href":"https:\/\/www.bellunopress.it\/fr\/wp-json\/wp\/v2\/posts\/167923\/revisions"}],"predecessor-version":[{"id":167926,"href":"https:\/\/www.bellunopress.it\/fr\/wp-json\/wp\/v2\/posts\/167923\/revisions\/167926"}],"wp:featuredmedia":[{"embeddable":true,"href":"https:\/\/www.bellunopress.it\/fr\/wp-json\/wp\/v2\/media\/167925"}],"wp:attachment":[{"href":"https:\/\/www.bellunopress.it\/fr\/wp-json\/wp\/v2\/media?parent=167923"}],"wp:term":[{"taxonomy":"category","embeddable":true,"href":"https:\/\/www.bellunopress.it\/fr\/wp-json\/wp\/v2\/categories?post=167923"},{"taxonomy":"post_tag","embeddable":true,"href":"https:\/\/www.bellunopress.it\/fr\/wp-json\/wp\/v2\/tags?post=167923"}],"curies":[{"name":"wp","href":"https:\/\/api.w.org\/{rel}","templated":true}]}}