{"id":167880,"date":"2026-03-08T14:39:25","date_gmt":"2026-03-08T13:39:25","guid":{"rendered":"https:\/\/www.bellunopress.it\/?p=167880"},"modified":"2026-03-04T14:45:09","modified_gmt":"2026-03-04T13:45:09","slug":"167880","status":"publish","type":"post","link":"https:\/\/www.bellunopress.it\/fr\/2026\/03\/08\/167880\/","title":{"rendered":"Il Feltrino si svela a piedi: Flavio Faoro presenta la sua nuova guida gioved\u00ec alla Sala Bianchi di Belluno"},"content":{"rendered":"<hr data-path-to-node=\"1\" \/>\n<p data-path-to-node=\"3\">Belluno, 8 marzo 2026 \u2013 Dopo il grande successo di &#8220;Passeggiate in Val Belluna&#8221;, lo scrittore Flavio Faoro torna a raccontare le bellezze del territorio bellunese con un nuovo volume dedicato al cuore artistico e paesaggistico della zona occidentale della provincia.<\/p>\n<p data-path-to-node=\"4\">Gioved\u00ec 12 marzo 2026, alle ore 18:00, la Sala Bianchi di Belluno (Viale Fantuzzi 11) ospiter\u00e0 la presentazione ufficiale di <i data-path-to-node=\"4\" data-index-in-node=\"125\">&#8220;Passeggiate nel Feltrino. Alla scoperta di chiese, ville e paesi&#8221;<\/i>, edito da Ediciclo Editore. L&#8217;evento, organizzato da FIAB Belluno APS, vedr\u00e0 la partecipazione del professor Giorgio Reolon, autore della prefazione, che introdurr\u00e0 la serata dialogando con l&#8217;autore.<\/p>\n<p data-path-to-node=\"6\">La guida si configura come il naturale proseguimento del precedente lavoro di Faoro. Se due anni fa l&#8217;attenzione era rivolta alle cento chiesette della Val Belluna, questa nuova opera sposta l&#8217;obiettivo sul Feltrino, una terra di confine e di passaggio tra le vette dolomitiche e la laguna veneziana.<\/p>\n<p data-path-to-node=\"7\">Il libro propone 21 itinerari ad anello che attraversano i comuni di:<\/p>\n<ul data-path-to-node=\"8\">\n<li>\n<p data-path-to-node=\"8,0,0\">Feltre e Pedavena<\/p>\n<\/li>\n<li>\n<p data-path-to-node=\"8,1,0\">Fonzaso, Sovramonte e Lamon<\/p>\n<\/li>\n<li>\n<p data-path-to-node=\"8,2,0\">Arsi\u00e9, Seren del Grappa e Quero<\/p>\n<\/li>\n<\/ul>\n<p data-path-to-node=\"10\">Non si tratta di semplici escursioni, ma di vere e proprie &#8220;passeggiate intelligenti&#8221;, come le definisce lo stesso autore. L&#8217;obiettivo \u00e8 unire l&#8217;attivit\u00e0 fisica alla scoperta del patrimonio culturale: ville venete, affreschi nascosti, antichi borghi rurali e tracce di vecchie vie commerciali o militari.<\/p>\n<table data-path-to-node=\"11\">\n<thead>\n<tr>\n<td>Caratteristiche dei percorsi<\/td>\n<td>Dettagli<\/td>\n<\/tr>\n<\/thead>\n<tbody>\n<tr>\n<td>Tipologia<\/td>\n<td>Percorsi ad anello su strade a basso traffico e sentieri facili<\/td>\n<\/tr>\n<tr>\n<td>Lunghezza<\/td>\n<td>Dai 4 ai 10 km<\/td>\n<\/tr>\n<tr>\n<td>Impegno fisico<\/td>\n<td>Moderato (dislivello solitamente inferiore ai 400 metri)<\/td>\n<\/tr>\n<tr>\n<td>Supporti tecnici<\/td>\n<td>94 box di approfondimento e cartine dettagliate per ogni uscita<\/td>\n<\/tr>\n<\/tbody>\n<\/table>\n<p data-path-to-node=\"13\">L&#8217;organizzazione dell&#8217;evento da parte di FIAB Belluno APS non \u00e8 casuale. L&#8217;associazione, nota per la promozione della mobilit\u00e0 ciclistica, ha consolidato negli ultimi quattro anni un fortunato programma di camminate invernali settimanali.<\/p>\n<p data-path-to-node=\"14\"><i data-path-to-node=\"14\" data-index-in-node=\"0\">&#8220;Questa seconda guida di Flavio Faoro \u00e8 una vera miniera per chi vuole scoprire le Terre Bellunesi e Feltrine&#8221;<\/i>, fanno sapere dall&#8217;associazione, sottolineando come il volume sia uno strumento prezioso per valorizzare un turismo lento, consapevole e accessibile a chiunque abbia voglia di mettersi in cammino.<\/p>\n<p data-path-to-node=\"16\">L&#8217;ingresso alla presentazione \u00e8 libero e aperto a tutta la cittadinanza.<\/p>","protected":false},"excerpt":{"rendered":"<p>Belluno, 8 marzo 2026 \u2013 Dopo il grande successo di &#8220;Passeggiate in Val Belluna&#8221;, lo scrittore Flavio Faoro torna a raccontare le bellezze del territorio bellunese con un nuovo volume dedicato al cuore artistico e paesaggistico della zona occidentale della provincia. Gioved\u00ec 12 marzo 2026, alle ore 18:00, la Sala Bianchi di Belluno (Viale Fantuzzi [&hellip;]<\/p>\n","protected":false},"author":2,"featured_media":167881,"comment_status":"closed","ping_status":"open","sticky":false,"template":"","format":"standard","meta":{"footnotes":""},"categories":[27,3,25,4],"tags":[],"class_list":["post-167880","post","type-post","status-publish","format-standard","has-post-thumbnail","category-appuntamenti","category-arte-cultura-spettacoli-scienza-archivi","category-pausa-caffe","category-sport"],"yoast_head":"<!-- This site is optimized with the Yoast SEO plugin v28.4 - https:\/\/yoast.com\/product\/yoast-seo-wordpress\/ -->\n<title>Il Feltrino si svela a piedi: Flavio Faoro presenta la sua nuova guida gioved\u00ec alla Sala Bianchi di Belluno - Bellunopress - Dolomiti<\/title>\n<meta name=\"robots\" content=\"index, follow, max-snippet:-1, max-image-preview:large, max-video-preview:-1\" \/>\n<link rel=\"canonical\" href=\"https:\/\/www.bellunopress.it\/fr\/2026\/03\/08\/167880\/\" \/>\n<meta property=\"og:locale\" content=\"fr_FR\" \/>\n<meta property=\"og:type\" content=\"article\" \/>\n<meta property=\"og:title\" content=\"Il Feltrino si svela a piedi: Flavio Faoro presenta la sua nuova guida gioved\u00ec alla Sala Bianchi di Belluno - Bellunopress - Dolomiti\" \/>\n<meta property=\"og:description\" content=\"Belluno, 8 marzo 2026 \u2013 Dopo il grande successo di &#8220;Passeggiate in Val Belluna&#8221;, lo scrittore Flavio Faoro torna a raccontare le bellezze del territorio bellunese con un nuovo volume dedicato al cuore artistico e paesaggistico della zona occidentale della provincia. Gioved\u00ec 12 marzo 2026, alle ore 18:00, la Sala Bianchi di Belluno (Viale Fantuzzi [&hellip;]\" \/>\n<meta property=\"og:url\" content=\"https:\/\/www.bellunopress.it\/fr\/2026\/03\/08\/167880\/\" \/>\n<meta property=\"og:site_name\" content=\"Bellunopress - Dolomiti\" \/>\n<meta property=\"article:publisher\" content=\"https:\/\/www.facebook.com\/profile.php?id=100008943462799\" \/>\n<meta property=\"article:published_time\" content=\"2026-03-08T13:39:25+00:00\" \/>\n<meta property=\"og:image\" content=\"https:\/\/www.bellunopress.it\/wp-content\/uploads\/2026\/03\/Passeggiate-nel-feltrino-Flavio-Faoro.jpg\" \/>\n\t<meta property=\"og:image:width\" content=\"283\" \/>\n\t<meta property=\"og:image:height\" content=\"500\" \/>\n\t<meta property=\"og:image:type\" content=\"image\/jpeg\" \/>\n<meta name=\"author\" content=\"redazione\" \/>\n<meta name=\"twitter:card\" content=\"summary_large_image\" \/>\n<meta name=\"twitter:creator\" content=\"@bellunopress\" \/>\n<meta name=\"twitter:site\" content=\"@bellunopress\" \/>\n<meta name=\"twitter:label1\" content=\"\u00c9crit par\" \/>\n\t<meta name=\"twitter:data1\" content=\"redazione\" \/>\n\t<meta name=\"twitter:label2\" content=\"Dur\u00e9e de lecture estim\u00e9e\" \/>\n\t<meta name=\"twitter:data2\" content=\"2 minutes\" \/>\n<script type=\"application\/ld+json\" class=\"yoast-schema-graph\">{\"@context\":\"https:\\\/\\\/schema.org\",\"@graph\":[{\"@type\":\"Article\",\"@id\":\"https:\\\/\\\/www.bellunopress.it\\\/2026\\\/03\\\/08\\\/167880\\\/#article\",\"isPartOf\":{\"@id\":\"https:\\\/\\\/www.bellunopress.it\\\/2026\\\/03\\\/08\\\/167880\\\/\"},\"author\":{\"name\":\"redazione\",\"@id\":\"https:\\\/\\\/www.bellunopress.it\\\/#\\\/schema\\\/person\\\/79bb06722b37ece1c03d3e94beb30d73\"},\"headline\":\"Il Feltrino si svela a piedi: Flavio Faoro presenta la sua nuova guida gioved\u00ec alla Sala Bianchi di Belluno\",\"datePublished\":\"2026-03-08T13:39:25+00:00\",\"mainEntityOfPage\":{\"@id\":\"https:\\\/\\\/www.bellunopress.it\\\/2026\\\/03\\\/08\\\/167880\\\/\"},\"wordCount\":361,\"publisher\":{\"@id\":\"https:\\\/\\\/www.bellunopress.it\\\/#organization\"},\"image\":{\"@id\":\"https:\\\/\\\/www.bellunopress.it\\\/2026\\\/03\\\/08\\\/167880\\\/#primaryimage\"},\"thumbnailUrl\":\"https:\\\/\\\/www.bellunopress.it\\\/wp-content\\\/uploads\\\/2026\\\/03\\\/Passeggiate-nel-feltrino-Flavio-Faoro.jpg\",\"articleSection\":[\"Appuntamenti, Eventi\",\"Arte, Cultura, Spettacoli, Scienza\",\"Pausa Caff\u00e8\",\"Sport, tempo libero\"],\"inLanguage\":\"fr-FR\"},{\"@type\":\"WebPage\",\"@id\":\"https:\\\/\\\/www.bellunopress.it\\\/2026\\\/03\\\/08\\\/167880\\\/\",\"url\":\"https:\\\/\\\/www.bellunopress.it\\\/2026\\\/03\\\/08\\\/167880\\\/\",\"name\":\"Il Feltrino si svela a piedi: Flavio Faoro presenta la sua nuova guida gioved\u00ec alla Sala Bianchi di Belluno - Bellunopress - Dolomiti\",\"isPartOf\":{\"@id\":\"https:\\\/\\\/www.bellunopress.it\\\/#website\"},\"primaryImageOfPage\":{\"@id\":\"https:\\\/\\\/www.bellunopress.it\\\/2026\\\/03\\\/08\\\/167880\\\/#primaryimage\"},\"image\":{\"@id\":\"https:\\\/\\\/www.bellunopress.it\\\/2026\\\/03\\\/08\\\/167880\\\/#primaryimage\"},\"thumbnailUrl\":\"https:\\\/\\\/www.bellunopress.it\\\/wp-content\\\/uploads\\\/2026\\\/03\\\/Passeggiate-nel-feltrino-Flavio-Faoro.jpg\",\"datePublished\":\"2026-03-08T13:39:25+00:00\",\"breadcrumb\":{\"@id\":\"https:\\\/\\\/www.bellunopress.it\\\/2026\\\/03\\\/08\\\/167880\\\/#breadcrumb\"},\"inLanguage\":\"fr-FR\",\"potentialAction\":[{\"@type\":\"ReadAction\",\"target\":[\"https:\\\/\\\/www.bellunopress.it\\\/2026\\\/03\\\/08\\\/167880\\\/\"]}]},{\"@type\":\"ImageObject\",\"inLanguage\":\"fr-FR\",\"@id\":\"https:\\\/\\\/www.bellunopress.it\\\/2026\\\/03\\\/08\\\/167880\\\/#primaryimage\",\"url\":\"https:\\\/\\\/www.bellunopress.it\\\/wp-content\\\/uploads\\\/2026\\\/03\\\/Passeggiate-nel-feltrino-Flavio-Faoro.jpg\",\"contentUrl\":\"https:\\\/\\\/www.bellunopress.it\\\/wp-content\\\/uploads\\\/2026\\\/03\\\/Passeggiate-nel-feltrino-Flavio-Faoro.jpg\",\"width\":283,\"height\":500},{\"@type\":\"BreadcrumbList\",\"@id\":\"https:\\\/\\\/www.bellunopress.it\\\/2026\\\/03\\\/08\\\/167880\\\/#breadcrumb\",\"itemListElement\":[{\"@type\":\"ListItem\",\"position\":1,\"name\":\"Home\",\"item\":\"https:\\\/\\\/www.bellunopress.it\\\/\"},{\"@type\":\"ListItem\",\"position\":2,\"name\":\"Il Feltrino si svela a piedi: Flavio Faoro presenta la sua nuova guida gioved\u00ec alla Sala Bianchi di Belluno\"}]},{\"@type\":\"WebSite\",\"@id\":\"https:\\\/\\\/www.bellunopress.it\\\/#website\",\"url\":\"https:\\\/\\\/www.bellunopress.it\\\/\",\"name\":\"Bellunopress - Dolomiti\",\"description\":\"e-mail: redazione@bellunopress.it\",\"publisher\":{\"@id\":\"https:\\\/\\\/www.bellunopress.it\\\/#organization\"},\"potentialAction\":[{\"@type\":\"SearchAction\",\"target\":{\"@type\":\"EntryPoint\",\"urlTemplate\":\"https:\\\/\\\/www.bellunopress.it\\\/?s={search_term_string}\"},\"query-input\":{\"@type\":\"PropertyValueSpecification\",\"valueRequired\":true,\"valueName\":\"search_term_string\"}}],\"inLanguage\":\"fr-FR\"},{\"@type\":\"Organization\",\"@id\":\"https:\\\/\\\/www.bellunopress.it\\\/#organization\",\"name\":\"Bellunopress\",\"url\":\"https:\\\/\\\/www.bellunopress.it\\\/\",\"logo\":{\"@type\":\"ImageObject\",\"inLanguage\":\"fr-FR\",\"@id\":\"https:\\\/\\\/www.bellunopress.it\\\/#\\\/schema\\\/logo\\\/image\\\/\",\"url\":\"https:\\\/\\\/www.bellunopress.it\\\/wp-content\\\/uploads\\\/2011\\\/05\\\/cropped-logo-bellunopress-.jpg\",\"contentUrl\":\"https:\\\/\\\/www.bellunopress.it\\\/wp-content\\\/uploads\\\/2011\\\/05\\\/cropped-logo-bellunopress-.jpg\",\"width\":512,\"height\":512,\"caption\":\"Bellunopress\"},\"image\":{\"@id\":\"https:\\\/\\\/www.bellunopress.it\\\/#\\\/schema\\\/logo\\\/image\\\/\"},\"sameAs\":[\"https:\\\/\\\/www.facebook.com\\\/profile.php?id=100008943462799\",\"https:\\\/\\\/x.com\\\/bellunopress\",\"https:\\\/\\\/www.linkedin.com\\\/hp\\\/?dnr=JBzUWaJfMUw8vbXJJ2tVW5-I3jZKvC4wsoxE&amp;amp;amp;amp;amp;amp;trk=nav_responsive_tab_home\",\"https:\\\/\\\/www.youtube.com\\\/channel\\\/UCxL0wu1uN0_3_7hGG0306cw\"]},{\"@type\":\"Person\",\"@id\":\"https:\\\/\\\/www.bellunopress.it\\\/#\\\/schema\\\/person\\\/79bb06722b37ece1c03d3e94beb30d73\",\"name\":\"redazione\",\"image\":{\"@type\":\"ImageObject\",\"inLanguage\":\"fr-FR\",\"@id\":\"https:\\\/\\\/secure.gravatar.com\\\/avatar\\\/37d968a2e67a6fd04c169c4bdef102d0bc5d31b2546345219e348575eb80e9a0?s=96&d=mm&r=g\",\"url\":\"https:\\\/\\\/secure.gravatar.com\\\/avatar\\\/37d968a2e67a6fd04c169c4bdef102d0bc5d31b2546345219e348575eb80e9a0?s=96&d=mm&r=g\",\"contentUrl\":\"https:\\\/\\\/secure.gravatar.com\\\/avatar\\\/37d968a2e67a6fd04c169c4bdef102d0bc5d31b2546345219e348575eb80e9a0?s=96&d=mm&r=g\",\"caption\":\"redazione\"},\"sameAs\":[\"http:\\\/\\\/www.bellunopress.it\",\"https:\\\/\\\/x.com\\\/bellunopress\"],\"url\":\"https:\\\/\\\/www.bellunopress.it\\\/fr\\\/author\\\/redazione\\\/\"}]}<\/script>\n<!-- \/ Yoast SEO plugin. -->","yoast_head_json":{"title":"Il Feltrino si svela a piedi: Flavio Faoro presenta la sua nuova guida gioved\u00ec alla Sala Bianchi di Belluno - Bellunopress - Dolomiti","robots":{"index":"index","follow":"follow","max-snippet":"max-snippet:-1","max-image-preview":"max-image-preview:large","max-video-preview":"max-video-preview:-1"},"canonical":"https:\/\/www.bellunopress.it\/fr\/2026\/03\/08\/167880\/","og_locale":"fr_FR","og_type":"article","og_title":"Il Feltrino si svela a piedi: Flavio Faoro presenta la sua nuova guida gioved\u00ec alla Sala Bianchi di Belluno - Bellunopress - Dolomiti","og_description":"Belluno, 8 marzo 2026 \u2013 Dopo il grande successo di &#8220;Passeggiate in Val Belluna&#8221;, lo scrittore Flavio Faoro torna a raccontare le bellezze del territorio bellunese con un nuovo volume dedicato al cuore artistico e paesaggistico della zona occidentale della provincia. Gioved\u00ec 12 marzo 2026, alle ore 18:00, la Sala Bianchi di Belluno (Viale Fantuzzi [&hellip;]","og_url":"https:\/\/www.bellunopress.it\/fr\/2026\/03\/08\/167880\/","og_site_name":"Bellunopress - Dolomiti","article_publisher":"https:\/\/www.facebook.com\/profile.php?id=100008943462799","article_published_time":"2026-03-08T13:39:25+00:00","og_image":[{"width":283,"height":500,"url":"https:\/\/www.bellunopress.it\/wp-content\/uploads\/2026\/03\/Passeggiate-nel-feltrino-Flavio-Faoro.jpg","type":"image\/jpeg"}],"author":"redazione","twitter_card":"summary_large_image","twitter_creator":"@bellunopress","twitter_site":"@bellunopress","twitter_misc":{"\u00c9crit par":"redazione","Dur\u00e9e de lecture estim\u00e9e":"2 minutes"},"schema":{"@context":"https:\/\/schema.org","@graph":[{"@type":"Article","@id":"https:\/\/www.bellunopress.it\/2026\/03\/08\/167880\/#article","isPartOf":{"@id":"https:\/\/www.bellunopress.it\/2026\/03\/08\/167880\/"},"author":{"name":"redazione","@id":"https:\/\/www.bellunopress.it\/#\/schema\/person\/79bb06722b37ece1c03d3e94beb30d73"},"headline":"Il Feltrino si svela a piedi: Flavio Faoro presenta la sua nuova guida gioved\u00ec alla Sala Bianchi di Belluno","datePublished":"2026-03-08T13:39:25+00:00","mainEntityOfPage":{"@id":"https:\/\/www.bellunopress.it\/2026\/03\/08\/167880\/"},"wordCount":361,"publisher":{"@id":"https:\/\/www.bellunopress.it\/#organization"},"image":{"@id":"https:\/\/www.bellunopress.it\/2026\/03\/08\/167880\/#primaryimage"},"thumbnailUrl":"https:\/\/www.bellunopress.it\/wp-content\/uploads\/2026\/03\/Passeggiate-nel-feltrino-Flavio-Faoro.jpg","articleSection":["Appuntamenti, Eventi","Arte, Cultura, Spettacoli, Scienza","Pausa Caff\u00e8","Sport, tempo libero"],"inLanguage":"fr-FR"},{"@type":"WebPage","@id":"https:\/\/www.bellunopress.it\/2026\/03\/08\/167880\/","url":"https:\/\/www.bellunopress.it\/2026\/03\/08\/167880\/","name":"Il Feltrino si svela a piedi: Flavio Faoro presenta la sua nuova guida gioved\u00ec alla Sala Bianchi di Belluno - Bellunopress - Dolomiti","isPartOf":{"@id":"https:\/\/www.bellunopress.it\/#website"},"primaryImageOfPage":{"@id":"https:\/\/www.bellunopress.it\/2026\/03\/08\/167880\/#primaryimage"},"image":{"@id":"https:\/\/www.bellunopress.it\/2026\/03\/08\/167880\/#primaryimage"},"thumbnailUrl":"https:\/\/www.bellunopress.it\/wp-content\/uploads\/2026\/03\/Passeggiate-nel-feltrino-Flavio-Faoro.jpg","datePublished":"2026-03-08T13:39:25+00:00","breadcrumb":{"@id":"https:\/\/www.bellunopress.it\/2026\/03\/08\/167880\/#breadcrumb"},"inLanguage":"fr-FR","potentialAction":[{"@type":"ReadAction","target":["https:\/\/www.bellunopress.it\/2026\/03\/08\/167880\/"]}]},{"@type":"ImageObject","inLanguage":"fr-FR","@id":"https:\/\/www.bellunopress.it\/2026\/03\/08\/167880\/#primaryimage","url":"https:\/\/www.bellunopress.it\/wp-content\/uploads\/2026\/03\/Passeggiate-nel-feltrino-Flavio-Faoro.jpg","contentUrl":"https:\/\/www.bellunopress.it\/wp-content\/uploads\/2026\/03\/Passeggiate-nel-feltrino-Flavio-Faoro.jpg","width":283,"height":500},{"@type":"BreadcrumbList","@id":"https:\/\/www.bellunopress.it\/2026\/03\/08\/167880\/#breadcrumb","itemListElement":[{"@type":"ListItem","position":1,"name":"Home","item":"https:\/\/www.bellunopress.it\/"},{"@type":"ListItem","position":2,"name":"Il Feltrino si svela a piedi: Flavio Faoro presenta la sua nuova guida gioved\u00ec alla Sala Bianchi di Belluno"}]},{"@type":"WebSite","@id":"https:\/\/www.bellunopress.it\/#website","url":"https:\/\/www.bellunopress.it\/","name":"Bellunopress - Dolomiti","description":"e-mail: redazione@bellunopress.it","publisher":{"@id":"https:\/\/www.bellunopress.it\/#organization"},"potentialAction":[{"@type":"SearchAction","target":{"@type":"EntryPoint","urlTemplate":"https:\/\/www.bellunopress.it\/?s={search_term_string}"},"query-input":{"@type":"PropertyValueSpecification","valueRequired":true,"valueName":"search_term_string"}}],"inLanguage":"fr-FR"},{"@type":"Organization","@id":"https:\/\/www.bellunopress.it\/#organization","name":"Bellunopress","url":"https:\/\/www.bellunopress.it\/","logo":{"@type":"ImageObject","inLanguage":"fr-FR","@id":"https:\/\/www.bellunopress.it\/#\/schema\/logo\/image\/","url":"https:\/\/www.bellunopress.it\/wp-content\/uploads\/2011\/05\/cropped-logo-bellunopress-.jpg","contentUrl":"https:\/\/www.bellunopress.it\/wp-content\/uploads\/2011\/05\/cropped-logo-bellunopress-.jpg","width":512,"height":512,"caption":"Bellunopress"},"image":{"@id":"https:\/\/www.bellunopress.it\/#\/schema\/logo\/image\/"},"sameAs":["https:\/\/www.facebook.com\/profile.php?id=100008943462799","https:\/\/x.com\/bellunopress","https:\/\/www.linkedin.com\/hp\/?dnr=JBzUWaJfMUw8vbXJJ2tVW5-I3jZKvC4wsoxE&amp;amp;amp;amp;amp;amp;trk=nav_responsive_tab_home","https:\/\/www.youtube.com\/channel\/UCxL0wu1uN0_3_7hGG0306cw"]},{"@type":"Person","@id":"https:\/\/www.bellunopress.it\/#\/schema\/person\/79bb06722b37ece1c03d3e94beb30d73","name":"r\u00e9daction","image":{"@type":"ImageObject","inLanguage":"fr-FR","@id":"https:\/\/secure.gravatar.com\/avatar\/37d968a2e67a6fd04c169c4bdef102d0bc5d31b2546345219e348575eb80e9a0?s=96&d=mm&r=g","url":"https:\/\/secure.gravatar.com\/avatar\/37d968a2e67a6fd04c169c4bdef102d0bc5d31b2546345219e348575eb80e9a0?s=96&d=mm&r=g","contentUrl":"https:\/\/secure.gravatar.com\/avatar\/37d968a2e67a6fd04c169c4bdef102d0bc5d31b2546345219e348575eb80e9a0?s=96&d=mm&r=g","caption":"redazione"},"sameAs":["http:\/\/www.bellunopress.it","https:\/\/x.com\/bellunopress"],"url":"https:\/\/www.bellunopress.it\/fr\/author\/redazione\/"}]}},"_links":{"self":[{"href":"https:\/\/www.bellunopress.it\/fr\/wp-json\/wp\/v2\/posts\/167880","targetHints":{"allow":["GET"]}}],"collection":[{"href":"https:\/\/www.bellunopress.it\/fr\/wp-json\/wp\/v2\/posts"}],"about":[{"href":"https:\/\/www.bellunopress.it\/fr\/wp-json\/wp\/v2\/types\/post"}],"author":[{"embeddable":true,"href":"https:\/\/www.bellunopress.it\/fr\/wp-json\/wp\/v2\/users\/2"}],"replies":[{"embeddable":true,"href":"https:\/\/www.bellunopress.it\/fr\/wp-json\/wp\/v2\/comments?post=167880"}],"version-history":[{"count":2,"href":"https:\/\/www.bellunopress.it\/fr\/wp-json\/wp\/v2\/posts\/167880\/revisions"}],"predecessor-version":[{"id":167883,"href":"https:\/\/www.bellunopress.it\/fr\/wp-json\/wp\/v2\/posts\/167880\/revisions\/167883"}],"wp:featuredmedia":[{"embeddable":true,"href":"https:\/\/www.bellunopress.it\/fr\/wp-json\/wp\/v2\/media\/167881"}],"wp:attachment":[{"href":"https:\/\/www.bellunopress.it\/fr\/wp-json\/wp\/v2\/media?parent=167880"}],"wp:term":[{"taxonomy":"category","embeddable":true,"href":"https:\/\/www.bellunopress.it\/fr\/wp-json\/wp\/v2\/categories?post=167880"},{"taxonomy":"post_tag","embeddable":true,"href":"https:\/\/www.bellunopress.it\/fr\/wp-json\/wp\/v2\/tags?post=167880"}],"curies":[{"name":"wp","href":"https:\/\/api.w.org\/{rel}","templated":true}]}}