{"id":167872,"date":"2026-03-04T07:41:04","date_gmt":"2026-03-04T06:41:04","guid":{"rendered":"https:\/\/www.bellunopress.it\/?p=167872"},"modified":"2026-03-04T07:41:04","modified_gmt":"2026-03-04T06:41:04","slug":"autonomia-non-lep-a-saldo-zero-la-pre-intesa-governo-regione-veneto-e-unoperazione-cosmetica","status":"publish","type":"post","link":"https:\/\/www.bellunopress.it\/fr\/2026\/03\/04\/autonomia-non-lep-a-saldo-zero-la-pre-intesa-governo-regione-veneto-e-unoperazione-cosmetica\/","title":{"rendered":"Autonomia &#8220;Non Lep&#8221; a saldo zero: la pre-intesa Governo-Regione Veneto \u00e8 un&#8217;operazione cosmetica"},"content":{"rendered":"<p>La pre-intesa tra la Regione del Veneto ed il Governo della Repubblica su alcune materie &#8220;non Lep&#8221;, approvata dal Consiglio dei Ministri in data 18 febbraio 2026, \u00e8, gi\u00e0 per struttura, un\u2019illusione semantica: promette \u201cmaterie\u201d, ma consegna (quando va bene) micro-funzioni puntuali, circondate da condizioni, controlli e clausole di salvaguardia.<\/p>\n<p>Lo dice la stessa architettura del testo, che circoscrive l\u2019oggetto a tre ambiti: 1) &#8220;protezione civile&#8221;, 2) &#8220;professioni&#8221;, 3) \u201cprevidenza complementare e integrativa\u201d, pur ricordando che nel 2024 il Veneto aveva chiesto ben nove materie non-LEP (giustizia di pace, commercio estero, finanza pubblica e tributi, rapporti UE, credito ecc.). E lo impone, a monte, il \u201cnuovo\u201d diritto vivente post-2001: la Corte costituzionale, con la sentenza n. 192\/2024, ha chiarito che l\u2019art. 116, comma 3, della Costituzione vigente non pu\u00f2 trasformarsi in un trasferimento \u201cpieno\u201d di materie, dovendo riguardare specifiche funzioni.<\/p>\n<p>In altre parole: l\u2019autonomia non-LEP, nel 2026, nasce gi\u00e0 \u201ccontenuta\u201d e la pre-intesa \u00e8 spesso la traduzione giuridica di un messaggio politico (\u201cabbiamo firmato\u201d) pi\u00f9 che di un effettivo spostamento di potere. Primo esempio: protezione civile, cio\u00e8 la materia che, paradossalmente, le Regioni gi\u00e0 esercitano in modo robusto dopo la riscrittura del Titolo V nel 2001. Il Codice della protezione civile (d.lgs. n. 1\/2018) qualifica la disciplina codicistica come principi fondamentali della materia concorrente e riconosce alle Regioni un ruolo centrale nella gestione delle emergenze \u201cdi rilievo regionale\u201d (art. 7, lett. b), con provvedimenti regionali e oneri regionali. La pre-intesa 2026, per\u00f2, spaccia per \u201cnuova autonomia\u201d ci\u00f2 che spesso \u00e8 gi\u00e0 fisiologico e aggiunge un potere simbolicamente forte ma giuridicamente subordinato: le ordinanze regionali \u201cin deroga\u201d alla disciplina statale, che richiedono (a) previa autorizzazione del Governo oppure (b) in \u201cestrema urgenza\u201d l\u2019efficacia \u00e8 appesa alla approvazione del Consiglio dei Ministri entro 8 giorni, altrimenti cessano. Dov\u2019\u00e8 l\u2019autonomia, se la deroga, cio\u00e8 l\u2019unica vera leva straordinaria, resta condizionata dal centro? La stessa pre-intesa precisa che, se la deroga incide su prestazioni attinenti a diritti civili e sociali, resta ferma la necessit\u00e0 della previa determinazione dei LEP.<\/p>\n<p>Ecco l\u2019effetto concreto: immaginiamo un\u2019alluvione (che speriamo ovviamente non si verifichi) nel Polesine con necessit\u00e0 di procedure rapide su appalti, personale, logistica. La Regione potr\u00e0 anche \u201cordinare\u201d, ma la deroga, cio\u00e8 l\u2019unico strumento realmente differenziante, o la chiede prima al Governo o la esercita col fiato sospeso, aspettando la convalida del Consiglio dei Ministri. L\u2019autonomia diventa, allora, autorizzazione: un potere \u201cregionale\u201d che vive di un timbro statale.<\/p>\n<p>Secondo esempio: le professioni, ovvero il terreno su cui il bluff \u00e8 quasi \u201cstrutturale\u201d, perch\u00e9 dopo il 2001 la Corte ha costruito una linea rigidissima: nella materia concorrente \u201cprofessioni\u201d, in ragione del criterio di uniformit\u00e0 le Regioni non possono istituire nuove figure professionali con profili, titoli abilitanti e (soprattutto) registri\/albi a funzione costitutiva. L\u2019individuazione delle figure e dei relativi tratti genetici \u00e8 riservata allo Stato, per esigenze unitarie e di coerenza anche con il mercato interno e la concorrenza. \u00c8 un principio ripetuto in modo martellante (tra le altre) da sentenze n. 93\/2008, n. 98\/2013 e n. 127\/2023, che colpiscono proprio l\u2019\u201cindice sintomatico\u201d dell\u2019autonomia apparente, ossia l\u2019istituzione di elenchi\/registri regionali che finiscono per creare la professione.<\/p>\n<p>Anche il d.lgs. n. 30\/2006, ricognitivo dei principi fondamentali, \u00e8 chiarissimo: la potest\u00e0 legislativa regionale si esercita sulle professioni individuate e definite dalla normativa statale. Ora, la pre-intesa 2026 \u201csuona\u201d come trasferimento incisivo (si parla di disciplina regionale delle professioni di rilievo regionale, registri, percorsi, ecc.), ma l\u2019ordinamento vivente dice che quel campo \u00e8 minato. Infatti, aolena la Regione prova a trasformare una \u201cattivit\u00e0\u201d in \u201cprofessione\u201d (con requisiti, titoli, registri \u201cabilitanti\u201d), entra in rotta di collisione con l\u2019art. 117, comma 3, come interpretato secondo i criteri della Corte che fungono da &#8220;ipoteca&#8221; sulle materie conferibili alle Regioni. Pertanto, l&#8217;unica autonomia realistamente residua \u00e8 quella che il Veneto aveva gi\u00e0 (e che gi\u00e0 esercita): formazione, promozione, standard di qualit\u00e0 non discriminatori, supporto alle professioni non organizzate, regolazione di aspetti amministrativi collegati alla realt\u00e0 territoriale senza creare barriere o \u201cpatenti venete\u201d.<\/p>\n<p>Terzo esempio: la previdenza complementare e integrativa. Anche qui l\u2019autonomia promessa \u00e8 largamente compatibile con poteri gi\u00e0 disponibili e comunque schiacciata su una normativa nazionale fittissima (d.lgs. n. 252\/2005) e su una vigilanza unitaria (COVIP, regole sugli investimenti, trasparenza, fiscalit\u00e0), che una pre-intesa regionale non pu\u00f2 scalfire. La Regione pu\u00f2 certamente promuovere l\u2019adesione, fare campagne, costruire strumenti organizzativi per categorie del territorio, razionalizzare rapporti con enti e parti sociali, ma non pu\u00f2 trasformare davvero l\u2019equilibrio previdenziale senza leve che restano statali (incentivi fiscali, struttura delle prestazioni, cornice dei fondi, regole prudenziali).<\/p>\n<p>Il paradosso \u201ca saldo zero\u201d \u00e8 che la pre-intesa rivendica autonomia mentre, per definizione, si muove dentro una gabbia nazionale: si ottiene, al pi\u00f9, una regia regionale su un film scritto altrove. E se l\u2019autonomia non porta risorse aggiuntive e capacit\u00e0 normativa piena, l\u2019effetto pratico \u00e8 spesso un re-branding: pi\u00f9 adempimenti e pi\u00f9 retorica, non pi\u00f9 diritti o migliori prestazioni. La conclusione \u00e8 semplice: la pre-intesa Veneto 2026 sulle materie non-LEP \u00e8 un bluff, perch\u00e9 la sostanza del potere resta in larghissima parte dove era gi\u00e0 dopo la riforma del 2001 e dopo la giurisprudenza costituzionale che ha \u201criscritto\u201d le materie in senso accentrante. E, quando sembra aprirsi uno spiraglio vero (la deroga in protezione civile), esso \u00e8 commissariato: autorizzazione preventiva o convalida del Consiglio dei Ministri, pi\u00f9 la clausola-LEP che pu\u00f2 rientrare dalla finestra anche nella stanza \u201cnon-LEP\u201d.<\/p>\n<p>Benvenuti nel &#8220;Paese dei balocchi&#8221; in salsa leghista.<\/p>\n<p><strong>Daniele Trabucco<\/strong><\/p>","protected":false},"excerpt":{"rendered":"<p>La pre-intesa tra la Regione del Veneto ed il Governo della Repubblica su alcune materie &#8220;non Lep&#8221;, approvata dal Consiglio dei Ministri in data 18 febbraio 2026, \u00e8, gi\u00e0 per struttura, un\u2019illusione semantica: promette \u201cmaterie\u201d, ma consegna (quando va bene) micro-funzioni puntuali, circondate da condizioni, controlli e clausole di salvaguardia. Lo dice la stessa architettura [&hellip;]<\/p>\n","protected":false},"author":2,"featured_media":114469,"comment_status":"closed","ping_status":"open","sticky":false,"template":"","format":"standard","meta":{"footnotes":""},"categories":[5,3446,26],"tags":[],"class_list":["post-167872","post","type-post","status-publish","format-standard","has-post-thumbnail","category-cronaca","category-featured","category-prima-pagina"],"yoast_head":"<!-- This site is optimized with the Yoast SEO plugin v28.4 - https:\/\/yoast.com\/product\/yoast-seo-wordpress\/ -->\n<title>Autonomia &quot;Non Lep&quot; a saldo zero: la pre-intesa Governo-Regione Veneto \u00e8 un&#039;operazione cosmetica - Bellunopress - Dolomiti<\/title>\n<meta name=\"robots\" content=\"index, follow, max-snippet:-1, max-image-preview:large, max-video-preview:-1\" \/>\n<link rel=\"canonical\" href=\"https:\/\/www.bellunopress.it\/fr\/2026\/03\/04\/autonomia-non-lep-a-saldo-zero-la-pre-intesa-governo-regione-veneto-e-unoperazione-cosmetica\/\" \/>\n<meta property=\"og:locale\" content=\"fr_FR\" \/>\n<meta property=\"og:type\" content=\"article\" \/>\n<meta property=\"og:title\" content=\"Autonomia &quot;Non Lep&quot; a saldo zero: la pre-intesa Governo-Regione Veneto \u00e8 un&#039;operazione cosmetica - Bellunopress - Dolomiti\" \/>\n<meta property=\"og:description\" content=\"La pre-intesa tra la Regione del Veneto ed il Governo della Repubblica su alcune materie &#8220;non Lep&#8221;, approvata dal Consiglio dei Ministri in data 18 febbraio 2026, \u00e8, gi\u00e0 per struttura, un\u2019illusione semantica: promette \u201cmaterie\u201d, ma consegna (quando va bene) micro-funzioni puntuali, circondate da condizioni, controlli e clausole di salvaguardia. Lo dice la stessa architettura [&hellip;]\" \/>\n<meta property=\"og:url\" content=\"https:\/\/www.bellunopress.it\/fr\/2026\/03\/04\/autonomia-non-lep-a-saldo-zero-la-pre-intesa-governo-regione-veneto-e-unoperazione-cosmetica\/\" \/>\n<meta property=\"og:site_name\" content=\"Bellunopress - Dolomiti\" \/>\n<meta property=\"article:publisher\" content=\"https:\/\/www.facebook.com\/profile.php?id=100008943462799\" \/>\n<meta property=\"article:published_time\" content=\"2026-03-04T06:41:04+00:00\" \/>\n<meta property=\"og:image\" content=\"https:\/\/www.bellunopress.it\/wp-content\/uploads\/2020\/05\/Regione-Veneto-Palazzo-Ferro-Fini-sede-del-Consiglio-regionale_edited.jpg\" \/>\n\t<meta property=\"og:image:width\" content=\"780\" \/>\n\t<meta property=\"og:image:height\" content=\"405\" \/>\n\t<meta property=\"og:image:type\" content=\"image\/jpeg\" \/>\n<meta name=\"author\" content=\"redazione\" \/>\n<meta name=\"twitter:card\" content=\"summary_large_image\" \/>\n<meta name=\"twitter:creator\" content=\"@bellunopress\" \/>\n<meta name=\"twitter:site\" content=\"@bellunopress\" \/>\n<meta name=\"twitter:label1\" content=\"\u00c9crit par\" \/>\n\t<meta name=\"twitter:data1\" content=\"redazione\" \/>\n\t<meta name=\"twitter:label2\" content=\"Dur\u00e9e de lecture estim\u00e9e\" \/>\n\t<meta name=\"twitter:data2\" content=\"4 minutes\" \/>\n<script type=\"application\/ld+json\" class=\"yoast-schema-graph\">{\"@context\":\"https:\\\/\\\/schema.org\",\"@graph\":[{\"@type\":\"Article\",\"@id\":\"https:\\\/\\\/www.bellunopress.it\\\/2026\\\/03\\\/04\\\/autonomia-non-lep-a-saldo-zero-la-pre-intesa-governo-regione-veneto-e-unoperazione-cosmetica\\\/#article\",\"isPartOf\":{\"@id\":\"https:\\\/\\\/www.bellunopress.it\\\/2026\\\/03\\\/04\\\/autonomia-non-lep-a-saldo-zero-la-pre-intesa-governo-regione-veneto-e-unoperazione-cosmetica\\\/\"},\"author\":{\"name\":\"redazione\",\"@id\":\"https:\\\/\\\/www.bellunopress.it\\\/#\\\/schema\\\/person\\\/79bb06722b37ece1c03d3e94beb30d73\"},\"headline\":\"Autonomia &#8220;Non Lep&#8221; a saldo zero: la pre-intesa Governo-Regione Veneto \u00e8 un&#8217;operazione cosmetica\",\"datePublished\":\"2026-03-04T06:41:04+00:00\",\"mainEntityOfPage\":{\"@id\":\"https:\\\/\\\/www.bellunopress.it\\\/2026\\\/03\\\/04\\\/autonomia-non-lep-a-saldo-zero-la-pre-intesa-governo-regione-veneto-e-unoperazione-cosmetica\\\/\"},\"wordCount\":896,\"publisher\":{\"@id\":\"https:\\\/\\\/www.bellunopress.it\\\/#organization\"},\"image\":{\"@id\":\"https:\\\/\\\/www.bellunopress.it\\\/2026\\\/03\\\/04\\\/autonomia-non-lep-a-saldo-zero-la-pre-intesa-governo-regione-veneto-e-unoperazione-cosmetica\\\/#primaryimage\"},\"thumbnailUrl\":\"https:\\\/\\\/www.bellunopress.it\\\/wp-content\\\/uploads\\\/2020\\\/05\\\/Regione-Veneto-Palazzo-Ferro-Fini-sede-del-Consiglio-regionale_edited.jpg\",\"articleSection\":[\"Cronaca\\\/Politica\",\"Featured\",\"Prima Pagina\"],\"inLanguage\":\"fr-FR\"},{\"@type\":\"WebPage\",\"@id\":\"https:\\\/\\\/www.bellunopress.it\\\/2026\\\/03\\\/04\\\/autonomia-non-lep-a-saldo-zero-la-pre-intesa-governo-regione-veneto-e-unoperazione-cosmetica\\\/\",\"url\":\"https:\\\/\\\/www.bellunopress.it\\\/2026\\\/03\\\/04\\\/autonomia-non-lep-a-saldo-zero-la-pre-intesa-governo-regione-veneto-e-unoperazione-cosmetica\\\/\",\"name\":\"Autonomia \\\"Non Lep\\\" a saldo zero: la pre-intesa Governo-Regione Veneto \u00e8 un'operazione cosmetica - Bellunopress - Dolomiti\",\"isPartOf\":{\"@id\":\"https:\\\/\\\/www.bellunopress.it\\\/#website\"},\"primaryImageOfPage\":{\"@id\":\"https:\\\/\\\/www.bellunopress.it\\\/2026\\\/03\\\/04\\\/autonomia-non-lep-a-saldo-zero-la-pre-intesa-governo-regione-veneto-e-unoperazione-cosmetica\\\/#primaryimage\"},\"image\":{\"@id\":\"https:\\\/\\\/www.bellunopress.it\\\/2026\\\/03\\\/04\\\/autonomia-non-lep-a-saldo-zero-la-pre-intesa-governo-regione-veneto-e-unoperazione-cosmetica\\\/#primaryimage\"},\"thumbnailUrl\":\"https:\\\/\\\/www.bellunopress.it\\\/wp-content\\\/uploads\\\/2020\\\/05\\\/Regione-Veneto-Palazzo-Ferro-Fini-sede-del-Consiglio-regionale_edited.jpg\",\"datePublished\":\"2026-03-04T06:41:04+00:00\",\"breadcrumb\":{\"@id\":\"https:\\\/\\\/www.bellunopress.it\\\/2026\\\/03\\\/04\\\/autonomia-non-lep-a-saldo-zero-la-pre-intesa-governo-regione-veneto-e-unoperazione-cosmetica\\\/#breadcrumb\"},\"inLanguage\":\"fr-FR\",\"potentialAction\":[{\"@type\":\"ReadAction\",\"target\":[\"https:\\\/\\\/www.bellunopress.it\\\/2026\\\/03\\\/04\\\/autonomia-non-lep-a-saldo-zero-la-pre-intesa-governo-regione-veneto-e-unoperazione-cosmetica\\\/\"]}]},{\"@type\":\"ImageObject\",\"inLanguage\":\"fr-FR\",\"@id\":\"https:\\\/\\\/www.bellunopress.it\\\/2026\\\/03\\\/04\\\/autonomia-non-lep-a-saldo-zero-la-pre-intesa-governo-regione-veneto-e-unoperazione-cosmetica\\\/#primaryimage\",\"url\":\"https:\\\/\\\/www.bellunopress.it\\\/wp-content\\\/uploads\\\/2020\\\/05\\\/Regione-Veneto-Palazzo-Ferro-Fini-sede-del-Consiglio-regionale_edited.jpg\",\"contentUrl\":\"https:\\\/\\\/www.bellunopress.it\\\/wp-content\\\/uploads\\\/2020\\\/05\\\/Regione-Veneto-Palazzo-Ferro-Fini-sede-del-Consiglio-regionale_edited.jpg\",\"width\":780,\"height\":405,\"caption\":\"Palazzo Ferro Fini, sede del Consiglio regionale del Veneto\"},{\"@type\":\"BreadcrumbList\",\"@id\":\"https:\\\/\\\/www.bellunopress.it\\\/2026\\\/03\\\/04\\\/autonomia-non-lep-a-saldo-zero-la-pre-intesa-governo-regione-veneto-e-unoperazione-cosmetica\\\/#breadcrumb\",\"itemListElement\":[{\"@type\":\"ListItem\",\"position\":1,\"name\":\"Home\",\"item\":\"https:\\\/\\\/www.bellunopress.it\\\/\"},{\"@type\":\"ListItem\",\"position\":2,\"name\":\"Autonomia &#8220;Non Lep&#8221; a saldo zero: la pre-intesa Governo-Regione Veneto \u00e8 un&#8217;operazione cosmetica\"}]},{\"@type\":\"WebSite\",\"@id\":\"https:\\\/\\\/www.bellunopress.it\\\/#website\",\"url\":\"https:\\\/\\\/www.bellunopress.it\\\/\",\"name\":\"Bellunopress - Dolomiti\",\"description\":\"e-mail: redazione@bellunopress.it\",\"publisher\":{\"@id\":\"https:\\\/\\\/www.bellunopress.it\\\/#organization\"},\"potentialAction\":[{\"@type\":\"SearchAction\",\"target\":{\"@type\":\"EntryPoint\",\"urlTemplate\":\"https:\\\/\\\/www.bellunopress.it\\\/?s={search_term_string}\"},\"query-input\":{\"@type\":\"PropertyValueSpecification\",\"valueRequired\":true,\"valueName\":\"search_term_string\"}}],\"inLanguage\":\"fr-FR\"},{\"@type\":\"Organization\",\"@id\":\"https:\\\/\\\/www.bellunopress.it\\\/#organization\",\"name\":\"Bellunopress\",\"url\":\"https:\\\/\\\/www.bellunopress.it\\\/\",\"logo\":{\"@type\":\"ImageObject\",\"inLanguage\":\"fr-FR\",\"@id\":\"https:\\\/\\\/www.bellunopress.it\\\/#\\\/schema\\\/logo\\\/image\\\/\",\"url\":\"https:\\\/\\\/www.bellunopress.it\\\/wp-content\\\/uploads\\\/2011\\\/05\\\/cropped-logo-bellunopress-.jpg\",\"contentUrl\":\"https:\\\/\\\/www.bellunopress.it\\\/wp-content\\\/uploads\\\/2011\\\/05\\\/cropped-logo-bellunopress-.jpg\",\"width\":512,\"height\":512,\"caption\":\"Bellunopress\"},\"image\":{\"@id\":\"https:\\\/\\\/www.bellunopress.it\\\/#\\\/schema\\\/logo\\\/image\\\/\"},\"sameAs\":[\"https:\\\/\\\/www.facebook.com\\\/profile.php?id=100008943462799\",\"https:\\\/\\\/x.com\\\/bellunopress\",\"https:\\\/\\\/www.linkedin.com\\\/hp\\\/?dnr=JBzUWaJfMUw8vbXJJ2tVW5-I3jZKvC4wsoxE&amp;amp;amp;amp;amp;amp;trk=nav_responsive_tab_home\",\"https:\\\/\\\/www.youtube.com\\\/channel\\\/UCxL0wu1uN0_3_7hGG0306cw\"]},{\"@type\":\"Person\",\"@id\":\"https:\\\/\\\/www.bellunopress.it\\\/#\\\/schema\\\/person\\\/79bb06722b37ece1c03d3e94beb30d73\",\"name\":\"redazione\",\"image\":{\"@type\":\"ImageObject\",\"inLanguage\":\"fr-FR\",\"@id\":\"https:\\\/\\\/secure.gravatar.com\\\/avatar\\\/37d968a2e67a6fd04c169c4bdef102d0bc5d31b2546345219e348575eb80e9a0?s=96&d=mm&r=g\",\"url\":\"https:\\\/\\\/secure.gravatar.com\\\/avatar\\\/37d968a2e67a6fd04c169c4bdef102d0bc5d31b2546345219e348575eb80e9a0?s=96&d=mm&r=g\",\"contentUrl\":\"https:\\\/\\\/secure.gravatar.com\\\/avatar\\\/37d968a2e67a6fd04c169c4bdef102d0bc5d31b2546345219e348575eb80e9a0?s=96&d=mm&r=g\",\"caption\":\"redazione\"},\"sameAs\":[\"http:\\\/\\\/www.bellunopress.it\",\"https:\\\/\\\/x.com\\\/bellunopress\"],\"url\":\"https:\\\/\\\/www.bellunopress.it\\\/fr\\\/author\\\/redazione\\\/\"}]}<\/script>\n<!-- \/ Yoast SEO plugin. -->","yoast_head_json":{"title":"Autonomia \"Non Lep\" a saldo zero: la pre-intesa Governo-Regione Veneto \u00e8 un'operazione cosmetica - Bellunopress - Dolomiti","robots":{"index":"index","follow":"follow","max-snippet":"max-snippet:-1","max-image-preview":"max-image-preview:large","max-video-preview":"max-video-preview:-1"},"canonical":"https:\/\/www.bellunopress.it\/fr\/2026\/03\/04\/autonomia-non-lep-a-saldo-zero-la-pre-intesa-governo-regione-veneto-e-unoperazione-cosmetica\/","og_locale":"fr_FR","og_type":"article","og_title":"Autonomia \"Non Lep\" a saldo zero: la pre-intesa Governo-Regione Veneto \u00e8 un'operazione cosmetica - Bellunopress - Dolomiti","og_description":"La pre-intesa tra la Regione del Veneto ed il Governo della Repubblica su alcune materie &#8220;non Lep&#8221;, approvata dal Consiglio dei Ministri in data 18 febbraio 2026, \u00e8, gi\u00e0 per struttura, un\u2019illusione semantica: promette \u201cmaterie\u201d, ma consegna (quando va bene) micro-funzioni puntuali, circondate da condizioni, controlli e clausole di salvaguardia. Lo dice la stessa architettura [&hellip;]","og_url":"https:\/\/www.bellunopress.it\/fr\/2026\/03\/04\/autonomia-non-lep-a-saldo-zero-la-pre-intesa-governo-regione-veneto-e-unoperazione-cosmetica\/","og_site_name":"Bellunopress - Dolomiti","article_publisher":"https:\/\/www.facebook.com\/profile.php?id=100008943462799","article_published_time":"2026-03-04T06:41:04+00:00","og_image":[{"width":780,"height":405,"url":"https:\/\/www.bellunopress.it\/wp-content\/uploads\/2020\/05\/Regione-Veneto-Palazzo-Ferro-Fini-sede-del-Consiglio-regionale_edited.jpg","type":"image\/jpeg"}],"author":"redazione","twitter_card":"summary_large_image","twitter_creator":"@bellunopress","twitter_site":"@bellunopress","twitter_misc":{"\u00c9crit par":"redazione","Dur\u00e9e de lecture estim\u00e9e":"4 minutes"},"schema":{"@context":"https:\/\/schema.org","@graph":[{"@type":"Article","@id":"https:\/\/www.bellunopress.it\/2026\/03\/04\/autonomia-non-lep-a-saldo-zero-la-pre-intesa-governo-regione-veneto-e-unoperazione-cosmetica\/#article","isPartOf":{"@id":"https:\/\/www.bellunopress.it\/2026\/03\/04\/autonomia-non-lep-a-saldo-zero-la-pre-intesa-governo-regione-veneto-e-unoperazione-cosmetica\/"},"author":{"name":"redazione","@id":"https:\/\/www.bellunopress.it\/#\/schema\/person\/79bb06722b37ece1c03d3e94beb30d73"},"headline":"Autonomia &#8220;Non Lep&#8221; a saldo zero: la pre-intesa Governo-Regione Veneto \u00e8 un&#8217;operazione cosmetica","datePublished":"2026-03-04T06:41:04+00:00","mainEntityOfPage":{"@id":"https:\/\/www.bellunopress.it\/2026\/03\/04\/autonomia-non-lep-a-saldo-zero-la-pre-intesa-governo-regione-veneto-e-unoperazione-cosmetica\/"},"wordCount":896,"publisher":{"@id":"https:\/\/www.bellunopress.it\/#organization"},"image":{"@id":"https:\/\/www.bellunopress.it\/2026\/03\/04\/autonomia-non-lep-a-saldo-zero-la-pre-intesa-governo-regione-veneto-e-unoperazione-cosmetica\/#primaryimage"},"thumbnailUrl":"https:\/\/www.bellunopress.it\/wp-content\/uploads\/2020\/05\/Regione-Veneto-Palazzo-Ferro-Fini-sede-del-Consiglio-regionale_edited.jpg","articleSection":["Cronaca\/Politica","Featured","Prima Pagina"],"inLanguage":"fr-FR"},{"@type":"WebPage","@id":"https:\/\/www.bellunopress.it\/2026\/03\/04\/autonomia-non-lep-a-saldo-zero-la-pre-intesa-governo-regione-veneto-e-unoperazione-cosmetica\/","url":"https:\/\/www.bellunopress.it\/2026\/03\/04\/autonomia-non-lep-a-saldo-zero-la-pre-intesa-governo-regione-veneto-e-unoperazione-cosmetica\/","name":"Autonomia \"Non Lep\" a saldo zero: la pre-intesa Governo-Regione Veneto \u00e8 un'operazione cosmetica - Bellunopress - Dolomiti","isPartOf":{"@id":"https:\/\/www.bellunopress.it\/#website"},"primaryImageOfPage":{"@id":"https:\/\/www.bellunopress.it\/2026\/03\/04\/autonomia-non-lep-a-saldo-zero-la-pre-intesa-governo-regione-veneto-e-unoperazione-cosmetica\/#primaryimage"},"image":{"@id":"https:\/\/www.bellunopress.it\/2026\/03\/04\/autonomia-non-lep-a-saldo-zero-la-pre-intesa-governo-regione-veneto-e-unoperazione-cosmetica\/#primaryimage"},"thumbnailUrl":"https:\/\/www.bellunopress.it\/wp-content\/uploads\/2020\/05\/Regione-Veneto-Palazzo-Ferro-Fini-sede-del-Consiglio-regionale_edited.jpg","datePublished":"2026-03-04T06:41:04+00:00","breadcrumb":{"@id":"https:\/\/www.bellunopress.it\/2026\/03\/04\/autonomia-non-lep-a-saldo-zero-la-pre-intesa-governo-regione-veneto-e-unoperazione-cosmetica\/#breadcrumb"},"inLanguage":"fr-FR","potentialAction":[{"@type":"ReadAction","target":["https:\/\/www.bellunopress.it\/2026\/03\/04\/autonomia-non-lep-a-saldo-zero-la-pre-intesa-governo-regione-veneto-e-unoperazione-cosmetica\/"]}]},{"@type":"ImageObject","inLanguage":"fr-FR","@id":"https:\/\/www.bellunopress.it\/2026\/03\/04\/autonomia-non-lep-a-saldo-zero-la-pre-intesa-governo-regione-veneto-e-unoperazione-cosmetica\/#primaryimage","url":"https:\/\/www.bellunopress.it\/wp-content\/uploads\/2020\/05\/Regione-Veneto-Palazzo-Ferro-Fini-sede-del-Consiglio-regionale_edited.jpg","contentUrl":"https:\/\/www.bellunopress.it\/wp-content\/uploads\/2020\/05\/Regione-Veneto-Palazzo-Ferro-Fini-sede-del-Consiglio-regionale_edited.jpg","width":780,"height":405,"caption":"Palazzo Ferro Fini, sede del Consiglio regionale del Veneto"},{"@type":"BreadcrumbList","@id":"https:\/\/www.bellunopress.it\/2026\/03\/04\/autonomia-non-lep-a-saldo-zero-la-pre-intesa-governo-regione-veneto-e-unoperazione-cosmetica\/#breadcrumb","itemListElement":[{"@type":"ListItem","position":1,"name":"Home","item":"https:\/\/www.bellunopress.it\/"},{"@type":"ListItem","position":2,"name":"Autonomia &#8220;Non Lep&#8221; a saldo zero: la pre-intesa Governo-Regione Veneto \u00e8 un&#8217;operazione cosmetica"}]},{"@type":"WebSite","@id":"https:\/\/www.bellunopress.it\/#website","url":"https:\/\/www.bellunopress.it\/","name":"Bellunopress - Dolomiti","description":"e-mail: redazione@bellunopress.it","publisher":{"@id":"https:\/\/www.bellunopress.it\/#organization"},"potentialAction":[{"@type":"SearchAction","target":{"@type":"EntryPoint","urlTemplate":"https:\/\/www.bellunopress.it\/?s={search_term_string}"},"query-input":{"@type":"PropertyValueSpecification","valueRequired":true,"valueName":"search_term_string"}}],"inLanguage":"fr-FR"},{"@type":"Organization","@id":"https:\/\/www.bellunopress.it\/#organization","name":"Bellunopress","url":"https:\/\/www.bellunopress.it\/","logo":{"@type":"ImageObject","inLanguage":"fr-FR","@id":"https:\/\/www.bellunopress.it\/#\/schema\/logo\/image\/","url":"https:\/\/www.bellunopress.it\/wp-content\/uploads\/2011\/05\/cropped-logo-bellunopress-.jpg","contentUrl":"https:\/\/www.bellunopress.it\/wp-content\/uploads\/2011\/05\/cropped-logo-bellunopress-.jpg","width":512,"height":512,"caption":"Bellunopress"},"image":{"@id":"https:\/\/www.bellunopress.it\/#\/schema\/logo\/image\/"},"sameAs":["https:\/\/www.facebook.com\/profile.php?id=100008943462799","https:\/\/x.com\/bellunopress","https:\/\/www.linkedin.com\/hp\/?dnr=JBzUWaJfMUw8vbXJJ2tVW5-I3jZKvC4wsoxE&amp;amp;amp;amp;amp;amp;trk=nav_responsive_tab_home","https:\/\/www.youtube.com\/channel\/UCxL0wu1uN0_3_7hGG0306cw"]},{"@type":"Person","@id":"https:\/\/www.bellunopress.it\/#\/schema\/person\/79bb06722b37ece1c03d3e94beb30d73","name":"r\u00e9daction","image":{"@type":"ImageObject","inLanguage":"fr-FR","@id":"https:\/\/secure.gravatar.com\/avatar\/37d968a2e67a6fd04c169c4bdef102d0bc5d31b2546345219e348575eb80e9a0?s=96&d=mm&r=g","url":"https:\/\/secure.gravatar.com\/avatar\/37d968a2e67a6fd04c169c4bdef102d0bc5d31b2546345219e348575eb80e9a0?s=96&d=mm&r=g","contentUrl":"https:\/\/secure.gravatar.com\/avatar\/37d968a2e67a6fd04c169c4bdef102d0bc5d31b2546345219e348575eb80e9a0?s=96&d=mm&r=g","caption":"redazione"},"sameAs":["http:\/\/www.bellunopress.it","https:\/\/x.com\/bellunopress"],"url":"https:\/\/www.bellunopress.it\/fr\/author\/redazione\/"}]}},"_links":{"self":[{"href":"https:\/\/www.bellunopress.it\/fr\/wp-json\/wp\/v2\/posts\/167872","targetHints":{"allow":["GET"]}}],"collection":[{"href":"https:\/\/www.bellunopress.it\/fr\/wp-json\/wp\/v2\/posts"}],"about":[{"href":"https:\/\/www.bellunopress.it\/fr\/wp-json\/wp\/v2\/types\/post"}],"author":[{"embeddable":true,"href":"https:\/\/www.bellunopress.it\/fr\/wp-json\/wp\/v2\/users\/2"}],"replies":[{"embeddable":true,"href":"https:\/\/www.bellunopress.it\/fr\/wp-json\/wp\/v2\/comments?post=167872"}],"version-history":[{"count":1,"href":"https:\/\/www.bellunopress.it\/fr\/wp-json\/wp\/v2\/posts\/167872\/revisions"}],"predecessor-version":[{"id":167873,"href":"https:\/\/www.bellunopress.it\/fr\/wp-json\/wp\/v2\/posts\/167872\/revisions\/167873"}],"wp:featuredmedia":[{"embeddable":true,"href":"https:\/\/www.bellunopress.it\/fr\/wp-json\/wp\/v2\/media\/114469"}],"wp:attachment":[{"href":"https:\/\/www.bellunopress.it\/fr\/wp-json\/wp\/v2\/media?parent=167872"}],"wp:term":[{"taxonomy":"category","embeddable":true,"href":"https:\/\/www.bellunopress.it\/fr\/wp-json\/wp\/v2\/categories?post=167872"},{"taxonomy":"post_tag","embeddable":true,"href":"https:\/\/www.bellunopress.it\/fr\/wp-json\/wp\/v2\/tags?post=167872"}],"curies":[{"name":"wp","href":"https:\/\/api.w.org\/{rel}","templated":true}]}}