{"id":167867,"date":"2026-03-03T18:53:31","date_gmt":"2026-03-03T17:53:31","guid":{"rendered":"https:\/\/www.bellunopress.it\/?p=167867"},"modified":"2026-03-03T18:53:31","modified_gmt":"2026-03-03T17:53:31","slug":"giochi-paralimpici-a-cortina-fulvio-morella-trasforma-la-funivia-in-opera-darte","status":"publish","type":"post","link":"https:\/\/www.bellunopress.it\/fr\/2026\/03\/03\/giochi-paralimpici-a-cortina-fulvio-morella-trasforma-la-funivia-in-opera-darte\/","title":{"rendered":"Giochi Paralimpici: a Cortina Fulvio Morella trasforma la Funivia in opera d\u2019arte"},"content":{"rendered":"<p><em>Con la \u201cFunivia senza limiti\u201d, Fulvio Morella completa il progetto I LIMITI NON<\/em><br \/>\n<em>ESISTONO in occasione delle Paralimpiadi di Cortina: il Braille Stellato trasforma<\/em><br \/>\n<em>la risalita al Lagazuoi in un\u2019opera d\u2019arte tra paesaggio e inclusione. Il 7 marzo a<\/em><br \/>\n<em>Lagazuoi EXPO Dolomiti la presentazione del volume d\u2019artista della<\/em><br \/>\n<em>rassegna, sotto l&#8217;alto patrocinio del Parlamento europeo.<\/em><\/p>\n<p>Cortina d\u2019Ampezzo, 3 marzo 2026 &#8211; Fulvio Morella completa il progetto I LIMITI NON<br \/>\nESISTONO, promosso da Cramum, in occasione delle Paralimpiadi di Milano Cortina<br \/>\n2026, trasformando con il suo Braille Stellato la funivia del Lagazuoi in un\u2019opera<br \/>\nd\u2019arte, in dialogo con uno dei paesaggi pi\u00f9 iconici delle Dolomiti. La \u201cFunivia senza<br \/>\nlimiti\u201d conduce alla sua mostra Cortina di Stelle curata da Sabino Maria Frass\u00e0 che<br \/>\nospiter\u00e0 anche la presentazione del volume d\u2019artista I LIMITI NON ESISTONO , sotto<br \/>\nl&#8217;alto patrocinio del Parlamento europeo in programma sabato 7 marzo (ore<br \/>\n12:30 \u2013 ingresso libero).<\/p>\n<p>L\u2019evento prevede un momento di confronto dedicato al tema \u201cArte e sport quali strumenti di inclusione\u201d , con gli interventi dell\u2019artista, del curatore, di Maurizio Molinari, Capo dell\u2019Ufficio del Parlamento europeo a Milano; dell\u2019On. Rosanna Filippin; dell\u2019Europarlamentare Elena Donazzan; e dell\u2019 Attach\u00e9 Olimpico presso la Repubblica di San Marino, Gianni Cardelli.<\/p>\n<p>In dialogo con la storia della pi\u00f9 antica Repubblica al mondo, San Marino \u2013 che ha<br \/>\nportato in mostra le preziose torce olimpiche del 1960 e del 2006 \u2013 Morella dedica<br \/>\nquesto intervento a una riflessione sulla libert\u00e0 come sintesi di tre dimensioni<br \/>\nessenziali: il poter fare, la coerenza con s\u00e9 stessi e l\u2019ingegno creativo . Un<br \/>\npensiero che prende forma attraverso richiami a Giosu\u00e8 Carducci ed Eschilo, fino<br \/>\nalla figura di Prometeo, simbolo di generosit\u00e0, conoscenza e responsabilit\u00e0.<\/p>\n<p>\u00abTrasformare una funivia in un\u2019opera d\u2019arte\u00bb spiega il curatore Sabino Maria Frass\u00e0 \u00absignifica intervenire su un gesto quotidiano in montagna \u2013 la risalita \u2013 e convertirlo in esperienza di pensiero. Con il Braille Stellato, Fulvio Morella non aggiunge un ornamento al paesaggio n\u00e9 ostacola la vista: la interpreta, traducendo l\u2019idea stessa di alta quota in un linguaggio inclusivo e universale. La risalita diventa cos\u00ec relazione: un invito ad abitare la montagna come spazio condiviso, in sintonia con lo spirito delle Paralimpiadi. L\u2019immaginario della torcia olimpica \u2013 gi\u00e0 presente nelle sue opere di luce Eclissi \u2013 si fa chiave simbolica dell\u2019intervento: non celebrazione della forza, ma passaggio, continuit\u00e0 e responsabilit\u00e0. Tra poesia e mito, dalla \u201clibert\u00e0 antica e perpetua\u201d evocata da Carducci fino a Eschilo e alla figura di Prometeo, il fuoco \u2013 \u201cho donato loro il fuoco\u201d \u2013 diventa luce interiore, conoscenza e creativit\u00e0. Nel Braille Stellato questa energia si traduce in una scrittura di stelle che incide il paesaggio come promessa di accessibilit\u00e0 e condivisione. La cabina del Lagazuoi si fa<br \/>\ncos\u00ec soglia tra limite e possibilit\u00e0, avviando un percorso che culmina nello sport e<br \/>\nalla visita alla mostra Cortina di Stelle \u00bb.<\/p>\n<p>\u00abLe Paralimpiadi di Milano Cortina 2026 rappresentano un\u2019occasione straordinaria per<br \/>\naffermare un\u2019Europa che mette al centro la persona e la dignit\u00e0 di ogni talento.\u200b<br \/>\nProgetti come I LIMITI NON ESISTONO dimostrano come arte e sport possano dialogare<br \/>\nper rendere concreti i valori di inclusione e partecipazione. Il Parlamento europeo<br \/>\nsostiene con convinzione iniziative che promuovono accessibilit\u00e0, cultura e coesione<br \/>\nsociale, e il nostro Ufficio \u00e8 orgoglioso di appoggiare progetti capaci di trasformare un<br \/>\nsimbolo del territorio in un messaggio universale di libert\u00e0 e condivisione\u00bb. Maurizio<br \/>\nMolinari, Capo dell&#8217;Ufficio del Parlamento europeo a Milano \u00abLa montagna ci insegna una verit\u00e0 semplice e profonda: si sale insieme, oppure non si sale affatto. \u00c8 questo il messaggio pi\u00f9 autentico delle Paralimpiadi e del progetto I LIMITI NON ESISTONO. Trasformare una funivia in un\u2019opera d\u2019arte non \u00e8 solo un gesto creativo, \u00e8 un atto simbolico potente: significa riscrivere l\u2019idea stessa di limite, renderla attraversabile, condivisa, superabile. Il Braille Stellato di Fulvio Morella non aggiunge soltanto bellezza a un paesaggio straordinario: incide nello spazio pubblico un principio politico preciso, quello dell\u2019accessibilit\u00e0 come diritto e non come concessione. Quando l\u2019arte entra nelle infrastrutture, quando dialoga con lo sport e con le istituzioni, smette di essere contemplazione e diventa responsabilit\u00e0.<\/p>\n<p>Le Paralimpiadi di Milano Cortina 2026 ci offrono un\u2019occasione rara: dimostrare che<br \/>\nl\u2019inclusione non \u00e8 retorica, ma progettazione concreta del futuro. Se vogliamo che il<br \/>\nloro lascito sia duraturo, dobbiamo avere il coraggio di trasformare ogni \u2018risalita\u2019 in<br \/>\nun\u2019esperienza realmente aperta a tutti. Perch\u00e9 una comunit\u00e0 \u00e8 davvero libera solo<br \/>\nquando nessuno resta a valle\u00bb. On. Rosanna Filippin \u00abL\u2019inclusione non \u00e8 un concetto astratto, \u00e8 una scelta politica precisa. Lo sport e l\u2019arte dimostrano ogni giorno che il talento viene prima di ogni limite e che il merito \u00e8 il vero motore della crescita di una comunit\u00e0. Rivolgo un plauso convinto a questa iniziativa, che traduce questi valori in un progettualit\u00e0 concreta e capace di parlare a tutti. In un tempo in cui siamo chiamati a costruire eventi e progetti di respiro internazionale, abbiamo il dovere di affermare un modello che unisca eccellenza e responsabilit\u00e0. Le istituzioni devono fare la loro parte: sostenere chi trasforma le fragilit\u00e0 in forza e creare opportunit\u00e0 concrete, perch\u00e9 una societ\u00e0 \u00e8 davvero forte solo quando non lascia indietro nessuno\u00bb.\u00a0 On. Elena Donazzan Fino al 5 aprile sar\u00e0 possibile visitare la mostra Cortina di Stelle e scoprire la \u201cFunivia senza limiti\u201d, promosse da Cramum in collaborazione con il Comitato Italiano Paralimpico (CIP) , INJA Louis Braille (Parigi) e il Comitato Olimpico Nazionale Sammarinese .<\/p>\n<p>&nbsp;<\/p>\n<p>LAGAZUOI EXPO DOLOMITI<br \/>\nNel 2018 la stazione di arrivo della Funivia Lagazuoi, a quota 2732 metri, si \u00e8 trasformata in una galleria d\u2019arte, un polo espositivo altamente tecnologico e un laboratorio di idee sulla<br \/>\nmontagna e sui modelli di turismo slow e sostenibile. Lagazuoi EXPO Dolomiti \u00e8 un luogo di<br \/>\nrielaborazione culturale che genera veri e propri contenuti curatoriali, come Lagazuoi Winning Ideas Mountain Awards, un concorso che punta i riflettori su materiali,<br \/>\ntecnologie, applicazioni, soluzioni high tech legati alle terre alte, e Lagazuoi Photo Award, che punta a sviluppare un linguaggio visivo originale sulla montagna. In questa struttura accessibile e autosufficiente sul piano energetico trovano posto sale espositive, una sala per<br \/>\nmanifestazioni e meeting e un terrace bar, che rendono il complesso un luogo<br \/>\nperfetto per ospitare eventi. Tutto questo in una posizione strategica, tra Cortina d\u2019Ampezzo e l\u2019Alta Badia, nel cuore delle Dolomiti Patrimonio Unesco.<\/p>","protected":false},"excerpt":{"rendered":"<p>Con la \u201cFunivia senza limiti\u201d, Fulvio Morella completa il progetto I LIMITI NON ESISTONO in occasione delle Paralimpiadi di Cortina: il Braille Stellato trasforma la risalita al Lagazuoi in un\u2019opera d\u2019arte tra paesaggio e inclusione. Il 7 marzo a Lagazuoi EXPO Dolomiti la presentazione del volume d\u2019artista della rassegna, sotto l&#8217;alto patrocinio del Parlamento europeo. [&hellip;]<\/p>\n","protected":false},"author":2,"featured_media":110589,"comment_status":"closed","ping_status":"open","sticky":false,"template":"","format":"standard","meta":{"footnotes":""},"categories":[27,3,25],"tags":[],"class_list":["post-167867","post","type-post","status-publish","format-standard","has-post-thumbnail","category-appuntamenti","category-arte-cultura-spettacoli-scienza-archivi","category-pausa-caffe"],"yoast_head":"<!-- This site is optimized with the Yoast SEO plugin v28.4 - https:\/\/yoast.com\/product\/yoast-seo-wordpress\/ -->\n<title>Giochi Paralimpici: a Cortina Fulvio Morella trasforma la Funivia in opera d\u2019arte - Bellunopress - Dolomiti<\/title>\n<meta name=\"robots\" content=\"index, follow, max-snippet:-1, max-image-preview:large, max-video-preview:-1\" \/>\n<link rel=\"canonical\" href=\"https:\/\/www.bellunopress.it\/fr\/2026\/03\/03\/giochi-paralimpici-a-cortina-fulvio-morella-trasforma-la-funivia-in-opera-darte\/\" \/>\n<meta property=\"og:locale\" content=\"fr_FR\" \/>\n<meta property=\"og:type\" content=\"article\" \/>\n<meta property=\"og:title\" content=\"Giochi Paralimpici: a Cortina Fulvio Morella trasforma la Funivia in opera d\u2019arte - Bellunopress - Dolomiti\" \/>\n<meta property=\"og:description\" content=\"Con la \u201cFunivia senza limiti\u201d, Fulvio Morella completa il progetto I LIMITI NON ESISTONO in occasione delle Paralimpiadi di Cortina: il Braille Stellato trasforma la risalita al Lagazuoi in un\u2019opera d\u2019arte tra paesaggio e inclusione. Il 7 marzo a Lagazuoi EXPO Dolomiti la presentazione del volume d\u2019artista della rassegna, sotto l&#8217;alto patrocinio del Parlamento europeo. [&hellip;]\" \/>\n<meta property=\"og:url\" content=\"https:\/\/www.bellunopress.it\/fr\/2026\/03\/03\/giochi-paralimpici-a-cortina-fulvio-morella-trasforma-la-funivia-in-opera-darte\/\" \/>\n<meta property=\"og:site_name\" content=\"Bellunopress - Dolomiti\" \/>\n<meta property=\"article:publisher\" content=\"https:\/\/www.facebook.com\/profile.php?id=100008943462799\" \/>\n<meta property=\"article:published_time\" content=\"2026-03-03T17:53:31+00:00\" \/>\n<meta property=\"og:image\" content=\"https:\/\/www.bellunopress.it\/wp-content\/uploads\/2019\/12\/Lagazuoi-Expo-Dolomiti.jpg\" \/>\n\t<meta property=\"og:image:width\" content=\"300\" \/>\n\t<meta property=\"og:image:height\" content=\"146\" \/>\n\t<meta property=\"og:image:type\" content=\"image\/jpeg\" \/>\n<meta name=\"author\" content=\"redazione\" \/>\n<meta name=\"twitter:card\" content=\"summary_large_image\" \/>\n<meta name=\"twitter:creator\" content=\"@bellunopress\" \/>\n<meta name=\"twitter:site\" content=\"@bellunopress\" \/>\n<meta name=\"twitter:label1\" content=\"\u00c9crit par\" \/>\n\t<meta name=\"twitter:data1\" content=\"redazione\" \/>\n\t<meta name=\"twitter:label2\" content=\"Dur\u00e9e de lecture estim\u00e9e\" \/>\n\t<meta name=\"twitter:data2\" content=\"5 minutes\" \/>\n<script type=\"application\/ld+json\" class=\"yoast-schema-graph\">{\"@context\":\"https:\\\/\\\/schema.org\",\"@graph\":[{\"@type\":\"Article\",\"@id\":\"https:\\\/\\\/www.bellunopress.it\\\/2026\\\/03\\\/03\\\/giochi-paralimpici-a-cortina-fulvio-morella-trasforma-la-funivia-in-opera-darte\\\/#article\",\"isPartOf\":{\"@id\":\"https:\\\/\\\/www.bellunopress.it\\\/2026\\\/03\\\/03\\\/giochi-paralimpici-a-cortina-fulvio-morella-trasforma-la-funivia-in-opera-darte\\\/\"},\"author\":{\"name\":\"redazione\",\"@id\":\"https:\\\/\\\/www.bellunopress.it\\\/#\\\/schema\\\/person\\\/79bb06722b37ece1c03d3e94beb30d73\"},\"headline\":\"Giochi Paralimpici: a Cortina Fulvio Morella trasforma la Funivia in opera d\u2019arte\",\"datePublished\":\"2026-03-03T17:53:31+00:00\",\"mainEntityOfPage\":{\"@id\":\"https:\\\/\\\/www.bellunopress.it\\\/2026\\\/03\\\/03\\\/giochi-paralimpici-a-cortina-fulvio-morella-trasforma-la-funivia-in-opera-darte\\\/\"},\"wordCount\":1052,\"publisher\":{\"@id\":\"https:\\\/\\\/www.bellunopress.it\\\/#organization\"},\"image\":{\"@id\":\"https:\\\/\\\/www.bellunopress.it\\\/2026\\\/03\\\/03\\\/giochi-paralimpici-a-cortina-fulvio-morella-trasforma-la-funivia-in-opera-darte\\\/#primaryimage\"},\"thumbnailUrl\":\"https:\\\/\\\/www.bellunopress.it\\\/wp-content\\\/uploads\\\/2019\\\/12\\\/Lagazuoi-Expo-Dolomiti.jpg\",\"articleSection\":[\"Appuntamenti, Eventi\",\"Arte, Cultura, Spettacoli, Scienza\",\"Pausa Caff\u00e8\"],\"inLanguage\":\"fr-FR\"},{\"@type\":\"WebPage\",\"@id\":\"https:\\\/\\\/www.bellunopress.it\\\/2026\\\/03\\\/03\\\/giochi-paralimpici-a-cortina-fulvio-morella-trasforma-la-funivia-in-opera-darte\\\/\",\"url\":\"https:\\\/\\\/www.bellunopress.it\\\/2026\\\/03\\\/03\\\/giochi-paralimpici-a-cortina-fulvio-morella-trasforma-la-funivia-in-opera-darte\\\/\",\"name\":\"Giochi Paralimpici: a Cortina Fulvio Morella trasforma la Funivia in opera d\u2019arte - Bellunopress - Dolomiti\",\"isPartOf\":{\"@id\":\"https:\\\/\\\/www.bellunopress.it\\\/#website\"},\"primaryImageOfPage\":{\"@id\":\"https:\\\/\\\/www.bellunopress.it\\\/2026\\\/03\\\/03\\\/giochi-paralimpici-a-cortina-fulvio-morella-trasforma-la-funivia-in-opera-darte\\\/#primaryimage\"},\"image\":{\"@id\":\"https:\\\/\\\/www.bellunopress.it\\\/2026\\\/03\\\/03\\\/giochi-paralimpici-a-cortina-fulvio-morella-trasforma-la-funivia-in-opera-darte\\\/#primaryimage\"},\"thumbnailUrl\":\"https:\\\/\\\/www.bellunopress.it\\\/wp-content\\\/uploads\\\/2019\\\/12\\\/Lagazuoi-Expo-Dolomiti.jpg\",\"datePublished\":\"2026-03-03T17:53:31+00:00\",\"breadcrumb\":{\"@id\":\"https:\\\/\\\/www.bellunopress.it\\\/2026\\\/03\\\/03\\\/giochi-paralimpici-a-cortina-fulvio-morella-trasforma-la-funivia-in-opera-darte\\\/#breadcrumb\"},\"inLanguage\":\"fr-FR\",\"potentialAction\":[{\"@type\":\"ReadAction\",\"target\":[\"https:\\\/\\\/www.bellunopress.it\\\/2026\\\/03\\\/03\\\/giochi-paralimpici-a-cortina-fulvio-morella-trasforma-la-funivia-in-opera-darte\\\/\"]}]},{\"@type\":\"ImageObject\",\"inLanguage\":\"fr-FR\",\"@id\":\"https:\\\/\\\/www.bellunopress.it\\\/2026\\\/03\\\/03\\\/giochi-paralimpici-a-cortina-fulvio-morella-trasforma-la-funivia-in-opera-darte\\\/#primaryimage\",\"url\":\"https:\\\/\\\/www.bellunopress.it\\\/wp-content\\\/uploads\\\/2019\\\/12\\\/Lagazuoi-Expo-Dolomiti.jpg\",\"contentUrl\":\"https:\\\/\\\/www.bellunopress.it\\\/wp-content\\\/uploads\\\/2019\\\/12\\\/Lagazuoi-Expo-Dolomiti.jpg\",\"width\":300,\"height\":146},{\"@type\":\"BreadcrumbList\",\"@id\":\"https:\\\/\\\/www.bellunopress.it\\\/2026\\\/03\\\/03\\\/giochi-paralimpici-a-cortina-fulvio-morella-trasforma-la-funivia-in-opera-darte\\\/#breadcrumb\",\"itemListElement\":[{\"@type\":\"ListItem\",\"position\":1,\"name\":\"Home\",\"item\":\"https:\\\/\\\/www.bellunopress.it\\\/\"},{\"@type\":\"ListItem\",\"position\":2,\"name\":\"Giochi Paralimpici: a Cortina Fulvio Morella trasforma la Funivia in opera d\u2019arte\"}]},{\"@type\":\"WebSite\",\"@id\":\"https:\\\/\\\/www.bellunopress.it\\\/#website\",\"url\":\"https:\\\/\\\/www.bellunopress.it\\\/\",\"name\":\"Bellunopress - Dolomiti\",\"description\":\"e-mail: redazione@bellunopress.it\",\"publisher\":{\"@id\":\"https:\\\/\\\/www.bellunopress.it\\\/#organization\"},\"potentialAction\":[{\"@type\":\"SearchAction\",\"target\":{\"@type\":\"EntryPoint\",\"urlTemplate\":\"https:\\\/\\\/www.bellunopress.it\\\/?s={search_term_string}\"},\"query-input\":{\"@type\":\"PropertyValueSpecification\",\"valueRequired\":true,\"valueName\":\"search_term_string\"}}],\"inLanguage\":\"fr-FR\"},{\"@type\":\"Organization\",\"@id\":\"https:\\\/\\\/www.bellunopress.it\\\/#organization\",\"name\":\"Bellunopress\",\"url\":\"https:\\\/\\\/www.bellunopress.it\\\/\",\"logo\":{\"@type\":\"ImageObject\",\"inLanguage\":\"fr-FR\",\"@id\":\"https:\\\/\\\/www.bellunopress.it\\\/#\\\/schema\\\/logo\\\/image\\\/\",\"url\":\"https:\\\/\\\/www.bellunopress.it\\\/wp-content\\\/uploads\\\/2011\\\/05\\\/cropped-logo-bellunopress-.jpg\",\"contentUrl\":\"https:\\\/\\\/www.bellunopress.it\\\/wp-content\\\/uploads\\\/2011\\\/05\\\/cropped-logo-bellunopress-.jpg\",\"width\":512,\"height\":512,\"caption\":\"Bellunopress\"},\"image\":{\"@id\":\"https:\\\/\\\/www.bellunopress.it\\\/#\\\/schema\\\/logo\\\/image\\\/\"},\"sameAs\":[\"https:\\\/\\\/www.facebook.com\\\/profile.php?id=100008943462799\",\"https:\\\/\\\/x.com\\\/bellunopress\",\"https:\\\/\\\/www.linkedin.com\\\/hp\\\/?dnr=JBzUWaJfMUw8vbXJJ2tVW5-I3jZKvC4wsoxE&amp;amp;amp;amp;amp;amp;trk=nav_responsive_tab_home\",\"https:\\\/\\\/www.youtube.com\\\/channel\\\/UCxL0wu1uN0_3_7hGG0306cw\"]},{\"@type\":\"Person\",\"@id\":\"https:\\\/\\\/www.bellunopress.it\\\/#\\\/schema\\\/person\\\/79bb06722b37ece1c03d3e94beb30d73\",\"name\":\"redazione\",\"image\":{\"@type\":\"ImageObject\",\"inLanguage\":\"fr-FR\",\"@id\":\"https:\\\/\\\/secure.gravatar.com\\\/avatar\\\/37d968a2e67a6fd04c169c4bdef102d0bc5d31b2546345219e348575eb80e9a0?s=96&d=mm&r=g\",\"url\":\"https:\\\/\\\/secure.gravatar.com\\\/avatar\\\/37d968a2e67a6fd04c169c4bdef102d0bc5d31b2546345219e348575eb80e9a0?s=96&d=mm&r=g\",\"contentUrl\":\"https:\\\/\\\/secure.gravatar.com\\\/avatar\\\/37d968a2e67a6fd04c169c4bdef102d0bc5d31b2546345219e348575eb80e9a0?s=96&d=mm&r=g\",\"caption\":\"redazione\"},\"sameAs\":[\"http:\\\/\\\/www.bellunopress.it\",\"https:\\\/\\\/x.com\\\/bellunopress\"],\"url\":\"https:\\\/\\\/www.bellunopress.it\\\/fr\\\/author\\\/redazione\\\/\"}]}<\/script>\n<!-- \/ Yoast SEO plugin. -->","yoast_head_json":{"title":"Giochi Paralimpici: a Cortina Fulvio Morella trasforma la Funivia in opera d\u2019arte - Bellunopress - Dolomiti","robots":{"index":"index","follow":"follow","max-snippet":"max-snippet:-1","max-image-preview":"max-image-preview:large","max-video-preview":"max-video-preview:-1"},"canonical":"https:\/\/www.bellunopress.it\/fr\/2026\/03\/03\/giochi-paralimpici-a-cortina-fulvio-morella-trasforma-la-funivia-in-opera-darte\/","og_locale":"fr_FR","og_type":"article","og_title":"Giochi Paralimpici: a Cortina Fulvio Morella trasforma la Funivia in opera d\u2019arte - Bellunopress - Dolomiti","og_description":"Con la \u201cFunivia senza limiti\u201d, Fulvio Morella completa il progetto I LIMITI NON ESISTONO in occasione delle Paralimpiadi di Cortina: il Braille Stellato trasforma la risalita al Lagazuoi in un\u2019opera d\u2019arte tra paesaggio e inclusione. Il 7 marzo a Lagazuoi EXPO Dolomiti la presentazione del volume d\u2019artista della rassegna, sotto l&#8217;alto patrocinio del Parlamento europeo. [&hellip;]","og_url":"https:\/\/www.bellunopress.it\/fr\/2026\/03\/03\/giochi-paralimpici-a-cortina-fulvio-morella-trasforma-la-funivia-in-opera-darte\/","og_site_name":"Bellunopress - Dolomiti","article_publisher":"https:\/\/www.facebook.com\/profile.php?id=100008943462799","article_published_time":"2026-03-03T17:53:31+00:00","og_image":[{"width":300,"height":146,"url":"https:\/\/www.bellunopress.it\/wp-content\/uploads\/2019\/12\/Lagazuoi-Expo-Dolomiti.jpg","type":"image\/jpeg"}],"author":"redazione","twitter_card":"summary_large_image","twitter_creator":"@bellunopress","twitter_site":"@bellunopress","twitter_misc":{"\u00c9crit par":"redazione","Dur\u00e9e de lecture estim\u00e9e":"5 minutes"},"schema":{"@context":"https:\/\/schema.org","@graph":[{"@type":"Article","@id":"https:\/\/www.bellunopress.it\/2026\/03\/03\/giochi-paralimpici-a-cortina-fulvio-morella-trasforma-la-funivia-in-opera-darte\/#article","isPartOf":{"@id":"https:\/\/www.bellunopress.it\/2026\/03\/03\/giochi-paralimpici-a-cortina-fulvio-morella-trasforma-la-funivia-in-opera-darte\/"},"author":{"name":"redazione","@id":"https:\/\/www.bellunopress.it\/#\/schema\/person\/79bb06722b37ece1c03d3e94beb30d73"},"headline":"Giochi Paralimpici: a Cortina Fulvio Morella trasforma la Funivia in opera d\u2019arte","datePublished":"2026-03-03T17:53:31+00:00","mainEntityOfPage":{"@id":"https:\/\/www.bellunopress.it\/2026\/03\/03\/giochi-paralimpici-a-cortina-fulvio-morella-trasforma-la-funivia-in-opera-darte\/"},"wordCount":1052,"publisher":{"@id":"https:\/\/www.bellunopress.it\/#organization"},"image":{"@id":"https:\/\/www.bellunopress.it\/2026\/03\/03\/giochi-paralimpici-a-cortina-fulvio-morella-trasforma-la-funivia-in-opera-darte\/#primaryimage"},"thumbnailUrl":"https:\/\/www.bellunopress.it\/wp-content\/uploads\/2019\/12\/Lagazuoi-Expo-Dolomiti.jpg","articleSection":["Appuntamenti, Eventi","Arte, Cultura, Spettacoli, Scienza","Pausa Caff\u00e8"],"inLanguage":"fr-FR"},{"@type":"WebPage","@id":"https:\/\/www.bellunopress.it\/2026\/03\/03\/giochi-paralimpici-a-cortina-fulvio-morella-trasforma-la-funivia-in-opera-darte\/","url":"https:\/\/www.bellunopress.it\/2026\/03\/03\/giochi-paralimpici-a-cortina-fulvio-morella-trasforma-la-funivia-in-opera-darte\/","name":"Giochi Paralimpici: a Cortina Fulvio Morella trasforma la Funivia in opera d\u2019arte - Bellunopress - Dolomiti","isPartOf":{"@id":"https:\/\/www.bellunopress.it\/#website"},"primaryImageOfPage":{"@id":"https:\/\/www.bellunopress.it\/2026\/03\/03\/giochi-paralimpici-a-cortina-fulvio-morella-trasforma-la-funivia-in-opera-darte\/#primaryimage"},"image":{"@id":"https:\/\/www.bellunopress.it\/2026\/03\/03\/giochi-paralimpici-a-cortina-fulvio-morella-trasforma-la-funivia-in-opera-darte\/#primaryimage"},"thumbnailUrl":"https:\/\/www.bellunopress.it\/wp-content\/uploads\/2019\/12\/Lagazuoi-Expo-Dolomiti.jpg","datePublished":"2026-03-03T17:53:31+00:00","breadcrumb":{"@id":"https:\/\/www.bellunopress.it\/2026\/03\/03\/giochi-paralimpici-a-cortina-fulvio-morella-trasforma-la-funivia-in-opera-darte\/#breadcrumb"},"inLanguage":"fr-FR","potentialAction":[{"@type":"ReadAction","target":["https:\/\/www.bellunopress.it\/2026\/03\/03\/giochi-paralimpici-a-cortina-fulvio-morella-trasforma-la-funivia-in-opera-darte\/"]}]},{"@type":"ImageObject","inLanguage":"fr-FR","@id":"https:\/\/www.bellunopress.it\/2026\/03\/03\/giochi-paralimpici-a-cortina-fulvio-morella-trasforma-la-funivia-in-opera-darte\/#primaryimage","url":"https:\/\/www.bellunopress.it\/wp-content\/uploads\/2019\/12\/Lagazuoi-Expo-Dolomiti.jpg","contentUrl":"https:\/\/www.bellunopress.it\/wp-content\/uploads\/2019\/12\/Lagazuoi-Expo-Dolomiti.jpg","width":300,"height":146},{"@type":"BreadcrumbList","@id":"https:\/\/www.bellunopress.it\/2026\/03\/03\/giochi-paralimpici-a-cortina-fulvio-morella-trasforma-la-funivia-in-opera-darte\/#breadcrumb","itemListElement":[{"@type":"ListItem","position":1,"name":"Home","item":"https:\/\/www.bellunopress.it\/"},{"@type":"ListItem","position":2,"name":"Giochi Paralimpici: a Cortina Fulvio Morella trasforma la Funivia in opera d\u2019arte"}]},{"@type":"WebSite","@id":"https:\/\/www.bellunopress.it\/#website","url":"https:\/\/www.bellunopress.it\/","name":"Bellunopress - Dolomiti","description":"e-mail: redazione@bellunopress.it","publisher":{"@id":"https:\/\/www.bellunopress.it\/#organization"},"potentialAction":[{"@type":"SearchAction","target":{"@type":"EntryPoint","urlTemplate":"https:\/\/www.bellunopress.it\/?s={search_term_string}"},"query-input":{"@type":"PropertyValueSpecification","valueRequired":true,"valueName":"search_term_string"}}],"inLanguage":"fr-FR"},{"@type":"Organization","@id":"https:\/\/www.bellunopress.it\/#organization","name":"Bellunopress","url":"https:\/\/www.bellunopress.it\/","logo":{"@type":"ImageObject","inLanguage":"fr-FR","@id":"https:\/\/www.bellunopress.it\/#\/schema\/logo\/image\/","url":"https:\/\/www.bellunopress.it\/wp-content\/uploads\/2011\/05\/cropped-logo-bellunopress-.jpg","contentUrl":"https:\/\/www.bellunopress.it\/wp-content\/uploads\/2011\/05\/cropped-logo-bellunopress-.jpg","width":512,"height":512,"caption":"Bellunopress"},"image":{"@id":"https:\/\/www.bellunopress.it\/#\/schema\/logo\/image\/"},"sameAs":["https:\/\/www.facebook.com\/profile.php?id=100008943462799","https:\/\/x.com\/bellunopress","https:\/\/www.linkedin.com\/hp\/?dnr=JBzUWaJfMUw8vbXJJ2tVW5-I3jZKvC4wsoxE&amp;amp;amp;amp;amp;amp;trk=nav_responsive_tab_home","https:\/\/www.youtube.com\/channel\/UCxL0wu1uN0_3_7hGG0306cw"]},{"@type":"Person","@id":"https:\/\/www.bellunopress.it\/#\/schema\/person\/79bb06722b37ece1c03d3e94beb30d73","name":"r\u00e9daction","image":{"@type":"ImageObject","inLanguage":"fr-FR","@id":"https:\/\/secure.gravatar.com\/avatar\/37d968a2e67a6fd04c169c4bdef102d0bc5d31b2546345219e348575eb80e9a0?s=96&d=mm&r=g","url":"https:\/\/secure.gravatar.com\/avatar\/37d968a2e67a6fd04c169c4bdef102d0bc5d31b2546345219e348575eb80e9a0?s=96&d=mm&r=g","contentUrl":"https:\/\/secure.gravatar.com\/avatar\/37d968a2e67a6fd04c169c4bdef102d0bc5d31b2546345219e348575eb80e9a0?s=96&d=mm&r=g","caption":"redazione"},"sameAs":["http:\/\/www.bellunopress.it","https:\/\/x.com\/bellunopress"],"url":"https:\/\/www.bellunopress.it\/fr\/author\/redazione\/"}]}},"_links":{"self":[{"href":"https:\/\/www.bellunopress.it\/fr\/wp-json\/wp\/v2\/posts\/167867","targetHints":{"allow":["GET"]}}],"collection":[{"href":"https:\/\/www.bellunopress.it\/fr\/wp-json\/wp\/v2\/posts"}],"about":[{"href":"https:\/\/www.bellunopress.it\/fr\/wp-json\/wp\/v2\/types\/post"}],"author":[{"embeddable":true,"href":"https:\/\/www.bellunopress.it\/fr\/wp-json\/wp\/v2\/users\/2"}],"replies":[{"embeddable":true,"href":"https:\/\/www.bellunopress.it\/fr\/wp-json\/wp\/v2\/comments?post=167867"}],"version-history":[{"count":1,"href":"https:\/\/www.bellunopress.it\/fr\/wp-json\/wp\/v2\/posts\/167867\/revisions"}],"predecessor-version":[{"id":167868,"href":"https:\/\/www.bellunopress.it\/fr\/wp-json\/wp\/v2\/posts\/167867\/revisions\/167868"}],"wp:featuredmedia":[{"embeddable":true,"href":"https:\/\/www.bellunopress.it\/fr\/wp-json\/wp\/v2\/media\/110589"}],"wp:attachment":[{"href":"https:\/\/www.bellunopress.it\/fr\/wp-json\/wp\/v2\/media?parent=167867"}],"wp:term":[{"taxonomy":"category","embeddable":true,"href":"https:\/\/www.bellunopress.it\/fr\/wp-json\/wp\/v2\/categories?post=167867"},{"taxonomy":"post_tag","embeddable":true,"href":"https:\/\/www.bellunopress.it\/fr\/wp-json\/wp\/v2\/tags?post=167867"}],"curies":[{"name":"wp","href":"https:\/\/api.w.org\/{rel}","templated":true}]}}