{"id":167864,"date":"2026-03-03T18:29:00","date_gmt":"2026-03-03T17:29:00","guid":{"rendered":"https:\/\/www.bellunopress.it\/?p=167864"},"modified":"2026-03-03T18:29:00","modified_gmt":"2026-03-03T17:29:00","slug":"crisi-tavolo-innovatek-di-longarone-assessore-bitonci-prosegue-il-processo-di-rilancio-migliorano-i-dati-sulloccupazione","status":"publish","type":"post","link":"https:\/\/www.bellunopress.it\/fr\/2026\/03\/03\/crisi-tavolo-innovatek-di-longarone-assessore-bitonci-prosegue-il-processo-di-rilancio-migliorano-i-dati-sulloccupazione\/","title":{"rendered":"Crisi. Tavolo Innovatek di Longarone, assessore Bitonci: &#8220;Prosegue il processo di rilancio, migliorano i dati sull&#8217;occupazione&#8221;"},"content":{"rendered":"<p>Venezia, 3 marzo 2026 &#8211; Si \u00e8 riunito ieri il tavolo regionale di monitoraggio relativo alla reindustrializzazione realizzata da Innovatek Longarone (Belluno). All\u2019incontro, convocato dall\u2019assessore regionale Massimo Bitonci e coordinato da Giuliano Bascetta dell\u2019Unit\u00e0 di crisi aziendali di Veneto Lavoro, hanno partecipato la Direzione Lavoro regionale, l\u2019azienda con i suoi consulenti, le organizzazioni sindacali Filctem CGIL, Femca CISL e Uiltec UIL e i rappresentanti dei lavoratori.<\/p>\n<p>\u201cInnovatek \u00e8 un\u2019azienda che richiama una forte attenzione mediatica \u2013 afferma l\u2019assessore Bitonci &#8211; perch\u00e9 si \u00e8 resa protagonista di una reindustrializzazione importante rilevando nel 2023 un ramo d\u2019azienda Safilo. E\u2019 una start-up \u00e8 partita da zero con un Piano industriale e 192 lavoratori. Un\u2019impresa che, quindi, ha dovuto costruirsi, sviluppando un progetto che, come Regione, abbiamo monitorato costantemente, con le Parti sociali, nella sua evoluzione. Questo progetto ha dovuto adattarsi ai cambiamenti del mercato attuando anche una parziale diversificazione rispetto alle lavorazioni per l\u2019occhialeria che, in questi ultimi periodi, hanno registrato un rallentamento. Oggi l\u2019azienda ha raggiunto un buon livello di attivit\u00e0, e la cassa integrazione nell\u2019ultimo mese \u00e8 stata utilizzata per una media del 25% sul totale delle ore lavorate, scendendo sotto il 20% negli ultimi giorni\u201d.<\/p>\n<p>\u201cIn merito all\u2019acquisizione di nuove commesse \u2013 continua l\u2019assessore -, l\u2019azienda ha dichiarato che il lavoro prosegue con buone prospettive sia rispetto a quelle per l\u2019occhialeria che alle altre produzioni meccatroniche. L\u2019auspicio \u00e8 che i livelli di attivit\u00e0 continuino ad aumentare azzerando il ricorso alla cassa. Nell\u2019incontro sono stati riportati alcuni ritardi dei pagamenti del TFR dei lavoratori fuoriusciti nei mesi scorsi non imputabili all\u2019azienda, perch\u00e9 riguardanti la quota in capo all\u2019INPS. Su questo fronte stiamo approfondendo la questione insieme alle Parti sindacali e all\u2019azienda\u201d.<\/p>\n<p>\u201cAbbiamo infine constatato &#8211; conclude Bitonci &#8211; che l\u2019azienda adempie regolarmente ai pagamenti nei confronti dei lavoratori. Il prossimo incontro del tavolo di monitoraggio \u00e8 previsto per i primi giorni di maggio\u201d.<\/p>","protected":false},"excerpt":{"rendered":"<p>Venezia, 3 marzo 2026 &#8211; Si \u00e8 riunito ieri il tavolo regionale di monitoraggio relativo alla reindustrializzazione realizzata da Innovatek Longarone (Belluno). All\u2019incontro, convocato dall\u2019assessore regionale Massimo Bitonci e coordinato da Giuliano Bascetta dell\u2019Unit\u00e0 di crisi aziendali di Veneto Lavoro, hanno partecipato la Direzione Lavoro regionale, l\u2019azienda con i suoi consulenti, le organizzazioni sindacali Filctem [&hellip;]<\/p>\n","protected":false},"author":2,"featured_media":167865,"comment_status":"closed","ping_status":"open","sticky":false,"template":"","format":"standard","meta":{"footnotes":""},"categories":[36],"tags":[],"class_list":["post-167864","post","type-post","status-publish","format-standard","has-post-thumbnail","category-lavoro-economia"],"yoast_head":"<!-- This site is optimized with the Yoast SEO plugin v28.4 - https:\/\/yoast.com\/product\/yoast-seo-wordpress\/ -->\n<title>Crisi. Tavolo Innovatek di Longarone, assessore Bitonci: &quot;Prosegue il processo di rilancio, migliorano i dati sull&#039;occupazione&quot; - Bellunopress - Dolomiti<\/title>\n<meta name=\"robots\" content=\"index, follow, max-snippet:-1, max-image-preview:large, max-video-preview:-1\" \/>\n<link rel=\"canonical\" href=\"https:\/\/www.bellunopress.it\/fr\/2026\/03\/03\/crisi-tavolo-innovatek-di-longarone-assessore-bitonci-prosegue-il-processo-di-rilancio-migliorano-i-dati-sulloccupazione\/\" \/>\n<meta property=\"og:locale\" content=\"fr_FR\" \/>\n<meta property=\"og:type\" content=\"article\" \/>\n<meta property=\"og:title\" content=\"Crisi. Tavolo Innovatek di Longarone, assessore Bitonci: &quot;Prosegue il processo di rilancio, migliorano i dati sull&#039;occupazione&quot; - Bellunopress - Dolomiti\" \/>\n<meta property=\"og:description\" content=\"Venezia, 3 marzo 2026 &#8211; Si \u00e8 riunito ieri il tavolo regionale di monitoraggio relativo alla reindustrializzazione realizzata da Innovatek Longarone (Belluno). All\u2019incontro, convocato dall\u2019assessore regionale Massimo Bitonci e coordinato da Giuliano Bascetta dell\u2019Unit\u00e0 di crisi aziendali di Veneto Lavoro, hanno partecipato la Direzione Lavoro regionale, l\u2019azienda con i suoi consulenti, le organizzazioni sindacali Filctem [&hellip;]\" \/>\n<meta property=\"og:url\" content=\"https:\/\/www.bellunopress.it\/fr\/2026\/03\/03\/crisi-tavolo-innovatek-di-longarone-assessore-bitonci-prosegue-il-processo-di-rilancio-migliorano-i-dati-sulloccupazione\/\" \/>\n<meta property=\"og:site_name\" content=\"Bellunopress - Dolomiti\" \/>\n<meta property=\"article:publisher\" content=\"https:\/\/www.facebook.com\/profile.php?id=100008943462799\" \/>\n<meta property=\"article:published_time\" content=\"2026-03-03T17:29:00+00:00\" \/>\n<meta property=\"og:image\" content=\"https:\/\/www.bellunopress.it\/wp-content\/uploads\/2026\/03\/Innovatek-Longarone.jpg\" \/>\n\t<meta property=\"og:image:width\" content=\"500\" \/>\n\t<meta property=\"og:image:height\" content=\"291\" \/>\n\t<meta property=\"og:image:type\" content=\"image\/jpeg\" \/>\n<meta name=\"author\" content=\"redazione\" \/>\n<meta name=\"twitter:card\" content=\"summary_large_image\" \/>\n<meta name=\"twitter:creator\" content=\"@bellunopress\" \/>\n<meta name=\"twitter:site\" content=\"@bellunopress\" \/>\n<meta name=\"twitter:label1\" content=\"\u00c9crit par\" \/>\n\t<meta name=\"twitter:data1\" content=\"redazione\" \/>\n\t<meta name=\"twitter:label2\" content=\"Dur\u00e9e de lecture estim\u00e9e\" \/>\n\t<meta name=\"twitter:data2\" content=\"2 minutes\" \/>\n<script type=\"application\/ld+json\" class=\"yoast-schema-graph\">{\"@context\":\"https:\\\/\\\/schema.org\",\"@graph\":[{\"@type\":\"Article\",\"@id\":\"https:\\\/\\\/www.bellunopress.it\\\/2026\\\/03\\\/03\\\/crisi-tavolo-innovatek-di-longarone-assessore-bitonci-prosegue-il-processo-di-rilancio-migliorano-i-dati-sulloccupazione\\\/#article\",\"isPartOf\":{\"@id\":\"https:\\\/\\\/www.bellunopress.it\\\/2026\\\/03\\\/03\\\/crisi-tavolo-innovatek-di-longarone-assessore-bitonci-prosegue-il-processo-di-rilancio-migliorano-i-dati-sulloccupazione\\\/\"},\"author\":{\"name\":\"redazione\",\"@id\":\"https:\\\/\\\/www.bellunopress.it\\\/#\\\/schema\\\/person\\\/79bb06722b37ece1c03d3e94beb30d73\"},\"headline\":\"Crisi. Tavolo Innovatek di Longarone, assessore Bitonci: &#8220;Prosegue il processo di rilancio, migliorano i dati sull&#8217;occupazione&#8221;\",\"datePublished\":\"2026-03-03T17:29:00+00:00\",\"mainEntityOfPage\":{\"@id\":\"https:\\\/\\\/www.bellunopress.it\\\/2026\\\/03\\\/03\\\/crisi-tavolo-innovatek-di-longarone-assessore-bitonci-prosegue-il-processo-di-rilancio-migliorano-i-dati-sulloccupazione\\\/\"},\"wordCount\":335,\"publisher\":{\"@id\":\"https:\\\/\\\/www.bellunopress.it\\\/#organization\"},\"image\":{\"@id\":\"https:\\\/\\\/www.bellunopress.it\\\/2026\\\/03\\\/03\\\/crisi-tavolo-innovatek-di-longarone-assessore-bitonci-prosegue-il-processo-di-rilancio-migliorano-i-dati-sulloccupazione\\\/#primaryimage\"},\"thumbnailUrl\":\"https:\\\/\\\/www.bellunopress.it\\\/wp-content\\\/uploads\\\/2026\\\/03\\\/Innovatek-Longarone.jpg\",\"articleSection\":[\"Lavoro, Economia, Turismo\"],\"inLanguage\":\"fr-FR\"},{\"@type\":\"WebPage\",\"@id\":\"https:\\\/\\\/www.bellunopress.it\\\/2026\\\/03\\\/03\\\/crisi-tavolo-innovatek-di-longarone-assessore-bitonci-prosegue-il-processo-di-rilancio-migliorano-i-dati-sulloccupazione\\\/\",\"url\":\"https:\\\/\\\/www.bellunopress.it\\\/2026\\\/03\\\/03\\\/crisi-tavolo-innovatek-di-longarone-assessore-bitonci-prosegue-il-processo-di-rilancio-migliorano-i-dati-sulloccupazione\\\/\",\"name\":\"Crisi. Tavolo Innovatek di Longarone, assessore Bitonci: \\\"Prosegue il processo di rilancio, migliorano i dati sull'occupazione\\\" - Bellunopress - Dolomiti\",\"isPartOf\":{\"@id\":\"https:\\\/\\\/www.bellunopress.it\\\/#website\"},\"primaryImageOfPage\":{\"@id\":\"https:\\\/\\\/www.bellunopress.it\\\/2026\\\/03\\\/03\\\/crisi-tavolo-innovatek-di-longarone-assessore-bitonci-prosegue-il-processo-di-rilancio-migliorano-i-dati-sulloccupazione\\\/#primaryimage\"},\"image\":{\"@id\":\"https:\\\/\\\/www.bellunopress.it\\\/2026\\\/03\\\/03\\\/crisi-tavolo-innovatek-di-longarone-assessore-bitonci-prosegue-il-processo-di-rilancio-migliorano-i-dati-sulloccupazione\\\/#primaryimage\"},\"thumbnailUrl\":\"https:\\\/\\\/www.bellunopress.it\\\/wp-content\\\/uploads\\\/2026\\\/03\\\/Innovatek-Longarone.jpg\",\"datePublished\":\"2026-03-03T17:29:00+00:00\",\"breadcrumb\":{\"@id\":\"https:\\\/\\\/www.bellunopress.it\\\/2026\\\/03\\\/03\\\/crisi-tavolo-innovatek-di-longarone-assessore-bitonci-prosegue-il-processo-di-rilancio-migliorano-i-dati-sulloccupazione\\\/#breadcrumb\"},\"inLanguage\":\"fr-FR\",\"potentialAction\":[{\"@type\":\"ReadAction\",\"target\":[\"https:\\\/\\\/www.bellunopress.it\\\/2026\\\/03\\\/03\\\/crisi-tavolo-innovatek-di-longarone-assessore-bitonci-prosegue-il-processo-di-rilancio-migliorano-i-dati-sulloccupazione\\\/\"]}]},{\"@type\":\"ImageObject\",\"inLanguage\":\"fr-FR\",\"@id\":\"https:\\\/\\\/www.bellunopress.it\\\/2026\\\/03\\\/03\\\/crisi-tavolo-innovatek-di-longarone-assessore-bitonci-prosegue-il-processo-di-rilancio-migliorano-i-dati-sulloccupazione\\\/#primaryimage\",\"url\":\"https:\\\/\\\/www.bellunopress.it\\\/wp-content\\\/uploads\\\/2026\\\/03\\\/Innovatek-Longarone.jpg\",\"contentUrl\":\"https:\\\/\\\/www.bellunopress.it\\\/wp-content\\\/uploads\\\/2026\\\/03\\\/Innovatek-Longarone.jpg\",\"width\":500,\"height\":291},{\"@type\":\"BreadcrumbList\",\"@id\":\"https:\\\/\\\/www.bellunopress.it\\\/2026\\\/03\\\/03\\\/crisi-tavolo-innovatek-di-longarone-assessore-bitonci-prosegue-il-processo-di-rilancio-migliorano-i-dati-sulloccupazione\\\/#breadcrumb\",\"itemListElement\":[{\"@type\":\"ListItem\",\"position\":1,\"name\":\"Home\",\"item\":\"https:\\\/\\\/www.bellunopress.it\\\/\"},{\"@type\":\"ListItem\",\"position\":2,\"name\":\"Crisi. Tavolo Innovatek di Longarone, assessore Bitonci: &#8220;Prosegue il processo di rilancio, migliorano i dati sull&#8217;occupazione&#8221;\"}]},{\"@type\":\"WebSite\",\"@id\":\"https:\\\/\\\/www.bellunopress.it\\\/#website\",\"url\":\"https:\\\/\\\/www.bellunopress.it\\\/\",\"name\":\"Bellunopress - Dolomiti\",\"description\":\"e-mail: redazione@bellunopress.it\",\"publisher\":{\"@id\":\"https:\\\/\\\/www.bellunopress.it\\\/#organization\"},\"potentialAction\":[{\"@type\":\"SearchAction\",\"target\":{\"@type\":\"EntryPoint\",\"urlTemplate\":\"https:\\\/\\\/www.bellunopress.it\\\/?s={search_term_string}\"},\"query-input\":{\"@type\":\"PropertyValueSpecification\",\"valueRequired\":true,\"valueName\":\"search_term_string\"}}],\"inLanguage\":\"fr-FR\"},{\"@type\":\"Organization\",\"@id\":\"https:\\\/\\\/www.bellunopress.it\\\/#organization\",\"name\":\"Bellunopress\",\"url\":\"https:\\\/\\\/www.bellunopress.it\\\/\",\"logo\":{\"@type\":\"ImageObject\",\"inLanguage\":\"fr-FR\",\"@id\":\"https:\\\/\\\/www.bellunopress.it\\\/#\\\/schema\\\/logo\\\/image\\\/\",\"url\":\"https:\\\/\\\/www.bellunopress.it\\\/wp-content\\\/uploads\\\/2011\\\/05\\\/cropped-logo-bellunopress-.jpg\",\"contentUrl\":\"https:\\\/\\\/www.bellunopress.it\\\/wp-content\\\/uploads\\\/2011\\\/05\\\/cropped-logo-bellunopress-.jpg\",\"width\":512,\"height\":512,\"caption\":\"Bellunopress\"},\"image\":{\"@id\":\"https:\\\/\\\/www.bellunopress.it\\\/#\\\/schema\\\/logo\\\/image\\\/\"},\"sameAs\":[\"https:\\\/\\\/www.facebook.com\\\/profile.php?id=100008943462799\",\"https:\\\/\\\/x.com\\\/bellunopress\",\"https:\\\/\\\/www.linkedin.com\\\/hp\\\/?dnr=JBzUWaJfMUw8vbXJJ2tVW5-I3jZKvC4wsoxE&amp;amp;amp;amp;amp;amp;trk=nav_responsive_tab_home\",\"https:\\\/\\\/www.youtube.com\\\/channel\\\/UCxL0wu1uN0_3_7hGG0306cw\"]},{\"@type\":\"Person\",\"@id\":\"https:\\\/\\\/www.bellunopress.it\\\/#\\\/schema\\\/person\\\/79bb06722b37ece1c03d3e94beb30d73\",\"name\":\"redazione\",\"image\":{\"@type\":\"ImageObject\",\"inLanguage\":\"fr-FR\",\"@id\":\"https:\\\/\\\/secure.gravatar.com\\\/avatar\\\/37d968a2e67a6fd04c169c4bdef102d0bc5d31b2546345219e348575eb80e9a0?s=96&d=mm&r=g\",\"url\":\"https:\\\/\\\/secure.gravatar.com\\\/avatar\\\/37d968a2e67a6fd04c169c4bdef102d0bc5d31b2546345219e348575eb80e9a0?s=96&d=mm&r=g\",\"contentUrl\":\"https:\\\/\\\/secure.gravatar.com\\\/avatar\\\/37d968a2e67a6fd04c169c4bdef102d0bc5d31b2546345219e348575eb80e9a0?s=96&d=mm&r=g\",\"caption\":\"redazione\"},\"sameAs\":[\"http:\\\/\\\/www.bellunopress.it\",\"https:\\\/\\\/x.com\\\/bellunopress\"],\"url\":\"https:\\\/\\\/www.bellunopress.it\\\/fr\\\/author\\\/redazione\\\/\"}]}<\/script>\n<!-- \/ Yoast SEO plugin. -->","yoast_head_json":{"title":"Crisi. Tavolo Innovatek di Longarone, assessore Bitonci: \"Prosegue il processo di rilancio, migliorano i dati sull'occupazione\" - Bellunopress - Dolomiti","robots":{"index":"index","follow":"follow","max-snippet":"max-snippet:-1","max-image-preview":"max-image-preview:large","max-video-preview":"max-video-preview:-1"},"canonical":"https:\/\/www.bellunopress.it\/fr\/2026\/03\/03\/crisi-tavolo-innovatek-di-longarone-assessore-bitonci-prosegue-il-processo-di-rilancio-migliorano-i-dati-sulloccupazione\/","og_locale":"fr_FR","og_type":"article","og_title":"Crisi. Tavolo Innovatek di Longarone, assessore Bitonci: \"Prosegue il processo di rilancio, migliorano i dati sull'occupazione\" - Bellunopress - Dolomiti","og_description":"Venezia, 3 marzo 2026 &#8211; Si \u00e8 riunito ieri il tavolo regionale di monitoraggio relativo alla reindustrializzazione realizzata da Innovatek Longarone (Belluno). All\u2019incontro, convocato dall\u2019assessore regionale Massimo Bitonci e coordinato da Giuliano Bascetta dell\u2019Unit\u00e0 di crisi aziendali di Veneto Lavoro, hanno partecipato la Direzione Lavoro regionale, l\u2019azienda con i suoi consulenti, le organizzazioni sindacali Filctem [&hellip;]","og_url":"https:\/\/www.bellunopress.it\/fr\/2026\/03\/03\/crisi-tavolo-innovatek-di-longarone-assessore-bitonci-prosegue-il-processo-di-rilancio-migliorano-i-dati-sulloccupazione\/","og_site_name":"Bellunopress - Dolomiti","article_publisher":"https:\/\/www.facebook.com\/profile.php?id=100008943462799","article_published_time":"2026-03-03T17:29:00+00:00","og_image":[{"width":500,"height":291,"url":"https:\/\/www.bellunopress.it\/wp-content\/uploads\/2026\/03\/Innovatek-Longarone.jpg","type":"image\/jpeg"}],"author":"redazione","twitter_card":"summary_large_image","twitter_creator":"@bellunopress","twitter_site":"@bellunopress","twitter_misc":{"\u00c9crit par":"redazione","Dur\u00e9e de lecture estim\u00e9e":"2 minutes"},"schema":{"@context":"https:\/\/schema.org","@graph":[{"@type":"Article","@id":"https:\/\/www.bellunopress.it\/2026\/03\/03\/crisi-tavolo-innovatek-di-longarone-assessore-bitonci-prosegue-il-processo-di-rilancio-migliorano-i-dati-sulloccupazione\/#article","isPartOf":{"@id":"https:\/\/www.bellunopress.it\/2026\/03\/03\/crisi-tavolo-innovatek-di-longarone-assessore-bitonci-prosegue-il-processo-di-rilancio-migliorano-i-dati-sulloccupazione\/"},"author":{"name":"redazione","@id":"https:\/\/www.bellunopress.it\/#\/schema\/person\/79bb06722b37ece1c03d3e94beb30d73"},"headline":"Crisi. Tavolo Innovatek di Longarone, assessore Bitonci: &#8220;Prosegue il processo di rilancio, migliorano i dati sull&#8217;occupazione&#8221;","datePublished":"2026-03-03T17:29:00+00:00","mainEntityOfPage":{"@id":"https:\/\/www.bellunopress.it\/2026\/03\/03\/crisi-tavolo-innovatek-di-longarone-assessore-bitonci-prosegue-il-processo-di-rilancio-migliorano-i-dati-sulloccupazione\/"},"wordCount":335,"publisher":{"@id":"https:\/\/www.bellunopress.it\/#organization"},"image":{"@id":"https:\/\/www.bellunopress.it\/2026\/03\/03\/crisi-tavolo-innovatek-di-longarone-assessore-bitonci-prosegue-il-processo-di-rilancio-migliorano-i-dati-sulloccupazione\/#primaryimage"},"thumbnailUrl":"https:\/\/www.bellunopress.it\/wp-content\/uploads\/2026\/03\/Innovatek-Longarone.jpg","articleSection":["Lavoro, Economia, Turismo"],"inLanguage":"fr-FR"},{"@type":"WebPage","@id":"https:\/\/www.bellunopress.it\/2026\/03\/03\/crisi-tavolo-innovatek-di-longarone-assessore-bitonci-prosegue-il-processo-di-rilancio-migliorano-i-dati-sulloccupazione\/","url":"https:\/\/www.bellunopress.it\/2026\/03\/03\/crisi-tavolo-innovatek-di-longarone-assessore-bitonci-prosegue-il-processo-di-rilancio-migliorano-i-dati-sulloccupazione\/","name":"Crisi. Tavolo Innovatek di Longarone, assessore Bitonci: \"Prosegue il processo di rilancio, migliorano i dati sull'occupazione\" - Bellunopress - Dolomiti","isPartOf":{"@id":"https:\/\/www.bellunopress.it\/#website"},"primaryImageOfPage":{"@id":"https:\/\/www.bellunopress.it\/2026\/03\/03\/crisi-tavolo-innovatek-di-longarone-assessore-bitonci-prosegue-il-processo-di-rilancio-migliorano-i-dati-sulloccupazione\/#primaryimage"},"image":{"@id":"https:\/\/www.bellunopress.it\/2026\/03\/03\/crisi-tavolo-innovatek-di-longarone-assessore-bitonci-prosegue-il-processo-di-rilancio-migliorano-i-dati-sulloccupazione\/#primaryimage"},"thumbnailUrl":"https:\/\/www.bellunopress.it\/wp-content\/uploads\/2026\/03\/Innovatek-Longarone.jpg","datePublished":"2026-03-03T17:29:00+00:00","breadcrumb":{"@id":"https:\/\/www.bellunopress.it\/2026\/03\/03\/crisi-tavolo-innovatek-di-longarone-assessore-bitonci-prosegue-il-processo-di-rilancio-migliorano-i-dati-sulloccupazione\/#breadcrumb"},"inLanguage":"fr-FR","potentialAction":[{"@type":"ReadAction","target":["https:\/\/www.bellunopress.it\/2026\/03\/03\/crisi-tavolo-innovatek-di-longarone-assessore-bitonci-prosegue-il-processo-di-rilancio-migliorano-i-dati-sulloccupazione\/"]}]},{"@type":"ImageObject","inLanguage":"fr-FR","@id":"https:\/\/www.bellunopress.it\/2026\/03\/03\/crisi-tavolo-innovatek-di-longarone-assessore-bitonci-prosegue-il-processo-di-rilancio-migliorano-i-dati-sulloccupazione\/#primaryimage","url":"https:\/\/www.bellunopress.it\/wp-content\/uploads\/2026\/03\/Innovatek-Longarone.jpg","contentUrl":"https:\/\/www.bellunopress.it\/wp-content\/uploads\/2026\/03\/Innovatek-Longarone.jpg","width":500,"height":291},{"@type":"BreadcrumbList","@id":"https:\/\/www.bellunopress.it\/2026\/03\/03\/crisi-tavolo-innovatek-di-longarone-assessore-bitonci-prosegue-il-processo-di-rilancio-migliorano-i-dati-sulloccupazione\/#breadcrumb","itemListElement":[{"@type":"ListItem","position":1,"name":"Home","item":"https:\/\/www.bellunopress.it\/"},{"@type":"ListItem","position":2,"name":"Crisi. Tavolo Innovatek di Longarone, assessore Bitonci: &#8220;Prosegue il processo di rilancio, migliorano i dati sull&#8217;occupazione&#8221;"}]},{"@type":"WebSite","@id":"https:\/\/www.bellunopress.it\/#website","url":"https:\/\/www.bellunopress.it\/","name":"Bellunopress - Dolomiti","description":"e-mail: redazione@bellunopress.it","publisher":{"@id":"https:\/\/www.bellunopress.it\/#organization"},"potentialAction":[{"@type":"SearchAction","target":{"@type":"EntryPoint","urlTemplate":"https:\/\/www.bellunopress.it\/?s={search_term_string}"},"query-input":{"@type":"PropertyValueSpecification","valueRequired":true,"valueName":"search_term_string"}}],"inLanguage":"fr-FR"},{"@type":"Organization","@id":"https:\/\/www.bellunopress.it\/#organization","name":"Bellunopress","url":"https:\/\/www.bellunopress.it\/","logo":{"@type":"ImageObject","inLanguage":"fr-FR","@id":"https:\/\/www.bellunopress.it\/#\/schema\/logo\/image\/","url":"https:\/\/www.bellunopress.it\/wp-content\/uploads\/2011\/05\/cropped-logo-bellunopress-.jpg","contentUrl":"https:\/\/www.bellunopress.it\/wp-content\/uploads\/2011\/05\/cropped-logo-bellunopress-.jpg","width":512,"height":512,"caption":"Bellunopress"},"image":{"@id":"https:\/\/www.bellunopress.it\/#\/schema\/logo\/image\/"},"sameAs":["https:\/\/www.facebook.com\/profile.php?id=100008943462799","https:\/\/x.com\/bellunopress","https:\/\/www.linkedin.com\/hp\/?dnr=JBzUWaJfMUw8vbXJJ2tVW5-I3jZKvC4wsoxE&amp;amp;amp;amp;amp;amp;trk=nav_responsive_tab_home","https:\/\/www.youtube.com\/channel\/UCxL0wu1uN0_3_7hGG0306cw"]},{"@type":"Person","@id":"https:\/\/www.bellunopress.it\/#\/schema\/person\/79bb06722b37ece1c03d3e94beb30d73","name":"r\u00e9daction","image":{"@type":"ImageObject","inLanguage":"fr-FR","@id":"https:\/\/secure.gravatar.com\/avatar\/37d968a2e67a6fd04c169c4bdef102d0bc5d31b2546345219e348575eb80e9a0?s=96&d=mm&r=g","url":"https:\/\/secure.gravatar.com\/avatar\/37d968a2e67a6fd04c169c4bdef102d0bc5d31b2546345219e348575eb80e9a0?s=96&d=mm&r=g","contentUrl":"https:\/\/secure.gravatar.com\/avatar\/37d968a2e67a6fd04c169c4bdef102d0bc5d31b2546345219e348575eb80e9a0?s=96&d=mm&r=g","caption":"redazione"},"sameAs":["http:\/\/www.bellunopress.it","https:\/\/x.com\/bellunopress"],"url":"https:\/\/www.bellunopress.it\/fr\/author\/redazione\/"}]}},"_links":{"self":[{"href":"https:\/\/www.bellunopress.it\/fr\/wp-json\/wp\/v2\/posts\/167864","targetHints":{"allow":["GET"]}}],"collection":[{"href":"https:\/\/www.bellunopress.it\/fr\/wp-json\/wp\/v2\/posts"}],"about":[{"href":"https:\/\/www.bellunopress.it\/fr\/wp-json\/wp\/v2\/types\/post"}],"author":[{"embeddable":true,"href":"https:\/\/www.bellunopress.it\/fr\/wp-json\/wp\/v2\/users\/2"}],"replies":[{"embeddable":true,"href":"https:\/\/www.bellunopress.it\/fr\/wp-json\/wp\/v2\/comments?post=167864"}],"version-history":[{"count":1,"href":"https:\/\/www.bellunopress.it\/fr\/wp-json\/wp\/v2\/posts\/167864\/revisions"}],"predecessor-version":[{"id":167866,"href":"https:\/\/www.bellunopress.it\/fr\/wp-json\/wp\/v2\/posts\/167864\/revisions\/167866"}],"wp:featuredmedia":[{"embeddable":true,"href":"https:\/\/www.bellunopress.it\/fr\/wp-json\/wp\/v2\/media\/167865"}],"wp:attachment":[{"href":"https:\/\/www.bellunopress.it\/fr\/wp-json\/wp\/v2\/media?parent=167864"}],"wp:term":[{"taxonomy":"category","embeddable":true,"href":"https:\/\/www.bellunopress.it\/fr\/wp-json\/wp\/v2\/categories?post=167864"},{"taxonomy":"post_tag","embeddable":true,"href":"https:\/\/www.bellunopress.it\/fr\/wp-json\/wp\/v2\/tags?post=167864"}],"curies":[{"name":"wp","href":"https:\/\/api.w.org\/{rel}","templated":true}]}}