{"id":167860,"date":"2026-03-03T16:50:59","date_gmt":"2026-03-03T15:50:59","guid":{"rendered":"https:\/\/www.bellunopress.it\/?p=167860"},"modified":"2026-03-03T16:50:59","modified_gmt":"2026-03-03T15:50:59","slug":"addio-al-professor-mario-sintich-una-vita-tra-cultura-storia-e-diplomazia","status":"publish","type":"post","link":"https:\/\/www.bellunopress.it\/fr\/2026\/03\/03\/addio-al-professor-mario-sintich-una-vita-tra-cultura-storia-e-diplomazia\/","title":{"rendered":"Addio al professor Mario Sintich: una vita tra cultura, storia e diplomazia"},"content":{"rendered":"<p data-path-to-node=\"3\"><b data-path-to-node=\"3\" data-index-in-node=\"0\">Si \u00e8 spento a Padova, a 100 anni, l&#8217;insigne studioso e diplomatico della cultura. Sopravvissuto alle foibe, fu amico di Sciascia ed Eco e port\u00f2 l&#8217;italianit\u00e0 nel mondo<\/b><\/p>\n<p data-path-to-node=\"4\">PADOVA \/ BELLUNO 03\/03\/2026 \u2013 Con la scomparsa del professor Mario Sintich, avvenuta ieri sera a Padova nella casa della figlia, se ne va non solo un testimone lucido del &#8220;secolo breve&#8221;, ma una delle figure pi\u00f9 poliedriche e prestigiose del panorama culturale bellunese e internazionale. Aveva compiuto cento anni lo scorso 11 novembre, traguardo tagliato con quella brillantezza intellettuale che lo ha accompagnato fino ai suoi ultimi giorni.<\/p>\n<p data-path-to-node=\"6\">La vita di Sintich sembra uscita da un romanzo storico. Nato a Dragosetti, nell&#8217;isola di Cherso, visse sulla propria pelle il dramma del confine orientale. Nel 1945, ancora giovanissimo, riusc\u00ec a sfuggire a un destino tragico: imprigionato e destinato alle foibe, ebbe salva la vita grazie alla complicit\u00e0 di un custode che ne favor\u00ec la fuga.<\/p>\n<p data-path-to-node=\"7\">Approdato nel Bellunese, mise il suo immenso sapere a disposizione delle nuove generazioni. Fu stimato docente di lettere all&#8217;Istituto Tecnico &#8220;Calvi&#8221; e, successivamente, professore di greco e latino al Liceo Classico &#8220;Tiziano<b data-path-to-node=\"7\" data-index-in-node=\"203\">&#8220;<\/b>. Chi sedette tra quei banchi lo ricorda come un erudito dal tratto raffinato, capace di rendere vivi i classici e la filosofia.<\/p>\n<p data-path-to-node=\"9\">La sua missione, tuttavia, super\u00f2 presto i confini provinciali. Per conto del Ministero degli Esteri, Sintich divenne un vero e proprio ambasciatore della lingua e della cultura italiana nel mondo, dirigendo e fondando numerosi Istituti Italiani di Cultura all&#8217;Estero.<\/p>\n<p data-path-to-node=\"10\">Il suo legame con le terre d&#8217;origine rimase forte nel suo impegno diplomatico:<\/p>\n<ul data-path-to-node=\"11\">\n<li>\n<p data-path-to-node=\"11,0,0\">Belgrado (1966-1969): dove oper\u00f2 come rifondatore e direttore dell&#8217;Istituto.<\/p>\n<\/li>\n<li>\n<p data-path-to-node=\"11,1,0\">La Valletta (1982-1985): alla guida del presidio culturale a Malta.<\/p>\n<\/li>\n<li>\n<p data-path-to-node=\"11,2,0\">Zagabria (1988-1991): di cui fu fondatore e primo direttore della filiale croata.<\/p>\n<\/li>\n<\/ul>\n<p data-path-to-node=\"13\">Poliglotta e appassionato ricercatore, Sintich non fu solo un accademico, ma un uomo capace di tessere profonde relazioni umane e intellettuali. La sua cerchia di amicizie includeva i giganti del Novecento: da Leonardo Sciascia a Umberto Eco, da Gesualdo Bufalino fino al violinista Uto Ughi. Dialoghi tra menti luminose che Sintich sapeva alimentare con una verve e una lucidit\u00e0 rimaste intatte fino alla fine di febbraio 2026.<\/p>\n<p data-path-to-node=\"14\">Con la sua scomparsa, il territorio di Sospirolo e l&#8217;intera comunit\u00e0 accademica perdono un uomo che ha saputo trasformare il dolore dell&#8217;esilio in una luminosa carriera dedicata alla bellezza del sapere e al dialogo tra i popoli.<\/p>","protected":false},"excerpt":{"rendered":"<p>Si \u00e8 spento a Padova, a 100 anni, l&#8217;insigne studioso e diplomatico della cultura. Sopravvissuto alle foibe, fu amico di Sciascia ed Eco e port\u00f2 l&#8217;italianit\u00e0 nel mondo PADOVA \/ BELLUNO 03\/03\/2026 \u2013 Con la scomparsa del professor Mario Sintich, avvenuta ieri sera a Padova nella casa della figlia, se ne va non solo un [&hellip;]<\/p>\n","protected":false},"author":2,"featured_media":119261,"comment_status":"closed","ping_status":"open","sticky":false,"template":"","format":"standard","meta":{"footnotes":""},"categories":[5],"tags":[],"class_list":["post-167860","post","type-post","status-publish","format-standard","has-post-thumbnail","category-cronaca"],"yoast_head":"<!-- This site is optimized with the Yoast SEO plugin v28.4 - https:\/\/yoast.com\/product\/yoast-seo-wordpress\/ -->\n<title>Addio al professor Mario Sintich: una vita tra cultura, storia e diplomazia - Bellunopress - Dolomiti<\/title>\n<meta name=\"robots\" content=\"index, follow, max-snippet:-1, max-image-preview:large, max-video-preview:-1\" \/>\n<link rel=\"canonical\" href=\"https:\/\/www.bellunopress.it\/fr\/2026\/03\/03\/addio-al-professor-mario-sintich-una-vita-tra-cultura-storia-e-diplomazia\/\" \/>\n<meta property=\"og:locale\" content=\"fr_FR\" \/>\n<meta property=\"og:type\" content=\"article\" \/>\n<meta property=\"og:title\" content=\"Addio al professor Mario Sintich: una vita tra cultura, storia e diplomazia - Bellunopress - Dolomiti\" \/>\n<meta property=\"og:description\" content=\"Si \u00e8 spento a Padova, a 100 anni, l&#8217;insigne studioso e diplomatico della cultura. Sopravvissuto alle foibe, fu amico di Sciascia ed Eco e port\u00f2 l&#8217;italianit\u00e0 nel mondo PADOVA \/ BELLUNO 03\/03\/2026 \u2013 Con la scomparsa del professor Mario Sintich, avvenuta ieri sera a Padova nella casa della figlia, se ne va non solo un [&hellip;]\" \/>\n<meta property=\"og:url\" content=\"https:\/\/www.bellunopress.it\/fr\/2026\/03\/03\/addio-al-professor-mario-sintich-una-vita-tra-cultura-storia-e-diplomazia\/\" \/>\n<meta property=\"og:site_name\" content=\"Bellunopress - Dolomiti\" \/>\n<meta property=\"article:publisher\" content=\"https:\/\/www.facebook.com\/profile.php?id=100008943462799\" \/>\n<meta property=\"article:published_time\" content=\"2026-03-03T15:50:59+00:00\" \/>\n<meta property=\"og:image\" content=\"https:\/\/www.bellunopress.it\/wp-content\/uploads\/2020\/11\/lutto_edited.jpg\" \/>\n\t<meta property=\"og:image:width\" content=\"800\" \/>\n\t<meta property=\"og:image:height\" content=\"445\" \/>\n\t<meta property=\"og:image:type\" content=\"image\/jpeg\" \/>\n<meta name=\"author\" content=\"redazione\" \/>\n<meta name=\"twitter:card\" content=\"summary_large_image\" \/>\n<meta name=\"twitter:creator\" content=\"@bellunopress\" \/>\n<meta name=\"twitter:site\" content=\"@bellunopress\" \/>\n<meta name=\"twitter:label1\" content=\"\u00c9crit par\" \/>\n\t<meta name=\"twitter:data1\" content=\"redazione\" \/>\n\t<meta name=\"twitter:label2\" content=\"Dur\u00e9e de lecture estim\u00e9e\" \/>\n\t<meta name=\"twitter:data2\" content=\"2 minutes\" \/>\n<script type=\"application\/ld+json\" class=\"yoast-schema-graph\">{\"@context\":\"https:\\\/\\\/schema.org\",\"@graph\":[{\"@type\":\"Article\",\"@id\":\"https:\\\/\\\/www.bellunopress.it\\\/2026\\\/03\\\/03\\\/addio-al-professor-mario-sintich-una-vita-tra-cultura-storia-e-diplomazia\\\/#article\",\"isPartOf\":{\"@id\":\"https:\\\/\\\/www.bellunopress.it\\\/2026\\\/03\\\/03\\\/addio-al-professor-mario-sintich-una-vita-tra-cultura-storia-e-diplomazia\\\/\"},\"author\":{\"name\":\"redazione\",\"@id\":\"https:\\\/\\\/www.bellunopress.it\\\/#\\\/schema\\\/person\\\/79bb06722b37ece1c03d3e94beb30d73\"},\"headline\":\"Addio al professor Mario Sintich: una vita tra cultura, storia e diplomazia\",\"datePublished\":\"2026-03-03T15:50:59+00:00\",\"mainEntityOfPage\":{\"@id\":\"https:\\\/\\\/www.bellunopress.it\\\/2026\\\/03\\\/03\\\/addio-al-professor-mario-sintich-una-vita-tra-cultura-storia-e-diplomazia\\\/\"},\"wordCount\":407,\"publisher\":{\"@id\":\"https:\\\/\\\/www.bellunopress.it\\\/#organization\"},\"image\":{\"@id\":\"https:\\\/\\\/www.bellunopress.it\\\/2026\\\/03\\\/03\\\/addio-al-professor-mario-sintich-una-vita-tra-cultura-storia-e-diplomazia\\\/#primaryimage\"},\"thumbnailUrl\":\"https:\\\/\\\/www.bellunopress.it\\\/wp-content\\\/uploads\\\/2020\\\/11\\\/lutto_edited.jpg\",\"articleSection\":[\"Cronaca\\\/Politica\"],\"inLanguage\":\"fr-FR\"},{\"@type\":\"WebPage\",\"@id\":\"https:\\\/\\\/www.bellunopress.it\\\/2026\\\/03\\\/03\\\/addio-al-professor-mario-sintich-una-vita-tra-cultura-storia-e-diplomazia\\\/\",\"url\":\"https:\\\/\\\/www.bellunopress.it\\\/2026\\\/03\\\/03\\\/addio-al-professor-mario-sintich-una-vita-tra-cultura-storia-e-diplomazia\\\/\",\"name\":\"Addio al professor Mario Sintich: una vita tra cultura, storia e diplomazia - Bellunopress - Dolomiti\",\"isPartOf\":{\"@id\":\"https:\\\/\\\/www.bellunopress.it\\\/#website\"},\"primaryImageOfPage\":{\"@id\":\"https:\\\/\\\/www.bellunopress.it\\\/2026\\\/03\\\/03\\\/addio-al-professor-mario-sintich-una-vita-tra-cultura-storia-e-diplomazia\\\/#primaryimage\"},\"image\":{\"@id\":\"https:\\\/\\\/www.bellunopress.it\\\/2026\\\/03\\\/03\\\/addio-al-professor-mario-sintich-una-vita-tra-cultura-storia-e-diplomazia\\\/#primaryimage\"},\"thumbnailUrl\":\"https:\\\/\\\/www.bellunopress.it\\\/wp-content\\\/uploads\\\/2020\\\/11\\\/lutto_edited.jpg\",\"datePublished\":\"2026-03-03T15:50:59+00:00\",\"breadcrumb\":{\"@id\":\"https:\\\/\\\/www.bellunopress.it\\\/2026\\\/03\\\/03\\\/addio-al-professor-mario-sintich-una-vita-tra-cultura-storia-e-diplomazia\\\/#breadcrumb\"},\"inLanguage\":\"fr-FR\",\"potentialAction\":[{\"@type\":\"ReadAction\",\"target\":[\"https:\\\/\\\/www.bellunopress.it\\\/2026\\\/03\\\/03\\\/addio-al-professor-mario-sintich-una-vita-tra-cultura-storia-e-diplomazia\\\/\"]}]},{\"@type\":\"ImageObject\",\"inLanguage\":\"fr-FR\",\"@id\":\"https:\\\/\\\/www.bellunopress.it\\\/2026\\\/03\\\/03\\\/addio-al-professor-mario-sintich-una-vita-tra-cultura-storia-e-diplomazia\\\/#primaryimage\",\"url\":\"https:\\\/\\\/www.bellunopress.it\\\/wp-content\\\/uploads\\\/2020\\\/11\\\/lutto_edited.jpg\",\"contentUrl\":\"https:\\\/\\\/www.bellunopress.it\\\/wp-content\\\/uploads\\\/2020\\\/11\\\/lutto_edited.jpg\",\"width\":800,\"height\":445},{\"@type\":\"BreadcrumbList\",\"@id\":\"https:\\\/\\\/www.bellunopress.it\\\/2026\\\/03\\\/03\\\/addio-al-professor-mario-sintich-una-vita-tra-cultura-storia-e-diplomazia\\\/#breadcrumb\",\"itemListElement\":[{\"@type\":\"ListItem\",\"position\":1,\"name\":\"Home\",\"item\":\"https:\\\/\\\/www.bellunopress.it\\\/\"},{\"@type\":\"ListItem\",\"position\":2,\"name\":\"Addio al professor Mario Sintich: una vita tra cultura, storia e diplomazia\"}]},{\"@type\":\"WebSite\",\"@id\":\"https:\\\/\\\/www.bellunopress.it\\\/#website\",\"url\":\"https:\\\/\\\/www.bellunopress.it\\\/\",\"name\":\"Bellunopress - Dolomiti\",\"description\":\"e-mail: redazione@bellunopress.it\",\"publisher\":{\"@id\":\"https:\\\/\\\/www.bellunopress.it\\\/#organization\"},\"potentialAction\":[{\"@type\":\"SearchAction\",\"target\":{\"@type\":\"EntryPoint\",\"urlTemplate\":\"https:\\\/\\\/www.bellunopress.it\\\/?s={search_term_string}\"},\"query-input\":{\"@type\":\"PropertyValueSpecification\",\"valueRequired\":true,\"valueName\":\"search_term_string\"}}],\"inLanguage\":\"fr-FR\"},{\"@type\":\"Organization\",\"@id\":\"https:\\\/\\\/www.bellunopress.it\\\/#organization\",\"name\":\"Bellunopress\",\"url\":\"https:\\\/\\\/www.bellunopress.it\\\/\",\"logo\":{\"@type\":\"ImageObject\",\"inLanguage\":\"fr-FR\",\"@id\":\"https:\\\/\\\/www.bellunopress.it\\\/#\\\/schema\\\/logo\\\/image\\\/\",\"url\":\"https:\\\/\\\/www.bellunopress.it\\\/wp-content\\\/uploads\\\/2011\\\/05\\\/cropped-logo-bellunopress-.jpg\",\"contentUrl\":\"https:\\\/\\\/www.bellunopress.it\\\/wp-content\\\/uploads\\\/2011\\\/05\\\/cropped-logo-bellunopress-.jpg\",\"width\":512,\"height\":512,\"caption\":\"Bellunopress\"},\"image\":{\"@id\":\"https:\\\/\\\/www.bellunopress.it\\\/#\\\/schema\\\/logo\\\/image\\\/\"},\"sameAs\":[\"https:\\\/\\\/www.facebook.com\\\/profile.php?id=100008943462799\",\"https:\\\/\\\/x.com\\\/bellunopress\",\"https:\\\/\\\/www.linkedin.com\\\/hp\\\/?dnr=JBzUWaJfMUw8vbXJJ2tVW5-I3jZKvC4wsoxE&amp;amp;amp;amp;amp;amp;trk=nav_responsive_tab_home\",\"https:\\\/\\\/www.youtube.com\\\/channel\\\/UCxL0wu1uN0_3_7hGG0306cw\"]},{\"@type\":\"Person\",\"@id\":\"https:\\\/\\\/www.bellunopress.it\\\/#\\\/schema\\\/person\\\/79bb06722b37ece1c03d3e94beb30d73\",\"name\":\"redazione\",\"image\":{\"@type\":\"ImageObject\",\"inLanguage\":\"fr-FR\",\"@id\":\"https:\\\/\\\/secure.gravatar.com\\\/avatar\\\/37d968a2e67a6fd04c169c4bdef102d0bc5d31b2546345219e348575eb80e9a0?s=96&d=mm&r=g\",\"url\":\"https:\\\/\\\/secure.gravatar.com\\\/avatar\\\/37d968a2e67a6fd04c169c4bdef102d0bc5d31b2546345219e348575eb80e9a0?s=96&d=mm&r=g\",\"contentUrl\":\"https:\\\/\\\/secure.gravatar.com\\\/avatar\\\/37d968a2e67a6fd04c169c4bdef102d0bc5d31b2546345219e348575eb80e9a0?s=96&d=mm&r=g\",\"caption\":\"redazione\"},\"sameAs\":[\"http:\\\/\\\/www.bellunopress.it\",\"https:\\\/\\\/x.com\\\/bellunopress\"],\"url\":\"https:\\\/\\\/www.bellunopress.it\\\/fr\\\/author\\\/redazione\\\/\"}]}<\/script>\n<!-- \/ Yoast SEO plugin. -->","yoast_head_json":{"title":"Addio al professor Mario Sintich: una vita tra cultura, storia e diplomazia - Bellunopress - Dolomiti","robots":{"index":"index","follow":"follow","max-snippet":"max-snippet:-1","max-image-preview":"max-image-preview:large","max-video-preview":"max-video-preview:-1"},"canonical":"https:\/\/www.bellunopress.it\/fr\/2026\/03\/03\/addio-al-professor-mario-sintich-una-vita-tra-cultura-storia-e-diplomazia\/","og_locale":"fr_FR","og_type":"article","og_title":"Addio al professor Mario Sintich: una vita tra cultura, storia e diplomazia - Bellunopress - Dolomiti","og_description":"Si \u00e8 spento a Padova, a 100 anni, l&#8217;insigne studioso e diplomatico della cultura. Sopravvissuto alle foibe, fu amico di Sciascia ed Eco e port\u00f2 l&#8217;italianit\u00e0 nel mondo PADOVA \/ BELLUNO 03\/03\/2026 \u2013 Con la scomparsa del professor Mario Sintich, avvenuta ieri sera a Padova nella casa della figlia, se ne va non solo un [&hellip;]","og_url":"https:\/\/www.bellunopress.it\/fr\/2026\/03\/03\/addio-al-professor-mario-sintich-una-vita-tra-cultura-storia-e-diplomazia\/","og_site_name":"Bellunopress - Dolomiti","article_publisher":"https:\/\/www.facebook.com\/profile.php?id=100008943462799","article_published_time":"2026-03-03T15:50:59+00:00","og_image":[{"width":800,"height":445,"url":"https:\/\/www.bellunopress.it\/wp-content\/uploads\/2020\/11\/lutto_edited.jpg","type":"image\/jpeg"}],"author":"redazione","twitter_card":"summary_large_image","twitter_creator":"@bellunopress","twitter_site":"@bellunopress","twitter_misc":{"\u00c9crit par":"redazione","Dur\u00e9e de lecture estim\u00e9e":"2 minutes"},"schema":{"@context":"https:\/\/schema.org","@graph":[{"@type":"Article","@id":"https:\/\/www.bellunopress.it\/2026\/03\/03\/addio-al-professor-mario-sintich-una-vita-tra-cultura-storia-e-diplomazia\/#article","isPartOf":{"@id":"https:\/\/www.bellunopress.it\/2026\/03\/03\/addio-al-professor-mario-sintich-una-vita-tra-cultura-storia-e-diplomazia\/"},"author":{"name":"redazione","@id":"https:\/\/www.bellunopress.it\/#\/schema\/person\/79bb06722b37ece1c03d3e94beb30d73"},"headline":"Addio al professor Mario Sintich: una vita tra cultura, storia e diplomazia","datePublished":"2026-03-03T15:50:59+00:00","mainEntityOfPage":{"@id":"https:\/\/www.bellunopress.it\/2026\/03\/03\/addio-al-professor-mario-sintich-una-vita-tra-cultura-storia-e-diplomazia\/"},"wordCount":407,"publisher":{"@id":"https:\/\/www.bellunopress.it\/#organization"},"image":{"@id":"https:\/\/www.bellunopress.it\/2026\/03\/03\/addio-al-professor-mario-sintich-una-vita-tra-cultura-storia-e-diplomazia\/#primaryimage"},"thumbnailUrl":"https:\/\/www.bellunopress.it\/wp-content\/uploads\/2020\/11\/lutto_edited.jpg","articleSection":["Cronaca\/Politica"],"inLanguage":"fr-FR"},{"@type":"WebPage","@id":"https:\/\/www.bellunopress.it\/2026\/03\/03\/addio-al-professor-mario-sintich-una-vita-tra-cultura-storia-e-diplomazia\/","url":"https:\/\/www.bellunopress.it\/2026\/03\/03\/addio-al-professor-mario-sintich-una-vita-tra-cultura-storia-e-diplomazia\/","name":"Addio al professor Mario Sintich: una vita tra cultura, storia e diplomazia - Bellunopress - Dolomiti","isPartOf":{"@id":"https:\/\/www.bellunopress.it\/#website"},"primaryImageOfPage":{"@id":"https:\/\/www.bellunopress.it\/2026\/03\/03\/addio-al-professor-mario-sintich-una-vita-tra-cultura-storia-e-diplomazia\/#primaryimage"},"image":{"@id":"https:\/\/www.bellunopress.it\/2026\/03\/03\/addio-al-professor-mario-sintich-una-vita-tra-cultura-storia-e-diplomazia\/#primaryimage"},"thumbnailUrl":"https:\/\/www.bellunopress.it\/wp-content\/uploads\/2020\/11\/lutto_edited.jpg","datePublished":"2026-03-03T15:50:59+00:00","breadcrumb":{"@id":"https:\/\/www.bellunopress.it\/2026\/03\/03\/addio-al-professor-mario-sintich-una-vita-tra-cultura-storia-e-diplomazia\/#breadcrumb"},"inLanguage":"fr-FR","potentialAction":[{"@type":"ReadAction","target":["https:\/\/www.bellunopress.it\/2026\/03\/03\/addio-al-professor-mario-sintich-una-vita-tra-cultura-storia-e-diplomazia\/"]}]},{"@type":"ImageObject","inLanguage":"fr-FR","@id":"https:\/\/www.bellunopress.it\/2026\/03\/03\/addio-al-professor-mario-sintich-una-vita-tra-cultura-storia-e-diplomazia\/#primaryimage","url":"https:\/\/www.bellunopress.it\/wp-content\/uploads\/2020\/11\/lutto_edited.jpg","contentUrl":"https:\/\/www.bellunopress.it\/wp-content\/uploads\/2020\/11\/lutto_edited.jpg","width":800,"height":445},{"@type":"BreadcrumbList","@id":"https:\/\/www.bellunopress.it\/2026\/03\/03\/addio-al-professor-mario-sintich-una-vita-tra-cultura-storia-e-diplomazia\/#breadcrumb","itemListElement":[{"@type":"ListItem","position":1,"name":"Home","item":"https:\/\/www.bellunopress.it\/"},{"@type":"ListItem","position":2,"name":"Addio al professor Mario Sintich: una vita tra cultura, storia e diplomazia"}]},{"@type":"WebSite","@id":"https:\/\/www.bellunopress.it\/#website","url":"https:\/\/www.bellunopress.it\/","name":"Bellunopress - Dolomiti","description":"e-mail: redazione@bellunopress.it","publisher":{"@id":"https:\/\/www.bellunopress.it\/#organization"},"potentialAction":[{"@type":"SearchAction","target":{"@type":"EntryPoint","urlTemplate":"https:\/\/www.bellunopress.it\/?s={search_term_string}"},"query-input":{"@type":"PropertyValueSpecification","valueRequired":true,"valueName":"search_term_string"}}],"inLanguage":"fr-FR"},{"@type":"Organization","@id":"https:\/\/www.bellunopress.it\/#organization","name":"Bellunopress","url":"https:\/\/www.bellunopress.it\/","logo":{"@type":"ImageObject","inLanguage":"fr-FR","@id":"https:\/\/www.bellunopress.it\/#\/schema\/logo\/image\/","url":"https:\/\/www.bellunopress.it\/wp-content\/uploads\/2011\/05\/cropped-logo-bellunopress-.jpg","contentUrl":"https:\/\/www.bellunopress.it\/wp-content\/uploads\/2011\/05\/cropped-logo-bellunopress-.jpg","width":512,"height":512,"caption":"Bellunopress"},"image":{"@id":"https:\/\/www.bellunopress.it\/#\/schema\/logo\/image\/"},"sameAs":["https:\/\/www.facebook.com\/profile.php?id=100008943462799","https:\/\/x.com\/bellunopress","https:\/\/www.linkedin.com\/hp\/?dnr=JBzUWaJfMUw8vbXJJ2tVW5-I3jZKvC4wsoxE&amp;amp;amp;amp;amp;amp;trk=nav_responsive_tab_home","https:\/\/www.youtube.com\/channel\/UCxL0wu1uN0_3_7hGG0306cw"]},{"@type":"Person","@id":"https:\/\/www.bellunopress.it\/#\/schema\/person\/79bb06722b37ece1c03d3e94beb30d73","name":"r\u00e9daction","image":{"@type":"ImageObject","inLanguage":"fr-FR","@id":"https:\/\/secure.gravatar.com\/avatar\/37d968a2e67a6fd04c169c4bdef102d0bc5d31b2546345219e348575eb80e9a0?s=96&d=mm&r=g","url":"https:\/\/secure.gravatar.com\/avatar\/37d968a2e67a6fd04c169c4bdef102d0bc5d31b2546345219e348575eb80e9a0?s=96&d=mm&r=g","contentUrl":"https:\/\/secure.gravatar.com\/avatar\/37d968a2e67a6fd04c169c4bdef102d0bc5d31b2546345219e348575eb80e9a0?s=96&d=mm&r=g","caption":"redazione"},"sameAs":["http:\/\/www.bellunopress.it","https:\/\/x.com\/bellunopress"],"url":"https:\/\/www.bellunopress.it\/fr\/author\/redazione\/"}]}},"_links":{"self":[{"href":"https:\/\/www.bellunopress.it\/fr\/wp-json\/wp\/v2\/posts\/167860","targetHints":{"allow":["GET"]}}],"collection":[{"href":"https:\/\/www.bellunopress.it\/fr\/wp-json\/wp\/v2\/posts"}],"about":[{"href":"https:\/\/www.bellunopress.it\/fr\/wp-json\/wp\/v2\/types\/post"}],"author":[{"embeddable":true,"href":"https:\/\/www.bellunopress.it\/fr\/wp-json\/wp\/v2\/users\/2"}],"replies":[{"embeddable":true,"href":"https:\/\/www.bellunopress.it\/fr\/wp-json\/wp\/v2\/comments?post=167860"}],"version-history":[{"count":1,"href":"https:\/\/www.bellunopress.it\/fr\/wp-json\/wp\/v2\/posts\/167860\/revisions"}],"predecessor-version":[{"id":167861,"href":"https:\/\/www.bellunopress.it\/fr\/wp-json\/wp\/v2\/posts\/167860\/revisions\/167861"}],"wp:featuredmedia":[{"embeddable":true,"href":"https:\/\/www.bellunopress.it\/fr\/wp-json\/wp\/v2\/media\/119261"}],"wp:attachment":[{"href":"https:\/\/www.bellunopress.it\/fr\/wp-json\/wp\/v2\/media?parent=167860"}],"wp:term":[{"taxonomy":"category","embeddable":true,"href":"https:\/\/www.bellunopress.it\/fr\/wp-json\/wp\/v2\/categories?post=167860"},{"taxonomy":"post_tag","embeddable":true,"href":"https:\/\/www.bellunopress.it\/fr\/wp-json\/wp\/v2\/tags?post=167860"}],"curies":[{"name":"wp","href":"https:\/\/api.w.org\/{rel}","templated":true}]}}