{"id":167855,"date":"2026-03-03T11:36:45","date_gmt":"2026-03-03T10:36:45","guid":{"rendered":"https:\/\/www.bellunopress.it\/?p=167855"},"modified":"2026-03-03T11:36:45","modified_gmt":"2026-03-03T10:36:45","slug":"nuovi-standard-edilizi-come-integrare-sostenibilita-digitale-e-accessibilita-nei-progetti","status":"publish","type":"post","link":"https:\/\/www.bellunopress.it\/fr\/2026\/03\/03\/nuovi-standard-edilizi-come-integrare-sostenibilita-digitale-e-accessibilita-nei-progetti\/","title":{"rendered":"Nuovi standard edilizi: come integrare sostenibilit\u00e0, digitale e accessibilit\u00e0 nei progetti"},"content":{"rendered":"<p><strong>Workshop gratuito a Feltre per imprese e professionisti del settore<\/strong><\/p>\n<p><strong>\u00a0<\/strong>Feltre \u2013 ENAC Veneto organizza un workshop gratuito dedicato ai nuovi standard della progettazione edilizia, con un focus concreto su sostenibilit\u00e0 ambientale, digitalizzazione dei processi e accessibilit\u00e0.<br \/>\nL\u2019evento si terr\u00e0 venerd\u00ec 20 marzo 2026, dalle 14.00 alle 18.00, presso la sede ENAC Veneto di Feltre (BL).<\/p>\n<p>Il workshop si rivolge a imprese edili, progettisti, tecnici e professionisti del settore, chiamati oggi a confrontarsi con un contesto normativo e progettuale sempre pi\u00f9 complesso, che richiede competenze integrate e aggiornate.<\/p>\n<p>L\u2019incontro intende offrire strumenti pratici e casi applicativi per comprendere come integrare fin dalle prime fasi di progetto criteri di sostenibilit\u00e0, accessibilit\u00e0 reale e digitalizzazione, migliorando qualit\u00e0, efficienza e competitivit\u00e0 degli interventi edilizi.<\/p>\n<p>Durante il pomeriggio verranno affrontati, in particolare:<\/p>\n<ul>\n<li>l\u2019evoluzione dei criteri di sostenibilit\u00e0 ambientale in edilizia;<\/li>\n<li>i principi dell\u2019accessibilit\u00e0 e dell\u2019inclusione applicati alla progettazione;<\/li>\n<li>il ruolo della digitalizzazione e del BIM nei processi progettuali e gestionali.<\/li>\n<\/ul>\n<p>Interverranno esperti di rilievo nazionale:<\/p>\n<ul>\n<li>Piercarlo Romagnoni, professore presso l\u2019Universit\u00e0 IUAV di Venezia, sul tema dell\u2019efficienza energetica e della sostenibilit\u00e0;<\/li>\n<li>Stefano Maurizio, architetto e vicepresidente di CERPA Italia, sui temi dell\u2019accessibilit\u00e0 e della progettazione inclusiva;<\/li>\n<li>Carlo Zanchetta, professore dell\u2019Universit\u00e0 di Padova, sulla digitalizzazione dei processi e l\u2019utilizzo dell\u2019Open BIM.<\/li>\n<\/ul>\n<p>L\u2019evento prevede il riconoscimento di crediti formativi professionali per geometri e periti industriali della provincia di Belluno, secondo i regolamenti degli Ordini competenti.<\/p>\n<p>La partecipazione \u00e8 gratuita previa iscrizione anticipata tramite modulo online al link <a href=\"https:\/\/forms.office.com\/e\/kqgGRJ9aFd\">Domanda di partecipazione progetto FSE+ 21-27 cod. 4402-0001-221-2025 BUILD THE FUTURE \u2013 Compila modulo<\/a><\/p>\n<p>Per ulteriori informazioni \u00e8 possibile contattare ENAC Veneto al numero 0439\/840947 o via mail all\u2019indirizzo feltre@enacveneto.it<\/p>\n<p>L\u2019iniziativa \u00e8 realizzata nell\u2019ambito di un progetto finanziato dalla Regione Veneto, con l\u2019obiettivo di supportare l\u2019aggiornamento e l\u2019innovazione delle competenze nel settore edilizio.<\/p>\n<p><strong>\u00a0<\/strong><\/p>","protected":false},"excerpt":{"rendered":"<p>Workshop gratuito a Feltre per imprese e professionisti del settore \u00a0Feltre \u2013 ENAC Veneto organizza un workshop gratuito dedicato ai nuovi standard della progettazione edilizia, con un focus concreto su sostenibilit\u00e0 ambientale, digitalizzazione dei processi e accessibilit\u00e0. L\u2019evento si terr\u00e0 venerd\u00ec 20 marzo 2026, dalle 14.00 alle 18.00, presso la sede ENAC Veneto di Feltre [&hellip;]<\/p>\n","protected":false},"author":2,"featured_media":127447,"comment_status":"closed","ping_status":"open","sticky":false,"template":"","format":"standard","meta":{"footnotes":""},"categories":[36],"tags":[],"class_list":["post-167855","post","type-post","status-publish","format-standard","has-post-thumbnail","category-lavoro-economia"],"yoast_head":"<!-- This site is optimized with the Yoast SEO plugin v28.4 - https:\/\/yoast.com\/product\/yoast-seo-wordpress\/ -->\n<title>Nuovi standard edilizi: come integrare sostenibilit\u00e0, digitale e accessibilit\u00e0 nei progetti - Bellunopress - Dolomiti<\/title>\n<meta name=\"robots\" content=\"index, follow, max-snippet:-1, max-image-preview:large, max-video-preview:-1\" \/>\n<link rel=\"canonical\" href=\"https:\/\/www.bellunopress.it\/fr\/2026\/03\/03\/nuovi-standard-edilizi-come-integrare-sostenibilita-digitale-e-accessibilita-nei-progetti\/\" \/>\n<meta property=\"og:locale\" content=\"fr_FR\" \/>\n<meta property=\"og:type\" content=\"article\" \/>\n<meta property=\"og:title\" content=\"Nuovi standard edilizi: come integrare sostenibilit\u00e0, digitale e accessibilit\u00e0 nei progetti - Bellunopress - Dolomiti\" \/>\n<meta property=\"og:description\" content=\"Workshop gratuito a Feltre per imprese e professionisti del settore \u00a0Feltre \u2013 ENAC Veneto organizza un workshop gratuito dedicato ai nuovi standard della progettazione edilizia, con un focus concreto su sostenibilit\u00e0 ambientale, digitalizzazione dei processi e accessibilit\u00e0. L\u2019evento si terr\u00e0 venerd\u00ec 20 marzo 2026, dalle 14.00 alle 18.00, presso la sede ENAC Veneto di Feltre [&hellip;]\" \/>\n<meta property=\"og:url\" content=\"https:\/\/www.bellunopress.it\/fr\/2026\/03\/03\/nuovi-standard-edilizi-come-integrare-sostenibilita-digitale-e-accessibilita-nei-progetti\/\" \/>\n<meta property=\"og:site_name\" content=\"Bellunopress - Dolomiti\" \/>\n<meta property=\"article:publisher\" content=\"https:\/\/www.facebook.com\/profile.php?id=100008943462799\" \/>\n<meta property=\"article:published_time\" content=\"2026-03-03T10:36:45+00:00\" \/>\n<meta property=\"og:image\" content=\"https:\/\/www.bellunopress.it\/wp-content\/uploads\/2021\/08\/enac_edited.jpg\" \/>\n\t<meta property=\"og:image:width\" content=\"600\" \/>\n\t<meta property=\"og:image:height\" content=\"377\" \/>\n\t<meta property=\"og:image:type\" content=\"image\/jpeg\" \/>\n<meta name=\"author\" content=\"redazione\" \/>\n<meta name=\"twitter:card\" content=\"summary_large_image\" \/>\n<meta name=\"twitter:creator\" content=\"@bellunopress\" \/>\n<meta name=\"twitter:site\" content=\"@bellunopress\" \/>\n<meta name=\"twitter:label1\" content=\"\u00c9crit par\" \/>\n\t<meta name=\"twitter:data1\" content=\"redazione\" \/>\n\t<meta name=\"twitter:label2\" content=\"Dur\u00e9e de lecture estim\u00e9e\" \/>\n\t<meta name=\"twitter:data2\" content=\"2 minutes\" \/>\n<script type=\"application\/ld+json\" class=\"yoast-schema-graph\">{\"@context\":\"https:\\\/\\\/schema.org\",\"@graph\":[{\"@type\":\"Article\",\"@id\":\"https:\\\/\\\/www.bellunopress.it\\\/2026\\\/03\\\/03\\\/nuovi-standard-edilizi-come-integrare-sostenibilita-digitale-e-accessibilita-nei-progetti\\\/#article\",\"isPartOf\":{\"@id\":\"https:\\\/\\\/www.bellunopress.it\\\/2026\\\/03\\\/03\\\/nuovi-standard-edilizi-come-integrare-sostenibilita-digitale-e-accessibilita-nei-progetti\\\/\"},\"author\":{\"name\":\"redazione\",\"@id\":\"https:\\\/\\\/www.bellunopress.it\\\/#\\\/schema\\\/person\\\/79bb06722b37ece1c03d3e94beb30d73\"},\"headline\":\"Nuovi standard edilizi: come integrare sostenibilit\u00e0, digitale e accessibilit\u00e0 nei progetti\",\"datePublished\":\"2026-03-03T10:36:45+00:00\",\"mainEntityOfPage\":{\"@id\":\"https:\\\/\\\/www.bellunopress.it\\\/2026\\\/03\\\/03\\\/nuovi-standard-edilizi-come-integrare-sostenibilita-digitale-e-accessibilita-nei-progetti\\\/\"},\"wordCount\":316,\"publisher\":{\"@id\":\"https:\\\/\\\/www.bellunopress.it\\\/#organization\"},\"image\":{\"@id\":\"https:\\\/\\\/www.bellunopress.it\\\/2026\\\/03\\\/03\\\/nuovi-standard-edilizi-come-integrare-sostenibilita-digitale-e-accessibilita-nei-progetti\\\/#primaryimage\"},\"thumbnailUrl\":\"https:\\\/\\\/www.bellunopress.it\\\/wp-content\\\/uploads\\\/2021\\\/08\\\/enac_edited.jpg\",\"articleSection\":[\"Lavoro, Economia, Turismo\"],\"inLanguage\":\"fr-FR\"},{\"@type\":\"WebPage\",\"@id\":\"https:\\\/\\\/www.bellunopress.it\\\/2026\\\/03\\\/03\\\/nuovi-standard-edilizi-come-integrare-sostenibilita-digitale-e-accessibilita-nei-progetti\\\/\",\"url\":\"https:\\\/\\\/www.bellunopress.it\\\/2026\\\/03\\\/03\\\/nuovi-standard-edilizi-come-integrare-sostenibilita-digitale-e-accessibilita-nei-progetti\\\/\",\"name\":\"Nuovi standard edilizi: come integrare sostenibilit\u00e0, digitale e accessibilit\u00e0 nei progetti - Bellunopress - Dolomiti\",\"isPartOf\":{\"@id\":\"https:\\\/\\\/www.bellunopress.it\\\/#website\"},\"primaryImageOfPage\":{\"@id\":\"https:\\\/\\\/www.bellunopress.it\\\/2026\\\/03\\\/03\\\/nuovi-standard-edilizi-come-integrare-sostenibilita-digitale-e-accessibilita-nei-progetti\\\/#primaryimage\"},\"image\":{\"@id\":\"https:\\\/\\\/www.bellunopress.it\\\/2026\\\/03\\\/03\\\/nuovi-standard-edilizi-come-integrare-sostenibilita-digitale-e-accessibilita-nei-progetti\\\/#primaryimage\"},\"thumbnailUrl\":\"https:\\\/\\\/www.bellunopress.it\\\/wp-content\\\/uploads\\\/2021\\\/08\\\/enac_edited.jpg\",\"datePublished\":\"2026-03-03T10:36:45+00:00\",\"breadcrumb\":{\"@id\":\"https:\\\/\\\/www.bellunopress.it\\\/2026\\\/03\\\/03\\\/nuovi-standard-edilizi-come-integrare-sostenibilita-digitale-e-accessibilita-nei-progetti\\\/#breadcrumb\"},\"inLanguage\":\"fr-FR\",\"potentialAction\":[{\"@type\":\"ReadAction\",\"target\":[\"https:\\\/\\\/www.bellunopress.it\\\/2026\\\/03\\\/03\\\/nuovi-standard-edilizi-come-integrare-sostenibilita-digitale-e-accessibilita-nei-progetti\\\/\"]}]},{\"@type\":\"ImageObject\",\"inLanguage\":\"fr-FR\",\"@id\":\"https:\\\/\\\/www.bellunopress.it\\\/2026\\\/03\\\/03\\\/nuovi-standard-edilizi-come-integrare-sostenibilita-digitale-e-accessibilita-nei-progetti\\\/#primaryimage\",\"url\":\"https:\\\/\\\/www.bellunopress.it\\\/wp-content\\\/uploads\\\/2021\\\/08\\\/enac_edited.jpg\",\"contentUrl\":\"https:\\\/\\\/www.bellunopress.it\\\/wp-content\\\/uploads\\\/2021\\\/08\\\/enac_edited.jpg\",\"width\":600,\"height\":377},{\"@type\":\"BreadcrumbList\",\"@id\":\"https:\\\/\\\/www.bellunopress.it\\\/2026\\\/03\\\/03\\\/nuovi-standard-edilizi-come-integrare-sostenibilita-digitale-e-accessibilita-nei-progetti\\\/#breadcrumb\",\"itemListElement\":[{\"@type\":\"ListItem\",\"position\":1,\"name\":\"Home\",\"item\":\"https:\\\/\\\/www.bellunopress.it\\\/\"},{\"@type\":\"ListItem\",\"position\":2,\"name\":\"Nuovi standard edilizi: come integrare sostenibilit\u00e0, digitale e accessibilit\u00e0 nei progetti\"}]},{\"@type\":\"WebSite\",\"@id\":\"https:\\\/\\\/www.bellunopress.it\\\/#website\",\"url\":\"https:\\\/\\\/www.bellunopress.it\\\/\",\"name\":\"Bellunopress - Dolomiti\",\"description\":\"e-mail: redazione@bellunopress.it\",\"publisher\":{\"@id\":\"https:\\\/\\\/www.bellunopress.it\\\/#organization\"},\"potentialAction\":[{\"@type\":\"SearchAction\",\"target\":{\"@type\":\"EntryPoint\",\"urlTemplate\":\"https:\\\/\\\/www.bellunopress.it\\\/?s={search_term_string}\"},\"query-input\":{\"@type\":\"PropertyValueSpecification\",\"valueRequired\":true,\"valueName\":\"search_term_string\"}}],\"inLanguage\":\"fr-FR\"},{\"@type\":\"Organization\",\"@id\":\"https:\\\/\\\/www.bellunopress.it\\\/#organization\",\"name\":\"Bellunopress\",\"url\":\"https:\\\/\\\/www.bellunopress.it\\\/\",\"logo\":{\"@type\":\"ImageObject\",\"inLanguage\":\"fr-FR\",\"@id\":\"https:\\\/\\\/www.bellunopress.it\\\/#\\\/schema\\\/logo\\\/image\\\/\",\"url\":\"https:\\\/\\\/www.bellunopress.it\\\/wp-content\\\/uploads\\\/2011\\\/05\\\/cropped-logo-bellunopress-.jpg\",\"contentUrl\":\"https:\\\/\\\/www.bellunopress.it\\\/wp-content\\\/uploads\\\/2011\\\/05\\\/cropped-logo-bellunopress-.jpg\",\"width\":512,\"height\":512,\"caption\":\"Bellunopress\"},\"image\":{\"@id\":\"https:\\\/\\\/www.bellunopress.it\\\/#\\\/schema\\\/logo\\\/image\\\/\"},\"sameAs\":[\"https:\\\/\\\/www.facebook.com\\\/profile.php?id=100008943462799\",\"https:\\\/\\\/x.com\\\/bellunopress\",\"https:\\\/\\\/www.linkedin.com\\\/hp\\\/?dnr=JBzUWaJfMUw8vbXJJ2tVW5-I3jZKvC4wsoxE&amp;amp;amp;amp;amp;amp;trk=nav_responsive_tab_home\",\"https:\\\/\\\/www.youtube.com\\\/channel\\\/UCxL0wu1uN0_3_7hGG0306cw\"]},{\"@type\":\"Person\",\"@id\":\"https:\\\/\\\/www.bellunopress.it\\\/#\\\/schema\\\/person\\\/79bb06722b37ece1c03d3e94beb30d73\",\"name\":\"redazione\",\"image\":{\"@type\":\"ImageObject\",\"inLanguage\":\"fr-FR\",\"@id\":\"https:\\\/\\\/secure.gravatar.com\\\/avatar\\\/37d968a2e67a6fd04c169c4bdef102d0bc5d31b2546345219e348575eb80e9a0?s=96&d=mm&r=g\",\"url\":\"https:\\\/\\\/secure.gravatar.com\\\/avatar\\\/37d968a2e67a6fd04c169c4bdef102d0bc5d31b2546345219e348575eb80e9a0?s=96&d=mm&r=g\",\"contentUrl\":\"https:\\\/\\\/secure.gravatar.com\\\/avatar\\\/37d968a2e67a6fd04c169c4bdef102d0bc5d31b2546345219e348575eb80e9a0?s=96&d=mm&r=g\",\"caption\":\"redazione\"},\"sameAs\":[\"http:\\\/\\\/www.bellunopress.it\",\"https:\\\/\\\/x.com\\\/bellunopress\"],\"url\":\"https:\\\/\\\/www.bellunopress.it\\\/fr\\\/author\\\/redazione\\\/\"}]}<\/script>\n<!-- \/ Yoast SEO plugin. -->","yoast_head_json":{"title":"Nuovi standard edilizi: come integrare sostenibilit\u00e0, digitale e accessibilit\u00e0 nei progetti - Bellunopress - Dolomiti","robots":{"index":"index","follow":"follow","max-snippet":"max-snippet:-1","max-image-preview":"max-image-preview:large","max-video-preview":"max-video-preview:-1"},"canonical":"https:\/\/www.bellunopress.it\/fr\/2026\/03\/03\/nuovi-standard-edilizi-come-integrare-sostenibilita-digitale-e-accessibilita-nei-progetti\/","og_locale":"fr_FR","og_type":"article","og_title":"Nuovi standard edilizi: come integrare sostenibilit\u00e0, digitale e accessibilit\u00e0 nei progetti - Bellunopress - Dolomiti","og_description":"Workshop gratuito a Feltre per imprese e professionisti del settore \u00a0Feltre \u2013 ENAC Veneto organizza un workshop gratuito dedicato ai nuovi standard della progettazione edilizia, con un focus concreto su sostenibilit\u00e0 ambientale, digitalizzazione dei processi e accessibilit\u00e0. L\u2019evento si terr\u00e0 venerd\u00ec 20 marzo 2026, dalle 14.00 alle 18.00, presso la sede ENAC Veneto di Feltre [&hellip;]","og_url":"https:\/\/www.bellunopress.it\/fr\/2026\/03\/03\/nuovi-standard-edilizi-come-integrare-sostenibilita-digitale-e-accessibilita-nei-progetti\/","og_site_name":"Bellunopress - Dolomiti","article_publisher":"https:\/\/www.facebook.com\/profile.php?id=100008943462799","article_published_time":"2026-03-03T10:36:45+00:00","og_image":[{"width":600,"height":377,"url":"https:\/\/www.bellunopress.it\/wp-content\/uploads\/2021\/08\/enac_edited.jpg","type":"image\/jpeg"}],"author":"redazione","twitter_card":"summary_large_image","twitter_creator":"@bellunopress","twitter_site":"@bellunopress","twitter_misc":{"\u00c9crit par":"redazione","Dur\u00e9e de lecture estim\u00e9e":"2 minutes"},"schema":{"@context":"https:\/\/schema.org","@graph":[{"@type":"Article","@id":"https:\/\/www.bellunopress.it\/2026\/03\/03\/nuovi-standard-edilizi-come-integrare-sostenibilita-digitale-e-accessibilita-nei-progetti\/#article","isPartOf":{"@id":"https:\/\/www.bellunopress.it\/2026\/03\/03\/nuovi-standard-edilizi-come-integrare-sostenibilita-digitale-e-accessibilita-nei-progetti\/"},"author":{"name":"redazione","@id":"https:\/\/www.bellunopress.it\/#\/schema\/person\/79bb06722b37ece1c03d3e94beb30d73"},"headline":"Nuovi standard edilizi: come integrare sostenibilit\u00e0, digitale e accessibilit\u00e0 nei progetti","datePublished":"2026-03-03T10:36:45+00:00","mainEntityOfPage":{"@id":"https:\/\/www.bellunopress.it\/2026\/03\/03\/nuovi-standard-edilizi-come-integrare-sostenibilita-digitale-e-accessibilita-nei-progetti\/"},"wordCount":316,"publisher":{"@id":"https:\/\/www.bellunopress.it\/#organization"},"image":{"@id":"https:\/\/www.bellunopress.it\/2026\/03\/03\/nuovi-standard-edilizi-come-integrare-sostenibilita-digitale-e-accessibilita-nei-progetti\/#primaryimage"},"thumbnailUrl":"https:\/\/www.bellunopress.it\/wp-content\/uploads\/2021\/08\/enac_edited.jpg","articleSection":["Lavoro, Economia, Turismo"],"inLanguage":"fr-FR"},{"@type":"WebPage","@id":"https:\/\/www.bellunopress.it\/2026\/03\/03\/nuovi-standard-edilizi-come-integrare-sostenibilita-digitale-e-accessibilita-nei-progetti\/","url":"https:\/\/www.bellunopress.it\/2026\/03\/03\/nuovi-standard-edilizi-come-integrare-sostenibilita-digitale-e-accessibilita-nei-progetti\/","name":"Nuovi standard edilizi: come integrare sostenibilit\u00e0, digitale e accessibilit\u00e0 nei progetti - Bellunopress - Dolomiti","isPartOf":{"@id":"https:\/\/www.bellunopress.it\/#website"},"primaryImageOfPage":{"@id":"https:\/\/www.bellunopress.it\/2026\/03\/03\/nuovi-standard-edilizi-come-integrare-sostenibilita-digitale-e-accessibilita-nei-progetti\/#primaryimage"},"image":{"@id":"https:\/\/www.bellunopress.it\/2026\/03\/03\/nuovi-standard-edilizi-come-integrare-sostenibilita-digitale-e-accessibilita-nei-progetti\/#primaryimage"},"thumbnailUrl":"https:\/\/www.bellunopress.it\/wp-content\/uploads\/2021\/08\/enac_edited.jpg","datePublished":"2026-03-03T10:36:45+00:00","breadcrumb":{"@id":"https:\/\/www.bellunopress.it\/2026\/03\/03\/nuovi-standard-edilizi-come-integrare-sostenibilita-digitale-e-accessibilita-nei-progetti\/#breadcrumb"},"inLanguage":"fr-FR","potentialAction":[{"@type":"ReadAction","target":["https:\/\/www.bellunopress.it\/2026\/03\/03\/nuovi-standard-edilizi-come-integrare-sostenibilita-digitale-e-accessibilita-nei-progetti\/"]}]},{"@type":"ImageObject","inLanguage":"fr-FR","@id":"https:\/\/www.bellunopress.it\/2026\/03\/03\/nuovi-standard-edilizi-come-integrare-sostenibilita-digitale-e-accessibilita-nei-progetti\/#primaryimage","url":"https:\/\/www.bellunopress.it\/wp-content\/uploads\/2021\/08\/enac_edited.jpg","contentUrl":"https:\/\/www.bellunopress.it\/wp-content\/uploads\/2021\/08\/enac_edited.jpg","width":600,"height":377},{"@type":"BreadcrumbList","@id":"https:\/\/www.bellunopress.it\/2026\/03\/03\/nuovi-standard-edilizi-come-integrare-sostenibilita-digitale-e-accessibilita-nei-progetti\/#breadcrumb","itemListElement":[{"@type":"ListItem","position":1,"name":"Home","item":"https:\/\/www.bellunopress.it\/"},{"@type":"ListItem","position":2,"name":"Nuovi standard edilizi: come integrare sostenibilit\u00e0, digitale e accessibilit\u00e0 nei progetti"}]},{"@type":"WebSite","@id":"https:\/\/www.bellunopress.it\/#website","url":"https:\/\/www.bellunopress.it\/","name":"Bellunopress - Dolomiti","description":"e-mail: redazione@bellunopress.it","publisher":{"@id":"https:\/\/www.bellunopress.it\/#organization"},"potentialAction":[{"@type":"SearchAction","target":{"@type":"EntryPoint","urlTemplate":"https:\/\/www.bellunopress.it\/?s={search_term_string}"},"query-input":{"@type":"PropertyValueSpecification","valueRequired":true,"valueName":"search_term_string"}}],"inLanguage":"fr-FR"},{"@type":"Organization","@id":"https:\/\/www.bellunopress.it\/#organization","name":"Bellunopress","url":"https:\/\/www.bellunopress.it\/","logo":{"@type":"ImageObject","inLanguage":"fr-FR","@id":"https:\/\/www.bellunopress.it\/#\/schema\/logo\/image\/","url":"https:\/\/www.bellunopress.it\/wp-content\/uploads\/2011\/05\/cropped-logo-bellunopress-.jpg","contentUrl":"https:\/\/www.bellunopress.it\/wp-content\/uploads\/2011\/05\/cropped-logo-bellunopress-.jpg","width":512,"height":512,"caption":"Bellunopress"},"image":{"@id":"https:\/\/www.bellunopress.it\/#\/schema\/logo\/image\/"},"sameAs":["https:\/\/www.facebook.com\/profile.php?id=100008943462799","https:\/\/x.com\/bellunopress","https:\/\/www.linkedin.com\/hp\/?dnr=JBzUWaJfMUw8vbXJJ2tVW5-I3jZKvC4wsoxE&amp;amp;amp;amp;amp;amp;trk=nav_responsive_tab_home","https:\/\/www.youtube.com\/channel\/UCxL0wu1uN0_3_7hGG0306cw"]},{"@type":"Person","@id":"https:\/\/www.bellunopress.it\/#\/schema\/person\/79bb06722b37ece1c03d3e94beb30d73","name":"r\u00e9daction","image":{"@type":"ImageObject","inLanguage":"fr-FR","@id":"https:\/\/secure.gravatar.com\/avatar\/37d968a2e67a6fd04c169c4bdef102d0bc5d31b2546345219e348575eb80e9a0?s=96&d=mm&r=g","url":"https:\/\/secure.gravatar.com\/avatar\/37d968a2e67a6fd04c169c4bdef102d0bc5d31b2546345219e348575eb80e9a0?s=96&d=mm&r=g","contentUrl":"https:\/\/secure.gravatar.com\/avatar\/37d968a2e67a6fd04c169c4bdef102d0bc5d31b2546345219e348575eb80e9a0?s=96&d=mm&r=g","caption":"redazione"},"sameAs":["http:\/\/www.bellunopress.it","https:\/\/x.com\/bellunopress"],"url":"https:\/\/www.bellunopress.it\/fr\/author\/redazione\/"}]}},"_links":{"self":[{"href":"https:\/\/www.bellunopress.it\/fr\/wp-json\/wp\/v2\/posts\/167855","targetHints":{"allow":["GET"]}}],"collection":[{"href":"https:\/\/www.bellunopress.it\/fr\/wp-json\/wp\/v2\/posts"}],"about":[{"href":"https:\/\/www.bellunopress.it\/fr\/wp-json\/wp\/v2\/types\/post"}],"author":[{"embeddable":true,"href":"https:\/\/www.bellunopress.it\/fr\/wp-json\/wp\/v2\/users\/2"}],"replies":[{"embeddable":true,"href":"https:\/\/www.bellunopress.it\/fr\/wp-json\/wp\/v2\/comments?post=167855"}],"version-history":[{"count":1,"href":"https:\/\/www.bellunopress.it\/fr\/wp-json\/wp\/v2\/posts\/167855\/revisions"}],"predecessor-version":[{"id":167856,"href":"https:\/\/www.bellunopress.it\/fr\/wp-json\/wp\/v2\/posts\/167855\/revisions\/167856"}],"wp:featuredmedia":[{"embeddable":true,"href":"https:\/\/www.bellunopress.it\/fr\/wp-json\/wp\/v2\/media\/127447"}],"wp:attachment":[{"href":"https:\/\/www.bellunopress.it\/fr\/wp-json\/wp\/v2\/media?parent=167855"}],"wp:term":[{"taxonomy":"category","embeddable":true,"href":"https:\/\/www.bellunopress.it\/fr\/wp-json\/wp\/v2\/categories?post=167855"},{"taxonomy":"post_tag","embeddable":true,"href":"https:\/\/www.bellunopress.it\/fr\/wp-json\/wp\/v2\/tags?post=167855"}],"curies":[{"name":"wp","href":"https:\/\/api.w.org\/{rel}","templated":true}]}}