{"id":167843,"date":"2026-03-03T08:37:16","date_gmt":"2026-03-03T07:37:16","guid":{"rendered":"https:\/\/www.bellunopress.it\/?p=167843"},"modified":"2026-03-03T11:37:16","modified_gmt":"2026-03-03T10:37:16","slug":"referendum-del-22-e-23-marzo-una-riforma-inutile-e-dannosa-ecco-i-motivi-per-votare-no","status":"publish","type":"post","link":"https:\/\/www.bellunopress.it\/fr\/2026\/03\/03\/referendum-del-22-e-23-marzo-una-riforma-inutile-e-dannosa-ecco-i-motivi-per-votare-no\/","title":{"rendered":"Referendum del 22 e 23 marzo: una riforma inutile e dannosa. Ecco i motivi per votare NO"},"content":{"rendered":"<p>Belluno, 3 marzo 2026 \u2013 La Legge Meloni-Nordio altro non \u00e8 che l\u2019esecuzione del vecchio programma della Loggia massonica deviata della P2 di Licio Gelli: mettere la magistratura sotto controllo della politica.<\/p>\n<p>Questo, in estrema sintesi, l\u2019inquietante conclusione del dibattito che si \u00e8 tenuto ieri sera a Palazzo Crepadona di Belluno dal titolo \u201cUna riforma che non fa giustizia\u201d promosso da varie sigle tra cui Cgil Belluno, Sunia, Acli, Libera, Anpi, Federconsumatori, Rete degli Studenti Medi e Articolo 21.<\/p>\n<p>Sotto accusa, dinanzi alla sala al completo, la la cosiddetta separazione delle carriere. Secondo i promotori del fronte del NO, la riforma non risponde alle vere emergenze del sistema giudiziario italiano. Nel mirino c&#8217;\u00e8 innanzitutto l&#8217;inefficienza del servizio. Il testo di legge non prevede misure per ridurre i tempi dei processi, n\u00e9 investimenti per l&#8217;assunzione di personale o la regolarizzazione dei precari. Il Referendum costituzionale volto a dare il via libera alla legge Meloni-Nordio per il quale siamo chiamati alle urne il 22 e 23 marzo, insomma, non dar\u00e0 alcuna risposta a questi problemi, ma sar\u00e0 uno stravolgimento della Carta Costituzionale che incider\u00e0 pesantemente sull\u2019indipendenza della magistratura.<\/p>\n<p><img loading=\"lazy\" decoding=\"async\" class=\"aligncenter size-full wp-image-167844\" src=\"https:\/\/www.bellunopress.it\/wp-content\/uploads\/2026\/03\/Crepadona-2.jpg\" alt=\"\" width=\"600\" height=\"284\" srcset=\"https:\/\/www.bellunopress.it\/wp-content\/uploads\/2026\/03\/Crepadona-2.jpg 600w, https:\/\/www.bellunopress.it\/wp-content\/uploads\/2026\/03\/Crepadona-2-500x237.jpg 500w, https:\/\/www.bellunopress.it\/wp-content\/uploads\/2026\/03\/Crepadona-2-150x71.jpg 150w, https:\/\/www.bellunopress.it\/wp-content\/uploads\/2026\/03\/Crepadona-2-300x142.jpg 300w\" sizes=\"auto, (max-width: 600px) 100vw, 600px\" \/>Dopo l\u2019introduzione del moderatore Giuseppe Pozzana, coordinatore de \u201cLa Via Maestra\u201d, sono intervenuti i relatori, provenienti dal mondo accademico, della magistratura e dell\u2019avvocatura che hanno analizzato la questione secondo le varie angolazioni. Ha aperto gli interventi Benedetta Tobagi, scrittrice e giornalista, da sempre attenta ai temi della memoria e dell\u2019impegno civile. Quindi Marcello Daniele, professore di diritto processuale penale all\u2019Universit\u00e0 di Padova. Giorgio Falcone, magistrato del Tribunale di Vicenza. Infine gli avvocati bellunesi Francesco Rasera Berna e Livio Viel.<\/p>\n<p>Non \u00e8 una vera riforma della Giustizia, \u00e8 stato sottolineato, perch\u00e9 la separazione delle carriere tra Pubblici Ministeri e giudici \u00e8 gi\u00e0 di fatto operativa per effetto della riforma Cartabia del 2022, che ha ridotto a meno dell&#8217;1% i passaggi di funzione tra le due categorie. Il cuore dello scontro politico riguarda per\u00f2 l&#8217;equilibrio tra i poteri dello Stato. L&#8217;accusa mossa al governo \u00e8 quella di voler sottoporre la magistratura al condizionamento dell&#8217;esecutivo, indebolendo i pesi e contrappesi democratici. I comitati referendari sostengono che la legge Meloni-Nordio \u2014 insieme al progetto dell&#8217;Autonomia differenziata e al Premierato \u2014 faccia parte di un disegno pi\u00f9 ampio volto a modificare radicalmente il volto della Repubblica. Il timore espresso \u00e8 quello di una giustizia &#8220;dura con i deboli e indulgente con i potenti&#8221;, dove l&#8217;autonomia del giudice non sarebbe un privilegio di casta, ma l&#8217;unica garanzia di uguaglianza per tutti i cittadini.<\/p>\n<p>&nbsp;<\/p>\n<p>&nbsp;<\/p>\n<p>&nbsp;<\/p>\n<p>&nbsp;<\/p>\n<p>&nbsp;<\/p>","protected":false},"excerpt":{"rendered":"<p>Belluno, 3 marzo 2026 \u2013 La Legge Meloni-Nordio altro non \u00e8 che l\u2019esecuzione del vecchio programma della Loggia massonica deviata della P2 di Licio Gelli: mettere la magistratura sotto controllo della politica. Questo, in estrema sintesi, l\u2019inquietante conclusione del dibattito che si \u00e8 tenuto ieri sera a Palazzo Crepadona di Belluno dal titolo \u201cUna riforma [&hellip;]<\/p>\n","protected":false},"author":2,"featured_media":167845,"comment_status":"closed","ping_status":"open","sticky":false,"template":"","format":"standard","meta":{"footnotes":""},"categories":[5,3446,26],"tags":[],"class_list":["post-167843","post","type-post","status-publish","format-standard","has-post-thumbnail","category-cronaca","category-featured","category-prima-pagina"],"yoast_head":"<!-- This site is optimized with the Yoast SEO plugin v28.4 - https:\/\/yoast.com\/product\/yoast-seo-wordpress\/ -->\n<title>Referendum del 22 e 23 marzo: una riforma inutile e dannosa. Ecco i motivi per votare NO - Bellunopress - Dolomiti<\/title>\n<meta name=\"robots\" content=\"index, follow, max-snippet:-1, max-image-preview:large, max-video-preview:-1\" \/>\n<link rel=\"canonical\" href=\"https:\/\/www.bellunopress.it\/fr\/2026\/03\/03\/referendum-del-22-e-23-marzo-una-riforma-inutile-e-dannosa-ecco-i-motivi-per-votare-no\/\" \/>\n<meta property=\"og:locale\" content=\"fr_FR\" \/>\n<meta property=\"og:type\" content=\"article\" \/>\n<meta property=\"og:title\" content=\"Referendum del 22 e 23 marzo: una riforma inutile e dannosa. Ecco i motivi per votare NO - Bellunopress - Dolomiti\" \/>\n<meta property=\"og:description\" content=\"Belluno, 3 marzo 2026 \u2013 La Legge Meloni-Nordio altro non \u00e8 che l\u2019esecuzione del vecchio programma della Loggia massonica deviata della P2 di Licio Gelli: mettere la magistratura sotto controllo della politica. Questo, in estrema sintesi, l\u2019inquietante conclusione del dibattito che si \u00e8 tenuto ieri sera a Palazzo Crepadona di Belluno dal titolo \u201cUna riforma [&hellip;]\" \/>\n<meta property=\"og:url\" content=\"https:\/\/www.bellunopress.it\/fr\/2026\/03\/03\/referendum-del-22-e-23-marzo-una-riforma-inutile-e-dannosa-ecco-i-motivi-per-votare-no\/\" \/>\n<meta property=\"og:site_name\" content=\"Bellunopress - Dolomiti\" \/>\n<meta property=\"article:publisher\" content=\"https:\/\/www.facebook.com\/profile.php?id=100008943462799\" \/>\n<meta property=\"article:published_time\" content=\"2026-03-03T07:37:16+00:00\" \/>\n<meta property=\"article:modified_time\" content=\"2026-03-03T10:37:16+00:00\" \/>\n<meta property=\"og:image\" content=\"https:\/\/www.bellunopress.it\/wp-content\/uploads\/2026\/03\/Crepadona-1.jpg\" \/>\n\t<meta property=\"og:image:width\" content=\"500\" \/>\n\t<meta property=\"og:image:height\" content=\"375\" \/>\n\t<meta property=\"og:image:type\" content=\"image\/jpeg\" \/>\n<meta name=\"author\" content=\"redazione\" \/>\n<meta name=\"twitter:card\" content=\"summary_large_image\" \/>\n<meta name=\"twitter:creator\" content=\"@bellunopress\" \/>\n<meta name=\"twitter:site\" content=\"@bellunopress\" \/>\n<meta name=\"twitter:label1\" content=\"\u00c9crit par\" \/>\n\t<meta name=\"twitter:data1\" content=\"redazione\" \/>\n\t<meta name=\"twitter:label2\" content=\"Dur\u00e9e de lecture estim\u00e9e\" \/>\n\t<meta name=\"twitter:data2\" content=\"2 minutes\" \/>\n<script type=\"application\/ld+json\" class=\"yoast-schema-graph\">{\"@context\":\"https:\\\/\\\/schema.org\",\"@graph\":[{\"@type\":\"Article\",\"@id\":\"https:\\\/\\\/www.bellunopress.it\\\/2026\\\/03\\\/03\\\/referendum-del-22-e-23-marzo-una-riforma-inutile-e-dannosa-ecco-i-motivi-per-votare-no\\\/#article\",\"isPartOf\":{\"@id\":\"https:\\\/\\\/www.bellunopress.it\\\/2026\\\/03\\\/03\\\/referendum-del-22-e-23-marzo-una-riforma-inutile-e-dannosa-ecco-i-motivi-per-votare-no\\\/\"},\"author\":{\"name\":\"redazione\",\"@id\":\"https:\\\/\\\/www.bellunopress.it\\\/#\\\/schema\\\/person\\\/79bb06722b37ece1c03d3e94beb30d73\"},\"headline\":\"Referendum del 22 e 23 marzo: una riforma inutile e dannosa. Ecco i motivi per votare NO\",\"datePublished\":\"2026-03-03T07:37:16+00:00\",\"dateModified\":\"2026-03-03T10:37:16+00:00\",\"mainEntityOfPage\":{\"@id\":\"https:\\\/\\\/www.bellunopress.it\\\/2026\\\/03\\\/03\\\/referendum-del-22-e-23-marzo-una-riforma-inutile-e-dannosa-ecco-i-motivi-per-votare-no\\\/\"},\"wordCount\":432,\"publisher\":{\"@id\":\"https:\\\/\\\/www.bellunopress.it\\\/#organization\"},\"image\":{\"@id\":\"https:\\\/\\\/www.bellunopress.it\\\/2026\\\/03\\\/03\\\/referendum-del-22-e-23-marzo-una-riforma-inutile-e-dannosa-ecco-i-motivi-per-votare-no\\\/#primaryimage\"},\"thumbnailUrl\":\"https:\\\/\\\/www.bellunopress.it\\\/wp-content\\\/uploads\\\/2026\\\/03\\\/Crepadona-1.jpg\",\"articleSection\":[\"Cronaca\\\/Politica\",\"Featured\",\"Prima Pagina\"],\"inLanguage\":\"fr-FR\"},{\"@type\":\"WebPage\",\"@id\":\"https:\\\/\\\/www.bellunopress.it\\\/2026\\\/03\\\/03\\\/referendum-del-22-e-23-marzo-una-riforma-inutile-e-dannosa-ecco-i-motivi-per-votare-no\\\/\",\"url\":\"https:\\\/\\\/www.bellunopress.it\\\/2026\\\/03\\\/03\\\/referendum-del-22-e-23-marzo-una-riforma-inutile-e-dannosa-ecco-i-motivi-per-votare-no\\\/\",\"name\":\"Referendum del 22 e 23 marzo: una riforma inutile e dannosa. Ecco i motivi per votare NO - Bellunopress - Dolomiti\",\"isPartOf\":{\"@id\":\"https:\\\/\\\/www.bellunopress.it\\\/#website\"},\"primaryImageOfPage\":{\"@id\":\"https:\\\/\\\/www.bellunopress.it\\\/2026\\\/03\\\/03\\\/referendum-del-22-e-23-marzo-una-riforma-inutile-e-dannosa-ecco-i-motivi-per-votare-no\\\/#primaryimage\"},\"image\":{\"@id\":\"https:\\\/\\\/www.bellunopress.it\\\/2026\\\/03\\\/03\\\/referendum-del-22-e-23-marzo-una-riforma-inutile-e-dannosa-ecco-i-motivi-per-votare-no\\\/#primaryimage\"},\"thumbnailUrl\":\"https:\\\/\\\/www.bellunopress.it\\\/wp-content\\\/uploads\\\/2026\\\/03\\\/Crepadona-1.jpg\",\"datePublished\":\"2026-03-03T07:37:16+00:00\",\"dateModified\":\"2026-03-03T10:37:16+00:00\",\"breadcrumb\":{\"@id\":\"https:\\\/\\\/www.bellunopress.it\\\/2026\\\/03\\\/03\\\/referendum-del-22-e-23-marzo-una-riforma-inutile-e-dannosa-ecco-i-motivi-per-votare-no\\\/#breadcrumb\"},\"inLanguage\":\"fr-FR\",\"potentialAction\":[{\"@type\":\"ReadAction\",\"target\":[\"https:\\\/\\\/www.bellunopress.it\\\/2026\\\/03\\\/03\\\/referendum-del-22-e-23-marzo-una-riforma-inutile-e-dannosa-ecco-i-motivi-per-votare-no\\\/\"]}]},{\"@type\":\"ImageObject\",\"inLanguage\":\"fr-FR\",\"@id\":\"https:\\\/\\\/www.bellunopress.it\\\/2026\\\/03\\\/03\\\/referendum-del-22-e-23-marzo-una-riforma-inutile-e-dannosa-ecco-i-motivi-per-votare-no\\\/#primaryimage\",\"url\":\"https:\\\/\\\/www.bellunopress.it\\\/wp-content\\\/uploads\\\/2026\\\/03\\\/Crepadona-1.jpg\",\"contentUrl\":\"https:\\\/\\\/www.bellunopress.it\\\/wp-content\\\/uploads\\\/2026\\\/03\\\/Crepadona-1.jpg\",\"width\":500,\"height\":375},{\"@type\":\"BreadcrumbList\",\"@id\":\"https:\\\/\\\/www.bellunopress.it\\\/2026\\\/03\\\/03\\\/referendum-del-22-e-23-marzo-una-riforma-inutile-e-dannosa-ecco-i-motivi-per-votare-no\\\/#breadcrumb\",\"itemListElement\":[{\"@type\":\"ListItem\",\"position\":1,\"name\":\"Home\",\"item\":\"https:\\\/\\\/www.bellunopress.it\\\/\"},{\"@type\":\"ListItem\",\"position\":2,\"name\":\"Referendum del 22 e 23 marzo: una riforma inutile e dannosa. Ecco i motivi per votare NO\"}]},{\"@type\":\"WebSite\",\"@id\":\"https:\\\/\\\/www.bellunopress.it\\\/#website\",\"url\":\"https:\\\/\\\/www.bellunopress.it\\\/\",\"name\":\"Bellunopress - Dolomiti\",\"description\":\"e-mail: redazione@bellunopress.it\",\"publisher\":{\"@id\":\"https:\\\/\\\/www.bellunopress.it\\\/#organization\"},\"potentialAction\":[{\"@type\":\"SearchAction\",\"target\":{\"@type\":\"EntryPoint\",\"urlTemplate\":\"https:\\\/\\\/www.bellunopress.it\\\/?s={search_term_string}\"},\"query-input\":{\"@type\":\"PropertyValueSpecification\",\"valueRequired\":true,\"valueName\":\"search_term_string\"}}],\"inLanguage\":\"fr-FR\"},{\"@type\":\"Organization\",\"@id\":\"https:\\\/\\\/www.bellunopress.it\\\/#organization\",\"name\":\"Bellunopress\",\"url\":\"https:\\\/\\\/www.bellunopress.it\\\/\",\"logo\":{\"@type\":\"ImageObject\",\"inLanguage\":\"fr-FR\",\"@id\":\"https:\\\/\\\/www.bellunopress.it\\\/#\\\/schema\\\/logo\\\/image\\\/\",\"url\":\"https:\\\/\\\/www.bellunopress.it\\\/wp-content\\\/uploads\\\/2011\\\/05\\\/cropped-logo-bellunopress-.jpg\",\"contentUrl\":\"https:\\\/\\\/www.bellunopress.it\\\/wp-content\\\/uploads\\\/2011\\\/05\\\/cropped-logo-bellunopress-.jpg\",\"width\":512,\"height\":512,\"caption\":\"Bellunopress\"},\"image\":{\"@id\":\"https:\\\/\\\/www.bellunopress.it\\\/#\\\/schema\\\/logo\\\/image\\\/\"},\"sameAs\":[\"https:\\\/\\\/www.facebook.com\\\/profile.php?id=100008943462799\",\"https:\\\/\\\/x.com\\\/bellunopress\",\"https:\\\/\\\/www.linkedin.com\\\/hp\\\/?dnr=JBzUWaJfMUw8vbXJJ2tVW5-I3jZKvC4wsoxE&amp;amp;amp;amp;amp;amp;trk=nav_responsive_tab_home\",\"https:\\\/\\\/www.youtube.com\\\/channel\\\/UCxL0wu1uN0_3_7hGG0306cw\"]},{\"@type\":\"Person\",\"@id\":\"https:\\\/\\\/www.bellunopress.it\\\/#\\\/schema\\\/person\\\/79bb06722b37ece1c03d3e94beb30d73\",\"name\":\"redazione\",\"image\":{\"@type\":\"ImageObject\",\"inLanguage\":\"fr-FR\",\"@id\":\"https:\\\/\\\/secure.gravatar.com\\\/avatar\\\/37d968a2e67a6fd04c169c4bdef102d0bc5d31b2546345219e348575eb80e9a0?s=96&d=mm&r=g\",\"url\":\"https:\\\/\\\/secure.gravatar.com\\\/avatar\\\/37d968a2e67a6fd04c169c4bdef102d0bc5d31b2546345219e348575eb80e9a0?s=96&d=mm&r=g\",\"contentUrl\":\"https:\\\/\\\/secure.gravatar.com\\\/avatar\\\/37d968a2e67a6fd04c169c4bdef102d0bc5d31b2546345219e348575eb80e9a0?s=96&d=mm&r=g\",\"caption\":\"redazione\"},\"sameAs\":[\"http:\\\/\\\/www.bellunopress.it\",\"https:\\\/\\\/x.com\\\/bellunopress\"],\"url\":\"https:\\\/\\\/www.bellunopress.it\\\/fr\\\/author\\\/redazione\\\/\"}]}<\/script>\n<!-- \/ Yoast SEO plugin. -->","yoast_head_json":{"title":"Referendum del 22 e 23 marzo: una riforma inutile e dannosa. Ecco i motivi per votare NO - Bellunopress - Dolomiti","robots":{"index":"index","follow":"follow","max-snippet":"max-snippet:-1","max-image-preview":"max-image-preview:large","max-video-preview":"max-video-preview:-1"},"canonical":"https:\/\/www.bellunopress.it\/fr\/2026\/03\/03\/referendum-del-22-e-23-marzo-una-riforma-inutile-e-dannosa-ecco-i-motivi-per-votare-no\/","og_locale":"fr_FR","og_type":"article","og_title":"Referendum del 22 e 23 marzo: una riforma inutile e dannosa. Ecco i motivi per votare NO - Bellunopress - Dolomiti","og_description":"Belluno, 3 marzo 2026 \u2013 La Legge Meloni-Nordio altro non \u00e8 che l\u2019esecuzione del vecchio programma della Loggia massonica deviata della P2 di Licio Gelli: mettere la magistratura sotto controllo della politica. Questo, in estrema sintesi, l\u2019inquietante conclusione del dibattito che si \u00e8 tenuto ieri sera a Palazzo Crepadona di Belluno dal titolo \u201cUna riforma [&hellip;]","og_url":"https:\/\/www.bellunopress.it\/fr\/2026\/03\/03\/referendum-del-22-e-23-marzo-una-riforma-inutile-e-dannosa-ecco-i-motivi-per-votare-no\/","og_site_name":"Bellunopress - Dolomiti","article_publisher":"https:\/\/www.facebook.com\/profile.php?id=100008943462799","article_published_time":"2026-03-03T07:37:16+00:00","article_modified_time":"2026-03-03T10:37:16+00:00","og_image":[{"width":500,"height":375,"url":"https:\/\/www.bellunopress.it\/wp-content\/uploads\/2026\/03\/Crepadona-1.jpg","type":"image\/jpeg"}],"author":"redazione","twitter_card":"summary_large_image","twitter_creator":"@bellunopress","twitter_site":"@bellunopress","twitter_misc":{"\u00c9crit par":"redazione","Dur\u00e9e de lecture estim\u00e9e":"2 minutes"},"schema":{"@context":"https:\/\/schema.org","@graph":[{"@type":"Article","@id":"https:\/\/www.bellunopress.it\/2026\/03\/03\/referendum-del-22-e-23-marzo-una-riforma-inutile-e-dannosa-ecco-i-motivi-per-votare-no\/#article","isPartOf":{"@id":"https:\/\/www.bellunopress.it\/2026\/03\/03\/referendum-del-22-e-23-marzo-una-riforma-inutile-e-dannosa-ecco-i-motivi-per-votare-no\/"},"author":{"name":"redazione","@id":"https:\/\/www.bellunopress.it\/#\/schema\/person\/79bb06722b37ece1c03d3e94beb30d73"},"headline":"Referendum del 22 e 23 marzo: una riforma inutile e dannosa. Ecco i motivi per votare NO","datePublished":"2026-03-03T07:37:16+00:00","dateModified":"2026-03-03T10:37:16+00:00","mainEntityOfPage":{"@id":"https:\/\/www.bellunopress.it\/2026\/03\/03\/referendum-del-22-e-23-marzo-una-riforma-inutile-e-dannosa-ecco-i-motivi-per-votare-no\/"},"wordCount":432,"publisher":{"@id":"https:\/\/www.bellunopress.it\/#organization"},"image":{"@id":"https:\/\/www.bellunopress.it\/2026\/03\/03\/referendum-del-22-e-23-marzo-una-riforma-inutile-e-dannosa-ecco-i-motivi-per-votare-no\/#primaryimage"},"thumbnailUrl":"https:\/\/www.bellunopress.it\/wp-content\/uploads\/2026\/03\/Crepadona-1.jpg","articleSection":["Cronaca\/Politica","Featured","Prima Pagina"],"inLanguage":"fr-FR"},{"@type":"WebPage","@id":"https:\/\/www.bellunopress.it\/2026\/03\/03\/referendum-del-22-e-23-marzo-una-riforma-inutile-e-dannosa-ecco-i-motivi-per-votare-no\/","url":"https:\/\/www.bellunopress.it\/2026\/03\/03\/referendum-del-22-e-23-marzo-una-riforma-inutile-e-dannosa-ecco-i-motivi-per-votare-no\/","name":"Referendum del 22 e 23 marzo: una riforma inutile e dannosa. Ecco i motivi per votare NO - Bellunopress - Dolomiti","isPartOf":{"@id":"https:\/\/www.bellunopress.it\/#website"},"primaryImageOfPage":{"@id":"https:\/\/www.bellunopress.it\/2026\/03\/03\/referendum-del-22-e-23-marzo-una-riforma-inutile-e-dannosa-ecco-i-motivi-per-votare-no\/#primaryimage"},"image":{"@id":"https:\/\/www.bellunopress.it\/2026\/03\/03\/referendum-del-22-e-23-marzo-una-riforma-inutile-e-dannosa-ecco-i-motivi-per-votare-no\/#primaryimage"},"thumbnailUrl":"https:\/\/www.bellunopress.it\/wp-content\/uploads\/2026\/03\/Crepadona-1.jpg","datePublished":"2026-03-03T07:37:16+00:00","dateModified":"2026-03-03T10:37:16+00:00","breadcrumb":{"@id":"https:\/\/www.bellunopress.it\/2026\/03\/03\/referendum-del-22-e-23-marzo-una-riforma-inutile-e-dannosa-ecco-i-motivi-per-votare-no\/#breadcrumb"},"inLanguage":"fr-FR","potentialAction":[{"@type":"ReadAction","target":["https:\/\/www.bellunopress.it\/2026\/03\/03\/referendum-del-22-e-23-marzo-una-riforma-inutile-e-dannosa-ecco-i-motivi-per-votare-no\/"]}]},{"@type":"ImageObject","inLanguage":"fr-FR","@id":"https:\/\/www.bellunopress.it\/2026\/03\/03\/referendum-del-22-e-23-marzo-una-riforma-inutile-e-dannosa-ecco-i-motivi-per-votare-no\/#primaryimage","url":"https:\/\/www.bellunopress.it\/wp-content\/uploads\/2026\/03\/Crepadona-1.jpg","contentUrl":"https:\/\/www.bellunopress.it\/wp-content\/uploads\/2026\/03\/Crepadona-1.jpg","width":500,"height":375},{"@type":"BreadcrumbList","@id":"https:\/\/www.bellunopress.it\/2026\/03\/03\/referendum-del-22-e-23-marzo-una-riforma-inutile-e-dannosa-ecco-i-motivi-per-votare-no\/#breadcrumb","itemListElement":[{"@type":"ListItem","position":1,"name":"Home","item":"https:\/\/www.bellunopress.it\/"},{"@type":"ListItem","position":2,"name":"Referendum del 22 e 23 marzo: una riforma inutile e dannosa. Ecco i motivi per votare NO"}]},{"@type":"WebSite","@id":"https:\/\/www.bellunopress.it\/#website","url":"https:\/\/www.bellunopress.it\/","name":"Bellunopress - Dolomiti","description":"e-mail: redazione@bellunopress.it","publisher":{"@id":"https:\/\/www.bellunopress.it\/#organization"},"potentialAction":[{"@type":"SearchAction","target":{"@type":"EntryPoint","urlTemplate":"https:\/\/www.bellunopress.it\/?s={search_term_string}"},"query-input":{"@type":"PropertyValueSpecification","valueRequired":true,"valueName":"search_term_string"}}],"inLanguage":"fr-FR"},{"@type":"Organization","@id":"https:\/\/www.bellunopress.it\/#organization","name":"Bellunopress","url":"https:\/\/www.bellunopress.it\/","logo":{"@type":"ImageObject","inLanguage":"fr-FR","@id":"https:\/\/www.bellunopress.it\/#\/schema\/logo\/image\/","url":"https:\/\/www.bellunopress.it\/wp-content\/uploads\/2011\/05\/cropped-logo-bellunopress-.jpg","contentUrl":"https:\/\/www.bellunopress.it\/wp-content\/uploads\/2011\/05\/cropped-logo-bellunopress-.jpg","width":512,"height":512,"caption":"Bellunopress"},"image":{"@id":"https:\/\/www.bellunopress.it\/#\/schema\/logo\/image\/"},"sameAs":["https:\/\/www.facebook.com\/profile.php?id=100008943462799","https:\/\/x.com\/bellunopress","https:\/\/www.linkedin.com\/hp\/?dnr=JBzUWaJfMUw8vbXJJ2tVW5-I3jZKvC4wsoxE&amp;amp;amp;amp;amp;amp;trk=nav_responsive_tab_home","https:\/\/www.youtube.com\/channel\/UCxL0wu1uN0_3_7hGG0306cw"]},{"@type":"Person","@id":"https:\/\/www.bellunopress.it\/#\/schema\/person\/79bb06722b37ece1c03d3e94beb30d73","name":"r\u00e9daction","image":{"@type":"ImageObject","inLanguage":"fr-FR","@id":"https:\/\/secure.gravatar.com\/avatar\/37d968a2e67a6fd04c169c4bdef102d0bc5d31b2546345219e348575eb80e9a0?s=96&d=mm&r=g","url":"https:\/\/secure.gravatar.com\/avatar\/37d968a2e67a6fd04c169c4bdef102d0bc5d31b2546345219e348575eb80e9a0?s=96&d=mm&r=g","contentUrl":"https:\/\/secure.gravatar.com\/avatar\/37d968a2e67a6fd04c169c4bdef102d0bc5d31b2546345219e348575eb80e9a0?s=96&d=mm&r=g","caption":"redazione"},"sameAs":["http:\/\/www.bellunopress.it","https:\/\/x.com\/bellunopress"],"url":"https:\/\/www.bellunopress.it\/fr\/author\/redazione\/"}]}},"_links":{"self":[{"href":"https:\/\/www.bellunopress.it\/fr\/wp-json\/wp\/v2\/posts\/167843","targetHints":{"allow":["GET"]}}],"collection":[{"href":"https:\/\/www.bellunopress.it\/fr\/wp-json\/wp\/v2\/posts"}],"about":[{"href":"https:\/\/www.bellunopress.it\/fr\/wp-json\/wp\/v2\/types\/post"}],"author":[{"embeddable":true,"href":"https:\/\/www.bellunopress.it\/fr\/wp-json\/wp\/v2\/users\/2"}],"replies":[{"embeddable":true,"href":"https:\/\/www.bellunopress.it\/fr\/wp-json\/wp\/v2\/comments?post=167843"}],"version-history":[{"count":2,"href":"https:\/\/www.bellunopress.it\/fr\/wp-json\/wp\/v2\/posts\/167843\/revisions"}],"predecessor-version":[{"id":167847,"href":"https:\/\/www.bellunopress.it\/fr\/wp-json\/wp\/v2\/posts\/167843\/revisions\/167847"}],"wp:featuredmedia":[{"embeddable":true,"href":"https:\/\/www.bellunopress.it\/fr\/wp-json\/wp\/v2\/media\/167845"}],"wp:attachment":[{"href":"https:\/\/www.bellunopress.it\/fr\/wp-json\/wp\/v2\/media?parent=167843"}],"wp:term":[{"taxonomy":"category","embeddable":true,"href":"https:\/\/www.bellunopress.it\/fr\/wp-json\/wp\/v2\/categories?post=167843"},{"taxonomy":"post_tag","embeddable":true,"href":"https:\/\/www.bellunopress.it\/fr\/wp-json\/wp\/v2\/tags?post=167843"}],"curies":[{"name":"wp","href":"https:\/\/api.w.org\/{rel}","templated":true}]}}