{"id":167806,"date":"2026-03-01T20:26:47","date_gmt":"2026-03-01T19:26:47","guid":{"rendered":"https:\/\/www.bellunopress.it\/?p=167806"},"modified":"2026-03-01T20:26:47","modified_gmt":"2026-03-01T19:26:47","slug":"parco-fluviale-di-lambioi-il-vicesindaco-gamba-risponde-allinterrogazione-dellopposizione","status":"publish","type":"post","link":"https:\/\/www.bellunopress.it\/fr\/2026\/03\/01\/parco-fluviale-di-lambioi-il-vicesindaco-gamba-risponde-allinterrogazione-dellopposizione\/","title":{"rendered":"Parco fluviale di Lambioi: Il vicesindaco Gamba risponde all&#8217;interrogazione dell&#8217;opposizione"},"content":{"rendered":"<p>La risposta del vicesindaco Paolo Gamba all&#8217;interrogazione, presentata in occasione dello scorso consiglio comunale dalle consigliere del Partito Democratico Claudia Bettiol e Maria Teresa Cassol, sul parco di Lambioi.<\/p>\n<p>Belluno, 01\/03\/2026 &#8211; \u201cIl nuovo Parco di Lambioi \u00e8 ormai pronto. I lavori di riqualificazione dell\u2019area, sottopasso compreso, sono infatti sostanzialmente ultimati e nelle prossime settimane si entrer\u00e0 nella fase finale prima della consegna formale al Comune\u201d. Cos\u00ec il vice sindaco Paolo Gamba nella sua risposta all\u2019interrogazione presentata, in occasione dell\u2019ultima riunione del consiglio comunale del 27 febbraio, dalle consigliere del Partito Democratico Maria Teresa Cassol e Claudia Bettiol in merito allo stato dei lavori all\u2019area verde del Piave e alla futura gestione prevista dall\u2019Amministrazione.<\/p>\n<p>Al momento, restano da installare le due sbarre di accesso all\u2019area verde, intervento che sar\u00e0 eseguito direttamente dall\u2019impresa incaricata, mentre \u00e8 attualmente in fase di redazione il collaudo statico del sottopasso, passaggio fondamentale per arrivare al suo utilizzo. La consegna \u00e8 prevista entro il mese di marzo; l\u2019impianto di illuminazione verr\u00e0 invece completato entro aprile. Concluso il cantiere, l\u2019attenzione si sposter\u00e0 poi su un altro tema: la gestione futura di uno spazio che, dopo l\u2019intervento, si presenta pi\u00f9 ampio, meglio accessibile e ancora pi\u00f9 fruibile rispetto al passato.<\/p>\n<p>\u201cPrima di avviare qualsiasi confronto pubblico per la presentazione dell\u2019opera completata, riteniamo sia fondamentale avere chiaro come mantenere pulita e sicura un\u2019area che oggi \u00e8 diventata ancora pi\u00f9 grande e che rappresenta un vero gioiello per tutta la Citt\u00e0 \u2013 ha spiegato Gamba -. L\u2019obiettivo \u00e8 garantire nel tempo qualit\u00e0 e cura degli spazi, senza gravare sulla collettivit\u00e0. L\u2019accesso al Parco di Lambioi rester\u00e0 in ogni caso libero e gratuito\u201d.<\/p>\n<p>In questa prospettiva, la gestione del Parco sar\u00e0 affidata a soggetti privati attraverso un apposito bando pubblico.<br \/>\nIl Comune \u00e8 attualmente in attesa di acquisire dal demanio fluviale tutte le informazioni e la documentazione necessarie per predisporre un avviso sostenibile dal punto di vista economico e operativo.<br \/>\nUna volta completato questo passaggio, si proceder\u00e0 con la pubblicazione del bando.<\/p>","protected":false},"excerpt":{"rendered":"<p>La risposta del vicesindaco Paolo Gamba all&#8217;interrogazione, presentata in occasione dello scorso consiglio comunale dalle consigliere del Partito Democratico Claudia Bettiol e Maria Teresa Cassol, sul parco di Lambioi. Belluno, 01\/03\/2026 &#8211; \u201cIl nuovo Parco di Lambioi \u00e8 ormai pronto. I lavori di riqualificazione dell\u2019area, sottopasso compreso, sono infatti sostanzialmente ultimati e nelle prossime settimane [&hellip;]<\/p>\n","protected":false},"author":2,"featured_media":133417,"comment_status":"closed","ping_status":"open","sticky":false,"template":"","format":"standard","meta":{"footnotes":""},"categories":[5,26],"tags":[],"class_list":["post-167806","post","type-post","status-publish","format-standard","has-post-thumbnail","category-cronaca","category-prima-pagina"],"yoast_head":"<!-- This site is optimized with the Yoast SEO plugin v28.4 - https:\/\/yoast.com\/product\/yoast-seo-wordpress\/ -->\n<title>Parco fluviale di Lambioi: Il vicesindaco Gamba risponde all&#039;interrogazione dell&#039;opposizione - Bellunopress - Dolomiti<\/title>\n<meta name=\"robots\" content=\"index, follow, max-snippet:-1, max-image-preview:large, max-video-preview:-1\" \/>\n<link rel=\"canonical\" href=\"https:\/\/www.bellunopress.it\/fr\/2026\/03\/01\/parco-fluviale-di-lambioi-il-vicesindaco-gamba-risponde-allinterrogazione-dellopposizione\/\" \/>\n<meta property=\"og:locale\" content=\"fr_FR\" \/>\n<meta property=\"og:type\" content=\"article\" \/>\n<meta property=\"og:title\" content=\"Parco fluviale di Lambioi: Il vicesindaco Gamba risponde all&#039;interrogazione dell&#039;opposizione - Bellunopress - Dolomiti\" \/>\n<meta property=\"og:description\" content=\"La risposta del vicesindaco Paolo Gamba all&#8217;interrogazione, presentata in occasione dello scorso consiglio comunale dalle consigliere del Partito Democratico Claudia Bettiol e Maria Teresa Cassol, sul parco di Lambioi. Belluno, 01\/03\/2026 &#8211; \u201cIl nuovo Parco di Lambioi \u00e8 ormai pronto. I lavori di riqualificazione dell\u2019area, sottopasso compreso, sono infatti sostanzialmente ultimati e nelle prossime settimane [&hellip;]\" \/>\n<meta property=\"og:url\" content=\"https:\/\/www.bellunopress.it\/fr\/2026\/03\/01\/parco-fluviale-di-lambioi-il-vicesindaco-gamba-risponde-allinterrogazione-dellopposizione\/\" \/>\n<meta property=\"og:site_name\" content=\"Bellunopress - Dolomiti\" \/>\n<meta property=\"article:publisher\" content=\"https:\/\/www.facebook.com\/profile.php?id=100008943462799\" \/>\n<meta property=\"article:published_time\" content=\"2026-03-01T19:26:47+00:00\" \/>\n<meta property=\"og:image\" content=\"https:\/\/www.bellunopress.it\/wp-content\/uploads\/2022\/05\/chiosco-parco-fluviale-lambioi_edited.jpg\" \/>\n\t<meta property=\"og:image:width\" content=\"1000\" \/>\n\t<meta property=\"og:image:height\" content=\"750\" \/>\n\t<meta property=\"og:image:type\" content=\"image\/jpeg\" \/>\n<meta name=\"author\" content=\"redazione\" \/>\n<meta name=\"twitter:card\" content=\"summary_large_image\" \/>\n<meta name=\"twitter:creator\" content=\"@bellunopress\" \/>\n<meta name=\"twitter:site\" content=\"@bellunopress\" \/>\n<meta name=\"twitter:label1\" content=\"\u00c9crit par\" \/>\n\t<meta name=\"twitter:data1\" content=\"redazione\" \/>\n\t<meta name=\"twitter:label2\" content=\"Dur\u00e9e de lecture estim\u00e9e\" \/>\n\t<meta name=\"twitter:data2\" content=\"2 minutes\" \/>\n<script type=\"application\/ld+json\" class=\"yoast-schema-graph\">{\"@context\":\"https:\\\/\\\/schema.org\",\"@graph\":[{\"@type\":\"Article\",\"@id\":\"https:\\\/\\\/www.bellunopress.it\\\/2026\\\/03\\\/01\\\/parco-fluviale-di-lambioi-il-vicesindaco-gamba-risponde-allinterrogazione-dellopposizione\\\/#article\",\"isPartOf\":{\"@id\":\"https:\\\/\\\/www.bellunopress.it\\\/2026\\\/03\\\/01\\\/parco-fluviale-di-lambioi-il-vicesindaco-gamba-risponde-allinterrogazione-dellopposizione\\\/\"},\"author\":{\"name\":\"redazione\",\"@id\":\"https:\\\/\\\/www.bellunopress.it\\\/#\\\/schema\\\/person\\\/79bb06722b37ece1c03d3e94beb30d73\"},\"headline\":\"Parco fluviale di Lambioi: Il vicesindaco Gamba risponde all&#8217;interrogazione dell&#8217;opposizione\",\"datePublished\":\"2026-03-01T19:26:47+00:00\",\"mainEntityOfPage\":{\"@id\":\"https:\\\/\\\/www.bellunopress.it\\\/2026\\\/03\\\/01\\\/parco-fluviale-di-lambioi-il-vicesindaco-gamba-risponde-allinterrogazione-dellopposizione\\\/\"},\"wordCount\":349,\"publisher\":{\"@id\":\"https:\\\/\\\/www.bellunopress.it\\\/#organization\"},\"image\":{\"@id\":\"https:\\\/\\\/www.bellunopress.it\\\/2026\\\/03\\\/01\\\/parco-fluviale-di-lambioi-il-vicesindaco-gamba-risponde-allinterrogazione-dellopposizione\\\/#primaryimage\"},\"thumbnailUrl\":\"https:\\\/\\\/www.bellunopress.it\\\/wp-content\\\/uploads\\\/2022\\\/05\\\/chiosco-parco-fluviale-lambioi_edited.jpg\",\"articleSection\":[\"Cronaca\\\/Politica\",\"Prima Pagina\"],\"inLanguage\":\"fr-FR\"},{\"@type\":\"WebPage\",\"@id\":\"https:\\\/\\\/www.bellunopress.it\\\/2026\\\/03\\\/01\\\/parco-fluviale-di-lambioi-il-vicesindaco-gamba-risponde-allinterrogazione-dellopposizione\\\/\",\"url\":\"https:\\\/\\\/www.bellunopress.it\\\/2026\\\/03\\\/01\\\/parco-fluviale-di-lambioi-il-vicesindaco-gamba-risponde-allinterrogazione-dellopposizione\\\/\",\"name\":\"Parco fluviale di Lambioi: Il vicesindaco Gamba risponde all'interrogazione dell'opposizione - Bellunopress - Dolomiti\",\"isPartOf\":{\"@id\":\"https:\\\/\\\/www.bellunopress.it\\\/#website\"},\"primaryImageOfPage\":{\"@id\":\"https:\\\/\\\/www.bellunopress.it\\\/2026\\\/03\\\/01\\\/parco-fluviale-di-lambioi-il-vicesindaco-gamba-risponde-allinterrogazione-dellopposizione\\\/#primaryimage\"},\"image\":{\"@id\":\"https:\\\/\\\/www.bellunopress.it\\\/2026\\\/03\\\/01\\\/parco-fluviale-di-lambioi-il-vicesindaco-gamba-risponde-allinterrogazione-dellopposizione\\\/#primaryimage\"},\"thumbnailUrl\":\"https:\\\/\\\/www.bellunopress.it\\\/wp-content\\\/uploads\\\/2022\\\/05\\\/chiosco-parco-fluviale-lambioi_edited.jpg\",\"datePublished\":\"2026-03-01T19:26:47+00:00\",\"breadcrumb\":{\"@id\":\"https:\\\/\\\/www.bellunopress.it\\\/2026\\\/03\\\/01\\\/parco-fluviale-di-lambioi-il-vicesindaco-gamba-risponde-allinterrogazione-dellopposizione\\\/#breadcrumb\"},\"inLanguage\":\"fr-FR\",\"potentialAction\":[{\"@type\":\"ReadAction\",\"target\":[\"https:\\\/\\\/www.bellunopress.it\\\/2026\\\/03\\\/01\\\/parco-fluviale-di-lambioi-il-vicesindaco-gamba-risponde-allinterrogazione-dellopposizione\\\/\"]}]},{\"@type\":\"ImageObject\",\"inLanguage\":\"fr-FR\",\"@id\":\"https:\\\/\\\/www.bellunopress.it\\\/2026\\\/03\\\/01\\\/parco-fluviale-di-lambioi-il-vicesindaco-gamba-risponde-allinterrogazione-dellopposizione\\\/#primaryimage\",\"url\":\"https:\\\/\\\/www.bellunopress.it\\\/wp-content\\\/uploads\\\/2022\\\/05\\\/chiosco-parco-fluviale-lambioi_edited.jpg\",\"contentUrl\":\"https:\\\/\\\/www.bellunopress.it\\\/wp-content\\\/uploads\\\/2022\\\/05\\\/chiosco-parco-fluviale-lambioi_edited.jpg\",\"width\":1000,\"height\":750,\"caption\":\"Chiosco al Parco fluviale di Lambioi (Maggio 2022)\"},{\"@type\":\"BreadcrumbList\",\"@id\":\"https:\\\/\\\/www.bellunopress.it\\\/2026\\\/03\\\/01\\\/parco-fluviale-di-lambioi-il-vicesindaco-gamba-risponde-allinterrogazione-dellopposizione\\\/#breadcrumb\",\"itemListElement\":[{\"@type\":\"ListItem\",\"position\":1,\"name\":\"Home\",\"item\":\"https:\\\/\\\/www.bellunopress.it\\\/\"},{\"@type\":\"ListItem\",\"position\":2,\"name\":\"Parco fluviale di Lambioi: Il vicesindaco Gamba risponde all&#8217;interrogazione dell&#8217;opposizione\"}]},{\"@type\":\"WebSite\",\"@id\":\"https:\\\/\\\/www.bellunopress.it\\\/#website\",\"url\":\"https:\\\/\\\/www.bellunopress.it\\\/\",\"name\":\"Bellunopress - Dolomiti\",\"description\":\"e-mail: redazione@bellunopress.it\",\"publisher\":{\"@id\":\"https:\\\/\\\/www.bellunopress.it\\\/#organization\"},\"potentialAction\":[{\"@type\":\"SearchAction\",\"target\":{\"@type\":\"EntryPoint\",\"urlTemplate\":\"https:\\\/\\\/www.bellunopress.it\\\/?s={search_term_string}\"},\"query-input\":{\"@type\":\"PropertyValueSpecification\",\"valueRequired\":true,\"valueName\":\"search_term_string\"}}],\"inLanguage\":\"fr-FR\"},{\"@type\":\"Organization\",\"@id\":\"https:\\\/\\\/www.bellunopress.it\\\/#organization\",\"name\":\"Bellunopress\",\"url\":\"https:\\\/\\\/www.bellunopress.it\\\/\",\"logo\":{\"@type\":\"ImageObject\",\"inLanguage\":\"fr-FR\",\"@id\":\"https:\\\/\\\/www.bellunopress.it\\\/#\\\/schema\\\/logo\\\/image\\\/\",\"url\":\"https:\\\/\\\/www.bellunopress.it\\\/wp-content\\\/uploads\\\/2011\\\/05\\\/cropped-logo-bellunopress-.jpg\",\"contentUrl\":\"https:\\\/\\\/www.bellunopress.it\\\/wp-content\\\/uploads\\\/2011\\\/05\\\/cropped-logo-bellunopress-.jpg\",\"width\":512,\"height\":512,\"caption\":\"Bellunopress\"},\"image\":{\"@id\":\"https:\\\/\\\/www.bellunopress.it\\\/#\\\/schema\\\/logo\\\/image\\\/\"},\"sameAs\":[\"https:\\\/\\\/www.facebook.com\\\/profile.php?id=100008943462799\",\"https:\\\/\\\/x.com\\\/bellunopress\",\"https:\\\/\\\/www.linkedin.com\\\/hp\\\/?dnr=JBzUWaJfMUw8vbXJJ2tVW5-I3jZKvC4wsoxE&amp;amp;amp;amp;amp;amp;trk=nav_responsive_tab_home\",\"https:\\\/\\\/www.youtube.com\\\/channel\\\/UCxL0wu1uN0_3_7hGG0306cw\"]},{\"@type\":\"Person\",\"@id\":\"https:\\\/\\\/www.bellunopress.it\\\/#\\\/schema\\\/person\\\/79bb06722b37ece1c03d3e94beb30d73\",\"name\":\"redazione\",\"image\":{\"@type\":\"ImageObject\",\"inLanguage\":\"fr-FR\",\"@id\":\"https:\\\/\\\/secure.gravatar.com\\\/avatar\\\/37d968a2e67a6fd04c169c4bdef102d0bc5d31b2546345219e348575eb80e9a0?s=96&d=mm&r=g\",\"url\":\"https:\\\/\\\/secure.gravatar.com\\\/avatar\\\/37d968a2e67a6fd04c169c4bdef102d0bc5d31b2546345219e348575eb80e9a0?s=96&d=mm&r=g\",\"contentUrl\":\"https:\\\/\\\/secure.gravatar.com\\\/avatar\\\/37d968a2e67a6fd04c169c4bdef102d0bc5d31b2546345219e348575eb80e9a0?s=96&d=mm&r=g\",\"caption\":\"redazione\"},\"sameAs\":[\"http:\\\/\\\/www.bellunopress.it\",\"https:\\\/\\\/x.com\\\/bellunopress\"],\"url\":\"https:\\\/\\\/www.bellunopress.it\\\/fr\\\/author\\\/redazione\\\/\"}]}<\/script>\n<!-- \/ Yoast SEO plugin. -->","yoast_head_json":{"title":"Parco fluviale di Lambioi: Il vicesindaco Gamba risponde all'interrogazione dell'opposizione - Bellunopress - Dolomiti","robots":{"index":"index","follow":"follow","max-snippet":"max-snippet:-1","max-image-preview":"max-image-preview:large","max-video-preview":"max-video-preview:-1"},"canonical":"https:\/\/www.bellunopress.it\/fr\/2026\/03\/01\/parco-fluviale-di-lambioi-il-vicesindaco-gamba-risponde-allinterrogazione-dellopposizione\/","og_locale":"fr_FR","og_type":"article","og_title":"Parco fluviale di Lambioi: Il vicesindaco Gamba risponde all'interrogazione dell'opposizione - Bellunopress - Dolomiti","og_description":"La risposta del vicesindaco Paolo Gamba all&#8217;interrogazione, presentata in occasione dello scorso consiglio comunale dalle consigliere del Partito Democratico Claudia Bettiol e Maria Teresa Cassol, sul parco di Lambioi. Belluno, 01\/03\/2026 &#8211; \u201cIl nuovo Parco di Lambioi \u00e8 ormai pronto. I lavori di riqualificazione dell\u2019area, sottopasso compreso, sono infatti sostanzialmente ultimati e nelle prossime settimane [&hellip;]","og_url":"https:\/\/www.bellunopress.it\/fr\/2026\/03\/01\/parco-fluviale-di-lambioi-il-vicesindaco-gamba-risponde-allinterrogazione-dellopposizione\/","og_site_name":"Bellunopress - Dolomiti","article_publisher":"https:\/\/www.facebook.com\/profile.php?id=100008943462799","article_published_time":"2026-03-01T19:26:47+00:00","og_image":[{"width":1000,"height":750,"url":"https:\/\/www.bellunopress.it\/wp-content\/uploads\/2022\/05\/chiosco-parco-fluviale-lambioi_edited.jpg","type":"image\/jpeg"}],"author":"redazione","twitter_card":"summary_large_image","twitter_creator":"@bellunopress","twitter_site":"@bellunopress","twitter_misc":{"\u00c9crit par":"redazione","Dur\u00e9e de lecture estim\u00e9e":"2 minutes"},"schema":{"@context":"https:\/\/schema.org","@graph":[{"@type":"Article","@id":"https:\/\/www.bellunopress.it\/2026\/03\/01\/parco-fluviale-di-lambioi-il-vicesindaco-gamba-risponde-allinterrogazione-dellopposizione\/#article","isPartOf":{"@id":"https:\/\/www.bellunopress.it\/2026\/03\/01\/parco-fluviale-di-lambioi-il-vicesindaco-gamba-risponde-allinterrogazione-dellopposizione\/"},"author":{"name":"redazione","@id":"https:\/\/www.bellunopress.it\/#\/schema\/person\/79bb06722b37ece1c03d3e94beb30d73"},"headline":"Parco fluviale di Lambioi: Il vicesindaco Gamba risponde all&#8217;interrogazione dell&#8217;opposizione","datePublished":"2026-03-01T19:26:47+00:00","mainEntityOfPage":{"@id":"https:\/\/www.bellunopress.it\/2026\/03\/01\/parco-fluviale-di-lambioi-il-vicesindaco-gamba-risponde-allinterrogazione-dellopposizione\/"},"wordCount":349,"publisher":{"@id":"https:\/\/www.bellunopress.it\/#organization"},"image":{"@id":"https:\/\/www.bellunopress.it\/2026\/03\/01\/parco-fluviale-di-lambioi-il-vicesindaco-gamba-risponde-allinterrogazione-dellopposizione\/#primaryimage"},"thumbnailUrl":"https:\/\/www.bellunopress.it\/wp-content\/uploads\/2022\/05\/chiosco-parco-fluviale-lambioi_edited.jpg","articleSection":["Cronaca\/Politica","Prima Pagina"],"inLanguage":"fr-FR"},{"@type":"WebPage","@id":"https:\/\/www.bellunopress.it\/2026\/03\/01\/parco-fluviale-di-lambioi-il-vicesindaco-gamba-risponde-allinterrogazione-dellopposizione\/","url":"https:\/\/www.bellunopress.it\/2026\/03\/01\/parco-fluviale-di-lambioi-il-vicesindaco-gamba-risponde-allinterrogazione-dellopposizione\/","name":"Parco fluviale di Lambioi: Il vicesindaco Gamba risponde all'interrogazione dell'opposizione - Bellunopress - Dolomiti","isPartOf":{"@id":"https:\/\/www.bellunopress.it\/#website"},"primaryImageOfPage":{"@id":"https:\/\/www.bellunopress.it\/2026\/03\/01\/parco-fluviale-di-lambioi-il-vicesindaco-gamba-risponde-allinterrogazione-dellopposizione\/#primaryimage"},"image":{"@id":"https:\/\/www.bellunopress.it\/2026\/03\/01\/parco-fluviale-di-lambioi-il-vicesindaco-gamba-risponde-allinterrogazione-dellopposizione\/#primaryimage"},"thumbnailUrl":"https:\/\/www.bellunopress.it\/wp-content\/uploads\/2022\/05\/chiosco-parco-fluviale-lambioi_edited.jpg","datePublished":"2026-03-01T19:26:47+00:00","breadcrumb":{"@id":"https:\/\/www.bellunopress.it\/2026\/03\/01\/parco-fluviale-di-lambioi-il-vicesindaco-gamba-risponde-allinterrogazione-dellopposizione\/#breadcrumb"},"inLanguage":"fr-FR","potentialAction":[{"@type":"ReadAction","target":["https:\/\/www.bellunopress.it\/2026\/03\/01\/parco-fluviale-di-lambioi-il-vicesindaco-gamba-risponde-allinterrogazione-dellopposizione\/"]}]},{"@type":"ImageObject","inLanguage":"fr-FR","@id":"https:\/\/www.bellunopress.it\/2026\/03\/01\/parco-fluviale-di-lambioi-il-vicesindaco-gamba-risponde-allinterrogazione-dellopposizione\/#primaryimage","url":"https:\/\/www.bellunopress.it\/wp-content\/uploads\/2022\/05\/chiosco-parco-fluviale-lambioi_edited.jpg","contentUrl":"https:\/\/www.bellunopress.it\/wp-content\/uploads\/2022\/05\/chiosco-parco-fluviale-lambioi_edited.jpg","width":1000,"height":750,"caption":"Chiosco al Parco fluviale di Lambioi (Maggio 2022)"},{"@type":"BreadcrumbList","@id":"https:\/\/www.bellunopress.it\/2026\/03\/01\/parco-fluviale-di-lambioi-il-vicesindaco-gamba-risponde-allinterrogazione-dellopposizione\/#breadcrumb","itemListElement":[{"@type":"ListItem","position":1,"name":"Home","item":"https:\/\/www.bellunopress.it\/"},{"@type":"ListItem","position":2,"name":"Parco fluviale di Lambioi: Il vicesindaco Gamba risponde all&#8217;interrogazione dell&#8217;opposizione"}]},{"@type":"WebSite","@id":"https:\/\/www.bellunopress.it\/#website","url":"https:\/\/www.bellunopress.it\/","name":"Bellunopress - Dolomiti","description":"e-mail: redazione@bellunopress.it","publisher":{"@id":"https:\/\/www.bellunopress.it\/#organization"},"potentialAction":[{"@type":"SearchAction","target":{"@type":"EntryPoint","urlTemplate":"https:\/\/www.bellunopress.it\/?s={search_term_string}"},"query-input":{"@type":"PropertyValueSpecification","valueRequired":true,"valueName":"search_term_string"}}],"inLanguage":"fr-FR"},{"@type":"Organization","@id":"https:\/\/www.bellunopress.it\/#organization","name":"Bellunopress","url":"https:\/\/www.bellunopress.it\/","logo":{"@type":"ImageObject","inLanguage":"fr-FR","@id":"https:\/\/www.bellunopress.it\/#\/schema\/logo\/image\/","url":"https:\/\/www.bellunopress.it\/wp-content\/uploads\/2011\/05\/cropped-logo-bellunopress-.jpg","contentUrl":"https:\/\/www.bellunopress.it\/wp-content\/uploads\/2011\/05\/cropped-logo-bellunopress-.jpg","width":512,"height":512,"caption":"Bellunopress"},"image":{"@id":"https:\/\/www.bellunopress.it\/#\/schema\/logo\/image\/"},"sameAs":["https:\/\/www.facebook.com\/profile.php?id=100008943462799","https:\/\/x.com\/bellunopress","https:\/\/www.linkedin.com\/hp\/?dnr=JBzUWaJfMUw8vbXJJ2tVW5-I3jZKvC4wsoxE&amp;amp;amp;amp;amp;amp;trk=nav_responsive_tab_home","https:\/\/www.youtube.com\/channel\/UCxL0wu1uN0_3_7hGG0306cw"]},{"@type":"Person","@id":"https:\/\/www.bellunopress.it\/#\/schema\/person\/79bb06722b37ece1c03d3e94beb30d73","name":"r\u00e9daction","image":{"@type":"ImageObject","inLanguage":"fr-FR","@id":"https:\/\/secure.gravatar.com\/avatar\/37d968a2e67a6fd04c169c4bdef102d0bc5d31b2546345219e348575eb80e9a0?s=96&d=mm&r=g","url":"https:\/\/secure.gravatar.com\/avatar\/37d968a2e67a6fd04c169c4bdef102d0bc5d31b2546345219e348575eb80e9a0?s=96&d=mm&r=g","contentUrl":"https:\/\/secure.gravatar.com\/avatar\/37d968a2e67a6fd04c169c4bdef102d0bc5d31b2546345219e348575eb80e9a0?s=96&d=mm&r=g","caption":"redazione"},"sameAs":["http:\/\/www.bellunopress.it","https:\/\/x.com\/bellunopress"],"url":"https:\/\/www.bellunopress.it\/fr\/author\/redazione\/"}]}},"_links":{"self":[{"href":"https:\/\/www.bellunopress.it\/fr\/wp-json\/wp\/v2\/posts\/167806","targetHints":{"allow":["GET"]}}],"collection":[{"href":"https:\/\/www.bellunopress.it\/fr\/wp-json\/wp\/v2\/posts"}],"about":[{"href":"https:\/\/www.bellunopress.it\/fr\/wp-json\/wp\/v2\/types\/post"}],"author":[{"embeddable":true,"href":"https:\/\/www.bellunopress.it\/fr\/wp-json\/wp\/v2\/users\/2"}],"replies":[{"embeddable":true,"href":"https:\/\/www.bellunopress.it\/fr\/wp-json\/wp\/v2\/comments?post=167806"}],"version-history":[{"count":1,"href":"https:\/\/www.bellunopress.it\/fr\/wp-json\/wp\/v2\/posts\/167806\/revisions"}],"predecessor-version":[{"id":167807,"href":"https:\/\/www.bellunopress.it\/fr\/wp-json\/wp\/v2\/posts\/167806\/revisions\/167807"}],"wp:featuredmedia":[{"embeddable":true,"href":"https:\/\/www.bellunopress.it\/fr\/wp-json\/wp\/v2\/media\/133417"}],"wp:attachment":[{"href":"https:\/\/www.bellunopress.it\/fr\/wp-json\/wp\/v2\/media?parent=167806"}],"wp:term":[{"taxonomy":"category","embeddable":true,"href":"https:\/\/www.bellunopress.it\/fr\/wp-json\/wp\/v2\/categories?post=167806"},{"taxonomy":"post_tag","embeddable":true,"href":"https:\/\/www.bellunopress.it\/fr\/wp-json\/wp\/v2\/tags?post=167806"}],"curies":[{"name":"wp","href":"https:\/\/api.w.org\/{rel}","templated":true}]}}