{"id":167804,"date":"2026-03-01T20:09:49","date_gmt":"2026-03-01T19:09:49","guid":{"rendered":"https:\/\/www.bellunopress.it\/?p=167804"},"modified":"2026-03-01T20:09:49","modified_gmt":"2026-03-01T19:09:49","slug":"lettera-aperta-agli-amministratori-della-provincia-di-belluno","status":"publish","type":"post","link":"https:\/\/www.bellunopress.it\/fr\/2026\/03\/01\/lettera-aperta-agli-amministratori-della-provincia-di-belluno\/","title":{"rendered":"Lettera aperta agli amministratori della Provincia di Belluno"},"content":{"rendered":"<p><strong>Mini-Dossier Idroelettrico Bellunese \u2013 Proposta di rinegoziazione canoni e tutela dei territori <\/strong><\/p>\n<p>Gentili Amministratori della Provincia di Belluno,<\/p>\n<p>vi sottopongo un sintetico dossier composto da tre approfondimenti pubblicati su Bellunopress, i quali intersecano due temi vitali per il nostro futuro: la negata autonomia speciale e lo sfruttamento intensivo delle risorse idriche bellunesi a fronte di ricadute risibili per le comunit\u00e0 locali.<\/p>\n<p>Il dossier si articola in tre analisi (pubblicate il 16, 21 e 27 febbraio) che hanno gi\u00e0 suscitato un fortissimo interesse nell&#8217;opinione pubblica, superando in uno le 20.000 visualizzazioni:<\/p>\n<p><a href=\"https:\/\/www.bellunopress.it\/fr\/2026\/02\/27\/belluno-lo-scippo-delloro-azzurro-perche-la-nostra-acqua-arricchisce-milano-e-bolzano-di-enzo-de-biasi\/\" target=\"_blank\" rel=\"noopener noreferrer\">Belluno Bancomat Idrico 03<\/a>\u00a0,\u00a0<a href=\"https:\/\/www.bellunopress.it\/fr\/2026\/02\/22\/belluno-il-caveau-delloro-azzurro-autonomia-tradita-la-sabbia-vale-piu-dellacqua-di-enzo-de-biasi\/\" target=\"_blank\" rel=\"noopener noreferrer\">Belluno Bancomat Idrico 02<\/a>\u00a0,\u00a0<a href=\"https:\/\/www.bellunopress.it\/fr\/2026\/02\/16\/provincia-di-belluno-bancomat-idrico-del-veneto-attende-da-12-anni-la-sua-specificita-di-enzo-de-biasi\/\" target=\"_blank\" rel=\"noopener noreferrer\">Belluno Bancomat Idrico 01<\/a><\/p>\n<p>Ritengo che la rinnovanda Amministrazione Provinciale debba porre con estrema fermezza sul tavolo del negoziato con la Regione Veneto due punti fermi per il prossimo mandato:<\/p>\n<p>A) Nuova ripartizione dei canoni: puntare a una distribuzione equa e trasparente (ipotizzabile in: 50% alla Provincia, 40% ai Comuni sede di impianti, 10% alla Regione). Tale base di calcolo deve integrare finalmente anche le &#8220;derivazioni minori&#8221;, oggi colpevolmente escluse dai flussi diretti al territorio montano.<br \/>\nB) Audit e Comparazione delle Concessioni: procedere all&#8217;acquisizione integrale dei contratti vigenti per una valutazione ponderata rispetto ai modelli gi\u00e0 rinnovati in Regione Lombardia. Ci\u00f2 permetter\u00e0 di stabilire, dati alla mano, la convenienza strategica del passaggio alle gare europee rispetto all&#8217;attuale regime di proroghe &#8220;inerziali&#8221;.<br \/>\nFaber est suae quisque fortunae \u2013 ciascuno \u00e8 artefice del proprio destino. Il Comune \u00e8 la pietra d&#8217;angolo della democrazia liberale: tuttavia, pi\u00f9 il luogo della decisione si allontana da chi ne patisce le conseguenze, meno il decisore ne avverte il peso sulla propria pelle.<\/p>\n<p>Questa \u00e8 un&#8217;occasione storica irripetibile per i prossimi vent&#8217;anni. Chi oggi ricopre la carica di Sindaco ha l&#8217;opportunit\u00e0 di incidere profondamente sul benessere (o sul malessere) della propria comunit\u00e0 e delle future generazioni.<\/p>\n<p>Con viva cordialit\u00e0 e augurandovi buon lavoro,<\/p>\n<p>Enzo De Biasi 01 marzo 2026<\/p>","protected":false},"excerpt":{"rendered":"<p>Mini-Dossier Idroelettrico Bellunese \u2013 Proposta di rinegoziazione canoni e tutela dei territori Gentili Amministratori della Provincia di Belluno, vi sottopongo un sintetico dossier composto da tre approfondimenti pubblicati su Bellunopress, i quali intersecano due temi vitali per il nostro futuro: la negata autonomia speciale e lo sfruttamento intensivo delle risorse idriche bellunesi a fronte di [&hellip;]<\/p>\n","protected":false},"author":2,"featured_media":126308,"comment_status":"closed","ping_status":"open","sticky":false,"template":"","format":"standard","meta":{"footnotes":""},"categories":[1,26],"tags":[],"class_list":["post-167804","post","type-post","status-publish","format-standard","has-post-thumbnail","category-leo","category-prima-pagina"],"yoast_head":"<!-- This site is optimized with the Yoast SEO plugin v28.4 - https:\/\/yoast.com\/product\/yoast-seo-wordpress\/ -->\n<title>Lettera aperta agli amministratori della Provincia di Belluno - Bellunopress - Dolomiti<\/title>\n<meta name=\"robots\" content=\"index, follow, max-snippet:-1, max-image-preview:large, max-video-preview:-1\" \/>\n<link rel=\"canonical\" href=\"https:\/\/www.bellunopress.it\/fr\/2026\/03\/01\/lettera-aperta-agli-amministratori-della-provincia-di-belluno\/\" \/>\n<meta property=\"og:locale\" content=\"fr_FR\" \/>\n<meta property=\"og:type\" content=\"article\" \/>\n<meta property=\"og:title\" content=\"Lettera aperta agli amministratori della Provincia di Belluno - Bellunopress - Dolomiti\" \/>\n<meta property=\"og:description\" content=\"Mini-Dossier Idroelettrico Bellunese \u2013 Proposta di rinegoziazione canoni e tutela dei territori Gentili Amministratori della Provincia di Belluno, vi sottopongo un sintetico dossier composto da tre approfondimenti pubblicati su Bellunopress, i quali intersecano due temi vitali per il nostro futuro: la negata autonomia speciale e lo sfruttamento intensivo delle risorse idriche bellunesi a fronte di [&hellip;]\" \/>\n<meta property=\"og:url\" content=\"https:\/\/www.bellunopress.it\/fr\/2026\/03\/01\/lettera-aperta-agli-amministratori-della-provincia-di-belluno\/\" \/>\n<meta property=\"og:site_name\" content=\"Bellunopress - Dolomiti\" \/>\n<meta property=\"article:publisher\" content=\"https:\/\/www.facebook.com\/profile.php?id=100008943462799\" \/>\n<meta property=\"article:published_time\" content=\"2026-03-01T19:09:49+00:00\" \/>\n<meta property=\"og:image\" content=\"https:\/\/www.bellunopress.it\/wp-content\/uploads\/2021\/07\/Lago-Santa-Croce-2_edited.jpg\" \/>\n\t<meta property=\"og:image:width\" content=\"800\" \/>\n\t<meta property=\"og:image:height\" content=\"513\" \/>\n\t<meta property=\"og:image:type\" content=\"image\/jpeg\" \/>\n<meta name=\"author\" content=\"redazione\" \/>\n<meta name=\"twitter:card\" content=\"summary_large_image\" \/>\n<meta name=\"twitter:creator\" content=\"@bellunopress\" \/>\n<meta name=\"twitter:site\" content=\"@bellunopress\" \/>\n<meta name=\"twitter:label1\" content=\"Written by\" \/>\n\t<meta name=\"twitter:data1\" content=\"redazione\" \/>\n\t<meta name=\"twitter:label2\" content=\"Est. reading time\" \/>\n\t<meta name=\"twitter:data2\" content=\"1 minute\" \/>\n<script type=\"application\/ld+json\" class=\"yoast-schema-graph\">{\"@context\":\"https:\\\/\\\/schema.org\",\"@graph\":[{\"@type\":\"Article\",\"@id\":\"https:\\\/\\\/www.bellunopress.it\\\/2026\\\/03\\\/01\\\/lettera-aperta-agli-amministratori-della-provincia-di-belluno\\\/#article\",\"isPartOf\":{\"@id\":\"https:\\\/\\\/www.bellunopress.it\\\/2026\\\/03\\\/01\\\/lettera-aperta-agli-amministratori-della-provincia-di-belluno\\\/\"},\"author\":{\"name\":\"redazione\",\"@id\":\"https:\\\/\\\/www.bellunopress.it\\\/#\\\/schema\\\/person\\\/79bb06722b37ece1c03d3e94beb30d73\"},\"headline\":\"Lettera aperta agli amministratori della Provincia di Belluno\",\"datePublished\":\"2026-03-01T19:09:49+00:00\",\"mainEntityOfPage\":{\"@id\":\"https:\\\/\\\/www.bellunopress.it\\\/2026\\\/03\\\/01\\\/lettera-aperta-agli-amministratori-della-provincia-di-belluno\\\/\"},\"wordCount\":308,\"publisher\":{\"@id\":\"https:\\\/\\\/www.bellunopress.it\\\/#organization\"},\"image\":{\"@id\":\"https:\\\/\\\/www.bellunopress.it\\\/2026\\\/03\\\/01\\\/lettera-aperta-agli-amministratori-della-provincia-di-belluno\\\/#primaryimage\"},\"thumbnailUrl\":\"https:\\\/\\\/www.bellunopress.it\\\/wp-content\\\/uploads\\\/2021\\\/07\\\/Lago-Santa-Croce-2_edited.jpg\",\"articleSection\":[\"Lettere Opinioni\",\"Prima Pagina\"],\"inLanguage\":\"fr-FR\"},{\"@type\":\"WebPage\",\"@id\":\"https:\\\/\\\/www.bellunopress.it\\\/2026\\\/03\\\/01\\\/lettera-aperta-agli-amministratori-della-provincia-di-belluno\\\/\",\"url\":\"https:\\\/\\\/www.bellunopress.it\\\/2026\\\/03\\\/01\\\/lettera-aperta-agli-amministratori-della-provincia-di-belluno\\\/\",\"name\":\"Lettera aperta agli amministratori della Provincia di Belluno - Bellunopress - Dolomiti\",\"isPartOf\":{\"@id\":\"https:\\\/\\\/www.bellunopress.it\\\/#website\"},\"primaryImageOfPage\":{\"@id\":\"https:\\\/\\\/www.bellunopress.it\\\/2026\\\/03\\\/01\\\/lettera-aperta-agli-amministratori-della-provincia-di-belluno\\\/#primaryimage\"},\"image\":{\"@id\":\"https:\\\/\\\/www.bellunopress.it\\\/2026\\\/03\\\/01\\\/lettera-aperta-agli-amministratori-della-provincia-di-belluno\\\/#primaryimage\"},\"thumbnailUrl\":\"https:\\\/\\\/www.bellunopress.it\\\/wp-content\\\/uploads\\\/2021\\\/07\\\/Lago-Santa-Croce-2_edited.jpg\",\"datePublished\":\"2026-03-01T19:09:49+00:00\",\"breadcrumb\":{\"@id\":\"https:\\\/\\\/www.bellunopress.it\\\/2026\\\/03\\\/01\\\/lettera-aperta-agli-amministratori-della-provincia-di-belluno\\\/#breadcrumb\"},\"inLanguage\":\"fr-FR\",\"potentialAction\":[{\"@type\":\"ReadAction\",\"target\":[\"https:\\\/\\\/www.bellunopress.it\\\/2026\\\/03\\\/01\\\/lettera-aperta-agli-amministratori-della-provincia-di-belluno\\\/\"]}]},{\"@type\":\"ImageObject\",\"inLanguage\":\"fr-FR\",\"@id\":\"https:\\\/\\\/www.bellunopress.it\\\/2026\\\/03\\\/01\\\/lettera-aperta-agli-amministratori-della-provincia-di-belluno\\\/#primaryimage\",\"url\":\"https:\\\/\\\/www.bellunopress.it\\\/wp-content\\\/uploads\\\/2021\\\/07\\\/Lago-Santa-Croce-2_edited.jpg\",\"contentUrl\":\"https:\\\/\\\/www.bellunopress.it\\\/wp-content\\\/uploads\\\/2021\\\/07\\\/Lago-Santa-Croce-2_edited.jpg\",\"width\":800,\"height\":513,\"caption\":\"Lago di Santa Croce\"},{\"@type\":\"BreadcrumbList\",\"@id\":\"https:\\\/\\\/www.bellunopress.it\\\/2026\\\/03\\\/01\\\/lettera-aperta-agli-amministratori-della-provincia-di-belluno\\\/#breadcrumb\",\"itemListElement\":[{\"@type\":\"ListItem\",\"position\":1,\"name\":\"Home\",\"item\":\"https:\\\/\\\/www.bellunopress.it\\\/\"},{\"@type\":\"ListItem\",\"position\":2,\"name\":\"Lettera aperta agli amministratori della Provincia di Belluno\"}]},{\"@type\":\"WebSite\",\"@id\":\"https:\\\/\\\/www.bellunopress.it\\\/#website\",\"url\":\"https:\\\/\\\/www.bellunopress.it\\\/\",\"name\":\"Bellunopress - Dolomiti\",\"description\":\"e-mail: redazione@bellunopress.it\",\"publisher\":{\"@id\":\"https:\\\/\\\/www.bellunopress.it\\\/#organization\"},\"potentialAction\":[{\"@type\":\"SearchAction\",\"target\":{\"@type\":\"EntryPoint\",\"urlTemplate\":\"https:\\\/\\\/www.bellunopress.it\\\/?s={search_term_string}\"},\"query-input\":{\"@type\":\"PropertyValueSpecification\",\"valueRequired\":true,\"valueName\":\"search_term_string\"}}],\"inLanguage\":\"fr-FR\"},{\"@type\":\"Organization\",\"@id\":\"https:\\\/\\\/www.bellunopress.it\\\/#organization\",\"name\":\"Bellunopress\",\"url\":\"https:\\\/\\\/www.bellunopress.it\\\/\",\"logo\":{\"@type\":\"ImageObject\",\"inLanguage\":\"fr-FR\",\"@id\":\"https:\\\/\\\/www.bellunopress.it\\\/#\\\/schema\\\/logo\\\/image\\\/\",\"url\":\"https:\\\/\\\/www.bellunopress.it\\\/wp-content\\\/uploads\\\/2011\\\/05\\\/cropped-logo-bellunopress-.jpg\",\"contentUrl\":\"https:\\\/\\\/www.bellunopress.it\\\/wp-content\\\/uploads\\\/2011\\\/05\\\/cropped-logo-bellunopress-.jpg\",\"width\":512,\"height\":512,\"caption\":\"Bellunopress\"},\"image\":{\"@id\":\"https:\\\/\\\/www.bellunopress.it\\\/#\\\/schema\\\/logo\\\/image\\\/\"},\"sameAs\":[\"https:\\\/\\\/www.facebook.com\\\/profile.php?id=100008943462799\",\"https:\\\/\\\/x.com\\\/bellunopress\",\"https:\\\/\\\/www.linkedin.com\\\/hp\\\/?dnr=JBzUWaJfMUw8vbXJJ2tVW5-I3jZKvC4wsoxE&amp;amp;amp;amp;amp;amp;trk=nav_responsive_tab_home\",\"https:\\\/\\\/www.youtube.com\\\/channel\\\/UCxL0wu1uN0_3_7hGG0306cw\"]},{\"@type\":\"Person\",\"@id\":\"https:\\\/\\\/www.bellunopress.it\\\/#\\\/schema\\\/person\\\/79bb06722b37ece1c03d3e94beb30d73\",\"name\":\"redazione\",\"image\":{\"@type\":\"ImageObject\",\"inLanguage\":\"fr-FR\",\"@id\":\"https:\\\/\\\/secure.gravatar.com\\\/avatar\\\/37d968a2e67a6fd04c169c4bdef102d0bc5d31b2546345219e348575eb80e9a0?s=96&d=mm&r=g\",\"url\":\"https:\\\/\\\/secure.gravatar.com\\\/avatar\\\/37d968a2e67a6fd04c169c4bdef102d0bc5d31b2546345219e348575eb80e9a0?s=96&d=mm&r=g\",\"contentUrl\":\"https:\\\/\\\/secure.gravatar.com\\\/avatar\\\/37d968a2e67a6fd04c169c4bdef102d0bc5d31b2546345219e348575eb80e9a0?s=96&d=mm&r=g\",\"caption\":\"redazione\"},\"sameAs\":[\"http:\\\/\\\/www.bellunopress.it\",\"https:\\\/\\\/x.com\\\/bellunopress\"],\"url\":\"https:\\\/\\\/www.bellunopress.it\\\/fr\\\/author\\\/redazione\\\/\"}]}<\/script>\n<!-- \/ Yoast SEO plugin. -->","yoast_head_json":{"title":"Lettera aperta agli amministratori della Provincia di Belluno - Bellunopress - Dolomiti","robots":{"index":"index","follow":"follow","max-snippet":"max-snippet:-1","max-image-preview":"max-image-preview:large","max-video-preview":"max-video-preview:-1"},"canonical":"https:\/\/www.bellunopress.it\/fr\/2026\/03\/01\/lettera-aperta-agli-amministratori-della-provincia-di-belluno\/","og_locale":"fr_FR","og_type":"article","og_title":"Lettera aperta agli amministratori della Provincia di Belluno - Bellunopress - Dolomiti","og_description":"Mini-Dossier Idroelettrico Bellunese \u2013 Proposta di rinegoziazione canoni e tutela dei territori Gentili Amministratori della Provincia di Belluno, vi sottopongo un sintetico dossier composto da tre approfondimenti pubblicati su Bellunopress, i quali intersecano due temi vitali per il nostro futuro: la negata autonomia speciale e lo sfruttamento intensivo delle risorse idriche bellunesi a fronte di [&hellip;]","og_url":"https:\/\/www.bellunopress.it\/fr\/2026\/03\/01\/lettera-aperta-agli-amministratori-della-provincia-di-belluno\/","og_site_name":"Bellunopress - Dolomiti","article_publisher":"https:\/\/www.facebook.com\/profile.php?id=100008943462799","article_published_time":"2026-03-01T19:09:49+00:00","og_image":[{"width":800,"height":513,"url":"https:\/\/www.bellunopress.it\/wp-content\/uploads\/2021\/07\/Lago-Santa-Croce-2_edited.jpg","type":"image\/jpeg"}],"author":"redazione","twitter_card":"summary_large_image","twitter_creator":"@bellunopress","twitter_site":"@bellunopress","twitter_misc":{"Written by":"redazione","Est. reading time":"1 minute"},"schema":{"@context":"https:\/\/schema.org","@graph":[{"@type":"Article","@id":"https:\/\/www.bellunopress.it\/2026\/03\/01\/lettera-aperta-agli-amministratori-della-provincia-di-belluno\/#article","isPartOf":{"@id":"https:\/\/www.bellunopress.it\/2026\/03\/01\/lettera-aperta-agli-amministratori-della-provincia-di-belluno\/"},"author":{"name":"redazione","@id":"https:\/\/www.bellunopress.it\/#\/schema\/person\/79bb06722b37ece1c03d3e94beb30d73"},"headline":"Lettera aperta agli amministratori della Provincia di Belluno","datePublished":"2026-03-01T19:09:49+00:00","mainEntityOfPage":{"@id":"https:\/\/www.bellunopress.it\/2026\/03\/01\/lettera-aperta-agli-amministratori-della-provincia-di-belluno\/"},"wordCount":308,"publisher":{"@id":"https:\/\/www.bellunopress.it\/#organization"},"image":{"@id":"https:\/\/www.bellunopress.it\/2026\/03\/01\/lettera-aperta-agli-amministratori-della-provincia-di-belluno\/#primaryimage"},"thumbnailUrl":"https:\/\/www.bellunopress.it\/wp-content\/uploads\/2021\/07\/Lago-Santa-Croce-2_edited.jpg","articleSection":["Lettere Opinioni","Prima Pagina"],"inLanguage":"fr-FR"},{"@type":"WebPage","@id":"https:\/\/www.bellunopress.it\/2026\/03\/01\/lettera-aperta-agli-amministratori-della-provincia-di-belluno\/","url":"https:\/\/www.bellunopress.it\/2026\/03\/01\/lettera-aperta-agli-amministratori-della-provincia-di-belluno\/","name":"Lettera aperta agli amministratori della Provincia di Belluno - Bellunopress - Dolomiti","isPartOf":{"@id":"https:\/\/www.bellunopress.it\/#website"},"primaryImageOfPage":{"@id":"https:\/\/www.bellunopress.it\/2026\/03\/01\/lettera-aperta-agli-amministratori-della-provincia-di-belluno\/#primaryimage"},"image":{"@id":"https:\/\/www.bellunopress.it\/2026\/03\/01\/lettera-aperta-agli-amministratori-della-provincia-di-belluno\/#primaryimage"},"thumbnailUrl":"https:\/\/www.bellunopress.it\/wp-content\/uploads\/2021\/07\/Lago-Santa-Croce-2_edited.jpg","datePublished":"2026-03-01T19:09:49+00:00","breadcrumb":{"@id":"https:\/\/www.bellunopress.it\/2026\/03\/01\/lettera-aperta-agli-amministratori-della-provincia-di-belluno\/#breadcrumb"},"inLanguage":"fr-FR","potentialAction":[{"@type":"ReadAction","target":["https:\/\/www.bellunopress.it\/2026\/03\/01\/lettera-aperta-agli-amministratori-della-provincia-di-belluno\/"]}]},{"@type":"ImageObject","inLanguage":"fr-FR","@id":"https:\/\/www.bellunopress.it\/2026\/03\/01\/lettera-aperta-agli-amministratori-della-provincia-di-belluno\/#primaryimage","url":"https:\/\/www.bellunopress.it\/wp-content\/uploads\/2021\/07\/Lago-Santa-Croce-2_edited.jpg","contentUrl":"https:\/\/www.bellunopress.it\/wp-content\/uploads\/2021\/07\/Lago-Santa-Croce-2_edited.jpg","width":800,"height":513,"caption":"Lago di Santa Croce"},{"@type":"BreadcrumbList","@id":"https:\/\/www.bellunopress.it\/2026\/03\/01\/lettera-aperta-agli-amministratori-della-provincia-di-belluno\/#breadcrumb","itemListElement":[{"@type":"ListItem","position":1,"name":"Home","item":"https:\/\/www.bellunopress.it\/"},{"@type":"ListItem","position":2,"name":"Lettera aperta agli amministratori della Provincia di Belluno"}]},{"@type":"WebSite","@id":"https:\/\/www.bellunopress.it\/#website","url":"https:\/\/www.bellunopress.it\/","name":"Bellunopress - Dolomiti","description":"e-mail: redazione@bellunopress.it","publisher":{"@id":"https:\/\/www.bellunopress.it\/#organization"},"potentialAction":[{"@type":"SearchAction","target":{"@type":"EntryPoint","urlTemplate":"https:\/\/www.bellunopress.it\/?s={search_term_string}"},"query-input":{"@type":"PropertyValueSpecification","valueRequired":true,"valueName":"search_term_string"}}],"inLanguage":"fr-FR"},{"@type":"Organization","@id":"https:\/\/www.bellunopress.it\/#organization","name":"Bellunopress","url":"https:\/\/www.bellunopress.it\/","logo":{"@type":"ImageObject","inLanguage":"fr-FR","@id":"https:\/\/www.bellunopress.it\/#\/schema\/logo\/image\/","url":"https:\/\/www.bellunopress.it\/wp-content\/uploads\/2011\/05\/cropped-logo-bellunopress-.jpg","contentUrl":"https:\/\/www.bellunopress.it\/wp-content\/uploads\/2011\/05\/cropped-logo-bellunopress-.jpg","width":512,"height":512,"caption":"Bellunopress"},"image":{"@id":"https:\/\/www.bellunopress.it\/#\/schema\/logo\/image\/"},"sameAs":["https:\/\/www.facebook.com\/profile.php?id=100008943462799","https:\/\/x.com\/bellunopress","https:\/\/www.linkedin.com\/hp\/?dnr=JBzUWaJfMUw8vbXJJ2tVW5-I3jZKvC4wsoxE&amp;amp;amp;amp;amp;amp;trk=nav_responsive_tab_home","https:\/\/www.youtube.com\/channel\/UCxL0wu1uN0_3_7hGG0306cw"]},{"@type":"Person","@id":"https:\/\/www.bellunopress.it\/#\/schema\/person\/79bb06722b37ece1c03d3e94beb30d73","name":"r\u00e9daction","image":{"@type":"ImageObject","inLanguage":"fr-FR","@id":"https:\/\/secure.gravatar.com\/avatar\/37d968a2e67a6fd04c169c4bdef102d0bc5d31b2546345219e348575eb80e9a0?s=96&d=mm&r=g","url":"https:\/\/secure.gravatar.com\/avatar\/37d968a2e67a6fd04c169c4bdef102d0bc5d31b2546345219e348575eb80e9a0?s=96&d=mm&r=g","contentUrl":"https:\/\/secure.gravatar.com\/avatar\/37d968a2e67a6fd04c169c4bdef102d0bc5d31b2546345219e348575eb80e9a0?s=96&d=mm&r=g","caption":"redazione"},"sameAs":["http:\/\/www.bellunopress.it","https:\/\/x.com\/bellunopress"],"url":"https:\/\/www.bellunopress.it\/fr\/author\/redazione\/"}]}},"_links":{"self":[{"href":"https:\/\/www.bellunopress.it\/fr\/wp-json\/wp\/v2\/posts\/167804","targetHints":{"allow":["GET"]}}],"collection":[{"href":"https:\/\/www.bellunopress.it\/fr\/wp-json\/wp\/v2\/posts"}],"about":[{"href":"https:\/\/www.bellunopress.it\/fr\/wp-json\/wp\/v2\/types\/post"}],"author":[{"embeddable":true,"href":"https:\/\/www.bellunopress.it\/fr\/wp-json\/wp\/v2\/users\/2"}],"replies":[{"embeddable":true,"href":"https:\/\/www.bellunopress.it\/fr\/wp-json\/wp\/v2\/comments?post=167804"}],"version-history":[{"count":1,"href":"https:\/\/www.bellunopress.it\/fr\/wp-json\/wp\/v2\/posts\/167804\/revisions"}],"predecessor-version":[{"id":167805,"href":"https:\/\/www.bellunopress.it\/fr\/wp-json\/wp\/v2\/posts\/167804\/revisions\/167805"}],"wp:featuredmedia":[{"embeddable":true,"href":"https:\/\/www.bellunopress.it\/fr\/wp-json\/wp\/v2\/media\/126308"}],"wp:attachment":[{"href":"https:\/\/www.bellunopress.it\/fr\/wp-json\/wp\/v2\/media?parent=167804"}],"wp:term":[{"taxonomy":"category","embeddable":true,"href":"https:\/\/www.bellunopress.it\/fr\/wp-json\/wp\/v2\/categories?post=167804"},{"taxonomy":"post_tag","embeddable":true,"href":"https:\/\/www.bellunopress.it\/fr\/wp-json\/wp\/v2\/tags?post=167804"}],"curies":[{"name":"wp","href":"https:\/\/api.w.org\/{rel}","templated":true}]}}