{"id":167801,"date":"2026-03-01T10:23:20","date_gmt":"2026-03-01T09:23:20","guid":{"rendered":"https:\/\/www.bellunopress.it\/?p=167801"},"modified":"2026-03-01T10:23:20","modified_gmt":"2026-03-01T09:23:20","slug":"bassano-del-grappa-153-nuovi-alpini-ricevono-la-penna-nera-tra-loro-anche-la-bellunese-federica-feltrin","status":"publish","type":"post","link":"https:\/\/www.bellunopress.it\/fr\/2026\/03\/01\/bassano-del-grappa-153-nuovi-alpini-ricevono-la-penna-nera-tra-loro-anche-la-bellunese-federica-feltrin\/","title":{"rendered":"Bassano del Grappa, 153 nuovi Alpini ricevono la &#8220;penna nera&#8221;: tra loro anche la bellunese Federica Feltrin"},"content":{"rendered":"<h3 data-path-to-node=\"3\">Si conclude la Settimana del Cappello Alpino 2026: dopo 12 settimane di addestramento, i giovani volontari diventano Alpini a tutti gli effetti.<\/h3>\n<p data-path-to-node=\"4\">Bassano del Grappa, 01\/03\/2026 \u2013 Non \u00e8 solo un copricapo, ma un simbolo di responsabilit\u00e0, identit\u00e0 e servizio. Sabato 28 febbraio, Piazza Libert\u00e0 a Bassano del Grappa si \u00e8 tinta del verde delle fiamme alpine per l\u2019atto conclusivo della \u201cSettimana del Cappello Alpino 2026\u201d. Sotto lo sguardo commosso di parenti e autorit\u00e0, 153 giovani volontari del corso \u201cAdamello III\u201d hanno ricevuto il loro primo cappello alpino, segnando l&#8217;ingresso ufficiale nelle Truppe Alpine dell\u2019Esercito.<\/p>\n<p data-path-to-node=\"6\">Tra le nuove &#8220;penne nere&#8221; che hanno giurato fedelt\u00e0 ai valori della montagna, spicca una storia che parla direttamente al cuore della provincia di Belluno. Tra i 153 giovani militari c&#8217;\u00e8 infatti Federica Feltrin, originaria di Borgo Valbelluna.<\/p>\n<p data-path-to-node=\"7\">Dopo aver superato l&#8217;impegnativo iter formativo, per Federica il futuro professionale si tinger\u00e0 dei colori di casa: la giovane Alpina \u00e8 infatti di prossima assegnazione proprio a Belluno, dove potr\u00e0 prestare servizio nel territorio d&#8217;origine, portando con s\u00e9 il bagaglio di esperienze tecniche e umane maturate durante il corso. La sua storia rappresenta il perfetto esempio di come la passione per la &#8220;penna nera&#8221; continui a trovare linfa vitale nelle vallate bellunesi.<\/p>\n<p data-path-to-node=\"9\">La cerimonia, svoltasi alla presenza del Sottosegretario di Stato alla Difesa, Senatrice Isabella Rauti, del Comandante delle Truppe Alpine, Generale Michele Risi, e del Presidente Nazionale ANA, Sebastiano Favero, ha vissuto il suo momento pi\u00f9 alto nella consegna fisica del cappello: a calzarlo sulle teste dei giovani militari sono stati gli alpini in congedo. Un &#8220;passaggio di consegne&#8221; ideale tra i &#8220;veci&#8221; e i &#8220;bocia&#8221; che lega indissolubilmente i nuovi arrivati alla storia ultracentenaria del Corpo.<\/p>\n<p data-path-to-node=\"11\">Il traguardo di Bassano \u00e8 arrivato dopo dodici settimane di addestramento alCentro Addestramento Alpino di Aosta. I giovani militari hanno frequentato il &#8220;Modulo Integrativo Truppe Alpine&#8221;, imparando a vivere, muovere, combattere e soccorrere in ambienti estremi attraverso corsi di alpinismo e <i data-path-to-node=\"11\" data-index-in-node=\"303\">Mountain Warfare<\/i>.<\/p>\n<p data-path-to-node=\"12\">L&#8217;ultima settimana (dal 23 al 28 febbraio) \u00e8 stata un vero pellegrinaggio nei luoghi simbolo della Grande Guerra:<\/p>\n<ul data-path-to-node=\"13\">\n<li>\n<p data-path-to-node=\"13,0,0\">Monte Grappa e Pasubio: dove i plotoni hanno reso omaggio ai Caduti ripercorrendo i sentieri storici affiancati dai muli.<\/p>\n<\/li>\n<li>\n<p data-path-to-node=\"13,1,0\">Cortina d&#8217;Ampezzo: con la visita al Sacrario di Pocol e l&#8217;incontro con gli atleti del Centro Sportivo Esercito, reduci dall&#8217;impegno olimpico di Milano-Cortina 2026.<\/p>\n<\/li>\n<li>\n<p data-path-to-node=\"13,2,0\">Innovazione a Villa Rezzonico: con convegni dedicati all&#8217;intelligenza artificiale e ai cambiamenti climatici, dimostrando come le Truppe Alpine siano oggi un laboratorio tecnologico all&#8217;avanguardia.<\/p>\n<\/li>\n<\/ul>\n<p data-path-to-node=\"15\">Bassano ha abbracciato i nuovi Alpini con una serie di eventi diffusi, dalla Veglia delle Armi nella Chiesa di San Francesco ai concerti della Fanfara della Julia. Come sottolineato durante la cerimonia finale, lo spirito alpino si conferma una realt\u00e0 viva: una comunit\u00e0 capace di onorare il sacrificio del passato mentre si attrezza per le sfide del futuro. Da oggi, per Federica Feltrin e i suoi 152 colleghi, inizia una nuova e prestigiosa pagina di vita al servizio del Paese.<\/p>","protected":false},"excerpt":{"rendered":"<p>Si conclude la Settimana del Cappello Alpino 2026: dopo 12 settimane di addestramento, i giovani volontari diventano Alpini a tutti gli effetti. Bassano del Grappa, 01\/03\/2026 \u2013 Non \u00e8 solo un copricapo, ma un simbolo di responsabilit\u00e0, identit\u00e0 e servizio. Sabato 28 febbraio, Piazza Libert\u00e0 a Bassano del Grappa si \u00e8 tinta del verde delle [&hellip;]<\/p>\n","protected":false},"author":2,"featured_media":167802,"comment_status":"closed","ping_status":"open","sticky":false,"template":"","format":"standard","meta":{"footnotes":""},"categories":[5,26],"tags":[],"class_list":["post-167801","post","type-post","status-publish","format-standard","has-post-thumbnail","category-cronaca","category-prima-pagina"],"yoast_head":"<!-- This site is optimized with the Yoast SEO plugin v28.4 - https:\/\/yoast.com\/product\/yoast-seo-wordpress\/ -->\n<title>Bassano del Grappa, 153 nuovi Alpini ricevono la &quot;penna nera&quot;: tra loro anche la bellunese Federica Feltrin - Bellunopress - Dolomiti<\/title>\n<meta name=\"robots\" content=\"index, follow, max-snippet:-1, max-image-preview:large, max-video-preview:-1\" \/>\n<link rel=\"canonical\" href=\"https:\/\/www.bellunopress.it\/fr\/2026\/03\/01\/bassano-del-grappa-153-nuovi-alpini-ricevono-la-penna-nera-tra-loro-anche-la-bellunese-federica-feltrin\/\" \/>\n<meta property=\"og:locale\" content=\"fr_FR\" \/>\n<meta property=\"og:type\" content=\"article\" \/>\n<meta property=\"og:title\" content=\"Bassano del Grappa, 153 nuovi Alpini ricevono la &quot;penna nera&quot;: tra loro anche la bellunese Federica Feltrin - Bellunopress - Dolomiti\" \/>\n<meta property=\"og:description\" content=\"Si conclude la Settimana del Cappello Alpino 2026: dopo 12 settimane di addestramento, i giovani volontari diventano Alpini a tutti gli effetti. Bassano del Grappa, 01\/03\/2026 \u2013 Non \u00e8 solo un copricapo, ma un simbolo di responsabilit\u00e0, identit\u00e0 e servizio. Sabato 28 febbraio, Piazza Libert\u00e0 a Bassano del Grappa si \u00e8 tinta del verde delle [&hellip;]\" \/>\n<meta property=\"og:url\" content=\"https:\/\/www.bellunopress.it\/fr\/2026\/03\/01\/bassano-del-grappa-153-nuovi-alpini-ricevono-la-penna-nera-tra-loro-anche-la-bellunese-federica-feltrin\/\" \/>\n<meta property=\"og:site_name\" content=\"Bellunopress - Dolomiti\" \/>\n<meta property=\"article:publisher\" content=\"https:\/\/www.facebook.com\/profile.php?id=100008943462799\" \/>\n<meta property=\"article:published_time\" content=\"2026-03-01T09:23:20+00:00\" \/>\n<meta property=\"og:image\" content=\"https:\/\/www.bellunopress.it\/wp-content\/uploads\/2026\/03\/Federica-Feltrin-alpino-originaria-di-Borgo-Valbelluna.jpg\" \/>\n\t<meta property=\"og:image:width\" content=\"446\" \/>\n\t<meta property=\"og:image:height\" content=\"500\" \/>\n\t<meta property=\"og:image:type\" content=\"image\/jpeg\" \/>\n<meta name=\"author\" content=\"redazione\" \/>\n<meta name=\"twitter:card\" content=\"summary_large_image\" \/>\n<meta name=\"twitter:creator\" content=\"@bellunopress\" \/>\n<meta name=\"twitter:site\" content=\"@bellunopress\" \/>\n<meta name=\"twitter:label1\" content=\"\u00c9crit par\" \/>\n\t<meta name=\"twitter:data1\" content=\"redazione\" \/>\n\t<meta name=\"twitter:label2\" content=\"Dur\u00e9e de lecture estim\u00e9e\" \/>\n\t<meta name=\"twitter:data2\" content=\"2 minutes\" \/>\n<script type=\"application\/ld+json\" class=\"yoast-schema-graph\">{\"@context\":\"https:\\\/\\\/schema.org\",\"@graph\":[{\"@type\":\"Article\",\"@id\":\"https:\\\/\\\/www.bellunopress.it\\\/2026\\\/03\\\/01\\\/bassano-del-grappa-153-nuovi-alpini-ricevono-la-penna-nera-tra-loro-anche-la-bellunese-federica-feltrin\\\/#article\",\"isPartOf\":{\"@id\":\"https:\\\/\\\/www.bellunopress.it\\\/2026\\\/03\\\/01\\\/bassano-del-grappa-153-nuovi-alpini-ricevono-la-penna-nera-tra-loro-anche-la-bellunese-federica-feltrin\\\/\"},\"author\":{\"name\":\"redazione\",\"@id\":\"https:\\\/\\\/www.bellunopress.it\\\/#\\\/schema\\\/person\\\/79bb06722b37ece1c03d3e94beb30d73\"},\"headline\":\"Bassano del Grappa, 153 nuovi Alpini ricevono la &#8220;penna nera&#8221;: tra loro anche la bellunese Federica Feltrin\",\"datePublished\":\"2026-03-01T09:23:20+00:00\",\"mainEntityOfPage\":{\"@id\":\"https:\\\/\\\/www.bellunopress.it\\\/2026\\\/03\\\/01\\\/bassano-del-grappa-153-nuovi-alpini-ricevono-la-penna-nera-tra-loro-anche-la-bellunese-federica-feltrin\\\/\"},\"wordCount\":499,\"publisher\":{\"@id\":\"https:\\\/\\\/www.bellunopress.it\\\/#organization\"},\"image\":{\"@id\":\"https:\\\/\\\/www.bellunopress.it\\\/2026\\\/03\\\/01\\\/bassano-del-grappa-153-nuovi-alpini-ricevono-la-penna-nera-tra-loro-anche-la-bellunese-federica-feltrin\\\/#primaryimage\"},\"thumbnailUrl\":\"https:\\\/\\\/www.bellunopress.it\\\/wp-content\\\/uploads\\\/2026\\\/03\\\/Federica-Feltrin-alpino-originaria-di-Borgo-Valbelluna.jpg\",\"articleSection\":[\"Cronaca\\\/Politica\",\"Prima Pagina\"],\"inLanguage\":\"fr-FR\"},{\"@type\":\"WebPage\",\"@id\":\"https:\\\/\\\/www.bellunopress.it\\\/2026\\\/03\\\/01\\\/bassano-del-grappa-153-nuovi-alpini-ricevono-la-penna-nera-tra-loro-anche-la-bellunese-federica-feltrin\\\/\",\"url\":\"https:\\\/\\\/www.bellunopress.it\\\/2026\\\/03\\\/01\\\/bassano-del-grappa-153-nuovi-alpini-ricevono-la-penna-nera-tra-loro-anche-la-bellunese-federica-feltrin\\\/\",\"name\":\"Bassano del Grappa, 153 nuovi Alpini ricevono la \\\"penna nera\\\": tra loro anche la bellunese Federica Feltrin - Bellunopress - Dolomiti\",\"isPartOf\":{\"@id\":\"https:\\\/\\\/www.bellunopress.it\\\/#website\"},\"primaryImageOfPage\":{\"@id\":\"https:\\\/\\\/www.bellunopress.it\\\/2026\\\/03\\\/01\\\/bassano-del-grappa-153-nuovi-alpini-ricevono-la-penna-nera-tra-loro-anche-la-bellunese-federica-feltrin\\\/#primaryimage\"},\"image\":{\"@id\":\"https:\\\/\\\/www.bellunopress.it\\\/2026\\\/03\\\/01\\\/bassano-del-grappa-153-nuovi-alpini-ricevono-la-penna-nera-tra-loro-anche-la-bellunese-federica-feltrin\\\/#primaryimage\"},\"thumbnailUrl\":\"https:\\\/\\\/www.bellunopress.it\\\/wp-content\\\/uploads\\\/2026\\\/03\\\/Federica-Feltrin-alpino-originaria-di-Borgo-Valbelluna.jpg\",\"datePublished\":\"2026-03-01T09:23:20+00:00\",\"breadcrumb\":{\"@id\":\"https:\\\/\\\/www.bellunopress.it\\\/2026\\\/03\\\/01\\\/bassano-del-grappa-153-nuovi-alpini-ricevono-la-penna-nera-tra-loro-anche-la-bellunese-federica-feltrin\\\/#breadcrumb\"},\"inLanguage\":\"fr-FR\",\"potentialAction\":[{\"@type\":\"ReadAction\",\"target\":[\"https:\\\/\\\/www.bellunopress.it\\\/2026\\\/03\\\/01\\\/bassano-del-grappa-153-nuovi-alpini-ricevono-la-penna-nera-tra-loro-anche-la-bellunese-federica-feltrin\\\/\"]}]},{\"@type\":\"ImageObject\",\"inLanguage\":\"fr-FR\",\"@id\":\"https:\\\/\\\/www.bellunopress.it\\\/2026\\\/03\\\/01\\\/bassano-del-grappa-153-nuovi-alpini-ricevono-la-penna-nera-tra-loro-anche-la-bellunese-federica-feltrin\\\/#primaryimage\",\"url\":\"https:\\\/\\\/www.bellunopress.it\\\/wp-content\\\/uploads\\\/2026\\\/03\\\/Federica-Feltrin-alpino-originaria-di-Borgo-Valbelluna.jpg\",\"contentUrl\":\"https:\\\/\\\/www.bellunopress.it\\\/wp-content\\\/uploads\\\/2026\\\/03\\\/Federica-Feltrin-alpino-originaria-di-Borgo-Valbelluna.jpg\",\"width\":446,\"height\":500,\"caption\":\"Federica Feltrin\"},{\"@type\":\"BreadcrumbList\",\"@id\":\"https:\\\/\\\/www.bellunopress.it\\\/2026\\\/03\\\/01\\\/bassano-del-grappa-153-nuovi-alpini-ricevono-la-penna-nera-tra-loro-anche-la-bellunese-federica-feltrin\\\/#breadcrumb\",\"itemListElement\":[{\"@type\":\"ListItem\",\"position\":1,\"name\":\"Home\",\"item\":\"https:\\\/\\\/www.bellunopress.it\\\/\"},{\"@type\":\"ListItem\",\"position\":2,\"name\":\"Bassano del Grappa, 153 nuovi Alpini ricevono la &#8220;penna nera&#8221;: tra loro anche la bellunese Federica Feltrin\"}]},{\"@type\":\"WebSite\",\"@id\":\"https:\\\/\\\/www.bellunopress.it\\\/#website\",\"url\":\"https:\\\/\\\/www.bellunopress.it\\\/\",\"name\":\"Bellunopress - Dolomiti\",\"description\":\"e-mail: redazione@bellunopress.it\",\"publisher\":{\"@id\":\"https:\\\/\\\/www.bellunopress.it\\\/#organization\"},\"potentialAction\":[{\"@type\":\"SearchAction\",\"target\":{\"@type\":\"EntryPoint\",\"urlTemplate\":\"https:\\\/\\\/www.bellunopress.it\\\/?s={search_term_string}\"},\"query-input\":{\"@type\":\"PropertyValueSpecification\",\"valueRequired\":true,\"valueName\":\"search_term_string\"}}],\"inLanguage\":\"fr-FR\"},{\"@type\":\"Organization\",\"@id\":\"https:\\\/\\\/www.bellunopress.it\\\/#organization\",\"name\":\"Bellunopress\",\"url\":\"https:\\\/\\\/www.bellunopress.it\\\/\",\"logo\":{\"@type\":\"ImageObject\",\"inLanguage\":\"fr-FR\",\"@id\":\"https:\\\/\\\/www.bellunopress.it\\\/#\\\/schema\\\/logo\\\/image\\\/\",\"url\":\"https:\\\/\\\/www.bellunopress.it\\\/wp-content\\\/uploads\\\/2011\\\/05\\\/cropped-logo-bellunopress-.jpg\",\"contentUrl\":\"https:\\\/\\\/www.bellunopress.it\\\/wp-content\\\/uploads\\\/2011\\\/05\\\/cropped-logo-bellunopress-.jpg\",\"width\":512,\"height\":512,\"caption\":\"Bellunopress\"},\"image\":{\"@id\":\"https:\\\/\\\/www.bellunopress.it\\\/#\\\/schema\\\/logo\\\/image\\\/\"},\"sameAs\":[\"https:\\\/\\\/www.facebook.com\\\/profile.php?id=100008943462799\",\"https:\\\/\\\/x.com\\\/bellunopress\",\"https:\\\/\\\/www.linkedin.com\\\/hp\\\/?dnr=JBzUWaJfMUw8vbXJJ2tVW5-I3jZKvC4wsoxE&amp;amp;amp;amp;amp;amp;trk=nav_responsive_tab_home\",\"https:\\\/\\\/www.youtube.com\\\/channel\\\/UCxL0wu1uN0_3_7hGG0306cw\"]},{\"@type\":\"Person\",\"@id\":\"https:\\\/\\\/www.bellunopress.it\\\/#\\\/schema\\\/person\\\/79bb06722b37ece1c03d3e94beb30d73\",\"name\":\"redazione\",\"image\":{\"@type\":\"ImageObject\",\"inLanguage\":\"fr-FR\",\"@id\":\"https:\\\/\\\/secure.gravatar.com\\\/avatar\\\/37d968a2e67a6fd04c169c4bdef102d0bc5d31b2546345219e348575eb80e9a0?s=96&d=mm&r=g\",\"url\":\"https:\\\/\\\/secure.gravatar.com\\\/avatar\\\/37d968a2e67a6fd04c169c4bdef102d0bc5d31b2546345219e348575eb80e9a0?s=96&d=mm&r=g\",\"contentUrl\":\"https:\\\/\\\/secure.gravatar.com\\\/avatar\\\/37d968a2e67a6fd04c169c4bdef102d0bc5d31b2546345219e348575eb80e9a0?s=96&d=mm&r=g\",\"caption\":\"redazione\"},\"sameAs\":[\"http:\\\/\\\/www.bellunopress.it\",\"https:\\\/\\\/x.com\\\/bellunopress\"],\"url\":\"https:\\\/\\\/www.bellunopress.it\\\/fr\\\/author\\\/redazione\\\/\"}]}<\/script>\n<!-- \/ Yoast SEO plugin. -->","yoast_head_json":{"title":"Bassano del Grappa, 153 nuovi Alpini ricevono la \"penna nera\": tra loro anche la bellunese Federica Feltrin - Bellunopress - Dolomiti","robots":{"index":"index","follow":"follow","max-snippet":"max-snippet:-1","max-image-preview":"max-image-preview:large","max-video-preview":"max-video-preview:-1"},"canonical":"https:\/\/www.bellunopress.it\/fr\/2026\/03\/01\/bassano-del-grappa-153-nuovi-alpini-ricevono-la-penna-nera-tra-loro-anche-la-bellunese-federica-feltrin\/","og_locale":"fr_FR","og_type":"article","og_title":"Bassano del Grappa, 153 nuovi Alpini ricevono la \"penna nera\": tra loro anche la bellunese Federica Feltrin - Bellunopress - Dolomiti","og_description":"Si conclude la Settimana del Cappello Alpino 2026: dopo 12 settimane di addestramento, i giovani volontari diventano Alpini a tutti gli effetti. Bassano del Grappa, 01\/03\/2026 \u2013 Non \u00e8 solo un copricapo, ma un simbolo di responsabilit\u00e0, identit\u00e0 e servizio. Sabato 28 febbraio, Piazza Libert\u00e0 a Bassano del Grappa si \u00e8 tinta del verde delle [&hellip;]","og_url":"https:\/\/www.bellunopress.it\/fr\/2026\/03\/01\/bassano-del-grappa-153-nuovi-alpini-ricevono-la-penna-nera-tra-loro-anche-la-bellunese-federica-feltrin\/","og_site_name":"Bellunopress - Dolomiti","article_publisher":"https:\/\/www.facebook.com\/profile.php?id=100008943462799","article_published_time":"2026-03-01T09:23:20+00:00","og_image":[{"width":446,"height":500,"url":"https:\/\/www.bellunopress.it\/wp-content\/uploads\/2026\/03\/Federica-Feltrin-alpino-originaria-di-Borgo-Valbelluna.jpg","type":"image\/jpeg"}],"author":"redazione","twitter_card":"summary_large_image","twitter_creator":"@bellunopress","twitter_site":"@bellunopress","twitter_misc":{"\u00c9crit par":"redazione","Dur\u00e9e de lecture estim\u00e9e":"2 minutes"},"schema":{"@context":"https:\/\/schema.org","@graph":[{"@type":"Article","@id":"https:\/\/www.bellunopress.it\/2026\/03\/01\/bassano-del-grappa-153-nuovi-alpini-ricevono-la-penna-nera-tra-loro-anche-la-bellunese-federica-feltrin\/#article","isPartOf":{"@id":"https:\/\/www.bellunopress.it\/2026\/03\/01\/bassano-del-grappa-153-nuovi-alpini-ricevono-la-penna-nera-tra-loro-anche-la-bellunese-federica-feltrin\/"},"author":{"name":"redazione","@id":"https:\/\/www.bellunopress.it\/#\/schema\/person\/79bb06722b37ece1c03d3e94beb30d73"},"headline":"Bassano del Grappa, 153 nuovi Alpini ricevono la &#8220;penna nera&#8221;: tra loro anche la bellunese Federica Feltrin","datePublished":"2026-03-01T09:23:20+00:00","mainEntityOfPage":{"@id":"https:\/\/www.bellunopress.it\/2026\/03\/01\/bassano-del-grappa-153-nuovi-alpini-ricevono-la-penna-nera-tra-loro-anche-la-bellunese-federica-feltrin\/"},"wordCount":499,"publisher":{"@id":"https:\/\/www.bellunopress.it\/#organization"},"image":{"@id":"https:\/\/www.bellunopress.it\/2026\/03\/01\/bassano-del-grappa-153-nuovi-alpini-ricevono-la-penna-nera-tra-loro-anche-la-bellunese-federica-feltrin\/#primaryimage"},"thumbnailUrl":"https:\/\/www.bellunopress.it\/wp-content\/uploads\/2026\/03\/Federica-Feltrin-alpino-originaria-di-Borgo-Valbelluna.jpg","articleSection":["Cronaca\/Politica","Prima Pagina"],"inLanguage":"fr-FR"},{"@type":"WebPage","@id":"https:\/\/www.bellunopress.it\/2026\/03\/01\/bassano-del-grappa-153-nuovi-alpini-ricevono-la-penna-nera-tra-loro-anche-la-bellunese-federica-feltrin\/","url":"https:\/\/www.bellunopress.it\/2026\/03\/01\/bassano-del-grappa-153-nuovi-alpini-ricevono-la-penna-nera-tra-loro-anche-la-bellunese-federica-feltrin\/","name":"Bassano del Grappa, 153 nuovi Alpini ricevono la \"penna nera\": tra loro anche la bellunese Federica Feltrin - Bellunopress - Dolomiti","isPartOf":{"@id":"https:\/\/www.bellunopress.it\/#website"},"primaryImageOfPage":{"@id":"https:\/\/www.bellunopress.it\/2026\/03\/01\/bassano-del-grappa-153-nuovi-alpini-ricevono-la-penna-nera-tra-loro-anche-la-bellunese-federica-feltrin\/#primaryimage"},"image":{"@id":"https:\/\/www.bellunopress.it\/2026\/03\/01\/bassano-del-grappa-153-nuovi-alpini-ricevono-la-penna-nera-tra-loro-anche-la-bellunese-federica-feltrin\/#primaryimage"},"thumbnailUrl":"https:\/\/www.bellunopress.it\/wp-content\/uploads\/2026\/03\/Federica-Feltrin-alpino-originaria-di-Borgo-Valbelluna.jpg","datePublished":"2026-03-01T09:23:20+00:00","breadcrumb":{"@id":"https:\/\/www.bellunopress.it\/2026\/03\/01\/bassano-del-grappa-153-nuovi-alpini-ricevono-la-penna-nera-tra-loro-anche-la-bellunese-federica-feltrin\/#breadcrumb"},"inLanguage":"fr-FR","potentialAction":[{"@type":"ReadAction","target":["https:\/\/www.bellunopress.it\/2026\/03\/01\/bassano-del-grappa-153-nuovi-alpini-ricevono-la-penna-nera-tra-loro-anche-la-bellunese-federica-feltrin\/"]}]},{"@type":"ImageObject","inLanguage":"fr-FR","@id":"https:\/\/www.bellunopress.it\/2026\/03\/01\/bassano-del-grappa-153-nuovi-alpini-ricevono-la-penna-nera-tra-loro-anche-la-bellunese-federica-feltrin\/#primaryimage","url":"https:\/\/www.bellunopress.it\/wp-content\/uploads\/2026\/03\/Federica-Feltrin-alpino-originaria-di-Borgo-Valbelluna.jpg","contentUrl":"https:\/\/www.bellunopress.it\/wp-content\/uploads\/2026\/03\/Federica-Feltrin-alpino-originaria-di-Borgo-Valbelluna.jpg","width":446,"height":500,"caption":"Federica Feltrin"},{"@type":"BreadcrumbList","@id":"https:\/\/www.bellunopress.it\/2026\/03\/01\/bassano-del-grappa-153-nuovi-alpini-ricevono-la-penna-nera-tra-loro-anche-la-bellunese-federica-feltrin\/#breadcrumb","itemListElement":[{"@type":"ListItem","position":1,"name":"Home","item":"https:\/\/www.bellunopress.it\/"},{"@type":"ListItem","position":2,"name":"Bassano del Grappa, 153 nuovi Alpini ricevono la &#8220;penna nera&#8221;: tra loro anche la bellunese Federica Feltrin"}]},{"@type":"WebSite","@id":"https:\/\/www.bellunopress.it\/#website","url":"https:\/\/www.bellunopress.it\/","name":"Bellunopress - Dolomiti","description":"e-mail: redazione@bellunopress.it","publisher":{"@id":"https:\/\/www.bellunopress.it\/#organization"},"potentialAction":[{"@type":"SearchAction","target":{"@type":"EntryPoint","urlTemplate":"https:\/\/www.bellunopress.it\/?s={search_term_string}"},"query-input":{"@type":"PropertyValueSpecification","valueRequired":true,"valueName":"search_term_string"}}],"inLanguage":"fr-FR"},{"@type":"Organization","@id":"https:\/\/www.bellunopress.it\/#organization","name":"Bellunopress","url":"https:\/\/www.bellunopress.it\/","logo":{"@type":"ImageObject","inLanguage":"fr-FR","@id":"https:\/\/www.bellunopress.it\/#\/schema\/logo\/image\/","url":"https:\/\/www.bellunopress.it\/wp-content\/uploads\/2011\/05\/cropped-logo-bellunopress-.jpg","contentUrl":"https:\/\/www.bellunopress.it\/wp-content\/uploads\/2011\/05\/cropped-logo-bellunopress-.jpg","width":512,"height":512,"caption":"Bellunopress"},"image":{"@id":"https:\/\/www.bellunopress.it\/#\/schema\/logo\/image\/"},"sameAs":["https:\/\/www.facebook.com\/profile.php?id=100008943462799","https:\/\/x.com\/bellunopress","https:\/\/www.linkedin.com\/hp\/?dnr=JBzUWaJfMUw8vbXJJ2tVW5-I3jZKvC4wsoxE&amp;amp;amp;amp;amp;amp;trk=nav_responsive_tab_home","https:\/\/www.youtube.com\/channel\/UCxL0wu1uN0_3_7hGG0306cw"]},{"@type":"Person","@id":"https:\/\/www.bellunopress.it\/#\/schema\/person\/79bb06722b37ece1c03d3e94beb30d73","name":"r\u00e9daction","image":{"@type":"ImageObject","inLanguage":"fr-FR","@id":"https:\/\/secure.gravatar.com\/avatar\/37d968a2e67a6fd04c169c4bdef102d0bc5d31b2546345219e348575eb80e9a0?s=96&d=mm&r=g","url":"https:\/\/secure.gravatar.com\/avatar\/37d968a2e67a6fd04c169c4bdef102d0bc5d31b2546345219e348575eb80e9a0?s=96&d=mm&r=g","contentUrl":"https:\/\/secure.gravatar.com\/avatar\/37d968a2e67a6fd04c169c4bdef102d0bc5d31b2546345219e348575eb80e9a0?s=96&d=mm&r=g","caption":"redazione"},"sameAs":["http:\/\/www.bellunopress.it","https:\/\/x.com\/bellunopress"],"url":"https:\/\/www.bellunopress.it\/fr\/author\/redazione\/"}]}},"_links":{"self":[{"href":"https:\/\/www.bellunopress.it\/fr\/wp-json\/wp\/v2\/posts\/167801","targetHints":{"allow":["GET"]}}],"collection":[{"href":"https:\/\/www.bellunopress.it\/fr\/wp-json\/wp\/v2\/posts"}],"about":[{"href":"https:\/\/www.bellunopress.it\/fr\/wp-json\/wp\/v2\/types\/post"}],"author":[{"embeddable":true,"href":"https:\/\/www.bellunopress.it\/fr\/wp-json\/wp\/v2\/users\/2"}],"replies":[{"embeddable":true,"href":"https:\/\/www.bellunopress.it\/fr\/wp-json\/wp\/v2\/comments?post=167801"}],"version-history":[{"count":1,"href":"https:\/\/www.bellunopress.it\/fr\/wp-json\/wp\/v2\/posts\/167801\/revisions"}],"predecessor-version":[{"id":167803,"href":"https:\/\/www.bellunopress.it\/fr\/wp-json\/wp\/v2\/posts\/167801\/revisions\/167803"}],"wp:featuredmedia":[{"embeddable":true,"href":"https:\/\/www.bellunopress.it\/fr\/wp-json\/wp\/v2\/media\/167802"}],"wp:attachment":[{"href":"https:\/\/www.bellunopress.it\/fr\/wp-json\/wp\/v2\/media?parent=167801"}],"wp:term":[{"taxonomy":"category","embeddable":true,"href":"https:\/\/www.bellunopress.it\/fr\/wp-json\/wp\/v2\/categories?post=167801"},{"taxonomy":"post_tag","embeddable":true,"href":"https:\/\/www.bellunopress.it\/fr\/wp-json\/wp\/v2\/tags?post=167801"}],"curies":[{"name":"wp","href":"https:\/\/api.w.org\/{rel}","templated":true}]}}